{"id":62403,"date":"2021-04-14T03:46:52","date_gmt":"2021-04-14T08:46:52","guid":{"rendered":"https:\/\/akunq.net\/tr\/?p=62403"},"modified":"2021-04-14T03:46:52","modified_gmt":"2021-04-14T08:46:52","slug":"fransiz-bakan-beaune-turkiyeye-karsi-yaptirim-tehdidinde-bulundu","status":"publish","type":"post","link":"https:\/\/akunq.net\/tr\/?p=62403","title":{"rendered":"Frans\u0131z Bakan Beaune, T\u00fcrkiye\u2019ye kar\u015f\u0131 yapt\u0131r\u0131m tehdidinde bulundu"},"content":{"rendered":"<p><img loading=\"lazy\" decoding=\"async\" class=\"aligncenter size-medium wp-image-62404\" src=\"https:\/\/akunq.net\/tr\/wp-content\/uploads\/2021\/04\/Avrupa-Birligi-360x203.jpg\" alt=\"\" width=\"360\" height=\"203\" srcset=\"https:\/\/akunq.net\/tr\/wp-content\/uploads\/sites\/6\/2021\/04\/Avrupa-Birligi-360x203.jpg 360w, https:\/\/akunq.net\/tr\/wp-content\/uploads\/sites\/6\/2021\/04\/Avrupa-Birligi-768x432.jpg 768w, https:\/\/akunq.net\/tr\/wp-content\/uploads\/sites\/6\/2021\/04\/Avrupa-Birligi-560x315.jpg 560w, https:\/\/akunq.net\/tr\/wp-content\/uploads\/sites\/6\/2021\/04\/Avrupa-Birligi-260x146.jpg 260w, https:\/\/akunq.net\/tr\/wp-content\/uploads\/sites\/6\/2021\/04\/Avrupa-Birligi-160x90.jpg 160w, https:\/\/akunq.net\/tr\/wp-content\/uploads\/sites\/6\/2021\/04\/Avrupa-Birligi.jpg 865w\" sizes=\"auto, (max-width: 360px) 100vw, 360px\" \/><\/p>\n<p class=\"spot\"><em><strong>Fransa&#8217;n\u0131n Avrupa \u0130\u015flerinden Sorumlu Devlet Bakan\u0131 Clement Beaune, Ankara\u2019da AB heyetiyle ya\u015fanan koltuk krizinde T\u00fcrkiye\u2019ye su\u00e7lad\u0131. Fransa Ulusal Meclisi\u2019ndeki konu\u015fmas\u0131nda ise Do\u011fu Akdeniz sebebiyle Avrupa Birli\u011fi (AB) \u00fclkelerinin yapt\u0131r\u0131m uygulayaca\u011f\u0131n\u0131 belirtti.<\/strong><\/em><\/p>\n<div id=\"share-bar\" class=\"\">\n<div class=\"share\"><\/div>\n<\/div>\n<div class=\"haberMetni\">\n<p>AKP\u2019li Cumhurba\u015fkan\u0131 Erdo\u011fan\u2019la Ankara\u2019da g\u00f6r\u00fc\u015fen AB heyetinden Avrupa Komisyonu Ba\u015fkan\u0131 Ursula von der Leyen\u2019in k\u0131sa s\u00fcreli ayakta kald\u0131\u011f\u0131 g\u00f6r\u00fcnt\u00fclerin ard\u0131ndan \u2018koltuk krizi\u2019 meydana gelmi\u015f ve T\u00fcrkiye\u2019ye su\u00e7lamalar y\u00f6netilmi\u015fti.<\/p>\n<p><strong>RTL televizyonuna konu\u015fan Fransa&#8217;n\u0131n Avrupa \u0130li\u015fkileri Bakan\u0131 Clement Beaune ise T\u00fcrkiye\u2019yi su\u00e7layan bir a\u00e7\u0131klamada bulundu.<\/strong><\/p>\n<p>Beaune,\u00a0<span style=\"text-decoration: underline;\">\u201cT\u00fcrkiye k\u00f6t\u00fc davrand\u0131. Bize kar\u015f\u0131 yap\u0131lm\u0131\u015f kas\u0131tl\u0131 bir sorun. Br\u00fcksel, AB liderleri aras\u0131nda su\u00e7u k\u00f6r\u00fcklememeli\u201d<\/span>\u00a0dedi.<\/p>\n<p>AB Konseyi Ba\u015fkan\u0131 Charles Michel, protokol krizinin ard\u0131ndan yapt\u0131\u011f\u0131 son a\u00e7\u0131klamada, &#8220;O g\u00fcnden beri geceleri iyi uyuyam\u0131yorum \u00e7\u00fcnk\u00fc sahneler kafamda tekrar tekrar canlan\u0131yor&#8221; demi\u015fti.<\/p>\n<h3><strong>\u201cYAPTIRIM DAH\u0130L TEDB\u0130RLER HAZIR\u201d<\/strong><\/h3>\n<p>Beaune, Fransa Ulusal Meclisi\u2019ndeki konu\u015fmas\u0131nda ise \u201cT\u00fcrkiye\u2019nin Do\u011fu Akdeniz ve di\u011fer b\u00f6lgelerde sald\u0131rgan davran\u0131\u015f bi\u00e7imini se\u00e7mesi durumunda Avrupa Birli\u011fi (AB) \u00fclkelerinin yapt\u0131r\u0131m uygulayaca\u011f\u0131n\u0131\u201d belirtti. Frans\u0131z Bakan, \u201cAvrupa\u2019y\u0131 T\u00fcrkiye\u2019ye y\u00f6nelik sa\u011flam, birle\u015fik ve net \u00e7izgi sergilemeye zorlad\u0131k. Gerilim aram\u0131yoruz ama \u00e7\u0131karlar\u0131m\u0131z\u0131 savunuyoruz\u201d ifadesini kulland\u0131.<\/p>\n<p>\u201cT\u00fcrkiye, gerilimi azaltma yolunu mu takip edece\u011fi, yoksa sald\u0131rgan \u00e7izgiye ba\u011fl\u0131 kalaca\u011f\u0131 aras\u0131nda se\u00e7im yapmal\u0131\u201d diyen Beaune, ikinci se\u00e7enekte AB\u2019nin tepki vermeye haz\u0131r oldu\u011funu belirterek, \u201cGerekirse yapt\u0131r\u0131m dahil tedbirleri haz\u0131rlad\u0131k\u201d dedi.<\/p>\n<p><em><strong>Kaynak: Sputnik\/AFP<\/strong><\/em><\/p>\n<p><em><strong>https:\/\/www.cumhuriyet.com.tr\/haber\/fransiz-bakan-beaune-turkiyeye-karsi-yaptirim-tehdidinde-bulundu-1828007\u00a0<\/strong><\/em><\/p>\n<\/div>\n","protected":false},"excerpt":{"rendered":"<p>Fransa&#8217;n\u0131n Avrupa \u0130\u015flerinden Sorumlu Devlet Bakan\u0131 Clement Beaune, Ankara\u2019da AB heyetiyle ya\u015fanan koltuk krizinde T\u00fcrkiye\u2019ye su\u00e7lad\u0131. Fransa Ulusal Meclisi\u2019ndeki konu\u015fmas\u0131nda ise Do\u011fu Akdeniz sebebiyle Avrupa Birli\u011fi (AB) \u00fclkelerinin yapt\u0131r\u0131m uygulayaca\u011f\u0131n\u0131 belirtti. AKP\u2019li Cumhurba\u015fkan\u0131 Erdo\u011fan\u2019la Ankara\u2019da g\u00f6r\u00fc\u015fen AB heyetinden Avrupa Komisyonu Ba\u015fkan\u0131 Ursula von der Leyen\u2019in k\u0131sa s\u00fcreli ayakta kald\u0131\u011f\u0131 g\u00f6r\u00fcnt\u00fclerin ard\u0131ndan \u2018koltuk krizi\u2019 meydana gelmi\u015f [&hellip;]<\/p>\n","protected":false},"author":7,"featured_media":62404,"comment_status":"open","ping_status":"open","sticky":false,"template":"","format":"standard","meta":{"footnotes":""},"categories":[1],"tags":[],"class_list":["post-62403","post","type-post","status-publish","format-standard","has-post-thumbnail","hentry","category-haberler"],"yoast_head":"<!-- This site is optimized with the Yoast SEO plugin v27.4 - https:\/\/yoast.com\/product\/yoast-seo-wordpress\/ -->\n<title>Frans\u0131z Bakan Beaune, T\u00fcrkiye\u2019ye kar\u015f\u0131 yapt\u0131r\u0131m tehdidinde bulundu - Bati Ermenistan Ve Bati Ermenileri Sorunlari Ara\u015ftirmalar Merkezi<\/title>\n<meta name=\"robots\" content=\"index, follow, max-snippet:-1, max-image-preview:large, max-video-preview:-1\" \/>\n<link rel=\"canonical\" href=\"https:\/\/akunq.net\/tr\/?p=62403\" \/>\n<meta property=\"og:locale\" content=\"en_US\" \/>\n<meta property=\"og:type\" content=\"article\" \/>\n<meta property=\"og:title\" content=\"Frans\u0131z Bakan Beaune, T\u00fcrkiye\u2019ye kar\u015f\u0131 yapt\u0131r\u0131m tehdidinde bulundu - Bati Ermenistan Ve Bati Ermenileri Sorunlari Ara\u015ftirmalar Merkezi\" \/>\n<meta property=\"og:description\" content=\"Fransa&#8217;n\u0131n Avrupa \u0130\u015flerinden Sorumlu Devlet Bakan\u0131 Clement Beaune, Ankara\u2019da AB heyetiyle ya\u015fanan koltuk krizinde T\u00fcrkiye\u2019ye su\u00e7lad\u0131. Fransa Ulusal Meclisi\u2019ndeki konu\u015fmas\u0131nda ise Do\u011fu Akdeniz sebebiyle Avrupa Birli\u011fi (AB) \u00fclkelerinin yapt\u0131r\u0131m uygulayaca\u011f\u0131n\u0131 belirtti. AKP\u2019li Cumhurba\u015fkan\u0131 Erdo\u011fan\u2019la Ankara\u2019da g\u00f6r\u00fc\u015fen AB heyetinden Avrupa Komisyonu Ba\u015fkan\u0131 Ursula von der Leyen\u2019in k\u0131sa s\u00fcreli ayakta kald\u0131\u011f\u0131 g\u00f6r\u00fcnt\u00fclerin ard\u0131ndan \u2018koltuk krizi\u2019 meydana gelmi\u015f [&hellip;]\" \/>\n<meta property=\"og:url\" content=\"https:\/\/akunq.net\/tr\/?p=62403\" \/>\n<meta property=\"og:site_name\" content=\"Bati Ermenistan Ve Bati Ermenileri Sorunlari Ara\u015ftirmalar Merkezi\" \/>\n<meta property=\"article:published_time\" content=\"2021-04-14T08:46:52+00:00\" \/>\n<meta property=\"og:image\" content=\"https:\/\/akunq.net\/tr\/wp-content\/uploads\/sites\/6\/2021\/04\/Avrupa-Birligi.jpg\" \/>\n\t<meta property=\"og:image:width\" content=\"865\" \/>\n\t<meta property=\"og:image:height\" content=\"487\" \/>\n\t<meta property=\"og:image:type\" content=\"image\/jpeg\" \/>\n<meta name=\"author\" content=\"admin\" \/>\n<meta name=\"twitter:card\" content=\"summary_large_image\" \/>\n<meta name=\"twitter:label1\" content=\"Written by\" \/>\n\t<meta name=\"twitter:data1\" content=\"admin\" \/>\n\t<meta name=\"twitter:label2\" content=\"Est. reading time\" \/>\n\t<meta name=\"twitter:data2\" content=\"2 minutes\" \/>\n<script type=\"application\/ld+json\" class=\"yoast-schema-graph\">{\"@context\":\"https:\\\/\\\/schema.org\",\"@graph\":[{\"@type\":\"Article\",\"@id\":\"https:\\\/\\\/akunq.net\\\/tr\\\/?p=62403#article\",\"isPartOf\":{\"@id\":\"https:\\\/\\\/akunq.net\\\/tr\\\/?p=62403\"},\"author\":{\"name\":\"admin\",\"@id\":\"https:\\\/\\\/akunq.net\\\/tr\\\/#\\\/schema\\\/person\\\/096f1d38a12cce57fb855b485ed24c9e\"},\"headline\":\"Frans\u0131z Bakan Beaune, T\u00fcrkiye\u2019ye kar\u015f\u0131 yapt\u0131r\u0131m tehdidinde bulundu\",\"datePublished\":\"2021-04-14T08:46:52+00:00\",\"mainEntityOfPage\":{\"@id\":\"https:\\\/\\\/akunq.net\\\/tr\\\/?p=62403\"},\"wordCount\":315,\"commentCount\":0,\"image\":{\"@id\":\"https:\\\/\\\/akunq.net\\\/tr\\\/?p=62403#primaryimage\"},\"thumbnailUrl\":\"https:\\\/\\\/akunq.net\\\/tr\\\/wp-content\\\/uploads\\\/sites\\\/6\\\/2021\\\/04\\\/Avrupa-Birligi.jpg\",\"articleSection\":[\"Haberler\"],\"inLanguage\":\"en-US\",\"potentialAction\":[{\"@type\":\"CommentAction\",\"name\":\"Comment\",\"target\":[\"https:\\\/\\\/akunq.net\\\/tr\\\/?p=62403#respond\"]}]},{\"@type\":\"WebPage\",\"@id\":\"https:\\\/\\\/akunq.net\\\/tr\\\/?p=62403\",\"url\":\"https:\\\/\\\/akunq.net\\\/tr\\\/?p=62403\",\"name\":\"Frans\u0131z Bakan Beaune, T\u00fcrkiye\u2019ye kar\u015f\u0131 yapt\u0131r\u0131m tehdidinde bulundu - Bati Ermenistan Ve Bati Ermenileri Sorunlari Ara\u015ftirmalar Merkezi\",\"isPartOf\":{\"@id\":\"https:\\\/\\\/akunq.net\\\/tr\\\/#website\"},\"primaryImageOfPage\":{\"@id\":\"https:\\\/\\\/akunq.net\\\/tr\\\/?p=62403#primaryimage\"},\"image\":{\"@id\":\"https:\\\/\\\/akunq.net\\\/tr\\\/?p=62403#primaryimage\"},\"thumbnailUrl\":\"https:\\\/\\\/akunq.net\\\/tr\\\/wp-content\\\/uploads\\\/sites\\\/6\\\/2021\\\/04\\\/Avrupa-Birligi.jpg\",\"datePublished\":\"2021-04-14T08:46:52+00:00\",\"author\":{\"@id\":\"https:\\\/\\\/akunq.net\\\/tr\\\/#\\\/schema\\\/person\\\/096f1d38a12cce57fb855b485ed24c9e\"},\"breadcrumb\":{\"@id\":\"https:\\\/\\\/akunq.net\\\/tr\\\/?p=62403#breadcrumb\"},\"inLanguage\":\"en-US\",\"potentialAction\":[{\"@type\":\"ReadAction\",\"target\":[\"https:\\\/\\\/akunq.net\\\/tr\\\/?p=62403\"]}]},{\"@type\":\"ImageObject\",\"inLanguage\":\"en-US\",\"@id\":\"https:\\\/\\\/akunq.net\\\/tr\\\/?p=62403#primaryimage\",\"url\":\"https:\\\/\\\/akunq.net\\\/tr\\\/wp-content\\\/uploads\\\/sites\\\/6\\\/2021\\\/04\\\/Avrupa-Birligi.jpg\",\"contentUrl\":\"https:\\\/\\\/akunq.net\\\/tr\\\/wp-content\\\/uploads\\\/sites\\\/6\\\/2021\\\/04\\\/Avrupa-Birligi.jpg\",\"width\":865,\"height\":487},{\"@type\":\"BreadcrumbList\",\"@id\":\"https:\\\/\\\/akunq.net\\\/tr\\\/?p=62403#breadcrumb\",\"itemListElement\":[{\"@type\":\"ListItem\",\"position\":1,\"name\":\"Home\",\"item\":\"https:\\\/\\\/akunq.net\\\/tr\"},{\"@type\":\"ListItem\",\"position\":2,\"name\":\"Frans\u0131z Bakan Beaune, T\u00fcrkiye\u2019ye kar\u015f\u0131 yapt\u0131r\u0131m tehdidinde bulundu\"}]},{\"@type\":\"WebSite\",\"@id\":\"https:\\\/\\\/akunq.net\\\/tr\\\/#website\",\"url\":\"https:\\\/\\\/akunq.net\\\/tr\\\/\",\"name\":\"Bati Ermenistan Ve Bati Ermenileri Sorunlari Ara\u015ftirmalar Merkezi\",\"description\":\"\",\"potentialAction\":[{\"@type\":\"SearchAction\",\"target\":{\"@type\":\"EntryPoint\",\"urlTemplate\":\"https:\\\/\\\/akunq.net\\\/tr\\\/?s={search_term_string}\"},\"query-input\":{\"@type\":\"PropertyValueSpecification\",\"valueRequired\":true,\"valueName\":\"search_term_string\"}}],\"inLanguage\":\"en-US\"},{\"@type\":\"Person\",\"@id\":\"https:\\\/\\\/akunq.net\\\/tr\\\/#\\\/schema\\\/person\\\/096f1d38a12cce57fb855b485ed24c9e\",\"name\":\"admin\",\"url\":\"https:\\\/\\\/akunq.net\\\/tr\\\/?author=7\"}]}<\/script>\n<!-- \/ Yoast SEO plugin. -->","yoast_head_json":{"title":"Frans\u0131z Bakan Beaune, T\u00fcrkiye\u2019ye kar\u015f\u0131 yapt\u0131r\u0131m tehdidinde bulundu - Bati Ermenistan Ve Bati Ermenileri Sorunlari Ara\u015ftirmalar Merkezi","robots":{"index":"index","follow":"follow","max-snippet":"max-snippet:-1","max-image-preview":"max-image-preview:large","max-video-preview":"max-video-preview:-1"},"canonical":"https:\/\/akunq.net\/tr\/?p=62403","og_locale":"en_US","og_type":"article","og_title":"Frans\u0131z Bakan Beaune, T\u00fcrkiye\u2019ye kar\u015f\u0131 yapt\u0131r\u0131m tehdidinde bulundu - Bati Ermenistan Ve Bati Ermenileri Sorunlari Ara\u015ftirmalar Merkezi","og_description":"Fransa&#8217;n\u0131n Avrupa \u0130\u015flerinden Sorumlu Devlet Bakan\u0131 Clement Beaune, Ankara\u2019da AB heyetiyle ya\u015fanan koltuk krizinde T\u00fcrkiye\u2019ye su\u00e7lad\u0131. Fransa Ulusal Meclisi\u2019ndeki konu\u015fmas\u0131nda ise Do\u011fu Akdeniz sebebiyle Avrupa Birli\u011fi (AB) \u00fclkelerinin yapt\u0131r\u0131m uygulayaca\u011f\u0131n\u0131 belirtti. AKP\u2019li Cumhurba\u015fkan\u0131 Erdo\u011fan\u2019la Ankara\u2019da g\u00f6r\u00fc\u015fen AB heyetinden Avrupa Komisyonu Ba\u015fkan\u0131 Ursula von der Leyen\u2019in k\u0131sa s\u00fcreli ayakta kald\u0131\u011f\u0131 g\u00f6r\u00fcnt\u00fclerin ard\u0131ndan \u2018koltuk krizi\u2019 meydana gelmi\u015f [&hellip;]","og_url":"https:\/\/akunq.net\/tr\/?p=62403","og_site_name":"Bati Ermenistan Ve Bati Ermenileri Sorunlari Ara\u015ftirmalar Merkezi","article_published_time":"2021-04-14T08:46:52+00:00","og_image":[{"width":865,"height":487,"url":"https:\/\/akunq.net\/tr\/wp-content\/uploads\/sites\/6\/2021\/04\/Avrupa-Birligi.jpg","type":"image\/jpeg"}],"author":"admin","twitter_card":"summary_large_image","twitter_misc":{"Written by":"admin","Est. reading time":"2 minutes"},"schema":{"@context":"https:\/\/schema.org","@graph":[{"@type":"Article","@id":"https:\/\/akunq.net\/tr\/?p=62403#article","isPartOf":{"@id":"https:\/\/akunq.net\/tr\/?p=62403"},"author":{"name":"admin","@id":"https:\/\/akunq.net\/tr\/#\/schema\/person\/096f1d38a12cce57fb855b485ed24c9e"},"headline":"Frans\u0131z Bakan Beaune, T\u00fcrkiye\u2019ye kar\u015f\u0131 yapt\u0131r\u0131m tehdidinde bulundu","datePublished":"2021-04-14T08:46:52+00:00","mainEntityOfPage":{"@id":"https:\/\/akunq.net\/tr\/?p=62403"},"wordCount":315,"commentCount":0,"image":{"@id":"https:\/\/akunq.net\/tr\/?p=62403#primaryimage"},"thumbnailUrl":"https:\/\/akunq.net\/tr\/wp-content\/uploads\/sites\/6\/2021\/04\/Avrupa-Birligi.jpg","articleSection":["Haberler"],"inLanguage":"en-US","potentialAction":[{"@type":"CommentAction","name":"Comment","target":["https:\/\/akunq.net\/tr\/?p=62403#respond"]}]},{"@type":"WebPage","@id":"https:\/\/akunq.net\/tr\/?p=62403","url":"https:\/\/akunq.net\/tr\/?p=62403","name":"Frans\u0131z Bakan Beaune, T\u00fcrkiye\u2019ye kar\u015f\u0131 yapt\u0131r\u0131m tehdidinde bulundu - Bati Ermenistan Ve Bati Ermenileri Sorunlari Ara\u015ftirmalar Merkezi","isPartOf":{"@id":"https:\/\/akunq.net\/tr\/#website"},"primaryImageOfPage":{"@id":"https:\/\/akunq.net\/tr\/?p=62403#primaryimage"},"image":{"@id":"https:\/\/akunq.net\/tr\/?p=62403#primaryimage"},"thumbnailUrl":"https:\/\/akunq.net\/tr\/wp-content\/uploads\/sites\/6\/2021\/04\/Avrupa-Birligi.jpg","datePublished":"2021-04-14T08:46:52+00:00","author":{"@id":"https:\/\/akunq.net\/tr\/#\/schema\/person\/096f1d38a12cce57fb855b485ed24c9e"},"breadcrumb":{"@id":"https:\/\/akunq.net\/tr\/?p=62403#breadcrumb"},"inLanguage":"en-US","potentialAction":[{"@type":"ReadAction","target":["https:\/\/akunq.net\/tr\/?p=62403"]}]},{"@type":"ImageObject","inLanguage":"en-US","@id":"https:\/\/akunq.net\/tr\/?p=62403#primaryimage","url":"https:\/\/akunq.net\/tr\/wp-content\/uploads\/sites\/6\/2021\/04\/Avrupa-Birligi.jpg","contentUrl":"https:\/\/akunq.net\/tr\/wp-content\/uploads\/sites\/6\/2021\/04\/Avrupa-Birligi.jpg","width":865,"height":487},{"@type":"BreadcrumbList","@id":"https:\/\/akunq.net\/tr\/?p=62403#breadcrumb","itemListElement":[{"@type":"ListItem","position":1,"name":"Home","item":"https:\/\/akunq.net\/tr"},{"@type":"ListItem","position":2,"name":"Frans\u0131z Bakan Beaune, T\u00fcrkiye\u2019ye kar\u015f\u0131 yapt\u0131r\u0131m tehdidinde bulundu"}]},{"@type":"WebSite","@id":"https:\/\/akunq.net\/tr\/#website","url":"https:\/\/akunq.net\/tr\/","name":"Bati Ermenistan Ve Bati Ermenileri Sorunlari Ara\u015ftirmalar Merkezi","description":"","potentialAction":[{"@type":"SearchAction","target":{"@type":"EntryPoint","urlTemplate":"https:\/\/akunq.net\/tr\/?s={search_term_string}"},"query-input":{"@type":"PropertyValueSpecification","valueRequired":true,"valueName":"search_term_string"}}],"inLanguage":"en-US"},{"@type":"Person","@id":"https:\/\/akunq.net\/tr\/#\/schema\/person\/096f1d38a12cce57fb855b485ed24c9e","name":"admin","url":"https:\/\/akunq.net\/tr\/?author=7"}]}},"_links":{"self":[{"href":"https:\/\/akunq.net\/tr\/index.php?rest_route=\/wp\/v2\/posts\/62403","targetHints":{"allow":["GET"]}}],"collection":[{"href":"https:\/\/akunq.net\/tr\/index.php?rest_route=\/wp\/v2\/posts"}],"about":[{"href":"https:\/\/akunq.net\/tr\/index.php?rest_route=\/wp\/v2\/types\/post"}],"author":[{"embeddable":true,"href":"https:\/\/akunq.net\/tr\/index.php?rest_route=\/wp\/v2\/users\/7"}],"replies":[{"embeddable":true,"href":"https:\/\/akunq.net\/tr\/index.php?rest_route=%2Fwp%2Fv2%2Fcomments&post=62403"}],"version-history":[{"count":1,"href":"https:\/\/akunq.net\/tr\/index.php?rest_route=\/wp\/v2\/posts\/62403\/revisions"}],"predecessor-version":[{"id":62405,"href":"https:\/\/akunq.net\/tr\/index.php?rest_route=\/wp\/v2\/posts\/62403\/revisions\/62405"}],"wp:featuredmedia":[{"embeddable":true,"href":"https:\/\/akunq.net\/tr\/index.php?rest_route=\/wp\/v2\/media\/62404"}],"wp:attachment":[{"href":"https:\/\/akunq.net\/tr\/index.php?rest_route=%2Fwp%2Fv2%2Fmedia&parent=62403"}],"wp:term":[{"taxonomy":"category","embeddable":true,"href":"https:\/\/akunq.net\/tr\/index.php?rest_route=%2Fwp%2Fv2%2Fcategories&post=62403"},{"taxonomy":"post_tag","embeddable":true,"href":"https:\/\/akunq.net\/tr\/index.php?rest_route=%2Fwp%2Fv2%2Ftags&post=62403"}],"curies":[{"name":"wp","href":"https:\/\/api.w.org\/{rel}","templated":true}]}}