{"id":62394,"date":"2021-04-14T02:27:23","date_gmt":"2021-04-14T07:27:23","guid":{"rendered":"https:\/\/akunq.net\/tr\/?p=62394"},"modified":"2021-04-14T02:27:23","modified_gmt":"2021-04-14T07:27:23","slug":"gavur","status":"publish","type":"post","link":"https:\/\/akunq.net\/tr\/?p=62394","title":{"rendered":"\u201cG\u00e2vur\u201d"},"content":{"rendered":"<p><img loading=\"lazy\" decoding=\"async\" class=\"aligncenter size-medium wp-image-62395\" src=\"https:\/\/akunq.net\/tr\/wp-content\/uploads\/2021\/04\/Emin-\u00c7\u00f6la\u015fan-246x270.png\" alt=\"\" width=\"246\" height=\"270\" srcset=\"https:\/\/akunq.net\/tr\/wp-content\/uploads\/sites\/6\/2021\/04\/Emin-\u00c7\u00f6la\u015fan-246x270.png 246w, https:\/\/akunq.net\/tr\/wp-content\/uploads\/sites\/6\/2021\/04\/Emin-\u00c7\u00f6la\u015fan-560x614.png 560w, https:\/\/akunq.net\/tr\/wp-content\/uploads\/sites\/6\/2021\/04\/Emin-\u00c7\u00f6la\u015fan-260x285.png 260w, https:\/\/akunq.net\/tr\/wp-content\/uploads\/sites\/6\/2021\/04\/Emin-\u00c7\u00f6la\u015fan-160x176.png 160w, https:\/\/akunq.net\/tr\/wp-content\/uploads\/sites\/6\/2021\/04\/Emin-\u00c7\u00f6la\u015fan.png 598w\" sizes=\"auto, (max-width: 246px) 100vw, 246px\" \/><\/p>\n<p><strong><a href=\"safari-reader:\/\/www.sozcu.com.tr\/kategori\/yazarlar\/emin-colasan\/?utm_source=yazardetay&amp;utm_medium=free&amp;utm_campaign=yazar_tumyazilar\">Emin \u00c7\u00f6la\u015fan<\/a><\/strong><\/p>\n<p><strong><em>Sevgili\u00a0okurlar\u0131m, bu s\u00f6zc\u00fc\u011f\u00fcn anlam\u0131n\u0131 hepimiz biliriz ama yine de birka\u00e7 c\u00fcmleyle al\u0131nt\u0131 yapmak istedim\u2026<\/em><\/strong><\/p>\n<p><strong>Google\u00a0<\/strong>s\u00f6zl\u00fc\u011f\u00fcne g\u00f6re \u015f\u00f6yle:<\/p>\n<p><strong>\u201c1- M\u00fcsl\u00fcman olmayan kimse. \u00d6zellikle Hristiyan, Avrupal\u0131, bat\u0131l\u0131.<\/strong><\/p>\n<p><strong>2- Dinsel inanc\u0131 olmayan kimse, dinsiz kimse.\u201d<\/strong><\/p>\n<p><strong>Vikipedi\u2019de\u00a0<\/strong>ise tan\u0131m\u0131 \u015f\u00f6yle:<\/p>\n<p><strong>\u201cG\u00e2vur T\u00fcrk\u00e7ede M\u00fcsl\u00fcman olmayan ki\u015fileri belirtmek i\u00e7in kullan\u0131lan bir s\u0131fatt\u0131r. Osmanl\u0131 d\u00f6neminde Fars\u00e7a gebr s\u00f6zc\u00fc\u011f\u00fcnden T\u00fcrk\u00e7eye girmi\u015f ve bu d\u00f6nemde gayrim\u00fcslimleri, \u00f6zellikle de Rumlar\u0131 nitelemek i\u00e7in kullan\u0131lm\u0131\u015ft\u0131r\u2026<\/strong><\/p>\n<p><strong>1856 y\u0131l\u0131nda ilan edilen Islahat Ferman\u0131 ile birlikte, G\u00e2vur s\u00f6zc\u00fc\u011f\u00fcn\u00fcn de i\u00e7inde bulundu\u011fu pek \u00e7ok k\u00fc\u00e7\u00fck d\u00fc\u015f\u00fcr\u00fcc\u00fc kelime yasaklanm\u0131\u015ft\u0131r.\u00a0<\/strong><\/p>\n<p><strong>S\u00f6zc\u00fck Fars\u00e7adan ilk al\u0131nd\u0131\u011f\u0131nda a\u015fa\u011f\u0131lama ve hor g\u00f6steren bir anlam i\u00e7ermekte iken toplum aras\u0131nda h\u0131zla yay\u0131lm\u0131\u015f, Arap\u00e7a\u00a0<em>k\u00e2fir<\/em>\u00a0s\u00f6zc\u00fc\u011f\u00fc ile e\u015f anlaml\u0131 kullan\u0131lmaya ba\u015flanm\u0131\u015f, hakaret g\u00fcden anlam\u0131n\u0131 b\u00fcy\u00fck oranda korumu\u015ftur.\u201d<\/strong><\/p>\n<p>\u2605\u2605\u2605<\/p>\n<p>G\u00fcnlerden 12 Nisan Pazar\u2026 Yasaklar devrede, kapanma var\u2026 Ve \u00e7o\u011fumuz evlerimizde g\u00fczel g\u00fczel oturmaktay\u0131z\u2026<\/p>\n<p>Ama o ne!..<\/p>\n<p>Bir anda kar\u015f\u0131m\u0131za yine d\u00fcnya liderimiz, b\u00fct\u00fcn d\u00fcnyay\u0131 titreten kimli\u011fi ile\u00a0<strong>Recep\u00a0<\/strong>Bey \u00e7\u0131k\u0131veriyor.<\/p>\n<p>Hay\u0131r yanl\u0131\u015f anlamay\u0131n, evlerimize gelmiyor, televizyon kanallar\u0131nda \u00e7\u0131k\u0131yor\u2026<\/p>\n<p>Ve her zaman oldu\u011fu gibi neredeyse b\u00fct\u00fcn kanallar an\u0131nda\u00a0<strong>canl\u0131 yay\u0131na\u00a0<\/strong>ge\u00e7iyor.<\/p>\n<p>Demek ki b\u00f6ylesine geni\u015f kapsaml\u0131 bir tatil g\u00fcn\u00fcnde bile bize kafa dinlemek yasak!<\/p>\n<p>\u2605\u2605\u2605<\/p>\n<p>Say\u0131n b\u00fcy\u00fck devlet adam\u0131m\u0131z acaba neler s\u00f6yleyecek!..<\/p>\n<p>Ba\u015fl\u0131yor konu\u015fmaya, daha do\u011frusu okumaya:<\/p>\n<p><strong>\u201cG\u00fcya bize muhalefet yapmak ad\u0131na T\u00fcrkiye Cumhuriyeti kimli\u011fine sahip olanlar\u0131n, g\u00e2vurun k\u0131l\u0131c\u0131n\u0131 sallayarak \u00fczerimize geldi\u011fini g\u00f6rd\u00fck\u00e7e \u00fcz\u00fcl\u00fcyoruz\u2026\u201d\u00a0<\/strong><\/p>\n<p><strong>\u201c\u2026Ba\u015far\u0131s\u0131z bat\u0131l\u0131 siyaset\u00e7iler kifayetsizliklerini\u00a0<\/strong>(yetersizliklerini)\u00a0<strong>\u015fahs\u0131ma ve M\u00fcsl\u00fcmanlara sald\u0131rarak kamufle etmek\u00a0<\/strong>(\u00f6rtbas etmek, gizlemek)\u00a0<strong>\u00e7abas\u0131ndalar<\/strong>\u2026<strong>\u201d<\/strong><\/p>\n<p>Ve do\u011fal olarak, her zaman oldu\u011fu gibi\u00a0<strong>CHP\u2019<\/strong>ye de dokunduruyor:<\/p>\n<p><strong>\u201c\u00d6zellikle CHP T\u00fcrkiye kar\u015f\u0131t\u0131 her senaryonun i\u00e7inde yer alarak kendisine yeni bir misyon olu\u015fturmakta.<\/strong><\/p>\n<p><strong>Bug\u00fcn CHP seviyesizli\u011fi, de\u011fersizli\u011fi, l\u00fcmpenli\u011fi, yalan\u0131 ve iftiray\u0131 siyasetin merkezine d\u00f6n\u00fc\u015ft\u00fcrm\u00fc\u015ft\u00fcr.\u201d\u00a0<\/strong><\/p>\n<p>\u2605\u2605\u2605<\/p>\n<p>Birilerini su\u00e7luyor\u2026<\/p>\n<p><strong>\u201cEllerinde g\u00e2vurun k\u0131l\u0131c\u0131yla!..\u201d<\/strong><\/p>\n<p>Asl\u0131nda biliyor ama s\u00f6ylemeye dili varm\u0131yor ki, g\u00e2vurun o k\u0131l\u0131\u00e7lar\u0131 her a\u00e7\u0131dan tam da ba\u015f\u0131m\u0131z\u0131n \u00fczerinde as\u0131l\u0131 duruyor\u2026<\/p>\n<p>Demokles\u2019in k\u0131l\u0131c\u0131 gibi.<\/p>\n<p>Hangi olaya, hangi geli\u015fmeye bakarsak bakal\u0131m, arkas\u0131nda\u00a0<strong>\u201cG\u00e2vur (!)\u201d\u00a0<\/strong>var.<\/p>\n<p>Al\u0131n\u00a0<strong>g\u00e2vurlar toplulu\u011fu\u00a0<\/strong>AB\u2019yi\u2026<\/p>\n<p>Onlara y\u0131llardan beri yalvarm\u0131yor muyuz\u00a0<strong>\u201cAman arkada\u015flar bize bir k\u0131yak yap\u0131n da \u015fu vizeleri biraz olsun kald\u0131r\u0131n\u201d\u00a0<\/strong>diye\u2026<\/p>\n<p>ABD, Rusya, Fransa, \u0130ngiltere, \u0130sve\u00e7, \u0130talya\u2026<\/p>\n<p>Demek ki her birinin elinde\u00a0<strong>g\u00e2vurun k\u0131l\u0131\u00e7lar\u0131\u00a0<\/strong>var\u2026<\/p>\n<p>Ve her biri k\u0131l\u0131\u00e7lar\u0131n\u0131 \u00e7ekmi\u015f,\u00a0<strong>Recep\u00a0<\/strong>Bey\u2019in\u00a0<strong>\u015fahs\u0131na\u00a0<\/strong>ve\u00a0<strong>M\u00fcsl\u00fcmanlara\u00a0<\/strong>sald\u0131rmakta!<\/p>\n<p>Vay bee\u2026<\/p>\n<p>\u2605\u2605\u2605<\/p>\n<p>Ama\u00a0<strong>Recep\u00a0<\/strong>Bey\u2019in amac\u0131 bu s\u00f6zleriyle asl\u0131nda\u00a0<strong>ger\u00e7ek g\u00e2vurlar\u0131\u00a0<\/strong>de\u011fil, yine\u00a0<strong>CHP\u2019<\/strong>yi namlunun ucuna oturtmak:<\/p>\n<p><strong>\u201cG\u00fcya bize muhalefet yapmak ad\u0131na T\u00fcrkiye Cumhuriyeti kimli\u011fine sahip olanlar\u0131n g\u00e2vurun k\u0131l\u0131c\u0131n\u0131 sallayarak \u00fczerimize geldi\u011fini g\u00f6rd\u00fck\u00e7e \u00fcz\u00fcl\u00fcyoruz.\u201d<\/strong><\/p>\n<p>Yani onun bu s\u00f6zlerini duyan bir ki\u015fi e\u011fer uzaydan gelmi\u015f ve T\u00fcrkiye\u2019de olup bitenden habersiz ise sadece CHP de\u011fil d\u00fcnya liderimizi ele\u015ftiren herkesin eline bir\u00a0<strong>g\u00e2vur k\u0131l\u0131c\u0131\u00a0<\/strong>tutu\u015fturulmu\u015f oldu\u011funu kolayca zannedebilir!<\/p>\n<p>Kim taraf\u0131ndan?<\/p>\n<p><strong>Recep Bey\u2019i de pe\u015finden ko\u015fturan dinsiz imans\u0131z d\u0131\u015f g\u00fc\u00e7ler taraf\u0131ndan!<\/strong><\/p>\n<p>\u2605\u2605\u2605<\/p>\n<p>T\u00fcrkiye\u2019den g\u00fcncel bir \u00f6rnek vereyim\u2026<\/p>\n<p>\u00d6zellikle Orta Anadolu b\u00f6lgesinde patates so\u011fan yeti\u015ftiren \u00e7ift\u00e7iler peri\u015fan olmu\u015ftu. Fiyatlar d\u00fc\u015fm\u00fc\u015f, on binlerce ton \u00fcr\u00fcn \u00e7ift\u00e7inin elinde kalm\u0131\u015f ve \u00e7\u00fcr\u00fcmeye terk edilmi\u015fti.<\/p>\n<p>CHP bu konuyu aylarca g\u00fcndeme getirdi, uyard\u0131, elde kalan \u00fcr\u00fcn\u00fcn Toprak Mahsulleri Ofisi taraf\u0131ndan sat\u0131n al\u0131n\u0131p halka \u00fccretsiz da\u011f\u0131t\u0131lmas\u0131 i\u00e7in nice a\u00e7\u0131klamalar yapt\u0131.<\/p>\n<p><strong>Saray ve h\u00fck\u00fcmetten t\u0131k yoktu.\u00a0<\/strong><\/p>\n<p>Sonra g\u00f6rd\u00fcler ki bu i\u015f \u00e7ok ciddidir ve \u00e7ift\u00e7iler neredeyse ayaklanmak \u00fczeredir, karar almak zorunda kald\u0131lar.<\/p>\n<p><strong>Elde kalan patates ve so\u011fanlar devlet taraf\u0131ndan sat\u0131n al\u0131nacak, fakir fukara ahaliye \u00fccretsiz da\u011f\u0131t\u0131lacakt\u0131r.\u00a0<\/strong><\/p>\n<p>Demek ki M\u00fcsl\u00fcman olmayan, dinsel inanc\u0131 olmayan (!) CHP\u2019nin kulland\u0131\u011f\u0131\u00a0<strong>g\u00e2vurun k\u0131l\u0131c\u0131\u00a0<\/strong>bu kez M\u00fcsl\u00fcman Orta Anadolu \u00e7ift\u00e7isini kurtarm\u0131\u015f ve i\u015fe yaram\u0131\u015ft\u0131.<\/p>\n<p>\u2605\u2605\u2605<\/p>\n<p>Sevgili okurlar\u0131m, kar\u015f\u0131m\u0131zda ad\u0131yla san\u0131yla bir cumhurba\u015fkan\u0131 var. Her g\u00fcn \u00e7\u0131k\u0131p nutuklar at\u0131yor ve kusura bakmas\u0131n ama bu konu\u015fmalar\u0131nda s\u0131k s\u0131k\u00a0<strong>anlams\u0131z, gereksiz\u00a0<\/strong>s\u00f6zler s\u00f6yl\u00fcyor, gaflar yap\u0131yor.<\/p>\n<p>\u00c7\u0131kt\u0131\u011f\u0131 k\u00fcrs\u00fclerde irticalen, yani do\u011fa\u00e7lama konu\u015fam\u0131yor.<\/p>\n<p>Her nutuk at\u0131\u015f\u0131nda ayn\u0131 \u015fey oluyor\u2026<\/p>\n<p>Ba\u015fkalar\u0131 taraf\u0131ndan haz\u0131rlanan yaz\u0131l\u0131 metinleri \u00f6n\u00fcndeki elektronik ayg\u0131ttan okuyor.<\/p>\n<p><strong>\u201cG\u00e2vur k\u0131l\u0131c\u0131\u201d\u00a0<\/strong>gibi s\u00f6z ve deyimleri durup dururken onun \u00f6n\u00fcne acaba kimler s\u00fcr\u00fcp s\u00f6yletiyor?<\/p>\n<p><strong>Recep Bey\u2019i asl\u0131nda kendi ekibi, kendi dan\u0131\u015fmanlar\u0131 y\u0131prat\u0131yor.<\/strong><\/p>\n<p><em><strong>https:\/\/hyetert.org\/2021\/04\/13\/gavur\/\u00a0<\/strong><\/em><\/p>\n","protected":false},"excerpt":{"rendered":"<p>Emin \u00c7\u00f6la\u015fan Sevgili\u00a0okurlar\u0131m, bu s\u00f6zc\u00fc\u011f\u00fcn anlam\u0131n\u0131 hepimiz biliriz ama yine de birka\u00e7 c\u00fcmleyle al\u0131nt\u0131 yapmak istedim\u2026 Google\u00a0s\u00f6zl\u00fc\u011f\u00fcne g\u00f6re \u015f\u00f6yle: \u201c1- M\u00fcsl\u00fcman olmayan kimse. \u00d6zellikle Hristiyan, Avrupal\u0131, bat\u0131l\u0131. 2- Dinsel inanc\u0131 olmayan kimse, dinsiz kimse.\u201d Vikipedi\u2019de\u00a0ise tan\u0131m\u0131 \u015f\u00f6yle: \u201cG\u00e2vur T\u00fcrk\u00e7ede M\u00fcsl\u00fcman olmayan ki\u015fileri belirtmek i\u00e7in kullan\u0131lan bir s\u0131fatt\u0131r. Osmanl\u0131 d\u00f6neminde Fars\u00e7a gebr s\u00f6zc\u00fc\u011f\u00fcnden T\u00fcrk\u00e7eye girmi\u015f ve [&hellip;]<\/p>\n","protected":false},"author":7,"featured_media":62395,"comment_status":"open","ping_status":"open","sticky":false,"template":"","format":"standard","meta":{"footnotes":""},"categories":[1,70,53],"tags":[],"class_list":["post-62394","post","type-post","status-publish","format-standard","has-post-thumbnail","hentry","category-haberler","category-makaleler","category-turkiyede-azinliklar"],"yoast_head":"<!-- This site is optimized with the Yoast SEO plugin v27.4 - https:\/\/yoast.com\/product\/yoast-seo-wordpress\/ -->\n<title>\u201cG\u00e2vur\u201d - Bati Ermenistan Ve Bati Ermenileri Sorunlari Ara\u015ftirmalar Merkezi<\/title>\n<meta name=\"robots\" content=\"index, follow, max-snippet:-1, max-image-preview:large, max-video-preview:-1\" \/>\n<link rel=\"canonical\" href=\"https:\/\/akunq.net\/tr\/?p=62394\" \/>\n<meta property=\"og:locale\" content=\"en_US\" \/>\n<meta property=\"og:type\" content=\"article\" \/>\n<meta property=\"og:title\" content=\"\u201cG\u00e2vur\u201d - Bati Ermenistan Ve Bati Ermenileri Sorunlari Ara\u015ftirmalar Merkezi\" \/>\n<meta property=\"og:description\" content=\"Emin \u00c7\u00f6la\u015fan Sevgili\u00a0okurlar\u0131m, bu s\u00f6zc\u00fc\u011f\u00fcn anlam\u0131n\u0131 hepimiz biliriz ama yine de birka\u00e7 c\u00fcmleyle al\u0131nt\u0131 yapmak istedim\u2026 Google\u00a0s\u00f6zl\u00fc\u011f\u00fcne g\u00f6re \u015f\u00f6yle: \u201c1- M\u00fcsl\u00fcman olmayan kimse. \u00d6zellikle Hristiyan, Avrupal\u0131, bat\u0131l\u0131. 2- Dinsel inanc\u0131 olmayan kimse, dinsiz kimse.\u201d Vikipedi\u2019de\u00a0ise tan\u0131m\u0131 \u015f\u00f6yle: \u201cG\u00e2vur T\u00fcrk\u00e7ede M\u00fcsl\u00fcman olmayan ki\u015fileri belirtmek i\u00e7in kullan\u0131lan bir s\u0131fatt\u0131r. Osmanl\u0131 d\u00f6neminde Fars\u00e7a gebr s\u00f6zc\u00fc\u011f\u00fcnden T\u00fcrk\u00e7eye girmi\u015f ve [&hellip;]\" \/>\n<meta property=\"og:url\" content=\"https:\/\/akunq.net\/tr\/?p=62394\" \/>\n<meta property=\"og:site_name\" content=\"Bati Ermenistan Ve Bati Ermenileri Sorunlari Ara\u015ftirmalar Merkezi\" \/>\n<meta property=\"article:published_time\" content=\"2021-04-14T07:27:23+00:00\" \/>\n<meta property=\"og:image\" content=\"https:\/\/akunq.net\/tr\/wp-content\/uploads\/sites\/6\/2021\/04\/Emin-\u00c7\u00f6la\u015fan.png\" \/>\n\t<meta property=\"og:image:width\" content=\"598\" \/>\n\t<meta property=\"og:image:height\" content=\"656\" \/>\n\t<meta property=\"og:image:type\" content=\"image\/png\" \/>\n<meta name=\"author\" content=\"admin\" \/>\n<meta name=\"twitter:card\" content=\"summary_large_image\" \/>\n<meta name=\"twitter:label1\" content=\"Written by\" \/>\n\t<meta name=\"twitter:data1\" content=\"admin\" \/>\n\t<meta name=\"twitter:label2\" content=\"Est. reading time\" \/>\n\t<meta name=\"twitter:data2\" content=\"5 minutes\" \/>\n<script type=\"application\/ld+json\" class=\"yoast-schema-graph\">{\"@context\":\"https:\\\/\\\/schema.org\",\"@graph\":[{\"@type\":\"Article\",\"@id\":\"https:\\\/\\\/akunq.net\\\/tr\\\/?p=62394#article\",\"isPartOf\":{\"@id\":\"https:\\\/\\\/akunq.net\\\/tr\\\/?p=62394\"},\"author\":{\"name\":\"admin\",\"@id\":\"https:\\\/\\\/akunq.net\\\/tr\\\/#\\\/schema\\\/person\\\/096f1d38a12cce57fb855b485ed24c9e\"},\"headline\":\"\u201cG\u00e2vur\u201d\",\"datePublished\":\"2021-04-14T07:27:23+00:00\",\"mainEntityOfPage\":{\"@id\":\"https:\\\/\\\/akunq.net\\\/tr\\\/?p=62394\"},\"wordCount\":932,\"commentCount\":0,\"image\":{\"@id\":\"https:\\\/\\\/akunq.net\\\/tr\\\/?p=62394#primaryimage\"},\"thumbnailUrl\":\"https:\\\/\\\/akunq.net\\\/tr\\\/wp-content\\\/uploads\\\/sites\\\/6\\\/2021\\\/04\\\/Emin-\u00c7\u00f6la\u015fan.png\",\"articleSection\":[\"Haberler\",\"Makaleler\",\"T\u00fcrkiye\u2019de Az\u0131nl\u0131klar\"],\"inLanguage\":\"en-US\",\"potentialAction\":[{\"@type\":\"CommentAction\",\"name\":\"Comment\",\"target\":[\"https:\\\/\\\/akunq.net\\\/tr\\\/?p=62394#respond\"]}]},{\"@type\":\"WebPage\",\"@id\":\"https:\\\/\\\/akunq.net\\\/tr\\\/?p=62394\",\"url\":\"https:\\\/\\\/akunq.net\\\/tr\\\/?p=62394\",\"name\":\"\u201cG\u00e2vur\u201d - Bati Ermenistan Ve Bati Ermenileri Sorunlari Ara\u015ftirmalar Merkezi\",\"isPartOf\":{\"@id\":\"https:\\\/\\\/akunq.net\\\/tr\\\/#website\"},\"primaryImageOfPage\":{\"@id\":\"https:\\\/\\\/akunq.net\\\/tr\\\/?p=62394#primaryimage\"},\"image\":{\"@id\":\"https:\\\/\\\/akunq.net\\\/tr\\\/?p=62394#primaryimage\"},\"thumbnailUrl\":\"https:\\\/\\\/akunq.net\\\/tr\\\/wp-content\\\/uploads\\\/sites\\\/6\\\/2021\\\/04\\\/Emin-\u00c7\u00f6la\u015fan.png\",\"datePublished\":\"2021-04-14T07:27:23+00:00\",\"author\":{\"@id\":\"https:\\\/\\\/akunq.net\\\/tr\\\/#\\\/schema\\\/person\\\/096f1d38a12cce57fb855b485ed24c9e\"},\"breadcrumb\":{\"@id\":\"https:\\\/\\\/akunq.net\\\/tr\\\/?p=62394#breadcrumb\"},\"inLanguage\":\"en-US\",\"potentialAction\":[{\"@type\":\"ReadAction\",\"target\":[\"https:\\\/\\\/akunq.net\\\/tr\\\/?p=62394\"]}]},{\"@type\":\"ImageObject\",\"inLanguage\":\"en-US\",\"@id\":\"https:\\\/\\\/akunq.net\\\/tr\\\/?p=62394#primaryimage\",\"url\":\"https:\\\/\\\/akunq.net\\\/tr\\\/wp-content\\\/uploads\\\/sites\\\/6\\\/2021\\\/04\\\/Emin-\u00c7\u00f6la\u015fan.png\",\"contentUrl\":\"https:\\\/\\\/akunq.net\\\/tr\\\/wp-content\\\/uploads\\\/sites\\\/6\\\/2021\\\/04\\\/Emin-\u00c7\u00f6la\u015fan.png\",\"width\":598,\"height\":656},{\"@type\":\"BreadcrumbList\",\"@id\":\"https:\\\/\\\/akunq.net\\\/tr\\\/?p=62394#breadcrumb\",\"itemListElement\":[{\"@type\":\"ListItem\",\"position\":1,\"name\":\"Home\",\"item\":\"https:\\\/\\\/akunq.net\\\/tr\"},{\"@type\":\"ListItem\",\"position\":2,\"name\":\"\u201cG\u00e2vur\u201d\"}]},{\"@type\":\"WebSite\",\"@id\":\"https:\\\/\\\/akunq.net\\\/tr\\\/#website\",\"url\":\"https:\\\/\\\/akunq.net\\\/tr\\\/\",\"name\":\"Bati Ermenistan Ve Bati Ermenileri Sorunlari Ara\u015ftirmalar Merkezi\",\"description\":\"\",\"potentialAction\":[{\"@type\":\"SearchAction\",\"target\":{\"@type\":\"EntryPoint\",\"urlTemplate\":\"https:\\\/\\\/akunq.net\\\/tr\\\/?s={search_term_string}\"},\"query-input\":{\"@type\":\"PropertyValueSpecification\",\"valueRequired\":true,\"valueName\":\"search_term_string\"}}],\"inLanguage\":\"en-US\"},{\"@type\":\"Person\",\"@id\":\"https:\\\/\\\/akunq.net\\\/tr\\\/#\\\/schema\\\/person\\\/096f1d38a12cce57fb855b485ed24c9e\",\"name\":\"admin\",\"url\":\"https:\\\/\\\/akunq.net\\\/tr\\\/?author=7\"}]}<\/script>\n<!-- \/ Yoast SEO plugin. -->","yoast_head_json":{"title":"\u201cG\u00e2vur\u201d - Bati Ermenistan Ve Bati Ermenileri Sorunlari Ara\u015ftirmalar Merkezi","robots":{"index":"index","follow":"follow","max-snippet":"max-snippet:-1","max-image-preview":"max-image-preview:large","max-video-preview":"max-video-preview:-1"},"canonical":"https:\/\/akunq.net\/tr\/?p=62394","og_locale":"en_US","og_type":"article","og_title":"\u201cG\u00e2vur\u201d - Bati Ermenistan Ve Bati Ermenileri Sorunlari Ara\u015ftirmalar Merkezi","og_description":"Emin \u00c7\u00f6la\u015fan Sevgili\u00a0okurlar\u0131m, bu s\u00f6zc\u00fc\u011f\u00fcn anlam\u0131n\u0131 hepimiz biliriz ama yine de birka\u00e7 c\u00fcmleyle al\u0131nt\u0131 yapmak istedim\u2026 Google\u00a0s\u00f6zl\u00fc\u011f\u00fcne g\u00f6re \u015f\u00f6yle: \u201c1- M\u00fcsl\u00fcman olmayan kimse. \u00d6zellikle Hristiyan, Avrupal\u0131, bat\u0131l\u0131. 2- Dinsel inanc\u0131 olmayan kimse, dinsiz kimse.\u201d Vikipedi\u2019de\u00a0ise tan\u0131m\u0131 \u015f\u00f6yle: \u201cG\u00e2vur T\u00fcrk\u00e7ede M\u00fcsl\u00fcman olmayan ki\u015fileri belirtmek i\u00e7in kullan\u0131lan bir s\u0131fatt\u0131r. Osmanl\u0131 d\u00f6neminde Fars\u00e7a gebr s\u00f6zc\u00fc\u011f\u00fcnden T\u00fcrk\u00e7eye girmi\u015f ve [&hellip;]","og_url":"https:\/\/akunq.net\/tr\/?p=62394","og_site_name":"Bati Ermenistan Ve Bati Ermenileri Sorunlari Ara\u015ftirmalar Merkezi","article_published_time":"2021-04-14T07:27:23+00:00","og_image":[{"width":598,"height":656,"url":"https:\/\/akunq.net\/tr\/wp-content\/uploads\/sites\/6\/2021\/04\/Emin-\u00c7\u00f6la\u015fan.png","type":"image\/png"}],"author":"admin","twitter_card":"summary_large_image","twitter_misc":{"Written by":"admin","Est. reading time":"5 minutes"},"schema":{"@context":"https:\/\/schema.org","@graph":[{"@type":"Article","@id":"https:\/\/akunq.net\/tr\/?p=62394#article","isPartOf":{"@id":"https:\/\/akunq.net\/tr\/?p=62394"},"author":{"name":"admin","@id":"https:\/\/akunq.net\/tr\/#\/schema\/person\/096f1d38a12cce57fb855b485ed24c9e"},"headline":"\u201cG\u00e2vur\u201d","datePublished":"2021-04-14T07:27:23+00:00","mainEntityOfPage":{"@id":"https:\/\/akunq.net\/tr\/?p=62394"},"wordCount":932,"commentCount":0,"image":{"@id":"https:\/\/akunq.net\/tr\/?p=62394#primaryimage"},"thumbnailUrl":"https:\/\/akunq.net\/tr\/wp-content\/uploads\/sites\/6\/2021\/04\/Emin-\u00c7\u00f6la\u015fan.png","articleSection":["Haberler","Makaleler","T\u00fcrkiye\u2019de Az\u0131nl\u0131klar"],"inLanguage":"en-US","potentialAction":[{"@type":"CommentAction","name":"Comment","target":["https:\/\/akunq.net\/tr\/?p=62394#respond"]}]},{"@type":"WebPage","@id":"https:\/\/akunq.net\/tr\/?p=62394","url":"https:\/\/akunq.net\/tr\/?p=62394","name":"\u201cG\u00e2vur\u201d - Bati Ermenistan Ve Bati Ermenileri Sorunlari Ara\u015ftirmalar Merkezi","isPartOf":{"@id":"https:\/\/akunq.net\/tr\/#website"},"primaryImageOfPage":{"@id":"https:\/\/akunq.net\/tr\/?p=62394#primaryimage"},"image":{"@id":"https:\/\/akunq.net\/tr\/?p=62394#primaryimage"},"thumbnailUrl":"https:\/\/akunq.net\/tr\/wp-content\/uploads\/sites\/6\/2021\/04\/Emin-\u00c7\u00f6la\u015fan.png","datePublished":"2021-04-14T07:27:23+00:00","author":{"@id":"https:\/\/akunq.net\/tr\/#\/schema\/person\/096f1d38a12cce57fb855b485ed24c9e"},"breadcrumb":{"@id":"https:\/\/akunq.net\/tr\/?p=62394#breadcrumb"},"inLanguage":"en-US","potentialAction":[{"@type":"ReadAction","target":["https:\/\/akunq.net\/tr\/?p=62394"]}]},{"@type":"ImageObject","inLanguage":"en-US","@id":"https:\/\/akunq.net\/tr\/?p=62394#primaryimage","url":"https:\/\/akunq.net\/tr\/wp-content\/uploads\/sites\/6\/2021\/04\/Emin-\u00c7\u00f6la\u015fan.png","contentUrl":"https:\/\/akunq.net\/tr\/wp-content\/uploads\/sites\/6\/2021\/04\/Emin-\u00c7\u00f6la\u015fan.png","width":598,"height":656},{"@type":"BreadcrumbList","@id":"https:\/\/akunq.net\/tr\/?p=62394#breadcrumb","itemListElement":[{"@type":"ListItem","position":1,"name":"Home","item":"https:\/\/akunq.net\/tr"},{"@type":"ListItem","position":2,"name":"\u201cG\u00e2vur\u201d"}]},{"@type":"WebSite","@id":"https:\/\/akunq.net\/tr\/#website","url":"https:\/\/akunq.net\/tr\/","name":"Bati Ermenistan Ve Bati Ermenileri Sorunlari Ara\u015ftirmalar Merkezi","description":"","potentialAction":[{"@type":"SearchAction","target":{"@type":"EntryPoint","urlTemplate":"https:\/\/akunq.net\/tr\/?s={search_term_string}"},"query-input":{"@type":"PropertyValueSpecification","valueRequired":true,"valueName":"search_term_string"}}],"inLanguage":"en-US"},{"@type":"Person","@id":"https:\/\/akunq.net\/tr\/#\/schema\/person\/096f1d38a12cce57fb855b485ed24c9e","name":"admin","url":"https:\/\/akunq.net\/tr\/?author=7"}]}},"_links":{"self":[{"href":"https:\/\/akunq.net\/tr\/index.php?rest_route=\/wp\/v2\/posts\/62394","targetHints":{"allow":["GET"]}}],"collection":[{"href":"https:\/\/akunq.net\/tr\/index.php?rest_route=\/wp\/v2\/posts"}],"about":[{"href":"https:\/\/akunq.net\/tr\/index.php?rest_route=\/wp\/v2\/types\/post"}],"author":[{"embeddable":true,"href":"https:\/\/akunq.net\/tr\/index.php?rest_route=\/wp\/v2\/users\/7"}],"replies":[{"embeddable":true,"href":"https:\/\/akunq.net\/tr\/index.php?rest_route=%2Fwp%2Fv2%2Fcomments&post=62394"}],"version-history":[{"count":1,"href":"https:\/\/akunq.net\/tr\/index.php?rest_route=\/wp\/v2\/posts\/62394\/revisions"}],"predecessor-version":[{"id":62396,"href":"https:\/\/akunq.net\/tr\/index.php?rest_route=\/wp\/v2\/posts\/62394\/revisions\/62396"}],"wp:featuredmedia":[{"embeddable":true,"href":"https:\/\/akunq.net\/tr\/index.php?rest_route=\/wp\/v2\/media\/62395"}],"wp:attachment":[{"href":"https:\/\/akunq.net\/tr\/index.php?rest_route=%2Fwp%2Fv2%2Fmedia&parent=62394"}],"wp:term":[{"taxonomy":"category","embeddable":true,"href":"https:\/\/akunq.net\/tr\/index.php?rest_route=%2Fwp%2Fv2%2Fcategories&post=62394"},{"taxonomy":"post_tag","embeddable":true,"href":"https:\/\/akunq.net\/tr\/index.php?rest_route=%2Fwp%2Fv2%2Ftags&post=62394"}],"curies":[{"name":"wp","href":"https:\/\/api.w.org\/{rel}","templated":true}]}}