{"id":62385,"date":"2021-04-14T01:58:02","date_gmt":"2021-04-14T06:58:02","guid":{"rendered":"https:\/\/akunq.net\/tr\/?p=62385"},"modified":"2021-04-14T01:58:02","modified_gmt":"2021-04-14T06:58:02","slug":"aihmden-ahmet-altan-karari","status":"publish","type":"post","link":"https:\/\/akunq.net\/tr\/?p=62385","title":{"rendered":"A\u0130HM\u2019den Ahmet Altan karar\u0131"},"content":{"rendered":"<p class=\"intro\"><strong><em>A\u0130HM, Ahmet Altan\u2019\u0131n darbe giri\u015fimi sonras\u0131 ge\u00e7ici tutukluluk s\u00fcrecini hak ihlali olarak de\u011ferlendirdi, ancak Altan\u2019\u0131n \u201csiyasi\u201d nedenlerle tutukland\u0131\u011f\u0131 tezini reddetti.<\/em><\/strong><\/p>\n<div id=\"sharing-bar\" class=\"min\"><span dir=\"ltr\">\u00a0<\/span><span dir=\"ltr\">\u00a0<\/span><span dir=\"ltr\">\u00a0<\/span><span dir=\"ltr\">\u00a0<\/span><\/div>\n<div class=\"picBox full\"><a class=\"overlayLink init\" href=\"https:\/\/www.dw.com\/tr\/aihmden-ahmet-altan-karar%C4%B1\/a-57179600#\" rel=\"nofollow\"><img decoding=\"async\" title=\"default\" src=\"https:\/\/static.dw.com\/image\/51112926_303.jpg\" alt=\"default\" \/><\/a><\/div>\n<div class=\"group\">\n<div class=\"longText\">\n<p>Avrupa \u0130nsan Haklar\u0131 Mahkemesi (A\u0130HM) gazeteci-yazar Ahmet Altan\u2019\u0131n 15 Temmuz darbe giri\u015fimi sonras\u0131 \u201cter\u00f6r \u00f6rg\u00fct\u00fc \u00fcyesi oldu\u011fu\u201d gerek\u00e7esi temelindeki ge\u00e7ici tutukluluk s\u00fcrecinde meydana geldi\u011fi ileri s\u00fcr\u00fclen hak ihlali iddialar\u0131 davas\u0131nda karar\u0131n\u0131 a\u00e7\u0131klad\u0131. Mahkeme, Altan\u2019\u0131n, Avrupa \u0130nsan Haklar\u0131 S\u00f6zle\u015fmesi (A\u0130HS) ile g\u00fcvence alt\u0131nda olan \u201c\u00f6zg\u00fcrl\u00fck ve g\u00fcvenlik\u201d ve \u201cifade \u00f6zg\u00fcrl\u00fc\u011f\u00fc\u201d haklar\u0131n\u0131n ihlal edildi\u011fi sonucuna vard\u0131. Buna kar\u015f\u0131l\u0131k, Altan\u2019\u0131n \u201csiyasi gerek\u00e7eyle tutukland\u0131\u011f\u0131\u201d tezini kabul etmedi.<\/p>\n<p>Ahmet Altan\u2019\u0131n Cumhurba\u015fkan\u0131na y\u00f6nelik ele\u015ftirilerinin \u201cdarbe giri\u015fiminden haberdar olmu\u015f oldu\u011fu\u201d anlam\u0131na gelemeyece\u011fini belirten A\u0130HM, T\u00fcrk yarg\u0131s\u0131 taraf\u0131ndan y\u00fcr\u00fct\u00fclen bu mant\u0131\u011f\u0131n \u201ckabul edilebilir bir de\u011ferlendirme olamayaca\u011f\u0131\u201d sonucuna vard\u0131. Altan\u2019\u0131n, ge\u00e7mi\u015fte y\u00f6neticisi oldu\u011fu Taraf gazetesindeki yaz\u0131lar\u0131n\u0131n, hakk\u0131nda ge\u00e7ici tutuklama karar\u0131 verilmesini me\u015fru k\u0131lamayaca\u011f\u0131n\u0131 belirten A\u0130HM, dosyada Ahmet Altan\u2019a y\u00f6neltilen su\u00e7lar\u0131n i\u015flendi\u011fini g\u00f6steren \u201cmakul \u015f\u00fcpheye dayal\u0131 hi\u00e7bir bulguya rastlanamad\u0131\u011f\u0131n\u0131\u201d kaydetti. Bu tespitlerden yola \u00e7\u0131kan Mahkeme, A\u0130HS\u2019nin \u00f6zg\u00fcrl\u00fck ve g\u00fcvenlik hakk\u0131yla ilgili 5\u2019inci maddesinin 1\u2019inci f\u0131kras\u0131n\u0131n ihlal edildi\u011fine h\u00fckmetti.<\/p>\n<p>Mahkeme, soru\u015fturma dosyas\u0131na eri\u015fimi geciktirilen Ahmet Altan\u2019\u0131n, mahkeme \u00f6n\u00fcnde hakk\u0131ndaki iddialara kar\u015f\u0131 \u00e7\u0131kma olana\u011f\u0131n\u0131n k\u0131s\u0131tland\u0131\u011f\u0131n\u0131 da belirtti, bu durumu A\u0130HS\u2019nin ayn\u0131 maddesinin 4\u2019\u00fcnc\u00fc f\u0131kras\u0131n\u0131n ihlali olarak de\u011ferlendirdi. A\u0130HM, buna kar\u015f\u0131l\u0131k Altan\u2019\u0131n uzun s\u00fcren ge\u00e7ici tutukluluk d\u00f6nemini, darbe giri\u015fimi ve OHAL ko\u015fullar\u0131n\u0131 g\u00f6z \u00f6n\u00fcnde bulundurup \u201ckabul edilebilir\u201d olarak tan\u0131mlad\u0131. Mahkeme, Ahmet Altan vakas\u0131nda ge\u00e7ici tutukluluk s\u00fcresiyle ilgili tazmin mekanizmas\u0131n\u0131n i\u015flemedi\u011fi sonucuna da vararak, A\u0130HS\u2019nin 5\u2019inci maddesinin 5\u2019inci f\u0131kras\u0131n\u0131n ihlal edildi\u011fi sonucuna vard\u0131.<\/p>\n<h2>\u0130fade \u00f6zg\u00fcrl\u00fc\u011f\u00fc ihlal edildi<\/h2>\n<p>A\u0130HM, Ahmet Altan\u2019\u0131n ifade ve bas\u0131n \u00f6zg\u00fcrl\u00fc\u011f\u00fcn\u00fcn ihlal edildi\u011fine de h\u00fckmetti. \u0130fade ve bas\u0131n \u00f6zg\u00fcrl\u00fc\u011f\u00fcn\u00fcn \u201cdemokratik toplumun ana temellerinden biri oldu\u011funu\u201d hat\u0131rlatan Mahkeme, Altan\u2019\u0131n bir ter\u00f6r \u00f6rg\u00fct\u00fc ile i\u015fbirli\u011fi yapmakla su\u00e7lan\u0131p a\u011f\u0131r hapis cezas\u0131na mahkum edilmi\u015f olmas\u0131n\u0131n ifade \u00f6zg\u00fcrl\u00fc\u011f\u00fcne y\u00f6nelik bir m\u00fcdahale oldu\u011funu, ancak makul \u015f\u00fcphe olmaks\u0131z\u0131n tutukland\u0131\u011f\u0131 i\u00e7in bu m\u00fcdahalenin hukuki planda me\u015fru g\u00f6sterilemeyece\u011fini not etti.<\/p>\n<h2>\u201cSiyasi gerek\u00e7e\u201d tezi<\/h2>\n<p>Mahkeme, Ahmet Altan\u2019\u0131n \u201csiyasi nedenlerle tutukland\u0131\u011f\u0131\u201d tezini ise kabul etmedi. \u201cSusturulmak\u201d i\u00e7in tutukland\u0131\u011f\u0131 tezini i\u015fleyen Altan, \u201ciktidar yanl\u0131s\u0131 medya taraf\u0131ndan hedef se\u00e7ildi\u011fini\u201d ve \u201cmuhalif gazetecileri susturmak i\u00e7in mazeret olarak kullan\u0131ld\u0131\u011f\u0131n\u0131\u201d ileri s\u00fcrm\u00fc\u015f ve A\u0130HS\u2019nin 18\u2019inci maddesinin ihlal edildi\u011fini savunmu\u015ftu. Bu tezler, davaya Altan\u2019\u0131n yan\u0131nda m\u00fcdahil olan Avrupa Konseyi \u0130nsan Haklar\u0131 Komiseri Dunja Mijatovic taraf\u0131ndan da desteklenmi\u015fti. \u00a0Haklara getirilecek k\u0131s\u0131tlamalar\u0131n s\u0131n\u0131rlanmas\u0131yla ilgili 18\u2019inci madde, \u201can\u0131lan hak ve \u00f6zg\u00fcrl\u00fcklere A\u0130HS h\u00fck\u00fcmleri ile izin verilen k\u0131s\u0131tlamalar\u0131n, \u00f6ng\u00f6r\u00fcld\u00fckleri ama\u00e7 d\u0131\u015f\u0131nda uygulanamayaca\u011f\u0131n\u0131\u201d s\u00f6yl\u00fcyor. Bir di\u011fer deyi\u015fle, yetkinin suistimal edilmesini yasakl\u0131yor.<\/p>\n<p>A\u0130HM, Altan\u2019\u0131n tutuklan\u0131\u015f\u0131n\u0131n, d\u00fc\u015f\u00fcncelerini a\u00e7\u0131k\u00e7a ifade etmesi \u00f6n\u00fcnde cayd\u0131r\u0131c\u0131 etkisi oldu\u011funu ve h\u00fck\u00fcmet politikalar\u0131 ve g\u00fcncel siyasetle ilgili haber ve yorum yapan t\u00fcm gazetecileri etkileyen bir otosans\u00fcr ortam\u0131 yaratt\u0131\u011f\u0131n\u0131 kabul etti, ancak bunlar\u0131n A\u0130HS\u2019nin 18\u2019inci maddesinin ihlali i\u00e7in yeterli olmad\u0131\u011f\u0131na kanaat getirdi.<\/p>\n<h2>&#8220;Soru\u015fturma me\u015fru&#8221;<\/h2>\n<p>Darbe giri\u015fimi ve ard\u0131ndan ilan edilen OHAL sonras\u0131 soru\u015fturma y\u00fcr\u00fct\u00fclmesinin \u201cme\u015fru\u201d oldu\u011funu not eden A\u0130HM, Altan\u2019\u0131n darbe giri\u015fimin hemen sonras\u0131nda tutukland\u0131\u011f\u0131n\u0131 ve kendisine y\u00f6neltilen su\u00e7lamalara dayanak olu\u015fturan eylemlerin \u00e7o\u011funun darbe giri\u015fiminin hemen \u00f6ncesinde ger\u00e7ekle\u015fti\u011fine vurguda bulundu.<\/p>\n<p>Gerek\u00e7eli karar\u0131n bu b\u00f6l\u00fcm\u00fcnde, dosyada hi\u00e7bir \u00fcst d\u00fczey kamu g\u00f6revlisinin, Altan\u2019\u0131n sonradan tutuklanmas\u0131 ama\u00e7l\u0131 bir ifade veya m\u00fcdahalesinin bulunmad\u0131\u011f\u0131na i\u015faret edildi. A\u0130HM, ge\u00e7ti\u011fimiz aylarda a\u00e7\u0131klad\u0131\u011f\u0131 Osman Kavala ve Selahattin Demirta\u015f kararlar\u0131nda, baz\u0131 \u00fcst d\u00fczey T\u00fcrk siyasilerin bu iki isimle ilgili ifadelerini 18\u2019inci maddenin ihlali i\u00e7in gerek\u00e7e olarak kullanm\u0131\u015ft\u0131.<\/p>\n<h2>16 bin euro tazminat<\/h2>\n<p>A\u0130HM\u2019ye g\u00f6re, davac\u0131 hakk\u0131nda soru\u015fturma a\u00e7\u0131lm\u0131\u015f veya ge\u00e7ici tutuklama karar\u0131 al\u0131nm\u0131\u015f olmas\u0131, otomatik olarak \u201csusturulmak istendi\u011fi\u201d anlam\u0131na gelmiyor. Ahmet Altan davas\u0131nda da 18\u2019inci maddenin ihlal edildi\u011fini s\u00f6ylemek i\u00e7in yeterli unsur mevcut de\u011fil.<\/p>\n<p>Avrupa Konseyi \u0130nsan Haklar\u0131 Komiserine ek olarak, BM ifade \u00f6zg\u00fcrl\u00fc\u011f\u00fc \u00f6zel raport\u00f6r\u00fc, Uluslararas\u0131 Bas\u0131n Enstit\u00fcs\u00fc, PEN International, \u0130nsan Haklar\u0131 \u0130zleme \u00d6rg\u00fct\u00fc (Human Rights Watch), S\u0131n\u0131r Tan\u0131mayan Gazeteciler ve Avrupa Gazeteciler Federasyonu gibi kurulu\u015flar da Ahmet Altan\u2019\u0131n yan\u0131nda davaya m\u00fcdahil olmu\u015ftu.<\/p>\n<p>Karar gere\u011fi Ankara, Ahmet Altan\u2019a 16 bin euro manevi tazminat \u00f6deyecek. Karara olas\u0131 itiraz i\u00e7in taraflar\u0131n \u00fc\u00e7 ay s\u00fcresi bulunuyor.<\/p>\n<p><em><strong>Kayhan Karaca\/Strasbourg<\/strong><\/em><br \/>\n<em><strong>\u00a9 Deutsche Welle T\u00fcrk\u00e7e<\/strong><\/em><\/p>\n<p><em><strong>https:\/\/www.dw.com\/tr\/aihmden-ahmet-altan-karar%C4%B1\/a-57179600\u00a0<\/strong><\/em><\/p>\n<\/div>\n<\/div>\n","protected":false},"excerpt":{"rendered":"<p>A\u0130HM, Ahmet Altan\u2019\u0131n darbe giri\u015fimi sonras\u0131 ge\u00e7ici tutukluluk s\u00fcrecini hak ihlali olarak de\u011ferlendirdi, ancak Altan\u2019\u0131n \u201csiyasi\u201d nedenlerle tutukland\u0131\u011f\u0131 tezini reddetti. \u00a0\u00a0\u00a0\u00a0 Avrupa \u0130nsan Haklar\u0131 Mahkemesi (A\u0130HM) gazeteci-yazar Ahmet Altan\u2019\u0131n 15 Temmuz darbe giri\u015fimi sonras\u0131 \u201cter\u00f6r \u00f6rg\u00fct\u00fc \u00fcyesi oldu\u011fu\u201d gerek\u00e7esi temelindeki ge\u00e7ici tutukluluk s\u00fcrecinde meydana geldi\u011fi ileri s\u00fcr\u00fclen hak ihlali iddialar\u0131 davas\u0131nda karar\u0131n\u0131 a\u00e7\u0131klad\u0131. Mahkeme, Altan\u2019\u0131n, [&hellip;]<\/p>\n","protected":false},"author":7,"featured_media":62386,"comment_status":"open","ping_status":"open","sticky":false,"template":"","format":"standard","meta":{"footnotes":""},"categories":[1],"tags":[],"class_list":["post-62385","post","type-post","status-publish","format-standard","has-post-thumbnail","hentry","category-haberler"],"yoast_head":"<!-- This site is optimized with the Yoast SEO plugin v27.4 - https:\/\/yoast.com\/product\/yoast-seo-wordpress\/ -->\n<title>A\u0130HM\u2019den Ahmet Altan karar\u0131 - Bati Ermenistan Ve Bati Ermenileri Sorunlari Ara\u015ftirmalar Merkezi<\/title>\n<meta name=\"robots\" content=\"index, follow, max-snippet:-1, max-image-preview:large, max-video-preview:-1\" \/>\n<link rel=\"canonical\" href=\"https:\/\/akunq.net\/tr\/?p=62385\" \/>\n<meta property=\"og:locale\" content=\"en_US\" \/>\n<meta property=\"og:type\" content=\"article\" \/>\n<meta property=\"og:title\" content=\"A\u0130HM\u2019den Ahmet Altan karar\u0131 - Bati Ermenistan Ve Bati Ermenileri Sorunlari Ara\u015ftirmalar Merkezi\" \/>\n<meta property=\"og:description\" content=\"A\u0130HM, Ahmet Altan\u2019\u0131n darbe giri\u015fimi sonras\u0131 ge\u00e7ici tutukluluk s\u00fcrecini hak ihlali olarak de\u011ferlendirdi, ancak Altan\u2019\u0131n \u201csiyasi\u201d nedenlerle tutukland\u0131\u011f\u0131 tezini reddetti. \u00a0\u00a0\u00a0\u00a0 Avrupa \u0130nsan Haklar\u0131 Mahkemesi (A\u0130HM) gazeteci-yazar Ahmet Altan\u2019\u0131n 15 Temmuz darbe giri\u015fimi sonras\u0131 \u201cter\u00f6r \u00f6rg\u00fct\u00fc \u00fcyesi oldu\u011fu\u201d gerek\u00e7esi temelindeki ge\u00e7ici tutukluluk s\u00fcrecinde meydana geldi\u011fi ileri s\u00fcr\u00fclen hak ihlali iddialar\u0131 davas\u0131nda karar\u0131n\u0131 a\u00e7\u0131klad\u0131. Mahkeme, Altan\u2019\u0131n, [&hellip;]\" \/>\n<meta property=\"og:url\" content=\"https:\/\/akunq.net\/tr\/?p=62385\" \/>\n<meta property=\"og:site_name\" content=\"Bati Ermenistan Ve Bati Ermenileri Sorunlari Ara\u015ftirmalar Merkezi\" \/>\n<meta property=\"article:published_time\" content=\"2021-04-14T06:58:02+00:00\" \/>\n<meta property=\"og:image\" content=\"https:\/\/akunq.net\/tr\/wp-content\/uploads\/sites\/6\/2021\/04\/\u0531\u0570\u0574\u0565\u0564-\u0531\u056c\u0569\u0561\u0576.jpg\" \/>\n\t<meta property=\"og:image:width\" content=\"400\" \/>\n\t<meta property=\"og:image:height\" content=\"300\" \/>\n\t<meta property=\"og:image:type\" content=\"image\/jpeg\" \/>\n<meta name=\"author\" content=\"admin\" \/>\n<meta name=\"twitter:card\" content=\"summary_large_image\" \/>\n<meta name=\"twitter:label1\" content=\"Written by\" \/>\n\t<meta name=\"twitter:data1\" content=\"admin\" \/>\n\t<meta name=\"twitter:label2\" content=\"Est. reading time\" \/>\n\t<meta name=\"twitter:data2\" content=\"5 minutes\" \/>\n<script type=\"application\/ld+json\" class=\"yoast-schema-graph\">{\"@context\":\"https:\\\/\\\/schema.org\",\"@graph\":[{\"@type\":\"Article\",\"@id\":\"https:\\\/\\\/akunq.net\\\/tr\\\/?p=62385#article\",\"isPartOf\":{\"@id\":\"https:\\\/\\\/akunq.net\\\/tr\\\/?p=62385\"},\"author\":{\"name\":\"admin\",\"@id\":\"https:\\\/\\\/akunq.net\\\/tr\\\/#\\\/schema\\\/person\\\/096f1d38a12cce57fb855b485ed24c9e\"},\"headline\":\"A\u0130HM\u2019den Ahmet Altan karar\u0131\",\"datePublished\":\"2021-04-14T06:58:02+00:00\",\"mainEntityOfPage\":{\"@id\":\"https:\\\/\\\/akunq.net\\\/tr\\\/?p=62385\"},\"wordCount\":940,\"commentCount\":0,\"image\":{\"@id\":\"https:\\\/\\\/akunq.net\\\/tr\\\/?p=62385#primaryimage\"},\"thumbnailUrl\":\"https:\\\/\\\/akunq.net\\\/tr\\\/wp-content\\\/uploads\\\/sites\\\/6\\\/2021\\\/04\\\/\u0531\u0570\u0574\u0565\u0564-\u0531\u056c\u0569\u0561\u0576.jpg\",\"articleSection\":[\"Haberler\"],\"inLanguage\":\"en-US\",\"potentialAction\":[{\"@type\":\"CommentAction\",\"name\":\"Comment\",\"target\":[\"https:\\\/\\\/akunq.net\\\/tr\\\/?p=62385#respond\"]}]},{\"@type\":\"WebPage\",\"@id\":\"https:\\\/\\\/akunq.net\\\/tr\\\/?p=62385\",\"url\":\"https:\\\/\\\/akunq.net\\\/tr\\\/?p=62385\",\"name\":\"A\u0130HM\u2019den Ahmet Altan karar\u0131 - Bati Ermenistan Ve Bati Ermenileri Sorunlari Ara\u015ftirmalar Merkezi\",\"isPartOf\":{\"@id\":\"https:\\\/\\\/akunq.net\\\/tr\\\/#website\"},\"primaryImageOfPage\":{\"@id\":\"https:\\\/\\\/akunq.net\\\/tr\\\/?p=62385#primaryimage\"},\"image\":{\"@id\":\"https:\\\/\\\/akunq.net\\\/tr\\\/?p=62385#primaryimage\"},\"thumbnailUrl\":\"https:\\\/\\\/akunq.net\\\/tr\\\/wp-content\\\/uploads\\\/sites\\\/6\\\/2021\\\/04\\\/\u0531\u0570\u0574\u0565\u0564-\u0531\u056c\u0569\u0561\u0576.jpg\",\"datePublished\":\"2021-04-14T06:58:02+00:00\",\"author\":{\"@id\":\"https:\\\/\\\/akunq.net\\\/tr\\\/#\\\/schema\\\/person\\\/096f1d38a12cce57fb855b485ed24c9e\"},\"breadcrumb\":{\"@id\":\"https:\\\/\\\/akunq.net\\\/tr\\\/?p=62385#breadcrumb\"},\"inLanguage\":\"en-US\",\"potentialAction\":[{\"@type\":\"ReadAction\",\"target\":[\"https:\\\/\\\/akunq.net\\\/tr\\\/?p=62385\"]}]},{\"@type\":\"ImageObject\",\"inLanguage\":\"en-US\",\"@id\":\"https:\\\/\\\/akunq.net\\\/tr\\\/?p=62385#primaryimage\",\"url\":\"https:\\\/\\\/akunq.net\\\/tr\\\/wp-content\\\/uploads\\\/sites\\\/6\\\/2021\\\/04\\\/\u0531\u0570\u0574\u0565\u0564-\u0531\u056c\u0569\u0561\u0576.jpg\",\"contentUrl\":\"https:\\\/\\\/akunq.net\\\/tr\\\/wp-content\\\/uploads\\\/sites\\\/6\\\/2021\\\/04\\\/\u0531\u0570\u0574\u0565\u0564-\u0531\u056c\u0569\u0561\u0576.jpg\",\"width\":400,\"height\":300},{\"@type\":\"BreadcrumbList\",\"@id\":\"https:\\\/\\\/akunq.net\\\/tr\\\/?p=62385#breadcrumb\",\"itemListElement\":[{\"@type\":\"ListItem\",\"position\":1,\"name\":\"Home\",\"item\":\"https:\\\/\\\/akunq.net\\\/tr\"},{\"@type\":\"ListItem\",\"position\":2,\"name\":\"A\u0130HM\u2019den Ahmet Altan karar\u0131\"}]},{\"@type\":\"WebSite\",\"@id\":\"https:\\\/\\\/akunq.net\\\/tr\\\/#website\",\"url\":\"https:\\\/\\\/akunq.net\\\/tr\\\/\",\"name\":\"Bati Ermenistan Ve Bati Ermenileri Sorunlari Ara\u015ftirmalar Merkezi\",\"description\":\"\",\"potentialAction\":[{\"@type\":\"SearchAction\",\"target\":{\"@type\":\"EntryPoint\",\"urlTemplate\":\"https:\\\/\\\/akunq.net\\\/tr\\\/?s={search_term_string}\"},\"query-input\":{\"@type\":\"PropertyValueSpecification\",\"valueRequired\":true,\"valueName\":\"search_term_string\"}}],\"inLanguage\":\"en-US\"},{\"@type\":\"Person\",\"@id\":\"https:\\\/\\\/akunq.net\\\/tr\\\/#\\\/schema\\\/person\\\/096f1d38a12cce57fb855b485ed24c9e\",\"name\":\"admin\",\"url\":\"https:\\\/\\\/akunq.net\\\/tr\\\/?author=7\"}]}<\/script>\n<!-- \/ Yoast SEO plugin. -->","yoast_head_json":{"title":"A\u0130HM\u2019den Ahmet Altan karar\u0131 - Bati Ermenistan Ve Bati Ermenileri Sorunlari Ara\u015ftirmalar Merkezi","robots":{"index":"index","follow":"follow","max-snippet":"max-snippet:-1","max-image-preview":"max-image-preview:large","max-video-preview":"max-video-preview:-1"},"canonical":"https:\/\/akunq.net\/tr\/?p=62385","og_locale":"en_US","og_type":"article","og_title":"A\u0130HM\u2019den Ahmet Altan karar\u0131 - Bati Ermenistan Ve Bati Ermenileri Sorunlari Ara\u015ftirmalar Merkezi","og_description":"A\u0130HM, Ahmet Altan\u2019\u0131n darbe giri\u015fimi sonras\u0131 ge\u00e7ici tutukluluk s\u00fcrecini hak ihlali olarak de\u011ferlendirdi, ancak Altan\u2019\u0131n \u201csiyasi\u201d nedenlerle tutukland\u0131\u011f\u0131 tezini reddetti. \u00a0\u00a0\u00a0\u00a0 Avrupa \u0130nsan Haklar\u0131 Mahkemesi (A\u0130HM) gazeteci-yazar Ahmet Altan\u2019\u0131n 15 Temmuz darbe giri\u015fimi sonras\u0131 \u201cter\u00f6r \u00f6rg\u00fct\u00fc \u00fcyesi oldu\u011fu\u201d gerek\u00e7esi temelindeki ge\u00e7ici tutukluluk s\u00fcrecinde meydana geldi\u011fi ileri s\u00fcr\u00fclen hak ihlali iddialar\u0131 davas\u0131nda karar\u0131n\u0131 a\u00e7\u0131klad\u0131. Mahkeme, Altan\u2019\u0131n, [&hellip;]","og_url":"https:\/\/akunq.net\/tr\/?p=62385","og_site_name":"Bati Ermenistan Ve Bati Ermenileri Sorunlari Ara\u015ftirmalar Merkezi","article_published_time":"2021-04-14T06:58:02+00:00","og_image":[{"width":400,"height":300,"url":"https:\/\/akunq.net\/tr\/wp-content\/uploads\/sites\/6\/2021\/04\/\u0531\u0570\u0574\u0565\u0564-\u0531\u056c\u0569\u0561\u0576.jpg","type":"image\/jpeg"}],"author":"admin","twitter_card":"summary_large_image","twitter_misc":{"Written by":"admin","Est. reading time":"5 minutes"},"schema":{"@context":"https:\/\/schema.org","@graph":[{"@type":"Article","@id":"https:\/\/akunq.net\/tr\/?p=62385#article","isPartOf":{"@id":"https:\/\/akunq.net\/tr\/?p=62385"},"author":{"name":"admin","@id":"https:\/\/akunq.net\/tr\/#\/schema\/person\/096f1d38a12cce57fb855b485ed24c9e"},"headline":"A\u0130HM\u2019den Ahmet Altan karar\u0131","datePublished":"2021-04-14T06:58:02+00:00","mainEntityOfPage":{"@id":"https:\/\/akunq.net\/tr\/?p=62385"},"wordCount":940,"commentCount":0,"image":{"@id":"https:\/\/akunq.net\/tr\/?p=62385#primaryimage"},"thumbnailUrl":"https:\/\/akunq.net\/tr\/wp-content\/uploads\/sites\/6\/2021\/04\/\u0531\u0570\u0574\u0565\u0564-\u0531\u056c\u0569\u0561\u0576.jpg","articleSection":["Haberler"],"inLanguage":"en-US","potentialAction":[{"@type":"CommentAction","name":"Comment","target":["https:\/\/akunq.net\/tr\/?p=62385#respond"]}]},{"@type":"WebPage","@id":"https:\/\/akunq.net\/tr\/?p=62385","url":"https:\/\/akunq.net\/tr\/?p=62385","name":"A\u0130HM\u2019den Ahmet Altan karar\u0131 - Bati Ermenistan Ve Bati Ermenileri Sorunlari Ara\u015ftirmalar Merkezi","isPartOf":{"@id":"https:\/\/akunq.net\/tr\/#website"},"primaryImageOfPage":{"@id":"https:\/\/akunq.net\/tr\/?p=62385#primaryimage"},"image":{"@id":"https:\/\/akunq.net\/tr\/?p=62385#primaryimage"},"thumbnailUrl":"https:\/\/akunq.net\/tr\/wp-content\/uploads\/sites\/6\/2021\/04\/\u0531\u0570\u0574\u0565\u0564-\u0531\u056c\u0569\u0561\u0576.jpg","datePublished":"2021-04-14T06:58:02+00:00","author":{"@id":"https:\/\/akunq.net\/tr\/#\/schema\/person\/096f1d38a12cce57fb855b485ed24c9e"},"breadcrumb":{"@id":"https:\/\/akunq.net\/tr\/?p=62385#breadcrumb"},"inLanguage":"en-US","potentialAction":[{"@type":"ReadAction","target":["https:\/\/akunq.net\/tr\/?p=62385"]}]},{"@type":"ImageObject","inLanguage":"en-US","@id":"https:\/\/akunq.net\/tr\/?p=62385#primaryimage","url":"https:\/\/akunq.net\/tr\/wp-content\/uploads\/sites\/6\/2021\/04\/\u0531\u0570\u0574\u0565\u0564-\u0531\u056c\u0569\u0561\u0576.jpg","contentUrl":"https:\/\/akunq.net\/tr\/wp-content\/uploads\/sites\/6\/2021\/04\/\u0531\u0570\u0574\u0565\u0564-\u0531\u056c\u0569\u0561\u0576.jpg","width":400,"height":300},{"@type":"BreadcrumbList","@id":"https:\/\/akunq.net\/tr\/?p=62385#breadcrumb","itemListElement":[{"@type":"ListItem","position":1,"name":"Home","item":"https:\/\/akunq.net\/tr"},{"@type":"ListItem","position":2,"name":"A\u0130HM\u2019den Ahmet Altan karar\u0131"}]},{"@type":"WebSite","@id":"https:\/\/akunq.net\/tr\/#website","url":"https:\/\/akunq.net\/tr\/","name":"Bati Ermenistan Ve Bati Ermenileri Sorunlari Ara\u015ftirmalar Merkezi","description":"","potentialAction":[{"@type":"SearchAction","target":{"@type":"EntryPoint","urlTemplate":"https:\/\/akunq.net\/tr\/?s={search_term_string}"},"query-input":{"@type":"PropertyValueSpecification","valueRequired":true,"valueName":"search_term_string"}}],"inLanguage":"en-US"},{"@type":"Person","@id":"https:\/\/akunq.net\/tr\/#\/schema\/person\/096f1d38a12cce57fb855b485ed24c9e","name":"admin","url":"https:\/\/akunq.net\/tr\/?author=7"}]}},"_links":{"self":[{"href":"https:\/\/akunq.net\/tr\/index.php?rest_route=\/wp\/v2\/posts\/62385","targetHints":{"allow":["GET"]}}],"collection":[{"href":"https:\/\/akunq.net\/tr\/index.php?rest_route=\/wp\/v2\/posts"}],"about":[{"href":"https:\/\/akunq.net\/tr\/index.php?rest_route=\/wp\/v2\/types\/post"}],"author":[{"embeddable":true,"href":"https:\/\/akunq.net\/tr\/index.php?rest_route=\/wp\/v2\/users\/7"}],"replies":[{"embeddable":true,"href":"https:\/\/akunq.net\/tr\/index.php?rest_route=%2Fwp%2Fv2%2Fcomments&post=62385"}],"version-history":[{"count":1,"href":"https:\/\/akunq.net\/tr\/index.php?rest_route=\/wp\/v2\/posts\/62385\/revisions"}],"predecessor-version":[{"id":62387,"href":"https:\/\/akunq.net\/tr\/index.php?rest_route=\/wp\/v2\/posts\/62385\/revisions\/62387"}],"wp:featuredmedia":[{"embeddable":true,"href":"https:\/\/akunq.net\/tr\/index.php?rest_route=\/wp\/v2\/media\/62386"}],"wp:attachment":[{"href":"https:\/\/akunq.net\/tr\/index.php?rest_route=%2Fwp%2Fv2%2Fmedia&parent=62385"}],"wp:term":[{"taxonomy":"category","embeddable":true,"href":"https:\/\/akunq.net\/tr\/index.php?rest_route=%2Fwp%2Fv2%2Fcategories&post=62385"},{"taxonomy":"post_tag","embeddable":true,"href":"https:\/\/akunq.net\/tr\/index.php?rest_route=%2Fwp%2Fv2%2Ftags&post=62385"}],"curies":[{"name":"wp","href":"https:\/\/api.w.org\/{rel}","templated":true}]}}