{"id":62380,"date":"2021-04-13T03:12:34","date_gmt":"2021-04-13T08:12:34","guid":{"rendered":"https:\/\/akunq.net\/tr\/?p=62380"},"modified":"2021-04-13T03:12:34","modified_gmt":"2021-04-13T08:12:34","slug":"24-nisan-yaklasirken-1","status":"publish","type":"post","link":"https:\/\/akunq.net\/tr\/?p=62380","title":{"rendered":"24 Nisan yakla\u015f\u0131rken-1"},"content":{"rendered":"<p><img loading=\"lazy\" decoding=\"async\" class=\"aligncenter size-medium wp-image-62381\" src=\"https:\/\/akunq.net\/tr\/wp-content\/uploads\/2021\/04\/24-Nisan-360x203.jpg\" alt=\"\" width=\"360\" height=\"203\" srcset=\"https:\/\/akunq.net\/tr\/wp-content\/uploads\/sites\/6\/2021\/04\/24-Nisan-360x203.jpg 360w, https:\/\/akunq.net\/tr\/wp-content\/uploads\/sites\/6\/2021\/04\/24-Nisan-768x432.jpg 768w, https:\/\/akunq.net\/tr\/wp-content\/uploads\/sites\/6\/2021\/04\/24-Nisan-560x315.jpg 560w, https:\/\/akunq.net\/tr\/wp-content\/uploads\/sites\/6\/2021\/04\/24-Nisan-260x146.jpg 260w, https:\/\/akunq.net\/tr\/wp-content\/uploads\/sites\/6\/2021\/04\/24-Nisan-160x90.jpg 160w, https:\/\/akunq.net\/tr\/wp-content\/uploads\/sites\/6\/2021\/04\/24-Nisan.jpg 1280w\" sizes=\"auto, (max-width: 360px) 100vw, 360px\" \/><\/p>\n<p><em><strong>Maalesef Hrant\u2019\u0131 konu\u015fturmad\u0131lar. Ama bu hep b\u00f6yle gitmeyecek, iki halk\u0131n temsilcilerinin bir g\u00fcn kendi aralar\u0131nda kimsenin vesayetine ihtiya\u00e7 duymadan \u00f6zg\u00fcrce konu\u015fabileceklerine ben de inan\u0131yorum.<\/strong><\/em><\/p>\n<p><strong>Hakan Ok\u00e7al*<\/strong><\/p>\n<p>Her y\u0131l oldu\u011fu gibi bu y\u0131l da 24 Nisan yakla\u015f\u0131rken Ermeni konusu yeniden tozlu raflardan indirilecek, ABD Ba\u015fkan\u0131\u2019n\u0131n 1915 Ermeni tehcirini \u201csoyk\u0131r\u0131m\u201d olarak nitelendirip nitelendirmeyece\u011fi hakk\u0131nda f\u0131rt\u0131nalar estirilecek, daha sonra yine her y\u0131l oldu\u011fu gibi konu yeniden g\u00fcndemin arkalar\u0131na itilerek, bir sonraki y\u0131la kadar unutulmaya terk edilecek.<\/p>\n<p>Ermeni toplumsal haf\u0131zas\u0131nda \u201cMedz Yeghern\u201d (B\u00fcy\u00fck Felaket) olarak bilinen Ermeni tehciri veya k\u0131r\u0131m\u0131 <em>(<\/em><em>Ermeni Soyk\u0131r\u0131m\u0131-\u2018Akunq\u2019 web sitesi y\u00f6neticileri<\/em><em>)<\/em>, uluslararas\u0131 siyas\u00ee alanda ve akademik \u00e7evrelerde ezici bir \u00e7o\u011funlukla \u201csoyk\u0131r\u0131m\u201d olarak nitelendiriliyor. Anadolu <em>(Bat\u0131 Ermenistan-\u2018Akunq\u2019 web sitesi y\u00f6neticileri) <\/em>Ermenilerinin zorla g\u00f6\u00e7 ve isk\u00e2na t\u00e2bi tutulmas\u0131 anlam\u0131na gelen \u201ctehcir\u201d ve kar\u015f\u0131l\u0131kl\u0131 \u00f6ld\u00fcrme anlam\u0131na gelen \u201cmukatele\u201d konusundaki resm\u00ee T\u00fcrk tezlerine art\u0131k kimse itibar etmiyor.<\/p>\n<p>Oysa Ermeniler ve T\u00fcrkler (ve K\u00fcrtler) i\u00e7in mesele 1915\u2019in nas\u0131l nitelendirilece\u011finden \u00e7ok daha derin bir anlam ta\u015f\u0131yor. Mesele tarihle y\u00fczle\u015fmek, toplumlar\u0131n vicdanlar\u0131nda adil bir muhasebe yaparak yaralar\u0131 iyile\u015ftirmek ve bu konunun kapanmas\u0131n\u0131 sa\u011flamak. Bu \u00fclkenin, bu halk\u0131n \u00f6z evlad\u0131 sevgili Hrant Dink bunlar\u0131 cesaretle s\u00f6yledi\u011fi i\u00e7in katledildi: \u201c.. bu \u00e7a\u011fda, ne bir parlamentonun hakemli\u011fe soyunmas\u0131n\u0131 kabul ediyorum, ne de bir devletin.\u201d\u2026\u201cNe san\u0131yorsunuz! Tabii ki atalar\u0131m\u0131n ba\u015f\u0131na gelenleri biliyorum. Buna kiminiz \u2018katliam\u2019, kiminiz \u2018soyk\u0131r\u0131m\u2019, kiminiz \u2018tehcir\u2019, kiminiz de \u2018trajedi\u2019 diyorsunuz. Atalar\u0131m Anadolu diliyle \u2018k\u0131y\u0131m\u2019 derdi, ben de \u2018y\u0131k\u0131m\u2019 diyorum\u201d\u2026\u201cGer\u00e7ek hakem halklar ve vicdanlar\u0131d\u0131r.\u201d<\/p>\n<p>S\u00f6z\u00fc yine Hrant Dink\u2019e b\u0131rakal\u0131m: \u201cErmeniler T\u00fcrklerin, T\u00fcrkler de Ermenilerin doktorudur\u201d. \u201c\u2026bir g\u00fcn T\u00fcrklerle Ermenilerin kendi aralar\u0131nda konu\u015fabileceklerine inan\u0131yorum\u201d. Biz de Gazete Duvar\u2019da yay\u0131nlanan \u201cErmenistan Krizinin D\u00fc\u015f\u00fcnd\u00fcrd\u00fckleri\u201d ba\u015fl\u0131kl\u0131 yaz\u0131m\u0131zda bu konunun iki toplumun sivil temsilcileri aras\u0131nda \u00f6zg\u00fcr bir \u015fekilde tart\u0131\u015f\u0131lmas\u0131n\u0131 \u00f6nermi\u015ftik. Maalesef Hrant\u2019\u0131 konu\u015fturmad\u0131lar. Ama bu hep b\u00f6yle gitmeyecek, iki halk\u0131n temsilcilerinin bir g\u00fcn kendi aralar\u0131nda kimsenin vesayetine ihtiya\u00e7 duymadan \u00f6zg\u00fcrce konu\u015fabileceklerine ben de inan\u0131yorum.<\/p>\n<p><strong>RAPHAEL LEMKIN VE BM SOYKIRIM S\u00d6ZLE\u015eMES\u0130<\/strong><\/p>\n<p>Raphael Lemkin 1900-1959 y\u0131llar\u0131 aras\u0131nda ya\u015fam\u0131\u015f Polonya k\u00f6kenli Musevi bir hukuk\u00e7uydu. Birinci D\u00fcnya Sava\u015f\u0131\u2019nda Almanya-Rusya cephe hatt\u0131nda b\u00fcy\u00fck ac\u0131lar ya\u015fayan Lemkin, bu ac\u0131lar\u0131n etkisiyle daha \u00e7ocuk ya\u015flarda Kartaca\u2019n\u0131n ve \u0130srail\u2019in Roma \u0130mparatorlu\u011fu taraf\u0131ndan imha edilmesi, Mo\u011follar\u0131n istila ettikleri yerlerde ger\u00e7ekle\u015ftirdikleri k\u0131r\u0131m ve talan hareketleri gibi b\u00fcy\u00fck kitlesel katliamlarla ilgilenmeye ba\u015flam\u0131\u015ft\u0131. Hukuk tahsilini tamamlad\u0131ktan sonra 1915\u2019te Anadolu Ermenilerinin bu topraklardan katledilerek s\u00fcr\u00fclmeleri, 1930\u2019larda Irak\u2019ta S\u00fcryanilere kar\u015f\u0131 giri\u015filen toplu katliamlar ve Ukraynal\u0131 k\u00f6yl\u00fclerin Sovyet rejimi taraf\u0131ndan a\u00e7l\u0131\u011fa mahk\u00fbm edilerek yok edilmesi (Holodomor) gibi kitlesel su\u00e7lar\u0131 inceledi. \u0130kinci D\u00fcnya Sava\u015f\u0131\u2019nda Nazilerin Avrupal\u0131 Yahudilere kar\u015f\u0131 i\u015fledi\u011fi su\u00e7lar Lemkin\u2019in \u00e7al\u0131\u015fmalar\u0131n\u0131n oda\u011f\u0131 oldu. Lemkin bu t\u00fcr su\u00e7lar\u0131n uluslararas\u0131 hukukta kar\u015f\u0131l\u0131\u011f\u0131n\u0131n olmad\u0131\u011f\u0131n\u0131 g\u00f6rerek 1943 y\u0131l\u0131nda \u201cgenocide\u201d kavram\u0131n\u0131 yaratt\u0131. T\u00fcrk\u00e7eye \u201csoyk\u0131r\u0131m\u201d olarak \u00e7evrilen bu kavram, Latincedeki \u201chomocide\u201d kelimesinden ilham al\u0131narak, Yunanca \u0131rk veya kavim anlam\u0131na gelen \u201cgenos\u201d ve Latince \u00f6ld\u00fcrme anlam\u0131na gelen \u201ccide\u201d kelimelerinin birle\u015ftirilmesinden t\u00fcretilmi\u015fti.<\/p>\n<p>Sava\u015f s\u0131ras\u0131nda ABD\u2019ye g\u00f6\u00e7 eden Lemkin bu t\u00fcr su\u00e7lar\u0131n \u00f6nlenmesi ve su\u00e7lular\u0131n cezaland\u0131r\u0131lmas\u0131 i\u00e7in y\u0131lmadan \u00e7al\u0131\u015ft\u0131. Lemkin\u2019in fikirlerinden, dan\u0131\u015fmanl\u0131k yapt\u0131\u011f\u0131 N\u00fcrnberg Mahkemeleri\u2019nde Nazi sava\u015f su\u00e7lular\u0131n\u0131n yarg\u0131lanmas\u0131 s\u0131ras\u0131nda geni\u015f bir \u015fekilde yararlan\u0131ld\u0131. Lemkin, BM taraf\u0131ndan bir soyk\u0131r\u0131m s\u00f6zle\u015fmesi kabul edilmesi i\u00e7in \u00e7ok gayret g\u00f6sterdi ama arzusunu tam olarak yerine getiremedi. BM Genel Kurulu\u2019nda 1948 y\u0131l\u0131nda kabul edilen ve 20 \u00fclkenin onaylamas\u0131yla 1951 y\u0131l\u0131nda y\u00fcr\u00fcrl\u00fc\u011fe giren \u201cBM Soyk\u0131r\u0131m Su\u00e7unun \u00d6nlenmesi ve Cezaland\u0131r\u0131lmas\u0131 S\u00f6zle\u015fmesi\u201d (BM Soyk\u0131r\u0131m S\u00f6zle\u015fmesi) -T\u00fcrkiye 1952\u2019de taraf olmu\u015ftur- Lemkin\u2019in \u00f6ng\u00f6rd\u00fc\u011f\u00fcnden \u00e7ok daha dar kapsaml\u0131 tutulmu\u015ftur. Bu y\u00fczden Lemkin\u2019in hayat\u0131n\u0131n geri kalan\u0131n\u0131 hayal k\u0131r\u0131kl\u0131\u011f\u0131 i\u00e7inde ge\u00e7irdi\u011fi s\u00f6ylenir. BM Soyk\u0131r\u0131m S\u00f6zle\u015fmesi Lemkin\u2019in \u00f6nerdi\u011finden farkl\u0131 olarak siyas\u00ee ve ideolojik maksatlarla i\u015flenen kitlesel su\u00e7lar\u0131 kapsam d\u0131\u015f\u0131nda b\u0131rakm\u0131\u015ft\u0131r. S\u00f6zle\u015fme sadece belli bir ulusal, etnik, \u0131rk\u00ee veya din\u00ee bir gruba mensup \u015fah\u0131slar\u0131n toplu halde veya bir b\u00f6l\u00fcm\u00fcn\u00fcn, s\u0131rf o gruba mensup olduklar\u0131 i\u00e7in \u00f6ld\u00fcr\u00fclmesi, fizik\u00ee veya ruhsal olarak zarar verilmesi, ya\u015fam ko\u015fullar\u0131na son verilmesi, \u00e7o\u011falmalar\u0131n\u0131n engellenmesi, \u00e7ocuklar\u0131n\u0131n ellerinden al\u0131nmas\u0131 niyetiyle (\u00f6zel kas\u0131t \u015fart\u0131) ger\u00e7ekle\u015ftirilen eylemleri su\u00e7 kapsam\u0131nda saym\u0131\u015ft\u0131r. S\u00f6zle\u015fmeye g\u00f6re soyk\u0131r\u0131m niyetinin (genocidal intent) bulunmas\u0131 \u00f6zel \u00f6nem ta\u015f\u0131maktad\u0131r. Bu niyet a\u00e7\u0131k \u015fekilde saptanmadan i\u015flenen kitlesel su\u00e7lar soyk\u0131r\u0131m say\u0131lmamaktad\u0131r.<\/p>\n<p>Siyas\u00ee ve ideolojik maksatlarla i\u015flenen su\u00e7lar\u0131n s\u00f6zle\u015fmenin kapsam\u0131 d\u0131\u015f\u0131nda tutulmas\u0131 konusunda Sovyet delegasyonunun \u00f6zel bir gayreti oldu\u011fu iddia edilir. S\u00f6zle\u015fme sadece y\u00fcr\u00fcrl\u00fc\u011fe giri\u015f tarihi olan 12 Ocak 1951 tarihinden sonra i\u015flenen su\u00e7lar\u0131 kapsamakta, daha \u00f6nce i\u015flenen su\u00e7lar kapsam d\u0131\u015f\u0131 kalmaktad\u0131r. Dolay\u0131s\u0131yla Ermeni k\u0131r\u0131m\u0131 s\u00f6zle\u015fmenin kapsam\u0131 d\u0131\u015f\u0131ndad\u0131r. Ayn\u0131 \u015fekilde, Amerikan K\u0131z\u0131lderililerine, Aztek ve Maya toplumlar\u0131na, Afrika, Hindistan, Uzakdo\u011fu ve Avustralya halklar\u0131na kar\u015f\u0131 i\u015flenen su\u00e7lar da s\u00f6zle\u015fmenin kapsam\u0131 d\u0131\u015f\u0131nda b\u0131rak\u0131lm\u0131\u015ft\u0131r. Bu t\u00fcr su\u00e7lar\u0131n kapsam d\u0131\u015f\u0131nda tutulmas\u0131n\u0131n en \u00e7ok kimlere yarad\u0131\u011f\u0131n\u0131 tahmin etmek zor de\u011fil. S\u00f6zle\u015fmeye g\u00f6re soyk\u0131r\u0131m su\u00e7undan sadece resm\u00ee veya \u00f6zel stat\u00fcdeki \u015fah\u0131slar sorumlu tutulabilmektedir. S\u00f6zle\u015fmenin m\u00fczakereleri s\u0131ras\u0131nda devletlerin de soyk\u0131r\u0131m su\u00e7undan sorumlu tutulmas\u0131 konusunda \u00e7ok say\u0131da ulusal heyet taraf\u0131ndan g\u00f6r\u00fc\u015f sunulmu\u015fsa da, bu konudaki \u00f6neriler az bir oy fark\u0131yla reddedilmi\u015ftir. S\u00f6zle\u015fmeye g\u00f6re, soyk\u0131r\u0131m h\u00fckm\u00fc ancak \u00f6zel bir uluslararas\u0131 ceza mahkemesi taraf\u0131ndan verilebilmektedir. Bu sebeple, parlamentolar, devlet ba\u015fkanlar\u0131 veya di\u011fer makamlar taraf\u0131ndan soyk\u0131r\u0131m karar\u0131 almas\u0131n\u0131n hukuk\u00ee sonu\u00e7lar\u0131 yoktur. Ancak bu gibi kararlar\u0131n siyas\u00ee sonu\u00e7lar\u0131 oldu\u011fu da yads\u0131namaz.<\/p>\n<p>ABD Ba\u015fkan\u0131\u2019n\u0131n 1915 olaylar\u0131n\u0131 \u201csoyk\u0131r\u0131m\u201d olarak nitelemesi bu bak\u0131mdan \u00f6nem ta\u015f\u0131maktad\u0131r. ABD Ba\u015fkanlar\u0131 \u015fimdiye kadar 24 Nisan a\u00e7\u0131klamalar\u0131nda genellikle Ermenice \u201cMedz Yeghern\u201d ifadesini kulland\u0131lar. Washington\u2019da bu sefer T\u00fcrkiye aleyhtar\u0131 r\u00fczgarlar daha sert esiyor. Erdo\u011fan\u2019\u0131 h\u00e2l\u00e2 aramayan Biden\u2019\u0131n 24 Nisan\u2019da ne y\u00f6nde tutum tak\u0131naca\u011f\u0131 merak konusu.<\/p>\n<p><strong>T\u00dcRK-ERMEN\u0130 UZLA\u015eMA KOM\u0130SYONU<\/strong><\/p>\n<p>T\u00fcrk ve Ermeni taraflar\u0131n\u0131n 1915\u2019te vuku bulan olaylar\u0131 m\u00fczakere ederek uzla\u015fma zemini olu\u015fturmak amac\u0131yla ge\u00e7mi\u015fte baz\u0131 giri\u015fimleri oldu. \u00d6rne\u011fin 2009 y\u0131l\u0131nda T\u00fcrkiye ve Ermenistan D\u0131\u015fi\u015fleri Bakanlar\u0131 Ahmet Davuto\u011flu ve Edward Nalbantyan aras\u0131nda, ABD, Fransa, Rusya ve AB D\u0131\u015fi\u015fleri Bakanlar\u0131n\u0131n huzurunda Z\u00fcrih\u2019te imzalanan protokoller uyar\u0131nca bir \u201cTarih\u00e7iler Alt-Komisyonu\u201d kurulmas\u0131 kararla\u015ft\u0131r\u0131lm\u0131\u015ft\u0131. Ancak s\u00f6z\u00fc edilen komisyon, protokollerin y\u00fcr\u00fcrl\u00fc\u011fe girememesi nedeniyle faaliyete ge\u00e7emedi. Ermenistan\u2019da ve diasporada \u201ctarih\u00ee ger\u00e7eklerin T\u00fcrk taraf\u0131yla m\u00fczakereye a\u00e7\u0131lmas\u0131na\u201d ve ortak s\u0131n\u0131r\u0131n resmen tan\u0131nmas\u0131na kar\u015f\u0131 olu\u015fan muhalefet, en sonunda Ermenistan\u2019\u0131n protokollerden tek tarafl\u0131 olarak 2018 y\u0131l\u0131nda \u00e7ekilmesine sebep oldu. T\u00fcrkiye de Karaba\u011f\u2019\u0131n i\u015fgali gerek\u00e7esiyle Ermenistan\u2019la karayolu ve demiryolu s\u0131n\u0131r kap\u0131lar\u0131n\u0131 a\u00e7mad\u0131.<\/p>\n<p>T\u00fcrk ve Ermeni taraflar\u0131n\u0131 m\u00fczakere masas\u0131nda bir araya getiren en uzun s\u00fcreli giri\u015fim, Amerika\u2019n\u0131n olu\u015fturulmas\u0131nda etkili oldu\u011fu, 2001 y\u0131l\u0131nda kurulan \u201cT\u00fcrk-Ermeni Uzla\u015fma Komisyonu\u201ddur (TARC-Turkish Armenian Reconciliation Commission). TARC bir Amerikan h\u00fck\u00fcmetd\u0131\u015f\u0131 kurulu\u015fu olan \u201cUluslararas\u0131 Ge\u00e7i\u015f D\u00f6nemi Adalet Merkezi\u201dnin (ICTJ-International Center for Transitionary Justice) koordinat\u00f6rl\u00fc\u011f\u00fcnde faaliyet g\u00f6sterdi. ICTJ G\u00fcney Afrika\u2019da ve di\u011fer baz\u0131 \u00fclkelerde ge\u00e7i\u015f d\u00f6nemi adaleti konusunda \u00e7al\u0131\u015fmalar yapmaktad\u0131r. TARC\u2019a \u00fcye temsilciler h\u00fck\u00fcmetleri temsil etmiyor olsalar da, bu ba\u011f\u0131ms\u0131z \u015fahsiyetlerin daha \u00f6nce \u00fcstlendikleri \u00fcst d\u00fczey \u00f6nemli g\u00f6revler nedeniyle taraflar\u0131 temsil \u00f6zelli\u011fine sahip olduklar\u0131 s\u00f6ylenebilir. T\u00fcrk taraf\u0131 ba\u015flang\u0131\u00e7ta \u0130lter T\u00fcrkmen (D\u0131\u015fi\u015fleri eski Bakan\u0131), \u00d6zdem Sanberk (Emekli B\u00fcy\u00fckel\u00e7i-D\u0131\u015fi\u015fleri Bakanl\u0131\u011f\u0131 eski M\u00fcste\u015far\u0131), G\u00fcnd\u00fcz Aktan (Emekli B\u00fcy\u00fckel\u00e7i), Sadi Erg\u00fcven\u00e7 (Emekli General), \u00dcst\u00fcn Erg\u00fcder (Bo\u011fazi\u00e7i \u00dcniversitesi eski Rekt\u00f6r\u00fc) ve Vam\u0131k Volkan (uluslararas\u0131 \u00e7at\u0131\u015fmalar konusunda uzman psikiyatrist) taraf\u0131ndan temsil ediliyordu. Ermeni taraf\u0131ndaki temsilciler ise \u015fu \u00fcyelerden olu\u015fuyordu: Alexander Arzumanyan (D\u0131\u015fi\u015fleri eski Bakan\u0131), David Hovanisyan (Tarih\u00e7i ve eski B\u00fcy\u00fckel\u00e7i), Van Kirkoryan (Hukuk\u00e7u, Amerika Ermeni Asamblesi eski ba\u015fkan\u0131), Andranik Migranyan (Siyaset Bilimci, Rusya Devlet Ba\u015fkan\u0131 Boris Yeltsin\u2019i eski dan\u0131\u015fman\u0131). Ben o zamanlar D\u0131\u015fi\u015fleri Bakanl\u0131\u011f\u0131\u2019nda Ermeni konular\u0131ndan sorumlu Ara\u015ft\u0131rma Genel M\u00fcd\u00fcr Yard\u0131mc\u0131s\u0131 olarak g\u00f6rev yap\u0131yordum. TARC \u00e7al\u0131\u015fmalar\u0131n\u0131 rahmetli G\u00fcnd\u00fcz Aktan\u2019\u0131n bize verdi\u011fi bilgiler \u00e7er\u00e7evesinde izliyorduk.<\/p>\n<p>\u00c7al\u0131\u015fmalar\u0131n\u0131n bir a\u015famas\u0131nda TARC, esas olarak Ermeni taraf\u0131n\u0131n talebiyle 2002 y\u0131l\u0131nda ICTJ Direkt\u00f6r\u00fc David Phillips\u2019ten BM Soyk\u0131r\u0131m S\u00f6zle\u015fmesi\u2019nin \u201cy\u00fczy\u0131l\u0131n ba\u015f\u0131nda Anadolu\u2019da vuku bulan olaylara\u201d uygulan\u0131p uygulanmayaca\u011f\u0131 hakk\u0131nda hukuk\u00ee g\u00f6r\u00fc\u015f haz\u0131rlamas\u0131n\u0131 istedi.<\/p>\n<p>Bug\u00fcn internette kolayca ula\u015f\u0131labilen ICTJ\u2019nin olgusal veya tarih\u00ee bir \u00e7al\u0131\u015fma olmad\u0131\u011f\u0131, sadece legal bir analiz oldu\u011fu \u00f6zenle vurgulanan g\u00f6r\u00fc\u015f\u00fc \u00f6zetle \u015f\u00f6yledir: \u201cBM Soyk\u0131r\u0131m S\u00f6zle\u015fmesi, y\u00fcr\u00fcrl\u00fc\u011fe girmeden \u00f6nceki olaylar i\u00e7in geriye do\u011fru i\u015flemez. Dolay\u0131s\u0131yla daha \u00f6nce meydana gelen olaylar i\u00e7in \u015fah\u0131slardan veya devletlerden hukuk\u00ee ve mal\u00ee tazminat ve toprak talebinde bulunulamaz. Ancak bu olaylar, BM Soyk\u0131r\u0131m S\u00f6zle\u015fmesi\u2019nde belirtilen, belli bir ulusal, etnik, \u0131rk\u00ee ve din\u00ee gruba mensup ki\u015filerin birinin veya birden \u00e7o\u011funun \u00f6ld\u00fcr\u00fclmesi, bu \u00f6ld\u00fcrme olaylar\u0131n\u0131n ayn\u0131 gruba kar\u015f\u0131 tekerr\u00fcr eden bir \u015fekilde cereyan etmesi ve (tehcir) karar\u0131(n\u0131) veren sorumlular\u0131n en az\u0131ndan baz\u0131lar\u0131n\u0131n, ald\u0131klar\u0131 karar\u0131n Do\u011fu Anadolu Ermenilerinin topluca veya bir kesim olarak yok edilmesiyle sonu\u00e7lanaca\u011f\u0131n\u0131 bilmeleri sebebiyle b\u00f6yle bir niyete sahip olmalar\u0131ndan dolay\u0131, soyk\u0131r\u0131m su\u00e7unun t\u00fcm unsurlar\u0131n\u0131 i\u00e7ermektedir. Bundan dolay\u0131 bu olaylar siyaset\u00e7iler, tarih\u00e7iler, akademisyenler, bas\u0131n mensuplar\u0131 ve di\u011fer \u015fah\u0131slar taraf\u0131ndan soyk\u0131r\u0131m olarak tan\u0131mlanmaya devam edilebilir\u201d. (Yukar\u0131daki \u00f6zet taraf\u0131ma aittir.)<\/p>\n<p>T\u00fcrk taraf\u0131 ICTJ\u2019den sadece BM s\u00f6zle\u015fmesinin y\u00fczy\u0131l\u0131n ba\u015f\u0131nda Anadolu\u2019da vuku bulan olaylara uygulan\u0131p uygulanmayaca\u011f\u0131na ili\u015fkin g\u00f6r\u00fc\u015f soruldu\u011funu, ICTJ\u2019nin bu olaylar\u0131n ne \u015fekilde tan\u0131mlanabilece\u011fi konusuna girerek yetkisini a\u015ft\u0131\u011f\u0131n\u0131 belirterek verilen g\u00f6r\u00fc\u015f\u00fc kabul etmedi. G\u00fcnd\u00fcz Aktan, \u00d6zdem Sanberk ve Sadi Erg\u00fcven\u00e7 bu nedenle 2003 y\u0131l\u0131nda TARC \u00fcyeli\u011finden ayr\u0131ld\u0131lar. ICTJ\u2019nin g\u00f6r\u00fc\u015f\u00fc Ermeni taraf\u0131n\u0131 da, \u00f6zellikle Ta\u015fnak taraftarlar\u0131n\u0131 tatmin etmedi. Onlar da ICTJ\u2019den T\u00fcrk taraf\u0131na toprak ve tazminat verme y\u00fck\u00fcml\u00fcl\u00fc\u011f\u00fc getirilmesini ve belki de anla\u015fman\u0131n geriye do\u011fru i\u015fleyebilece\u011fi konusunda g\u00f6r\u00fc\u015f verilmesini bekliyorlard\u0131. Sonu\u00e7ta kimseyi tatmin etmeyen TARC, 2004 y\u0131l\u0131nda kendini la\u011fvetti ve bu deneme unutuldu.<\/p>\n<p>\u00c7ok de\u011ferli bir entelekt\u00fcel olarak her zaman sayg\u0131yla and\u0131\u011f\u0131m G\u00fcnd\u00fcz Aktan daha sonra hepimizi \u015fa\u015fk\u0131nl\u0131\u011fa u\u011fratarak MHP\u2019ye kat\u0131ld\u0131 ve milletvekili oldu. Rahmetli G\u00fcnd\u00fcz beyin MHP\u2019ye ge\u00e7mesinde Ermeni konusunun etkili oldu\u011funu d\u00fc\u015f\u00fcnm\u00fc\u015f\u00fcmd\u00fcr hep.<\/p>\n<p>Bu konuya farkl\u0131 y\u00f6nleriyle \u00f6n\u00fcm\u00fczdeki hafta devam edece\u011fiz.<\/p>\n<p><em>*Emekli B\u00fcy\u00fckel\u00e7i<\/em><\/p>\n<hr \/>\n<p><em><strong><a href=\"https:\/\/www.gazeteduvar.com.tr\/24-nisan-yaklasirken-1-haber-1518983\" target=\"_blank\" rel=\"noopener noreferrer\">Gazete Duvar<\/a><\/strong><\/em><\/p>\n","protected":false},"excerpt":{"rendered":"<p>Maalesef Hrant\u2019\u0131 konu\u015fturmad\u0131lar. Ama bu hep b\u00f6yle gitmeyecek, iki halk\u0131n temsilcilerinin bir g\u00fcn kendi aralar\u0131nda kimsenin vesayetine ihtiya\u00e7 duymadan \u00f6zg\u00fcrce konu\u015fabileceklerine ben de inan\u0131yorum. Hakan Ok\u00e7al* Her y\u0131l oldu\u011fu gibi bu y\u0131l da 24 Nisan yakla\u015f\u0131rken Ermeni konusu yeniden tozlu raflardan indirilecek, ABD Ba\u015fkan\u0131\u2019n\u0131n 1915 Ermeni tehcirini \u201csoyk\u0131r\u0131m\u201d olarak nitelendirip nitelendirmeyece\u011fi hakk\u0131nda f\u0131rt\u0131nalar estirilecek, daha [&hellip;]<\/p>\n","protected":false},"author":7,"featured_media":62381,"comment_status":"open","ping_status":"open","sticky":false,"template":"","format":"standard","meta":{"footnotes":""},"categories":[44,1,70],"tags":[],"class_list":["post-62380","post","type-post","status-publish","format-standard","has-post-thumbnail","hentry","category-ermeni-soykirimi","category-haberler","category-makaleler"],"yoast_head":"<!-- This site is optimized with the Yoast SEO plugin v27.4 - https:\/\/yoast.com\/product\/yoast-seo-wordpress\/ -->\n<title>24 Nisan yakla\u015f\u0131rken-1 - Bati Ermenistan Ve Bati Ermenileri Sorunlari Ara\u015ftirmalar Merkezi<\/title>\n<meta name=\"robots\" content=\"index, follow, max-snippet:-1, max-image-preview:large, max-video-preview:-1\" \/>\n<link rel=\"canonical\" href=\"https:\/\/akunq.net\/tr\/?p=62380\" \/>\n<meta property=\"og:locale\" content=\"en_US\" \/>\n<meta property=\"og:type\" content=\"article\" \/>\n<meta property=\"og:title\" content=\"24 Nisan yakla\u015f\u0131rken-1 - Bati Ermenistan Ve Bati Ermenileri Sorunlari Ara\u015ftirmalar Merkezi\" \/>\n<meta property=\"og:description\" content=\"Maalesef Hrant\u2019\u0131 konu\u015fturmad\u0131lar. Ama bu hep b\u00f6yle gitmeyecek, iki halk\u0131n temsilcilerinin bir g\u00fcn kendi aralar\u0131nda kimsenin vesayetine ihtiya\u00e7 duymadan \u00f6zg\u00fcrce konu\u015fabileceklerine ben de inan\u0131yorum. Hakan Ok\u00e7al* Her y\u0131l oldu\u011fu gibi bu y\u0131l da 24 Nisan yakla\u015f\u0131rken Ermeni konusu yeniden tozlu raflardan indirilecek, ABD Ba\u015fkan\u0131\u2019n\u0131n 1915 Ermeni tehcirini \u201csoyk\u0131r\u0131m\u201d olarak nitelendirip nitelendirmeyece\u011fi hakk\u0131nda f\u0131rt\u0131nalar estirilecek, daha [&hellip;]\" \/>\n<meta property=\"og:url\" content=\"https:\/\/akunq.net\/tr\/?p=62380\" \/>\n<meta property=\"og:site_name\" content=\"Bati Ermenistan Ve Bati Ermenileri Sorunlari Ara\u015ftirmalar Merkezi\" \/>\n<meta property=\"article:published_time\" content=\"2021-04-13T08:12:34+00:00\" \/>\n<meta property=\"og:image\" content=\"https:\/\/akunq.net\/tr\/wp-content\/uploads\/sites\/6\/2021\/04\/24-Nisan.jpg\" \/>\n\t<meta property=\"og:image:width\" content=\"1280\" \/>\n\t<meta property=\"og:image:height\" content=\"720\" \/>\n\t<meta property=\"og:image:type\" content=\"image\/jpeg\" \/>\n<meta name=\"author\" content=\"admin\" \/>\n<meta name=\"twitter:card\" content=\"summary_large_image\" \/>\n<meta name=\"twitter:label1\" content=\"Written by\" \/>\n\t<meta name=\"twitter:data1\" content=\"admin\" \/>\n\t<meta name=\"twitter:label2\" content=\"Est. reading time\" \/>\n\t<meta name=\"twitter:data2\" content=\"11 minutes\" \/>\n<script type=\"application\/ld+json\" class=\"yoast-schema-graph\">{\"@context\":\"https:\\\/\\\/schema.org\",\"@graph\":[{\"@type\":\"Article\",\"@id\":\"https:\\\/\\\/akunq.net\\\/tr\\\/?p=62380#article\",\"isPartOf\":{\"@id\":\"https:\\\/\\\/akunq.net\\\/tr\\\/?p=62380\"},\"author\":{\"name\":\"admin\",\"@id\":\"https:\\\/\\\/akunq.net\\\/tr\\\/#\\\/schema\\\/person\\\/096f1d38a12cce57fb855b485ed24c9e\"},\"headline\":\"24 Nisan yakla\u015f\u0131rken-1\",\"datePublished\":\"2021-04-13T08:12:34+00:00\",\"mainEntityOfPage\":{\"@id\":\"https:\\\/\\\/akunq.net\\\/tr\\\/?p=62380\"},\"wordCount\":2158,\"commentCount\":0,\"image\":{\"@id\":\"https:\\\/\\\/akunq.net\\\/tr\\\/?p=62380#primaryimage\"},\"thumbnailUrl\":\"https:\\\/\\\/akunq.net\\\/tr\\\/wp-content\\\/uploads\\\/sites\\\/6\\\/2021\\\/04\\\/24-Nisan.jpg\",\"articleSection\":[\"Ermeni Soyk\u0131r\u0131m\u0131\",\"Haberler\",\"Makaleler\"],\"inLanguage\":\"en-US\",\"potentialAction\":[{\"@type\":\"CommentAction\",\"name\":\"Comment\",\"target\":[\"https:\\\/\\\/akunq.net\\\/tr\\\/?p=62380#respond\"]}]},{\"@type\":\"WebPage\",\"@id\":\"https:\\\/\\\/akunq.net\\\/tr\\\/?p=62380\",\"url\":\"https:\\\/\\\/akunq.net\\\/tr\\\/?p=62380\",\"name\":\"24 Nisan yakla\u015f\u0131rken-1 - Bati Ermenistan Ve Bati Ermenileri Sorunlari Ara\u015ftirmalar Merkezi\",\"isPartOf\":{\"@id\":\"https:\\\/\\\/akunq.net\\\/tr\\\/#website\"},\"primaryImageOfPage\":{\"@id\":\"https:\\\/\\\/akunq.net\\\/tr\\\/?p=62380#primaryimage\"},\"image\":{\"@id\":\"https:\\\/\\\/akunq.net\\\/tr\\\/?p=62380#primaryimage\"},\"thumbnailUrl\":\"https:\\\/\\\/akunq.net\\\/tr\\\/wp-content\\\/uploads\\\/sites\\\/6\\\/2021\\\/04\\\/24-Nisan.jpg\",\"datePublished\":\"2021-04-13T08:12:34+00:00\",\"author\":{\"@id\":\"https:\\\/\\\/akunq.net\\\/tr\\\/#\\\/schema\\\/person\\\/096f1d38a12cce57fb855b485ed24c9e\"},\"breadcrumb\":{\"@id\":\"https:\\\/\\\/akunq.net\\\/tr\\\/?p=62380#breadcrumb\"},\"inLanguage\":\"en-US\",\"potentialAction\":[{\"@type\":\"ReadAction\",\"target\":[\"https:\\\/\\\/akunq.net\\\/tr\\\/?p=62380\"]}]},{\"@type\":\"ImageObject\",\"inLanguage\":\"en-US\",\"@id\":\"https:\\\/\\\/akunq.net\\\/tr\\\/?p=62380#primaryimage\",\"url\":\"https:\\\/\\\/akunq.net\\\/tr\\\/wp-content\\\/uploads\\\/sites\\\/6\\\/2021\\\/04\\\/24-Nisan.jpg\",\"contentUrl\":\"https:\\\/\\\/akunq.net\\\/tr\\\/wp-content\\\/uploads\\\/sites\\\/6\\\/2021\\\/04\\\/24-Nisan.jpg\",\"width\":1280,\"height\":720},{\"@type\":\"BreadcrumbList\",\"@id\":\"https:\\\/\\\/akunq.net\\\/tr\\\/?p=62380#breadcrumb\",\"itemListElement\":[{\"@type\":\"ListItem\",\"position\":1,\"name\":\"Home\",\"item\":\"https:\\\/\\\/akunq.net\\\/tr\"},{\"@type\":\"ListItem\",\"position\":2,\"name\":\"24 Nisan yakla\u015f\u0131rken-1\"}]},{\"@type\":\"WebSite\",\"@id\":\"https:\\\/\\\/akunq.net\\\/tr\\\/#website\",\"url\":\"https:\\\/\\\/akunq.net\\\/tr\\\/\",\"name\":\"Bati Ermenistan Ve Bati Ermenileri Sorunlari Ara\u015ftirmalar Merkezi\",\"description\":\"\",\"potentialAction\":[{\"@type\":\"SearchAction\",\"target\":{\"@type\":\"EntryPoint\",\"urlTemplate\":\"https:\\\/\\\/akunq.net\\\/tr\\\/?s={search_term_string}\"},\"query-input\":{\"@type\":\"PropertyValueSpecification\",\"valueRequired\":true,\"valueName\":\"search_term_string\"}}],\"inLanguage\":\"en-US\"},{\"@type\":\"Person\",\"@id\":\"https:\\\/\\\/akunq.net\\\/tr\\\/#\\\/schema\\\/person\\\/096f1d38a12cce57fb855b485ed24c9e\",\"name\":\"admin\",\"url\":\"https:\\\/\\\/akunq.net\\\/tr\\\/?author=7\"}]}<\/script>\n<!-- \/ Yoast SEO plugin. -->","yoast_head_json":{"title":"24 Nisan yakla\u015f\u0131rken-1 - Bati Ermenistan Ve Bati Ermenileri Sorunlari Ara\u015ftirmalar Merkezi","robots":{"index":"index","follow":"follow","max-snippet":"max-snippet:-1","max-image-preview":"max-image-preview:large","max-video-preview":"max-video-preview:-1"},"canonical":"https:\/\/akunq.net\/tr\/?p=62380","og_locale":"en_US","og_type":"article","og_title":"24 Nisan yakla\u015f\u0131rken-1 - Bati Ermenistan Ve Bati Ermenileri Sorunlari Ara\u015ftirmalar Merkezi","og_description":"Maalesef Hrant\u2019\u0131 konu\u015fturmad\u0131lar. Ama bu hep b\u00f6yle gitmeyecek, iki halk\u0131n temsilcilerinin bir g\u00fcn kendi aralar\u0131nda kimsenin vesayetine ihtiya\u00e7 duymadan \u00f6zg\u00fcrce konu\u015fabileceklerine ben de inan\u0131yorum. Hakan Ok\u00e7al* Her y\u0131l oldu\u011fu gibi bu y\u0131l da 24 Nisan yakla\u015f\u0131rken Ermeni konusu yeniden tozlu raflardan indirilecek, ABD Ba\u015fkan\u0131\u2019n\u0131n 1915 Ermeni tehcirini \u201csoyk\u0131r\u0131m\u201d olarak nitelendirip nitelendirmeyece\u011fi hakk\u0131nda f\u0131rt\u0131nalar estirilecek, daha [&hellip;]","og_url":"https:\/\/akunq.net\/tr\/?p=62380","og_site_name":"Bati Ermenistan Ve Bati Ermenileri Sorunlari Ara\u015ftirmalar Merkezi","article_published_time":"2021-04-13T08:12:34+00:00","og_image":[{"width":1280,"height":720,"url":"https:\/\/akunq.net\/tr\/wp-content\/uploads\/sites\/6\/2021\/04\/24-Nisan.jpg","type":"image\/jpeg"}],"author":"admin","twitter_card":"summary_large_image","twitter_misc":{"Written by":"admin","Est. reading time":"11 minutes"},"schema":{"@context":"https:\/\/schema.org","@graph":[{"@type":"Article","@id":"https:\/\/akunq.net\/tr\/?p=62380#article","isPartOf":{"@id":"https:\/\/akunq.net\/tr\/?p=62380"},"author":{"name":"admin","@id":"https:\/\/akunq.net\/tr\/#\/schema\/person\/096f1d38a12cce57fb855b485ed24c9e"},"headline":"24 Nisan yakla\u015f\u0131rken-1","datePublished":"2021-04-13T08:12:34+00:00","mainEntityOfPage":{"@id":"https:\/\/akunq.net\/tr\/?p=62380"},"wordCount":2158,"commentCount":0,"image":{"@id":"https:\/\/akunq.net\/tr\/?p=62380#primaryimage"},"thumbnailUrl":"https:\/\/akunq.net\/tr\/wp-content\/uploads\/sites\/6\/2021\/04\/24-Nisan.jpg","articleSection":["Ermeni Soyk\u0131r\u0131m\u0131","Haberler","Makaleler"],"inLanguage":"en-US","potentialAction":[{"@type":"CommentAction","name":"Comment","target":["https:\/\/akunq.net\/tr\/?p=62380#respond"]}]},{"@type":"WebPage","@id":"https:\/\/akunq.net\/tr\/?p=62380","url":"https:\/\/akunq.net\/tr\/?p=62380","name":"24 Nisan yakla\u015f\u0131rken-1 - Bati Ermenistan Ve Bati Ermenileri Sorunlari Ara\u015ftirmalar Merkezi","isPartOf":{"@id":"https:\/\/akunq.net\/tr\/#website"},"primaryImageOfPage":{"@id":"https:\/\/akunq.net\/tr\/?p=62380#primaryimage"},"image":{"@id":"https:\/\/akunq.net\/tr\/?p=62380#primaryimage"},"thumbnailUrl":"https:\/\/akunq.net\/tr\/wp-content\/uploads\/sites\/6\/2021\/04\/24-Nisan.jpg","datePublished":"2021-04-13T08:12:34+00:00","author":{"@id":"https:\/\/akunq.net\/tr\/#\/schema\/person\/096f1d38a12cce57fb855b485ed24c9e"},"breadcrumb":{"@id":"https:\/\/akunq.net\/tr\/?p=62380#breadcrumb"},"inLanguage":"en-US","potentialAction":[{"@type":"ReadAction","target":["https:\/\/akunq.net\/tr\/?p=62380"]}]},{"@type":"ImageObject","inLanguage":"en-US","@id":"https:\/\/akunq.net\/tr\/?p=62380#primaryimage","url":"https:\/\/akunq.net\/tr\/wp-content\/uploads\/sites\/6\/2021\/04\/24-Nisan.jpg","contentUrl":"https:\/\/akunq.net\/tr\/wp-content\/uploads\/sites\/6\/2021\/04\/24-Nisan.jpg","width":1280,"height":720},{"@type":"BreadcrumbList","@id":"https:\/\/akunq.net\/tr\/?p=62380#breadcrumb","itemListElement":[{"@type":"ListItem","position":1,"name":"Home","item":"https:\/\/akunq.net\/tr"},{"@type":"ListItem","position":2,"name":"24 Nisan yakla\u015f\u0131rken-1"}]},{"@type":"WebSite","@id":"https:\/\/akunq.net\/tr\/#website","url":"https:\/\/akunq.net\/tr\/","name":"Bati Ermenistan Ve Bati Ermenileri Sorunlari Ara\u015ftirmalar Merkezi","description":"","potentialAction":[{"@type":"SearchAction","target":{"@type":"EntryPoint","urlTemplate":"https:\/\/akunq.net\/tr\/?s={search_term_string}"},"query-input":{"@type":"PropertyValueSpecification","valueRequired":true,"valueName":"search_term_string"}}],"inLanguage":"en-US"},{"@type":"Person","@id":"https:\/\/akunq.net\/tr\/#\/schema\/person\/096f1d38a12cce57fb855b485ed24c9e","name":"admin","url":"https:\/\/akunq.net\/tr\/?author=7"}]}},"_links":{"self":[{"href":"https:\/\/akunq.net\/tr\/index.php?rest_route=\/wp\/v2\/posts\/62380","targetHints":{"allow":["GET"]}}],"collection":[{"href":"https:\/\/akunq.net\/tr\/index.php?rest_route=\/wp\/v2\/posts"}],"about":[{"href":"https:\/\/akunq.net\/tr\/index.php?rest_route=\/wp\/v2\/types\/post"}],"author":[{"embeddable":true,"href":"https:\/\/akunq.net\/tr\/index.php?rest_route=\/wp\/v2\/users\/7"}],"replies":[{"embeddable":true,"href":"https:\/\/akunq.net\/tr\/index.php?rest_route=%2Fwp%2Fv2%2Fcomments&post=62380"}],"version-history":[{"count":1,"href":"https:\/\/akunq.net\/tr\/index.php?rest_route=\/wp\/v2\/posts\/62380\/revisions"}],"predecessor-version":[{"id":62382,"href":"https:\/\/akunq.net\/tr\/index.php?rest_route=\/wp\/v2\/posts\/62380\/revisions\/62382"}],"wp:featuredmedia":[{"embeddable":true,"href":"https:\/\/akunq.net\/tr\/index.php?rest_route=\/wp\/v2\/media\/62381"}],"wp:attachment":[{"href":"https:\/\/akunq.net\/tr\/index.php?rest_route=%2Fwp%2Fv2%2Fmedia&parent=62380"}],"wp:term":[{"taxonomy":"category","embeddable":true,"href":"https:\/\/akunq.net\/tr\/index.php?rest_route=%2Fwp%2Fv2%2Fcategories&post=62380"},{"taxonomy":"post_tag","embeddable":true,"href":"https:\/\/akunq.net\/tr\/index.php?rest_route=%2Fwp%2Fv2%2Ftags&post=62380"}],"curies":[{"name":"wp","href":"https:\/\/api.w.org\/{rel}","templated":true}]}}