{"id":62371,"date":"2021-04-13T02:54:13","date_gmt":"2021-04-13T07:54:13","guid":{"rendered":"https:\/\/akunq.net\/tr\/?p=62371"},"modified":"2021-04-13T03:28:27","modified_gmt":"2021-04-13T08:28:27","slug":"kilise-taslari-ile-insa-edilen-camiyi-yiktilar","status":"publish","type":"post","link":"https:\/\/akunq.net\/tr\/?p=62371","title":{"rendered":"Kilise ta\u015flar\u0131 ile in\u015fa edilen camiyi y\u0131kt\u0131lar"},"content":{"rendered":"<p><img loading=\"lazy\" decoding=\"async\" class=\"aligncenter size-medium wp-image-62372\" src=\"https:\/\/akunq.net\/tr\/wp-content\/uploads\/2021\/04\/Kilise-ta\u015flar\u0131-ile-in\u015fa-edilen-cami-360x203.jpg\" alt=\"\" width=\"360\" height=\"203\" srcset=\"https:\/\/akunq.net\/tr\/wp-content\/uploads\/sites\/6\/2021\/04\/Kilise-ta\u015flar\u0131-ile-in\u015fa-edilen-cami-360x203.jpg 360w, https:\/\/akunq.net\/tr\/wp-content\/uploads\/sites\/6\/2021\/04\/Kilise-ta\u015flar\u0131-ile-in\u015fa-edilen-cami-560x317.jpg 560w, https:\/\/akunq.net\/tr\/wp-content\/uploads\/sites\/6\/2021\/04\/Kilise-ta\u015flar\u0131-ile-in\u015fa-edilen-cami-260x147.jpg 260w, https:\/\/akunq.net\/tr\/wp-content\/uploads\/sites\/6\/2021\/04\/Kilise-ta\u015flar\u0131-ile-in\u015fa-edilen-cami-160x90.jpg 160w, https:\/\/akunq.net\/tr\/wp-content\/uploads\/sites\/6\/2021\/04\/Kilise-ta\u015flar\u0131-ile-in\u015fa-edilen-cami.jpg 690w\" sizes=\"auto, (max-width: 360px) 100vw, 360px\" \/><\/p>\n<p><em><strong>A\u011eRI-<\/strong>\u00a0<strong>AKP\u2019li A\u011fr\u0131 (Ararat-&#8216;Akunq&#8217; web sitesi) Belediyesi, kentin simgelerinden olan ve 1950 y\u0131l\u0131nda y\u0131k\u0131lan kilisenin ta\u015flar\u0131 ile in\u015fa edilen Merkez Camisi\u2019ni y\u0131kt\u0131.<\/strong><\/em><\/p>\n<p>AKP\u2019li A\u011fr\u0131 Belediyesi, kentin simgelerinden olan Merkez Camisi\u2019ni y\u0131kt\u0131. Y\u0131k\u0131lan caminin in\u015fas\u0131nda Ta\u015fl\u0131\u00e7ay il\u00e7esinde 18 kilometre uzakta, bug\u00fcnk\u00fc ad\u0131 ile Ta\u015fteker k\u00f6y\u00fcnde bulunan ve 1950 y\u0131l\u0131nda y\u0131k\u0131lan Ermenilere ait Manast\u0131r\u2019\u0131n ta\u015flar\u0131 kullan\u0131lm\u0131\u015ft\u0131. Y\u0131k\u0131lan camide kullan\u0131lan ve tarihi de\u011feri olan ta\u015flar i\u015f makineleri ile moloz y\u0131\u011f\u0131nlar\u0131 haline getirilerek kamyonlarla ba\u015fka yerlere ta\u015f\u0131n\u0131yor.<\/p>\n<p>AKP\u2019li Belediye Ba\u015fkan\u0131 Savc\u0131 Sayan, caminin Osmanl\u0131 mimarisi ile yeniden yap\u0131laca\u011f\u0131 iddias\u0131nda bulundu.<\/p>\n<p><em><strong><a href=\"http:\/\/mezopotamyaajansi29.com\/tum-haberler\/content\/view\/131317?fbclid=IwAR1YFbuqHueFfmOMrd13QrK2eQh2IOxwKmmKg0Vf8MpYWa1Tlw3y_OiypMM\">http:\/\/mezopotamyaajansi29.com\/tum-haberler\/content\/view\/131317?fbclid=IwAR1YFbuqHueFfmOMrd13QrK2eQh2IOxwKmmKg0Vf8MpYWa1Tlw3y_OiypMM<\/a>\u00a0<\/strong><\/em><\/p>\n","protected":false},"excerpt":{"rendered":"<p>A\u011eRI-\u00a0AKP\u2019li A\u011fr\u0131 (Ararat-&#8216;Akunq&#8217; web sitesi) Belediyesi, kentin simgelerinden olan ve 1950 y\u0131l\u0131nda y\u0131k\u0131lan kilisenin ta\u015flar\u0131 ile in\u015fa edilen Merkez Camisi\u2019ni y\u0131kt\u0131. AKP\u2019li A\u011fr\u0131 Belediyesi, kentin simgelerinden olan Merkez Camisi\u2019ni y\u0131kt\u0131. Y\u0131k\u0131lan caminin in\u015fas\u0131nda Ta\u015fl\u0131\u00e7ay il\u00e7esinde 18 kilometre uzakta, bug\u00fcnk\u00fc ad\u0131 ile Ta\u015fteker k\u00f6y\u00fcnde bulunan ve 1950 y\u0131l\u0131nda y\u0131k\u0131lan Ermenilere ait Manast\u0131r\u2019\u0131n ta\u015flar\u0131 kullan\u0131lm\u0131\u015ft\u0131. Y\u0131k\u0131lan camide [&hellip;]<\/p>\n","protected":false},"author":7,"featured_media":62372,"comment_status":"open","ping_status":"open","sticky":false,"template":"","format":"standard","meta":{"footnotes":""},"categories":[22,1],"tags":[],"class_list":["post-62371","post","type-post","status-publish","format-standard","has-post-thumbnail","hentry","category-gunumuzde-bati-ermenistan","category-haberler"],"yoast_head":"<!-- This site is optimized with the Yoast SEO plugin v27.4 - https:\/\/yoast.com\/product\/yoast-seo-wordpress\/ -->\n<title>Kilise ta\u015flar\u0131 ile in\u015fa edilen camiyi y\u0131kt\u0131lar - Bati Ermenistan Ve Bati Ermenileri Sorunlari Ara\u015ftirmalar Merkezi<\/title>\n<meta name=\"robots\" content=\"index, follow, max-snippet:-1, max-image-preview:large, max-video-preview:-1\" \/>\n<link rel=\"canonical\" href=\"https:\/\/akunq.net\/tr\/?p=62371\" \/>\n<meta property=\"og:locale\" content=\"en_US\" \/>\n<meta property=\"og:type\" content=\"article\" \/>\n<meta property=\"og:title\" content=\"Kilise ta\u015flar\u0131 ile in\u015fa edilen camiyi y\u0131kt\u0131lar - Bati Ermenistan Ve Bati Ermenileri Sorunlari Ara\u015ftirmalar Merkezi\" \/>\n<meta property=\"og:description\" content=\"A\u011eRI-\u00a0AKP\u2019li A\u011fr\u0131 (Ararat-&#8216;Akunq&#8217; web sitesi) Belediyesi, kentin simgelerinden olan ve 1950 y\u0131l\u0131nda y\u0131k\u0131lan kilisenin ta\u015flar\u0131 ile in\u015fa edilen Merkez Camisi\u2019ni y\u0131kt\u0131. AKP\u2019li A\u011fr\u0131 Belediyesi, kentin simgelerinden olan Merkez Camisi\u2019ni y\u0131kt\u0131. Y\u0131k\u0131lan caminin in\u015fas\u0131nda Ta\u015fl\u0131\u00e7ay il\u00e7esinde 18 kilometre uzakta, bug\u00fcnk\u00fc ad\u0131 ile Ta\u015fteker k\u00f6y\u00fcnde bulunan ve 1950 y\u0131l\u0131nda y\u0131k\u0131lan Ermenilere ait Manast\u0131r\u2019\u0131n ta\u015flar\u0131 kullan\u0131lm\u0131\u015ft\u0131. Y\u0131k\u0131lan camide [&hellip;]\" \/>\n<meta property=\"og:url\" content=\"https:\/\/akunq.net\/tr\/?p=62371\" \/>\n<meta property=\"og:site_name\" content=\"Bati Ermenistan Ve Bati Ermenileri Sorunlari Ara\u015ftirmalar Merkezi\" \/>\n<meta property=\"article:published_time\" content=\"2021-04-13T07:54:13+00:00\" \/>\n<meta property=\"article:modified_time\" content=\"2021-04-13T08:28:27+00:00\" \/>\n<meta property=\"og:image\" content=\"https:\/\/akunq.net\/tr\/wp-content\/uploads\/sites\/6\/2021\/04\/Kilise-ta\u015flar\u0131-ile-in\u015fa-edilen-cami.jpg\" \/>\n\t<meta property=\"og:image:width\" content=\"690\" \/>\n\t<meta property=\"og:image:height\" content=\"390\" \/>\n\t<meta property=\"og:image:type\" content=\"image\/jpeg\" \/>\n<meta name=\"author\" content=\"admin\" \/>\n<meta name=\"twitter:card\" content=\"summary_large_image\" \/>\n<meta name=\"twitter:label1\" content=\"Written by\" \/>\n\t<meta name=\"twitter:data1\" content=\"admin\" \/>\n\t<meta name=\"twitter:label2\" content=\"Est. reading time\" \/>\n\t<meta name=\"twitter:data2\" content=\"1 minute\" \/>\n<script type=\"application\/ld+json\" class=\"yoast-schema-graph\">{\"@context\":\"https:\\\/\\\/schema.org\",\"@graph\":[{\"@type\":\"Article\",\"@id\":\"https:\\\/\\\/akunq.net\\\/tr\\\/?p=62371#article\",\"isPartOf\":{\"@id\":\"https:\\\/\\\/akunq.net\\\/tr\\\/?p=62371\"},\"author\":{\"name\":\"admin\",\"@id\":\"https:\\\/\\\/akunq.net\\\/tr\\\/#\\\/schema\\\/person\\\/096f1d38a12cce57fb855b485ed24c9e\"},\"headline\":\"Kilise ta\u015flar\u0131 ile in\u015fa edilen camiyi y\u0131kt\u0131lar\",\"datePublished\":\"2021-04-13T07:54:13+00:00\",\"dateModified\":\"2021-04-13T08:28:27+00:00\",\"mainEntityOfPage\":{\"@id\":\"https:\\\/\\\/akunq.net\\\/tr\\\/?p=62371\"},\"wordCount\":159,\"commentCount\":0,\"image\":{\"@id\":\"https:\\\/\\\/akunq.net\\\/tr\\\/?p=62371#primaryimage\"},\"thumbnailUrl\":\"https:\\\/\\\/akunq.net\\\/tr\\\/wp-content\\\/uploads\\\/sites\\\/6\\\/2021\\\/04\\\/Kilise-ta\u015flar\u0131-ile-in\u015fa-edilen-cami.jpg\",\"articleSection\":[\"G\u00fcn\u00fcm\u00fczde Bat\u0131 Ermenistan\",\"Haberler\"],\"inLanguage\":\"en-US\",\"potentialAction\":[{\"@type\":\"CommentAction\",\"name\":\"Comment\",\"target\":[\"https:\\\/\\\/akunq.net\\\/tr\\\/?p=62371#respond\"]}]},{\"@type\":\"WebPage\",\"@id\":\"https:\\\/\\\/akunq.net\\\/tr\\\/?p=62371\",\"url\":\"https:\\\/\\\/akunq.net\\\/tr\\\/?p=62371\",\"name\":\"Kilise ta\u015flar\u0131 ile in\u015fa edilen camiyi y\u0131kt\u0131lar - Bati Ermenistan Ve Bati Ermenileri Sorunlari Ara\u015ftirmalar Merkezi\",\"isPartOf\":{\"@id\":\"https:\\\/\\\/akunq.net\\\/tr\\\/#website\"},\"primaryImageOfPage\":{\"@id\":\"https:\\\/\\\/akunq.net\\\/tr\\\/?p=62371#primaryimage\"},\"image\":{\"@id\":\"https:\\\/\\\/akunq.net\\\/tr\\\/?p=62371#primaryimage\"},\"thumbnailUrl\":\"https:\\\/\\\/akunq.net\\\/tr\\\/wp-content\\\/uploads\\\/sites\\\/6\\\/2021\\\/04\\\/Kilise-ta\u015flar\u0131-ile-in\u015fa-edilen-cami.jpg\",\"datePublished\":\"2021-04-13T07:54:13+00:00\",\"dateModified\":\"2021-04-13T08:28:27+00:00\",\"author\":{\"@id\":\"https:\\\/\\\/akunq.net\\\/tr\\\/#\\\/schema\\\/person\\\/096f1d38a12cce57fb855b485ed24c9e\"},\"breadcrumb\":{\"@id\":\"https:\\\/\\\/akunq.net\\\/tr\\\/?p=62371#breadcrumb\"},\"inLanguage\":\"en-US\",\"potentialAction\":[{\"@type\":\"ReadAction\",\"target\":[\"https:\\\/\\\/akunq.net\\\/tr\\\/?p=62371\"]}]},{\"@type\":\"ImageObject\",\"inLanguage\":\"en-US\",\"@id\":\"https:\\\/\\\/akunq.net\\\/tr\\\/?p=62371#primaryimage\",\"url\":\"https:\\\/\\\/akunq.net\\\/tr\\\/wp-content\\\/uploads\\\/sites\\\/6\\\/2021\\\/04\\\/Kilise-ta\u015flar\u0131-ile-in\u015fa-edilen-cami.jpg\",\"contentUrl\":\"https:\\\/\\\/akunq.net\\\/tr\\\/wp-content\\\/uploads\\\/sites\\\/6\\\/2021\\\/04\\\/Kilise-ta\u015flar\u0131-ile-in\u015fa-edilen-cami.jpg\",\"width\":690,\"height\":390},{\"@type\":\"BreadcrumbList\",\"@id\":\"https:\\\/\\\/akunq.net\\\/tr\\\/?p=62371#breadcrumb\",\"itemListElement\":[{\"@type\":\"ListItem\",\"position\":1,\"name\":\"Home\",\"item\":\"https:\\\/\\\/akunq.net\\\/tr\"},{\"@type\":\"ListItem\",\"position\":2,\"name\":\"Kilise ta\u015flar\u0131 ile in\u015fa edilen camiyi y\u0131kt\u0131lar\"}]},{\"@type\":\"WebSite\",\"@id\":\"https:\\\/\\\/akunq.net\\\/tr\\\/#website\",\"url\":\"https:\\\/\\\/akunq.net\\\/tr\\\/\",\"name\":\"Bati Ermenistan Ve Bati Ermenileri Sorunlari Ara\u015ftirmalar Merkezi\",\"description\":\"\",\"potentialAction\":[{\"@type\":\"SearchAction\",\"target\":{\"@type\":\"EntryPoint\",\"urlTemplate\":\"https:\\\/\\\/akunq.net\\\/tr\\\/?s={search_term_string}\"},\"query-input\":{\"@type\":\"PropertyValueSpecification\",\"valueRequired\":true,\"valueName\":\"search_term_string\"}}],\"inLanguage\":\"en-US\"},{\"@type\":\"Person\",\"@id\":\"https:\\\/\\\/akunq.net\\\/tr\\\/#\\\/schema\\\/person\\\/096f1d38a12cce57fb855b485ed24c9e\",\"name\":\"admin\",\"url\":\"https:\\\/\\\/akunq.net\\\/tr\\\/?author=7\"}]}<\/script>\n<!-- \/ Yoast SEO plugin. -->","yoast_head_json":{"title":"Kilise ta\u015flar\u0131 ile in\u015fa edilen camiyi y\u0131kt\u0131lar - Bati Ermenistan Ve Bati Ermenileri Sorunlari Ara\u015ftirmalar Merkezi","robots":{"index":"index","follow":"follow","max-snippet":"max-snippet:-1","max-image-preview":"max-image-preview:large","max-video-preview":"max-video-preview:-1"},"canonical":"https:\/\/akunq.net\/tr\/?p=62371","og_locale":"en_US","og_type":"article","og_title":"Kilise ta\u015flar\u0131 ile in\u015fa edilen camiyi y\u0131kt\u0131lar - Bati Ermenistan Ve Bati Ermenileri Sorunlari Ara\u015ftirmalar Merkezi","og_description":"A\u011eRI-\u00a0AKP\u2019li A\u011fr\u0131 (Ararat-&#8216;Akunq&#8217; web sitesi) Belediyesi, kentin simgelerinden olan ve 1950 y\u0131l\u0131nda y\u0131k\u0131lan kilisenin ta\u015flar\u0131 ile in\u015fa edilen Merkez Camisi\u2019ni y\u0131kt\u0131. AKP\u2019li A\u011fr\u0131 Belediyesi, kentin simgelerinden olan Merkez Camisi\u2019ni y\u0131kt\u0131. Y\u0131k\u0131lan caminin in\u015fas\u0131nda Ta\u015fl\u0131\u00e7ay il\u00e7esinde 18 kilometre uzakta, bug\u00fcnk\u00fc ad\u0131 ile Ta\u015fteker k\u00f6y\u00fcnde bulunan ve 1950 y\u0131l\u0131nda y\u0131k\u0131lan Ermenilere ait Manast\u0131r\u2019\u0131n ta\u015flar\u0131 kullan\u0131lm\u0131\u015ft\u0131. Y\u0131k\u0131lan camide [&hellip;]","og_url":"https:\/\/akunq.net\/tr\/?p=62371","og_site_name":"Bati Ermenistan Ve Bati Ermenileri Sorunlari Ara\u015ftirmalar Merkezi","article_published_time":"2021-04-13T07:54:13+00:00","article_modified_time":"2021-04-13T08:28:27+00:00","og_image":[{"width":690,"height":390,"url":"https:\/\/akunq.net\/tr\/wp-content\/uploads\/sites\/6\/2021\/04\/Kilise-ta\u015flar\u0131-ile-in\u015fa-edilen-cami.jpg","type":"image\/jpeg"}],"author":"admin","twitter_card":"summary_large_image","twitter_misc":{"Written by":"admin","Est. reading time":"1 minute"},"schema":{"@context":"https:\/\/schema.org","@graph":[{"@type":"Article","@id":"https:\/\/akunq.net\/tr\/?p=62371#article","isPartOf":{"@id":"https:\/\/akunq.net\/tr\/?p=62371"},"author":{"name":"admin","@id":"https:\/\/akunq.net\/tr\/#\/schema\/person\/096f1d38a12cce57fb855b485ed24c9e"},"headline":"Kilise ta\u015flar\u0131 ile in\u015fa edilen camiyi y\u0131kt\u0131lar","datePublished":"2021-04-13T07:54:13+00:00","dateModified":"2021-04-13T08:28:27+00:00","mainEntityOfPage":{"@id":"https:\/\/akunq.net\/tr\/?p=62371"},"wordCount":159,"commentCount":0,"image":{"@id":"https:\/\/akunq.net\/tr\/?p=62371#primaryimage"},"thumbnailUrl":"https:\/\/akunq.net\/tr\/wp-content\/uploads\/sites\/6\/2021\/04\/Kilise-ta\u015flar\u0131-ile-in\u015fa-edilen-cami.jpg","articleSection":["G\u00fcn\u00fcm\u00fczde Bat\u0131 Ermenistan","Haberler"],"inLanguage":"en-US","potentialAction":[{"@type":"CommentAction","name":"Comment","target":["https:\/\/akunq.net\/tr\/?p=62371#respond"]}]},{"@type":"WebPage","@id":"https:\/\/akunq.net\/tr\/?p=62371","url":"https:\/\/akunq.net\/tr\/?p=62371","name":"Kilise ta\u015flar\u0131 ile in\u015fa edilen camiyi y\u0131kt\u0131lar - Bati Ermenistan Ve Bati Ermenileri Sorunlari Ara\u015ftirmalar Merkezi","isPartOf":{"@id":"https:\/\/akunq.net\/tr\/#website"},"primaryImageOfPage":{"@id":"https:\/\/akunq.net\/tr\/?p=62371#primaryimage"},"image":{"@id":"https:\/\/akunq.net\/tr\/?p=62371#primaryimage"},"thumbnailUrl":"https:\/\/akunq.net\/tr\/wp-content\/uploads\/sites\/6\/2021\/04\/Kilise-ta\u015flar\u0131-ile-in\u015fa-edilen-cami.jpg","datePublished":"2021-04-13T07:54:13+00:00","dateModified":"2021-04-13T08:28:27+00:00","author":{"@id":"https:\/\/akunq.net\/tr\/#\/schema\/person\/096f1d38a12cce57fb855b485ed24c9e"},"breadcrumb":{"@id":"https:\/\/akunq.net\/tr\/?p=62371#breadcrumb"},"inLanguage":"en-US","potentialAction":[{"@type":"ReadAction","target":["https:\/\/akunq.net\/tr\/?p=62371"]}]},{"@type":"ImageObject","inLanguage":"en-US","@id":"https:\/\/akunq.net\/tr\/?p=62371#primaryimage","url":"https:\/\/akunq.net\/tr\/wp-content\/uploads\/sites\/6\/2021\/04\/Kilise-ta\u015flar\u0131-ile-in\u015fa-edilen-cami.jpg","contentUrl":"https:\/\/akunq.net\/tr\/wp-content\/uploads\/sites\/6\/2021\/04\/Kilise-ta\u015flar\u0131-ile-in\u015fa-edilen-cami.jpg","width":690,"height":390},{"@type":"BreadcrumbList","@id":"https:\/\/akunq.net\/tr\/?p=62371#breadcrumb","itemListElement":[{"@type":"ListItem","position":1,"name":"Home","item":"https:\/\/akunq.net\/tr"},{"@type":"ListItem","position":2,"name":"Kilise ta\u015flar\u0131 ile in\u015fa edilen camiyi y\u0131kt\u0131lar"}]},{"@type":"WebSite","@id":"https:\/\/akunq.net\/tr\/#website","url":"https:\/\/akunq.net\/tr\/","name":"Bati Ermenistan Ve Bati Ermenileri Sorunlari Ara\u015ftirmalar Merkezi","description":"","potentialAction":[{"@type":"SearchAction","target":{"@type":"EntryPoint","urlTemplate":"https:\/\/akunq.net\/tr\/?s={search_term_string}"},"query-input":{"@type":"PropertyValueSpecification","valueRequired":true,"valueName":"search_term_string"}}],"inLanguage":"en-US"},{"@type":"Person","@id":"https:\/\/akunq.net\/tr\/#\/schema\/person\/096f1d38a12cce57fb855b485ed24c9e","name":"admin","url":"https:\/\/akunq.net\/tr\/?author=7"}]}},"_links":{"self":[{"href":"https:\/\/akunq.net\/tr\/index.php?rest_route=\/wp\/v2\/posts\/62371","targetHints":{"allow":["GET"]}}],"collection":[{"href":"https:\/\/akunq.net\/tr\/index.php?rest_route=\/wp\/v2\/posts"}],"about":[{"href":"https:\/\/akunq.net\/tr\/index.php?rest_route=\/wp\/v2\/types\/post"}],"author":[{"embeddable":true,"href":"https:\/\/akunq.net\/tr\/index.php?rest_route=\/wp\/v2\/users\/7"}],"replies":[{"embeddable":true,"href":"https:\/\/akunq.net\/tr\/index.php?rest_route=%2Fwp%2Fv2%2Fcomments&post=62371"}],"version-history":[{"count":1,"href":"https:\/\/akunq.net\/tr\/index.php?rest_route=\/wp\/v2\/posts\/62371\/revisions"}],"predecessor-version":[{"id":62373,"href":"https:\/\/akunq.net\/tr\/index.php?rest_route=\/wp\/v2\/posts\/62371\/revisions\/62373"}],"wp:featuredmedia":[{"embeddable":true,"href":"https:\/\/akunq.net\/tr\/index.php?rest_route=\/wp\/v2\/media\/62372"}],"wp:attachment":[{"href":"https:\/\/akunq.net\/tr\/index.php?rest_route=%2Fwp%2Fv2%2Fmedia&parent=62371"}],"wp:term":[{"taxonomy":"category","embeddable":true,"href":"https:\/\/akunq.net\/tr\/index.php?rest_route=%2Fwp%2Fv2%2Fcategories&post=62371"},{"taxonomy":"post_tag","embeddable":true,"href":"https:\/\/akunq.net\/tr\/index.php?rest_route=%2Fwp%2Fv2%2Ftags&post=62371"}],"curies":[{"name":"wp","href":"https:\/\/api.w.org\/{rel}","templated":true}]}}