{"id":62365,"date":"2021-04-13T01:30:53","date_gmt":"2021-04-13T06:30:53","guid":{"rendered":"https:\/\/akunq.net\/tr\/?p=62365"},"modified":"2021-04-13T01:30:53","modified_gmt":"2021-04-13T06:30:53","slug":"karabag-yonetiminden-29-yil-once-karabagin-maraga-koyunde-azerbaycanli-askerlerin-yaptigi-sivil-katliamlarina-dair-aciklama","status":"publish","type":"post","link":"https:\/\/akunq.net\/tr\/?p=62365","title":{"rendered":"Karaba\u011f y\u00f6netiminden 29 y\u0131l \u00f6nce Karaba\u011f\u2019\u0131n Mara\u011fa k\u00f6y\u00fcnde Azerbaycanl\u0131 askerlerin yapt\u0131\u011f\u0131 sivil katliamlar\u0131na dair a\u00e7\u0131klama"},"content":{"rendered":"<p><img loading=\"lazy\" decoding=\"async\" class=\"aligncenter size-medium wp-image-62366\" src=\"https:\/\/akunq.net\/tr\/wp-content\/uploads\/2021\/04\/Mara\u011fa-360x226.jpg\" alt=\"\" width=\"360\" height=\"226\" srcset=\"https:\/\/akunq.net\/tr\/wp-content\/uploads\/sites\/6\/2021\/04\/Mara\u011fa-360x226.jpg 360w, https:\/\/akunq.net\/tr\/wp-content\/uploads\/sites\/6\/2021\/04\/Mara\u011fa-768x483.jpg 768w, https:\/\/akunq.net\/tr\/wp-content\/uploads\/sites\/6\/2021\/04\/Mara\u011fa-560x352.jpg 560w, https:\/\/akunq.net\/tr\/wp-content\/uploads\/sites\/6\/2021\/04\/Mara\u011fa-260x163.jpg 260w, https:\/\/akunq.net\/tr\/wp-content\/uploads\/sites\/6\/2021\/04\/Mara\u011fa-160x101.jpg 160w, https:\/\/akunq.net\/tr\/wp-content\/uploads\/sites\/6\/2021\/04\/Mara\u011fa.jpg 794w\" sizes=\"auto, (max-width: 360px) 100vw, 360px\" \/><\/p>\n<p style=\"font-weight: 400;\"><em><strong>Artsakh Cumhuriyeti (Da\u011fl\u0131k Karaba\u011f) D\u0131\u015fi\u015fleri Bakanl\u0131\u011f\u0131 29 y\u0131l \u00f6nce Azerbaycan askerleri taraf\u0131ndan Karaba\u011f&#8217;\u0131n Mara\u011fa k\u00f6y\u00fcnde ya\u015fayan Ermeni sivillerine uygulanan katliam\u0131n\u0131n 29\u2019uncu y\u0131ld\u00f6n\u00fcm\u00fc vesilesiyle a\u00e7\u0131klama yapt\u0131.\u00a0<\/strong><\/em><\/p>\n<p style=\"font-weight: 400;\">A\u00e7\u0131klamada Mara\u011fa&#8217;daki olaylar\u0131n\u0131n, Azerbaycan&#8217;\u0131n Ermenilere kar\u015f\u0131 daha \u00f6nce de uygulad\u0131\u011f\u0131 d\u00fczenli ve sistematik zulm\u00fcn\u00fcn ve soyk\u0131r\u0131m eylemlerinin mant\u0131ksal bir devam\u0131n\u0131n oldu\u011funu s\u00f6ylendi.<\/p>\n<p style=\"font-weight: 400;\">Mara\u011fa&#8217;y\u0131 i\u015fgal eden Azeri birlikleri, kad\u0131nlar, \u00e7ocuklar ve ya\u015fl\u0131lar da dahil olmak \u00fczere yerel sivil n\u00fcfusu ac\u0131mas\u0131zca \u00f6ld\u00fcrd\u00fc ve i\u015fkence yapt\u0131. Azerbaycan askerleri 45 ki\u015finin ba\u015f\u0131n\u0131 kesmi\u015f, baz\u0131lar\u0131 yak\u0131lm\u0131\u015f, 100&#8217;den fazla kad\u0131n ve \u00e7ocuk esir al\u0131nm\u0131\u015ft\u0131r. S\u00f6z konusu insanl\u0131k d\u0131\u015f\u0131 su\u00e7un faillerine y\u00fcksek devlet \u00f6d\u00fclleri verildi ve komutanlar\u0131na Azerbaycan Ulusal Kahraman\u0131 unvan\u0131 verildi, bu da Azerbaycan&#8217;da Ermeni kar\u015f\u0131t\u0131 soyk\u0131r\u0131m politikas\u0131n\u0131n en y\u00fcksek devlet d\u00fczeyinde te\u015fvik edildi\u011fini kan\u0131tl\u0131yor.<\/p>\n<p>Hat\u0131ralanca\u011f\u0131\u00a0\u00fczere\u00a0Azerbaycan taraf\u0131ndan Karaba\u011f Ermenilerine y\u00f6nelik soyk\u0131r\u0131m politikas\u0131n\u0131n bir ifadesi olarak 10 Nisan 1992 tarihinde Azerbaycan Silahl\u0131 Kuvvetleri Karaba\u011f&#8217;daki Martakert b\u00f6lgesinin Mara\u011fa k\u00f6y\u00fcnde Ermeni katliamlar\u0131 ger\u00e7ekle\u015ftirdiler.<\/p>\n<p>Sabah saatlerinde k\u00f6y\u00fc bombalad\u0131ktan sonra Azerbaycan ordusu k\u00f6ye girip orada kalan t\u00fcm sakinleri vah\u015fi bir \u015fekilde \u00f6ld\u00fcrd\u00fc ve bununla yetinmeden cesetleri de par\u00e7alad\u0131.<\/p>\n<p>Verilere g\u00f6re Mara\u011fa\u2019da 57 ki\u015fi \u00f6ld\u00fcr\u00fcld\u00fc, 9\u2019u \u00e7ocuk ve 29\u2019u kad\u0131n olmak \u00fczere 100\u2019tan fazla ki\u015fi esir al\u0131nd\u0131.<\/p>\n<p><em><strong>https:\/\/www.ermenihaber.am\/tr\/news\/2021\/04\/12\/Karaba%C4%9F-Mara%C4%9Fa-Azerbaycan\/205934\u00a0<\/strong><\/em><\/p>\n","protected":false},"excerpt":{"rendered":"<p>Artsakh Cumhuriyeti (Da\u011fl\u0131k Karaba\u011f) D\u0131\u015fi\u015fleri Bakanl\u0131\u011f\u0131 29 y\u0131l \u00f6nce Azerbaycan askerleri taraf\u0131ndan Karaba\u011f&#8217;\u0131n Mara\u011fa k\u00f6y\u00fcnde ya\u015fayan Ermeni sivillerine uygulanan katliam\u0131n\u0131n 29\u2019uncu y\u0131ld\u00f6n\u00fcm\u00fc vesilesiyle a\u00e7\u0131klama yapt\u0131.\u00a0 A\u00e7\u0131klamada Mara\u011fa&#8217;daki olaylar\u0131n\u0131n, Azerbaycan&#8217;\u0131n Ermenilere kar\u015f\u0131 daha \u00f6nce de uygulad\u0131\u011f\u0131 d\u00fczenli ve sistematik zulm\u00fcn\u00fcn ve soyk\u0131r\u0131m eylemlerinin mant\u0131ksal bir devam\u0131n\u0131n oldu\u011funu s\u00f6ylendi. Mara\u011fa&#8217;y\u0131 i\u015fgal eden Azeri birlikleri, kad\u0131nlar, \u00e7ocuklar ve [&hellip;]<\/p>\n","protected":false},"author":7,"featured_media":62366,"comment_status":"open","ping_status":"open","sticky":false,"template":"","format":"standard","meta":{"footnotes":""},"categories":[1,20],"tags":[],"class_list":["post-62365","post","type-post","status-publish","format-standard","has-post-thumbnail","hentry","category-haberler","category-tarih-sayfalari"],"yoast_head":"<!-- This site is optimized with the Yoast SEO plugin v27.4 - https:\/\/yoast.com\/product\/yoast-seo-wordpress\/ -->\n<title>Karaba\u011f y\u00f6netiminden 29 y\u0131l \u00f6nce Karaba\u011f\u2019\u0131n Mara\u011fa k\u00f6y\u00fcnde Azerbaycanl\u0131 askerlerin yapt\u0131\u011f\u0131 sivil katliamlar\u0131na dair a\u00e7\u0131klama - Bati Ermenistan Ve Bati Ermenileri Sorunlari Ara\u015ftirmalar Merkezi<\/title>\n<meta name=\"robots\" content=\"index, follow, max-snippet:-1, max-image-preview:large, max-video-preview:-1\" \/>\n<link rel=\"canonical\" href=\"https:\/\/akunq.net\/tr\/?p=62365\" \/>\n<meta property=\"og:locale\" content=\"en_US\" \/>\n<meta property=\"og:type\" content=\"article\" \/>\n<meta property=\"og:title\" content=\"Karaba\u011f y\u00f6netiminden 29 y\u0131l \u00f6nce Karaba\u011f\u2019\u0131n Mara\u011fa k\u00f6y\u00fcnde Azerbaycanl\u0131 askerlerin yapt\u0131\u011f\u0131 sivil katliamlar\u0131na dair a\u00e7\u0131klama - Bati Ermenistan Ve Bati Ermenileri Sorunlari Ara\u015ftirmalar Merkezi\" \/>\n<meta property=\"og:description\" content=\"Artsakh Cumhuriyeti (Da\u011fl\u0131k Karaba\u011f) D\u0131\u015fi\u015fleri Bakanl\u0131\u011f\u0131 29 y\u0131l \u00f6nce Azerbaycan askerleri taraf\u0131ndan Karaba\u011f&#8217;\u0131n Mara\u011fa k\u00f6y\u00fcnde ya\u015fayan Ermeni sivillerine uygulanan katliam\u0131n\u0131n 29\u2019uncu y\u0131ld\u00f6n\u00fcm\u00fc vesilesiyle a\u00e7\u0131klama yapt\u0131.\u00a0 A\u00e7\u0131klamada Mara\u011fa&#8217;daki olaylar\u0131n\u0131n, Azerbaycan&#8217;\u0131n Ermenilere kar\u015f\u0131 daha \u00f6nce de uygulad\u0131\u011f\u0131 d\u00fczenli ve sistematik zulm\u00fcn\u00fcn ve soyk\u0131r\u0131m eylemlerinin mant\u0131ksal bir devam\u0131n\u0131n oldu\u011funu s\u00f6ylendi. Mara\u011fa&#8217;y\u0131 i\u015fgal eden Azeri birlikleri, kad\u0131nlar, \u00e7ocuklar ve [&hellip;]\" \/>\n<meta property=\"og:url\" content=\"https:\/\/akunq.net\/tr\/?p=62365\" \/>\n<meta property=\"og:site_name\" content=\"Bati Ermenistan Ve Bati Ermenileri Sorunlari Ara\u015ftirmalar Merkezi\" \/>\n<meta property=\"article:published_time\" content=\"2021-04-13T06:30:53+00:00\" \/>\n<meta property=\"og:image\" content=\"https:\/\/akunq.net\/tr\/wp-content\/uploads\/sites\/6\/2021\/04\/Mara\u011fa.jpg\" \/>\n\t<meta property=\"og:image:width\" content=\"794\" \/>\n\t<meta property=\"og:image:height\" content=\"499\" \/>\n\t<meta property=\"og:image:type\" content=\"image\/jpeg\" \/>\n<meta name=\"author\" content=\"admin\" \/>\n<meta name=\"twitter:card\" content=\"summary_large_image\" \/>\n<meta name=\"twitter:label1\" content=\"Written by\" \/>\n\t<meta name=\"twitter:data1\" content=\"admin\" \/>\n\t<meta name=\"twitter:label2\" content=\"Est. reading time\" \/>\n\t<meta name=\"twitter:data2\" content=\"1 minute\" \/>\n<script type=\"application\/ld+json\" class=\"yoast-schema-graph\">{\"@context\":\"https:\\\/\\\/schema.org\",\"@graph\":[{\"@type\":\"Article\",\"@id\":\"https:\\\/\\\/akunq.net\\\/tr\\\/?p=62365#article\",\"isPartOf\":{\"@id\":\"https:\\\/\\\/akunq.net\\\/tr\\\/?p=62365\"},\"author\":{\"name\":\"admin\",\"@id\":\"https:\\\/\\\/akunq.net\\\/tr\\\/#\\\/schema\\\/person\\\/096f1d38a12cce57fb855b485ed24c9e\"},\"headline\":\"Karaba\u011f y\u00f6netiminden 29 y\u0131l \u00f6nce Karaba\u011f\u2019\u0131n Mara\u011fa k\u00f6y\u00fcnde Azerbaycanl\u0131 askerlerin yapt\u0131\u011f\u0131 sivil katliamlar\u0131na dair a\u00e7\u0131klama\",\"datePublished\":\"2021-04-13T06:30:53+00:00\",\"mainEntityOfPage\":{\"@id\":\"https:\\\/\\\/akunq.net\\\/tr\\\/?p=62365\"},\"wordCount\":308,\"commentCount\":0,\"image\":{\"@id\":\"https:\\\/\\\/akunq.net\\\/tr\\\/?p=62365#primaryimage\"},\"thumbnailUrl\":\"https:\\\/\\\/akunq.net\\\/tr\\\/wp-content\\\/uploads\\\/sites\\\/6\\\/2021\\\/04\\\/Mara\u011fa.jpg\",\"articleSection\":[\"Haberler\",\"Tarih Sayfalar\u0131\"],\"inLanguage\":\"en-US\",\"potentialAction\":[{\"@type\":\"CommentAction\",\"name\":\"Comment\",\"target\":[\"https:\\\/\\\/akunq.net\\\/tr\\\/?p=62365#respond\"]}]},{\"@type\":\"WebPage\",\"@id\":\"https:\\\/\\\/akunq.net\\\/tr\\\/?p=62365\",\"url\":\"https:\\\/\\\/akunq.net\\\/tr\\\/?p=62365\",\"name\":\"Karaba\u011f y\u00f6netiminden 29 y\u0131l \u00f6nce Karaba\u011f\u2019\u0131n Mara\u011fa k\u00f6y\u00fcnde Azerbaycanl\u0131 askerlerin yapt\u0131\u011f\u0131 sivil katliamlar\u0131na dair a\u00e7\u0131klama - Bati Ermenistan Ve Bati Ermenileri Sorunlari Ara\u015ftirmalar Merkezi\",\"isPartOf\":{\"@id\":\"https:\\\/\\\/akunq.net\\\/tr\\\/#website\"},\"primaryImageOfPage\":{\"@id\":\"https:\\\/\\\/akunq.net\\\/tr\\\/?p=62365#primaryimage\"},\"image\":{\"@id\":\"https:\\\/\\\/akunq.net\\\/tr\\\/?p=62365#primaryimage\"},\"thumbnailUrl\":\"https:\\\/\\\/akunq.net\\\/tr\\\/wp-content\\\/uploads\\\/sites\\\/6\\\/2021\\\/04\\\/Mara\u011fa.jpg\",\"datePublished\":\"2021-04-13T06:30:53+00:00\",\"author\":{\"@id\":\"https:\\\/\\\/akunq.net\\\/tr\\\/#\\\/schema\\\/person\\\/096f1d38a12cce57fb855b485ed24c9e\"},\"breadcrumb\":{\"@id\":\"https:\\\/\\\/akunq.net\\\/tr\\\/?p=62365#breadcrumb\"},\"inLanguage\":\"en-US\",\"potentialAction\":[{\"@type\":\"ReadAction\",\"target\":[\"https:\\\/\\\/akunq.net\\\/tr\\\/?p=62365\"]}]},{\"@type\":\"ImageObject\",\"inLanguage\":\"en-US\",\"@id\":\"https:\\\/\\\/akunq.net\\\/tr\\\/?p=62365#primaryimage\",\"url\":\"https:\\\/\\\/akunq.net\\\/tr\\\/wp-content\\\/uploads\\\/sites\\\/6\\\/2021\\\/04\\\/Mara\u011fa.jpg\",\"contentUrl\":\"https:\\\/\\\/akunq.net\\\/tr\\\/wp-content\\\/uploads\\\/sites\\\/6\\\/2021\\\/04\\\/Mara\u011fa.jpg\",\"width\":794,\"height\":499},{\"@type\":\"BreadcrumbList\",\"@id\":\"https:\\\/\\\/akunq.net\\\/tr\\\/?p=62365#breadcrumb\",\"itemListElement\":[{\"@type\":\"ListItem\",\"position\":1,\"name\":\"Home\",\"item\":\"https:\\\/\\\/akunq.net\\\/tr\"},{\"@type\":\"ListItem\",\"position\":2,\"name\":\"Karaba\u011f y\u00f6netiminden 29 y\u0131l \u00f6nce Karaba\u011f\u2019\u0131n Mara\u011fa k\u00f6y\u00fcnde Azerbaycanl\u0131 askerlerin yapt\u0131\u011f\u0131 sivil katliamlar\u0131na dair a\u00e7\u0131klama\"}]},{\"@type\":\"WebSite\",\"@id\":\"https:\\\/\\\/akunq.net\\\/tr\\\/#website\",\"url\":\"https:\\\/\\\/akunq.net\\\/tr\\\/\",\"name\":\"Bati Ermenistan Ve Bati Ermenileri Sorunlari Ara\u015ftirmalar Merkezi\",\"description\":\"\",\"potentialAction\":[{\"@type\":\"SearchAction\",\"target\":{\"@type\":\"EntryPoint\",\"urlTemplate\":\"https:\\\/\\\/akunq.net\\\/tr\\\/?s={search_term_string}\"},\"query-input\":{\"@type\":\"PropertyValueSpecification\",\"valueRequired\":true,\"valueName\":\"search_term_string\"}}],\"inLanguage\":\"en-US\"},{\"@type\":\"Person\",\"@id\":\"https:\\\/\\\/akunq.net\\\/tr\\\/#\\\/schema\\\/person\\\/096f1d38a12cce57fb855b485ed24c9e\",\"name\":\"admin\",\"url\":\"https:\\\/\\\/akunq.net\\\/tr\\\/?author=7\"}]}<\/script>\n<!-- \/ Yoast SEO plugin. -->","yoast_head_json":{"title":"Karaba\u011f y\u00f6netiminden 29 y\u0131l \u00f6nce Karaba\u011f\u2019\u0131n Mara\u011fa k\u00f6y\u00fcnde Azerbaycanl\u0131 askerlerin yapt\u0131\u011f\u0131 sivil katliamlar\u0131na dair a\u00e7\u0131klama - Bati Ermenistan Ve Bati Ermenileri Sorunlari Ara\u015ftirmalar Merkezi","robots":{"index":"index","follow":"follow","max-snippet":"max-snippet:-1","max-image-preview":"max-image-preview:large","max-video-preview":"max-video-preview:-1"},"canonical":"https:\/\/akunq.net\/tr\/?p=62365","og_locale":"en_US","og_type":"article","og_title":"Karaba\u011f y\u00f6netiminden 29 y\u0131l \u00f6nce Karaba\u011f\u2019\u0131n Mara\u011fa k\u00f6y\u00fcnde Azerbaycanl\u0131 askerlerin yapt\u0131\u011f\u0131 sivil katliamlar\u0131na dair a\u00e7\u0131klama - Bati Ermenistan Ve Bati Ermenileri Sorunlari Ara\u015ftirmalar Merkezi","og_description":"Artsakh Cumhuriyeti (Da\u011fl\u0131k Karaba\u011f) D\u0131\u015fi\u015fleri Bakanl\u0131\u011f\u0131 29 y\u0131l \u00f6nce Azerbaycan askerleri taraf\u0131ndan Karaba\u011f&#8217;\u0131n Mara\u011fa k\u00f6y\u00fcnde ya\u015fayan Ermeni sivillerine uygulanan katliam\u0131n\u0131n 29\u2019uncu y\u0131ld\u00f6n\u00fcm\u00fc vesilesiyle a\u00e7\u0131klama yapt\u0131.\u00a0 A\u00e7\u0131klamada Mara\u011fa&#8217;daki olaylar\u0131n\u0131n, Azerbaycan&#8217;\u0131n Ermenilere kar\u015f\u0131 daha \u00f6nce de uygulad\u0131\u011f\u0131 d\u00fczenli ve sistematik zulm\u00fcn\u00fcn ve soyk\u0131r\u0131m eylemlerinin mant\u0131ksal bir devam\u0131n\u0131n oldu\u011funu s\u00f6ylendi. Mara\u011fa&#8217;y\u0131 i\u015fgal eden Azeri birlikleri, kad\u0131nlar, \u00e7ocuklar ve [&hellip;]","og_url":"https:\/\/akunq.net\/tr\/?p=62365","og_site_name":"Bati Ermenistan Ve Bati Ermenileri Sorunlari Ara\u015ftirmalar Merkezi","article_published_time":"2021-04-13T06:30:53+00:00","og_image":[{"width":794,"height":499,"url":"https:\/\/akunq.net\/tr\/wp-content\/uploads\/sites\/6\/2021\/04\/Mara\u011fa.jpg","type":"image\/jpeg"}],"author":"admin","twitter_card":"summary_large_image","twitter_misc":{"Written by":"admin","Est. reading time":"1 minute"},"schema":{"@context":"https:\/\/schema.org","@graph":[{"@type":"Article","@id":"https:\/\/akunq.net\/tr\/?p=62365#article","isPartOf":{"@id":"https:\/\/akunq.net\/tr\/?p=62365"},"author":{"name":"admin","@id":"https:\/\/akunq.net\/tr\/#\/schema\/person\/096f1d38a12cce57fb855b485ed24c9e"},"headline":"Karaba\u011f y\u00f6netiminden 29 y\u0131l \u00f6nce Karaba\u011f\u2019\u0131n Mara\u011fa k\u00f6y\u00fcnde Azerbaycanl\u0131 askerlerin yapt\u0131\u011f\u0131 sivil katliamlar\u0131na dair a\u00e7\u0131klama","datePublished":"2021-04-13T06:30:53+00:00","mainEntityOfPage":{"@id":"https:\/\/akunq.net\/tr\/?p=62365"},"wordCount":308,"commentCount":0,"image":{"@id":"https:\/\/akunq.net\/tr\/?p=62365#primaryimage"},"thumbnailUrl":"https:\/\/akunq.net\/tr\/wp-content\/uploads\/sites\/6\/2021\/04\/Mara\u011fa.jpg","articleSection":["Haberler","Tarih Sayfalar\u0131"],"inLanguage":"en-US","potentialAction":[{"@type":"CommentAction","name":"Comment","target":["https:\/\/akunq.net\/tr\/?p=62365#respond"]}]},{"@type":"WebPage","@id":"https:\/\/akunq.net\/tr\/?p=62365","url":"https:\/\/akunq.net\/tr\/?p=62365","name":"Karaba\u011f y\u00f6netiminden 29 y\u0131l \u00f6nce Karaba\u011f\u2019\u0131n Mara\u011fa k\u00f6y\u00fcnde Azerbaycanl\u0131 askerlerin yapt\u0131\u011f\u0131 sivil katliamlar\u0131na dair a\u00e7\u0131klama - Bati Ermenistan Ve Bati Ermenileri Sorunlari Ara\u015ftirmalar Merkezi","isPartOf":{"@id":"https:\/\/akunq.net\/tr\/#website"},"primaryImageOfPage":{"@id":"https:\/\/akunq.net\/tr\/?p=62365#primaryimage"},"image":{"@id":"https:\/\/akunq.net\/tr\/?p=62365#primaryimage"},"thumbnailUrl":"https:\/\/akunq.net\/tr\/wp-content\/uploads\/sites\/6\/2021\/04\/Mara\u011fa.jpg","datePublished":"2021-04-13T06:30:53+00:00","author":{"@id":"https:\/\/akunq.net\/tr\/#\/schema\/person\/096f1d38a12cce57fb855b485ed24c9e"},"breadcrumb":{"@id":"https:\/\/akunq.net\/tr\/?p=62365#breadcrumb"},"inLanguage":"en-US","potentialAction":[{"@type":"ReadAction","target":["https:\/\/akunq.net\/tr\/?p=62365"]}]},{"@type":"ImageObject","inLanguage":"en-US","@id":"https:\/\/akunq.net\/tr\/?p=62365#primaryimage","url":"https:\/\/akunq.net\/tr\/wp-content\/uploads\/sites\/6\/2021\/04\/Mara\u011fa.jpg","contentUrl":"https:\/\/akunq.net\/tr\/wp-content\/uploads\/sites\/6\/2021\/04\/Mara\u011fa.jpg","width":794,"height":499},{"@type":"BreadcrumbList","@id":"https:\/\/akunq.net\/tr\/?p=62365#breadcrumb","itemListElement":[{"@type":"ListItem","position":1,"name":"Home","item":"https:\/\/akunq.net\/tr"},{"@type":"ListItem","position":2,"name":"Karaba\u011f y\u00f6netiminden 29 y\u0131l \u00f6nce Karaba\u011f\u2019\u0131n Mara\u011fa k\u00f6y\u00fcnde Azerbaycanl\u0131 askerlerin yapt\u0131\u011f\u0131 sivil katliamlar\u0131na dair a\u00e7\u0131klama"}]},{"@type":"WebSite","@id":"https:\/\/akunq.net\/tr\/#website","url":"https:\/\/akunq.net\/tr\/","name":"Bati Ermenistan Ve Bati Ermenileri Sorunlari Ara\u015ftirmalar Merkezi","description":"","potentialAction":[{"@type":"SearchAction","target":{"@type":"EntryPoint","urlTemplate":"https:\/\/akunq.net\/tr\/?s={search_term_string}"},"query-input":{"@type":"PropertyValueSpecification","valueRequired":true,"valueName":"search_term_string"}}],"inLanguage":"en-US"},{"@type":"Person","@id":"https:\/\/akunq.net\/tr\/#\/schema\/person\/096f1d38a12cce57fb855b485ed24c9e","name":"admin","url":"https:\/\/akunq.net\/tr\/?author=7"}]}},"_links":{"self":[{"href":"https:\/\/akunq.net\/tr\/index.php?rest_route=\/wp\/v2\/posts\/62365","targetHints":{"allow":["GET"]}}],"collection":[{"href":"https:\/\/akunq.net\/tr\/index.php?rest_route=\/wp\/v2\/posts"}],"about":[{"href":"https:\/\/akunq.net\/tr\/index.php?rest_route=\/wp\/v2\/types\/post"}],"author":[{"embeddable":true,"href":"https:\/\/akunq.net\/tr\/index.php?rest_route=\/wp\/v2\/users\/7"}],"replies":[{"embeddable":true,"href":"https:\/\/akunq.net\/tr\/index.php?rest_route=%2Fwp%2Fv2%2Fcomments&post=62365"}],"version-history":[{"count":1,"href":"https:\/\/akunq.net\/tr\/index.php?rest_route=\/wp\/v2\/posts\/62365\/revisions"}],"predecessor-version":[{"id":62367,"href":"https:\/\/akunq.net\/tr\/index.php?rest_route=\/wp\/v2\/posts\/62365\/revisions\/62367"}],"wp:featuredmedia":[{"embeddable":true,"href":"https:\/\/akunq.net\/tr\/index.php?rest_route=\/wp\/v2\/media\/62366"}],"wp:attachment":[{"href":"https:\/\/akunq.net\/tr\/index.php?rest_route=%2Fwp%2Fv2%2Fmedia&parent=62365"}],"wp:term":[{"taxonomy":"category","embeddable":true,"href":"https:\/\/akunq.net\/tr\/index.php?rest_route=%2Fwp%2Fv2%2Fcategories&post=62365"},{"taxonomy":"post_tag","embeddable":true,"href":"https:\/\/akunq.net\/tr\/index.php?rest_route=%2Fwp%2Fv2%2Ftags&post=62365"}],"curies":[{"name":"wp","href":"https:\/\/api.w.org\/{rel}","templated":true}]}}