{"id":62349,"date":"2021-04-12T02:43:48","date_gmt":"2021-04-12T07:43:48","guid":{"rendered":"https:\/\/akunq.net\/tr\/?p=62349"},"modified":"2021-04-12T02:43:48","modified_gmt":"2021-04-12T07:43:48","slug":"akdamar-akhtamar-akunq-web-sitesi-adasinda-ilkbahar-guzelligi-buyuledi","status":"publish","type":"post","link":"https:\/\/akunq.net\/tr\/?p=62349","title":{"rendered":"Akdamar (Akhtamar-&#8216;Akunq&#8217; web sitesi) Adas\u0131\u2019nda ilkbahar g\u00fczelli\u011fi b\u00fcy\u00fcledi"},"content":{"rendered":"<p><img loading=\"lazy\" decoding=\"async\" class=\"aligncenter size-medium wp-image-62350\" src=\"https:\/\/akunq.net\/tr\/wp-content\/uploads\/2021\/04\/Akhtamar-360x203.jpg\" alt=\"\" width=\"360\" height=\"203\" srcset=\"https:\/\/akunq.net\/tr\/wp-content\/uploads\/sites\/6\/2021\/04\/Akhtamar-360x203.jpg 360w, https:\/\/akunq.net\/tr\/wp-content\/uploads\/sites\/6\/2021\/04\/Akhtamar-560x315.jpg 560w, https:\/\/akunq.net\/tr\/wp-content\/uploads\/sites\/6\/2021\/04\/Akhtamar-260x146.jpg 260w, https:\/\/akunq.net\/tr\/wp-content\/uploads\/sites\/6\/2021\/04\/Akhtamar-160x90.jpg 160w, https:\/\/akunq.net\/tr\/wp-content\/uploads\/sites\/6\/2021\/04\/Akhtamar.jpg 750w\" sizes=\"auto, (max-width: 360px) 100vw, 360px\" \/><\/p>\n<p><em><strong>VAN\u2019da, her y\u0131l binlerce yerli ve yabanc\u0131 turistin ziyaret etti\u011fi Geva\u015f il\u00e7esindeki Akdamar (Akhtamar-&#8216;Akunq&#8217; web sitesi) Adas\u0131, ilkbaharda a\u00e7an badem a\u011fa\u00e7lar\u0131yla g\u00f6rsel \u015f\u00f6len sunuyor.<\/strong><\/em><\/p>\n<p>Van G\u00f6l\u00fc\u2019n\u00fcn ortas\u0131nda bulunan Akdamar Adas\u0131\u2019nda, ilkbahar\u0131n geli\u015fiyle birlikte badem a\u011fa\u00e7lar\u0131 \u00e7i\u00e7ek a\u00e7t\u0131. A\u011fa\u00e7lar\u0131n \u00e7i\u00e7ek a\u00e7mas\u0131yla birlikte ada rengarenk oldu. Her y\u0131l binlerce ki\u015finin geldi\u011fi Akdamar Adas\u0131, \u00e7evresindeki da\u011flar\u0131n eteklerinde bulunan kar ile seyrine doyumsuz bir manzara olu\u015fturdu. Geva\u015f il\u00e7esinden yakla\u015f\u0131k 20 dakika s\u00fcren tekne yolculu\u011funun ard\u0131ndan ula\u015f\u0131lan ada, her mevsim yerli ve yabanc\u0131 ziyaret\u00e7ilerin ilgisini \u00e7ekiyor. Van G\u00f6l\u00fc\u2019nden adaya tekne ile ula\u015fan y\u00fczlerce ziyaret\u00e7i, e\u015fsiz manzarada foto\u011fraf \u00e7ektirip, bu anlar\u0131 \u00f6l\u00fcms\u00fczle\u015ftirdi.<\/p>\n<p><strong>VAN G\u00d6L\u00dc FOTO\u011eRAFINA DESTEK \u0130STE\u011e\u0130<\/strong><\/p>\n<p>Gazetecilerle birlikte adaya giden Geva\u015f Belediye Ba\u015fkan\u0131 Murat Sezer, her mevsim ayr\u0131 bir g\u00fczelli\u011fi olan Akdamar Adas\u0131\u2019n\u0131n \u00f6zellikli ilkbaharla birlikte ayr\u0131 g\u00f6r\u00fcnt\u00fcye b\u00fcr\u00fcnd\u00fc\u011f\u00fcn\u00fc belireterek,\u201d Topra\u011f\u0131n canland\u0131\u011f\u0131 bu mevsimde y\u00fczlerce insan\u0131n ziyaret etti\u011fi adam\u0131za \u015fimdiden yo\u011fun bir ilgi var. Van G\u00f6l\u00fcm\u00fcz\u00fcn mavili\u011fi, Artos Da\u011f\u0131m\u0131z\u0131n g\u00fczelli\u011fi, adam\u0131zdaki badem a\u011fa\u00e7lar\u0131n\u0131 ziyarete bu y\u0131l da ciddi bir ra\u011fbet g\u00f6steriliyor. T\u00fcm insanlar\u0131 adam\u0131z\u0131 ziyarete bekliyoruz. Adam\u0131zda g\u00fczel bir renk c\u00fcmb\u00fc\u015f\u00fc var. Mavinin, ye\u015filin ve kahverenginin de\u011fi\u015fik tonlar\u0131n\u0131 ve kar\u0131 g\u00f6rebiliyoruz. Bu kadar renk c\u00fcmb\u00fc\u015f\u00fcn\u00fcn oldu\u011fu ba\u015fka bir yer yoktur. Van G\u00f6l\u00fcm\u00fcz Nasa\u2019n\u0131n a\u00e7m\u0131\u015f oldu\u011fu foto\u011fraf yar\u0131\u015fmas\u0131nda finale kald\u0131. Buradan t\u00fcm T\u00fcrkiye\u2019de ya\u015fayan vatanda\u015flar\u0131m\u0131za sesleniyoruz. Van G\u00f6l\u00fc i\u00e7in at\u0131lacak bir oy, T\u00fcrkiye i\u00e7in at\u0131lm\u0131\u015f bir oydur\u2019 deyip herkesi destek olmaya \u00e7a\u011f\u0131r\u0131yoruz\u201d dedi.<\/p>\n<p>Akdamar Adas\u0131\u2019na gelen gazeteci Berat \u00d6ner ise, ilkbahar mevsimi ile birlikte adan\u0131n ayr\u0131 bir g\u00fczelli\u011fe b\u00fcr\u00fcnd\u00fc\u011f\u00fcn\u00fc s\u00f6yleyerek,\u201dBizler, a\u00e7\u0131lan badem \u00e7i\u00e7eklerinin aras\u0131nda foto\u011fraf \u00e7ekip, g\u00fczel havay\u0131 ten\u00fcf\u00fc\u00fcs ettik. Herkesi buraya bekliyoruz\u201d diye konu\u015ftu.<\/p>\n<p><em><strong>Beh\u00e7et DALMAZ- Orhan A\u015eAN\/ VAN, (DHA)\u00a0<\/strong><\/em><\/p>\n<hr \/>\n<p><em><strong><a href=\"https:\/\/www.hurriyet.com.tr\/gundem\/akdamar-adasinda-ilkbahar-guzelligi-buyuledi-41785605\" target=\"_blank\" rel=\"noopener noreferrer\">H\u00fcrriyet Gazetesi<\/a>\u00a0<\/strong><\/em><\/p>\n","protected":false},"excerpt":{"rendered":"<p>VAN\u2019da, her y\u0131l binlerce yerli ve yabanc\u0131 turistin ziyaret etti\u011fi Geva\u015f il\u00e7esindeki Akdamar (Akhtamar-&#8216;Akunq&#8217; web sitesi) Adas\u0131, ilkbaharda a\u00e7an badem a\u011fa\u00e7lar\u0131yla g\u00f6rsel \u015f\u00f6len sunuyor. Van G\u00f6l\u00fc\u2019n\u00fcn ortas\u0131nda bulunan Akdamar Adas\u0131\u2019nda, ilkbahar\u0131n geli\u015fiyle birlikte badem a\u011fa\u00e7lar\u0131 \u00e7i\u00e7ek a\u00e7t\u0131. A\u011fa\u00e7lar\u0131n \u00e7i\u00e7ek a\u00e7mas\u0131yla birlikte ada rengarenk oldu. Her y\u0131l binlerce ki\u015finin geldi\u011fi Akdamar Adas\u0131, \u00e7evresindeki da\u011flar\u0131n eteklerinde bulunan [&hellip;]<\/p>\n","protected":false},"author":7,"featured_media":62350,"comment_status":"open","ping_status":"open","sticky":false,"template":"","format":"standard","meta":{"footnotes":""},"categories":[22,1],"tags":[],"class_list":["post-62349","post","type-post","status-publish","format-standard","has-post-thumbnail","hentry","category-gunumuzde-bati-ermenistan","category-haberler"],"yoast_head":"<!-- This site is optimized with the Yoast SEO plugin v27.4 - https:\/\/yoast.com\/product\/yoast-seo-wordpress\/ -->\n<title>Akdamar (Akhtamar-&#039;Akunq&#039; web sitesi) Adas\u0131\u2019nda ilkbahar g\u00fczelli\u011fi b\u00fcy\u00fcledi - Bati Ermenistan Ve Bati Ermenileri Sorunlari Ara\u015ftirmalar Merkezi<\/title>\n<meta name=\"robots\" content=\"index, follow, max-snippet:-1, max-image-preview:large, max-video-preview:-1\" \/>\n<link rel=\"canonical\" href=\"https:\/\/akunq.net\/tr\/?p=62349\" \/>\n<meta property=\"og:locale\" content=\"en_US\" \/>\n<meta property=\"og:type\" content=\"article\" \/>\n<meta property=\"og:title\" content=\"Akdamar (Akhtamar-&#039;Akunq&#039; web sitesi) Adas\u0131\u2019nda ilkbahar g\u00fczelli\u011fi b\u00fcy\u00fcledi - Bati Ermenistan Ve Bati Ermenileri Sorunlari Ara\u015ftirmalar Merkezi\" \/>\n<meta property=\"og:description\" content=\"VAN\u2019da, her y\u0131l binlerce yerli ve yabanc\u0131 turistin ziyaret etti\u011fi Geva\u015f il\u00e7esindeki Akdamar (Akhtamar-&#8216;Akunq&#8217; web sitesi) Adas\u0131, ilkbaharda a\u00e7an badem a\u011fa\u00e7lar\u0131yla g\u00f6rsel \u015f\u00f6len sunuyor. Van G\u00f6l\u00fc\u2019n\u00fcn ortas\u0131nda bulunan Akdamar Adas\u0131\u2019nda, ilkbahar\u0131n geli\u015fiyle birlikte badem a\u011fa\u00e7lar\u0131 \u00e7i\u00e7ek a\u00e7t\u0131. A\u011fa\u00e7lar\u0131n \u00e7i\u00e7ek a\u00e7mas\u0131yla birlikte ada rengarenk oldu. Her y\u0131l binlerce ki\u015finin geldi\u011fi Akdamar Adas\u0131, \u00e7evresindeki da\u011flar\u0131n eteklerinde bulunan [&hellip;]\" \/>\n<meta property=\"og:url\" content=\"https:\/\/akunq.net\/tr\/?p=62349\" \/>\n<meta property=\"og:site_name\" content=\"Bati Ermenistan Ve Bati Ermenileri Sorunlari Ara\u015ftirmalar Merkezi\" \/>\n<meta property=\"article:published_time\" content=\"2021-04-12T07:43:48+00:00\" \/>\n<meta property=\"og:image\" content=\"https:\/\/akunq.net\/tr\/wp-content\/uploads\/sites\/6\/2021\/04\/Akhtamar.jpg\" \/>\n\t<meta property=\"og:image:width\" content=\"750\" \/>\n\t<meta property=\"og:image:height\" content=\"422\" \/>\n\t<meta property=\"og:image:type\" content=\"image\/jpeg\" \/>\n<meta name=\"author\" content=\"admin\" \/>\n<meta name=\"twitter:card\" content=\"summary_large_image\" \/>\n<meta name=\"twitter:label1\" content=\"Written by\" \/>\n\t<meta name=\"twitter:data1\" content=\"admin\" \/>\n\t<meta name=\"twitter:label2\" content=\"Est. reading time\" \/>\n\t<meta name=\"twitter:data2\" content=\"2 minutes\" \/>\n<script type=\"application\/ld+json\" class=\"yoast-schema-graph\">{\"@context\":\"https:\\\/\\\/schema.org\",\"@graph\":[{\"@type\":\"Article\",\"@id\":\"https:\\\/\\\/akunq.net\\\/tr\\\/?p=62349#article\",\"isPartOf\":{\"@id\":\"https:\\\/\\\/akunq.net\\\/tr\\\/?p=62349\"},\"author\":{\"name\":\"admin\",\"@id\":\"https:\\\/\\\/akunq.net\\\/tr\\\/#\\\/schema\\\/person\\\/096f1d38a12cce57fb855b485ed24c9e\"},\"headline\":\"Akdamar (Akhtamar-&#8216;Akunq&#8217; web sitesi) Adas\u0131\u2019nda ilkbahar g\u00fczelli\u011fi b\u00fcy\u00fcledi\",\"datePublished\":\"2021-04-12T07:43:48+00:00\",\"mainEntityOfPage\":{\"@id\":\"https:\\\/\\\/akunq.net\\\/tr\\\/?p=62349\"},\"wordCount\":414,\"commentCount\":0,\"image\":{\"@id\":\"https:\\\/\\\/akunq.net\\\/tr\\\/?p=62349#primaryimage\"},\"thumbnailUrl\":\"https:\\\/\\\/akunq.net\\\/tr\\\/wp-content\\\/uploads\\\/sites\\\/6\\\/2021\\\/04\\\/Akhtamar.jpg\",\"articleSection\":[\"G\u00fcn\u00fcm\u00fczde Bat\u0131 Ermenistan\",\"Haberler\"],\"inLanguage\":\"en-US\",\"potentialAction\":[{\"@type\":\"CommentAction\",\"name\":\"Comment\",\"target\":[\"https:\\\/\\\/akunq.net\\\/tr\\\/?p=62349#respond\"]}]},{\"@type\":\"WebPage\",\"@id\":\"https:\\\/\\\/akunq.net\\\/tr\\\/?p=62349\",\"url\":\"https:\\\/\\\/akunq.net\\\/tr\\\/?p=62349\",\"name\":\"Akdamar (Akhtamar-'Akunq' web sitesi) Adas\u0131\u2019nda ilkbahar g\u00fczelli\u011fi b\u00fcy\u00fcledi - Bati Ermenistan Ve Bati Ermenileri Sorunlari Ara\u015ftirmalar Merkezi\",\"isPartOf\":{\"@id\":\"https:\\\/\\\/akunq.net\\\/tr\\\/#website\"},\"primaryImageOfPage\":{\"@id\":\"https:\\\/\\\/akunq.net\\\/tr\\\/?p=62349#primaryimage\"},\"image\":{\"@id\":\"https:\\\/\\\/akunq.net\\\/tr\\\/?p=62349#primaryimage\"},\"thumbnailUrl\":\"https:\\\/\\\/akunq.net\\\/tr\\\/wp-content\\\/uploads\\\/sites\\\/6\\\/2021\\\/04\\\/Akhtamar.jpg\",\"datePublished\":\"2021-04-12T07:43:48+00:00\",\"author\":{\"@id\":\"https:\\\/\\\/akunq.net\\\/tr\\\/#\\\/schema\\\/person\\\/096f1d38a12cce57fb855b485ed24c9e\"},\"breadcrumb\":{\"@id\":\"https:\\\/\\\/akunq.net\\\/tr\\\/?p=62349#breadcrumb\"},\"inLanguage\":\"en-US\",\"potentialAction\":[{\"@type\":\"ReadAction\",\"target\":[\"https:\\\/\\\/akunq.net\\\/tr\\\/?p=62349\"]}]},{\"@type\":\"ImageObject\",\"inLanguage\":\"en-US\",\"@id\":\"https:\\\/\\\/akunq.net\\\/tr\\\/?p=62349#primaryimage\",\"url\":\"https:\\\/\\\/akunq.net\\\/tr\\\/wp-content\\\/uploads\\\/sites\\\/6\\\/2021\\\/04\\\/Akhtamar.jpg\",\"contentUrl\":\"https:\\\/\\\/akunq.net\\\/tr\\\/wp-content\\\/uploads\\\/sites\\\/6\\\/2021\\\/04\\\/Akhtamar.jpg\",\"width\":750,\"height\":422},{\"@type\":\"BreadcrumbList\",\"@id\":\"https:\\\/\\\/akunq.net\\\/tr\\\/?p=62349#breadcrumb\",\"itemListElement\":[{\"@type\":\"ListItem\",\"position\":1,\"name\":\"Home\",\"item\":\"https:\\\/\\\/akunq.net\\\/tr\"},{\"@type\":\"ListItem\",\"position\":2,\"name\":\"Akdamar (Akhtamar-&#8216;Akunq&#8217; web sitesi) Adas\u0131\u2019nda ilkbahar g\u00fczelli\u011fi b\u00fcy\u00fcledi\"}]},{\"@type\":\"WebSite\",\"@id\":\"https:\\\/\\\/akunq.net\\\/tr\\\/#website\",\"url\":\"https:\\\/\\\/akunq.net\\\/tr\\\/\",\"name\":\"Bati Ermenistan Ve Bati Ermenileri Sorunlari Ara\u015ftirmalar Merkezi\",\"description\":\"\",\"potentialAction\":[{\"@type\":\"SearchAction\",\"target\":{\"@type\":\"EntryPoint\",\"urlTemplate\":\"https:\\\/\\\/akunq.net\\\/tr\\\/?s={search_term_string}\"},\"query-input\":{\"@type\":\"PropertyValueSpecification\",\"valueRequired\":true,\"valueName\":\"search_term_string\"}}],\"inLanguage\":\"en-US\"},{\"@type\":\"Person\",\"@id\":\"https:\\\/\\\/akunq.net\\\/tr\\\/#\\\/schema\\\/person\\\/096f1d38a12cce57fb855b485ed24c9e\",\"name\":\"admin\",\"url\":\"https:\\\/\\\/akunq.net\\\/tr\\\/?author=7\"}]}<\/script>\n<!-- \/ Yoast SEO plugin. -->","yoast_head_json":{"title":"Akdamar (Akhtamar-'Akunq' web sitesi) Adas\u0131\u2019nda ilkbahar g\u00fczelli\u011fi b\u00fcy\u00fcledi - Bati Ermenistan Ve Bati Ermenileri Sorunlari Ara\u015ftirmalar Merkezi","robots":{"index":"index","follow":"follow","max-snippet":"max-snippet:-1","max-image-preview":"max-image-preview:large","max-video-preview":"max-video-preview:-1"},"canonical":"https:\/\/akunq.net\/tr\/?p=62349","og_locale":"en_US","og_type":"article","og_title":"Akdamar (Akhtamar-'Akunq' web sitesi) Adas\u0131\u2019nda ilkbahar g\u00fczelli\u011fi b\u00fcy\u00fcledi - Bati Ermenistan Ve Bati Ermenileri Sorunlari Ara\u015ftirmalar Merkezi","og_description":"VAN\u2019da, her y\u0131l binlerce yerli ve yabanc\u0131 turistin ziyaret etti\u011fi Geva\u015f il\u00e7esindeki Akdamar (Akhtamar-&#8216;Akunq&#8217; web sitesi) Adas\u0131, ilkbaharda a\u00e7an badem a\u011fa\u00e7lar\u0131yla g\u00f6rsel \u015f\u00f6len sunuyor. Van G\u00f6l\u00fc\u2019n\u00fcn ortas\u0131nda bulunan Akdamar Adas\u0131\u2019nda, ilkbahar\u0131n geli\u015fiyle birlikte badem a\u011fa\u00e7lar\u0131 \u00e7i\u00e7ek a\u00e7t\u0131. A\u011fa\u00e7lar\u0131n \u00e7i\u00e7ek a\u00e7mas\u0131yla birlikte ada rengarenk oldu. Her y\u0131l binlerce ki\u015finin geldi\u011fi Akdamar Adas\u0131, \u00e7evresindeki da\u011flar\u0131n eteklerinde bulunan [&hellip;]","og_url":"https:\/\/akunq.net\/tr\/?p=62349","og_site_name":"Bati Ermenistan Ve Bati Ermenileri Sorunlari Ara\u015ftirmalar Merkezi","article_published_time":"2021-04-12T07:43:48+00:00","og_image":[{"width":750,"height":422,"url":"https:\/\/akunq.net\/tr\/wp-content\/uploads\/sites\/6\/2021\/04\/Akhtamar.jpg","type":"image\/jpeg"}],"author":"admin","twitter_card":"summary_large_image","twitter_misc":{"Written by":"admin","Est. reading time":"2 minutes"},"schema":{"@context":"https:\/\/schema.org","@graph":[{"@type":"Article","@id":"https:\/\/akunq.net\/tr\/?p=62349#article","isPartOf":{"@id":"https:\/\/akunq.net\/tr\/?p=62349"},"author":{"name":"admin","@id":"https:\/\/akunq.net\/tr\/#\/schema\/person\/096f1d38a12cce57fb855b485ed24c9e"},"headline":"Akdamar (Akhtamar-&#8216;Akunq&#8217; web sitesi) Adas\u0131\u2019nda ilkbahar g\u00fczelli\u011fi b\u00fcy\u00fcledi","datePublished":"2021-04-12T07:43:48+00:00","mainEntityOfPage":{"@id":"https:\/\/akunq.net\/tr\/?p=62349"},"wordCount":414,"commentCount":0,"image":{"@id":"https:\/\/akunq.net\/tr\/?p=62349#primaryimage"},"thumbnailUrl":"https:\/\/akunq.net\/tr\/wp-content\/uploads\/sites\/6\/2021\/04\/Akhtamar.jpg","articleSection":["G\u00fcn\u00fcm\u00fczde Bat\u0131 Ermenistan","Haberler"],"inLanguage":"en-US","potentialAction":[{"@type":"CommentAction","name":"Comment","target":["https:\/\/akunq.net\/tr\/?p=62349#respond"]}]},{"@type":"WebPage","@id":"https:\/\/akunq.net\/tr\/?p=62349","url":"https:\/\/akunq.net\/tr\/?p=62349","name":"Akdamar (Akhtamar-'Akunq' web sitesi) Adas\u0131\u2019nda ilkbahar g\u00fczelli\u011fi b\u00fcy\u00fcledi - Bati Ermenistan Ve Bati Ermenileri Sorunlari Ara\u015ftirmalar Merkezi","isPartOf":{"@id":"https:\/\/akunq.net\/tr\/#website"},"primaryImageOfPage":{"@id":"https:\/\/akunq.net\/tr\/?p=62349#primaryimage"},"image":{"@id":"https:\/\/akunq.net\/tr\/?p=62349#primaryimage"},"thumbnailUrl":"https:\/\/akunq.net\/tr\/wp-content\/uploads\/sites\/6\/2021\/04\/Akhtamar.jpg","datePublished":"2021-04-12T07:43:48+00:00","author":{"@id":"https:\/\/akunq.net\/tr\/#\/schema\/person\/096f1d38a12cce57fb855b485ed24c9e"},"breadcrumb":{"@id":"https:\/\/akunq.net\/tr\/?p=62349#breadcrumb"},"inLanguage":"en-US","potentialAction":[{"@type":"ReadAction","target":["https:\/\/akunq.net\/tr\/?p=62349"]}]},{"@type":"ImageObject","inLanguage":"en-US","@id":"https:\/\/akunq.net\/tr\/?p=62349#primaryimage","url":"https:\/\/akunq.net\/tr\/wp-content\/uploads\/sites\/6\/2021\/04\/Akhtamar.jpg","contentUrl":"https:\/\/akunq.net\/tr\/wp-content\/uploads\/sites\/6\/2021\/04\/Akhtamar.jpg","width":750,"height":422},{"@type":"BreadcrumbList","@id":"https:\/\/akunq.net\/tr\/?p=62349#breadcrumb","itemListElement":[{"@type":"ListItem","position":1,"name":"Home","item":"https:\/\/akunq.net\/tr"},{"@type":"ListItem","position":2,"name":"Akdamar (Akhtamar-&#8216;Akunq&#8217; web sitesi) Adas\u0131\u2019nda ilkbahar g\u00fczelli\u011fi b\u00fcy\u00fcledi"}]},{"@type":"WebSite","@id":"https:\/\/akunq.net\/tr\/#website","url":"https:\/\/akunq.net\/tr\/","name":"Bati Ermenistan Ve Bati Ermenileri Sorunlari Ara\u015ftirmalar Merkezi","description":"","potentialAction":[{"@type":"SearchAction","target":{"@type":"EntryPoint","urlTemplate":"https:\/\/akunq.net\/tr\/?s={search_term_string}"},"query-input":{"@type":"PropertyValueSpecification","valueRequired":true,"valueName":"search_term_string"}}],"inLanguage":"en-US"},{"@type":"Person","@id":"https:\/\/akunq.net\/tr\/#\/schema\/person\/096f1d38a12cce57fb855b485ed24c9e","name":"admin","url":"https:\/\/akunq.net\/tr\/?author=7"}]}},"_links":{"self":[{"href":"https:\/\/akunq.net\/tr\/index.php?rest_route=\/wp\/v2\/posts\/62349","targetHints":{"allow":["GET"]}}],"collection":[{"href":"https:\/\/akunq.net\/tr\/index.php?rest_route=\/wp\/v2\/posts"}],"about":[{"href":"https:\/\/akunq.net\/tr\/index.php?rest_route=\/wp\/v2\/types\/post"}],"author":[{"embeddable":true,"href":"https:\/\/akunq.net\/tr\/index.php?rest_route=\/wp\/v2\/users\/7"}],"replies":[{"embeddable":true,"href":"https:\/\/akunq.net\/tr\/index.php?rest_route=%2Fwp%2Fv2%2Fcomments&post=62349"}],"version-history":[{"count":1,"href":"https:\/\/akunq.net\/tr\/index.php?rest_route=\/wp\/v2\/posts\/62349\/revisions"}],"predecessor-version":[{"id":62351,"href":"https:\/\/akunq.net\/tr\/index.php?rest_route=\/wp\/v2\/posts\/62349\/revisions\/62351"}],"wp:featuredmedia":[{"embeddable":true,"href":"https:\/\/akunq.net\/tr\/index.php?rest_route=\/wp\/v2\/media\/62350"}],"wp:attachment":[{"href":"https:\/\/akunq.net\/tr\/index.php?rest_route=%2Fwp%2Fv2%2Fmedia&parent=62349"}],"wp:term":[{"taxonomy":"category","embeddable":true,"href":"https:\/\/akunq.net\/tr\/index.php?rest_route=%2Fwp%2Fv2%2Fcategories&post=62349"},{"taxonomy":"post_tag","embeddable":true,"href":"https:\/\/akunq.net\/tr\/index.php?rest_route=%2Fwp%2Fv2%2Ftags&post=62349"}],"curies":[{"name":"wp","href":"https:\/\/api.w.org\/{rel}","templated":true}]}}