{"id":62341,"date":"2021-04-12T01:53:00","date_gmt":"2021-04-12T06:53:00","guid":{"rendered":"https:\/\/akunq.net\/tr\/?p=62341"},"modified":"2021-04-12T01:53:00","modified_gmt":"2021-04-12T06:53:00","slug":"suryani-rahip-aho-sefer-bilecene-ozgurluk-lutfen-suryani-kardeslerimizi-rahat-birakiniz","status":"publish","type":"post","link":"https:\/\/akunq.net\/tr\/?p=62341","title":{"rendered":"S\u00fcryani Rahip Aho Sefer Bile\u00e7en\u2019e \u00d6zg\u00fcrl\u00fck! L\u00fctfen S\u00fcryani Karde\u015flerimizi Rahat B\u0131rak\u0131n\u0131z!"},"content":{"rendered":"<p><img loading=\"lazy\" decoding=\"async\" class=\"aligncenter size-medium wp-image-62342\" src=\"https:\/\/akunq.net\/tr\/wp-content\/uploads\/2021\/04\/S\u00fcryani-Rahip-Aho-Sefer-Bile\u00e7en-360x240.jpeg\" alt=\"\" width=\"360\" height=\"240\" srcset=\"https:\/\/akunq.net\/tr\/wp-content\/uploads\/sites\/6\/2021\/04\/S\u00fcryani-Rahip-Aho-Sefer-Bile\u00e7en-360x240.jpeg 360w, https:\/\/akunq.net\/tr\/wp-content\/uploads\/sites\/6\/2021\/04\/S\u00fcryani-Rahip-Aho-Sefer-Bile\u00e7en-768x511.jpeg 768w, https:\/\/akunq.net\/tr\/wp-content\/uploads\/sites\/6\/2021\/04\/S\u00fcryani-Rahip-Aho-Sefer-Bile\u00e7en-560x373.jpeg 560w, https:\/\/akunq.net\/tr\/wp-content\/uploads\/sites\/6\/2021\/04\/S\u00fcryani-Rahip-Aho-Sefer-Bile\u00e7en-260x173.jpeg 260w, https:\/\/akunq.net\/tr\/wp-content\/uploads\/sites\/6\/2021\/04\/S\u00fcryani-Rahip-Aho-Sefer-Bile\u00e7en-160x107.jpeg 160w, https:\/\/akunq.net\/tr\/wp-content\/uploads\/sites\/6\/2021\/04\/S\u00fcryani-Rahip-Aho-Sefer-Bile\u00e7en.jpeg 1368w\" sizes=\"auto, (max-width: 360px) 100vw, 360px\" \/><\/p>\n<p><strong>Kemal Yal\u00e7\u0131n<\/strong><strong>\u00a0<\/strong><\/p>\n<p><strong><em>Nusaybin il\u00e7esi k\u0131rsal \u00dc\u00e7yol Mahallesi S\u00fcryani\u00a0Mor Yakup Manast\u0131r\u0131\u2019nda\u00a0g\u00f6revli Rahip Aho Sefer Bile\u00e7en\u2019e , Mardin\u2019de, 7.4.2021\u2019de yap\u0131lan duru\u015fmada iki y\u0131l bir ay hapis cezas\u0131 verildi. Bu olay Turabdin\u2019de, T\u00fcrkiye\u2019de son y\u00fcz y\u0131lda ya\u015fanm\u0131\u015f olan ibret verici ac\u0131 olaylardan bir yenisidir.\u00a0\u00a0<\/em><\/strong><\/p>\n<p>Bu ceza Turabdin\u2019de, yani S\u00fcryanilerin ana yurtlar\u0131nda, Mardin, Midyat, Nusaybin, \u0130dil, Darge\u00e7it, Hasankeyf, Gerc\u00fc\u015f, \u00d6merli, Savur b\u00f6lgesinde ya\u015famaya devam eden toplam 2500 kadar S\u00fcryaniyi huzursuz etmek, g\u00f6zlerini korkutmak, anayurtlar\u0131n\u0131 terk etmelerini sa\u011flamak i\u00e7in haz\u0131rlanm\u0131\u015f tertiptir.<\/p>\n<p>Osmanl\u0131 \u0130mparatorlu\u011funda 1914 \u00f6ncesinde sadece Turabdin b\u00f6lgesinde 250.000 kadar S\u00fcryani ya\u015f\u0131yordu. Katliamlarla, sald\u0131r\u0131larla, planl\u0131 tertiplerle, cinayetlerle g\u00fcn\u00fcm\u00fczde 2500 kadar S\u00fcryani kald\u0131.\u00a0 T\u00fcrkiye\u2019de ise \u00e7o\u011funlu\u011fu \u0130stanbul\u2019da olmak \u00fczere 15.000 kadar S\u00fcryani ya\u015f\u0131yor. Ne oldu insanlara? Nereye gitti bu insanlar? Neden anayurtlar\u0131n\u0131 terk etti bu insanlar? Rahip Aho Sefer Bile\u00e7en\u2019in ba\u015f\u0131na gelenlere bakarak bu sorular\u0131n cevab\u0131n\u0131 bulabiliriz.<\/p>\n<p><img loading=\"lazy\" decoding=\"async\" class=\"aligncenter size-medium wp-image-62343\" src=\"https:\/\/akunq.net\/tr\/wp-content\/uploads\/2021\/04\/Midyat-Mor-Gabriel-Manast\u0131r\u0131-Vakf\u0131-Ba\u015fkanl\u0131\u011f\u0131ndan-resmi-a\u00e7\u0131klama-8.4.2021-195x270.jpg\" alt=\"\" width=\"195\" height=\"270\" srcset=\"https:\/\/akunq.net\/tr\/wp-content\/uploads\/sites\/6\/2021\/04\/Midyat-Mor-Gabriel-Manast\u0131r\u0131-Vakf\u0131-Ba\u015fkanl\u0131\u011f\u0131ndan-resmi-a\u00e7\u0131klama-8.4.2021-195x270.jpg 195w, https:\/\/akunq.net\/tr\/wp-content\/uploads\/sites\/6\/2021\/04\/Midyat-Mor-Gabriel-Manast\u0131r\u0131-Vakf\u0131-Ba\u015fkanl\u0131\u011f\u0131ndan-resmi-a\u00e7\u0131klama-8.4.2021-560x775.jpg 560w, https:\/\/akunq.net\/tr\/wp-content\/uploads\/sites\/6\/2021\/04\/Midyat-Mor-Gabriel-Manast\u0131r\u0131-Vakf\u0131-Ba\u015fkanl\u0131\u011f\u0131ndan-resmi-a\u00e7\u0131klama-8.4.2021-260x360.jpg 260w, https:\/\/akunq.net\/tr\/wp-content\/uploads\/sites\/6\/2021\/04\/Midyat-Mor-Gabriel-Manast\u0131r\u0131-Vakf\u0131-Ba\u015fkanl\u0131\u011f\u0131ndan-resmi-a\u00e7\u0131klama-8.4.2021-160x221.jpg 160w, https:\/\/akunq.net\/tr\/wp-content\/uploads\/sites\/6\/2021\/04\/Midyat-Mor-Gabriel-Manast\u0131r\u0131-Vakf\u0131-Ba\u015fkanl\u0131\u011f\u0131ndan-resmi-a\u00e7\u0131klama-8.4.2021.jpg 587w\" sizes=\"auto, (max-width: 195px) 100vw, 195px\" \/><\/p>\n<p>Mor Yakup Manast\u0131r\u0131<strong>\u00a0<\/strong>Yukar\u0131 Mezopotamya b\u00f6lgesindeki en eski kiliselerden birisidir. 6 yy. kalmad\u0131r ve Mor Yakup d\u2019Qarno olarak ta isim salm\u0131\u015ft\u0131r. S\u00fcryanilerin \u201cTur \u0130zlo Da\u011f\u0131\u201d olarak adland\u0131rd\u0131\u011f\u0131 Bagok Da\u011f\u0131\u2019nda Milattan Sonra 309 y\u0131l\u0131nda Nusaybin piskoposlu\u011funa getirilen Mor Yakup taraf\u0131ndan H\u0131ristiyanl\u0131k h\u0131zl\u0131 bir \u015fekilde yay\u0131ld\u0131.<\/p>\n<p>Mor Yakup Manast\u0131r\u0131<strong>\u00a0<\/strong>1914 ve sonras\u0131nda ya\u015fanan katliamlar s\u0131ras\u0131nda tahrip edildi, virana haline geldi. 1990\u2019l\u0131 y\u0131llardaki k\u00f6y bo\u015faltmalar\u0131yla birlikte tamamen terk edilmi\u015fti. 2006 y\u0131l\u0131ndan itibaren bo\u015falt\u0131lan k\u00f6ylere geri d\u00f6n\u00fc\u015fler ba\u015flad\u0131. Bir grup S\u00fcryani k\u00f6ylerine geri d\u00f6nd\u00fc. Mor Yakup Manast\u0131r\u0131 da S\u00fcryani Cemaati taraf\u0131ndan yeniden restore edilmeye ba\u015flanm\u0131\u015ft\u0131.<\/p>\n<p>S\u00fcryani Rahip Aho Sefer Bile\u00e7en \u00a0Mor Yakup Manast\u0131r\u0131\u2019na Allah i\u00e7in \u00e7al\u0131\u015fmaya gelmi\u015fti. \u00c7al\u0131\u015ft\u0131, \u00e7abalad\u0131, S\u00fcryanilerin yard\u0131m ve destekleriyle virane haldeki manast\u0131r\u0131 restore ettirdi. \u00c7evre d\u00fczenlemesi yapt\u0131. 2013 y\u0131l\u0131nda Mor Yakup Manast\u0131r\u0131 ibadet yap\u0131labilir \u00f6rnek bir kilise haline geldi. Yurt d\u0131\u015f\u0131ndan ve i\u00e7inden S\u00fcryaniler, vicdanl\u0131 insanlar bu \u00f6rnek i\u015fi, restore edilmi\u015f Mor Yakup Manast\u0131r\u0131\u2019n\u0131 g\u00f6remeye geliyor, atalar\u0131n\u0131n ruhlar\u0131na mum yak\u0131yorlar, ibadetlerini yap\u0131yorlard\u0131.<\/p>\n<p>\u00c7evrede bulunan baz\u0131 ki\u015filer ve y\u00f6neticiler bu geli\u015fmelerden rahats\u0131z oldular. G\u00fcvenlik g\u00fc\u00e7lerine teslim olan bir ki\u015finin verdi\u011fi ifade \u00fczerine, \u00c7e\u015fitli tertiplerle\u00a09 Ocak 2020&#8217;de yap\u0131lan ev bask\u0131nlar\u0131nda 10 ki\u015fi g\u00f6zalt\u0131na\u00a0 al\u0131nd\u0131. G\u00f6zalt\u0131na al\u0131nan 10 ki\u015fi, bir g\u00fcn sonra tutuklanarak cezaevine g\u00f6nderildi. Tutuklananlar aras\u0131nda Rahip Aho Sefer Bile\u00e7en \u00a0de vard\u0131.<\/p>\n<p><img loading=\"lazy\" decoding=\"async\" class=\"aligncenter size-medium wp-image-62344\" src=\"https:\/\/akunq.net\/tr\/wp-content\/uploads\/2021\/04\/S\u00fcryani-Rahip-Aho-Sefer-360x227.jpg\" alt=\"\" width=\"360\" height=\"227\" srcset=\"https:\/\/akunq.net\/tr\/wp-content\/uploads\/sites\/6\/2021\/04\/S\u00fcryani-Rahip-Aho-Sefer-360x227.jpg 360w, https:\/\/akunq.net\/tr\/wp-content\/uploads\/sites\/6\/2021\/04\/S\u00fcryani-Rahip-Aho-Sefer-560x352.jpg 560w, https:\/\/akunq.net\/tr\/wp-content\/uploads\/sites\/6\/2021\/04\/S\u00fcryani-Rahip-Aho-Sefer-260x164.jpg 260w, https:\/\/akunq.net\/tr\/wp-content\/uploads\/sites\/6\/2021\/04\/S\u00fcryani-Rahip-Aho-Sefer-160x101.jpg 160w, https:\/\/akunq.net\/tr\/wp-content\/uploads\/sites\/6\/2021\/04\/S\u00fcryani-Rahip-Aho-Sefer.jpg 680w\" sizes=\"auto, (max-width: 360px) 100vw, 360px\" \/><\/p>\n<p>14 Ocak 2020\u2019de yap\u0131lan itiraz sonucu\u00a0S\u00fcryani Rahip Aho Sefer Bile\u00e7en \u00a0adli kontrol \u015fart\u0131yla tahliye edildi ama hakk\u0131nda \u201cter\u00f6r \u00f6rg\u00fct\u00fcne yard\u0131m ve yatakl\u0131k\u201d su\u00e7lamas\u0131yla iddianame haz\u0131rland\u0131. \u0130ddianamede, Bile\u00e7en \u201cPKK mensuplar\u0131n\u0131 manast\u0131rda saklamak ve erzak vermekle\u201d su\u00e7lan\u0131yordu.<\/p>\n<p>Bile\u00e7en\u2019in soru\u015fturma a\u015famas\u0131nda verdi\u011fi ifadede \u201cGelen ki\u015filerin \u00f6rg\u00fct mensubu olduklar\u0131n\u0131\u00a0bilmedi\u011fini<strong>,<\/strong>\u00a0bunu anlamas\u0131 \u00fczerine ise manast\u0131rdan ayr\u0131lmalar\u0131n\u0131 istedi\u011fini\u201d a\u00e7\u0131klad\u0131. Bu a\u00e7\u0131klama da iddianamede yer ald\u0131.\u00a0Mardin D\u00f6rd\u00fcnc\u00fc A\u011f\u0131r Ceza Mahkemesi, iddianameyi kabul ederek Bile\u00e7en hakk\u0131nda dava a\u00e7t\u0131.<\/p>\n<p>7 Nisan 2021 tarihinde be\u015finci celsesi yap\u0131lan duru\u015fmaya rahip Bile\u00e7en kat\u0131lmazken avukat haz\u0131r bulundu. Avukat\u0131n savunmas\u0131n\u0131n ard\u0131ndan karar\u0131n\u0131 a\u00e7\u0131klayan mahkeme Bile\u00e7en\u2019e toplam\u0131nda\u00a0iki y\u0131l bir ay\u00a0hapis cezas\u0131 verdi. \u0130tiraz yolunun a\u00e7\u0131k oldu\u011fu mahkeme karar\u0131 istinafa g\u00f6t\u00fcr\u00fclecek.<\/p>\n<p>Baz\u0131 haber sitelerinde kas\u0131tl\u0131 olarak, tertibi hakl\u0131 \u00e7\u0131karmak i\u00e7in Rahip Aho Sefer Bile\u00e7en\u2019in \u201c\u0130nanc\u0131m gere\u011fi yapt\u0131m,\u201d dedi\u011fine yer verildi. Bunun \u00fczerine Midyat Mor Gabriel Manast\u0131r\u0131 Vakf\u0131 Ba\u015fkanl\u0131\u011f\u0131 taraf\u0131ndan resmi bir a\u00e7\u0131klama yap\u0131ld\u0131, \u00a0Rahip Aho Sefer Bile\u00e7en\u2019in b\u00f6yle bir a\u00e7\u0131klama yapmad\u0131\u011f\u0131 bildirildi. Bu a\u00e7\u0131klamay\u0131 belge olarak yay\u0131nl\u0131yorum.<\/p>\n<p>S\u00fcryaniler T\u00fcrkiye Cumhuriyeti vatanda\u015flar\u0131d\u0131r. Her t\u00fcrl\u00fc vatanda\u015fl\u0131k g\u00f6revlerini yapmaktad\u0131rlar. S\u00fcryaniler Osmanl\u0131 devletine de T\u00fcrkiye Cumhuriyeti\u2019ne de daima sad\u0131k kald\u0131lar. S\u00fcryani Rahip Aho Sefer Bile\u00e7en\u2019e ceza yerine, virane haline getirilmi\u015f bir manast\u0131r\u0131 gece g\u00fcnd\u00fcz \u00e7al\u0131\u015farak, s\u0131rt\u0131nda toprak ta\u015f\u0131yarak \u00f6rnek bir kilise haline getirdi\u011fi, T\u00fcrkiye\u2019nin bir tarihi miras\u0131n\u0131 kurtard\u0131\u011f\u0131 i\u00e7in \u00f6d\u00fcl verilmelidir.<\/p>\n<p>L\u00fctfen S\u00fcryani karde\u015flerimizi rahat b\u0131rak\u0131n\u0131z!<\/p>\n<p>S\u00fcryaniler Anadolu\u2019nun, T\u00fcrkiye\u2019nin zenginli\u011fidir.<\/p>\n<p>Tek meyveyle bah\u00e7e olmaz!<\/p>\n<p><em>Bochum, 9 Nisan 2021<\/em><\/p>\n<p><strong><em>Akunq.net <\/em><\/strong><\/p>\n<p>&nbsp;<\/p>\n<p>&nbsp;<\/p>\n","protected":false},"excerpt":{"rendered":"<p>Kemal Yal\u00e7\u0131n\u00a0 Nusaybin il\u00e7esi k\u0131rsal \u00dc\u00e7yol Mahallesi S\u00fcryani\u00a0Mor Yakup Manast\u0131r\u0131\u2019nda\u00a0g\u00f6revli Rahip Aho Sefer Bile\u00e7en\u2019e , Mardin\u2019de, 7.4.2021\u2019de yap\u0131lan duru\u015fmada iki y\u0131l bir ay hapis cezas\u0131 verildi. Bu olay Turabdin\u2019de, T\u00fcrkiye\u2019de son y\u00fcz y\u0131lda ya\u015fanm\u0131\u015f olan ibret verici ac\u0131 olaylardan bir yenisidir.\u00a0\u00a0 Bu ceza Turabdin\u2019de, yani S\u00fcryanilerin ana yurtlar\u0131nda, Mardin, Midyat, Nusaybin, \u0130dil, Darge\u00e7it, Hasankeyf, Gerc\u00fc\u015f, [&hellip;]<\/p>\n","protected":false},"author":7,"featured_media":62342,"comment_status":"open","ping_status":"open","sticky":false,"template":"","format":"standard","meta":{"footnotes":""},"categories":[1,70,53],"tags":[],"class_list":["post-62341","post","type-post","status-publish","format-standard","has-post-thumbnail","hentry","category-haberler","category-makaleler","category-turkiyede-azinliklar"],"yoast_head":"<!-- This site is optimized with the Yoast SEO plugin v27.4 - https:\/\/yoast.com\/product\/yoast-seo-wordpress\/ -->\n<title>S\u00fcryani Rahip Aho Sefer Bile\u00e7en\u2019e \u00d6zg\u00fcrl\u00fck! L\u00fctfen S\u00fcryani Karde\u015flerimizi Rahat B\u0131rak\u0131n\u0131z! - Bati Ermenistan Ve Bati Ermenileri Sorunlari Ara\u015ftirmalar Merkezi<\/title>\n<meta name=\"robots\" content=\"index, follow, max-snippet:-1, max-image-preview:large, max-video-preview:-1\" \/>\n<link rel=\"canonical\" href=\"https:\/\/akunq.net\/tr\/?p=62341\" \/>\n<meta property=\"og:locale\" content=\"en_US\" \/>\n<meta property=\"og:type\" content=\"article\" \/>\n<meta property=\"og:title\" content=\"S\u00fcryani Rahip Aho Sefer Bile\u00e7en\u2019e \u00d6zg\u00fcrl\u00fck! L\u00fctfen S\u00fcryani Karde\u015flerimizi Rahat B\u0131rak\u0131n\u0131z! - Bati Ermenistan Ve Bati Ermenileri Sorunlari Ara\u015ftirmalar Merkezi\" \/>\n<meta property=\"og:description\" content=\"Kemal Yal\u00e7\u0131n\u00a0 Nusaybin il\u00e7esi k\u0131rsal \u00dc\u00e7yol Mahallesi S\u00fcryani\u00a0Mor Yakup Manast\u0131r\u0131\u2019nda\u00a0g\u00f6revli Rahip Aho Sefer Bile\u00e7en\u2019e , Mardin\u2019de, 7.4.2021\u2019de yap\u0131lan duru\u015fmada iki y\u0131l bir ay hapis cezas\u0131 verildi. Bu olay Turabdin\u2019de, T\u00fcrkiye\u2019de son y\u00fcz y\u0131lda ya\u015fanm\u0131\u015f olan ibret verici ac\u0131 olaylardan bir yenisidir.\u00a0\u00a0 Bu ceza Turabdin\u2019de, yani S\u00fcryanilerin ana yurtlar\u0131nda, Mardin, Midyat, Nusaybin, \u0130dil, Darge\u00e7it, Hasankeyf, Gerc\u00fc\u015f, [&hellip;]\" \/>\n<meta property=\"og:url\" content=\"https:\/\/akunq.net\/tr\/?p=62341\" \/>\n<meta property=\"og:site_name\" content=\"Bati Ermenistan Ve Bati Ermenileri Sorunlari Ara\u015ftirmalar Merkezi\" \/>\n<meta property=\"article:published_time\" content=\"2021-04-12T06:53:00+00:00\" \/>\n<meta property=\"og:image\" content=\"https:\/\/akunq.net\/tr\/wp-content\/uploads\/sites\/6\/2021\/04\/S\u00fcryani-Rahip-Aho-Sefer-Bile\u00e7en.jpeg\" \/>\n\t<meta property=\"og:image:width\" content=\"1368\" \/>\n\t<meta property=\"og:image:height\" content=\"911\" \/>\n\t<meta property=\"og:image:type\" content=\"image\/jpeg\" \/>\n<meta name=\"author\" content=\"admin\" \/>\n<meta name=\"twitter:card\" content=\"summary_large_image\" \/>\n<meta name=\"twitter:label1\" content=\"Written by\" \/>\n\t<meta name=\"twitter:data1\" content=\"admin\" \/>\n\t<meta name=\"twitter:label2\" content=\"Est. reading time\" \/>\n\t<meta name=\"twitter:data2\" content=\"4 minutes\" \/>\n<script type=\"application\/ld+json\" class=\"yoast-schema-graph\">{\"@context\":\"https:\\\/\\\/schema.org\",\"@graph\":[{\"@type\":\"Article\",\"@id\":\"https:\\\/\\\/akunq.net\\\/tr\\\/?p=62341#article\",\"isPartOf\":{\"@id\":\"https:\\\/\\\/akunq.net\\\/tr\\\/?p=62341\"},\"author\":{\"name\":\"admin\",\"@id\":\"https:\\\/\\\/akunq.net\\\/tr\\\/#\\\/schema\\\/person\\\/096f1d38a12cce57fb855b485ed24c9e\"},\"headline\":\"S\u00fcryani Rahip Aho Sefer Bile\u00e7en\u2019e \u00d6zg\u00fcrl\u00fck! L\u00fctfen S\u00fcryani Karde\u015flerimizi Rahat B\u0131rak\u0131n\u0131z!\",\"datePublished\":\"2021-04-12T06:53:00+00:00\",\"mainEntityOfPage\":{\"@id\":\"https:\\\/\\\/akunq.net\\\/tr\\\/?p=62341\"},\"wordCount\":837,\"commentCount\":0,\"image\":{\"@id\":\"https:\\\/\\\/akunq.net\\\/tr\\\/?p=62341#primaryimage\"},\"thumbnailUrl\":\"https:\\\/\\\/akunq.net\\\/tr\\\/wp-content\\\/uploads\\\/sites\\\/6\\\/2021\\\/04\\\/S\u00fcryani-Rahip-Aho-Sefer-Bile\u00e7en.jpeg\",\"articleSection\":[\"Haberler\",\"Makaleler\",\"T\u00fcrkiye\u2019de Az\u0131nl\u0131klar\"],\"inLanguage\":\"en-US\",\"potentialAction\":[{\"@type\":\"CommentAction\",\"name\":\"Comment\",\"target\":[\"https:\\\/\\\/akunq.net\\\/tr\\\/?p=62341#respond\"]}]},{\"@type\":\"WebPage\",\"@id\":\"https:\\\/\\\/akunq.net\\\/tr\\\/?p=62341\",\"url\":\"https:\\\/\\\/akunq.net\\\/tr\\\/?p=62341\",\"name\":\"S\u00fcryani Rahip Aho Sefer Bile\u00e7en\u2019e \u00d6zg\u00fcrl\u00fck! L\u00fctfen S\u00fcryani Karde\u015flerimizi Rahat B\u0131rak\u0131n\u0131z! - Bati Ermenistan Ve Bati Ermenileri Sorunlari Ara\u015ftirmalar Merkezi\",\"isPartOf\":{\"@id\":\"https:\\\/\\\/akunq.net\\\/tr\\\/#website\"},\"primaryImageOfPage\":{\"@id\":\"https:\\\/\\\/akunq.net\\\/tr\\\/?p=62341#primaryimage\"},\"image\":{\"@id\":\"https:\\\/\\\/akunq.net\\\/tr\\\/?p=62341#primaryimage\"},\"thumbnailUrl\":\"https:\\\/\\\/akunq.net\\\/tr\\\/wp-content\\\/uploads\\\/sites\\\/6\\\/2021\\\/04\\\/S\u00fcryani-Rahip-Aho-Sefer-Bile\u00e7en.jpeg\",\"datePublished\":\"2021-04-12T06:53:00+00:00\",\"author\":{\"@id\":\"https:\\\/\\\/akunq.net\\\/tr\\\/#\\\/schema\\\/person\\\/096f1d38a12cce57fb855b485ed24c9e\"},\"breadcrumb\":{\"@id\":\"https:\\\/\\\/akunq.net\\\/tr\\\/?p=62341#breadcrumb\"},\"inLanguage\":\"en-US\",\"potentialAction\":[{\"@type\":\"ReadAction\",\"target\":[\"https:\\\/\\\/akunq.net\\\/tr\\\/?p=62341\"]}]},{\"@type\":\"ImageObject\",\"inLanguage\":\"en-US\",\"@id\":\"https:\\\/\\\/akunq.net\\\/tr\\\/?p=62341#primaryimage\",\"url\":\"https:\\\/\\\/akunq.net\\\/tr\\\/wp-content\\\/uploads\\\/sites\\\/6\\\/2021\\\/04\\\/S\u00fcryani-Rahip-Aho-Sefer-Bile\u00e7en.jpeg\",\"contentUrl\":\"https:\\\/\\\/akunq.net\\\/tr\\\/wp-content\\\/uploads\\\/sites\\\/6\\\/2021\\\/04\\\/S\u00fcryani-Rahip-Aho-Sefer-Bile\u00e7en.jpeg\",\"width\":1368,\"height\":911},{\"@type\":\"BreadcrumbList\",\"@id\":\"https:\\\/\\\/akunq.net\\\/tr\\\/?p=62341#breadcrumb\",\"itemListElement\":[{\"@type\":\"ListItem\",\"position\":1,\"name\":\"Home\",\"item\":\"https:\\\/\\\/akunq.net\\\/tr\"},{\"@type\":\"ListItem\",\"position\":2,\"name\":\"S\u00fcryani Rahip Aho Sefer Bile\u00e7en\u2019e \u00d6zg\u00fcrl\u00fck! L\u00fctfen S\u00fcryani Karde\u015flerimizi Rahat B\u0131rak\u0131n\u0131z!\"}]},{\"@type\":\"WebSite\",\"@id\":\"https:\\\/\\\/akunq.net\\\/tr\\\/#website\",\"url\":\"https:\\\/\\\/akunq.net\\\/tr\\\/\",\"name\":\"Bati Ermenistan Ve Bati Ermenileri Sorunlari Ara\u015ftirmalar Merkezi\",\"description\":\"\",\"potentialAction\":[{\"@type\":\"SearchAction\",\"target\":{\"@type\":\"EntryPoint\",\"urlTemplate\":\"https:\\\/\\\/akunq.net\\\/tr\\\/?s={search_term_string}\"},\"query-input\":{\"@type\":\"PropertyValueSpecification\",\"valueRequired\":true,\"valueName\":\"search_term_string\"}}],\"inLanguage\":\"en-US\"},{\"@type\":\"Person\",\"@id\":\"https:\\\/\\\/akunq.net\\\/tr\\\/#\\\/schema\\\/person\\\/096f1d38a12cce57fb855b485ed24c9e\",\"name\":\"admin\",\"url\":\"https:\\\/\\\/akunq.net\\\/tr\\\/?author=7\"}]}<\/script>\n<!-- \/ Yoast SEO plugin. -->","yoast_head_json":{"title":"S\u00fcryani Rahip Aho Sefer Bile\u00e7en\u2019e \u00d6zg\u00fcrl\u00fck! L\u00fctfen S\u00fcryani Karde\u015flerimizi Rahat B\u0131rak\u0131n\u0131z! - Bati Ermenistan Ve Bati Ermenileri Sorunlari Ara\u015ftirmalar Merkezi","robots":{"index":"index","follow":"follow","max-snippet":"max-snippet:-1","max-image-preview":"max-image-preview:large","max-video-preview":"max-video-preview:-1"},"canonical":"https:\/\/akunq.net\/tr\/?p=62341","og_locale":"en_US","og_type":"article","og_title":"S\u00fcryani Rahip Aho Sefer Bile\u00e7en\u2019e \u00d6zg\u00fcrl\u00fck! L\u00fctfen S\u00fcryani Karde\u015flerimizi Rahat B\u0131rak\u0131n\u0131z! - Bati Ermenistan Ve Bati Ermenileri Sorunlari Ara\u015ftirmalar Merkezi","og_description":"Kemal Yal\u00e7\u0131n\u00a0 Nusaybin il\u00e7esi k\u0131rsal \u00dc\u00e7yol Mahallesi S\u00fcryani\u00a0Mor Yakup Manast\u0131r\u0131\u2019nda\u00a0g\u00f6revli Rahip Aho Sefer Bile\u00e7en\u2019e , Mardin\u2019de, 7.4.2021\u2019de yap\u0131lan duru\u015fmada iki y\u0131l bir ay hapis cezas\u0131 verildi. Bu olay Turabdin\u2019de, T\u00fcrkiye\u2019de son y\u00fcz y\u0131lda ya\u015fanm\u0131\u015f olan ibret verici ac\u0131 olaylardan bir yenisidir.\u00a0\u00a0 Bu ceza Turabdin\u2019de, yani S\u00fcryanilerin ana yurtlar\u0131nda, Mardin, Midyat, Nusaybin, \u0130dil, Darge\u00e7it, Hasankeyf, Gerc\u00fc\u015f, [&hellip;]","og_url":"https:\/\/akunq.net\/tr\/?p=62341","og_site_name":"Bati Ermenistan Ve Bati Ermenileri Sorunlari Ara\u015ftirmalar Merkezi","article_published_time":"2021-04-12T06:53:00+00:00","og_image":[{"width":1368,"height":911,"url":"https:\/\/akunq.net\/tr\/wp-content\/uploads\/sites\/6\/2021\/04\/S\u00fcryani-Rahip-Aho-Sefer-Bile\u00e7en.jpeg","type":"image\/jpeg"}],"author":"admin","twitter_card":"summary_large_image","twitter_misc":{"Written by":"admin","Est. reading time":"4 minutes"},"schema":{"@context":"https:\/\/schema.org","@graph":[{"@type":"Article","@id":"https:\/\/akunq.net\/tr\/?p=62341#article","isPartOf":{"@id":"https:\/\/akunq.net\/tr\/?p=62341"},"author":{"name":"admin","@id":"https:\/\/akunq.net\/tr\/#\/schema\/person\/096f1d38a12cce57fb855b485ed24c9e"},"headline":"S\u00fcryani Rahip Aho Sefer Bile\u00e7en\u2019e \u00d6zg\u00fcrl\u00fck! L\u00fctfen S\u00fcryani Karde\u015flerimizi Rahat B\u0131rak\u0131n\u0131z!","datePublished":"2021-04-12T06:53:00+00:00","mainEntityOfPage":{"@id":"https:\/\/akunq.net\/tr\/?p=62341"},"wordCount":837,"commentCount":0,"image":{"@id":"https:\/\/akunq.net\/tr\/?p=62341#primaryimage"},"thumbnailUrl":"https:\/\/akunq.net\/tr\/wp-content\/uploads\/sites\/6\/2021\/04\/S\u00fcryani-Rahip-Aho-Sefer-Bile\u00e7en.jpeg","articleSection":["Haberler","Makaleler","T\u00fcrkiye\u2019de Az\u0131nl\u0131klar"],"inLanguage":"en-US","potentialAction":[{"@type":"CommentAction","name":"Comment","target":["https:\/\/akunq.net\/tr\/?p=62341#respond"]}]},{"@type":"WebPage","@id":"https:\/\/akunq.net\/tr\/?p=62341","url":"https:\/\/akunq.net\/tr\/?p=62341","name":"S\u00fcryani Rahip Aho Sefer Bile\u00e7en\u2019e \u00d6zg\u00fcrl\u00fck! L\u00fctfen S\u00fcryani Karde\u015flerimizi Rahat B\u0131rak\u0131n\u0131z! - Bati Ermenistan Ve Bati Ermenileri Sorunlari Ara\u015ftirmalar Merkezi","isPartOf":{"@id":"https:\/\/akunq.net\/tr\/#website"},"primaryImageOfPage":{"@id":"https:\/\/akunq.net\/tr\/?p=62341#primaryimage"},"image":{"@id":"https:\/\/akunq.net\/tr\/?p=62341#primaryimage"},"thumbnailUrl":"https:\/\/akunq.net\/tr\/wp-content\/uploads\/sites\/6\/2021\/04\/S\u00fcryani-Rahip-Aho-Sefer-Bile\u00e7en.jpeg","datePublished":"2021-04-12T06:53:00+00:00","author":{"@id":"https:\/\/akunq.net\/tr\/#\/schema\/person\/096f1d38a12cce57fb855b485ed24c9e"},"breadcrumb":{"@id":"https:\/\/akunq.net\/tr\/?p=62341#breadcrumb"},"inLanguage":"en-US","potentialAction":[{"@type":"ReadAction","target":["https:\/\/akunq.net\/tr\/?p=62341"]}]},{"@type":"ImageObject","inLanguage":"en-US","@id":"https:\/\/akunq.net\/tr\/?p=62341#primaryimage","url":"https:\/\/akunq.net\/tr\/wp-content\/uploads\/sites\/6\/2021\/04\/S\u00fcryani-Rahip-Aho-Sefer-Bile\u00e7en.jpeg","contentUrl":"https:\/\/akunq.net\/tr\/wp-content\/uploads\/sites\/6\/2021\/04\/S\u00fcryani-Rahip-Aho-Sefer-Bile\u00e7en.jpeg","width":1368,"height":911},{"@type":"BreadcrumbList","@id":"https:\/\/akunq.net\/tr\/?p=62341#breadcrumb","itemListElement":[{"@type":"ListItem","position":1,"name":"Home","item":"https:\/\/akunq.net\/tr"},{"@type":"ListItem","position":2,"name":"S\u00fcryani Rahip Aho Sefer Bile\u00e7en\u2019e \u00d6zg\u00fcrl\u00fck! L\u00fctfen S\u00fcryani Karde\u015flerimizi Rahat B\u0131rak\u0131n\u0131z!"}]},{"@type":"WebSite","@id":"https:\/\/akunq.net\/tr\/#website","url":"https:\/\/akunq.net\/tr\/","name":"Bati Ermenistan Ve Bati Ermenileri Sorunlari Ara\u015ftirmalar Merkezi","description":"","potentialAction":[{"@type":"SearchAction","target":{"@type":"EntryPoint","urlTemplate":"https:\/\/akunq.net\/tr\/?s={search_term_string}"},"query-input":{"@type":"PropertyValueSpecification","valueRequired":true,"valueName":"search_term_string"}}],"inLanguage":"en-US"},{"@type":"Person","@id":"https:\/\/akunq.net\/tr\/#\/schema\/person\/096f1d38a12cce57fb855b485ed24c9e","name":"admin","url":"https:\/\/akunq.net\/tr\/?author=7"}]}},"_links":{"self":[{"href":"https:\/\/akunq.net\/tr\/index.php?rest_route=\/wp\/v2\/posts\/62341","targetHints":{"allow":["GET"]}}],"collection":[{"href":"https:\/\/akunq.net\/tr\/index.php?rest_route=\/wp\/v2\/posts"}],"about":[{"href":"https:\/\/akunq.net\/tr\/index.php?rest_route=\/wp\/v2\/types\/post"}],"author":[{"embeddable":true,"href":"https:\/\/akunq.net\/tr\/index.php?rest_route=\/wp\/v2\/users\/7"}],"replies":[{"embeddable":true,"href":"https:\/\/akunq.net\/tr\/index.php?rest_route=%2Fwp%2Fv2%2Fcomments&post=62341"}],"version-history":[{"count":1,"href":"https:\/\/akunq.net\/tr\/index.php?rest_route=\/wp\/v2\/posts\/62341\/revisions"}],"predecessor-version":[{"id":62345,"href":"https:\/\/akunq.net\/tr\/index.php?rest_route=\/wp\/v2\/posts\/62341\/revisions\/62345"}],"wp:featuredmedia":[{"embeddable":true,"href":"https:\/\/akunq.net\/tr\/index.php?rest_route=\/wp\/v2\/media\/62342"}],"wp:attachment":[{"href":"https:\/\/akunq.net\/tr\/index.php?rest_route=%2Fwp%2Fv2%2Fmedia&parent=62341"}],"wp:term":[{"taxonomy":"category","embeddable":true,"href":"https:\/\/akunq.net\/tr\/index.php?rest_route=%2Fwp%2Fv2%2Fcategories&post=62341"},{"taxonomy":"post_tag","embeddable":true,"href":"https:\/\/akunq.net\/tr\/index.php?rest_route=%2Fwp%2Fv2%2Ftags&post=62341"}],"curies":[{"name":"wp","href":"https:\/\/api.w.org\/{rel}","templated":true}]}}