{"id":62329,"date":"2021-04-09T08:10:16","date_gmt":"2021-04-09T13:10:16","guid":{"rendered":"https:\/\/akunq.net\/tr\/?p=62329"},"modified":"2021-04-09T08:10:16","modified_gmt":"2021-04-09T13:10:16","slug":"abd-temsilciler-meclisinden-joe-bidene-cagri-ermeni-soykirimi-konusunda-abdnin-utanc-verici-sessizligi-sona-ermeli","status":"publish","type":"post","link":"https:\/\/akunq.net\/tr\/?p=62329","title":{"rendered":"ABD Temsilciler Meclisi\u2019nden Joe Biden\u2019e \u00e7a\u011fr\u0131: Ermeni Soyk\u0131r\u0131m\u0131 konusunda ABD\u2019nin utan\u00e7 verici sessizli\u011fi sona ermeli"},"content":{"rendered":"<p><img loading=\"lazy\" decoding=\"async\" class=\"aligncenter size-medium wp-image-62330\" src=\"https:\/\/akunq.net\/tr\/wp-content\/uploads\/2021\/04\/ANCA-360x202.jpg\" alt=\"\" width=\"360\" height=\"202\" srcset=\"https:\/\/akunq.net\/tr\/wp-content\/uploads\/sites\/6\/2021\/04\/ANCA-360x202.jpg 360w, https:\/\/akunq.net\/tr\/wp-content\/uploads\/sites\/6\/2021\/04\/ANCA-768x431.jpg 768w, https:\/\/akunq.net\/tr\/wp-content\/uploads\/sites\/6\/2021\/04\/ANCA-560x314.jpg 560w, https:\/\/akunq.net\/tr\/wp-content\/uploads\/sites\/6\/2021\/04\/ANCA-260x146.jpg 260w, https:\/\/akunq.net\/tr\/wp-content\/uploads\/sites\/6\/2021\/04\/ANCA-160x90.jpg 160w, https:\/\/akunq.net\/tr\/wp-content\/uploads\/sites\/6\/2021\/04\/ANCA.jpg 790w\" sizes=\"auto, (max-width: 360px) 100vw, 360px\" \/><\/p>\n<p><em><strong>ABD Kongresi Temsilciler Meclisi\u2019nin Ermeni Komisyonu Devlet Ba\u015fkan\u0131 Joe Biden\u2019e \u00e7a\u011fr\u0131da bulunup 24 Nisan tarihinde yap\u0131lacak a\u00e7\u0131klama ile net bir \u015fekilde Ermeni Soyk\u0131r\u0131m\u0131n\u0131 tan\u0131ma talebini \u00f6ne s\u00fcrd\u00fc ve buna ili\u015fkin imza kampanyas\u0131 ba\u015flatt\u0131.<\/strong><\/em><\/p>\n<p>ABD Ermeni Davas\u0131 Konseyi\u2019nden edinen bilgilere g\u00f6re ge\u00e7en ay 38 senat\u00f6r Ermeni Soyk\u0131r\u0131m\u0131n\u0131 tan\u0131\u015fa \u00e7ar\u0131s\u0131 i\u00e7eren bir mektup g\u00f6ndermi\u015fti Joe Biden\u2019e.<\/p>\n<p>Mektupta \u015fu ifadelere yer verilmi\u015fti:<\/p>\n<p>\u201cSay\u0131n Devlet Ba\u015fkan\u0131 Biden,<\/p>\n<p>Bu ay sonunda, 24 Nisan tarinde d\u00fcnya Ermeni Soyk\u0131r\u0131m\u0131\u2019n\u0131n 106\u2019\u0131nc\u0131 y\u0131ld\u00f6n\u00fcm\u00fc anacak, 1915-1923 y\u0131llar\u0131nda Osmanl\u0131 \u0130mparatorlu\u011fu taraf\u0131ndan 1.5 milyon Ermeni\u2019nin sistematik bir \u015fekilde katledilmesi ve milyonlarca ki\u015finin yerden edilmesi. Onlarca y\u0131l d\u00fcnya liderleri 20\u2019inci y\u00fczy\u0131l\u0131n ilk soyk\u0131r\u0131m\u0131 tan\u0131rken ABD Devlet Ba\u015fkan\u0131 susuyor. Biz gururlu ve do\u011frulu\u011fa, adalete destek olan ABD Ermeni toplumuna kat\u0131larak 24 Nisan a\u00e7\u0131klaman\u0131zda net bir \u015fekilde Ermeni Soyk\u0131r\u0131m\u0131 ger\u00e7e\u011fini tan\u0131maya \u00e7a\u011f\u0131r\u0131yoruz.\u201d<\/p>\n<p><em><strong>https:\/\/www.ermenihaber.am\/tr\/news\/2021\/04\/09\/ABD-Temsilciler-Meclisi-Joe-Biden-Ermeni-Soyk%C4%B1r%C4%B1m%C4%B1\/205847\u00a0<\/strong><\/em><\/p>\n","protected":false},"excerpt":{"rendered":"<p>ABD Kongresi Temsilciler Meclisi\u2019nin Ermeni Komisyonu Devlet Ba\u015fkan\u0131 Joe Biden\u2019e \u00e7a\u011fr\u0131da bulunup 24 Nisan tarihinde yap\u0131lacak a\u00e7\u0131klama ile net bir \u015fekilde Ermeni Soyk\u0131r\u0131m\u0131n\u0131 tan\u0131ma talebini \u00f6ne s\u00fcrd\u00fc ve buna ili\u015fkin imza kampanyas\u0131 ba\u015flatt\u0131. ABD Ermeni Davas\u0131 Konseyi\u2019nden edinen bilgilere g\u00f6re ge\u00e7en ay 38 senat\u00f6r Ermeni Soyk\u0131r\u0131m\u0131n\u0131 tan\u0131\u015fa \u00e7ar\u0131s\u0131 i\u00e7eren bir mektup g\u00f6ndermi\u015fti Joe Biden\u2019e. Mektupta [&hellip;]<\/p>\n","protected":false},"author":7,"featured_media":62330,"comment_status":"open","ping_status":"open","sticky":false,"template":"","format":"standard","meta":{"footnotes":""},"categories":[44,1],"tags":[],"class_list":["post-62329","post","type-post","status-publish","format-standard","has-post-thumbnail","hentry","category-ermeni-soykirimi","category-haberler"],"yoast_head":"<!-- This site is optimized with the Yoast SEO plugin v27.4 - https:\/\/yoast.com\/product\/yoast-seo-wordpress\/ -->\n<title>ABD Temsilciler Meclisi\u2019nden Joe Biden\u2019e \u00e7a\u011fr\u0131: Ermeni Soyk\u0131r\u0131m\u0131 konusunda ABD\u2019nin utan\u00e7 verici sessizli\u011fi sona ermeli - Bati Ermenistan Ve Bati Ermenileri Sorunlari Ara\u015ftirmalar Merkezi<\/title>\n<meta name=\"robots\" content=\"index, follow, max-snippet:-1, max-image-preview:large, max-video-preview:-1\" \/>\n<link rel=\"canonical\" href=\"https:\/\/akunq.net\/tr\/?p=62329\" \/>\n<meta property=\"og:locale\" content=\"en_US\" \/>\n<meta property=\"og:type\" content=\"article\" \/>\n<meta property=\"og:title\" content=\"ABD Temsilciler Meclisi\u2019nden Joe Biden\u2019e \u00e7a\u011fr\u0131: Ermeni Soyk\u0131r\u0131m\u0131 konusunda ABD\u2019nin utan\u00e7 verici sessizli\u011fi sona ermeli - Bati Ermenistan Ve Bati Ermenileri Sorunlari Ara\u015ftirmalar Merkezi\" \/>\n<meta property=\"og:description\" content=\"ABD Kongresi Temsilciler Meclisi\u2019nin Ermeni Komisyonu Devlet Ba\u015fkan\u0131 Joe Biden\u2019e \u00e7a\u011fr\u0131da bulunup 24 Nisan tarihinde yap\u0131lacak a\u00e7\u0131klama ile net bir \u015fekilde Ermeni Soyk\u0131r\u0131m\u0131n\u0131 tan\u0131ma talebini \u00f6ne s\u00fcrd\u00fc ve buna ili\u015fkin imza kampanyas\u0131 ba\u015flatt\u0131. ABD Ermeni Davas\u0131 Konseyi\u2019nden edinen bilgilere g\u00f6re ge\u00e7en ay 38 senat\u00f6r Ermeni Soyk\u0131r\u0131m\u0131n\u0131 tan\u0131\u015fa \u00e7ar\u0131s\u0131 i\u00e7eren bir mektup g\u00f6ndermi\u015fti Joe Biden\u2019e. Mektupta [&hellip;]\" \/>\n<meta property=\"og:url\" content=\"https:\/\/akunq.net\/tr\/?p=62329\" \/>\n<meta property=\"og:site_name\" content=\"Bati Ermenistan Ve Bati Ermenileri Sorunlari Ara\u015ftirmalar Merkezi\" \/>\n<meta property=\"article:published_time\" content=\"2021-04-09T13:10:16+00:00\" \/>\n<meta property=\"og:image\" content=\"https:\/\/akunq.net\/tr\/wp-content\/uploads\/sites\/6\/2021\/04\/ANCA.jpg\" \/>\n\t<meta property=\"og:image:width\" content=\"790\" \/>\n\t<meta property=\"og:image:height\" content=\"443\" \/>\n\t<meta property=\"og:image:type\" content=\"image\/jpeg\" \/>\n<meta name=\"author\" content=\"admin\" \/>\n<meta name=\"twitter:card\" content=\"summary_large_image\" \/>\n<meta name=\"twitter:label1\" content=\"Written by\" \/>\n\t<meta name=\"twitter:data1\" content=\"admin\" \/>\n\t<meta name=\"twitter:label2\" content=\"Est. reading time\" \/>\n\t<meta name=\"twitter:data2\" content=\"1 minute\" \/>\n<script type=\"application\/ld+json\" class=\"yoast-schema-graph\">{\"@context\":\"https:\\\/\\\/schema.org\",\"@graph\":[{\"@type\":\"Article\",\"@id\":\"https:\\\/\\\/akunq.net\\\/tr\\\/?p=62329#article\",\"isPartOf\":{\"@id\":\"https:\\\/\\\/akunq.net\\\/tr\\\/?p=62329\"},\"author\":{\"name\":\"admin\",\"@id\":\"https:\\\/\\\/akunq.net\\\/tr\\\/#\\\/schema\\\/person\\\/096f1d38a12cce57fb855b485ed24c9e\"},\"headline\":\"ABD Temsilciler Meclisi\u2019nden Joe Biden\u2019e \u00e7a\u011fr\u0131: Ermeni Soyk\u0131r\u0131m\u0131 konusunda ABD\u2019nin utan\u00e7 verici sessizli\u011fi sona ermeli\",\"datePublished\":\"2021-04-09T13:10:16+00:00\",\"mainEntityOfPage\":{\"@id\":\"https:\\\/\\\/akunq.net\\\/tr\\\/?p=62329\"},\"wordCount\":224,\"commentCount\":0,\"image\":{\"@id\":\"https:\\\/\\\/akunq.net\\\/tr\\\/?p=62329#primaryimage\"},\"thumbnailUrl\":\"https:\\\/\\\/akunq.net\\\/tr\\\/wp-content\\\/uploads\\\/sites\\\/6\\\/2021\\\/04\\\/ANCA.jpg\",\"articleSection\":[\"Ermeni Soyk\u0131r\u0131m\u0131\",\"Haberler\"],\"inLanguage\":\"en-US\",\"potentialAction\":[{\"@type\":\"CommentAction\",\"name\":\"Comment\",\"target\":[\"https:\\\/\\\/akunq.net\\\/tr\\\/?p=62329#respond\"]}]},{\"@type\":\"WebPage\",\"@id\":\"https:\\\/\\\/akunq.net\\\/tr\\\/?p=62329\",\"url\":\"https:\\\/\\\/akunq.net\\\/tr\\\/?p=62329\",\"name\":\"ABD Temsilciler Meclisi\u2019nden Joe Biden\u2019e \u00e7a\u011fr\u0131: Ermeni Soyk\u0131r\u0131m\u0131 konusunda ABD\u2019nin utan\u00e7 verici sessizli\u011fi sona ermeli - Bati Ermenistan Ve Bati Ermenileri Sorunlari Ara\u015ftirmalar Merkezi\",\"isPartOf\":{\"@id\":\"https:\\\/\\\/akunq.net\\\/tr\\\/#website\"},\"primaryImageOfPage\":{\"@id\":\"https:\\\/\\\/akunq.net\\\/tr\\\/?p=62329#primaryimage\"},\"image\":{\"@id\":\"https:\\\/\\\/akunq.net\\\/tr\\\/?p=62329#primaryimage\"},\"thumbnailUrl\":\"https:\\\/\\\/akunq.net\\\/tr\\\/wp-content\\\/uploads\\\/sites\\\/6\\\/2021\\\/04\\\/ANCA.jpg\",\"datePublished\":\"2021-04-09T13:10:16+00:00\",\"author\":{\"@id\":\"https:\\\/\\\/akunq.net\\\/tr\\\/#\\\/schema\\\/person\\\/096f1d38a12cce57fb855b485ed24c9e\"},\"breadcrumb\":{\"@id\":\"https:\\\/\\\/akunq.net\\\/tr\\\/?p=62329#breadcrumb\"},\"inLanguage\":\"en-US\",\"potentialAction\":[{\"@type\":\"ReadAction\",\"target\":[\"https:\\\/\\\/akunq.net\\\/tr\\\/?p=62329\"]}]},{\"@type\":\"ImageObject\",\"inLanguage\":\"en-US\",\"@id\":\"https:\\\/\\\/akunq.net\\\/tr\\\/?p=62329#primaryimage\",\"url\":\"https:\\\/\\\/akunq.net\\\/tr\\\/wp-content\\\/uploads\\\/sites\\\/6\\\/2021\\\/04\\\/ANCA.jpg\",\"contentUrl\":\"https:\\\/\\\/akunq.net\\\/tr\\\/wp-content\\\/uploads\\\/sites\\\/6\\\/2021\\\/04\\\/ANCA.jpg\",\"width\":790,\"height\":443},{\"@type\":\"BreadcrumbList\",\"@id\":\"https:\\\/\\\/akunq.net\\\/tr\\\/?p=62329#breadcrumb\",\"itemListElement\":[{\"@type\":\"ListItem\",\"position\":1,\"name\":\"Home\",\"item\":\"https:\\\/\\\/akunq.net\\\/tr\"},{\"@type\":\"ListItem\",\"position\":2,\"name\":\"ABD Temsilciler Meclisi\u2019nden Joe Biden\u2019e \u00e7a\u011fr\u0131: Ermeni Soyk\u0131r\u0131m\u0131 konusunda ABD\u2019nin utan\u00e7 verici sessizli\u011fi sona ermeli\"}]},{\"@type\":\"WebSite\",\"@id\":\"https:\\\/\\\/akunq.net\\\/tr\\\/#website\",\"url\":\"https:\\\/\\\/akunq.net\\\/tr\\\/\",\"name\":\"Bati Ermenistan Ve Bati Ermenileri Sorunlari Ara\u015ftirmalar Merkezi\",\"description\":\"\",\"potentialAction\":[{\"@type\":\"SearchAction\",\"target\":{\"@type\":\"EntryPoint\",\"urlTemplate\":\"https:\\\/\\\/akunq.net\\\/tr\\\/?s={search_term_string}\"},\"query-input\":{\"@type\":\"PropertyValueSpecification\",\"valueRequired\":true,\"valueName\":\"search_term_string\"}}],\"inLanguage\":\"en-US\"},{\"@type\":\"Person\",\"@id\":\"https:\\\/\\\/akunq.net\\\/tr\\\/#\\\/schema\\\/person\\\/096f1d38a12cce57fb855b485ed24c9e\",\"name\":\"admin\",\"url\":\"https:\\\/\\\/akunq.net\\\/tr\\\/?author=7\"}]}<\/script>\n<!-- \/ Yoast SEO plugin. -->","yoast_head_json":{"title":"ABD Temsilciler Meclisi\u2019nden Joe Biden\u2019e \u00e7a\u011fr\u0131: Ermeni Soyk\u0131r\u0131m\u0131 konusunda ABD\u2019nin utan\u00e7 verici sessizli\u011fi sona ermeli - Bati Ermenistan Ve Bati Ermenileri Sorunlari Ara\u015ftirmalar Merkezi","robots":{"index":"index","follow":"follow","max-snippet":"max-snippet:-1","max-image-preview":"max-image-preview:large","max-video-preview":"max-video-preview:-1"},"canonical":"https:\/\/akunq.net\/tr\/?p=62329","og_locale":"en_US","og_type":"article","og_title":"ABD Temsilciler Meclisi\u2019nden Joe Biden\u2019e \u00e7a\u011fr\u0131: Ermeni Soyk\u0131r\u0131m\u0131 konusunda ABD\u2019nin utan\u00e7 verici sessizli\u011fi sona ermeli - Bati Ermenistan Ve Bati Ermenileri Sorunlari Ara\u015ftirmalar Merkezi","og_description":"ABD Kongresi Temsilciler Meclisi\u2019nin Ermeni Komisyonu Devlet Ba\u015fkan\u0131 Joe Biden\u2019e \u00e7a\u011fr\u0131da bulunup 24 Nisan tarihinde yap\u0131lacak a\u00e7\u0131klama ile net bir \u015fekilde Ermeni Soyk\u0131r\u0131m\u0131n\u0131 tan\u0131ma talebini \u00f6ne s\u00fcrd\u00fc ve buna ili\u015fkin imza kampanyas\u0131 ba\u015flatt\u0131. ABD Ermeni Davas\u0131 Konseyi\u2019nden edinen bilgilere g\u00f6re ge\u00e7en ay 38 senat\u00f6r Ermeni Soyk\u0131r\u0131m\u0131n\u0131 tan\u0131\u015fa \u00e7ar\u0131s\u0131 i\u00e7eren bir mektup g\u00f6ndermi\u015fti Joe Biden\u2019e. Mektupta [&hellip;]","og_url":"https:\/\/akunq.net\/tr\/?p=62329","og_site_name":"Bati Ermenistan Ve Bati Ermenileri Sorunlari Ara\u015ftirmalar Merkezi","article_published_time":"2021-04-09T13:10:16+00:00","og_image":[{"width":790,"height":443,"url":"https:\/\/akunq.net\/tr\/wp-content\/uploads\/sites\/6\/2021\/04\/ANCA.jpg","type":"image\/jpeg"}],"author":"admin","twitter_card":"summary_large_image","twitter_misc":{"Written by":"admin","Est. reading time":"1 minute"},"schema":{"@context":"https:\/\/schema.org","@graph":[{"@type":"Article","@id":"https:\/\/akunq.net\/tr\/?p=62329#article","isPartOf":{"@id":"https:\/\/akunq.net\/tr\/?p=62329"},"author":{"name":"admin","@id":"https:\/\/akunq.net\/tr\/#\/schema\/person\/096f1d38a12cce57fb855b485ed24c9e"},"headline":"ABD Temsilciler Meclisi\u2019nden Joe Biden\u2019e \u00e7a\u011fr\u0131: Ermeni Soyk\u0131r\u0131m\u0131 konusunda ABD\u2019nin utan\u00e7 verici sessizli\u011fi sona ermeli","datePublished":"2021-04-09T13:10:16+00:00","mainEntityOfPage":{"@id":"https:\/\/akunq.net\/tr\/?p=62329"},"wordCount":224,"commentCount":0,"image":{"@id":"https:\/\/akunq.net\/tr\/?p=62329#primaryimage"},"thumbnailUrl":"https:\/\/akunq.net\/tr\/wp-content\/uploads\/sites\/6\/2021\/04\/ANCA.jpg","articleSection":["Ermeni Soyk\u0131r\u0131m\u0131","Haberler"],"inLanguage":"en-US","potentialAction":[{"@type":"CommentAction","name":"Comment","target":["https:\/\/akunq.net\/tr\/?p=62329#respond"]}]},{"@type":"WebPage","@id":"https:\/\/akunq.net\/tr\/?p=62329","url":"https:\/\/akunq.net\/tr\/?p=62329","name":"ABD Temsilciler Meclisi\u2019nden Joe Biden\u2019e \u00e7a\u011fr\u0131: Ermeni Soyk\u0131r\u0131m\u0131 konusunda ABD\u2019nin utan\u00e7 verici sessizli\u011fi sona ermeli - Bati Ermenistan Ve Bati Ermenileri Sorunlari Ara\u015ftirmalar Merkezi","isPartOf":{"@id":"https:\/\/akunq.net\/tr\/#website"},"primaryImageOfPage":{"@id":"https:\/\/akunq.net\/tr\/?p=62329#primaryimage"},"image":{"@id":"https:\/\/akunq.net\/tr\/?p=62329#primaryimage"},"thumbnailUrl":"https:\/\/akunq.net\/tr\/wp-content\/uploads\/sites\/6\/2021\/04\/ANCA.jpg","datePublished":"2021-04-09T13:10:16+00:00","author":{"@id":"https:\/\/akunq.net\/tr\/#\/schema\/person\/096f1d38a12cce57fb855b485ed24c9e"},"breadcrumb":{"@id":"https:\/\/akunq.net\/tr\/?p=62329#breadcrumb"},"inLanguage":"en-US","potentialAction":[{"@type":"ReadAction","target":["https:\/\/akunq.net\/tr\/?p=62329"]}]},{"@type":"ImageObject","inLanguage":"en-US","@id":"https:\/\/akunq.net\/tr\/?p=62329#primaryimage","url":"https:\/\/akunq.net\/tr\/wp-content\/uploads\/sites\/6\/2021\/04\/ANCA.jpg","contentUrl":"https:\/\/akunq.net\/tr\/wp-content\/uploads\/sites\/6\/2021\/04\/ANCA.jpg","width":790,"height":443},{"@type":"BreadcrumbList","@id":"https:\/\/akunq.net\/tr\/?p=62329#breadcrumb","itemListElement":[{"@type":"ListItem","position":1,"name":"Home","item":"https:\/\/akunq.net\/tr"},{"@type":"ListItem","position":2,"name":"ABD Temsilciler Meclisi\u2019nden Joe Biden\u2019e \u00e7a\u011fr\u0131: Ermeni Soyk\u0131r\u0131m\u0131 konusunda ABD\u2019nin utan\u00e7 verici sessizli\u011fi sona ermeli"}]},{"@type":"WebSite","@id":"https:\/\/akunq.net\/tr\/#website","url":"https:\/\/akunq.net\/tr\/","name":"Bati Ermenistan Ve Bati Ermenileri Sorunlari Ara\u015ftirmalar Merkezi","description":"","potentialAction":[{"@type":"SearchAction","target":{"@type":"EntryPoint","urlTemplate":"https:\/\/akunq.net\/tr\/?s={search_term_string}"},"query-input":{"@type":"PropertyValueSpecification","valueRequired":true,"valueName":"search_term_string"}}],"inLanguage":"en-US"},{"@type":"Person","@id":"https:\/\/akunq.net\/tr\/#\/schema\/person\/096f1d38a12cce57fb855b485ed24c9e","name":"admin","url":"https:\/\/akunq.net\/tr\/?author=7"}]}},"_links":{"self":[{"href":"https:\/\/akunq.net\/tr\/index.php?rest_route=\/wp\/v2\/posts\/62329","targetHints":{"allow":["GET"]}}],"collection":[{"href":"https:\/\/akunq.net\/tr\/index.php?rest_route=\/wp\/v2\/posts"}],"about":[{"href":"https:\/\/akunq.net\/tr\/index.php?rest_route=\/wp\/v2\/types\/post"}],"author":[{"embeddable":true,"href":"https:\/\/akunq.net\/tr\/index.php?rest_route=\/wp\/v2\/users\/7"}],"replies":[{"embeddable":true,"href":"https:\/\/akunq.net\/tr\/index.php?rest_route=%2Fwp%2Fv2%2Fcomments&post=62329"}],"version-history":[{"count":1,"href":"https:\/\/akunq.net\/tr\/index.php?rest_route=\/wp\/v2\/posts\/62329\/revisions"}],"predecessor-version":[{"id":62331,"href":"https:\/\/akunq.net\/tr\/index.php?rest_route=\/wp\/v2\/posts\/62329\/revisions\/62331"}],"wp:featuredmedia":[{"embeddable":true,"href":"https:\/\/akunq.net\/tr\/index.php?rest_route=\/wp\/v2\/media\/62330"}],"wp:attachment":[{"href":"https:\/\/akunq.net\/tr\/index.php?rest_route=%2Fwp%2Fv2%2Fmedia&parent=62329"}],"wp:term":[{"taxonomy":"category","embeddable":true,"href":"https:\/\/akunq.net\/tr\/index.php?rest_route=%2Fwp%2Fv2%2Fcategories&post=62329"},{"taxonomy":"post_tag","embeddable":true,"href":"https:\/\/akunq.net\/tr\/index.php?rest_route=%2Fwp%2Fv2%2Ftags&post=62329"}],"curies":[{"name":"wp","href":"https:\/\/api.w.org\/{rel}","templated":true}]}}