{"id":62323,"date":"2021-04-09T06:58:35","date_gmt":"2021-04-09T11:58:35","guid":{"rendered":"https:\/\/akunq.net\/tr\/?p=62323"},"modified":"2021-04-09T06:58:35","modified_gmt":"2021-04-09T11:58:35","slug":"rahip-aho-hurmuz-diril-zafir-pinaris-mor-efrem-ve-diger-1ler","status":"publish","type":"post","link":"https:\/\/akunq.net\/tr\/?p=62323","title":{"rendered":"Rahip Aho, H\u00fcrm\u00fcz Diril, Zafir Pinaris, Mor Efrem ve di\u011fer -1\u2019ler"},"content":{"rendered":"<p><img loading=\"lazy\" decoding=\"async\" class=\"aligncenter size-medium wp-image-62324\" src=\"https:\/\/akunq.net\/tr\/wp-content\/uploads\/2021\/04\/Rahip-Aho-360x208.jpg\" alt=\"\" width=\"360\" height=\"208\" srcset=\"https:\/\/akunq.net\/tr\/wp-content\/uploads\/sites\/6\/2021\/04\/Rahip-Aho-360x208.jpg 360w, https:\/\/akunq.net\/tr\/wp-content\/uploads\/sites\/6\/2021\/04\/Rahip-Aho-768x444.jpg 768w, https:\/\/akunq.net\/tr\/wp-content\/uploads\/sites\/6\/2021\/04\/Rahip-Aho-560x324.jpg 560w, https:\/\/akunq.net\/tr\/wp-content\/uploads\/sites\/6\/2021\/04\/Rahip-Aho-260x150.jpg 260w, https:\/\/akunq.net\/tr\/wp-content\/uploads\/sites\/6\/2021\/04\/Rahip-Aho-160x93.jpg 160w, https:\/\/akunq.net\/tr\/wp-content\/uploads\/sites\/6\/2021\/04\/Rahip-Aho.jpg 800w\" sizes=\"auto, (max-width: 360px) 100vw, 360px\" \/><\/p>\n<p><strong>Aris Nalc\u0131<\/strong><\/p>\n<p><em><strong>Avrupa Komisyonu Ba\u015fkan\u0131\u2019na sandalye vermeyen iki erke\u011fin T\u00fcrkiye-AB ili\u015fkilerini ve y\u00fcz binlerce insan\u0131 Akdeniz ve Ege\u2019ye d\u00f6k\u00fcp \u00f6ld\u00fcrece\u011fi bir tablo varken nas\u0131l olur da ma\u011fduriyet \u00e7\u0131karmam.<\/strong><\/em><\/p>\n<p>\u201cKim kap\u0131ma gelirse yemek veririm.<br \/>\nDini ve felsefi olarak vermem gerekiyor.<br \/>\nRahip oldu\u011fum i\u00e7in de yalan s\u00f6yleyemem.\u201d<br \/>\nMor Yakup Manast\u0131r\u0131 Rahibi Sefer (Aho) Bilecen<\/p>\n<p>Bana bazen her \u015feyden ma\u011fduriyet \u00e7\u0131kar\u0131yorsun diyorlar.<\/p>\n<p>Ortada Avrupa Komisyonu Ba\u015fkan\u0131\u2019na sandalye vermeyen iki erke\u011fin T\u00fcrkiye-AB ili\u015fkilerini ve y\u00fcz binlerce insan\u0131n hayat\u0131n\u0131 Akdeniz ve Ege\u2019ye d\u00f6k\u00fcp \u00f6ld\u00fcrece\u011fi bir tablo varken nas\u0131l olur da ma\u011fduriyet \u00e7\u0131karmam.<\/p>\n<p>Hepimiz iktidarlar\u0131n alt\u0131nda ma\u011fdur olmu\u015fuz zaten.<\/p>\n<p>ABD\u2019de George Floyd\u2019lar, Rusya\u2019da Pussy Riot\u2019lar, Navalny\u2019ler, AB\u2019de sayamayaca\u011f\u0131m kadar fazla y\u0131llard\u0131r az\u0131nl\u0131k kalm\u0131\u015f M\u00fcsl\u00fcmanlar veya renkli tenliler, m\u00fclteciler, kara kafal\u0131lar (ortado\u011fululara diyorlar) hep -1\u2019lerde oldu.<\/p>\n<p>T\u00fcrk\u00e7e ve T\u00fcrkiye \u00fczerine yazd\u0131\u011f\u0131m\u0131za g\u00f6re biz kendi -1\u2019lerimize bakaca\u011f\u0131z. Cumhurba\u015fkan\u0131 bile Paskalya mesaj\u0131nda \u201cMozai\u011fimizin d\u00fcnyaya \u00f6rnek oldu\u011funu\u201d s\u00f6yledi. T\u00fcrkiye\u2019de genelde mozaikler baraj sular\u0131 alt\u0131nda kal\u0131r ama gelin biz o \u2018mozai\u011fe\u2019 biraz yak\u0131ndan bakal\u0131m\u2026<\/p>\n<p>Ne dersiniz?<\/p>\n<ul>\n<li>Ge\u00e7en hafta \u0130mroz\u2019da i\u015fkence edilerek \u00f6ld\u00fcr\u00fclen 86 ya\u015f\u0131ndaki Zafir Pinaris cinayetinde karar verildi. \u0130HD \u00c7anakkale \u015fubesinden avukat \u0130nci \u0130ncesa\u011f\u0131r:\u201dMahkeme bunu nefret cinayeti olarak de\u011ferlendirmedi.\u2019Rum ise kesin \u00e7ok zengindir ve bu para Rum\u2019a de\u011fil, \u201cbize\u201d ait olmal\u0131..\u201d gibi bir anlay\u0131\u015f var\u201d diyor.<\/li>\n<\/ul>\n<p>Hakl\u0131 da.<\/p>\n<ul>\n<li>\u015eimuni Diril \u00f6l\u00fc bulundu, H\u00fcrm\u00fcz Diril ise h\u00e2l\u00e2 bulunamad\u0131. Devlet yetkilileri T\u00fcrkiye\u2019de kaybolan bir ki\u015fiyi bulam\u0131yor. Da\u011flar\u0131 delip ge\u00e7enler, Ukrayna\u2019ya, Libya\u2019ya, Karaba\u011f\u2019a , Suriye\u2019de \u2018\u00e7at\u2019 diye asker g\u00f6nderenler, kendi topraklar\u0131nda kay\u0131p bir S\u00fcryani\u2019yi h\u00e2l\u00e2 bulamad\u0131.<\/li>\n<li>Mardin\u2019de 9 Ocak\u2019ta g\u00f6zalt\u0131na al\u0131nd\u0131ktan bir g\u00fcn sonra tutuklanan, daha sonra serbest b\u0131rak\u0131lan Mor Yakup Manast\u0131r\u0131 Rahibi Sefer (Aho) Bilecen\u2019in \u201c\u00f6rg\u00fcte yard\u0131m ve yatakl\u0131k\u201d iddias\u0131 ile tutuksuz yarg\u0131land\u0131\u011f\u0131 davada 2 y\u0131l bir ay hapis cezas\u0131 verildi. Dava temyize gidecek ve belki birka\u00e7 y\u0131l s\u00fcrecek ancak Rahip\u2019in Tanr\u0131\u2019n\u0131n buyru\u011funu yerine getirmekten ba\u015fka su\u00e7u olmad\u0131\u011f\u0131 ortada. Kap\u0131s\u0131n\u0131 \u00e7alanlara yemek vermek. A\u015f\u0131n\u0131 payla\u015fmak bu mozaikte su\u00e7 say\u0131l\u0131yor.<\/li>\n<\/ul>\n<p>Mozai\u011fin ta\u015flar\u0131 yerine oturuyor mu biraz.<\/p>\n<p>Gelin devam edelim.<\/p>\n<ul>\n<li>Erzurum\u2019daki TOK\u0130 Ermeni Kilisesi\u2019ni \u00e7evrelemi\u015f y\u0131k\u0131ls\u0131n diye bekliyor\u2026<\/li>\n<li>Emlak siteleri tapusu bir \u015fekilde gasp edilmi\u015f Ermeni ve S\u00fcryani kiliselerin sat\u0131l\u0131k ilanlar\u0131yla dolup ta\u015f\u0131yor. Cemaat kalmad\u0131 diye sat\u0131l\u0131yor deniyor. Ama kimse \u2018cemaat niye kalmad\u0131?\u2019 diye sormuyor bizden ba\u015fka. Hatta art\u0131k ilanlar Ermenice veriliyor. \u00c7akt\u0131rmadan sat\u0131ls\u0131nlar diye. Mardin\u2019de bir S\u00fcryani kona\u011f\u0131 veya kilisesini 550 ile 700 bin TL aras\u0131nda alman\u0131z m\u00fcmk\u00fcn.<\/li>\n<li>Tokat Merkez\u2019e ba\u011fl\u0131 Yavru K\u00f6y\u00fc\u2019nde bir ana okulunun duvar\u0131nda kullan\u0131lm\u0131\u015f bir Ermeni ta\u015f\u0131n\u0131n fotosu payla\u015f\u0131l\u0131yor.1800\u2019lerde mezar\u0131 olan Soylu Garbet A\u011fa ve Hac\u0131 Harutyun Dano\u011flu\u2019nun ruhlar\u0131 ad\u0131na.<\/li>\n<li>Birinci derece tarihi eser kategorisindeki Mardin S\u00fcryani Katolik Kilisesi\u2019ne ait olan Mor Efrem Manast\u0131r\u0131\u2019nda katl\u0131 betonarme otopark yap\u0131lmak \u00fczere kaz\u0131 ba\u015flat\u0131ld\u0131. Manast\u0131r\u0131n m\u00fclkiyetindeki araziyi belediye bir s\u00fcre \u00f6nce istimlak etmi\u015fti. Klasik bir T\u00fcrkiye MOZA\u0130K belediyecilik \u00f6rne\u011fi. \u00d6nce ye\u015fil alan olacak dediler. \u015eimdi o alanda tarihi binan\u0131n temellerinin hasar g\u00f6r\u00fcp y\u0131k\u0131lmas\u0131na sebep olaca\u011f\u0131n\u0131 bile bile \u00e7ok katl\u0131 otopark in\u015fa ediyor!<\/li>\n<li>Bu arada hat\u0131rl\u0131yorsunuzdur Malatya\u2019daki Ermeni konaklar\u0131 vard\u0131 ya, hani yol projesi olmayan yol ge\u00e7ece\u011fi s\u00f6ylenen ve \u00e7\u00f6kecek diye mozaik belediyecilik taraf\u0131ndan y\u0131kt\u0131r\u0131lan. 2010\u2019da konak i\u00e7in sahibine valilik 120 bin TL \u00f6neriyordu. Arsa y\u0131kTIR\u0131l\u0131nca \u015fimdi sahibine kamula\u015ft\u0131rma \u00fccreti olarak 70 bin TL \u00f6nermi\u015f. Hem su\u00e7lu hem g\u00fc\u00e7l\u00fc yani. (Fikri takip)<\/li>\n<\/ul>\n<p>\u015eimdi gelin de bu durumdan ma\u011fduriyet \u00e7\u0131karmay\u0131n. Bu yukar\u0131da yazd\u0131klar\u0131m herhangi bir Cami\u2019nin ya da M\u00fcsl\u00fcman T\u00fcrk bir derne\u011fin ba\u015f\u0131na gelebilir miydi.<\/p>\n<p>Hangi caminin arsas\u0131na devlet konmu\u015f bug\u00fcne kadar.<\/p>\n<p>Hangi camiyi y\u0131kt\u0131rm\u0131\u015f.<\/p>\n<p>Hangi imam\u0131 dine uydu\u011fu i\u00e7in ceza verilmi\u015ftir.<\/p>\n<p>\u0130nsan kaybetmek, incitmek ve hatta hakk\u0131n\u0131 gasp etmek bir T\u00fcrkiye gelene\u011fi haline geldi. Avrupa Komisyonu Ba\u015fkan\u0131\u2019na koltuk vermeyenlerden daha da ne beklenir ki.<\/p>\n<p>Ama yazmazsak da kan\u0131t kalmayacak. Kendi yeti\u015ftirdikleri dinle uyu\u015fturulmu\u015f gelecekleri kurduracaklar\u0131 topluma unutturacaklar t\u00fcm bunlar\u0131.<\/p>\n<p>\u201cBiz unutmayaca\u011f\u0131z\u201d diyenler var duyar gibiyim.<\/p>\n<p>Hakl\u0131s\u0131n\u0131z siz unutmayacaks\u0131n\u0131z.<\/p>\n<p>Ama Biz\u2019im gibilerin i\u00e7erisinde de yer alan \u2018gizli milliyet\u00e7i\u2019leri de \u00e7\u0131kar\u0131nca azal\u0131yoruz hep beraber, g\u00fcn ge\u00e7tik\u00e7e\u2026<\/p>\n<p>Cumhurba\u015fkan\u0131\u2019n\u0131n bahsetti\u011fi mozai\u011fe AK d\u00fc\u015fm\u00fc\u015f.<\/p>\n<p>Renkler hep beyaz sanki\u2026<\/p>\n<p>Yaz\u0131 g\u00f6rseli: Mor Yakup Manast\u0131r\u0131 Rahibi Sefer (Aho) Bilecen<\/p>\n<hr \/>\n<p><em><strong><a href=\"https:\/\/artigercek.com\/yazarlar\/aris-nalci\/rahip-aho-hurmuz-diril-zafir-pinaris-mor-efrem-ve-diger-1-ler\" target=\"_blank\" rel=\"noopener noreferrer\">Art\u0131 Ger\u00e7ek<\/a>\u00a0<\/strong><\/em><\/p>\n<p><strong>\u00a0\u00a0<\/strong><\/p>\n","protected":false},"excerpt":{"rendered":"<p>Aris Nalc\u0131 Avrupa Komisyonu Ba\u015fkan\u0131\u2019na sandalye vermeyen iki erke\u011fin T\u00fcrkiye-AB ili\u015fkilerini ve y\u00fcz binlerce insan\u0131 Akdeniz ve Ege\u2019ye d\u00f6k\u00fcp \u00f6ld\u00fcrece\u011fi bir tablo varken nas\u0131l olur da ma\u011fduriyet \u00e7\u0131karmam. \u201cKim kap\u0131ma gelirse yemek veririm. Dini ve felsefi olarak vermem gerekiyor. Rahip oldu\u011fum i\u00e7in de yalan s\u00f6yleyemem.\u201d Mor Yakup Manast\u0131r\u0131 Rahibi Sefer (Aho) Bilecen Bana bazen her [&hellip;]<\/p>\n","protected":false},"author":7,"featured_media":62324,"comment_status":"open","ping_status":"open","sticky":false,"template":"","format":"standard","meta":{"footnotes":""},"categories":[1,70],"tags":[],"class_list":["post-62323","post","type-post","status-publish","format-standard","has-post-thumbnail","hentry","category-haberler","category-makaleler"],"yoast_head":"<!-- This site is optimized with the Yoast SEO plugin v27.4 - https:\/\/yoast.com\/product\/yoast-seo-wordpress\/ -->\n<title>Rahip Aho, H\u00fcrm\u00fcz Diril, Zafir Pinaris, Mor Efrem ve di\u011fer -1\u2019ler - Bati Ermenistan Ve Bati Ermenileri Sorunlari Ara\u015ftirmalar Merkezi<\/title>\n<meta name=\"robots\" content=\"index, follow, max-snippet:-1, max-image-preview:large, max-video-preview:-1\" \/>\n<link rel=\"canonical\" href=\"https:\/\/akunq.net\/tr\/?p=62323\" \/>\n<meta property=\"og:locale\" content=\"en_US\" \/>\n<meta property=\"og:type\" content=\"article\" \/>\n<meta property=\"og:title\" content=\"Rahip Aho, H\u00fcrm\u00fcz Diril, Zafir Pinaris, Mor Efrem ve di\u011fer -1\u2019ler - Bati Ermenistan Ve Bati Ermenileri Sorunlari Ara\u015ftirmalar Merkezi\" \/>\n<meta property=\"og:description\" content=\"Aris Nalc\u0131 Avrupa Komisyonu Ba\u015fkan\u0131\u2019na sandalye vermeyen iki erke\u011fin T\u00fcrkiye-AB ili\u015fkilerini ve y\u00fcz binlerce insan\u0131 Akdeniz ve Ege\u2019ye d\u00f6k\u00fcp \u00f6ld\u00fcrece\u011fi bir tablo varken nas\u0131l olur da ma\u011fduriyet \u00e7\u0131karmam. \u201cKim kap\u0131ma gelirse yemek veririm. Dini ve felsefi olarak vermem gerekiyor. Rahip oldu\u011fum i\u00e7in de yalan s\u00f6yleyemem.\u201d Mor Yakup Manast\u0131r\u0131 Rahibi Sefer (Aho) Bilecen Bana bazen her [&hellip;]\" \/>\n<meta property=\"og:url\" content=\"https:\/\/akunq.net\/tr\/?p=62323\" \/>\n<meta property=\"og:site_name\" content=\"Bati Ermenistan Ve Bati Ermenileri Sorunlari Ara\u015ftirmalar Merkezi\" \/>\n<meta property=\"article:published_time\" content=\"2021-04-09T11:58:35+00:00\" \/>\n<meta property=\"og:image\" content=\"https:\/\/akunq.net\/tr\/wp-content\/uploads\/sites\/6\/2021\/04\/Rahip-Aho.jpg\" \/>\n\t<meta property=\"og:image:width\" content=\"800\" \/>\n\t<meta property=\"og:image:height\" content=\"463\" \/>\n\t<meta property=\"og:image:type\" content=\"image\/jpeg\" \/>\n<meta name=\"author\" content=\"admin\" \/>\n<meta name=\"twitter:card\" content=\"summary_large_image\" \/>\n<meta name=\"twitter:label1\" content=\"Written by\" \/>\n\t<meta name=\"twitter:data1\" content=\"admin\" \/>\n\t<meta name=\"twitter:label2\" content=\"Est. reading time\" \/>\n\t<meta name=\"twitter:data2\" content=\"4 minutes\" \/>\n<script type=\"application\/ld+json\" class=\"yoast-schema-graph\">{\"@context\":\"https:\\\/\\\/schema.org\",\"@graph\":[{\"@type\":\"Article\",\"@id\":\"https:\\\/\\\/akunq.net\\\/tr\\\/?p=62323#article\",\"isPartOf\":{\"@id\":\"https:\\\/\\\/akunq.net\\\/tr\\\/?p=62323\"},\"author\":{\"name\":\"admin\",\"@id\":\"https:\\\/\\\/akunq.net\\\/tr\\\/#\\\/schema\\\/person\\\/096f1d38a12cce57fb855b485ed24c9e\"},\"headline\":\"Rahip Aho, H\u00fcrm\u00fcz Diril, Zafir Pinaris, Mor Efrem ve di\u011fer -1\u2019ler\",\"datePublished\":\"2021-04-09T11:58:35+00:00\",\"mainEntityOfPage\":{\"@id\":\"https:\\\/\\\/akunq.net\\\/tr\\\/?p=62323\"},\"wordCount\":899,\"commentCount\":0,\"image\":{\"@id\":\"https:\\\/\\\/akunq.net\\\/tr\\\/?p=62323#primaryimage\"},\"thumbnailUrl\":\"https:\\\/\\\/akunq.net\\\/tr\\\/wp-content\\\/uploads\\\/sites\\\/6\\\/2021\\\/04\\\/Rahip-Aho.jpg\",\"articleSection\":[\"Haberler\",\"Makaleler\"],\"inLanguage\":\"en-US\",\"potentialAction\":[{\"@type\":\"CommentAction\",\"name\":\"Comment\",\"target\":[\"https:\\\/\\\/akunq.net\\\/tr\\\/?p=62323#respond\"]}]},{\"@type\":\"WebPage\",\"@id\":\"https:\\\/\\\/akunq.net\\\/tr\\\/?p=62323\",\"url\":\"https:\\\/\\\/akunq.net\\\/tr\\\/?p=62323\",\"name\":\"Rahip Aho, H\u00fcrm\u00fcz Diril, Zafir Pinaris, Mor Efrem ve di\u011fer -1\u2019ler - Bati Ermenistan Ve Bati Ermenileri Sorunlari Ara\u015ftirmalar Merkezi\",\"isPartOf\":{\"@id\":\"https:\\\/\\\/akunq.net\\\/tr\\\/#website\"},\"primaryImageOfPage\":{\"@id\":\"https:\\\/\\\/akunq.net\\\/tr\\\/?p=62323#primaryimage\"},\"image\":{\"@id\":\"https:\\\/\\\/akunq.net\\\/tr\\\/?p=62323#primaryimage\"},\"thumbnailUrl\":\"https:\\\/\\\/akunq.net\\\/tr\\\/wp-content\\\/uploads\\\/sites\\\/6\\\/2021\\\/04\\\/Rahip-Aho.jpg\",\"datePublished\":\"2021-04-09T11:58:35+00:00\",\"author\":{\"@id\":\"https:\\\/\\\/akunq.net\\\/tr\\\/#\\\/schema\\\/person\\\/096f1d38a12cce57fb855b485ed24c9e\"},\"breadcrumb\":{\"@id\":\"https:\\\/\\\/akunq.net\\\/tr\\\/?p=62323#breadcrumb\"},\"inLanguage\":\"en-US\",\"potentialAction\":[{\"@type\":\"ReadAction\",\"target\":[\"https:\\\/\\\/akunq.net\\\/tr\\\/?p=62323\"]}]},{\"@type\":\"ImageObject\",\"inLanguage\":\"en-US\",\"@id\":\"https:\\\/\\\/akunq.net\\\/tr\\\/?p=62323#primaryimage\",\"url\":\"https:\\\/\\\/akunq.net\\\/tr\\\/wp-content\\\/uploads\\\/sites\\\/6\\\/2021\\\/04\\\/Rahip-Aho.jpg\",\"contentUrl\":\"https:\\\/\\\/akunq.net\\\/tr\\\/wp-content\\\/uploads\\\/sites\\\/6\\\/2021\\\/04\\\/Rahip-Aho.jpg\",\"width\":800,\"height\":463},{\"@type\":\"BreadcrumbList\",\"@id\":\"https:\\\/\\\/akunq.net\\\/tr\\\/?p=62323#breadcrumb\",\"itemListElement\":[{\"@type\":\"ListItem\",\"position\":1,\"name\":\"Home\",\"item\":\"https:\\\/\\\/akunq.net\\\/tr\"},{\"@type\":\"ListItem\",\"position\":2,\"name\":\"Rahip Aho, H\u00fcrm\u00fcz Diril, Zafir Pinaris, Mor Efrem ve di\u011fer -1\u2019ler\"}]},{\"@type\":\"WebSite\",\"@id\":\"https:\\\/\\\/akunq.net\\\/tr\\\/#website\",\"url\":\"https:\\\/\\\/akunq.net\\\/tr\\\/\",\"name\":\"Bati Ermenistan Ve Bati Ermenileri Sorunlari Ara\u015ftirmalar Merkezi\",\"description\":\"\",\"potentialAction\":[{\"@type\":\"SearchAction\",\"target\":{\"@type\":\"EntryPoint\",\"urlTemplate\":\"https:\\\/\\\/akunq.net\\\/tr\\\/?s={search_term_string}\"},\"query-input\":{\"@type\":\"PropertyValueSpecification\",\"valueRequired\":true,\"valueName\":\"search_term_string\"}}],\"inLanguage\":\"en-US\"},{\"@type\":\"Person\",\"@id\":\"https:\\\/\\\/akunq.net\\\/tr\\\/#\\\/schema\\\/person\\\/096f1d38a12cce57fb855b485ed24c9e\",\"name\":\"admin\",\"url\":\"https:\\\/\\\/akunq.net\\\/tr\\\/?author=7\"}]}<\/script>\n<!-- \/ Yoast SEO plugin. -->","yoast_head_json":{"title":"Rahip Aho, H\u00fcrm\u00fcz Diril, Zafir Pinaris, Mor Efrem ve di\u011fer -1\u2019ler - Bati Ermenistan Ve Bati Ermenileri Sorunlari Ara\u015ftirmalar Merkezi","robots":{"index":"index","follow":"follow","max-snippet":"max-snippet:-1","max-image-preview":"max-image-preview:large","max-video-preview":"max-video-preview:-1"},"canonical":"https:\/\/akunq.net\/tr\/?p=62323","og_locale":"en_US","og_type":"article","og_title":"Rahip Aho, H\u00fcrm\u00fcz Diril, Zafir Pinaris, Mor Efrem ve di\u011fer -1\u2019ler - Bati Ermenistan Ve Bati Ermenileri Sorunlari Ara\u015ftirmalar Merkezi","og_description":"Aris Nalc\u0131 Avrupa Komisyonu Ba\u015fkan\u0131\u2019na sandalye vermeyen iki erke\u011fin T\u00fcrkiye-AB ili\u015fkilerini ve y\u00fcz binlerce insan\u0131 Akdeniz ve Ege\u2019ye d\u00f6k\u00fcp \u00f6ld\u00fcrece\u011fi bir tablo varken nas\u0131l olur da ma\u011fduriyet \u00e7\u0131karmam. \u201cKim kap\u0131ma gelirse yemek veririm. Dini ve felsefi olarak vermem gerekiyor. Rahip oldu\u011fum i\u00e7in de yalan s\u00f6yleyemem.\u201d Mor Yakup Manast\u0131r\u0131 Rahibi Sefer (Aho) Bilecen Bana bazen her [&hellip;]","og_url":"https:\/\/akunq.net\/tr\/?p=62323","og_site_name":"Bati Ermenistan Ve Bati Ermenileri Sorunlari Ara\u015ftirmalar Merkezi","article_published_time":"2021-04-09T11:58:35+00:00","og_image":[{"width":800,"height":463,"url":"https:\/\/akunq.net\/tr\/wp-content\/uploads\/sites\/6\/2021\/04\/Rahip-Aho.jpg","type":"image\/jpeg"}],"author":"admin","twitter_card":"summary_large_image","twitter_misc":{"Written by":"admin","Est. reading time":"4 minutes"},"schema":{"@context":"https:\/\/schema.org","@graph":[{"@type":"Article","@id":"https:\/\/akunq.net\/tr\/?p=62323#article","isPartOf":{"@id":"https:\/\/akunq.net\/tr\/?p=62323"},"author":{"name":"admin","@id":"https:\/\/akunq.net\/tr\/#\/schema\/person\/096f1d38a12cce57fb855b485ed24c9e"},"headline":"Rahip Aho, H\u00fcrm\u00fcz Diril, Zafir Pinaris, Mor Efrem ve di\u011fer -1\u2019ler","datePublished":"2021-04-09T11:58:35+00:00","mainEntityOfPage":{"@id":"https:\/\/akunq.net\/tr\/?p=62323"},"wordCount":899,"commentCount":0,"image":{"@id":"https:\/\/akunq.net\/tr\/?p=62323#primaryimage"},"thumbnailUrl":"https:\/\/akunq.net\/tr\/wp-content\/uploads\/sites\/6\/2021\/04\/Rahip-Aho.jpg","articleSection":["Haberler","Makaleler"],"inLanguage":"en-US","potentialAction":[{"@type":"CommentAction","name":"Comment","target":["https:\/\/akunq.net\/tr\/?p=62323#respond"]}]},{"@type":"WebPage","@id":"https:\/\/akunq.net\/tr\/?p=62323","url":"https:\/\/akunq.net\/tr\/?p=62323","name":"Rahip Aho, H\u00fcrm\u00fcz Diril, Zafir Pinaris, Mor Efrem ve di\u011fer -1\u2019ler - Bati Ermenistan Ve Bati Ermenileri Sorunlari Ara\u015ftirmalar Merkezi","isPartOf":{"@id":"https:\/\/akunq.net\/tr\/#website"},"primaryImageOfPage":{"@id":"https:\/\/akunq.net\/tr\/?p=62323#primaryimage"},"image":{"@id":"https:\/\/akunq.net\/tr\/?p=62323#primaryimage"},"thumbnailUrl":"https:\/\/akunq.net\/tr\/wp-content\/uploads\/sites\/6\/2021\/04\/Rahip-Aho.jpg","datePublished":"2021-04-09T11:58:35+00:00","author":{"@id":"https:\/\/akunq.net\/tr\/#\/schema\/person\/096f1d38a12cce57fb855b485ed24c9e"},"breadcrumb":{"@id":"https:\/\/akunq.net\/tr\/?p=62323#breadcrumb"},"inLanguage":"en-US","potentialAction":[{"@type":"ReadAction","target":["https:\/\/akunq.net\/tr\/?p=62323"]}]},{"@type":"ImageObject","inLanguage":"en-US","@id":"https:\/\/akunq.net\/tr\/?p=62323#primaryimage","url":"https:\/\/akunq.net\/tr\/wp-content\/uploads\/sites\/6\/2021\/04\/Rahip-Aho.jpg","contentUrl":"https:\/\/akunq.net\/tr\/wp-content\/uploads\/sites\/6\/2021\/04\/Rahip-Aho.jpg","width":800,"height":463},{"@type":"BreadcrumbList","@id":"https:\/\/akunq.net\/tr\/?p=62323#breadcrumb","itemListElement":[{"@type":"ListItem","position":1,"name":"Home","item":"https:\/\/akunq.net\/tr"},{"@type":"ListItem","position":2,"name":"Rahip Aho, H\u00fcrm\u00fcz Diril, Zafir Pinaris, Mor Efrem ve di\u011fer -1\u2019ler"}]},{"@type":"WebSite","@id":"https:\/\/akunq.net\/tr\/#website","url":"https:\/\/akunq.net\/tr\/","name":"Bati Ermenistan Ve Bati Ermenileri Sorunlari Ara\u015ftirmalar Merkezi","description":"","potentialAction":[{"@type":"SearchAction","target":{"@type":"EntryPoint","urlTemplate":"https:\/\/akunq.net\/tr\/?s={search_term_string}"},"query-input":{"@type":"PropertyValueSpecification","valueRequired":true,"valueName":"search_term_string"}}],"inLanguage":"en-US"},{"@type":"Person","@id":"https:\/\/akunq.net\/tr\/#\/schema\/person\/096f1d38a12cce57fb855b485ed24c9e","name":"admin","url":"https:\/\/akunq.net\/tr\/?author=7"}]}},"_links":{"self":[{"href":"https:\/\/akunq.net\/tr\/index.php?rest_route=\/wp\/v2\/posts\/62323","targetHints":{"allow":["GET"]}}],"collection":[{"href":"https:\/\/akunq.net\/tr\/index.php?rest_route=\/wp\/v2\/posts"}],"about":[{"href":"https:\/\/akunq.net\/tr\/index.php?rest_route=\/wp\/v2\/types\/post"}],"author":[{"embeddable":true,"href":"https:\/\/akunq.net\/tr\/index.php?rest_route=\/wp\/v2\/users\/7"}],"replies":[{"embeddable":true,"href":"https:\/\/akunq.net\/tr\/index.php?rest_route=%2Fwp%2Fv2%2Fcomments&post=62323"}],"version-history":[{"count":1,"href":"https:\/\/akunq.net\/tr\/index.php?rest_route=\/wp\/v2\/posts\/62323\/revisions"}],"predecessor-version":[{"id":62325,"href":"https:\/\/akunq.net\/tr\/index.php?rest_route=\/wp\/v2\/posts\/62323\/revisions\/62325"}],"wp:featuredmedia":[{"embeddable":true,"href":"https:\/\/akunq.net\/tr\/index.php?rest_route=\/wp\/v2\/media\/62324"}],"wp:attachment":[{"href":"https:\/\/akunq.net\/tr\/index.php?rest_route=%2Fwp%2Fv2%2Fmedia&parent=62323"}],"wp:term":[{"taxonomy":"category","embeddable":true,"href":"https:\/\/akunq.net\/tr\/index.php?rest_route=%2Fwp%2Fv2%2Fcategories&post=62323"},{"taxonomy":"post_tag","embeddable":true,"href":"https:\/\/akunq.net\/tr\/index.php?rest_route=%2Fwp%2Fv2%2Ftags&post=62323"}],"curies":[{"name":"wp","href":"https:\/\/api.w.org\/{rel}","templated":true}]}}