{"id":62317,"date":"2021-04-09T05:52:22","date_gmt":"2021-04-09T10:52:22","guid":{"rendered":"https:\/\/akunq.net\/tr\/?p=62317"},"modified":"2021-04-09T05:52:22","modified_gmt":"2021-04-09T10:52:22","slug":"abd-baskani-biden-ermeni-soykirimini-neden-tanimali","status":"publish","type":"post","link":"https:\/\/akunq.net\/tr\/?p=62317","title":{"rendered":"ABD Ba\u015fkan\u0131 Biden Ermeni Soyk\u0131r\u0131m\u0131\u2019n\u0131 neden tan\u0131mal\u0131?"},"content":{"rendered":"<p><img loading=\"lazy\" decoding=\"async\" class=\"aligncenter size-medium wp-image-62318\" src=\"https:\/\/akunq.net\/tr\/wp-content\/uploads\/2021\/04\/Roger-Smith-Photo-for-Press-Release-e1617724837990-245x270.jpg\" alt=\"\" width=\"245\" height=\"270\" srcset=\"https:\/\/akunq.net\/tr\/wp-content\/uploads\/sites\/6\/2021\/04\/Roger-Smith-Photo-for-Press-Release-e1617724837990-245x270.jpg 245w, https:\/\/akunq.net\/tr\/wp-content\/uploads\/sites\/6\/2021\/04\/Roger-Smith-Photo-for-Press-Release-e1617724837990-768x846.jpg 768w, https:\/\/akunq.net\/tr\/wp-content\/uploads\/sites\/6\/2021\/04\/Roger-Smith-Photo-for-Press-Release-e1617724837990-560x617.jpg 560w, https:\/\/akunq.net\/tr\/wp-content\/uploads\/sites\/6\/2021\/04\/Roger-Smith-Photo-for-Press-Release-e1617724837990-260x286.jpg 260w, https:\/\/akunq.net\/tr\/wp-content\/uploads\/sites\/6\/2021\/04\/Roger-Smith-Photo-for-Press-Release-e1617724837990-160x176.jpg 160w, https:\/\/akunq.net\/tr\/wp-content\/uploads\/sites\/6\/2021\/04\/Roger-Smith-Photo-for-Press-Release-e1617724837990.jpg 779w\" sizes=\"auto, (max-width: 245px) 100vw, 245px\" \/><\/p>\n<p><strong>Profes\u00f6r Roger Smith<\/strong><\/p>\n<p><em>Kanada Zoryan Enstit\u00fcs\u00fc Bilim Kurulu Ba\u015fkan\u0131, Uluslararas\u0131 Soyk\u0131r\u0131m Uzmanlar\u0131 Derne\u011fi E\u015fkurucusu ve eski ba\u015fkan\u0131<\/em><\/p>\n<p><strong><em>T\u00fcrkiye, her zaman oldu\u011fu gibi her Nisan ay\u0131nda k\u0131vranmaya ba\u015flar. Zira bu ayda d\u00fcnya Ermenileri, T\u00fcrkiye taraf\u0131ndan 1915 y\u0131l\u0131nda ba\u015flat\u0131lan soyk\u0131r\u0131m\u0131 anarak d\u00fcnyaya bu jenosidi hep beraber hat\u0131rlamay\u0131 rica eder. Ermeniler, o d\u00f6nemde Osmanl\u0131 taraf\u0131ndan Ermenilere kar\u015f\u0131 i\u015flenen soyk\u0131r\u0131m su\u00e7u gibi tarihi ger\u00e7e\u011fe dair bilgileri art\u0131rmak ve bu meseleyi d\u00fczenlemek i\u00e7in d\u00fcnyada bir \u00e7are aramak amac\u0131yla b\u00f6yle davran\u0131rlar. \u00c7\u00fcnk\u00fc T\u00fcrkiye, Soyk\u0131r\u0131m ger\u00e7e\u011fini \u015fimdiye kadar inatla inkar ediyor. <\/em><\/strong><\/p>\n<p>Rahmetli T\u00fcrk gazeteci Mehmet Ali Birand 24 Nisan 2012 tarihinde \u015f\u00f6yle yazd\u0131: <em>\u201c<\/em><em>Her y\u0131l oldu\u011fu gibi yine 70 milyonluk (\u015fimdi 80 milyonluk oldu) T\u00fcrkiye, Ermeni meselesinde ba\u015fkalar\u0131n\u0131n neler diyece\u011fini merak edecek. Acaba Washington&#8217;dan ne ses \u00e7\u0131kacak? Acaba hangi \u00fclke Ermenilerin soyk\u0131r\u0131m iddialar\u0131n\u0131 kabul edecek? Sinir i\u00e7inde g\u00fcnler ge\u00e7irilecek ve ard\u0131ndan her\u015fey yeniden unutulacak\u2026 T\u00fcrkiye de, \u015fimdiye kadar oldu\u011fu gibi, sert tepkiler g\u00f6sterecek. Tehditler savuracak. Ancak b\u00fct\u00fcn bunlar etkisiz kalacak.\u201d<\/em><\/p>\n<p>Birand, Almanya D\u0131\u015fi\u015fleri Bakanl\u0131\u011f\u0131 resmi belgelerini i\u00e7eren kitab\u0131n T\u00fcrk\u00e7e \u00e7evrilip bas\u0131ld\u0131\u011f\u0131nda bu makaleyi kaleme alm\u0131\u015ft\u0131. Bu belgeler, Ermeni Soyk\u0131r\u0131m\u0131 konusunda T\u00fcrkiye\u2019nin sorumlulu\u011funu ve Almanya\u2019n\u0131n su\u00e7 ortakl\u0131\u011f\u0131n\u0131 apa\u00e7\u0131k ortaya koyar. Kitab\u0131n Almanca orijinali, 2005 y\u0131l\u0131nda bas\u0131lm\u0131\u015ft\u0131r. Bundan sonra Alman Parlamentosu, Ermeni Soyk\u0131r\u0131m\u0131\u2019n\u0131 resmen tan\u0131ma lehine oy kulland\u0131, 2016\u2019da ise Soyk\u0131r\u0131m\u2019\u0131 tamamen kabul etti.<\/p>\n<p>Kanada, Ermeni Soyk\u0131r\u0131m\u0131\u2019n\u0131 T\u00fcrkiye\u2019nin <em>\u201cKanada ekonomik olarak zarar g\u00f6r\u00fcr ve Ermeniler, zaptedilmi\u015f topraklarla ilgili T\u00fcrkiye\u2019ye kar\u015f\u0131 davalar a\u00e7ar\u201d <\/em>diye savurdu\u011fu tehditler alt\u0131nda 2004 y\u0131l\u0131nda tan\u0131d\u0131.<\/p>\n<p>Washington taraf\u0131ndan Ermeni Soyk\u0131r\u0131m\u0131\u2019n\u0131n tan\u0131nmas\u0131na kar\u015f\u0131 T\u00fcrkiye\u2019nin yapt\u0131\u011f\u0131 entrikalar, al\u00e7ak ve a\u011f\u0131r olup, 2000 y\u0131l\u0131nda Temsilciler Meclisi Ba\u015fkan\u0131na r\u00fc\u015fvet teklifi gibi iddialara kadar gitmi\u015fti. Peki ABD\u2019i, Ermeni Soyk\u0131r\u0131m\u0131\u2019n\u0131 tan\u0131maktan vaz ge\u00e7irmek i\u00e7in T\u00fcrkiye\u2019nin bu seneki numaras\u0131 hangisi olacak?<\/p>\n<p>The Washington Post T\u00fcrk k\u00f6\u015fe yazar\u0131 Asl\u0131 Ayd\u0131nta\u015fba\u015f\u2019\u0131n varsay\u0131m\u0131na g\u00f6re T\u00fcrkiye, Ermenistan ile s\u0131n\u0131r kap\u0131s\u0131n\u0131 a\u00e7maya ili\u015fkin bir a\u00e7\u0131klama yapacak. Asl\u0131 Ayd\u0131nta\u015fba\u015f \u015funlar\u0131 yazd\u0131: <em>\u201cEle\u015ftirmenlere g\u00f6re T\u00fcrkiye\u2019nin apa\u00e7\u0131k y\u00fcce g\u00f6n\u00fcll\u00fcl\u00fc\u011f\u00fc, Washington ile kopar\u0131lm\u0131\u015f ba\u011flar\u0131n\u0131 yenilemek i\u00e7in sarfetti\u011fi son \u00e7abalar\u0131 da suya d\u00fc\u015f\u00fcr\u00fcyor \u00e7\u00fcnk\u00fc T\u00fcrkiye, Rus yap\u0131m\u0131 S-400 f\u00fcze savunma sisteminden derhal kurtulmak gibi kendisinden talep edilen tavizleri vermiyor.\u201d<\/em><\/p>\n<p>Azerbaycan taraf\u0131ndan Artsakh (Da\u011fl\u0131k Karaba\u011f) Ermenilerine kar\u015f\u0131 ba\u015flat\u0131lan sava\u015fa T\u00fcrkiye\u2019nin kat\u0131l\u0131m\u0131 ve bu sava\u015f\u0131 kazanmak i\u00e7in Azerbaycan\u2019a yard\u0131m etmek maksad\u0131yla Suriyeli cihat\u00e7\u0131 militanlar\u0131 da dahil etmesi, bu zaferi ba\u015fka \u00fclkeleri aldatmak i\u00e7in kullan\u0131labilirdi sanki Ermenistan ile T\u00fcrkiye aras\u0131nda anla\u015fmazl\u0131k yokmu\u015f gibi\u2026<\/p>\n<p>ABD ve \u0130svi\u00e7re, bu konuda 2009 y\u0131l\u0131nda bir kere ba\u015far\u0131s\u0131zl\u0131\u011fa u\u011frad\u0131. O d\u00f6nem T\u00fcrkiye, tarihi belgeler pakesini imzalad\u0131. Bu belgelerin amac\u0131, T\u00fcrkiye\u2019nin Ermenistan ile ili\u015fkilerinin uzla\u015fmas\u0131n\u0131 ve s\u0131n\u0131r\u0131n yeniden a\u00e7\u0131lmas\u0131n\u0131 sa\u011flamakt\u0131. Ancak olmad\u0131 zira Erdo\u011fan, Azerbaycan\u2019\u0131n bask\u0131lar\u0131na boyun e\u011ferek geri ad\u0131m att\u0131.<\/p>\n<p>Yine de, Ayd\u0131nta\u015fba\u015f\u2019\u0131n iddia etti\u011fine g\u00f6re Azerbaycan, bu konuda art\u0131k engel de\u011fildir. Al Monitor\u2019da yer alan bir habere g\u00f6re, ismini a\u00e7\u0131klamak istemeyen y\u00fcksek r\u00fctbeli bir Ermeni diplomat\u0131na g\u00f6re T\u00fcrkiye\u2019nin giri\u015fimleri, ABD Ba\u015fkan\u0131 Joe Biden\u2019in 1915\u2019te bir milyondan fazla Osmanl\u0131 Ermenisinin kitlesel \u00f6ld\u00fcrmelerini soyk\u0131r\u0131m olarak tan\u0131ma s\u00f6z\u00fcyle alakal\u0131d\u0131r.<\/p>\n<p>1894 y\u0131l\u0131ndan 1915\u2019e kadar Osmanl\u0131 Devleti taraf\u0131ndan Ermeni yurtta\u015flar\u0131na kar\u015f\u0131 i\u015flenmi\u015f olan kitlesel katliamlara Bat\u0131\u2019n\u0131n kay\u0131ts\u0131zl\u0131\u011f\u0131, herkes\u00e7e bilinen bir ger\u00e7ektir. Ayn\u0131 zamanda ve bazen ayn\u0131 yerlerde S\u00fcryani ahalisine kar\u015f\u0131 i\u015flenen soyk\u0131r\u0131m ise daha az biliniyor. Keza 1912-1923 y\u0131llar\u0131 aras\u0131nda T\u00fcrkiye, K\u00fc\u00e7\u00fck Asya ve Pontus Rumlar\u0131n\u0131 defalarca katletmi\u015ftir. T\u00fcrkiye Cumhuriyeti\u2019nin kurulu\u015fundan beri ise K\u00fcrt vatanda\u015flar\u0131 da, T\u00fcrkiye taraf\u0131ndan i\u015flenen katliamlara u\u011fram\u0131\u015flard\u0131r. Yahudi cemaatine ve ba\u015fka etnik ve dinsel az\u0131nl\u0131klara kar\u015f\u0131 ger\u00e7ekle\u015ftirilen eziyetler de iyice belgelenmi\u015ftir. K\u00fcrtlere kar\u015f\u0131 yap\u0131lan bu zul\u00fcmler sadece T\u00fcrkiye i\u00e7inde de\u011fil \u00fclke d\u0131\u015f\u0131nda da, Suriye ve Irak gibi \u00fclkelerde de hala devam ediyor.<\/p>\n<p>ABD Ba\u015fkan\u0131 Biden taraf\u0131ndan Ermeni Soyk\u0131r\u0131m\u0131\u2019n\u0131n tamamen tan\u0131nmas\u0131, zalim devletlerle \u00e7evrili bu \u00fclkeyi destekleme konusunda \u00f6nemli olup ayn\u0131 zamanda ABD\u2019ye kar\u015f\u0131 g\u00fcven meselesi mahiyetinde olan bir konudur. 1915 y\u0131l\u0131nda Amerikan B\u00fcy\u00fck El\u00e7isi Henry Morgenthau T\u00fcrklerin, Ermenileri \u201c\u0131rk imhas\u0131na u\u011fratma\u201d gibi programlar\u0131 oldu\u011fu konusunda ABD h\u00fck\u00fcmetini uyar\u0131yordu.<\/p>\n<p>2019 y\u0131l\u0131nda ABD Kongresi iki kanad\u0131, Ermeni Soyk\u0131r\u0131m\u0131\u2019n\u0131 tan\u0131yan tasar\u0131lar\u0131 (783 ve 780) ezici \u00e7o\u011funlukla kabul etti. Senatonun \u00f6zeti \u015f\u00f6yledir:<\/p>\n<p>\u201cSenato, ABD\u2019in \u015fu politikalar\u0131 izlemesi gerekti\u011fini d\u00fc\u015f\u00fcn\u00fcr:<\/p>\n<ol>\n<li>Ermeni Soyk\u0131r\u0131m\u0131\u2019n\u0131 resmen tan\u0131mak ve anmak.<\/li>\n<li>Ermeni Soyk\u0131r\u0131m\u0131\u2019n\u0131 yada ba\u015fka bir jenosidi inkar etme y\u00f6n\u00fcndeki giri\u015fimlere kat\u0131lmak gibi her hangi bir \u00e7abay\u0131 reddetmek.<\/li>\n<li>Ermeni Soyk\u0131r\u0131m\u0131\u2019na dair bilgilerin toplum ve okullarda yay\u0131lmas\u0131n\u0131 sa\u011flamak ve ABD\u2019in, insani yard\u0131m \u00e7abalar\u0131n\u0131 te\u015fvik etmek ve modern d\u00fcnyada insanl\u0131\u011fa kar\u015f\u0131 i\u015flenen di\u011fer su\u00e7lar konusunda Ermeni Jenosidi\u2019nin g\u00fcncelli\u011fini korumak.\u201d<\/li>\n<\/ol>\n<p>Galiba en \u00f6nemlisi \u015fudur: ABD T\u00fcrkiye\u2019nin, serbest\u00e7e inkarc\u0131l\u0131\u011f\u0131na devam etmesine izin vermemelidir. Zira bu inkarc\u0131l\u0131k, T\u00fcrkiye\u2019nin ve soyk\u0131r\u0131m i\u015fleyen ba\u015fka canilerin gelecekte de kitlesel zul\u00fcmler ger\u00e7ekle\u015ftirmelerine yol a\u00e7ar, t\u0131pk\u0131 T\u00fcrkiye\u2019nin \u015fuan (sadece T\u00fcrkiye\u2019de de\u011fil, \u00fclke d\u0131\u015f\u0131nda da) K\u00fcrtlere kar\u015f\u0131 i\u015fledi\u011fi gibi (ge\u00e7ti\u011fimiz zaman T\u00fcrkiye, Artsakh\u2019ta da Ermenilere kar\u015f\u0131 etnik temizleme politikas\u0131 y\u00fcr\u00fctt\u00fc). E\u011fer ABD, temel insan haklar\u0131n\u0131 ihlal eden ve soyk\u0131r\u0131m siyaseti izleyen \u00c7in gibi \u00fclkelere de kar\u015f\u0131l\u0131k verirse daha sa\u011flam bir mevkide bulunmu\u015f olur.<\/p>\n<p>&nbsp;<\/p>\n","protected":false},"excerpt":{"rendered":"<p>Profes\u00f6r Roger Smith Kanada Zoryan Enstit\u00fcs\u00fc Bilim Kurulu Ba\u015fkan\u0131, Uluslararas\u0131 Soyk\u0131r\u0131m Uzmanlar\u0131 Derne\u011fi E\u015fkurucusu ve eski ba\u015fkan\u0131 T\u00fcrkiye, her zaman oldu\u011fu gibi her Nisan ay\u0131nda k\u0131vranmaya ba\u015flar. Zira bu ayda d\u00fcnya Ermenileri, T\u00fcrkiye taraf\u0131ndan 1915 y\u0131l\u0131nda ba\u015flat\u0131lan soyk\u0131r\u0131m\u0131 anarak d\u00fcnyaya bu jenosidi hep beraber hat\u0131rlamay\u0131 rica eder. Ermeniler, o d\u00f6nemde Osmanl\u0131 taraf\u0131ndan Ermenilere kar\u015f\u0131 i\u015flenen [&hellip;]<\/p>\n","protected":false},"author":7,"featured_media":62318,"comment_status":"open","ping_status":"open","sticky":false,"template":"","format":"standard","meta":{"footnotes":""},"categories":[44,1,70],"tags":[],"class_list":["post-62317","post","type-post","status-publish","format-standard","has-post-thumbnail","hentry","category-ermeni-soykirimi","category-haberler","category-makaleler"],"yoast_head":"<!-- This site is optimized with the Yoast SEO plugin v27.4 - https:\/\/yoast.com\/product\/yoast-seo-wordpress\/ -->\n<title>ABD Ba\u015fkan\u0131 Biden Ermeni Soyk\u0131r\u0131m\u0131\u2019n\u0131 neden tan\u0131mal\u0131? - Bati Ermenistan Ve Bati Ermenileri Sorunlari Ara\u015ftirmalar Merkezi<\/title>\n<meta name=\"robots\" content=\"index, follow, max-snippet:-1, max-image-preview:large, max-video-preview:-1\" \/>\n<link rel=\"canonical\" href=\"https:\/\/akunq.net\/tr\/?p=62317\" \/>\n<meta property=\"og:locale\" content=\"en_US\" \/>\n<meta property=\"og:type\" content=\"article\" \/>\n<meta property=\"og:title\" content=\"ABD Ba\u015fkan\u0131 Biden Ermeni Soyk\u0131r\u0131m\u0131\u2019n\u0131 neden tan\u0131mal\u0131? - Bati Ermenistan Ve Bati Ermenileri Sorunlari Ara\u015ftirmalar Merkezi\" \/>\n<meta property=\"og:description\" content=\"Profes\u00f6r Roger Smith Kanada Zoryan Enstit\u00fcs\u00fc Bilim Kurulu Ba\u015fkan\u0131, Uluslararas\u0131 Soyk\u0131r\u0131m Uzmanlar\u0131 Derne\u011fi E\u015fkurucusu ve eski ba\u015fkan\u0131 T\u00fcrkiye, her zaman oldu\u011fu gibi her Nisan ay\u0131nda k\u0131vranmaya ba\u015flar. Zira bu ayda d\u00fcnya Ermenileri, T\u00fcrkiye taraf\u0131ndan 1915 y\u0131l\u0131nda ba\u015flat\u0131lan soyk\u0131r\u0131m\u0131 anarak d\u00fcnyaya bu jenosidi hep beraber hat\u0131rlamay\u0131 rica eder. Ermeniler, o d\u00f6nemde Osmanl\u0131 taraf\u0131ndan Ermenilere kar\u015f\u0131 i\u015flenen [&hellip;]\" \/>\n<meta property=\"og:url\" content=\"https:\/\/akunq.net\/tr\/?p=62317\" \/>\n<meta property=\"og:site_name\" content=\"Bati Ermenistan Ve Bati Ermenileri Sorunlari Ara\u015ftirmalar Merkezi\" \/>\n<meta property=\"article:published_time\" content=\"2021-04-09T10:52:22+00:00\" \/>\n<meta property=\"og:image\" content=\"https:\/\/akunq.net\/tr\/wp-content\/uploads\/sites\/6\/2021\/04\/Roger-Smith-Photo-for-Press-Release-e1617724837990.jpg\" \/>\n\t<meta property=\"og:image:width\" content=\"779\" \/>\n\t<meta property=\"og:image:height\" content=\"858\" \/>\n\t<meta property=\"og:image:type\" content=\"image\/jpeg\" \/>\n<meta name=\"author\" content=\"admin\" \/>\n<meta name=\"twitter:card\" content=\"summary_large_image\" \/>\n<meta name=\"twitter:label1\" content=\"Written by\" \/>\n\t<meta name=\"twitter:data1\" content=\"admin\" \/>\n\t<meta name=\"twitter:label2\" content=\"Est. reading time\" \/>\n\t<meta name=\"twitter:data2\" content=\"6 minutes\" \/>\n<script type=\"application\/ld+json\" class=\"yoast-schema-graph\">{\"@context\":\"https:\\\/\\\/schema.org\",\"@graph\":[{\"@type\":\"Article\",\"@id\":\"https:\\\/\\\/akunq.net\\\/tr\\\/?p=62317#article\",\"isPartOf\":{\"@id\":\"https:\\\/\\\/akunq.net\\\/tr\\\/?p=62317\"},\"author\":{\"name\":\"admin\",\"@id\":\"https:\\\/\\\/akunq.net\\\/tr\\\/#\\\/schema\\\/person\\\/096f1d38a12cce57fb855b485ed24c9e\"},\"headline\":\"ABD Ba\u015fkan\u0131 Biden Ermeni Soyk\u0131r\u0131m\u0131\u2019n\u0131 neden tan\u0131mal\u0131?\",\"datePublished\":\"2021-04-09T10:52:22+00:00\",\"mainEntityOfPage\":{\"@id\":\"https:\\\/\\\/akunq.net\\\/tr\\\/?p=62317\"},\"wordCount\":1147,\"commentCount\":0,\"image\":{\"@id\":\"https:\\\/\\\/akunq.net\\\/tr\\\/?p=62317#primaryimage\"},\"thumbnailUrl\":\"https:\\\/\\\/akunq.net\\\/tr\\\/wp-content\\\/uploads\\\/sites\\\/6\\\/2021\\\/04\\\/Roger-Smith-Photo-for-Press-Release-e1617724837990.jpg\",\"articleSection\":[\"Ermeni Soyk\u0131r\u0131m\u0131\",\"Haberler\",\"Makaleler\"],\"inLanguage\":\"en-US\",\"potentialAction\":[{\"@type\":\"CommentAction\",\"name\":\"Comment\",\"target\":[\"https:\\\/\\\/akunq.net\\\/tr\\\/?p=62317#respond\"]}]},{\"@type\":\"WebPage\",\"@id\":\"https:\\\/\\\/akunq.net\\\/tr\\\/?p=62317\",\"url\":\"https:\\\/\\\/akunq.net\\\/tr\\\/?p=62317\",\"name\":\"ABD Ba\u015fkan\u0131 Biden Ermeni Soyk\u0131r\u0131m\u0131\u2019n\u0131 neden tan\u0131mal\u0131? - Bati Ermenistan Ve Bati Ermenileri Sorunlari Ara\u015ftirmalar Merkezi\",\"isPartOf\":{\"@id\":\"https:\\\/\\\/akunq.net\\\/tr\\\/#website\"},\"primaryImageOfPage\":{\"@id\":\"https:\\\/\\\/akunq.net\\\/tr\\\/?p=62317#primaryimage\"},\"image\":{\"@id\":\"https:\\\/\\\/akunq.net\\\/tr\\\/?p=62317#primaryimage\"},\"thumbnailUrl\":\"https:\\\/\\\/akunq.net\\\/tr\\\/wp-content\\\/uploads\\\/sites\\\/6\\\/2021\\\/04\\\/Roger-Smith-Photo-for-Press-Release-e1617724837990.jpg\",\"datePublished\":\"2021-04-09T10:52:22+00:00\",\"author\":{\"@id\":\"https:\\\/\\\/akunq.net\\\/tr\\\/#\\\/schema\\\/person\\\/096f1d38a12cce57fb855b485ed24c9e\"},\"breadcrumb\":{\"@id\":\"https:\\\/\\\/akunq.net\\\/tr\\\/?p=62317#breadcrumb\"},\"inLanguage\":\"en-US\",\"potentialAction\":[{\"@type\":\"ReadAction\",\"target\":[\"https:\\\/\\\/akunq.net\\\/tr\\\/?p=62317\"]}]},{\"@type\":\"ImageObject\",\"inLanguage\":\"en-US\",\"@id\":\"https:\\\/\\\/akunq.net\\\/tr\\\/?p=62317#primaryimage\",\"url\":\"https:\\\/\\\/akunq.net\\\/tr\\\/wp-content\\\/uploads\\\/sites\\\/6\\\/2021\\\/04\\\/Roger-Smith-Photo-for-Press-Release-e1617724837990.jpg\",\"contentUrl\":\"https:\\\/\\\/akunq.net\\\/tr\\\/wp-content\\\/uploads\\\/sites\\\/6\\\/2021\\\/04\\\/Roger-Smith-Photo-for-Press-Release-e1617724837990.jpg\",\"width\":779,\"height\":858},{\"@type\":\"BreadcrumbList\",\"@id\":\"https:\\\/\\\/akunq.net\\\/tr\\\/?p=62317#breadcrumb\",\"itemListElement\":[{\"@type\":\"ListItem\",\"position\":1,\"name\":\"Home\",\"item\":\"https:\\\/\\\/akunq.net\\\/tr\"},{\"@type\":\"ListItem\",\"position\":2,\"name\":\"ABD Ba\u015fkan\u0131 Biden Ermeni Soyk\u0131r\u0131m\u0131\u2019n\u0131 neden tan\u0131mal\u0131?\"}]},{\"@type\":\"WebSite\",\"@id\":\"https:\\\/\\\/akunq.net\\\/tr\\\/#website\",\"url\":\"https:\\\/\\\/akunq.net\\\/tr\\\/\",\"name\":\"Bati Ermenistan Ve Bati Ermenileri Sorunlari Ara\u015ftirmalar Merkezi\",\"description\":\"\",\"potentialAction\":[{\"@type\":\"SearchAction\",\"target\":{\"@type\":\"EntryPoint\",\"urlTemplate\":\"https:\\\/\\\/akunq.net\\\/tr\\\/?s={search_term_string}\"},\"query-input\":{\"@type\":\"PropertyValueSpecification\",\"valueRequired\":true,\"valueName\":\"search_term_string\"}}],\"inLanguage\":\"en-US\"},{\"@type\":\"Person\",\"@id\":\"https:\\\/\\\/akunq.net\\\/tr\\\/#\\\/schema\\\/person\\\/096f1d38a12cce57fb855b485ed24c9e\",\"name\":\"admin\",\"url\":\"https:\\\/\\\/akunq.net\\\/tr\\\/?author=7\"}]}<\/script>\n<!-- \/ Yoast SEO plugin. -->","yoast_head_json":{"title":"ABD Ba\u015fkan\u0131 Biden Ermeni Soyk\u0131r\u0131m\u0131\u2019n\u0131 neden tan\u0131mal\u0131? - Bati Ermenistan Ve Bati Ermenileri Sorunlari Ara\u015ftirmalar Merkezi","robots":{"index":"index","follow":"follow","max-snippet":"max-snippet:-1","max-image-preview":"max-image-preview:large","max-video-preview":"max-video-preview:-1"},"canonical":"https:\/\/akunq.net\/tr\/?p=62317","og_locale":"en_US","og_type":"article","og_title":"ABD Ba\u015fkan\u0131 Biden Ermeni Soyk\u0131r\u0131m\u0131\u2019n\u0131 neden tan\u0131mal\u0131? - Bati Ermenistan Ve Bati Ermenileri Sorunlari Ara\u015ftirmalar Merkezi","og_description":"Profes\u00f6r Roger Smith Kanada Zoryan Enstit\u00fcs\u00fc Bilim Kurulu Ba\u015fkan\u0131, Uluslararas\u0131 Soyk\u0131r\u0131m Uzmanlar\u0131 Derne\u011fi E\u015fkurucusu ve eski ba\u015fkan\u0131 T\u00fcrkiye, her zaman oldu\u011fu gibi her Nisan ay\u0131nda k\u0131vranmaya ba\u015flar. Zira bu ayda d\u00fcnya Ermenileri, T\u00fcrkiye taraf\u0131ndan 1915 y\u0131l\u0131nda ba\u015flat\u0131lan soyk\u0131r\u0131m\u0131 anarak d\u00fcnyaya bu jenosidi hep beraber hat\u0131rlamay\u0131 rica eder. Ermeniler, o d\u00f6nemde Osmanl\u0131 taraf\u0131ndan Ermenilere kar\u015f\u0131 i\u015flenen [&hellip;]","og_url":"https:\/\/akunq.net\/tr\/?p=62317","og_site_name":"Bati Ermenistan Ve Bati Ermenileri Sorunlari Ara\u015ftirmalar Merkezi","article_published_time":"2021-04-09T10:52:22+00:00","og_image":[{"width":779,"height":858,"url":"https:\/\/akunq.net\/tr\/wp-content\/uploads\/sites\/6\/2021\/04\/Roger-Smith-Photo-for-Press-Release-e1617724837990.jpg","type":"image\/jpeg"}],"author":"admin","twitter_card":"summary_large_image","twitter_misc":{"Written by":"admin","Est. reading time":"6 minutes"},"schema":{"@context":"https:\/\/schema.org","@graph":[{"@type":"Article","@id":"https:\/\/akunq.net\/tr\/?p=62317#article","isPartOf":{"@id":"https:\/\/akunq.net\/tr\/?p=62317"},"author":{"name":"admin","@id":"https:\/\/akunq.net\/tr\/#\/schema\/person\/096f1d38a12cce57fb855b485ed24c9e"},"headline":"ABD Ba\u015fkan\u0131 Biden Ermeni Soyk\u0131r\u0131m\u0131\u2019n\u0131 neden tan\u0131mal\u0131?","datePublished":"2021-04-09T10:52:22+00:00","mainEntityOfPage":{"@id":"https:\/\/akunq.net\/tr\/?p=62317"},"wordCount":1147,"commentCount":0,"image":{"@id":"https:\/\/akunq.net\/tr\/?p=62317#primaryimage"},"thumbnailUrl":"https:\/\/akunq.net\/tr\/wp-content\/uploads\/sites\/6\/2021\/04\/Roger-Smith-Photo-for-Press-Release-e1617724837990.jpg","articleSection":["Ermeni Soyk\u0131r\u0131m\u0131","Haberler","Makaleler"],"inLanguage":"en-US","potentialAction":[{"@type":"CommentAction","name":"Comment","target":["https:\/\/akunq.net\/tr\/?p=62317#respond"]}]},{"@type":"WebPage","@id":"https:\/\/akunq.net\/tr\/?p=62317","url":"https:\/\/akunq.net\/tr\/?p=62317","name":"ABD Ba\u015fkan\u0131 Biden Ermeni Soyk\u0131r\u0131m\u0131\u2019n\u0131 neden tan\u0131mal\u0131? - Bati Ermenistan Ve Bati Ermenileri Sorunlari Ara\u015ftirmalar Merkezi","isPartOf":{"@id":"https:\/\/akunq.net\/tr\/#website"},"primaryImageOfPage":{"@id":"https:\/\/akunq.net\/tr\/?p=62317#primaryimage"},"image":{"@id":"https:\/\/akunq.net\/tr\/?p=62317#primaryimage"},"thumbnailUrl":"https:\/\/akunq.net\/tr\/wp-content\/uploads\/sites\/6\/2021\/04\/Roger-Smith-Photo-for-Press-Release-e1617724837990.jpg","datePublished":"2021-04-09T10:52:22+00:00","author":{"@id":"https:\/\/akunq.net\/tr\/#\/schema\/person\/096f1d38a12cce57fb855b485ed24c9e"},"breadcrumb":{"@id":"https:\/\/akunq.net\/tr\/?p=62317#breadcrumb"},"inLanguage":"en-US","potentialAction":[{"@type":"ReadAction","target":["https:\/\/akunq.net\/tr\/?p=62317"]}]},{"@type":"ImageObject","inLanguage":"en-US","@id":"https:\/\/akunq.net\/tr\/?p=62317#primaryimage","url":"https:\/\/akunq.net\/tr\/wp-content\/uploads\/sites\/6\/2021\/04\/Roger-Smith-Photo-for-Press-Release-e1617724837990.jpg","contentUrl":"https:\/\/akunq.net\/tr\/wp-content\/uploads\/sites\/6\/2021\/04\/Roger-Smith-Photo-for-Press-Release-e1617724837990.jpg","width":779,"height":858},{"@type":"BreadcrumbList","@id":"https:\/\/akunq.net\/tr\/?p=62317#breadcrumb","itemListElement":[{"@type":"ListItem","position":1,"name":"Home","item":"https:\/\/akunq.net\/tr"},{"@type":"ListItem","position":2,"name":"ABD Ba\u015fkan\u0131 Biden Ermeni Soyk\u0131r\u0131m\u0131\u2019n\u0131 neden tan\u0131mal\u0131?"}]},{"@type":"WebSite","@id":"https:\/\/akunq.net\/tr\/#website","url":"https:\/\/akunq.net\/tr\/","name":"Bati Ermenistan Ve Bati Ermenileri Sorunlari Ara\u015ftirmalar Merkezi","description":"","potentialAction":[{"@type":"SearchAction","target":{"@type":"EntryPoint","urlTemplate":"https:\/\/akunq.net\/tr\/?s={search_term_string}"},"query-input":{"@type":"PropertyValueSpecification","valueRequired":true,"valueName":"search_term_string"}}],"inLanguage":"en-US"},{"@type":"Person","@id":"https:\/\/akunq.net\/tr\/#\/schema\/person\/096f1d38a12cce57fb855b485ed24c9e","name":"admin","url":"https:\/\/akunq.net\/tr\/?author=7"}]}},"_links":{"self":[{"href":"https:\/\/akunq.net\/tr\/index.php?rest_route=\/wp\/v2\/posts\/62317","targetHints":{"allow":["GET"]}}],"collection":[{"href":"https:\/\/akunq.net\/tr\/index.php?rest_route=\/wp\/v2\/posts"}],"about":[{"href":"https:\/\/akunq.net\/tr\/index.php?rest_route=\/wp\/v2\/types\/post"}],"author":[{"embeddable":true,"href":"https:\/\/akunq.net\/tr\/index.php?rest_route=\/wp\/v2\/users\/7"}],"replies":[{"embeddable":true,"href":"https:\/\/akunq.net\/tr\/index.php?rest_route=%2Fwp%2Fv2%2Fcomments&post=62317"}],"version-history":[{"count":1,"href":"https:\/\/akunq.net\/tr\/index.php?rest_route=\/wp\/v2\/posts\/62317\/revisions"}],"predecessor-version":[{"id":62319,"href":"https:\/\/akunq.net\/tr\/index.php?rest_route=\/wp\/v2\/posts\/62317\/revisions\/62319"}],"wp:featuredmedia":[{"embeddable":true,"href":"https:\/\/akunq.net\/tr\/index.php?rest_route=\/wp\/v2\/media\/62318"}],"wp:attachment":[{"href":"https:\/\/akunq.net\/tr\/index.php?rest_route=%2Fwp%2Fv2%2Fmedia&parent=62317"}],"wp:term":[{"taxonomy":"category","embeddable":true,"href":"https:\/\/akunq.net\/tr\/index.php?rest_route=%2Fwp%2Fv2%2Fcategories&post=62317"},{"taxonomy":"post_tag","embeddable":true,"href":"https:\/\/akunq.net\/tr\/index.php?rest_route=%2Fwp%2Fv2%2Ftags&post=62317"}],"curies":[{"name":"wp","href":"https:\/\/api.w.org\/{rel}","templated":true}]}}