{"id":62314,"date":"2021-04-09T01:31:04","date_gmt":"2021-04-09T06:31:04","guid":{"rendered":"https:\/\/akunq.net\/tr\/?p=62314"},"modified":"2021-04-09T01:31:04","modified_gmt":"2021-04-09T06:31:04","slug":"af-orgutunden-turkiyeye-elestiri","status":"publish","type":"post","link":"https:\/\/akunq.net\/tr\/?p=62314","title":{"rendered":"Af \u00d6rg\u00fct\u00fc&#8217;nden T\u00fcrkiye&#8217;ye ele\u015ftiri"},"content":{"rendered":"<p><img loading=\"lazy\" decoding=\"async\" class=\"aligncenter size-medium wp-image-62315\" src=\"https:\/\/akunq.net\/tr\/wp-content\/uploads\/2021\/04\/Af-\u00d6rg\u00fct\u00fc-360x203.jpg\" alt=\"\" width=\"360\" height=\"203\" srcset=\"https:\/\/akunq.net\/tr\/wp-content\/uploads\/sites\/6\/2021\/04\/Af-\u00d6rg\u00fct\u00fc-360x203.jpg 360w, https:\/\/akunq.net\/tr\/wp-content\/uploads\/sites\/6\/2021\/04\/Af-\u00d6rg\u00fct\u00fc-768x432.jpg 768w, https:\/\/akunq.net\/tr\/wp-content\/uploads\/sites\/6\/2021\/04\/Af-\u00d6rg\u00fct\u00fc-560x315.jpg 560w, https:\/\/akunq.net\/tr\/wp-content\/uploads\/sites\/6\/2021\/04\/Af-\u00d6rg\u00fct\u00fc-260x146.jpg 260w, https:\/\/akunq.net\/tr\/wp-content\/uploads\/sites\/6\/2021\/04\/Af-\u00d6rg\u00fct\u00fc-160x90.jpg 160w, https:\/\/akunq.net\/tr\/wp-content\/uploads\/sites\/6\/2021\/04\/Af-\u00d6rg\u00fct\u00fc.jpg 864w\" sizes=\"auto, (max-width: 360px) 100vw, 360px\" \/><\/p>\n<p><em><strong>Hak savunucusu kurulu\u015flardan Uluslararas\u0131 Af \u00d6rg\u00fct\u00fc T\u00fcrkiye&#8217;ye dair 2020 raporunu a\u00e7\u0131klad\u0131. Raporda \u201cYarg\u0131 g\u00fcc\u00fc, adil yarg\u0131lanma g\u00fcvencelerini ve hukuki usulleri hi\u00e7e sayd\u0131 ve a\u015f\u0131r\u0131 geni\u015f tan\u0131mlanm\u0131\u015f ter\u00f6rle m\u00fccadele yasalar\u0131n\u0131, uluslararas\u0131 insan haklar\u0131 hukuku gere\u011fince koruma alt\u0131nda olan fiilleri cezaland\u0131rmak i\u00e7in kullanmay\u0131 s\u00fcrd\u00fcrd\u00fc.\u201d dendi.<\/strong><\/em><\/p>\n<p>Uluslararas\u0131 Af \u00d6rg\u00fct\u00fc\u2019n\u00fcn 2020 y\u0131l\u0131n\u0131 de\u011ferlendiren y\u0131ll\u0131k raporu yay\u0131nland\u0131. Raporun T\u00fcrkiye b\u00f6l\u00fcm\u00fcnde yarg\u0131 sistemine dair ele\u015ftiriler yer ald\u0131.<\/p>\n<p>Raporda \u201cBaz\u0131 yarg\u0131 mensuplar\u0131 ve hukuk\u00e7ular mesleki g\u00f6revlerini me\u015fru bi\u00e7imde yerine getirdikleri i\u00e7in yapt\u0131r\u0131mlara maruz kald\u0131. Gazeteciler, siyaset\u00e7iler, aktivistler, sosyal medya kullan\u0131c\u0131lar\u0131 ve insan haklar\u0131 savunucular\u0131n\u0131n da aralar\u0131nda bulundu\u011fu ki\u015filere y\u00f6nelik ger\u00e7ek veya varsay\u0131lan muhalefetleri nedeniyle yarg\u0131 tacizi devam etti.\u201d ifadelerine yer verildi.<\/p>\n<p>Uluslararas\u0131 Af \u00d6rg\u00fct\u00fc y\u0131ll\u0131k raporunun T\u00fcrkiye b\u00f6l\u00fcm\u00fcnde; pandemi s\u00fcrecinde ifade \u00f6zg\u00fcrl\u00fc\u011f\u00fc, adil yarg\u0131lanma, muhalefete ve sivil topluma d\u00f6n\u00fck bask\u0131lar, cinsiyet e\u015fitsizli\u011fi, ayr\u0131mc\u0131l\u0131k, m\u00fclteci, s\u0131\u011f\u0131nmac\u0131 ve g\u00f6\u00e7menlerin haklar\u0131, zorla kaybetmeler ve i\u015fkence ve k\u00f6t\u00fc muamele ba\u015fl\u0131klar\u0131 yer buluyor.<\/p>\n<p>Uluslararas\u0131 Af \u00d6rg\u00fct\u00fc raporda T\u00fcrkiye\u2019de \u00f6ne \u00e7\u0131kan davalara yer verdi. Raporda, Hak Savunucular\u0131 Davas\u0131\u2019nda aralar\u0131nda UA\u00d6 T\u00fcrkiye \u015eubesi Onursal Ba\u015fkan\u0131 Av. Taner K\u0131l\u0131\u00e7\u2019\u0131n da bulundu\u011fu d\u00f6rt insan haklar\u0131 savunucusunun mahkum edilmesi ve Osman Kavala\u2019n\u0131n, Gezi Davas\u0131\u2019nda beraat etmesine ve A\u0130HM karar\u0131na ra\u011fmen cezaevinde tutulmaya devam edilmesine dikkat \u00e7ekildi<\/p>\n<p>Y\u0131ll\u0131k raporda, h\u00fck\u00fcmetin muhalefeti bast\u0131rma \u00e7abalar\u0131ndan biri olarak, yerel y\u00f6netimlerin faaliyetlerinin k\u0131s\u0131tlanmaya \u00e7al\u0131\u015f\u0131ld\u0131\u011f\u0131na da yer verildi:<\/p>\n<p>\u201cNisan ay\u0131nda h\u00fck\u00fcmet, muhalefeti daha da bast\u0131rmak i\u00e7in COVID-19 krizini kullanarak muhalefet partilerinin y\u00f6netimindeki bir\u00e7ok belediyenin ba\u011f\u0131\u015f kampanyalar\u0131n\u0131 yasaklad\u0131 ve \u0130stanbul ve Ankara belediye ba\u015fkanlar\u0131n\u0131n pandemiyle m\u00fccadele kapsam\u0131nda ba\u011f\u0131\u015f toplamas\u0131na ili\u015fkin soru\u015fturmalar ba\u015flatt\u0131.\u201d<\/p>\n<p>Raporun \u201cA\u015f\u0131r\u0131 devlet m\u00fcdahalesi\u201d ba\u015fl\u0131\u011f\u0131nda, hakimler ve avukatlar\u0131n durumu geni\u015f yer buldu.<\/p>\n<p>Hakimler ve Savc\u0131lar Kurulu taraf\u0131ndan 18 \u015eubat\u2019ta Gezi Davas\u0131\u2019nda yarg\u0131lanan Osman Kavala dahil t\u00fcm ki\u015fileri beraat ettiren \u00fc\u00e7 hakim hakk\u0131nda ba\u015flat\u0131lan disiplin soru\u015fturmas\u0131n\u0131n y\u0131l sonunda devam ediyor oldu\u011fu hat\u0131rlat\u0131ld\u0131.<\/p>\n<p>2020 Temmuz ay\u0131nda TBMM\u2019den ge\u00e7en barolar\u0131n yap\u0131s\u0131n\u0131 de\u011fi\u015ftiren yasa da raporda yer buldu. Binlerce avukat yasay\u0131 protesto etmi\u015f ve 80 barodan 78\u2019i de\u011fi\u015fikli\u011fe kar\u015f\u0131 \u00e7\u0131kan bir bildiriyi imzalam\u0131\u015ft\u0131. Af \u00d6rg\u00fct\u00fc, raporda, \u201cYeni yasa, barolar\u0131n yetkilerini ve ba\u011f\u0131ms\u0131zl\u0131\u011f\u0131n\u0131 zay\u0131flat\u0131yor\u201d ifadesini kulland\u0131. Rapor T\u00fcrkiye\u2019de avukatlar\u0131n 2020 y\u0131l\u0131n\u0131 \u015fu paragrafla payla\u015ft\u0131:<\/p>\n<p>\u201c\u2018Ter\u00f6rle ba\u011flant\u0131l\u0131 su\u00e7lardan\u2019 yarg\u0131lanan m\u00fcvekkillerini temsil eden avukatlara y\u00f6nelik ceza soru\u015fturmalar\u0131 s\u00fcrd\u00fc. Eyl\u00fcl ay\u0131nda polis, 47 avukat\u0131 yaln\u0131zca mesleki faaliyetleri nedeniyle \u2018ter\u00f6r \u00f6rg\u00fct\u00fc \u00fcyeli\u011fi\u2019 \u015f\u00fcphesi ile g\u00f6zalt\u0131na ald\u0131. En az 15 avukat tutuklu yarg\u0131land\u0131. Yarg\u0131tay, ter\u00f6rle ba\u011flant\u0131l\u0131 mevzuat kapsam\u0131nda yarg\u0131lanan \u00c7a\u011fda\u015f Hukuk\u00e7ular Derne\u011fi \u00fcyesi 14 avukata verilen hapis cezalar\u0131n\u0131 onad\u0131.\u201d<\/p>\n<p>Af \u00d6rg\u00fct\u00fc raporunda, muhalefet partileri mensuplar\u0131na y\u00f6nelik istismarc\u0131 soru\u015fturmalar ve yarg\u0131lamalar\u0131n devam etti\u011fi belirtilirken \u015fu \u00f6rneklere yer verildi:<\/p>\n<p>\u201cHaziran\u2019da CHP \u0130stanbul \u0130l Ba\u015fkan\u0131 Canan Kaftanc\u0131o\u011flu\u2019na verilen ceza onand\u0131. Kaftanc\u0131o\u011flu \u2018Cumhurba\u015fkan\u0131na ve kamu g\u00f6revlisine hakaret\u2019, \u2018halk\u0131 kin ve d\u00fc\u015fmanl\u0131\u011fa alenen tahrik\u2019 ve \u2018ter\u00f6r \u00f6rg\u00fct\u00fc propagandas\u0131 yapmak\u2019 su\u00e7lar\u0131ndan dokuz y\u0131l sekiz ay hapis cezas\u0131na mahkum edilmi\u015fti.\u201d<\/p>\n<p>\u201cEkim ay\u0131nda, Kars Belediye Ba\u015fkan\u0131 Ayhan Bilgen\u2019in de aralar\u0131nda bulundu\u011fu, HDP eski \u00fcyeleri ile halen \u00fcyesi olan 20 ki\u015fi, Ekim 2014\u2019teki \u015fiddetli protestolarda rol oynad\u0131klar\u0131 iddias\u0131yla tutukland\u0131. 2 Ekim\u2019de Kars Valisi, Kars Belediyesi\u2019ne kayy\u0131m olarak atad\u0131. HDP\u2019nin eski e\u015f ba\u015fkanlar\u0131 Selahattin Demirta\u015f ve Figen Y\u00fcksekda\u011f ayn\u0131 soru\u015fturma kapsam\u0131nda Eyl\u00fcl 2019\u2019dan beri tutuklu yarg\u0131lan\u0131yor. A\u0130HM B\u00fcy\u00fck Daire, Aral\u0131k ay\u0131nda Demirta\u015f\u2019\u0131n ifade \u00f6zg\u00fcrl\u00fc\u011f\u00fc, ki\u015fi h\u00fcrriyeti ve g\u00fcvenli\u011fi ve serbest se\u00e7im haklar\u0131 ile A\u0130HS ile korunan haklar\u0131n\u0131n hukuk d\u0131\u015f\u0131 ama\u00e7larla s\u0131n\u0131rland\u0131r\u0131lmas\u0131 yasa\u011f\u0131n\u0131n ihlal edildi\u011fine h\u00fckmederek, Demirta\u015f\u2019\u0131n derhal serbest b\u0131rak\u0131lmas\u0131n\u0131 istedi. Karar\u0131n ard\u0131ndan haz\u0131rlanan yeni iddianame, y\u0131l sonu itibariyle birinci derece mahkemesinde bekliyordu.\u201d<\/p>\n<p>Raporda ayr\u0131ca \u015fu ifadelere de yer verildi.<\/p>\n<p>&#8220;TBMM Aral\u0131k ay\u0131nda g\u00f6r\u00fcn\u00fc\u015fte kitle imha silahlar\u0131n\u0131n yay\u0131lmas\u0131n\u0131n finansman\u0131n\u0131n \u00f6nlenmesi amac\u0131 ta\u015f\u0131yan ancak ger\u00e7ekte sivil toplum a\u00e7\u0131s\u0131ndan ciddi sonu\u00e7lar yaratan yeni bir yasa \u00e7\u0131kard\u0131. Yasa, ter\u00f6rle m\u00fccadele yasalar\u0131 kapsam\u0131nda hakk\u0131nda soru\u015fturma a\u00e7\u0131lan sivil toplum \u00f6rg\u00fct\u00fc ba\u015fkanlar\u0131n\u0131n g\u00f6revden al\u0131nmas\u0131na ve bu ki\u015filerin yerine h\u00fck\u00fcmetin kayy\u0131m atamas\u0131na izin veren h\u00fck\u00fcmler i\u00e7eriyor.&#8221;<\/p>\n<p>&#8220;Gazeteciler ve di\u011fer medya \u00e7al\u0131\u015fanlar\u0131 tutuklu yarg\u0131lanmaya ve haklar\u0131ndaki mahkumiyet kararlar\u0131 nedeniyle cezaevinde tutulmaya devam etti. Ter\u00f6rle m\u00fccadele yasalar\u0131 kapsam\u0131nda yarg\u0131lanan baz\u0131 gazeteciler ve medya \u00e7al\u0131\u015fanlar\u0131 su\u00e7lu bulundu ve y\u0131llarca hapis cezalar\u0131na mahkum edildi, me\u015fru faaliyetleri ise su\u00e7 delili gibi g\u00f6sterildi. Mart ay\u0131nda polis en az 12 gazeteciyi COVID-19\u2019la ilgili haber yapt\u0131klar\u0131 gerek\u00e7esiyle g\u00f6zalt\u0131na ald\u0131.&#8221;<\/p>\n<p>Raporda Osman Kavala, \u00d6zg\u00fcr G\u00fcndem Davas\u0131, \u0130HD Diyarbak\u0131r \u015eubesi\u2019nin eski ba\u015fkan\u0131 Raci Bilici davas\u0131 ve Tahir El\u00e7i davas\u0131 geni\u015f yer buldu. Bu davalar T\u00fcrkiye\u2019deki yarg\u0131 s\u00fcre\u00e7lerinin \u00f6rnekleri olarak ele al\u0131nd\u0131.<\/p>\n<p>Raporda ayr\u0131ca, 2020 y\u0131l\u0131nda T\u00fcrkiye\u2019nin hem \u0130stanbul S\u00f6zle\u015fmesi\u2019nin uygulamamas\u0131n\u0131n sonu\u00e7lar\u0131na hem de s\u00f6zle\u015fmeden \u00e7ekilme tehdidine de\u011finildi. Ayr\u0131ca, haklar\u0131n\u0131 arayan kad\u0131nlar\u0131n toplanma \u00f6zg\u00fcrl\u00fc\u011f\u00fcn\u00fcn defalarca ihlal edildi\u011fi detaylar\u0131 ile yer buldu.<\/p>\n<p>Raporda Eyl\u00fcl ay\u0131nda, Osman \u015eiban ve Servet Turgut\u2019a d\u00f6n\u00fck, Van\u2019da g\u00f6zalt\u0131 s\u00fcrecindeki i\u015fkence iddialar\u0131 ve s\u00fcreci yer ald\u0131. Servet Turgut 30 Eyl\u00fcl\u2019de hastanede hayat\u0131n\u0131 kaybetmi\u015fti. Rapor Van Valili\u011fi ve \u0130\u00e7i\u015fleri Bakanl\u0131\u011f\u0131\u2019n\u0131n a\u00e7\u0131klamalar\u0131 ile tan\u0131klar\u0131n beyanlar\u0131 aras\u0131ndaki \u00e7eli\u015fkilere vurgu yapt\u0131. Diyarbak\u0131r Cezaevi\u2019nde tutuklu yarg\u0131lanan Mehmet S\u0131dd\u0131k Me\u015fe\u2019nin i\u015fkence iddialar\u0131na kar\u015f\u0131 savc\u0131l\u0131k y\u0131l sonu itibariyle iddialara ili\u015fkin ba\u011f\u0131ms\u0131z bir soru\u015fturma ba\u015flatmam\u0131\u015ft\u0131.<\/p>\n<p>Raporda &#8220;2019\u2019da kaybolan G\u00f6khan T\u00fcrkmen, \u015eubat ay\u0131nda \u00e7\u0131kar\u0131ld\u0131\u011f\u0131 mahkemede, zorla kaybedildi\u011fi 271 g\u00fcn boyunca i\u015fkence ve di\u011fer t\u00fcrde k\u00f6t\u00fc muameleye maruz b\u0131rak\u0131ld\u0131\u011f\u0131n\u0131 anlatt\u0131. Mahkeme, iddialara ili\u015fkin ceza soru\u015fturmas\u0131 a\u00e7\u0131lmas\u0131n\u0131 istedi. 2019\u2019da kaybolan Yusuf Bilge Tun\u00e7\u2019un nerede tutuldu\u011fu y\u0131l sonu itibariyle h\u00e2l\u00e2 bilinmiyordu.&#8221; bilgisi de yer ald\u0131.<\/p>\n<p>Raporda ayr\u0131ca m\u00fclteciler sorununa da de\u011finildi ve &#8220;T\u00fcrkiye, 27 \u015eubat\u2019ta AB ile s\u0131n\u0131rlar\u0131n\u0131n a\u00e7\u0131ld\u0131\u011f\u0131n\u0131 duyurmas\u0131n\u0131n ard\u0131ndan, sorumsuzca s\u0131\u011f\u0131nmac\u0131lar\u0131 ve g\u00f6\u00e7menleri T\u00fcrkiye-Yunanistan kara s\u0131n\u0131r\u0131na gitmeye te\u015fvik etti ve ula\u015f\u0131mlar\u0131n\u0131 kolayla\u015ft\u0131rd\u0131. Yunanistan kara s\u0131n\u0131r\u0131ndaki \u015fiddetli geri itmeler insanlar\u0131n \u00f6l\u00fcm\u00fcne ve yaralanmas\u0131na yol a\u00e7t\u0131. Mart sonunda T\u00fcrkiye yetkilileri s\u0131\u011f\u0131nmac\u0131lar\u0131 ve m\u00fcltecileri s\u0131n\u0131r b\u00f6lgesinden \u00e7\u0131kard\u0131&#8221; dendi.<\/p>\n<p><em><strong>http:\/\/www.agos.com.tr\/tr\/yazi\/25536\/af-orgutu-nden-turkiye-ye-elestiri\u00a0<\/strong><\/em><\/p>\n","protected":false},"excerpt":{"rendered":"<p>Hak savunucusu kurulu\u015flardan Uluslararas\u0131 Af \u00d6rg\u00fct\u00fc T\u00fcrkiye&#8217;ye dair 2020 raporunu a\u00e7\u0131klad\u0131. Raporda \u201cYarg\u0131 g\u00fcc\u00fc, adil yarg\u0131lanma g\u00fcvencelerini ve hukuki usulleri hi\u00e7e sayd\u0131 ve a\u015f\u0131r\u0131 geni\u015f tan\u0131mlanm\u0131\u015f ter\u00f6rle m\u00fccadele yasalar\u0131n\u0131, uluslararas\u0131 insan haklar\u0131 hukuku gere\u011fince koruma alt\u0131nda olan fiilleri cezaland\u0131rmak i\u00e7in kullanmay\u0131 s\u00fcrd\u00fcrd\u00fc.\u201d dendi. Uluslararas\u0131 Af \u00d6rg\u00fct\u00fc\u2019n\u00fcn 2020 y\u0131l\u0131n\u0131 de\u011ferlendiren y\u0131ll\u0131k raporu yay\u0131nland\u0131. Raporun T\u00fcrkiye b\u00f6l\u00fcm\u00fcnde [&hellip;]<\/p>\n","protected":false},"author":7,"featured_media":62315,"comment_status":"open","ping_status":"open","sticky":false,"template":"","format":"standard","meta":{"footnotes":""},"categories":[1],"tags":[],"class_list":["post-62314","post","type-post","status-publish","format-standard","has-post-thumbnail","hentry","category-haberler"],"yoast_head":"<!-- This site is optimized with the Yoast SEO plugin v27.4 - https:\/\/yoast.com\/product\/yoast-seo-wordpress\/ -->\n<title>Af \u00d6rg\u00fct\u00fc&#039;nden T\u00fcrkiye&#039;ye ele\u015ftiri - Bati Ermenistan Ve Bati Ermenileri Sorunlari Ara\u015ftirmalar Merkezi<\/title>\n<meta name=\"robots\" content=\"index, follow, max-snippet:-1, max-image-preview:large, max-video-preview:-1\" \/>\n<link rel=\"canonical\" href=\"https:\/\/akunq.net\/tr\/?p=62314\" \/>\n<meta property=\"og:locale\" content=\"en_US\" \/>\n<meta property=\"og:type\" content=\"article\" \/>\n<meta property=\"og:title\" content=\"Af \u00d6rg\u00fct\u00fc&#039;nden T\u00fcrkiye&#039;ye ele\u015ftiri - Bati Ermenistan Ve Bati Ermenileri Sorunlari Ara\u015ftirmalar Merkezi\" \/>\n<meta property=\"og:description\" content=\"Hak savunucusu kurulu\u015flardan Uluslararas\u0131 Af \u00d6rg\u00fct\u00fc T\u00fcrkiye&#8217;ye dair 2020 raporunu a\u00e7\u0131klad\u0131. Raporda \u201cYarg\u0131 g\u00fcc\u00fc, adil yarg\u0131lanma g\u00fcvencelerini ve hukuki usulleri hi\u00e7e sayd\u0131 ve a\u015f\u0131r\u0131 geni\u015f tan\u0131mlanm\u0131\u015f ter\u00f6rle m\u00fccadele yasalar\u0131n\u0131, uluslararas\u0131 insan haklar\u0131 hukuku gere\u011fince koruma alt\u0131nda olan fiilleri cezaland\u0131rmak i\u00e7in kullanmay\u0131 s\u00fcrd\u00fcrd\u00fc.\u201d dendi. Uluslararas\u0131 Af \u00d6rg\u00fct\u00fc\u2019n\u00fcn 2020 y\u0131l\u0131n\u0131 de\u011ferlendiren y\u0131ll\u0131k raporu yay\u0131nland\u0131. Raporun T\u00fcrkiye b\u00f6l\u00fcm\u00fcnde [&hellip;]\" \/>\n<meta property=\"og:url\" content=\"https:\/\/akunq.net\/tr\/?p=62314\" \/>\n<meta property=\"og:site_name\" content=\"Bati Ermenistan Ve Bati Ermenileri Sorunlari Ara\u015ftirmalar Merkezi\" \/>\n<meta property=\"article:published_time\" content=\"2021-04-09T06:31:04+00:00\" \/>\n<meta property=\"og:image\" content=\"https:\/\/akunq.net\/tr\/wp-content\/uploads\/sites\/6\/2021\/04\/Af-\u00d6rg\u00fct\u00fc.jpg\" \/>\n\t<meta property=\"og:image:width\" content=\"864\" \/>\n\t<meta property=\"og:image:height\" content=\"486\" \/>\n\t<meta property=\"og:image:type\" content=\"image\/jpeg\" \/>\n<meta name=\"author\" content=\"admin\" \/>\n<meta name=\"twitter:card\" content=\"summary_large_image\" \/>\n<meta name=\"twitter:label1\" content=\"Written by\" \/>\n\t<meta name=\"twitter:data1\" content=\"admin\" \/>\n\t<meta name=\"twitter:label2\" content=\"Est. reading time\" \/>\n\t<meta name=\"twitter:data2\" content=\"7 minutes\" \/>\n<script type=\"application\/ld+json\" class=\"yoast-schema-graph\">{\"@context\":\"https:\\\/\\\/schema.org\",\"@graph\":[{\"@type\":\"Article\",\"@id\":\"https:\\\/\\\/akunq.net\\\/tr\\\/?p=62314#article\",\"isPartOf\":{\"@id\":\"https:\\\/\\\/akunq.net\\\/tr\\\/?p=62314\"},\"author\":{\"name\":\"admin\",\"@id\":\"https:\\\/\\\/akunq.net\\\/tr\\\/#\\\/schema\\\/person\\\/096f1d38a12cce57fb855b485ed24c9e\"},\"headline\":\"Af \u00d6rg\u00fct\u00fc&#8217;nden T\u00fcrkiye&#8217;ye ele\u015ftiri\",\"datePublished\":\"2021-04-09T06:31:04+00:00\",\"mainEntityOfPage\":{\"@id\":\"https:\\\/\\\/akunq.net\\\/tr\\\/?p=62314\"},\"wordCount\":1325,\"commentCount\":0,\"image\":{\"@id\":\"https:\\\/\\\/akunq.net\\\/tr\\\/?p=62314#primaryimage\"},\"thumbnailUrl\":\"https:\\\/\\\/akunq.net\\\/tr\\\/wp-content\\\/uploads\\\/sites\\\/6\\\/2021\\\/04\\\/Af-\u00d6rg\u00fct\u00fc.jpg\",\"articleSection\":[\"Haberler\"],\"inLanguage\":\"en-US\",\"potentialAction\":[{\"@type\":\"CommentAction\",\"name\":\"Comment\",\"target\":[\"https:\\\/\\\/akunq.net\\\/tr\\\/?p=62314#respond\"]}]},{\"@type\":\"WebPage\",\"@id\":\"https:\\\/\\\/akunq.net\\\/tr\\\/?p=62314\",\"url\":\"https:\\\/\\\/akunq.net\\\/tr\\\/?p=62314\",\"name\":\"Af \u00d6rg\u00fct\u00fc'nden T\u00fcrkiye'ye ele\u015ftiri - Bati Ermenistan Ve Bati Ermenileri Sorunlari Ara\u015ftirmalar Merkezi\",\"isPartOf\":{\"@id\":\"https:\\\/\\\/akunq.net\\\/tr\\\/#website\"},\"primaryImageOfPage\":{\"@id\":\"https:\\\/\\\/akunq.net\\\/tr\\\/?p=62314#primaryimage\"},\"image\":{\"@id\":\"https:\\\/\\\/akunq.net\\\/tr\\\/?p=62314#primaryimage\"},\"thumbnailUrl\":\"https:\\\/\\\/akunq.net\\\/tr\\\/wp-content\\\/uploads\\\/sites\\\/6\\\/2021\\\/04\\\/Af-\u00d6rg\u00fct\u00fc.jpg\",\"datePublished\":\"2021-04-09T06:31:04+00:00\",\"author\":{\"@id\":\"https:\\\/\\\/akunq.net\\\/tr\\\/#\\\/schema\\\/person\\\/096f1d38a12cce57fb855b485ed24c9e\"},\"breadcrumb\":{\"@id\":\"https:\\\/\\\/akunq.net\\\/tr\\\/?p=62314#breadcrumb\"},\"inLanguage\":\"en-US\",\"potentialAction\":[{\"@type\":\"ReadAction\",\"target\":[\"https:\\\/\\\/akunq.net\\\/tr\\\/?p=62314\"]}]},{\"@type\":\"ImageObject\",\"inLanguage\":\"en-US\",\"@id\":\"https:\\\/\\\/akunq.net\\\/tr\\\/?p=62314#primaryimage\",\"url\":\"https:\\\/\\\/akunq.net\\\/tr\\\/wp-content\\\/uploads\\\/sites\\\/6\\\/2021\\\/04\\\/Af-\u00d6rg\u00fct\u00fc.jpg\",\"contentUrl\":\"https:\\\/\\\/akunq.net\\\/tr\\\/wp-content\\\/uploads\\\/sites\\\/6\\\/2021\\\/04\\\/Af-\u00d6rg\u00fct\u00fc.jpg\",\"width\":864,\"height\":486},{\"@type\":\"BreadcrumbList\",\"@id\":\"https:\\\/\\\/akunq.net\\\/tr\\\/?p=62314#breadcrumb\",\"itemListElement\":[{\"@type\":\"ListItem\",\"position\":1,\"name\":\"Home\",\"item\":\"https:\\\/\\\/akunq.net\\\/tr\"},{\"@type\":\"ListItem\",\"position\":2,\"name\":\"Af \u00d6rg\u00fct\u00fc&#8217;nden T\u00fcrkiye&#8217;ye ele\u015ftiri\"}]},{\"@type\":\"WebSite\",\"@id\":\"https:\\\/\\\/akunq.net\\\/tr\\\/#website\",\"url\":\"https:\\\/\\\/akunq.net\\\/tr\\\/\",\"name\":\"Bati Ermenistan Ve Bati Ermenileri Sorunlari Ara\u015ftirmalar Merkezi\",\"description\":\"\",\"potentialAction\":[{\"@type\":\"SearchAction\",\"target\":{\"@type\":\"EntryPoint\",\"urlTemplate\":\"https:\\\/\\\/akunq.net\\\/tr\\\/?s={search_term_string}\"},\"query-input\":{\"@type\":\"PropertyValueSpecification\",\"valueRequired\":true,\"valueName\":\"search_term_string\"}}],\"inLanguage\":\"en-US\"},{\"@type\":\"Person\",\"@id\":\"https:\\\/\\\/akunq.net\\\/tr\\\/#\\\/schema\\\/person\\\/096f1d38a12cce57fb855b485ed24c9e\",\"name\":\"admin\",\"url\":\"https:\\\/\\\/akunq.net\\\/tr\\\/?author=7\"}]}<\/script>\n<!-- \/ Yoast SEO plugin. -->","yoast_head_json":{"title":"Af \u00d6rg\u00fct\u00fc'nden T\u00fcrkiye'ye ele\u015ftiri - Bati Ermenistan Ve Bati Ermenileri Sorunlari Ara\u015ftirmalar Merkezi","robots":{"index":"index","follow":"follow","max-snippet":"max-snippet:-1","max-image-preview":"max-image-preview:large","max-video-preview":"max-video-preview:-1"},"canonical":"https:\/\/akunq.net\/tr\/?p=62314","og_locale":"en_US","og_type":"article","og_title":"Af \u00d6rg\u00fct\u00fc'nden T\u00fcrkiye'ye ele\u015ftiri - Bati Ermenistan Ve Bati Ermenileri Sorunlari Ara\u015ftirmalar Merkezi","og_description":"Hak savunucusu kurulu\u015flardan Uluslararas\u0131 Af \u00d6rg\u00fct\u00fc T\u00fcrkiye&#8217;ye dair 2020 raporunu a\u00e7\u0131klad\u0131. Raporda \u201cYarg\u0131 g\u00fcc\u00fc, adil yarg\u0131lanma g\u00fcvencelerini ve hukuki usulleri hi\u00e7e sayd\u0131 ve a\u015f\u0131r\u0131 geni\u015f tan\u0131mlanm\u0131\u015f ter\u00f6rle m\u00fccadele yasalar\u0131n\u0131, uluslararas\u0131 insan haklar\u0131 hukuku gere\u011fince koruma alt\u0131nda olan fiilleri cezaland\u0131rmak i\u00e7in kullanmay\u0131 s\u00fcrd\u00fcrd\u00fc.\u201d dendi. Uluslararas\u0131 Af \u00d6rg\u00fct\u00fc\u2019n\u00fcn 2020 y\u0131l\u0131n\u0131 de\u011ferlendiren y\u0131ll\u0131k raporu yay\u0131nland\u0131. Raporun T\u00fcrkiye b\u00f6l\u00fcm\u00fcnde [&hellip;]","og_url":"https:\/\/akunq.net\/tr\/?p=62314","og_site_name":"Bati Ermenistan Ve Bati Ermenileri Sorunlari Ara\u015ftirmalar Merkezi","article_published_time":"2021-04-09T06:31:04+00:00","og_image":[{"width":864,"height":486,"url":"https:\/\/akunq.net\/tr\/wp-content\/uploads\/sites\/6\/2021\/04\/Af-\u00d6rg\u00fct\u00fc.jpg","type":"image\/jpeg"}],"author":"admin","twitter_card":"summary_large_image","twitter_misc":{"Written by":"admin","Est. reading time":"7 minutes"},"schema":{"@context":"https:\/\/schema.org","@graph":[{"@type":"Article","@id":"https:\/\/akunq.net\/tr\/?p=62314#article","isPartOf":{"@id":"https:\/\/akunq.net\/tr\/?p=62314"},"author":{"name":"admin","@id":"https:\/\/akunq.net\/tr\/#\/schema\/person\/096f1d38a12cce57fb855b485ed24c9e"},"headline":"Af \u00d6rg\u00fct\u00fc&#8217;nden T\u00fcrkiye&#8217;ye ele\u015ftiri","datePublished":"2021-04-09T06:31:04+00:00","mainEntityOfPage":{"@id":"https:\/\/akunq.net\/tr\/?p=62314"},"wordCount":1325,"commentCount":0,"image":{"@id":"https:\/\/akunq.net\/tr\/?p=62314#primaryimage"},"thumbnailUrl":"https:\/\/akunq.net\/tr\/wp-content\/uploads\/sites\/6\/2021\/04\/Af-\u00d6rg\u00fct\u00fc.jpg","articleSection":["Haberler"],"inLanguage":"en-US","potentialAction":[{"@type":"CommentAction","name":"Comment","target":["https:\/\/akunq.net\/tr\/?p=62314#respond"]}]},{"@type":"WebPage","@id":"https:\/\/akunq.net\/tr\/?p=62314","url":"https:\/\/akunq.net\/tr\/?p=62314","name":"Af \u00d6rg\u00fct\u00fc'nden T\u00fcrkiye'ye ele\u015ftiri - Bati Ermenistan Ve Bati Ermenileri Sorunlari Ara\u015ftirmalar Merkezi","isPartOf":{"@id":"https:\/\/akunq.net\/tr\/#website"},"primaryImageOfPage":{"@id":"https:\/\/akunq.net\/tr\/?p=62314#primaryimage"},"image":{"@id":"https:\/\/akunq.net\/tr\/?p=62314#primaryimage"},"thumbnailUrl":"https:\/\/akunq.net\/tr\/wp-content\/uploads\/sites\/6\/2021\/04\/Af-\u00d6rg\u00fct\u00fc.jpg","datePublished":"2021-04-09T06:31:04+00:00","author":{"@id":"https:\/\/akunq.net\/tr\/#\/schema\/person\/096f1d38a12cce57fb855b485ed24c9e"},"breadcrumb":{"@id":"https:\/\/akunq.net\/tr\/?p=62314#breadcrumb"},"inLanguage":"en-US","potentialAction":[{"@type":"ReadAction","target":["https:\/\/akunq.net\/tr\/?p=62314"]}]},{"@type":"ImageObject","inLanguage":"en-US","@id":"https:\/\/akunq.net\/tr\/?p=62314#primaryimage","url":"https:\/\/akunq.net\/tr\/wp-content\/uploads\/sites\/6\/2021\/04\/Af-\u00d6rg\u00fct\u00fc.jpg","contentUrl":"https:\/\/akunq.net\/tr\/wp-content\/uploads\/sites\/6\/2021\/04\/Af-\u00d6rg\u00fct\u00fc.jpg","width":864,"height":486},{"@type":"BreadcrumbList","@id":"https:\/\/akunq.net\/tr\/?p=62314#breadcrumb","itemListElement":[{"@type":"ListItem","position":1,"name":"Home","item":"https:\/\/akunq.net\/tr"},{"@type":"ListItem","position":2,"name":"Af \u00d6rg\u00fct\u00fc&#8217;nden T\u00fcrkiye&#8217;ye ele\u015ftiri"}]},{"@type":"WebSite","@id":"https:\/\/akunq.net\/tr\/#website","url":"https:\/\/akunq.net\/tr\/","name":"Bati Ermenistan Ve Bati Ermenileri Sorunlari Ara\u015ftirmalar Merkezi","description":"","potentialAction":[{"@type":"SearchAction","target":{"@type":"EntryPoint","urlTemplate":"https:\/\/akunq.net\/tr\/?s={search_term_string}"},"query-input":{"@type":"PropertyValueSpecification","valueRequired":true,"valueName":"search_term_string"}}],"inLanguage":"en-US"},{"@type":"Person","@id":"https:\/\/akunq.net\/tr\/#\/schema\/person\/096f1d38a12cce57fb855b485ed24c9e","name":"admin","url":"https:\/\/akunq.net\/tr\/?author=7"}]}},"_links":{"self":[{"href":"https:\/\/akunq.net\/tr\/index.php?rest_route=\/wp\/v2\/posts\/62314","targetHints":{"allow":["GET"]}}],"collection":[{"href":"https:\/\/akunq.net\/tr\/index.php?rest_route=\/wp\/v2\/posts"}],"about":[{"href":"https:\/\/akunq.net\/tr\/index.php?rest_route=\/wp\/v2\/types\/post"}],"author":[{"embeddable":true,"href":"https:\/\/akunq.net\/tr\/index.php?rest_route=\/wp\/v2\/users\/7"}],"replies":[{"embeddable":true,"href":"https:\/\/akunq.net\/tr\/index.php?rest_route=%2Fwp%2Fv2%2Fcomments&post=62314"}],"version-history":[{"count":1,"href":"https:\/\/akunq.net\/tr\/index.php?rest_route=\/wp\/v2\/posts\/62314\/revisions"}],"predecessor-version":[{"id":62316,"href":"https:\/\/akunq.net\/tr\/index.php?rest_route=\/wp\/v2\/posts\/62314\/revisions\/62316"}],"wp:featuredmedia":[{"embeddable":true,"href":"https:\/\/akunq.net\/tr\/index.php?rest_route=\/wp\/v2\/media\/62315"}],"wp:attachment":[{"href":"https:\/\/akunq.net\/tr\/index.php?rest_route=%2Fwp%2Fv2%2Fmedia&parent=62314"}],"wp:term":[{"taxonomy":"category","embeddable":true,"href":"https:\/\/akunq.net\/tr\/index.php?rest_route=%2Fwp%2Fv2%2Fcategories&post=62314"},{"taxonomy":"post_tag","embeddable":true,"href":"https:\/\/akunq.net\/tr\/index.php?rest_route=%2Fwp%2Fv2%2Ftags&post=62314"}],"curies":[{"name":"wp","href":"https:\/\/api.w.org\/{rel}","templated":true}]}}