{"id":62304,"date":"2021-04-08T03:07:37","date_gmt":"2021-04-08T08:07:37","guid":{"rendered":"https:\/\/akunq.net\/tr\/?p=62304"},"modified":"2021-04-08T03:07:37","modified_gmt":"2021-04-08T08:07:37","slug":"rahip-aho-sefer-bilecenin-mahkemesi-ile-ilgili-mor-gabriel-manastiri-vakfindan-basin-aciklamasi","status":"publish","type":"post","link":"https:\/\/akunq.net\/tr\/?p=62304","title":{"rendered":"Rahip Aho (Sefer) Bile\u00e7en\u2019in mahkemesi ile ilgili Mor Gabriel Manast\u0131r\u0131 Vakf\u0131ndan bas\u0131n a\u00e7\u0131klamas\u0131"},"content":{"rendered":"<p><img loading=\"lazy\" decoding=\"async\" class=\"aligncenter size-medium wp-image-62305\" src=\"https:\/\/akunq.net\/tr\/wp-content\/uploads\/2021\/04\/Rahip-Aho-Sefer-Bile\u00e7en-360x203.jpg\" alt=\"\" width=\"360\" height=\"203\" srcset=\"https:\/\/akunq.net\/tr\/wp-content\/uploads\/sites\/6\/2021\/04\/Rahip-Aho-Sefer-Bile\u00e7en-360x203.jpg 360w, https:\/\/akunq.net\/tr\/wp-content\/uploads\/sites\/6\/2021\/04\/Rahip-Aho-Sefer-Bile\u00e7en-768x432.jpg 768w, https:\/\/akunq.net\/tr\/wp-content\/uploads\/sites\/6\/2021\/04\/Rahip-Aho-Sefer-Bile\u00e7en-560x315.jpg 560w, https:\/\/akunq.net\/tr\/wp-content\/uploads\/sites\/6\/2021\/04\/Rahip-Aho-Sefer-Bile\u00e7en-260x146.jpg 260w, https:\/\/akunq.net\/tr\/wp-content\/uploads\/sites\/6\/2021\/04\/Rahip-Aho-Sefer-Bile\u00e7en-160x90.jpg 160w, https:\/\/akunq.net\/tr\/wp-content\/uploads\/sites\/6\/2021\/04\/Rahip-Aho-Sefer-Bile\u00e7en.jpg 1280w\" sizes=\"auto, (max-width: 360px) 100vw, 360px\" \/><\/p>\n<p><em><strong>HYETERT \u2013 Mor Yakup Manast\u0131r\u0131 Rahibi Sefer (Aho) Bile\u00e7en, Mardin\u2019in Nusaybin il\u00e7esinde 9 Ocak 2020\u2019de 10 ki\u015fi ile birlikte g\u00f6zalt\u0131na al\u0131nm\u0131\u015f, 10 Ocak 2020\u2019de tutuklanm\u0131\u015f, 14 Ocak 2020\u2019de ise tahliye edilmi\u015fti. Rahip Bile\u00e7en\u2019in \u201c\u00d6rg\u00fct \u00fcyesi olma\u201d iddias\u0131 ile yarg\u0131land\u0131\u011f\u0131 davan\u0131n karar duru\u015fmas\u0131 Mardin 4\u2019\u00fcnc\u00fc A\u011f\u0131r Ceza Mahkemesinde bug\u00fcn g\u00f6r\u00fcld\u00fc. Rahip Bile\u00e7en\u2019in avukat\u0131n\u0131n savunmas\u0131n\u0131n ard\u0131ndan karar\u0131n\u0131 a\u00e7\u0131klayan mahkeme, Bile\u00e7en\u2019e toplam\u0131nda iki y\u0131l bir ay hapis cezas\u0131 verdi.<\/strong><\/em><\/p>\n<p>Midyat S\u00fcryani Deyrulumur Mor Gabriel Manast\u0131r\u0131 Vak\u0131f Y\u00f6netim Kurulu Ba\u015fkanl\u0131\u011f\u0131, Rahip Sefer Bile\u00e7en\u2019in s\u00f6z konusu mahkeme karar\u0131 ile ilgili bas\u0131nda \u00e7\u0131kan haberler \u00fczerine, bir a\u00e7\u0131klama yay\u0131mlad\u0131.<\/p>\n<p>Yapt\u0131\u011f\u0131 a\u00e7\u0131klamada, kendisinin masum oldu\u011funa inanc\u0131n\u0131n tam oldu\u011funu ifade eden Vak\u0131f Y\u00f6netim Kurulu Ba\u015fkan\u0131 Kuryakos Erg\u00fcn, bas\u0131nda yer alan \u201dinanc\u0131m\u0131n gere\u011fini yapt\u0131m\u201d ve \u201d2 \u00f6rg\u00fct mensubu manast\u0131ra geldi\u201d benzeri ifadelerin kendisine ait olmad\u0131\u011f\u0131n\u0131n alt\u0131n\u0131 \u00e7izdi ve hukuki s\u00fcre\u00e7 devam ederken Rahibin g\u00f6revinin ba\u015f\u0131nda oldu\u011funu s\u00f6yledi.<\/p>\n<figure class=\"wp-block-image size-large\"><img loading=\"lazy\" decoding=\"async\" class=\"wp-image-397660\" src=\"https:\/\/i2.wp.com\/hyetert.org\/wp-content\/uploads\/2021\/04\/169750805_2996901640595914_4785072650254558717_n.jpg?resize=724%2C1024&amp;ssl=1\" sizes=\"auto, (max-width: 724px) 100vw, 724px\" srcset=\"https:\/\/i2.wp.com\/hyetert.org\/wp-content\/uploads\/2021\/04\/169750805_2996901640595914_4785072650254558717_n.jpg?w=724&amp;ssl=1 724w, https:\/\/i2.wp.com\/hyetert.org\/wp-content\/uploads\/2021\/04\/169750805_2996901640595914_4785072650254558717_n.jpg?resize=212%2C300&amp;ssl=1 212w\" alt=\"\" width=\"724\" height=\"1024\" data-recalc-dims=\"1\" \/><\/figure>\n<div class=\"sharedaddy sd-sharing-enabled\">\n<div class=\"robots-nocontent sd-block sd-social sd-social-icon-text sd-sharing\">\n<p class=\"sd-title\"><em><strong>https:\/\/hyetert.org\/2021\/04\/07\/rahip-aho-sefer-bilecenin-mahkemesi-ile-ilgili-mor-gabriel-manastiri-vakfindan-basin-aciklamasi\/<\/strong><\/em><\/p>\n<\/div>\n<\/div>\n","protected":false},"excerpt":{"rendered":"<p>HYETERT \u2013 Mor Yakup Manast\u0131r\u0131 Rahibi Sefer (Aho) Bile\u00e7en, Mardin\u2019in Nusaybin il\u00e7esinde 9 Ocak 2020\u2019de 10 ki\u015fi ile birlikte g\u00f6zalt\u0131na al\u0131nm\u0131\u015f, 10 Ocak 2020\u2019de tutuklanm\u0131\u015f, 14 Ocak 2020\u2019de ise tahliye edilmi\u015fti. Rahip Bile\u00e7en\u2019in \u201c\u00d6rg\u00fct \u00fcyesi olma\u201d iddias\u0131 ile yarg\u0131land\u0131\u011f\u0131 davan\u0131n karar duru\u015fmas\u0131 Mardin 4\u2019\u00fcnc\u00fc A\u011f\u0131r Ceza Mahkemesinde bug\u00fcn g\u00f6r\u00fcld\u00fc. Rahip Bile\u00e7en\u2019in avukat\u0131n\u0131n savunmas\u0131n\u0131n ard\u0131ndan karar\u0131n\u0131 [&hellip;]<\/p>\n","protected":false},"author":7,"featured_media":62305,"comment_status":"open","ping_status":"open","sticky":false,"template":"","format":"standard","meta":{"footnotes":""},"categories":[1],"tags":[],"class_list":["post-62304","post","type-post","status-publish","format-standard","has-post-thumbnail","hentry","category-haberler"],"yoast_head":"<!-- This site is optimized with the Yoast SEO plugin v27.4 - https:\/\/yoast.com\/product\/yoast-seo-wordpress\/ -->\n<title>Rahip Aho (Sefer) Bile\u00e7en\u2019in mahkemesi ile ilgili Mor Gabriel Manast\u0131r\u0131 Vakf\u0131ndan bas\u0131n a\u00e7\u0131klamas\u0131 - Bati Ermenistan Ve Bati Ermenileri Sorunlari Ara\u015ftirmalar Merkezi<\/title>\n<meta name=\"robots\" content=\"index, follow, max-snippet:-1, max-image-preview:large, max-video-preview:-1\" \/>\n<link rel=\"canonical\" href=\"https:\/\/akunq.net\/tr\/?p=62304\" \/>\n<meta property=\"og:locale\" content=\"en_US\" \/>\n<meta property=\"og:type\" content=\"article\" \/>\n<meta property=\"og:title\" content=\"Rahip Aho (Sefer) Bile\u00e7en\u2019in mahkemesi ile ilgili Mor Gabriel Manast\u0131r\u0131 Vakf\u0131ndan bas\u0131n a\u00e7\u0131klamas\u0131 - Bati Ermenistan Ve Bati Ermenileri Sorunlari Ara\u015ftirmalar Merkezi\" \/>\n<meta property=\"og:description\" content=\"HYETERT \u2013 Mor Yakup Manast\u0131r\u0131 Rahibi Sefer (Aho) Bile\u00e7en, Mardin\u2019in Nusaybin il\u00e7esinde 9 Ocak 2020\u2019de 10 ki\u015fi ile birlikte g\u00f6zalt\u0131na al\u0131nm\u0131\u015f, 10 Ocak 2020\u2019de tutuklanm\u0131\u015f, 14 Ocak 2020\u2019de ise tahliye edilmi\u015fti. Rahip Bile\u00e7en\u2019in \u201c\u00d6rg\u00fct \u00fcyesi olma\u201d iddias\u0131 ile yarg\u0131land\u0131\u011f\u0131 davan\u0131n karar duru\u015fmas\u0131 Mardin 4\u2019\u00fcnc\u00fc A\u011f\u0131r Ceza Mahkemesinde bug\u00fcn g\u00f6r\u00fcld\u00fc. Rahip Bile\u00e7en\u2019in avukat\u0131n\u0131n savunmas\u0131n\u0131n ard\u0131ndan karar\u0131n\u0131 [&hellip;]\" \/>\n<meta property=\"og:url\" content=\"https:\/\/akunq.net\/tr\/?p=62304\" \/>\n<meta property=\"og:site_name\" content=\"Bati Ermenistan Ve Bati Ermenileri Sorunlari Ara\u015ftirmalar Merkezi\" \/>\n<meta property=\"article:published_time\" content=\"2021-04-08T08:07:37+00:00\" \/>\n<meta property=\"og:image\" content=\"https:\/\/akunq.net\/tr\/wp-content\/uploads\/sites\/6\/2021\/04\/Rahip-Aho-Sefer-Bile\u00e7en.jpg\" \/>\n\t<meta property=\"og:image:width\" content=\"1280\" \/>\n\t<meta property=\"og:image:height\" content=\"720\" \/>\n\t<meta property=\"og:image:type\" content=\"image\/jpeg\" \/>\n<meta name=\"author\" content=\"admin\" \/>\n<meta name=\"twitter:card\" content=\"summary_large_image\" \/>\n<meta name=\"twitter:label1\" content=\"Written by\" \/>\n\t<meta name=\"twitter:data1\" content=\"admin\" \/>\n\t<meta name=\"twitter:label2\" content=\"Est. reading time\" \/>\n\t<meta name=\"twitter:data2\" content=\"1 minute\" \/>\n<script type=\"application\/ld+json\" class=\"yoast-schema-graph\">{\"@context\":\"https:\\\/\\\/schema.org\",\"@graph\":[{\"@type\":\"Article\",\"@id\":\"https:\\\/\\\/akunq.net\\\/tr\\\/?p=62304#article\",\"isPartOf\":{\"@id\":\"https:\\\/\\\/akunq.net\\\/tr\\\/?p=62304\"},\"author\":{\"name\":\"admin\",\"@id\":\"https:\\\/\\\/akunq.net\\\/tr\\\/#\\\/schema\\\/person\\\/096f1d38a12cce57fb855b485ed24c9e\"},\"headline\":\"Rahip Aho (Sefer) Bile\u00e7en\u2019in mahkemesi ile ilgili Mor Gabriel Manast\u0131r\u0131 Vakf\u0131ndan bas\u0131n a\u00e7\u0131klamas\u0131\",\"datePublished\":\"2021-04-08T08:07:37+00:00\",\"mainEntityOfPage\":{\"@id\":\"https:\\\/\\\/akunq.net\\\/tr\\\/?p=62304\"},\"wordCount\":221,\"commentCount\":0,\"image\":{\"@id\":\"https:\\\/\\\/akunq.net\\\/tr\\\/?p=62304#primaryimage\"},\"thumbnailUrl\":\"https:\\\/\\\/akunq.net\\\/tr\\\/wp-content\\\/uploads\\\/sites\\\/6\\\/2021\\\/04\\\/Rahip-Aho-Sefer-Bile\u00e7en.jpg\",\"articleSection\":[\"Haberler\"],\"inLanguage\":\"en-US\",\"potentialAction\":[{\"@type\":\"CommentAction\",\"name\":\"Comment\",\"target\":[\"https:\\\/\\\/akunq.net\\\/tr\\\/?p=62304#respond\"]}]},{\"@type\":\"WebPage\",\"@id\":\"https:\\\/\\\/akunq.net\\\/tr\\\/?p=62304\",\"url\":\"https:\\\/\\\/akunq.net\\\/tr\\\/?p=62304\",\"name\":\"Rahip Aho (Sefer) Bile\u00e7en\u2019in mahkemesi ile ilgili Mor Gabriel Manast\u0131r\u0131 Vakf\u0131ndan bas\u0131n a\u00e7\u0131klamas\u0131 - Bati Ermenistan Ve Bati Ermenileri Sorunlari Ara\u015ftirmalar Merkezi\",\"isPartOf\":{\"@id\":\"https:\\\/\\\/akunq.net\\\/tr\\\/#website\"},\"primaryImageOfPage\":{\"@id\":\"https:\\\/\\\/akunq.net\\\/tr\\\/?p=62304#primaryimage\"},\"image\":{\"@id\":\"https:\\\/\\\/akunq.net\\\/tr\\\/?p=62304#primaryimage\"},\"thumbnailUrl\":\"https:\\\/\\\/akunq.net\\\/tr\\\/wp-content\\\/uploads\\\/sites\\\/6\\\/2021\\\/04\\\/Rahip-Aho-Sefer-Bile\u00e7en.jpg\",\"datePublished\":\"2021-04-08T08:07:37+00:00\",\"author\":{\"@id\":\"https:\\\/\\\/akunq.net\\\/tr\\\/#\\\/schema\\\/person\\\/096f1d38a12cce57fb855b485ed24c9e\"},\"breadcrumb\":{\"@id\":\"https:\\\/\\\/akunq.net\\\/tr\\\/?p=62304#breadcrumb\"},\"inLanguage\":\"en-US\",\"potentialAction\":[{\"@type\":\"ReadAction\",\"target\":[\"https:\\\/\\\/akunq.net\\\/tr\\\/?p=62304\"]}]},{\"@type\":\"ImageObject\",\"inLanguage\":\"en-US\",\"@id\":\"https:\\\/\\\/akunq.net\\\/tr\\\/?p=62304#primaryimage\",\"url\":\"https:\\\/\\\/akunq.net\\\/tr\\\/wp-content\\\/uploads\\\/sites\\\/6\\\/2021\\\/04\\\/Rahip-Aho-Sefer-Bile\u00e7en.jpg\",\"contentUrl\":\"https:\\\/\\\/akunq.net\\\/tr\\\/wp-content\\\/uploads\\\/sites\\\/6\\\/2021\\\/04\\\/Rahip-Aho-Sefer-Bile\u00e7en.jpg\",\"width\":1280,\"height\":720},{\"@type\":\"BreadcrumbList\",\"@id\":\"https:\\\/\\\/akunq.net\\\/tr\\\/?p=62304#breadcrumb\",\"itemListElement\":[{\"@type\":\"ListItem\",\"position\":1,\"name\":\"Home\",\"item\":\"https:\\\/\\\/akunq.net\\\/tr\"},{\"@type\":\"ListItem\",\"position\":2,\"name\":\"Rahip Aho (Sefer) Bile\u00e7en\u2019in mahkemesi ile ilgili Mor Gabriel Manast\u0131r\u0131 Vakf\u0131ndan bas\u0131n a\u00e7\u0131klamas\u0131\"}]},{\"@type\":\"WebSite\",\"@id\":\"https:\\\/\\\/akunq.net\\\/tr\\\/#website\",\"url\":\"https:\\\/\\\/akunq.net\\\/tr\\\/\",\"name\":\"Bati Ermenistan Ve Bati Ermenileri Sorunlari Ara\u015ftirmalar Merkezi\",\"description\":\"\",\"potentialAction\":[{\"@type\":\"SearchAction\",\"target\":{\"@type\":\"EntryPoint\",\"urlTemplate\":\"https:\\\/\\\/akunq.net\\\/tr\\\/?s={search_term_string}\"},\"query-input\":{\"@type\":\"PropertyValueSpecification\",\"valueRequired\":true,\"valueName\":\"search_term_string\"}}],\"inLanguage\":\"en-US\"},{\"@type\":\"Person\",\"@id\":\"https:\\\/\\\/akunq.net\\\/tr\\\/#\\\/schema\\\/person\\\/096f1d38a12cce57fb855b485ed24c9e\",\"name\":\"admin\",\"url\":\"https:\\\/\\\/akunq.net\\\/tr\\\/?author=7\"}]}<\/script>\n<!-- \/ Yoast SEO plugin. -->","yoast_head_json":{"title":"Rahip Aho (Sefer) Bile\u00e7en\u2019in mahkemesi ile ilgili Mor Gabriel Manast\u0131r\u0131 Vakf\u0131ndan bas\u0131n a\u00e7\u0131klamas\u0131 - Bati Ermenistan Ve Bati Ermenileri Sorunlari Ara\u015ftirmalar Merkezi","robots":{"index":"index","follow":"follow","max-snippet":"max-snippet:-1","max-image-preview":"max-image-preview:large","max-video-preview":"max-video-preview:-1"},"canonical":"https:\/\/akunq.net\/tr\/?p=62304","og_locale":"en_US","og_type":"article","og_title":"Rahip Aho (Sefer) Bile\u00e7en\u2019in mahkemesi ile ilgili Mor Gabriel Manast\u0131r\u0131 Vakf\u0131ndan bas\u0131n a\u00e7\u0131klamas\u0131 - Bati Ermenistan Ve Bati Ermenileri Sorunlari Ara\u015ftirmalar Merkezi","og_description":"HYETERT \u2013 Mor Yakup Manast\u0131r\u0131 Rahibi Sefer (Aho) Bile\u00e7en, Mardin\u2019in Nusaybin il\u00e7esinde 9 Ocak 2020\u2019de 10 ki\u015fi ile birlikte g\u00f6zalt\u0131na al\u0131nm\u0131\u015f, 10 Ocak 2020\u2019de tutuklanm\u0131\u015f, 14 Ocak 2020\u2019de ise tahliye edilmi\u015fti. Rahip Bile\u00e7en\u2019in \u201c\u00d6rg\u00fct \u00fcyesi olma\u201d iddias\u0131 ile yarg\u0131land\u0131\u011f\u0131 davan\u0131n karar duru\u015fmas\u0131 Mardin 4\u2019\u00fcnc\u00fc A\u011f\u0131r Ceza Mahkemesinde bug\u00fcn g\u00f6r\u00fcld\u00fc. Rahip Bile\u00e7en\u2019in avukat\u0131n\u0131n savunmas\u0131n\u0131n ard\u0131ndan karar\u0131n\u0131 [&hellip;]","og_url":"https:\/\/akunq.net\/tr\/?p=62304","og_site_name":"Bati Ermenistan Ve Bati Ermenileri Sorunlari Ara\u015ftirmalar Merkezi","article_published_time":"2021-04-08T08:07:37+00:00","og_image":[{"width":1280,"height":720,"url":"https:\/\/akunq.net\/tr\/wp-content\/uploads\/sites\/6\/2021\/04\/Rahip-Aho-Sefer-Bile\u00e7en.jpg","type":"image\/jpeg"}],"author":"admin","twitter_card":"summary_large_image","twitter_misc":{"Written by":"admin","Est. reading time":"1 minute"},"schema":{"@context":"https:\/\/schema.org","@graph":[{"@type":"Article","@id":"https:\/\/akunq.net\/tr\/?p=62304#article","isPartOf":{"@id":"https:\/\/akunq.net\/tr\/?p=62304"},"author":{"name":"admin","@id":"https:\/\/akunq.net\/tr\/#\/schema\/person\/096f1d38a12cce57fb855b485ed24c9e"},"headline":"Rahip Aho (Sefer) Bile\u00e7en\u2019in mahkemesi ile ilgili Mor Gabriel Manast\u0131r\u0131 Vakf\u0131ndan bas\u0131n a\u00e7\u0131klamas\u0131","datePublished":"2021-04-08T08:07:37+00:00","mainEntityOfPage":{"@id":"https:\/\/akunq.net\/tr\/?p=62304"},"wordCount":221,"commentCount":0,"image":{"@id":"https:\/\/akunq.net\/tr\/?p=62304#primaryimage"},"thumbnailUrl":"https:\/\/akunq.net\/tr\/wp-content\/uploads\/sites\/6\/2021\/04\/Rahip-Aho-Sefer-Bile\u00e7en.jpg","articleSection":["Haberler"],"inLanguage":"en-US","potentialAction":[{"@type":"CommentAction","name":"Comment","target":["https:\/\/akunq.net\/tr\/?p=62304#respond"]}]},{"@type":"WebPage","@id":"https:\/\/akunq.net\/tr\/?p=62304","url":"https:\/\/akunq.net\/tr\/?p=62304","name":"Rahip Aho (Sefer) Bile\u00e7en\u2019in mahkemesi ile ilgili Mor Gabriel Manast\u0131r\u0131 Vakf\u0131ndan bas\u0131n a\u00e7\u0131klamas\u0131 - Bati Ermenistan Ve Bati Ermenileri Sorunlari Ara\u015ftirmalar Merkezi","isPartOf":{"@id":"https:\/\/akunq.net\/tr\/#website"},"primaryImageOfPage":{"@id":"https:\/\/akunq.net\/tr\/?p=62304#primaryimage"},"image":{"@id":"https:\/\/akunq.net\/tr\/?p=62304#primaryimage"},"thumbnailUrl":"https:\/\/akunq.net\/tr\/wp-content\/uploads\/sites\/6\/2021\/04\/Rahip-Aho-Sefer-Bile\u00e7en.jpg","datePublished":"2021-04-08T08:07:37+00:00","author":{"@id":"https:\/\/akunq.net\/tr\/#\/schema\/person\/096f1d38a12cce57fb855b485ed24c9e"},"breadcrumb":{"@id":"https:\/\/akunq.net\/tr\/?p=62304#breadcrumb"},"inLanguage":"en-US","potentialAction":[{"@type":"ReadAction","target":["https:\/\/akunq.net\/tr\/?p=62304"]}]},{"@type":"ImageObject","inLanguage":"en-US","@id":"https:\/\/akunq.net\/tr\/?p=62304#primaryimage","url":"https:\/\/akunq.net\/tr\/wp-content\/uploads\/sites\/6\/2021\/04\/Rahip-Aho-Sefer-Bile\u00e7en.jpg","contentUrl":"https:\/\/akunq.net\/tr\/wp-content\/uploads\/sites\/6\/2021\/04\/Rahip-Aho-Sefer-Bile\u00e7en.jpg","width":1280,"height":720},{"@type":"BreadcrumbList","@id":"https:\/\/akunq.net\/tr\/?p=62304#breadcrumb","itemListElement":[{"@type":"ListItem","position":1,"name":"Home","item":"https:\/\/akunq.net\/tr"},{"@type":"ListItem","position":2,"name":"Rahip Aho (Sefer) Bile\u00e7en\u2019in mahkemesi ile ilgili Mor Gabriel Manast\u0131r\u0131 Vakf\u0131ndan bas\u0131n a\u00e7\u0131klamas\u0131"}]},{"@type":"WebSite","@id":"https:\/\/akunq.net\/tr\/#website","url":"https:\/\/akunq.net\/tr\/","name":"Bati Ermenistan Ve Bati Ermenileri Sorunlari Ara\u015ftirmalar Merkezi","description":"","potentialAction":[{"@type":"SearchAction","target":{"@type":"EntryPoint","urlTemplate":"https:\/\/akunq.net\/tr\/?s={search_term_string}"},"query-input":{"@type":"PropertyValueSpecification","valueRequired":true,"valueName":"search_term_string"}}],"inLanguage":"en-US"},{"@type":"Person","@id":"https:\/\/akunq.net\/tr\/#\/schema\/person\/096f1d38a12cce57fb855b485ed24c9e","name":"admin","url":"https:\/\/akunq.net\/tr\/?author=7"}]}},"_links":{"self":[{"href":"https:\/\/akunq.net\/tr\/index.php?rest_route=\/wp\/v2\/posts\/62304","targetHints":{"allow":["GET"]}}],"collection":[{"href":"https:\/\/akunq.net\/tr\/index.php?rest_route=\/wp\/v2\/posts"}],"about":[{"href":"https:\/\/akunq.net\/tr\/index.php?rest_route=\/wp\/v2\/types\/post"}],"author":[{"embeddable":true,"href":"https:\/\/akunq.net\/tr\/index.php?rest_route=\/wp\/v2\/users\/7"}],"replies":[{"embeddable":true,"href":"https:\/\/akunq.net\/tr\/index.php?rest_route=%2Fwp%2Fv2%2Fcomments&post=62304"}],"version-history":[{"count":1,"href":"https:\/\/akunq.net\/tr\/index.php?rest_route=\/wp\/v2\/posts\/62304\/revisions"}],"predecessor-version":[{"id":62306,"href":"https:\/\/akunq.net\/tr\/index.php?rest_route=\/wp\/v2\/posts\/62304\/revisions\/62306"}],"wp:featuredmedia":[{"embeddable":true,"href":"https:\/\/akunq.net\/tr\/index.php?rest_route=\/wp\/v2\/media\/62305"}],"wp:attachment":[{"href":"https:\/\/akunq.net\/tr\/index.php?rest_route=%2Fwp%2Fv2%2Fmedia&parent=62304"}],"wp:term":[{"taxonomy":"category","embeddable":true,"href":"https:\/\/akunq.net\/tr\/index.php?rest_route=%2Fwp%2Fv2%2Fcategories&post=62304"},{"taxonomy":"post_tag","embeddable":true,"href":"https:\/\/akunq.net\/tr\/index.php?rest_route=%2Fwp%2Fv2%2Ftags&post=62304"}],"curies":[{"name":"wp","href":"https:\/\/api.w.org\/{rel}","templated":true}]}}