{"id":62298,"date":"2021-04-08T02:52:01","date_gmt":"2021-04-08T07:52:01","guid":{"rendered":"https:\/\/akunq.net\/tr\/?p=62298"},"modified":"2021-04-08T02:52:01","modified_gmt":"2021-04-08T07:52:01","slug":"kesfedilmeye-deger-bir-hazine-mardin","status":"publish","type":"post","link":"https:\/\/akunq.net\/tr\/?p=62298","title":{"rendered":"Ke\u015ffedilmeye de\u011fer bir hazine: MARD\u0130N"},"content":{"rendered":"<p><img loading=\"lazy\" decoding=\"async\" class=\"aligncenter size-medium wp-image-62299\" src=\"https:\/\/akunq.net\/tr\/wp-content\/uploads\/2021\/04\/Mardin-360x197.jpg\" alt=\"\" width=\"360\" height=\"197\" srcset=\"https:\/\/akunq.net\/tr\/wp-content\/uploads\/sites\/6\/2021\/04\/Mardin-360x197.jpg 360w, https:\/\/akunq.net\/tr\/wp-content\/uploads\/sites\/6\/2021\/04\/Mardin-560x306.jpg 560w, https:\/\/akunq.net\/tr\/wp-content\/uploads\/sites\/6\/2021\/04\/Mardin-260x142.jpg 260w, https:\/\/akunq.net\/tr\/wp-content\/uploads\/sites\/6\/2021\/04\/Mardin-160x88.jpg 160w, https:\/\/akunq.net\/tr\/wp-content\/uploads\/sites\/6\/2021\/04\/Mardin.jpg 640w\" sizes=\"auto, (max-width: 360px) 100vw, 360px\" \/><\/p>\n<p><strong><em>Mardin\u2019in tarihi yap\u0131lar\u0131 insan\u0131 kendine \u00e7eken bir etkileyicili\u011fe sahip, dillerin ve dinlerin \u015fehri Mardin\u2019in d\u00f6rt bir yan\u0131 tarihi yap\u0131larla \u00e7evrili oldu\u011fu i\u00e7in yo\u011fun ilgi g\u00f6r\u00fcyor.<\/em><\/strong><\/p>\n<p><em><strong>\u015eehmus ED\u0130S (Mardin Haber)<\/strong><\/em><\/p>\n<p>Mezopotamya\u2019n\u0131n kadim \u015fehirlerinden biri olan Mardin, k\u00f6kl\u00fc ge\u00e7mi\u015fi ve zengin k\u00fclt\u00fcrel de\u011ferleriyle ke\u015ffedilmeye de\u011fer bir hazine konumunda.<\/p>\n<p>K\u00f6kl\u00fc ge\u00e7mi\u015fi ve zengin k\u00fclt\u00fcr\u00fcyle Mardin son y\u0131llar\u0131n en g\u00f6zde mek\u00e2n\u0131 haline geldi. 2004 y\u0131l\u0131ndan beri geli\u015fen turizmi ile y\u0131lda ortalama 3 milyon yerli yabanc\u0131 turist a\u011f\u0131rl\u0131yor. 2020 y\u0131l\u0131nda d\u00fcnyay\u0131 etkisi alt\u0131na alan pandemi nedeniyle turizm adeta durma noktas\u0131na gelmi\u015fti. Ancak 2021 y\u0131l\u0131n\u0131n Mart ay\u0131ndan itibaren tarihi kentte adeta yerli yabanc\u0131 turist ak\u0131n\u0131na u\u011fruyor. Bu y\u0131l i\u00e7in de de Rus turizm acenteleri ile yap\u0131lan anla\u015fmalar gere\u011fi Mardin\u2019e 390 bin Rus turistin gelecek.<\/p>\n<p><strong>TAR\u0130H\u0130 KENTTE GEZ\u0130LMES\u0130 GEREKEN 8 YAPI<\/strong><\/p>\n<p>Binlerce y\u0131ll\u0131k tarihe do\u011fru keyifli bir yolculu\u011fa \u00e7\u0131kmak isteyenlere Mardin\u2019in 8 tarihi yap\u0131s\u0131n\u0131 gezmeleri tavsiye ediliyor. Mardin\u2019de en g\u00f6zde mekanlar\u0131n ba\u015f\u0131nda \u015funlar ge\u00e7iyor:<\/p>\n<p>MARD\u0130N\u2019\u0130N S\u0130MGES\u0130 ULU CAM\u0130<\/p>\n<p>Mardin\u2018in tarihi yap\u0131lar\u0131 denildi\u011finde akla ilk gelen ve mutlaka g\u00f6rmeniz gereken eserlerin ba\u015f\u0131nda Ulu Camii geliyor. Anadolu\u2019nun en eski camilerinden biri olan Ulu Camii\u2019nin tam olarak hangi tarihte yap\u0131ld\u0131\u011f\u0131 bilinmese de kap\u0131s\u0131nda 12. y\u00fczy\u0131la ait oldu\u011fu yaz\u0131yor. \u0130lk yap\u0131ld\u0131\u011f\u0131nda iki minaresi bulunan Ulu Camii\u2019nin Mo\u011fol sald\u0131r\u0131lar\u0131 sonras\u0131nda hasar g\u00f6ren ikinci minaresi y\u0131k\u0131lm\u0131\u015f, g\u00fcn\u00fcm\u00fcze tek minaresi kalm\u0131\u015f. Artuklu D\u00f6nemi\u2019nin izlerini ta\u015f\u0131yan mimarisiyle dikkat \u00e7eken caminin i\u00e7erisinde Hz. Muhammed\u2019in Sakal-\u0131 \u015eerif\u2019i de sergileniyor.<\/p>\n<p><strong>LAT\u0130F\u0130YE CAM\u0130\u0130<\/strong><\/p>\n<p>Mardin\u2019in tarihi yap\u0131lar\u0131n dan bir di\u011feri ise Cumhuriyet Meydan\u0131\u2019n\u0131n alt k\u0131sm\u0131nda yer alan Latifiye Camii Artuklular d\u00f6neminde in\u015fa edilen camiler aras\u0131nda yer al\u0131yor. Caminin en dikkat \u00e7ekici \u00f6zelli\u011fi ise e\u015fsiz g\u00fczellikteki giri\u015f kap\u0131lar\u0131. Ge\u00e7 d\u00f6nem Sel\u00e7uklu i\u015f\u00e7ili\u011finin \u00f6zg\u00fcn \u00f6rneklerini yans\u0131tan kap\u0131larla birlikte caminin i\u00e7i de g\u00f6r\u00fclmeye de\u011fer.<\/p>\n<p><strong>KIRKLAR K\u0130L\u0130SES\u0130<\/strong><\/p>\n<p>Mor Behnam Kilisesi olarak da bilinen K\u0131rklar Kilisesi, Mardin merkezde ziyaret edebilece\u011finiz dini yap\u0131lardan bir di\u011feri. 6. y\u00fczy\u0131ldan g\u00fcn\u00fcm\u00fcze gelen kilise Mor Behnam ve k\u0131z karde\u015fi Saro ad\u0131na in\u015fa edilmi\u015f. Kilisenin i\u00e7erisi genellikle 13.00\u2019ten sonra ziyarete a\u00e7\u0131l\u0131yor, i\u00e7eride foto\u011fraf ve video \u00e7ekmek yasak oldu\u011fu i\u00e7in g\u00f6r\u00fcnt\u00fc hakk\u0131n\u0131z\u0131 kilisenin avlusunda kullanman\u0131z\u0131 tavsiye ederim.<\/p>\n<p><strong>DEYRULZAFARAN MANASTIRI<\/strong><\/p>\n<p>Deyrulzafaran Manast\u0131r\u0131, Mardin\u2019in 4 kilometre do\u011fusunda, Mardin Ovas\u0131na hakim bir noktadad\u0131r. \u00dc\u00e7 kattan olu\u015fan Manast\u0131r 5\u2019inci y\u00fczy\u0131ldan ba\u015flayarak farkl\u0131 zamanlarda yap\u0131lan eklentilerle bug\u00fcnk\u00fc haline 18\u2019inci y\u00fczy\u0131lda kavu\u015fmu\u015ftur. Manast\u0131r, M\u00d6 G\u00fcne\u015f Tap\u0131na\u011f\u0131, daha sonra da Romal\u0131lar taraf\u0131ndan kale olarak kullan\u0131lan bir kompleks \u00fczerine in\u015fa edildi. Romal\u0131lar b\u00f6lgeden \u00e7ekilince Aziz \u015eleymun baz\u0131 azizlerin kemiklerini buraya getirterek kaleyi manast\u0131ra \u00e7evirdi.<\/p>\n<p>Deyrulzafaran Manast\u0131r\u0131 ve Matbaa<\/p>\n<p>Kaynak Linki = https:\/\/www.medyagazete.com\/haber\/kesfedilmeye-deger-bir-hazine-mardin-136959<br \/>\nKubbeleri, kemerli s\u00fctunlar\u0131, ah\u015fap el i\u015flemeleri, i\u00e7 ve d\u0131\u015f mekanlardaki ta\u015f nak\u0131\u015flar\u0131 ile insan\u0131n ilgisini \u00e7eken Deyrulzafaran Manast\u0131r\u0131, uzun tarihi boyunca S\u00fcryani Kilisesi\u2019nin dini e\u011fitim merkezlerinden biriydi. 5.ci y\u00fczy\u0131lda yap\u0131lan manast\u0131r bin 500 y\u0131ld\u0131r Mardin\u2019deki S\u00fcryanilerin \u00f6nemli ibadet merkezlerinden bir tanesidir.<\/p>\n<p>B\u00f6lgeye ilk matbaay\u0131 getiren ki\u015fi de yine bu Manast\u0131r\u2019da patriklik yapan ve 1895\u2019te vefat eden 4. Petrus\u2019tur. 1874 y\u0131l\u0131nda \u0130ngiltere\u2019ye yapt\u0131\u011f\u0131 bir ziyaret s\u0131ras\u0131nda sat\u0131n ald\u0131\u011f\u0131 matbaay\u0131 1876 y\u0131l\u0131nda manast\u0131ra getirtti. Matbaada 1969 y\u0131l\u0131na kadar ba\u015fta S\u00fcryanice olmak \u00fczere Arap\u00e7a, Osmanl\u0131ca ve T\u00fcrk\u00e7e kitaplar ile 1953\u2019e kadar \u00d6z Hikmet ad\u0131nda ayl\u0131k bir dergi bas\u0131l\u0131yordu. Matbaadan geriye kalan par\u00e7alar\u0131n bir k\u0131sm\u0131 manast\u0131rda di\u011fer bir k\u0131sm\u0131 da Mardin\u2019deki K\u0131rklar Kilisesi\u2019nde sergilenmektedir. Manast\u0131r bug\u00fcn de S\u00fcryani Kilisesi\u2019nin \u00f6nemli dini merkezlerinden biridir. Mardin Metropoliti\u2019nin ikametgah\u0131 olan Deyrulzafaran Manast\u0131r\u0131, d\u00fcnyan\u0131n d\u00f6rt bir yan\u0131na da\u011f\u0131lm\u0131\u015f S\u00fcryaniler taraf\u0131ndan dua ve bereket almak i\u00e7in ziyaret edilir. Yine binlerce yerli ve yabanc\u0131 turist, k\u0131sa veya uzun bir yol kat ederek manast\u0131r\u0131 ziyaret etmektedirler.<\/p>\n<p><strong>ESK\u0130 PTT B\u0130NASI<\/strong><\/p>\n<p>Mardin\u2019de foto\u011fraf \u00e7ekmek i\u00e7in ideal noktalardan bir di\u011feri ise Eski PTT Binas\u0131 olarak da bilinen Uygulama Oteli. Buras\u0131 1. Cadde\u2019nin sonlar\u0131na do\u011fru yer al\u0131yor. 1890 y\u0131l\u0131nda \u015eatana Ailesi\u2019nin evi olan tarihi bina bir s\u00fcre PTT\u2019ye ev sahipli\u011fi yapm\u0131\u015f. \u015eimdilerde ise Artuklu \u00dcniversitesi Turizm Uygulama Oteli olarak hizmet veren binan\u0131n \u00fcst kat\u0131nda Mezopotamya\u2019n\u0131n nefis manzaras\u0131 sizleri bekliyor.<\/p>\n<p><strong>Z\u0130NC\u0130R\u0130YE MEDRESES\u0130<\/strong><\/p>\n<p>1385 y\u0131l\u0131nda Artuklular d\u00f6neminde in\u015fa edilmi\u015f olan Zinciriye Medresesi Eski Mardin\u2019de en fazla ziyaret edilen yerlerin ba\u015f\u0131nda geliyor. \u0130\u00e7erisinde medreseyi yapt\u0131ran Sultan \u0130sa\u2019n\u0131n t\u00fcrbesiyle birlikte k\u00fc\u00e7\u00fck bir mescid de yer al\u0131yor. Avlusundaki \u00e7e\u015fmenin tasavvufi hikayesini Mardinli gen\u00e7lerden dinlemeyi sak\u0131n unutmay\u0131n! Keyifli gezmeler.<\/p>\n<p><strong>KASIM\u0130YE MEDRESES\u0130<\/strong><\/p>\n<p>G\u00fcn\u00fcm\u00fcze kadar m\u00fckemmel yap\u0131s\u0131yla ayakta kalabilen medresenin yap\u0131m\u0131na Artuklu D\u00f6nemi\u2019nde ba\u015flanm\u0131\u015f ve Akkoyunlu H\u00fck\u00fcmdar\u0131 Cihangiro\u011flu Kas\u0131m Padi\u015fah d\u00f6neminde 1457-1502 y\u0131llar\u0131nda tamamlanm\u0131\u015ft\u0131r. \u0130ki katl\u0131, kubbeli, tek ve a\u00e7\u0131k avlulu medresenin in\u015fas\u0131nda d\u00fczg\u00fcn kesme ta\u015f kullan\u0131lm\u0131\u015ft\u0131r. Plan \u00f6zellikleri, ta\u015f i\u015f\u00e7ili\u011fi ve s\u00fcsleme motifleri bak\u0131m\u0131ndan ilgi \u00e7eken yap\u0131, cami ve t\u00fcrbe ile birlikte k\u00fclliye i\u00e7erisinde yer almaktad\u0131r. Medresenin avlusunda bir \u00e7e\u015fme ve b\u00fcy\u00fck\u00e7e bir havuz bulunmaktad\u0131r. G\u00fcneyde ovaya a\u00e7\u0131k bir cepheye sahip olan medrese, Mardin yap\u0131lar\u0131n\u0131n en b\u00fcy\u00fcklerindendir. A\u00e7\u0131k medrese tipinde, tek bir avlu etraf\u0131nda d\u00fczenlenmi\u015f, iki katl\u0131 ve tek eyvanl\u0131d\u0131r. Kesme ta\u015f ve tu\u011flalardan yap\u0131lm\u0131\u015ft\u0131r. G\u00fcney cephesinden, bir ta\u00e7 kap\u0131n\u0131n ba\u011flad\u0131\u011f\u0131 be\u015fik tonozlu bir koridordan ge\u00e7ilerek girilir. Bat\u0131s\u0131nda di\u011fer k\u0131s\u0131mlarla giri\u015fi ayn\u0131 olan, ba\u011f\u0131ms\u0131z bir mescit mek\u00e2n\u0131 vard\u0131r. Do\u011fuda iki kat boyunca y\u00fckselen camisi mevcuttur. Portalden girilen revakl\u0131 b\u00fcy\u00fck avlunun etraf\u0131nda, iki kat \u00fczerine revaklar aras\u0131na dizilmi\u015f h\u00fccrelerden olu\u015fmaktad\u0131r. Avlunun kuzeyinde, ikinci kat\u0131 da kesen b\u00fcy\u00fck eyvan ve onun \u00f6n\u00fcnde bir havuz mevcuttur. Buras\u0131 tek ba\u015f\u0131na bir medrese olarak de\u011fil bir k\u00fclliye gibi d\u00fc\u015f\u00fcn\u00fclm\u00fc\u015f olmal\u0131d\u0131r. Yan\u0131nda bulunan zaviye-t\u00fcrbe bunun kan\u0131t\u0131d\u0131r.<\/p>\n<p><strong>DARA ANT\u0130K KENT\u0130<\/strong><\/p>\n<p>Dara Antik Kenti Mardin\u2019in 30 kilometre g\u00fcneydo\u011fusunda bulunan O\u011fuz K\u00f6y\u00fc\u2019nde yer almaktad\u0131r. Tarihte Yukar\u0131 Mezopotamya\u2019n\u0131n en \u00f6nemli yerle\u015fim yerlerinden birisi olan Dara, \u0130mparator Anastasius\u2019un (491-518) giri\u015fimleriyle 505 y\u0131l\u0131nda, Do\u011fu Roma \u0130mparatorlu\u011fu\u2019nun do\u011fu s\u0131n\u0131r\u0131n\u0131 Sasanilere kar\u015f\u0131 korumak i\u00e7in askeri ama\u00e7l\u0131 bir garnizon kenti olarak kurulmu\u015ftur. Kaya i\u00e7ine oyulan yap\u0131lardan olu\u015fan ve geni\u015f bir alana yay\u0131lan Dara Antik Kenti\u2019nin \u00e7evresi 4 kilometrelik bir surla korunmu\u015ftur. \u0130\u00e7 kale, kentin kuzeyinde ve 50 metre y\u00fcksekli\u011findeki tepenin \u00fcst d\u00fczl\u00fc\u011f\u00fcne kurulmu\u015ftur. Kent i\u00e7inde kilise, saray, \u00e7ar\u015f\u0131, zindan, tophane ve su bendi kal\u0131nt\u0131lar\u0131 halen g\u00f6r\u00fclebilmektedir. Ayr\u0131ca k\u00f6y\u00fcn etraf\u0131nda tarihleri Ge\u00e7 Roma D\u00f6nemi\u2019ne kadar giden ma\u011fara evlere rastlanmaktad\u0131r.<\/p>\n<hr \/>\n<p><em><strong><a href=\"https:\/\/www.medyagazete.com\/haber\/kesfedilmeye-deger-bir-hazine-mardin-136959\">https:\/\/www.medyagazete.com\/haber\/kesfedilmeye-deger-bir-hazine-mardin-136959<\/a>\u00a0<\/strong><\/em><\/p>\n","protected":false},"excerpt":{"rendered":"<p>Mardin\u2019in tarihi yap\u0131lar\u0131 insan\u0131 kendine \u00e7eken bir etkileyicili\u011fe sahip, dillerin ve dinlerin \u015fehri Mardin\u2019in d\u00f6rt bir yan\u0131 tarihi yap\u0131larla \u00e7evrili oldu\u011fu i\u00e7in yo\u011fun ilgi g\u00f6r\u00fcyor. \u015eehmus ED\u0130S (Mardin Haber) Mezopotamya\u2019n\u0131n kadim \u015fehirlerinden biri olan Mardin, k\u00f6kl\u00fc ge\u00e7mi\u015fi ve zengin k\u00fclt\u00fcrel de\u011ferleriyle ke\u015ffedilmeye de\u011fer bir hazine konumunda. K\u00f6kl\u00fc ge\u00e7mi\u015fi ve zengin k\u00fclt\u00fcr\u00fcyle Mardin son y\u0131llar\u0131n en [&hellip;]<\/p>\n","protected":false},"author":7,"featured_media":62299,"comment_status":"open","ping_status":"open","sticky":false,"template":"","format":"standard","meta":{"footnotes":""},"categories":[1],"tags":[],"class_list":["post-62298","post","type-post","status-publish","format-standard","has-post-thumbnail","hentry","category-haberler"],"yoast_head":"<!-- This site is optimized with the Yoast SEO plugin v27.4 - https:\/\/yoast.com\/product\/yoast-seo-wordpress\/ -->\n<title>Ke\u015ffedilmeye de\u011fer bir hazine: MARD\u0130N - Bati Ermenistan Ve Bati Ermenileri Sorunlari Ara\u015ftirmalar Merkezi<\/title>\n<meta name=\"robots\" content=\"index, follow, max-snippet:-1, max-image-preview:large, max-video-preview:-1\" \/>\n<link rel=\"canonical\" href=\"https:\/\/akunq.net\/tr\/?p=62298\" \/>\n<meta property=\"og:locale\" content=\"en_US\" \/>\n<meta property=\"og:type\" content=\"article\" \/>\n<meta property=\"og:title\" content=\"Ke\u015ffedilmeye de\u011fer bir hazine: MARD\u0130N - Bati Ermenistan Ve Bati Ermenileri Sorunlari Ara\u015ftirmalar Merkezi\" \/>\n<meta property=\"og:description\" content=\"Mardin\u2019in tarihi yap\u0131lar\u0131 insan\u0131 kendine \u00e7eken bir etkileyicili\u011fe sahip, dillerin ve dinlerin \u015fehri Mardin\u2019in d\u00f6rt bir yan\u0131 tarihi yap\u0131larla \u00e7evrili oldu\u011fu i\u00e7in yo\u011fun ilgi g\u00f6r\u00fcyor. \u015eehmus ED\u0130S (Mardin Haber) Mezopotamya\u2019n\u0131n kadim \u015fehirlerinden biri olan Mardin, k\u00f6kl\u00fc ge\u00e7mi\u015fi ve zengin k\u00fclt\u00fcrel de\u011ferleriyle ke\u015ffedilmeye de\u011fer bir hazine konumunda. K\u00f6kl\u00fc ge\u00e7mi\u015fi ve zengin k\u00fclt\u00fcr\u00fcyle Mardin son y\u0131llar\u0131n en [&hellip;]\" \/>\n<meta property=\"og:url\" content=\"https:\/\/akunq.net\/tr\/?p=62298\" \/>\n<meta property=\"og:site_name\" content=\"Bati Ermenistan Ve Bati Ermenileri Sorunlari Ara\u015ftirmalar Merkezi\" \/>\n<meta property=\"article:published_time\" content=\"2021-04-08T07:52:01+00:00\" \/>\n<meta property=\"og:image\" content=\"https:\/\/akunq.net\/tr\/wp-content\/uploads\/sites\/6\/2021\/04\/Mardin.jpg\" \/>\n\t<meta property=\"og:image:width\" content=\"640\" \/>\n\t<meta property=\"og:image:height\" content=\"350\" \/>\n\t<meta property=\"og:image:type\" content=\"image\/jpeg\" \/>\n<meta name=\"author\" content=\"admin\" \/>\n<meta name=\"twitter:card\" content=\"summary_large_image\" \/>\n<meta name=\"twitter:label1\" content=\"Written by\" \/>\n\t<meta name=\"twitter:data1\" content=\"admin\" \/>\n\t<meta name=\"twitter:label2\" content=\"Est. reading time\" \/>\n\t<meta name=\"twitter:data2\" content=\"7 minutes\" \/>\n<script type=\"application\/ld+json\" class=\"yoast-schema-graph\">{\"@context\":\"https:\\\/\\\/schema.org\",\"@graph\":[{\"@type\":\"Article\",\"@id\":\"https:\\\/\\\/akunq.net\\\/tr\\\/?p=62298#article\",\"isPartOf\":{\"@id\":\"https:\\\/\\\/akunq.net\\\/tr\\\/?p=62298\"},\"author\":{\"name\":\"admin\",\"@id\":\"https:\\\/\\\/akunq.net\\\/tr\\\/#\\\/schema\\\/person\\\/096f1d38a12cce57fb855b485ed24c9e\"},\"headline\":\"Ke\u015ffedilmeye de\u011fer bir hazine: MARD\u0130N\",\"datePublished\":\"2021-04-08T07:52:01+00:00\",\"mainEntityOfPage\":{\"@id\":\"https:\\\/\\\/akunq.net\\\/tr\\\/?p=62298\"},\"wordCount\":1362,\"commentCount\":0,\"image\":{\"@id\":\"https:\\\/\\\/akunq.net\\\/tr\\\/?p=62298#primaryimage\"},\"thumbnailUrl\":\"https:\\\/\\\/akunq.net\\\/tr\\\/wp-content\\\/uploads\\\/sites\\\/6\\\/2021\\\/04\\\/Mardin.jpg\",\"articleSection\":[\"Haberler\"],\"inLanguage\":\"en-US\",\"potentialAction\":[{\"@type\":\"CommentAction\",\"name\":\"Comment\",\"target\":[\"https:\\\/\\\/akunq.net\\\/tr\\\/?p=62298#respond\"]}]},{\"@type\":\"WebPage\",\"@id\":\"https:\\\/\\\/akunq.net\\\/tr\\\/?p=62298\",\"url\":\"https:\\\/\\\/akunq.net\\\/tr\\\/?p=62298\",\"name\":\"Ke\u015ffedilmeye de\u011fer bir hazine: MARD\u0130N - Bati Ermenistan Ve Bati Ermenileri Sorunlari Ara\u015ftirmalar Merkezi\",\"isPartOf\":{\"@id\":\"https:\\\/\\\/akunq.net\\\/tr\\\/#website\"},\"primaryImageOfPage\":{\"@id\":\"https:\\\/\\\/akunq.net\\\/tr\\\/?p=62298#primaryimage\"},\"image\":{\"@id\":\"https:\\\/\\\/akunq.net\\\/tr\\\/?p=62298#primaryimage\"},\"thumbnailUrl\":\"https:\\\/\\\/akunq.net\\\/tr\\\/wp-content\\\/uploads\\\/sites\\\/6\\\/2021\\\/04\\\/Mardin.jpg\",\"datePublished\":\"2021-04-08T07:52:01+00:00\",\"author\":{\"@id\":\"https:\\\/\\\/akunq.net\\\/tr\\\/#\\\/schema\\\/person\\\/096f1d38a12cce57fb855b485ed24c9e\"},\"breadcrumb\":{\"@id\":\"https:\\\/\\\/akunq.net\\\/tr\\\/?p=62298#breadcrumb\"},\"inLanguage\":\"en-US\",\"potentialAction\":[{\"@type\":\"ReadAction\",\"target\":[\"https:\\\/\\\/akunq.net\\\/tr\\\/?p=62298\"]}]},{\"@type\":\"ImageObject\",\"inLanguage\":\"en-US\",\"@id\":\"https:\\\/\\\/akunq.net\\\/tr\\\/?p=62298#primaryimage\",\"url\":\"https:\\\/\\\/akunq.net\\\/tr\\\/wp-content\\\/uploads\\\/sites\\\/6\\\/2021\\\/04\\\/Mardin.jpg\",\"contentUrl\":\"https:\\\/\\\/akunq.net\\\/tr\\\/wp-content\\\/uploads\\\/sites\\\/6\\\/2021\\\/04\\\/Mardin.jpg\",\"width\":640,\"height\":350},{\"@type\":\"BreadcrumbList\",\"@id\":\"https:\\\/\\\/akunq.net\\\/tr\\\/?p=62298#breadcrumb\",\"itemListElement\":[{\"@type\":\"ListItem\",\"position\":1,\"name\":\"Home\",\"item\":\"https:\\\/\\\/akunq.net\\\/tr\"},{\"@type\":\"ListItem\",\"position\":2,\"name\":\"Ke\u015ffedilmeye de\u011fer bir hazine: MARD\u0130N\"}]},{\"@type\":\"WebSite\",\"@id\":\"https:\\\/\\\/akunq.net\\\/tr\\\/#website\",\"url\":\"https:\\\/\\\/akunq.net\\\/tr\\\/\",\"name\":\"Bati Ermenistan Ve Bati Ermenileri Sorunlari Ara\u015ftirmalar Merkezi\",\"description\":\"\",\"potentialAction\":[{\"@type\":\"SearchAction\",\"target\":{\"@type\":\"EntryPoint\",\"urlTemplate\":\"https:\\\/\\\/akunq.net\\\/tr\\\/?s={search_term_string}\"},\"query-input\":{\"@type\":\"PropertyValueSpecification\",\"valueRequired\":true,\"valueName\":\"search_term_string\"}}],\"inLanguage\":\"en-US\"},{\"@type\":\"Person\",\"@id\":\"https:\\\/\\\/akunq.net\\\/tr\\\/#\\\/schema\\\/person\\\/096f1d38a12cce57fb855b485ed24c9e\",\"name\":\"admin\",\"url\":\"https:\\\/\\\/akunq.net\\\/tr\\\/?author=7\"}]}<\/script>\n<!-- \/ Yoast SEO plugin. -->","yoast_head_json":{"title":"Ke\u015ffedilmeye de\u011fer bir hazine: MARD\u0130N - Bati Ermenistan Ve Bati Ermenileri Sorunlari Ara\u015ftirmalar Merkezi","robots":{"index":"index","follow":"follow","max-snippet":"max-snippet:-1","max-image-preview":"max-image-preview:large","max-video-preview":"max-video-preview:-1"},"canonical":"https:\/\/akunq.net\/tr\/?p=62298","og_locale":"en_US","og_type":"article","og_title":"Ke\u015ffedilmeye de\u011fer bir hazine: MARD\u0130N - Bati Ermenistan Ve Bati Ermenileri Sorunlari Ara\u015ftirmalar Merkezi","og_description":"Mardin\u2019in tarihi yap\u0131lar\u0131 insan\u0131 kendine \u00e7eken bir etkileyicili\u011fe sahip, dillerin ve dinlerin \u015fehri Mardin\u2019in d\u00f6rt bir yan\u0131 tarihi yap\u0131larla \u00e7evrili oldu\u011fu i\u00e7in yo\u011fun ilgi g\u00f6r\u00fcyor. \u015eehmus ED\u0130S (Mardin Haber) Mezopotamya\u2019n\u0131n kadim \u015fehirlerinden biri olan Mardin, k\u00f6kl\u00fc ge\u00e7mi\u015fi ve zengin k\u00fclt\u00fcrel de\u011ferleriyle ke\u015ffedilmeye de\u011fer bir hazine konumunda. K\u00f6kl\u00fc ge\u00e7mi\u015fi ve zengin k\u00fclt\u00fcr\u00fcyle Mardin son y\u0131llar\u0131n en [&hellip;]","og_url":"https:\/\/akunq.net\/tr\/?p=62298","og_site_name":"Bati Ermenistan Ve Bati Ermenileri Sorunlari Ara\u015ftirmalar Merkezi","article_published_time":"2021-04-08T07:52:01+00:00","og_image":[{"width":640,"height":350,"url":"https:\/\/akunq.net\/tr\/wp-content\/uploads\/sites\/6\/2021\/04\/Mardin.jpg","type":"image\/jpeg"}],"author":"admin","twitter_card":"summary_large_image","twitter_misc":{"Written by":"admin","Est. reading time":"7 minutes"},"schema":{"@context":"https:\/\/schema.org","@graph":[{"@type":"Article","@id":"https:\/\/akunq.net\/tr\/?p=62298#article","isPartOf":{"@id":"https:\/\/akunq.net\/tr\/?p=62298"},"author":{"name":"admin","@id":"https:\/\/akunq.net\/tr\/#\/schema\/person\/096f1d38a12cce57fb855b485ed24c9e"},"headline":"Ke\u015ffedilmeye de\u011fer bir hazine: MARD\u0130N","datePublished":"2021-04-08T07:52:01+00:00","mainEntityOfPage":{"@id":"https:\/\/akunq.net\/tr\/?p=62298"},"wordCount":1362,"commentCount":0,"image":{"@id":"https:\/\/akunq.net\/tr\/?p=62298#primaryimage"},"thumbnailUrl":"https:\/\/akunq.net\/tr\/wp-content\/uploads\/sites\/6\/2021\/04\/Mardin.jpg","articleSection":["Haberler"],"inLanguage":"en-US","potentialAction":[{"@type":"CommentAction","name":"Comment","target":["https:\/\/akunq.net\/tr\/?p=62298#respond"]}]},{"@type":"WebPage","@id":"https:\/\/akunq.net\/tr\/?p=62298","url":"https:\/\/akunq.net\/tr\/?p=62298","name":"Ke\u015ffedilmeye de\u011fer bir hazine: MARD\u0130N - Bati Ermenistan Ve Bati Ermenileri Sorunlari Ara\u015ftirmalar Merkezi","isPartOf":{"@id":"https:\/\/akunq.net\/tr\/#website"},"primaryImageOfPage":{"@id":"https:\/\/akunq.net\/tr\/?p=62298#primaryimage"},"image":{"@id":"https:\/\/akunq.net\/tr\/?p=62298#primaryimage"},"thumbnailUrl":"https:\/\/akunq.net\/tr\/wp-content\/uploads\/sites\/6\/2021\/04\/Mardin.jpg","datePublished":"2021-04-08T07:52:01+00:00","author":{"@id":"https:\/\/akunq.net\/tr\/#\/schema\/person\/096f1d38a12cce57fb855b485ed24c9e"},"breadcrumb":{"@id":"https:\/\/akunq.net\/tr\/?p=62298#breadcrumb"},"inLanguage":"en-US","potentialAction":[{"@type":"ReadAction","target":["https:\/\/akunq.net\/tr\/?p=62298"]}]},{"@type":"ImageObject","inLanguage":"en-US","@id":"https:\/\/akunq.net\/tr\/?p=62298#primaryimage","url":"https:\/\/akunq.net\/tr\/wp-content\/uploads\/sites\/6\/2021\/04\/Mardin.jpg","contentUrl":"https:\/\/akunq.net\/tr\/wp-content\/uploads\/sites\/6\/2021\/04\/Mardin.jpg","width":640,"height":350},{"@type":"BreadcrumbList","@id":"https:\/\/akunq.net\/tr\/?p=62298#breadcrumb","itemListElement":[{"@type":"ListItem","position":1,"name":"Home","item":"https:\/\/akunq.net\/tr"},{"@type":"ListItem","position":2,"name":"Ke\u015ffedilmeye de\u011fer bir hazine: MARD\u0130N"}]},{"@type":"WebSite","@id":"https:\/\/akunq.net\/tr\/#website","url":"https:\/\/akunq.net\/tr\/","name":"Bati Ermenistan Ve Bati Ermenileri Sorunlari Ara\u015ftirmalar Merkezi","description":"","potentialAction":[{"@type":"SearchAction","target":{"@type":"EntryPoint","urlTemplate":"https:\/\/akunq.net\/tr\/?s={search_term_string}"},"query-input":{"@type":"PropertyValueSpecification","valueRequired":true,"valueName":"search_term_string"}}],"inLanguage":"en-US"},{"@type":"Person","@id":"https:\/\/akunq.net\/tr\/#\/schema\/person\/096f1d38a12cce57fb855b485ed24c9e","name":"admin","url":"https:\/\/akunq.net\/tr\/?author=7"}]}},"_links":{"self":[{"href":"https:\/\/akunq.net\/tr\/index.php?rest_route=\/wp\/v2\/posts\/62298","targetHints":{"allow":["GET"]}}],"collection":[{"href":"https:\/\/akunq.net\/tr\/index.php?rest_route=\/wp\/v2\/posts"}],"about":[{"href":"https:\/\/akunq.net\/tr\/index.php?rest_route=\/wp\/v2\/types\/post"}],"author":[{"embeddable":true,"href":"https:\/\/akunq.net\/tr\/index.php?rest_route=\/wp\/v2\/users\/7"}],"replies":[{"embeddable":true,"href":"https:\/\/akunq.net\/tr\/index.php?rest_route=%2Fwp%2Fv2%2Fcomments&post=62298"}],"version-history":[{"count":1,"href":"https:\/\/akunq.net\/tr\/index.php?rest_route=\/wp\/v2\/posts\/62298\/revisions"}],"predecessor-version":[{"id":62300,"href":"https:\/\/akunq.net\/tr\/index.php?rest_route=\/wp\/v2\/posts\/62298\/revisions\/62300"}],"wp:featuredmedia":[{"embeddable":true,"href":"https:\/\/akunq.net\/tr\/index.php?rest_route=\/wp\/v2\/media\/62299"}],"wp:attachment":[{"href":"https:\/\/akunq.net\/tr\/index.php?rest_route=%2Fwp%2Fv2%2Fmedia&parent=62298"}],"wp:term":[{"taxonomy":"category","embeddable":true,"href":"https:\/\/akunq.net\/tr\/index.php?rest_route=%2Fwp%2Fv2%2Fcategories&post=62298"},{"taxonomy":"post_tag","embeddable":true,"href":"https:\/\/akunq.net\/tr\/index.php?rest_route=%2Fwp%2Fv2%2Ftags&post=62298"}],"curies":[{"name":"wp","href":"https:\/\/api.w.org\/{rel}","templated":true}]}}