{"id":62289,"date":"2021-04-08T02:06:00","date_gmt":"2021-04-08T07:06:00","guid":{"rendered":"https:\/\/akunq.net\/tr\/?p=62289"},"modified":"2021-04-08T02:06:00","modified_gmt":"2021-04-08T07:06:00","slug":"azerbaycanlilar-susiden-stepanakerte-girip-ermeni-anita-karsi-vandallik-hareketinde-bulunmuslar","status":"publish","type":"post","link":"https:\/\/akunq.net\/tr\/?p=62289","title":{"rendered":"Azerbaycanl\u0131lar \u015eu\u015fi\u2019den Stepanakert\u2019e girip Ermeni an\u0131ta kar\u015f\u0131 vandall\u0131k hareketinde bulunmu\u015flar"},"content":{"rendered":"<p><img loading=\"lazy\" decoding=\"async\" class=\"aligncenter size-medium wp-image-62290\" src=\"https:\/\/akunq.net\/tr\/wp-content\/uploads\/2021\/04\/Wargonzo-360x203.jpg\" alt=\"\" width=\"360\" height=\"203\" srcset=\"https:\/\/akunq.net\/tr\/wp-content\/uploads\/sites\/6\/2021\/04\/Wargonzo-360x203.jpg 360w, https:\/\/akunq.net\/tr\/wp-content\/uploads\/sites\/6\/2021\/04\/Wargonzo-768x432.jpg 768w, https:\/\/akunq.net\/tr\/wp-content\/uploads\/sites\/6\/2021\/04\/Wargonzo-560x315.jpg 560w, https:\/\/akunq.net\/tr\/wp-content\/uploads\/sites\/6\/2021\/04\/Wargonzo-260x146.jpg 260w, https:\/\/akunq.net\/tr\/wp-content\/uploads\/sites\/6\/2021\/04\/Wargonzo-160x90.jpg 160w, https:\/\/akunq.net\/tr\/wp-content\/uploads\/sites\/6\/2021\/04\/Wargonzo.jpg 1280w\" sizes=\"auto, (max-width: 360px) 100vw, 360px\" \/><\/p>\n<p><em><strong>Wargonzo telegram kanal\u0131n\u0131n aktard\u0131\u011f\u0131 bilgilere g\u00f6re 4 Azerbaycanl\u0131 asker \u015eu\u015fi\u2019nin yak\u0131nlar\u0131nda bulunan Bar\u0131\u015f G\u00fcc\u00fc Askeri birli\u011finin mevzisinden ge\u00e7erek Artsakh Cumhuriyeti\u2019nin ba\u015fkenti Stepanakert\u2019e g\u00f6t\u00fcren yolun \u00fczerine \u00e7\u0131km\u0131\u015flar.<\/strong><\/em><\/p>\n<p>Orada bulunan tankl\u0131 an\u0131t\u0131n yak\u0131nlar\u0131na kadar gelip Azerbaycanl\u0131 askerler an\u0131t\u0131n levhas\u0131 \u00fczerinde yaz\u0131lara yazm\u0131\u015f ve geri d\u00f6nm\u00fc\u015fler.<\/p>\n<p>Hat\u0131rlanaca\u011f\u0131 \u00fczere\u00a09 Kas\u0131m tarihinde imzalanan ate\u015fkes bildirisine g\u00f6re La\u00e7in (Berdzor) koridoru boyunca anayolun \u00fczerinde sadece Rus Bar\u0131\u015f G\u00fcc\u00fc askerleri bulunabilir ve 2 bu\u00e7uk kilometrelik yar\u0131\u00e7ap b\u00f6lgede onlar\u0131n d\u0131\u015f\u0131nda hi\u00e7 bir taraf\u0131 temsil eden bireyler bulunmamal\u0131.<\/p>\n<p><em><strong>https:\/\/www.ermenihaber.am\/tr\/news\/2021\/04\/07\/Azerbaycanl%C4%B1lar-%C5%9Eu%C5%9Fi-Stepanakert-Ermeni-vandall%C4%B1k-Karaba%C4%9F\/205675\u00a0<\/strong><\/em><\/p>\n","protected":false},"excerpt":{"rendered":"<p>Wargonzo telegram kanal\u0131n\u0131n aktard\u0131\u011f\u0131 bilgilere g\u00f6re 4 Azerbaycanl\u0131 asker \u015eu\u015fi\u2019nin yak\u0131nlar\u0131nda bulunan Bar\u0131\u015f G\u00fcc\u00fc Askeri birli\u011finin mevzisinden ge\u00e7erek Artsakh Cumhuriyeti\u2019nin ba\u015fkenti Stepanakert\u2019e g\u00f6t\u00fcren yolun \u00fczerine \u00e7\u0131km\u0131\u015flar. Orada bulunan tankl\u0131 an\u0131t\u0131n yak\u0131nlar\u0131na kadar gelip Azerbaycanl\u0131 askerler an\u0131t\u0131n levhas\u0131 \u00fczerinde yaz\u0131lara yazm\u0131\u015f ve geri d\u00f6nm\u00fc\u015fler. Hat\u0131rlanaca\u011f\u0131 \u00fczere\u00a09 Kas\u0131m tarihinde imzalanan ate\u015fkes bildirisine g\u00f6re La\u00e7in (Berdzor) koridoru boyunca [&hellip;]<\/p>\n","protected":false},"author":7,"featured_media":62290,"comment_status":"open","ping_status":"open","sticky":false,"template":"","format":"standard","meta":{"footnotes":""},"categories":[1],"tags":[],"class_list":["post-62289","post","type-post","status-publish","format-standard","has-post-thumbnail","hentry","category-haberler"],"yoast_head":"<!-- This site is optimized with the Yoast SEO plugin v27.4 - https:\/\/yoast.com\/product\/yoast-seo-wordpress\/ -->\n<title>Azerbaycanl\u0131lar \u015eu\u015fi\u2019den Stepanakert\u2019e girip Ermeni an\u0131ta kar\u015f\u0131 vandall\u0131k hareketinde bulunmu\u015flar - Bati Ermenistan Ve Bati Ermenileri Sorunlari Ara\u015ftirmalar Merkezi<\/title>\n<meta name=\"robots\" content=\"index, follow, max-snippet:-1, max-image-preview:large, max-video-preview:-1\" \/>\n<link rel=\"canonical\" href=\"https:\/\/akunq.net\/tr\/?p=62289\" \/>\n<meta property=\"og:locale\" content=\"en_US\" \/>\n<meta property=\"og:type\" content=\"article\" \/>\n<meta property=\"og:title\" content=\"Azerbaycanl\u0131lar \u015eu\u015fi\u2019den Stepanakert\u2019e girip Ermeni an\u0131ta kar\u015f\u0131 vandall\u0131k hareketinde bulunmu\u015flar - Bati Ermenistan Ve Bati Ermenileri Sorunlari Ara\u015ftirmalar Merkezi\" \/>\n<meta property=\"og:description\" content=\"Wargonzo telegram kanal\u0131n\u0131n aktard\u0131\u011f\u0131 bilgilere g\u00f6re 4 Azerbaycanl\u0131 asker \u015eu\u015fi\u2019nin yak\u0131nlar\u0131nda bulunan Bar\u0131\u015f G\u00fcc\u00fc Askeri birli\u011finin mevzisinden ge\u00e7erek Artsakh Cumhuriyeti\u2019nin ba\u015fkenti Stepanakert\u2019e g\u00f6t\u00fcren yolun \u00fczerine \u00e7\u0131km\u0131\u015flar. Orada bulunan tankl\u0131 an\u0131t\u0131n yak\u0131nlar\u0131na kadar gelip Azerbaycanl\u0131 askerler an\u0131t\u0131n levhas\u0131 \u00fczerinde yaz\u0131lara yazm\u0131\u015f ve geri d\u00f6nm\u00fc\u015fler. Hat\u0131rlanaca\u011f\u0131 \u00fczere\u00a09 Kas\u0131m tarihinde imzalanan ate\u015fkes bildirisine g\u00f6re La\u00e7in (Berdzor) koridoru boyunca [&hellip;]\" \/>\n<meta property=\"og:url\" content=\"https:\/\/akunq.net\/tr\/?p=62289\" \/>\n<meta property=\"og:site_name\" content=\"Bati Ermenistan Ve Bati Ermenileri Sorunlari Ara\u015ftirmalar Merkezi\" \/>\n<meta property=\"article:published_time\" content=\"2021-04-08T07:06:00+00:00\" \/>\n<meta property=\"og:image\" content=\"https:\/\/akunq.net\/tr\/wp-content\/uploads\/sites\/6\/2021\/04\/Wargonzo.jpg\" \/>\n\t<meta property=\"og:image:width\" content=\"1280\" \/>\n\t<meta property=\"og:image:height\" content=\"720\" \/>\n\t<meta property=\"og:image:type\" content=\"image\/jpeg\" \/>\n<meta name=\"author\" content=\"admin\" \/>\n<meta name=\"twitter:card\" content=\"summary_large_image\" \/>\n<meta name=\"twitter:label1\" content=\"Written by\" \/>\n\t<meta name=\"twitter:data1\" content=\"admin\" \/>\n\t<meta name=\"twitter:label2\" content=\"Est. reading time\" \/>\n\t<meta name=\"twitter:data2\" content=\"1 minute\" \/>\n<script type=\"application\/ld+json\" class=\"yoast-schema-graph\">{\"@context\":\"https:\\\/\\\/schema.org\",\"@graph\":[{\"@type\":\"Article\",\"@id\":\"https:\\\/\\\/akunq.net\\\/tr\\\/?p=62289#article\",\"isPartOf\":{\"@id\":\"https:\\\/\\\/akunq.net\\\/tr\\\/?p=62289\"},\"author\":{\"name\":\"admin\",\"@id\":\"https:\\\/\\\/akunq.net\\\/tr\\\/#\\\/schema\\\/person\\\/096f1d38a12cce57fb855b485ed24c9e\"},\"headline\":\"Azerbaycanl\u0131lar \u015eu\u015fi\u2019den Stepanakert\u2019e girip Ermeni an\u0131ta kar\u015f\u0131 vandall\u0131k hareketinde bulunmu\u015flar\",\"datePublished\":\"2021-04-08T07:06:00+00:00\",\"mainEntityOfPage\":{\"@id\":\"https:\\\/\\\/akunq.net\\\/tr\\\/?p=62289\"},\"wordCount\":148,\"commentCount\":0,\"image\":{\"@id\":\"https:\\\/\\\/akunq.net\\\/tr\\\/?p=62289#primaryimage\"},\"thumbnailUrl\":\"https:\\\/\\\/akunq.net\\\/tr\\\/wp-content\\\/uploads\\\/sites\\\/6\\\/2021\\\/04\\\/Wargonzo.jpg\",\"articleSection\":[\"Haberler\"],\"inLanguage\":\"en-US\",\"potentialAction\":[{\"@type\":\"CommentAction\",\"name\":\"Comment\",\"target\":[\"https:\\\/\\\/akunq.net\\\/tr\\\/?p=62289#respond\"]}]},{\"@type\":\"WebPage\",\"@id\":\"https:\\\/\\\/akunq.net\\\/tr\\\/?p=62289\",\"url\":\"https:\\\/\\\/akunq.net\\\/tr\\\/?p=62289\",\"name\":\"Azerbaycanl\u0131lar \u015eu\u015fi\u2019den Stepanakert\u2019e girip Ermeni an\u0131ta kar\u015f\u0131 vandall\u0131k hareketinde bulunmu\u015flar - Bati Ermenistan Ve Bati Ermenileri Sorunlari Ara\u015ftirmalar Merkezi\",\"isPartOf\":{\"@id\":\"https:\\\/\\\/akunq.net\\\/tr\\\/#website\"},\"primaryImageOfPage\":{\"@id\":\"https:\\\/\\\/akunq.net\\\/tr\\\/?p=62289#primaryimage\"},\"image\":{\"@id\":\"https:\\\/\\\/akunq.net\\\/tr\\\/?p=62289#primaryimage\"},\"thumbnailUrl\":\"https:\\\/\\\/akunq.net\\\/tr\\\/wp-content\\\/uploads\\\/sites\\\/6\\\/2021\\\/04\\\/Wargonzo.jpg\",\"datePublished\":\"2021-04-08T07:06:00+00:00\",\"author\":{\"@id\":\"https:\\\/\\\/akunq.net\\\/tr\\\/#\\\/schema\\\/person\\\/096f1d38a12cce57fb855b485ed24c9e\"},\"breadcrumb\":{\"@id\":\"https:\\\/\\\/akunq.net\\\/tr\\\/?p=62289#breadcrumb\"},\"inLanguage\":\"en-US\",\"potentialAction\":[{\"@type\":\"ReadAction\",\"target\":[\"https:\\\/\\\/akunq.net\\\/tr\\\/?p=62289\"]}]},{\"@type\":\"ImageObject\",\"inLanguage\":\"en-US\",\"@id\":\"https:\\\/\\\/akunq.net\\\/tr\\\/?p=62289#primaryimage\",\"url\":\"https:\\\/\\\/akunq.net\\\/tr\\\/wp-content\\\/uploads\\\/sites\\\/6\\\/2021\\\/04\\\/Wargonzo.jpg\",\"contentUrl\":\"https:\\\/\\\/akunq.net\\\/tr\\\/wp-content\\\/uploads\\\/sites\\\/6\\\/2021\\\/04\\\/Wargonzo.jpg\",\"width\":1280,\"height\":720},{\"@type\":\"BreadcrumbList\",\"@id\":\"https:\\\/\\\/akunq.net\\\/tr\\\/?p=62289#breadcrumb\",\"itemListElement\":[{\"@type\":\"ListItem\",\"position\":1,\"name\":\"Home\",\"item\":\"https:\\\/\\\/akunq.net\\\/tr\"},{\"@type\":\"ListItem\",\"position\":2,\"name\":\"Azerbaycanl\u0131lar \u015eu\u015fi\u2019den Stepanakert\u2019e girip Ermeni an\u0131ta kar\u015f\u0131 vandall\u0131k hareketinde bulunmu\u015flar\"}]},{\"@type\":\"WebSite\",\"@id\":\"https:\\\/\\\/akunq.net\\\/tr\\\/#website\",\"url\":\"https:\\\/\\\/akunq.net\\\/tr\\\/\",\"name\":\"Bati Ermenistan Ve Bati Ermenileri Sorunlari Ara\u015ftirmalar Merkezi\",\"description\":\"\",\"potentialAction\":[{\"@type\":\"SearchAction\",\"target\":{\"@type\":\"EntryPoint\",\"urlTemplate\":\"https:\\\/\\\/akunq.net\\\/tr\\\/?s={search_term_string}\"},\"query-input\":{\"@type\":\"PropertyValueSpecification\",\"valueRequired\":true,\"valueName\":\"search_term_string\"}}],\"inLanguage\":\"en-US\"},{\"@type\":\"Person\",\"@id\":\"https:\\\/\\\/akunq.net\\\/tr\\\/#\\\/schema\\\/person\\\/096f1d38a12cce57fb855b485ed24c9e\",\"name\":\"admin\",\"url\":\"https:\\\/\\\/akunq.net\\\/tr\\\/?author=7\"}]}<\/script>\n<!-- \/ Yoast SEO plugin. -->","yoast_head_json":{"title":"Azerbaycanl\u0131lar \u015eu\u015fi\u2019den Stepanakert\u2019e girip Ermeni an\u0131ta kar\u015f\u0131 vandall\u0131k hareketinde bulunmu\u015flar - Bati Ermenistan Ve Bati Ermenileri Sorunlari Ara\u015ftirmalar Merkezi","robots":{"index":"index","follow":"follow","max-snippet":"max-snippet:-1","max-image-preview":"max-image-preview:large","max-video-preview":"max-video-preview:-1"},"canonical":"https:\/\/akunq.net\/tr\/?p=62289","og_locale":"en_US","og_type":"article","og_title":"Azerbaycanl\u0131lar \u015eu\u015fi\u2019den Stepanakert\u2019e girip Ermeni an\u0131ta kar\u015f\u0131 vandall\u0131k hareketinde bulunmu\u015flar - Bati Ermenistan Ve Bati Ermenileri Sorunlari Ara\u015ftirmalar Merkezi","og_description":"Wargonzo telegram kanal\u0131n\u0131n aktard\u0131\u011f\u0131 bilgilere g\u00f6re 4 Azerbaycanl\u0131 asker \u015eu\u015fi\u2019nin yak\u0131nlar\u0131nda bulunan Bar\u0131\u015f G\u00fcc\u00fc Askeri birli\u011finin mevzisinden ge\u00e7erek Artsakh Cumhuriyeti\u2019nin ba\u015fkenti Stepanakert\u2019e g\u00f6t\u00fcren yolun \u00fczerine \u00e7\u0131km\u0131\u015flar. Orada bulunan tankl\u0131 an\u0131t\u0131n yak\u0131nlar\u0131na kadar gelip Azerbaycanl\u0131 askerler an\u0131t\u0131n levhas\u0131 \u00fczerinde yaz\u0131lara yazm\u0131\u015f ve geri d\u00f6nm\u00fc\u015fler. Hat\u0131rlanaca\u011f\u0131 \u00fczere\u00a09 Kas\u0131m tarihinde imzalanan ate\u015fkes bildirisine g\u00f6re La\u00e7in (Berdzor) koridoru boyunca [&hellip;]","og_url":"https:\/\/akunq.net\/tr\/?p=62289","og_site_name":"Bati Ermenistan Ve Bati Ermenileri Sorunlari Ara\u015ftirmalar Merkezi","article_published_time":"2021-04-08T07:06:00+00:00","og_image":[{"width":1280,"height":720,"url":"https:\/\/akunq.net\/tr\/wp-content\/uploads\/sites\/6\/2021\/04\/Wargonzo.jpg","type":"image\/jpeg"}],"author":"admin","twitter_card":"summary_large_image","twitter_misc":{"Written by":"admin","Est. reading time":"1 minute"},"schema":{"@context":"https:\/\/schema.org","@graph":[{"@type":"Article","@id":"https:\/\/akunq.net\/tr\/?p=62289#article","isPartOf":{"@id":"https:\/\/akunq.net\/tr\/?p=62289"},"author":{"name":"admin","@id":"https:\/\/akunq.net\/tr\/#\/schema\/person\/096f1d38a12cce57fb855b485ed24c9e"},"headline":"Azerbaycanl\u0131lar \u015eu\u015fi\u2019den Stepanakert\u2019e girip Ermeni an\u0131ta kar\u015f\u0131 vandall\u0131k hareketinde bulunmu\u015flar","datePublished":"2021-04-08T07:06:00+00:00","mainEntityOfPage":{"@id":"https:\/\/akunq.net\/tr\/?p=62289"},"wordCount":148,"commentCount":0,"image":{"@id":"https:\/\/akunq.net\/tr\/?p=62289#primaryimage"},"thumbnailUrl":"https:\/\/akunq.net\/tr\/wp-content\/uploads\/sites\/6\/2021\/04\/Wargonzo.jpg","articleSection":["Haberler"],"inLanguage":"en-US","potentialAction":[{"@type":"CommentAction","name":"Comment","target":["https:\/\/akunq.net\/tr\/?p=62289#respond"]}]},{"@type":"WebPage","@id":"https:\/\/akunq.net\/tr\/?p=62289","url":"https:\/\/akunq.net\/tr\/?p=62289","name":"Azerbaycanl\u0131lar \u015eu\u015fi\u2019den Stepanakert\u2019e girip Ermeni an\u0131ta kar\u015f\u0131 vandall\u0131k hareketinde bulunmu\u015flar - Bati Ermenistan Ve Bati Ermenileri Sorunlari Ara\u015ftirmalar Merkezi","isPartOf":{"@id":"https:\/\/akunq.net\/tr\/#website"},"primaryImageOfPage":{"@id":"https:\/\/akunq.net\/tr\/?p=62289#primaryimage"},"image":{"@id":"https:\/\/akunq.net\/tr\/?p=62289#primaryimage"},"thumbnailUrl":"https:\/\/akunq.net\/tr\/wp-content\/uploads\/sites\/6\/2021\/04\/Wargonzo.jpg","datePublished":"2021-04-08T07:06:00+00:00","author":{"@id":"https:\/\/akunq.net\/tr\/#\/schema\/person\/096f1d38a12cce57fb855b485ed24c9e"},"breadcrumb":{"@id":"https:\/\/akunq.net\/tr\/?p=62289#breadcrumb"},"inLanguage":"en-US","potentialAction":[{"@type":"ReadAction","target":["https:\/\/akunq.net\/tr\/?p=62289"]}]},{"@type":"ImageObject","inLanguage":"en-US","@id":"https:\/\/akunq.net\/tr\/?p=62289#primaryimage","url":"https:\/\/akunq.net\/tr\/wp-content\/uploads\/sites\/6\/2021\/04\/Wargonzo.jpg","contentUrl":"https:\/\/akunq.net\/tr\/wp-content\/uploads\/sites\/6\/2021\/04\/Wargonzo.jpg","width":1280,"height":720},{"@type":"BreadcrumbList","@id":"https:\/\/akunq.net\/tr\/?p=62289#breadcrumb","itemListElement":[{"@type":"ListItem","position":1,"name":"Home","item":"https:\/\/akunq.net\/tr"},{"@type":"ListItem","position":2,"name":"Azerbaycanl\u0131lar \u015eu\u015fi\u2019den Stepanakert\u2019e girip Ermeni an\u0131ta kar\u015f\u0131 vandall\u0131k hareketinde bulunmu\u015flar"}]},{"@type":"WebSite","@id":"https:\/\/akunq.net\/tr\/#website","url":"https:\/\/akunq.net\/tr\/","name":"Bati Ermenistan Ve Bati Ermenileri Sorunlari Ara\u015ftirmalar Merkezi","description":"","potentialAction":[{"@type":"SearchAction","target":{"@type":"EntryPoint","urlTemplate":"https:\/\/akunq.net\/tr\/?s={search_term_string}"},"query-input":{"@type":"PropertyValueSpecification","valueRequired":true,"valueName":"search_term_string"}}],"inLanguage":"en-US"},{"@type":"Person","@id":"https:\/\/akunq.net\/tr\/#\/schema\/person\/096f1d38a12cce57fb855b485ed24c9e","name":"admin","url":"https:\/\/akunq.net\/tr\/?author=7"}]}},"_links":{"self":[{"href":"https:\/\/akunq.net\/tr\/index.php?rest_route=\/wp\/v2\/posts\/62289","targetHints":{"allow":["GET"]}}],"collection":[{"href":"https:\/\/akunq.net\/tr\/index.php?rest_route=\/wp\/v2\/posts"}],"about":[{"href":"https:\/\/akunq.net\/tr\/index.php?rest_route=\/wp\/v2\/types\/post"}],"author":[{"embeddable":true,"href":"https:\/\/akunq.net\/tr\/index.php?rest_route=\/wp\/v2\/users\/7"}],"replies":[{"embeddable":true,"href":"https:\/\/akunq.net\/tr\/index.php?rest_route=%2Fwp%2Fv2%2Fcomments&post=62289"}],"version-history":[{"count":1,"href":"https:\/\/akunq.net\/tr\/index.php?rest_route=\/wp\/v2\/posts\/62289\/revisions"}],"predecessor-version":[{"id":62291,"href":"https:\/\/akunq.net\/tr\/index.php?rest_route=\/wp\/v2\/posts\/62289\/revisions\/62291"}],"wp:featuredmedia":[{"embeddable":true,"href":"https:\/\/akunq.net\/tr\/index.php?rest_route=\/wp\/v2\/media\/62290"}],"wp:attachment":[{"href":"https:\/\/akunq.net\/tr\/index.php?rest_route=%2Fwp%2Fv2%2Fmedia&parent=62289"}],"wp:term":[{"taxonomy":"category","embeddable":true,"href":"https:\/\/akunq.net\/tr\/index.php?rest_route=%2Fwp%2Fv2%2Fcategories&post=62289"},{"taxonomy":"post_tag","embeddable":true,"href":"https:\/\/akunq.net\/tr\/index.php?rest_route=%2Fwp%2Fv2%2Ftags&post=62289"}],"curies":[{"name":"wp","href":"https:\/\/api.w.org\/{rel}","templated":true}]}}