{"id":62260,"date":"2021-04-06T05:21:50","date_gmt":"2021-04-06T10:21:50","guid":{"rendered":"https:\/\/akunq.net\/tr\/?p=62260"},"modified":"2021-04-06T05:21:50","modified_gmt":"2021-04-06T10:21:50","slug":"25-yil-once-25-yil-sonra","status":"publish","type":"post","link":"https:\/\/akunq.net\/tr\/?p=62260","title":{"rendered":"25 y\u0131l \u00f6nce, 25 y\u0131l sonra"},"content":{"rendered":"<p><img loading=\"lazy\" decoding=\"async\" class=\"aligncenter size-medium wp-image-62261\" src=\"https:\/\/akunq.net\/tr\/wp-content\/uploads\/2021\/04\/Agosun-kurucu-ekibi-360x252.jpg\" alt=\"\" width=\"360\" height=\"252\" srcset=\"https:\/\/akunq.net\/tr\/wp-content\/uploads\/sites\/6\/2021\/04\/Agosun-kurucu-ekibi-360x252.jpg 360w, https:\/\/akunq.net\/tr\/wp-content\/uploads\/sites\/6\/2021\/04\/Agosun-kurucu-ekibi-768x538.jpg 768w, https:\/\/akunq.net\/tr\/wp-content\/uploads\/sites\/6\/2021\/04\/Agosun-kurucu-ekibi-1536x1076.jpg 1536w, https:\/\/akunq.net\/tr\/wp-content\/uploads\/sites\/6\/2021\/04\/Agosun-kurucu-ekibi-2048x1434.jpg 2048w, https:\/\/akunq.net\/tr\/wp-content\/uploads\/sites\/6\/2021\/04\/Agosun-kurucu-ekibi-560x392.jpg 560w, https:\/\/akunq.net\/tr\/wp-content\/uploads\/sites\/6\/2021\/04\/Agosun-kurucu-ekibi-260x182.jpg 260w, https:\/\/akunq.net\/tr\/wp-content\/uploads\/sites\/6\/2021\/04\/Agosun-kurucu-ekibi-160x112.jpg 160w\" sizes=\"auto, (max-width: 360px) 100vw, 360px\" \/><\/p>\n<p><a href=\"http:\/\/www.agos.com.tr\/tr\/yazar\/375\/anna-turay\"><strong>Anna Turay<\/strong><\/a><strong>\u00a0 <\/strong><\/p>\n<p><strong><em>\u0130\u015fte 25 y\u0131l \u00f6ncesinde, Agos\u2019un ilk 2,5 ay\u0131nda yaz\u0131 i\u015fleri masas\u0131n\u0131n \u00fczerinde duran en yak\u0131c\u0131 haber konular\u0131\u2026 \u0130lk 10 gazetede i\u015flenen, bug\u00fcn de i\u015flense \u201cg\u00fcncel\u201d olacak konular\u2026<\/em><\/strong><\/p>\n<p>Agos\u2019un ilk say\u0131s\u0131, ilk man\u015feti ve ilk ba\u015fyaz\u0131s\u0131, asl\u0131nda t\u00fcm varolu\u015fu, \u2018dirili\u015f ruhu\u2019na olan inanc\u0131m\u0131z\u0131n ifadesidir. \u0130lk say\u0131n\u0131n, tam da Hisus\u2019un dirili\u015finin 1996\u2019nc\u0131 kez kutland\u0131\u011f\u0131 bir paskalya yortusuna denk d\u00fc\u015fmesi tesad\u00fcf de\u011fildir. Dindar olsun olmas\u0131n, her Ermeni dirili\u015f ruhuna bir bi\u00e7imde inan\u0131r. Ya\u015fam\u0131n \u00f6l\u00fcmle noktalanmad\u0131\u011f\u0131na inanmak zorundad\u0131r. Dayan\u0131kl\u0131l\u0131\u011f\u0131 biraz da bundan gelir. Miras olarak s\u0131rtland\u0131\u011f\u0131 o a\u011f\u0131rl\u0131\u011f\u0131 ancak b\u00f6yle hafifletebilir.<\/p>\n<p>Agos\u2019un ideali ve \u00e7abas\u0131 daha ilk say\u0131lar\u0131ndan itibaren net ve okunakl\u0131d\u0131r: \u0130ki toplumun bir arada ya\u015fama k\u00fclt\u00fcr\u00fcne s\u0131k\u0131 s\u0131k\u0131ya sar\u0131lmak, onu, \u00fczerinde tepinmeye, her ne pahas\u0131na olursa olsun ezmeye kararl\u0131 fillerden sak\u0131nmak ve hatta -neden olmas\u0131n?- serpilip geli\u015fmesine katk\u0131da bulunmakt\u0131r. Bunun i\u00e7in, \u2018\u00f6teki\u2019 olmay\u0131 kabullenen, g\u00f6r\u00fcnmez olmay\u0131 se\u00e7en, \u2018dilsiz\u2019 bir topluma ses vermek, onu g\u00f6r\u00fcn\u00fcr k\u0131lmak ister. G\u00fcndelik hayat\u0131n\u0131 karartmay\u0131 ama\u00e7layan hakaret dolu Ermeni kar\u015f\u0131t\u0131 kampanyalara, seri halde \u00fcretilen ink\u00e2r s\u00f6ylemlerine, k\u0131s\u0131tlanan haklar\u0131na, sahip oldu\u011fu yasal kurumlar\u0131n s\u00fcrekli a\u015f\u0131nd\u0131r\u0131lmaya \u00e7al\u0131\u015fmas\u0131na dikkat \u00e7ekmek, diyalog kanallar\u0131n\u0131 a\u00e7\u0131k tutmak, dayan\u0131\u015fmay\u0131 \u00e7o\u011faltmakt\u0131r b\u00fct\u00fcn murad\u0131&#8230; Buna kar\u015f\u0131l\u0131k y\u0131llar ve y\u0131llar boyu kendini tekrarlayan, d\u00f6ne d\u00f6ne hep ayn\u0131 tan\u0131d\u0131k, karanl\u0131k kuyuya sizi f\u0131rlatan bir dizi m\u00fccadele cidden yorucu, ayn\u0131 zamanda da ibret vericidir.<\/p>\n<p>\u0130\u015fte 25 y\u0131l \u00f6ncesinde, Agos\u2019un ilk 2,5 ay\u0131nda yaz\u0131 i\u015fleri masas\u0131n\u0131n \u00fczerinde duran en yak\u0131c\u0131 haber konular\u0131\u2026 \u0130lk 10 gazetede i\u015flenen, bug\u00fcn de i\u015flense \u201cg\u00fcncel\u201d olacak konular\u2026<br \/>\n<strong>Ezelden ebede vak\u0131f sorunlar\u0131<\/strong><br \/>\nNisan 1996. Agos \u00e7\u0131kal\u0131 hen\u00fcz bir hafta olmu\u015f, har\u0131l har\u0131l ikinci say\u0131 haz\u0131rlan\u0131yor. Bu say\u0131n\u0131n ana haberi d\u00f6rt ay \u00f6ncesinden belli olmu\u015f zaten, man\u015feti ise Ey\u00fcp Belediye Ba\u015fkan\u0131, Agos\u2019a verdi\u011fi deme\u00e7te at\u0131yor: \u201cBize kiralas\u0131nlar, kamula\u015ft\u0131rmayal\u0131m!\u201d Yine bir dava konusu\u2026 Ey\u00fcp belediyesi, semtte kurulan Cuma pazar\u0131n\u0131n yerinden yana pek dertliymi\u015f, trafi\u011fi aksat\u0131yormu\u015f. Ak\u0131llar\u0131na ilk gelen Ey\u00fcp Surp Asdvadzadzin Ermeni Kilisesi\u2019ne ait arazi olmu\u015f. Hemen iki katl\u0131 b\u00fcy\u00fck bir bina diker, hem daimi semt pazar\u0131 yapar, hem de di\u011fer g\u00fcnlerde otopark olarak kullan\u0131r\u0131z diye d\u00fc\u015f\u00fcnm\u00fc\u015fler. Tabii istimlak karar\u0131 hi\u00e7 gecikmeden al\u0131nm\u0131\u015f. Vak\u0131f Y\u00f6netim Kurulu bu i\u015flemin iptali i\u00e7in dava a\u00e7\u0131yor. Uzuuun bir yol var adaletin \u00f6n\u00fcnde\u2026<\/p>\n<p>May\u0131s 1996\u2026 Agos\u2019un ilk say\u0131s\u0131n\u0131n \u00fczerinden 1 ay ge\u00e7mi\u015f. Bu kez Gedikpa\u015fa Kilisesi\u2019nde yeni bir geli\u015fme var.\u00a0 Vakf\u0131n eski ba\u015fkan\u0131 Ferman Toroslar \u0130\u00e7i\u015fleri Bakanl\u0131\u011f\u0131\u2019na dava a\u00e7m\u0131\u015f. Vakf\u0131n se\u00e7imleri \u00f6nceki y\u0131l yenilenmi\u015f, ancak se\u00e7im \u00e7evresinde ikamet etmemeleri gerek\u00e7e g\u00f6sterilerek se\u00e7ilen baz\u0131 isimler veto edilmi\u015f. \u0130\u00e7lerinde bin y\u0131ll\u0131k Gedikpa\u015fal\u0131\u2019lar da var. Bu derde Ferman m\u0131 derman olacak? Bakal\u0131m\u2026<\/p>\n<p>Hemen 1 hafta sonra\u2026\u00a0 Bak\u0131rk\u00f6y il\u00e7esinin belediye ba\u015fkanl\u0131k se\u00e7imleri yakla\u015f\u0131yor. T\u00fcm partiler teyakkuz halinde, az\u0131nl\u0131k muhabbeti artm\u0131\u015f. \u0130stanbul B\u00fcy\u00fck\u015fehir Belediye Ba\u015fkan\u0131 Recep Tayyip Erdo\u011fan da Ye\u015filk\u00f6y Kilisesi Vakf\u0131\u2019n\u0131n d\u00fczenledi\u011fi bir toplant\u0131ya kat\u0131lm\u0131\u015f. Ey\u00fcp Belediyesi\u2019nin kamula\u015ft\u0131rma giri\u015fimini Agos muhabirinden \u00f6\u011frenince, Erdo\u011fan, hi\u00e7 teredd\u00fct etmeden \u201cBu ay\u0131b\u0131 yapt\u0131rmam!\u201d diyor. Ya\u015fas\u0131n, ne g\u00fczel! Birinci sayfaya yerle\u015ftiriyoruz.<\/p>\n<p>Haziran\u2019a vard\u0131k, yaz geldi. Kar\u015f\u0131 yakaya da ge\u00e7elim bir, eksik kalmas\u0131n. S\u0131rada Kartal kilisesi var. Bir kamula\u015ft\u0131rma da Refah Partili belediyeden. Konu Ermeni m\u00fclk\u00fc olunca parti marti fark etmiyor. Bu kez gerek\u00e7e yol geni\u015fletme\u2026 Kilisenin dar gelirli ahalisi zaten \u00e7ok azalm\u0131\u015f. Kilise bah\u00e7esi neredeyse tamamen yok edilece\u011fi gibi akar getiren \u00fc\u00e7 d\u00fckk\u00e2n da y\u0131k\u0131lacak. Tarihinde birka\u00e7 kez kamula\u015ft\u0131rma y\u00fcz\u00fcnden geni\u015f arazilerini, m\u00fclklerini yitiren k\u00fc\u00e7\u00fck, biblo gibi kilise, bo\u011fuluyor\u2026<\/p>\n<p><strong>Diyalog ve diplomasi, iki ileri be\u015f geri<\/strong><br \/>\nAgos her t\u00fcrden diyalo\u011fa kulaklar\u0131n\u0131, g\u00f6zlerini d\u00f6rt a\u00e7m\u0131\u015f, sevin\u00e7 i\u00e7inde, arka arkaya adeta m\u00fcjdeliyor. Sayfada daha geni\u015f yer ay\u0131r\u0131rsak etkisi ve sonu\u00e7lar\u0131 da daha b\u00fcy\u00fck olacak diye d\u00fc\u015f\u00fcn\u00fcyoruz zaar.<\/p>\n<p>\u00dc\u00e7\u00fcnc\u00fc say\u0131n\u0131n birinci sayfas\u0131nda iki g\u00fczel haberi alt alta kullanm\u0131\u015f\u0131z. \u0130lki Parlamentolararas\u0131 Birlik Toplant\u0131s\u0131\u2019n\u0131 konu al\u0131yor. \u0130stanbul\u2019da, 133 \u00fclkeden 700\u2019\u00fc a\u015fk\u0131n parlamenter ve diplomat toplanm\u0131\u015f. G\u00fcndemlerinde \u201cBal\u0131klar ve az\u0131nl\u0131klar nas\u0131l korunmal\u0131?\u201d sorusu var. Cumhurba\u015fkan\u0131 Demirel \u00c7\u0131ra\u011fan\u2019daki toplant\u0131da bir konu\u015fma yap\u0131yor. \u201cBug\u00fcn\u00fcn d\u00fcnyas\u0131nda ba\u011fnazl\u0131klara yer yok\u201d diyor ve k\u00fclt\u00fcrlerin ortakl\u0131\u011f\u0131na de\u011findi\u011fi uzun konu\u015fmas\u0131n\u0131 \u015f\u00f6yle tamaml\u0131yor: \u201c\u2026 \u00e7ocuklar\u0131 ve gen\u00e7leri ho\u015fg\u00f6r\u00fc k\u00fclt\u00fcr\u00fcyle yeti\u015ftirmeye \u00e7al\u0131\u015fmal\u0131y\u0131z.\u201d Toplant\u0131ya Ermenistan da kat\u0131lm\u0131\u015f, 6 ki\u015filik bir heyetle. TBMM Ba\u015fkan\u0131 ile \u00f6zel bir g\u00f6r\u00fc\u015fme de yapm\u0131\u015flar. Bizim haberin sat\u0131rlar\u0131 aras\u0131ndan ne\u015fe f\u0131\u015fk\u0131r\u0131yor.<\/p>\n<p>\u0130kinci haberde Kafkasya Bar\u0131\u015f\u0131\u2019na ili\u015fkin geli\u015fmeleri aktar\u0131yoruz. Bu tipik bir Agos ba\u015fl\u0131\u011f\u0131: \u201c\u00c7\u00f6z\u00fcme Ad\u0131m Ad\u0131m\u201d\u2026 Umut dolu, iyimser olmaya kararl\u0131. Tatl\u0131 bir May\u0131s ya\u015fan\u0131yor. Ermenistan\u2019dan bir \u00fcst d\u00fczey yetkili Ankara\u2019da, aralar\u0131nda Ba\u015fbakan Mesut Y\u0131lmaz\u2019\u0131n da bulundu\u011fu bir dizi politikac\u0131 ve b\u00fcrokratla temasta bulunuyor. Cumhurba\u015fkan\u0131 Demirel\u2019e de Ermenistan Cumhurba\u015fkan\u0131 Levon der Petrosyan\u2019\u0131n mektubunu sunuyor.<\/p>\n<p>Yine May\u0131s, d\u00f6rd\u00fcnc\u00fc say\u0131. Birinci sayfan\u0131n man\u015feti: \u201cKom\u015fular\u0131 Avrupa bulu\u015fturdu!\u201d Haydar Aliyev ve Levon der Petrosyan L\u00fcksemburg\u2019da bulu\u015fup konu\u015fmu\u015flar. Karaba\u011f sorununun \u00e7\u00f6z\u00fcme ula\u015fmas\u0131 i\u00e7in bar\u0131\u015f\u00e7\u0131l yollardan faydalanacaklar\u0131 yolundaki mutabakat\u0131 yeniliyorlar. Ertesi g\u00fcn de Strasbourg\u2019da Ermenistan, Azerbaycan ve G\u00fcrcistan\u2019\u0131n d\u0131\u015fi\u015fleri bakanlar\u0131 Avrupa Birli\u011fi ile Ortakl\u0131k ve \u0130\u015fbirli\u011fi Anla\u015fmas\u0131\u2019n\u0131 birlikte imzal\u0131yor.<br \/>\n<strong>\u2018Tanr\u0131dan dile\u011fim karde\u015flik\u2019<\/strong><br \/>\nH\u00e2l\u00e2 May\u0131s 1996. Diplomasi bahar\u0131 s\u00fcr\u00fcyor. D\u00fcnya Ermenileri Ba\u015fpatri\u011fi Vazgen I \u0130stanbul\u2019da a\u011f\u0131rlan\u0131yor. T\u00fcrkiye Ermeni Patrikhanesi\u2019nin kurulu\u015funun 535. y\u0131ld\u00f6n\u00fcm\u00fc kutlamalar\u0131 \u00e7er\u00e7evesinde gelmi\u015f. Tam 35 y\u0131l aradan sonra ilk kez bu kadar \u00f6nemli bir konu\u011fumuz var \u0130stanbul\u2019da. Yak\u0131ndan izliyoruz. Ba\u015fpatrik \u201cTanr\u0131dan dile\u011fim karde\u015flik\u201d diyor ve ziyaretinin T\u00fcrkiye ile Ermenistan halklar\u0131 aras\u0131nda karde\u015fli\u011fe katk\u0131da bulunaca\u011f\u0131n\u0131 belirtiyor. Agos arac\u0131l\u0131\u011f\u0131yla topluma verdi\u011fi mesaj son derece net: \u201cBirlikte ya\u015fad\u0131k, birlikte ya\u015fayaca\u011f\u0131z.\u201d<\/p>\n<p>Gelgelelim birlikte ya\u015famak istemeyen, karde\u015fini sevmeyen birileri her zaman var. Ba\u015fpatri\u011fin o s\u00f6zleri dile getirdi\u011fi g\u00fcn\u00fcn gecesinde Yenikap\u0131 Kilisesi\u2019nin bah\u00e7esindeki T\u00fcrk bayra\u011f\u0131 a\u015fa\u011f\u0131 indirilip \u00fczerine bir tak\u0131m mesajlar yaz\u0131lm\u0131\u015f ve ortaya b\u0131rak\u0131lm\u0131\u015f. Bu olay savc\u0131l\u0131\u011fa intikal ettirildikten tam iki hafta sonra Topkap\u0131 Ermeni Kilisesi\u2019nin zangocu sald\u0131r\u0131ya u\u011fram\u0131\u015f, zanl\u0131 yakalanamam\u0131\u015f. Bo\u011faz\u0131 kesilmi\u015f vaziyette, kanlar i\u00e7inde bulunan zango\u00e7 hastaneye kald\u0131r\u0131lm\u0131\u015f, yo\u011fun bak\u0131ma al\u0131nm\u0131\u015f. Neyse ki durumu iyiye gidiyormu\u015f. \u201c\u0130\u015fimin ba\u015f\u0131na d\u00f6nmek istiyorum\u201d diyor.<br \/>\n<strong>Se\u00e7im otob\u00fcs\u00fcnde Ermenice \u015fark\u0131lar<\/strong><br \/>\nErmeni toplumu g\u00fcvenlik meselelerine \u00e7ok da kafas\u0131n\u0131 takm\u0131yor. Taksa ne yapacak? May\u0131s pek hareketli, gazetenin g\u00fcndemi pek y\u00fckl\u00fc\u2026 Toplum \u015fimdi de se\u00e7im dalgas\u0131nda. Bak\u0131rk\u00f6y\u2019de bo\u015falan belediye ba\u015fkanl\u0131\u011f\u0131 koltu\u011fu i\u00e7in se\u00e7im yap\u0131l\u0131yor. Se\u00e7men listelerinin bilgisayara girilmesi ve il\u00e7ede 12 bin Ermeni oyu oldu\u011funun g\u00f6r\u00fclmesi \u00fczerine se\u00e7im otob\u00fcslerinden Ermenice \u015fark\u0131lar y\u00fckseliyor. Makbul olmayan yurtta\u015flar k\u0131ymete binmi\u015f. B\u00fcy\u00fck\u015fehir Belediye Ba\u015fkan\u0131 ve Bakanlar dahil, \u00e7e\u015fitli siyasiler cemaat vak\u0131flar\u0131na ziyaret \u00fczerine ziyaret yap\u0131yor. ANAP aday\u0131 \u201cSizin sorunlar\u0131n\u0131z\u0131 biliyorum,\u201d diyor. DYP\u2019ninki \u201cBak\u0131rk\u00f6y mozayi\u011fi muhafaza edilecek,\u201d demi\u015f se\u00e7menlerine. Refah Partisi\u2019nin ba\u015fkan aday\u0131 Kadir Topba\u015f. O da 100 bin a\u011fa\u00e7 ve i\u00e7me suyu \u00e7e\u015fmeleri vadediyor.<\/p>\n<p>Bu furyada Tansu \u00c7iller de eksik kalmam\u0131\u015f. \u00d6nceki y\u0131l \u201cPKK\u2019l\u0131lar asl\u0131nda Ermeni\u2019dir\u201d diyen DYP Genel Ba\u015fkan\u0131 \u00c7iller beraberinde bakanlar, milletvekilleri ve belediye ba\u015fkanlar\u0131 ile birlikte, Bak\u0131rk\u00f6y i\u00e7in oy istemek \u00fczere Surp P\u0131rgi\u00e7 hastanesini ziyaret etmi\u015f, muhtemelen \u2018karde\u015flik\u2019 filan demi\u015f, hep birlikte ne\u015feli bir poz vermi\u015fler objektife.<br \/>\n<strong>Teess\u00fcf ediyoruz, hep edece\u011fiz!<\/strong><br \/>\nGeldik Haziran\u2019a. \u0130stanbul bu kez Habitat II toplant\u0131s\u0131na sahne oluyor. Bu toplant\u0131da Ermeni toplumu da \u00e7e\u015fitli k\u00fclt\u00fcrel etkinliklerle, kar\u0131nca karar\u0131nca yer al\u0131yor. Yaln\u0131z bir sorun var. Resmi program\u0131n bir par\u00e7as\u0131 olarak tasarlanan, \u00fczerine pek bir titizlenilen \u201cLirik Tarih\u201d ba\u015fl\u0131kl\u0131 b\u00fcy\u00fck prod\u00fcksiyonda sahnede kimi ararsan\u0131z var, bir tek Ermeniler ve K\u00fcrtler yok.<\/p>\n<p>Agos durur mu? \u201cTeess\u00fcf ediyoruz!\u201d hemen. Cevab\u0131 iyi biliyoruz da, yine de soruyoruz i\u015fte: \u201cMadem \u0130stanbul\u2019un \u00e7ok k\u00fclt\u00fcrl\u00fc niteli\u011fini yans\u0131tmak \u00fczere Yahudiler, \u00c7ingeneler, Rumlar da dahil bir\u00e7ok etnik grubun m\u00fczikleri var, biz niye yokuz?\u201d Ard\u0131ndan Devlet Opera ve Balesi y\u00f6netimine hat\u0131rlat\u0131yoruz bir bir: Afedersiniz ama T\u00fcrkiye\u2019de ilk opera toplulu\u011funu kuran, ilk T\u00fcrk operetini besteleyen Dikran \u00c7uhac\u0131yan Ermeni\u2019d\u0131r. \u201cGamzedeyim Deva Bulmam\u201d gibi \u00f6l\u00fcms\u00fcz bir\u00e7ok eserin bestecisi Kanuni Tatyos Efendi Ermeni\u2019dir. \u0130stiklal Mar\u015f\u0131\u2019n\u0131 armonize eden, Dar\u00fclelhan\u2019\u0131n Koro ve Orkestra y\u00f6netmeni Edgar Manas Ermeni\u2019dir. T\u00fcrk pop m\u00fczi\u011fi tarihine imza atm\u0131\u015f bestecisi ve aranj\u00f6r Onno Tun\u00e7 da Ermeni\u2019dir.<br \/>\n<strong>25 y\u0131l \u00f6nce 25 y\u0131l sonra<\/strong><br \/>\nG\u00f6r\u00fcld\u00fc\u011f\u00fc gibi asl\u0131nda pek bir \u015fey de\u011fi\u015fmiyor. Bu filmin sonu yok ger\u00e7i ama bug\u00fcnk\u00fc durumu tarihe not d\u00fc\u015febiliriz belki\u2026 25 y\u0131l sonra a\u00e7ar bakar\u0131z.<br \/>\n<em>Ey\u00fcp Kilisesi\u2019nin arazisi kamula\u015ft\u0131r\u0131lamad\u0131. Vakf\u0131n dava etmesi \u00fczerine \u0130dare Mahkemesi karar\u0131 iptal etti. Ey\u00fcp Belediyesi bu ay\u0131b\u0131 s\u00fcrd\u00fcrmek i\u00e7in y\u0131llarca \u00e7aba harcad\u0131, karar\u0131 temyize g\u00f6nderdi, ama bu kez de Dan\u0131\u015ftay onad\u0131. Bu s\u00fcre\u00e7te y\u0131llar ge\u00e7ti, \u015fimdi belediye vakf\u0131n ebedi kirac\u0131s\u0131, m\u00fclk\u00fc istedi\u011fi gibi kullan\u0131yor. \/ Gedikpa\u015fa Kilisesi davas\u0131ndan hi\u00e7bir sonu\u00e7 al\u0131namad\u0131. Uzunca bir s\u00fcredir vak\u0131flar\u0131n hi\u00e7 biri adaylar\u0131n ik\u00e2met adresi meselesiyle u\u011fra\u015facak durumda de\u011fil, bu konu art\u0131k l\u00fcks oldu, \u00e7\u00fcnk\u00fc se\u00e7im yapma haklar\u0131 t\u00fcmden ellerinden al\u0131nd\u0131. Vak\u0131flar Genel M\u00fcd\u00fcrl\u00fc\u011f\u00fc \u00f6nce bir s\u00fcre se\u00e7im ba\u015fvurular\u0131na yan\u0131t vermedi, daha sonra \u201cyenisini yapacaklar\u0131\u201d gerek\u00e7esiyle var olan se\u00e7im y\u00f6netmeli\u011fini iptal etti. Yakla\u015f\u0131k 10 y\u0131ld\u0131r \u201cyenisi\u201d yap\u0131lmad\u0131, bug\u00fcn-yar\u0131n diye oyalan\u0131yor. \/ Ferman Toroslar\u2019\u0131n Bitlis Mutki\u2019de ba\u015flayan ya\u015fam ser\u00fcveni ise memleket hasretiyle New Jersey\u2019de \u00e7oktan sona erdi. \/ Kartal kilisesinin bah\u00e7esi bug\u00fcn art\u0131k yok. \/ Vazgen I\u2019in dikti\u011fi bar\u0131\u015fa adanm\u0131\u015f t\u00fcm mumlar eridi s\u00f6nd\u00fc, bar\u0131\u015f havas\u0131n\u0131 koklayamadan ya\u015fama veda etti. \/ Kadir Topba\u015f Bak\u0131rk\u00f6y\u2019de Belediye Ba\u015fkan\u0131 se\u00e7ilemedi ama daha sonra \u0130stanbul\u2019un B\u00fcy\u00fck\u015fehir Belediye Ba\u015fkan\u0131 oldu. \u0130stanbul\u2019un a\u011fa\u00e7lar\u0131 elbirli\u011fiyle hunharca yok edildi. \/ Karaba\u011f\u2019daki tansiyon hi\u00e7 dinmedi, en sonunda korkun\u00e7 bir sava\u015fla her iki taraftan binlerce gen\u00e7 fidana mezar oldu.<\/em><br \/>\nVe\u2026 Dirili\u015f ruhu h\u00e2l\u00e2 diri. Bu y\u0131l Hisus\u2019un dirili\u015fini 2021\u2019ci kez kutluyoruz. Agos\u2019un 25. y\u0131ld\u00f6n\u00fcm\u00fc ile beraber\u2026<\/p>\n<p><strong><em>http:\/\/www.agos.com.tr\/tr\/yazi\/25525\/25-yil-once-25-yil-sonra<\/em><\/strong><\/p>\n","protected":false},"excerpt":{"rendered":"<p>Anna Turay\u00a0 \u0130\u015fte 25 y\u0131l \u00f6ncesinde, Agos\u2019un ilk 2,5 ay\u0131nda yaz\u0131 i\u015fleri masas\u0131n\u0131n \u00fczerinde duran en yak\u0131c\u0131 haber konular\u0131\u2026 \u0130lk 10 gazetede i\u015flenen, bug\u00fcn de i\u015flense \u201cg\u00fcncel\u201d olacak konular\u2026 Agos\u2019un ilk say\u0131s\u0131, ilk man\u015feti ve ilk ba\u015fyaz\u0131s\u0131, asl\u0131nda t\u00fcm varolu\u015fu, \u2018dirili\u015f ruhu\u2019na olan inanc\u0131m\u0131z\u0131n ifadesidir. \u0130lk say\u0131n\u0131n, tam da Hisus\u2019un dirili\u015finin 1996\u2019nc\u0131 kez kutland\u0131\u011f\u0131 bir [&hellip;]<\/p>\n","protected":false},"author":7,"featured_media":62261,"comment_status":"open","ping_status":"open","sticky":false,"template":"","format":"standard","meta":{"footnotes":""},"categories":[1,70,20],"tags":[],"class_list":["post-62260","post","type-post","status-publish","format-standard","has-post-thumbnail","hentry","category-haberler","category-makaleler","category-tarih-sayfalari"],"yoast_head":"<!-- This site is optimized with the Yoast SEO plugin v27.4 - https:\/\/yoast.com\/product\/yoast-seo-wordpress\/ -->\n<title>25 y\u0131l \u00f6nce, 25 y\u0131l sonra - Bati Ermenistan Ve Bati Ermenileri Sorunlari Ara\u015ftirmalar Merkezi<\/title>\n<meta name=\"robots\" content=\"index, follow, max-snippet:-1, max-image-preview:large, max-video-preview:-1\" \/>\n<link rel=\"canonical\" href=\"https:\/\/akunq.net\/tr\/?p=62260\" \/>\n<meta property=\"og:locale\" content=\"en_US\" \/>\n<meta property=\"og:type\" content=\"article\" \/>\n<meta property=\"og:title\" content=\"25 y\u0131l \u00f6nce, 25 y\u0131l sonra - Bati Ermenistan Ve Bati Ermenileri Sorunlari Ara\u015ftirmalar Merkezi\" \/>\n<meta property=\"og:description\" content=\"Anna Turay\u00a0 \u0130\u015fte 25 y\u0131l \u00f6ncesinde, Agos\u2019un ilk 2,5 ay\u0131nda yaz\u0131 i\u015fleri masas\u0131n\u0131n \u00fczerinde duran en yak\u0131c\u0131 haber konular\u0131\u2026 \u0130lk 10 gazetede i\u015flenen, bug\u00fcn de i\u015flense \u201cg\u00fcncel\u201d olacak konular\u2026 Agos\u2019un ilk say\u0131s\u0131, ilk man\u015feti ve ilk ba\u015fyaz\u0131s\u0131, asl\u0131nda t\u00fcm varolu\u015fu, \u2018dirili\u015f ruhu\u2019na olan inanc\u0131m\u0131z\u0131n ifadesidir. \u0130lk say\u0131n\u0131n, tam da Hisus\u2019un dirili\u015finin 1996\u2019nc\u0131 kez kutland\u0131\u011f\u0131 bir [&hellip;]\" \/>\n<meta property=\"og:url\" content=\"https:\/\/akunq.net\/tr\/?p=62260\" \/>\n<meta property=\"og:site_name\" content=\"Bati Ermenistan Ve Bati Ermenileri Sorunlari Ara\u015ftirmalar Merkezi\" \/>\n<meta property=\"article:published_time\" content=\"2021-04-06T10:21:50+00:00\" \/>\n<meta property=\"og:image\" content=\"https:\/\/akunq.net\/tr\/wp-content\/uploads\/sites\/6\/2021\/04\/Agosun-kurucu-ekibi-scaled.jpg\" \/>\n\t<meta property=\"og:image:width\" content=\"2560\" \/>\n\t<meta property=\"og:image:height\" content=\"1793\" \/>\n\t<meta property=\"og:image:type\" content=\"image\/jpeg\" \/>\n<meta name=\"author\" content=\"admin\" \/>\n<meta name=\"twitter:card\" content=\"summary_large_image\" \/>\n<meta name=\"twitter:label1\" content=\"Written by\" \/>\n\t<meta name=\"twitter:data1\" content=\"admin\" \/>\n\t<meta name=\"twitter:label2\" content=\"Est. reading time\" \/>\n\t<meta name=\"twitter:data2\" content=\"10 minutes\" \/>\n<script type=\"application\/ld+json\" class=\"yoast-schema-graph\">{\"@context\":\"https:\\\/\\\/schema.org\",\"@graph\":[{\"@type\":\"Article\",\"@id\":\"https:\\\/\\\/akunq.net\\\/tr\\\/?p=62260#article\",\"isPartOf\":{\"@id\":\"https:\\\/\\\/akunq.net\\\/tr\\\/?p=62260\"},\"author\":{\"name\":\"admin\",\"@id\":\"https:\\\/\\\/akunq.net\\\/tr\\\/#\\\/schema\\\/person\\\/096f1d38a12cce57fb855b485ed24c9e\"},\"headline\":\"25 y\u0131l \u00f6nce, 25 y\u0131l sonra\",\"datePublished\":\"2021-04-06T10:21:50+00:00\",\"mainEntityOfPage\":{\"@id\":\"https:\\\/\\\/akunq.net\\\/tr\\\/?p=62260\"},\"wordCount\":2069,\"commentCount\":0,\"image\":{\"@id\":\"https:\\\/\\\/akunq.net\\\/tr\\\/?p=62260#primaryimage\"},\"thumbnailUrl\":\"https:\\\/\\\/akunq.net\\\/tr\\\/wp-content\\\/uploads\\\/sites\\\/6\\\/2021\\\/04\\\/Agosun-kurucu-ekibi-scaled.jpg\",\"articleSection\":[\"Haberler\",\"Makaleler\",\"Tarih Sayfalar\u0131\"],\"inLanguage\":\"en-US\",\"potentialAction\":[{\"@type\":\"CommentAction\",\"name\":\"Comment\",\"target\":[\"https:\\\/\\\/akunq.net\\\/tr\\\/?p=62260#respond\"]}]},{\"@type\":\"WebPage\",\"@id\":\"https:\\\/\\\/akunq.net\\\/tr\\\/?p=62260\",\"url\":\"https:\\\/\\\/akunq.net\\\/tr\\\/?p=62260\",\"name\":\"25 y\u0131l \u00f6nce, 25 y\u0131l sonra - Bati Ermenistan Ve Bati Ermenileri Sorunlari Ara\u015ftirmalar Merkezi\",\"isPartOf\":{\"@id\":\"https:\\\/\\\/akunq.net\\\/tr\\\/#website\"},\"primaryImageOfPage\":{\"@id\":\"https:\\\/\\\/akunq.net\\\/tr\\\/?p=62260#primaryimage\"},\"image\":{\"@id\":\"https:\\\/\\\/akunq.net\\\/tr\\\/?p=62260#primaryimage\"},\"thumbnailUrl\":\"https:\\\/\\\/akunq.net\\\/tr\\\/wp-content\\\/uploads\\\/sites\\\/6\\\/2021\\\/04\\\/Agosun-kurucu-ekibi-scaled.jpg\",\"datePublished\":\"2021-04-06T10:21:50+00:00\",\"author\":{\"@id\":\"https:\\\/\\\/akunq.net\\\/tr\\\/#\\\/schema\\\/person\\\/096f1d38a12cce57fb855b485ed24c9e\"},\"breadcrumb\":{\"@id\":\"https:\\\/\\\/akunq.net\\\/tr\\\/?p=62260#breadcrumb\"},\"inLanguage\":\"en-US\",\"potentialAction\":[{\"@type\":\"ReadAction\",\"target\":[\"https:\\\/\\\/akunq.net\\\/tr\\\/?p=62260\"]}]},{\"@type\":\"ImageObject\",\"inLanguage\":\"en-US\",\"@id\":\"https:\\\/\\\/akunq.net\\\/tr\\\/?p=62260#primaryimage\",\"url\":\"https:\\\/\\\/akunq.net\\\/tr\\\/wp-content\\\/uploads\\\/sites\\\/6\\\/2021\\\/04\\\/Agosun-kurucu-ekibi-scaled.jpg\",\"contentUrl\":\"https:\\\/\\\/akunq.net\\\/tr\\\/wp-content\\\/uploads\\\/sites\\\/6\\\/2021\\\/04\\\/Agosun-kurucu-ekibi-scaled.jpg\",\"width\":2560,\"height\":1793},{\"@type\":\"BreadcrumbList\",\"@id\":\"https:\\\/\\\/akunq.net\\\/tr\\\/?p=62260#breadcrumb\",\"itemListElement\":[{\"@type\":\"ListItem\",\"position\":1,\"name\":\"Home\",\"item\":\"https:\\\/\\\/akunq.net\\\/tr\"},{\"@type\":\"ListItem\",\"position\":2,\"name\":\"25 y\u0131l \u00f6nce, 25 y\u0131l sonra\"}]},{\"@type\":\"WebSite\",\"@id\":\"https:\\\/\\\/akunq.net\\\/tr\\\/#website\",\"url\":\"https:\\\/\\\/akunq.net\\\/tr\\\/\",\"name\":\"Bati Ermenistan Ve Bati Ermenileri Sorunlari Ara\u015ftirmalar Merkezi\",\"description\":\"\",\"potentialAction\":[{\"@type\":\"SearchAction\",\"target\":{\"@type\":\"EntryPoint\",\"urlTemplate\":\"https:\\\/\\\/akunq.net\\\/tr\\\/?s={search_term_string}\"},\"query-input\":{\"@type\":\"PropertyValueSpecification\",\"valueRequired\":true,\"valueName\":\"search_term_string\"}}],\"inLanguage\":\"en-US\"},{\"@type\":\"Person\",\"@id\":\"https:\\\/\\\/akunq.net\\\/tr\\\/#\\\/schema\\\/person\\\/096f1d38a12cce57fb855b485ed24c9e\",\"name\":\"admin\",\"url\":\"https:\\\/\\\/akunq.net\\\/tr\\\/?author=7\"}]}<\/script>\n<!-- \/ Yoast SEO plugin. -->","yoast_head_json":{"title":"25 y\u0131l \u00f6nce, 25 y\u0131l sonra - Bati Ermenistan Ve Bati Ermenileri Sorunlari Ara\u015ftirmalar Merkezi","robots":{"index":"index","follow":"follow","max-snippet":"max-snippet:-1","max-image-preview":"max-image-preview:large","max-video-preview":"max-video-preview:-1"},"canonical":"https:\/\/akunq.net\/tr\/?p=62260","og_locale":"en_US","og_type":"article","og_title":"25 y\u0131l \u00f6nce, 25 y\u0131l sonra - Bati Ermenistan Ve Bati Ermenileri Sorunlari Ara\u015ftirmalar Merkezi","og_description":"Anna Turay\u00a0 \u0130\u015fte 25 y\u0131l \u00f6ncesinde, Agos\u2019un ilk 2,5 ay\u0131nda yaz\u0131 i\u015fleri masas\u0131n\u0131n \u00fczerinde duran en yak\u0131c\u0131 haber konular\u0131\u2026 \u0130lk 10 gazetede i\u015flenen, bug\u00fcn de i\u015flense \u201cg\u00fcncel\u201d olacak konular\u2026 Agos\u2019un ilk say\u0131s\u0131, ilk man\u015feti ve ilk ba\u015fyaz\u0131s\u0131, asl\u0131nda t\u00fcm varolu\u015fu, \u2018dirili\u015f ruhu\u2019na olan inanc\u0131m\u0131z\u0131n ifadesidir. \u0130lk say\u0131n\u0131n, tam da Hisus\u2019un dirili\u015finin 1996\u2019nc\u0131 kez kutland\u0131\u011f\u0131 bir [&hellip;]","og_url":"https:\/\/akunq.net\/tr\/?p=62260","og_site_name":"Bati Ermenistan Ve Bati Ermenileri Sorunlari Ara\u015ftirmalar Merkezi","article_published_time":"2021-04-06T10:21:50+00:00","og_image":[{"width":2560,"height":1793,"url":"https:\/\/akunq.net\/tr\/wp-content\/uploads\/sites\/6\/2021\/04\/Agosun-kurucu-ekibi-scaled.jpg","type":"image\/jpeg"}],"author":"admin","twitter_card":"summary_large_image","twitter_misc":{"Written by":"admin","Est. reading time":"10 minutes"},"schema":{"@context":"https:\/\/schema.org","@graph":[{"@type":"Article","@id":"https:\/\/akunq.net\/tr\/?p=62260#article","isPartOf":{"@id":"https:\/\/akunq.net\/tr\/?p=62260"},"author":{"name":"admin","@id":"https:\/\/akunq.net\/tr\/#\/schema\/person\/096f1d38a12cce57fb855b485ed24c9e"},"headline":"25 y\u0131l \u00f6nce, 25 y\u0131l sonra","datePublished":"2021-04-06T10:21:50+00:00","mainEntityOfPage":{"@id":"https:\/\/akunq.net\/tr\/?p=62260"},"wordCount":2069,"commentCount":0,"image":{"@id":"https:\/\/akunq.net\/tr\/?p=62260#primaryimage"},"thumbnailUrl":"https:\/\/akunq.net\/tr\/wp-content\/uploads\/sites\/6\/2021\/04\/Agosun-kurucu-ekibi-scaled.jpg","articleSection":["Haberler","Makaleler","Tarih Sayfalar\u0131"],"inLanguage":"en-US","potentialAction":[{"@type":"CommentAction","name":"Comment","target":["https:\/\/akunq.net\/tr\/?p=62260#respond"]}]},{"@type":"WebPage","@id":"https:\/\/akunq.net\/tr\/?p=62260","url":"https:\/\/akunq.net\/tr\/?p=62260","name":"25 y\u0131l \u00f6nce, 25 y\u0131l sonra - Bati Ermenistan Ve Bati Ermenileri Sorunlari Ara\u015ftirmalar Merkezi","isPartOf":{"@id":"https:\/\/akunq.net\/tr\/#website"},"primaryImageOfPage":{"@id":"https:\/\/akunq.net\/tr\/?p=62260#primaryimage"},"image":{"@id":"https:\/\/akunq.net\/tr\/?p=62260#primaryimage"},"thumbnailUrl":"https:\/\/akunq.net\/tr\/wp-content\/uploads\/sites\/6\/2021\/04\/Agosun-kurucu-ekibi-scaled.jpg","datePublished":"2021-04-06T10:21:50+00:00","author":{"@id":"https:\/\/akunq.net\/tr\/#\/schema\/person\/096f1d38a12cce57fb855b485ed24c9e"},"breadcrumb":{"@id":"https:\/\/akunq.net\/tr\/?p=62260#breadcrumb"},"inLanguage":"en-US","potentialAction":[{"@type":"ReadAction","target":["https:\/\/akunq.net\/tr\/?p=62260"]}]},{"@type":"ImageObject","inLanguage":"en-US","@id":"https:\/\/akunq.net\/tr\/?p=62260#primaryimage","url":"https:\/\/akunq.net\/tr\/wp-content\/uploads\/sites\/6\/2021\/04\/Agosun-kurucu-ekibi-scaled.jpg","contentUrl":"https:\/\/akunq.net\/tr\/wp-content\/uploads\/sites\/6\/2021\/04\/Agosun-kurucu-ekibi-scaled.jpg","width":2560,"height":1793},{"@type":"BreadcrumbList","@id":"https:\/\/akunq.net\/tr\/?p=62260#breadcrumb","itemListElement":[{"@type":"ListItem","position":1,"name":"Home","item":"https:\/\/akunq.net\/tr"},{"@type":"ListItem","position":2,"name":"25 y\u0131l \u00f6nce, 25 y\u0131l sonra"}]},{"@type":"WebSite","@id":"https:\/\/akunq.net\/tr\/#website","url":"https:\/\/akunq.net\/tr\/","name":"Bati Ermenistan Ve Bati Ermenileri Sorunlari Ara\u015ftirmalar Merkezi","description":"","potentialAction":[{"@type":"SearchAction","target":{"@type":"EntryPoint","urlTemplate":"https:\/\/akunq.net\/tr\/?s={search_term_string}"},"query-input":{"@type":"PropertyValueSpecification","valueRequired":true,"valueName":"search_term_string"}}],"inLanguage":"en-US"},{"@type":"Person","@id":"https:\/\/akunq.net\/tr\/#\/schema\/person\/096f1d38a12cce57fb855b485ed24c9e","name":"admin","url":"https:\/\/akunq.net\/tr\/?author=7"}]}},"_links":{"self":[{"href":"https:\/\/akunq.net\/tr\/index.php?rest_route=\/wp\/v2\/posts\/62260","targetHints":{"allow":["GET"]}}],"collection":[{"href":"https:\/\/akunq.net\/tr\/index.php?rest_route=\/wp\/v2\/posts"}],"about":[{"href":"https:\/\/akunq.net\/tr\/index.php?rest_route=\/wp\/v2\/types\/post"}],"author":[{"embeddable":true,"href":"https:\/\/akunq.net\/tr\/index.php?rest_route=\/wp\/v2\/users\/7"}],"replies":[{"embeddable":true,"href":"https:\/\/akunq.net\/tr\/index.php?rest_route=%2Fwp%2Fv2%2Fcomments&post=62260"}],"version-history":[{"count":1,"href":"https:\/\/akunq.net\/tr\/index.php?rest_route=\/wp\/v2\/posts\/62260\/revisions"}],"predecessor-version":[{"id":62262,"href":"https:\/\/akunq.net\/tr\/index.php?rest_route=\/wp\/v2\/posts\/62260\/revisions\/62262"}],"wp:featuredmedia":[{"embeddable":true,"href":"https:\/\/akunq.net\/tr\/index.php?rest_route=\/wp\/v2\/media\/62261"}],"wp:attachment":[{"href":"https:\/\/akunq.net\/tr\/index.php?rest_route=%2Fwp%2Fv2%2Fmedia&parent=62260"}],"wp:term":[{"taxonomy":"category","embeddable":true,"href":"https:\/\/akunq.net\/tr\/index.php?rest_route=%2Fwp%2Fv2%2Fcategories&post=62260"},{"taxonomy":"post_tag","embeddable":true,"href":"https:\/\/akunq.net\/tr\/index.php?rest_route=%2Fwp%2Fv2%2Ftags&post=62260"}],"curies":[{"name":"wp","href":"https:\/\/api.w.org\/{rel}","templated":true}]}}