{"id":62250,"date":"2021-04-06T02:52:16","date_gmt":"2021-04-06T07:52:16","guid":{"rendered":"https:\/\/akunq.net\/tr\/?p=62250"},"modified":"2021-04-06T02:52:16","modified_gmt":"2021-04-06T07:52:16","slug":"definecilerin-hedefindeki-van-kalesi-kaderine-terk-edildi","status":"publish","type":"post","link":"https:\/\/akunq.net\/tr\/?p=62250","title":{"rendered":"Definecilerin hedefindeki Van Kalesi kaderine terk edildi"},"content":{"rendered":"<p><img loading=\"lazy\" decoding=\"async\" class=\"aligncenter size-medium wp-image-62251\" src=\"https:\/\/akunq.net\/tr\/wp-content\/uploads\/2021\/04\/Van-Kalesi-360x188.jpg\" alt=\"\" width=\"360\" height=\"188\" srcset=\"https:\/\/akunq.net\/tr\/wp-content\/uploads\/sites\/6\/2021\/04\/Van-Kalesi-360x188.jpg 360w, https:\/\/akunq.net\/tr\/wp-content\/uploads\/sites\/6\/2021\/04\/Van-Kalesi-768x402.jpg 768w, https:\/\/akunq.net\/tr\/wp-content\/uploads\/sites\/6\/2021\/04\/Van-Kalesi-560x293.jpg 560w, https:\/\/akunq.net\/tr\/wp-content\/uploads\/sites\/6\/2021\/04\/Van-Kalesi-260x136.jpg 260w, https:\/\/akunq.net\/tr\/wp-content\/uploads\/sites\/6\/2021\/04\/Van-Kalesi-160x84.jpg 160w, https:\/\/akunq.net\/tr\/wp-content\/uploads\/sites\/6\/2021\/04\/Van-Kalesi.jpg 1200w\" sizes=\"auto, (max-width: 360px) 100vw, 360px\" \/><\/p>\n<p><em><strong>UNESCO\u2019nun Ge\u00e7ici D\u00fcnya Miras Listesi\u2019ne giren Van Kalesi ve \u00e7evresindeki tarihi yap\u0131lar define arayan ki\u015filerce tahrip edildi. Kalenin betonla restore edilen b\u00f6l\u00fcmlerinde \u00e7\u00f6kmeler ya\u015fand\u0131.<\/strong><\/em><\/p>\n<p>Urartular d\u00f6neminde in\u015fa edilen ve bug\u00fcne kadar bir\u00e7ok medeniyete ev sahipli\u011fi yapan Van Kalesi ve etraf\u0131ndaki tarihi yap\u0131lar kaderine terk edilmi\u015f durumda. 2016 y\u0131l\u0131nda Birle\u015fmi\u015f Milletler E\u011fitim, Bilim ve K\u00fclt\u00fcr \u00d6rg\u00fct\u00fcn\u00fcn (UNESCO) \u201cGe\u00e7ici D\u00fcnya Miras Listesi\u2019ne giren kale ve tarihi yap\u0131lar hem define arayan ki\u015filer taraf\u0131ndan tahrip ediliyor hem de \u00e7\u00f6plerle kirletiliyor.<\/p>\n<p>Her y\u0131l binlerce ki\u015finin ziyaret etti\u011fi kale ve tarihi yap\u0131lar, 2010 y\u0131l\u0131nda K\u00fclt\u00fcr Bakanl\u0131\u011f\u0131 taraf\u0131ndan 2 milyon TL harcanarak restore edildi. Ancak s\u00f6z konusu restorasyon sonras\u0131 kale eski dokusunu kaybetti. Kalenin betonla restore edilen b\u00f6l\u00fcmlerinde y\u0131llar sonra \u00e7\u00f6kmeler meydana geldi. Bunun yan\u0131 s\u0131ra son y\u0131llarda kalenin bir\u00e7ok yeri define arayan ki\u015filer taraf\u0131ndan tahrip edildi. \u00d6zellikle g\u00fcney k\u0131sm\u0131nda yo\u011funla\u015fan ve derinli\u011fi 3 metreyi bulan kaz\u0131lar nedeniyle kalenin bir\u00e7ok b\u00f6l\u00fcm\u00fc zarar g\u00f6rm\u00fc\u015f durumda.<\/p>\n<p><strong>TA\u015eLAR D\u00d6K\u00dcL\u00dcYOR<\/strong><\/p>\n<p>Yine kalenin g\u00fcney yakas\u0131nda yer alan ve \u201cEski Van \u015eehri\u201d olarak adland\u0131r\u0131lan b\u00f6lgedeki tarihi yap\u0131lar da y\u0131k\u0131lmaya y\u00fcz tutmu\u015f durumda. Ulu Camii ba\u015fta olmak \u00fczere bir\u00e7ok yap\u0131n\u0131n ta\u015flar\u0131 tek tek d\u00f6k\u00fcl\u00fcyor. S\u00f6z konusu duruma kar\u015f\u0131 herhangi bir \u00f6nlem al\u0131nmazken, yetkililer sadece d\u00f6k\u00fclen ta\u015flar\u0131 belli bir alanda toplamakla yetiniyor.<\/p>\n<p>Kale ve tarihi yap\u0131lar\u0131n bulundu\u011fu b\u00f6lgedeki ba\u015fl\u0131ca sorunlar\u0131n ba\u015f\u0131nda ise kirlilik geliyor. Kalenin neredeyse her noktas\u0131, ziyaret\u00e7iler taraf\u0131ndan yerlere at\u0131lan maske, plastik su petleri, alkol \u015fi\u015feleri, \u00e7ekirdek kabuklar\u0131 ve po\u015fetlerle kirletiliyor. Kimi yerlerde k\u00f6t\u00fc kokular\u0131n y\u00fckselmesine neden olan \u00e7\u00f6pler ise toplanm\u0131yor.<\/p>\n<p>Bunun yan\u0131 s\u0131ra kalenin duvarlar\u0131 ve tarihi yap\u0131lar \u00fczerindeki yaz\u0131lamalar ise her ge\u00e7en g\u00fcn daha da art\u0131yor.<\/p>\n<hr \/>\n<p><em><strong><a href=\"https:\/\/www.evrensel.net\/haber\/429804\/definecilerin-hedefindeki-van-kalesi-kaderine-terk-edildi\" target=\"_blank\" rel=\"noopener noreferrer\">Evrensel Gazetesi<\/a>\u00a0<\/strong><\/em><\/p>\n","protected":false},"excerpt":{"rendered":"<p>UNESCO\u2019nun Ge\u00e7ici D\u00fcnya Miras Listesi\u2019ne giren Van Kalesi ve \u00e7evresindeki tarihi yap\u0131lar define arayan ki\u015filerce tahrip edildi. Kalenin betonla restore edilen b\u00f6l\u00fcmlerinde \u00e7\u00f6kmeler ya\u015fand\u0131. Urartular d\u00f6neminde in\u015fa edilen ve bug\u00fcne kadar bir\u00e7ok medeniyete ev sahipli\u011fi yapan Van Kalesi ve etraf\u0131ndaki tarihi yap\u0131lar kaderine terk edilmi\u015f durumda. 2016 y\u0131l\u0131nda Birle\u015fmi\u015f Milletler E\u011fitim, Bilim ve K\u00fclt\u00fcr \u00d6rg\u00fct\u00fcn\u00fcn [&hellip;]<\/p>\n","protected":false},"author":7,"featured_media":62251,"comment_status":"open","ping_status":"open","sticky":false,"template":"","format":"standard","meta":{"footnotes":""},"categories":[22,1],"tags":[],"class_list":["post-62250","post","type-post","status-publish","format-standard","has-post-thumbnail","hentry","category-gunumuzde-bati-ermenistan","category-haberler"],"yoast_head":"<!-- This site is optimized with the Yoast SEO plugin v27.4 - https:\/\/yoast.com\/product\/yoast-seo-wordpress\/ -->\n<title>Definecilerin hedefindeki Van Kalesi kaderine terk edildi - Bati Ermenistan Ve Bati Ermenileri Sorunlari Ara\u015ftirmalar Merkezi<\/title>\n<meta name=\"robots\" content=\"index, follow, max-snippet:-1, max-image-preview:large, max-video-preview:-1\" \/>\n<link rel=\"canonical\" href=\"https:\/\/akunq.net\/tr\/?p=62250\" \/>\n<meta property=\"og:locale\" content=\"en_US\" \/>\n<meta property=\"og:type\" content=\"article\" \/>\n<meta property=\"og:title\" content=\"Definecilerin hedefindeki Van Kalesi kaderine terk edildi - Bati Ermenistan Ve Bati Ermenileri Sorunlari Ara\u015ftirmalar Merkezi\" \/>\n<meta property=\"og:description\" content=\"UNESCO\u2019nun Ge\u00e7ici D\u00fcnya Miras Listesi\u2019ne giren Van Kalesi ve \u00e7evresindeki tarihi yap\u0131lar define arayan ki\u015filerce tahrip edildi. Kalenin betonla restore edilen b\u00f6l\u00fcmlerinde \u00e7\u00f6kmeler ya\u015fand\u0131. Urartular d\u00f6neminde in\u015fa edilen ve bug\u00fcne kadar bir\u00e7ok medeniyete ev sahipli\u011fi yapan Van Kalesi ve etraf\u0131ndaki tarihi yap\u0131lar kaderine terk edilmi\u015f durumda. 2016 y\u0131l\u0131nda Birle\u015fmi\u015f Milletler E\u011fitim, Bilim ve K\u00fclt\u00fcr \u00d6rg\u00fct\u00fcn\u00fcn [&hellip;]\" \/>\n<meta property=\"og:url\" content=\"https:\/\/akunq.net\/tr\/?p=62250\" \/>\n<meta property=\"og:site_name\" content=\"Bati Ermenistan Ve Bati Ermenileri Sorunlari Ara\u015ftirmalar Merkezi\" \/>\n<meta property=\"article:published_time\" content=\"2021-04-06T07:52:16+00:00\" \/>\n<meta property=\"og:image\" content=\"https:\/\/akunq.net\/tr\/wp-content\/uploads\/sites\/6\/2021\/04\/Van-Kalesi.jpg\" \/>\n\t<meta property=\"og:image:width\" content=\"1200\" \/>\n\t<meta property=\"og:image:height\" content=\"628\" \/>\n\t<meta property=\"og:image:type\" content=\"image\/jpeg\" \/>\n<meta name=\"author\" content=\"admin\" \/>\n<meta name=\"twitter:card\" content=\"summary_large_image\" \/>\n<meta name=\"twitter:label1\" content=\"Written by\" \/>\n\t<meta name=\"twitter:data1\" content=\"admin\" \/>\n\t<meta name=\"twitter:label2\" content=\"Est. reading time\" \/>\n\t<meta name=\"twitter:data2\" content=\"2 minutes\" \/>\n<script type=\"application\/ld+json\" class=\"yoast-schema-graph\">{\"@context\":\"https:\\\/\\\/schema.org\",\"@graph\":[{\"@type\":\"Article\",\"@id\":\"https:\\\/\\\/akunq.net\\\/tr\\\/?p=62250#article\",\"isPartOf\":{\"@id\":\"https:\\\/\\\/akunq.net\\\/tr\\\/?p=62250\"},\"author\":{\"name\":\"admin\",\"@id\":\"https:\\\/\\\/akunq.net\\\/tr\\\/#\\\/schema\\\/person\\\/096f1d38a12cce57fb855b485ed24c9e\"},\"headline\":\"Definecilerin hedefindeki Van Kalesi kaderine terk edildi\",\"datePublished\":\"2021-04-06T07:52:16+00:00\",\"mainEntityOfPage\":{\"@id\":\"https:\\\/\\\/akunq.net\\\/tr\\\/?p=62250\"},\"wordCount\":369,\"commentCount\":0,\"image\":{\"@id\":\"https:\\\/\\\/akunq.net\\\/tr\\\/?p=62250#primaryimage\"},\"thumbnailUrl\":\"https:\\\/\\\/akunq.net\\\/tr\\\/wp-content\\\/uploads\\\/sites\\\/6\\\/2021\\\/04\\\/Van-Kalesi.jpg\",\"articleSection\":[\"G\u00fcn\u00fcm\u00fczde Bat\u0131 Ermenistan\",\"Haberler\"],\"inLanguage\":\"en-US\",\"potentialAction\":[{\"@type\":\"CommentAction\",\"name\":\"Comment\",\"target\":[\"https:\\\/\\\/akunq.net\\\/tr\\\/?p=62250#respond\"]}]},{\"@type\":\"WebPage\",\"@id\":\"https:\\\/\\\/akunq.net\\\/tr\\\/?p=62250\",\"url\":\"https:\\\/\\\/akunq.net\\\/tr\\\/?p=62250\",\"name\":\"Definecilerin hedefindeki Van Kalesi kaderine terk edildi - Bati Ermenistan Ve Bati Ermenileri Sorunlari Ara\u015ftirmalar Merkezi\",\"isPartOf\":{\"@id\":\"https:\\\/\\\/akunq.net\\\/tr\\\/#website\"},\"primaryImageOfPage\":{\"@id\":\"https:\\\/\\\/akunq.net\\\/tr\\\/?p=62250#primaryimage\"},\"image\":{\"@id\":\"https:\\\/\\\/akunq.net\\\/tr\\\/?p=62250#primaryimage\"},\"thumbnailUrl\":\"https:\\\/\\\/akunq.net\\\/tr\\\/wp-content\\\/uploads\\\/sites\\\/6\\\/2021\\\/04\\\/Van-Kalesi.jpg\",\"datePublished\":\"2021-04-06T07:52:16+00:00\",\"author\":{\"@id\":\"https:\\\/\\\/akunq.net\\\/tr\\\/#\\\/schema\\\/person\\\/096f1d38a12cce57fb855b485ed24c9e\"},\"breadcrumb\":{\"@id\":\"https:\\\/\\\/akunq.net\\\/tr\\\/?p=62250#breadcrumb\"},\"inLanguage\":\"en-US\",\"potentialAction\":[{\"@type\":\"ReadAction\",\"target\":[\"https:\\\/\\\/akunq.net\\\/tr\\\/?p=62250\"]}]},{\"@type\":\"ImageObject\",\"inLanguage\":\"en-US\",\"@id\":\"https:\\\/\\\/akunq.net\\\/tr\\\/?p=62250#primaryimage\",\"url\":\"https:\\\/\\\/akunq.net\\\/tr\\\/wp-content\\\/uploads\\\/sites\\\/6\\\/2021\\\/04\\\/Van-Kalesi.jpg\",\"contentUrl\":\"https:\\\/\\\/akunq.net\\\/tr\\\/wp-content\\\/uploads\\\/sites\\\/6\\\/2021\\\/04\\\/Van-Kalesi.jpg\",\"width\":1200,\"height\":628},{\"@type\":\"BreadcrumbList\",\"@id\":\"https:\\\/\\\/akunq.net\\\/tr\\\/?p=62250#breadcrumb\",\"itemListElement\":[{\"@type\":\"ListItem\",\"position\":1,\"name\":\"Home\",\"item\":\"https:\\\/\\\/akunq.net\\\/tr\"},{\"@type\":\"ListItem\",\"position\":2,\"name\":\"Definecilerin hedefindeki Van Kalesi kaderine terk edildi\"}]},{\"@type\":\"WebSite\",\"@id\":\"https:\\\/\\\/akunq.net\\\/tr\\\/#website\",\"url\":\"https:\\\/\\\/akunq.net\\\/tr\\\/\",\"name\":\"Bati Ermenistan Ve Bati Ermenileri Sorunlari Ara\u015ftirmalar Merkezi\",\"description\":\"\",\"potentialAction\":[{\"@type\":\"SearchAction\",\"target\":{\"@type\":\"EntryPoint\",\"urlTemplate\":\"https:\\\/\\\/akunq.net\\\/tr\\\/?s={search_term_string}\"},\"query-input\":{\"@type\":\"PropertyValueSpecification\",\"valueRequired\":true,\"valueName\":\"search_term_string\"}}],\"inLanguage\":\"en-US\"},{\"@type\":\"Person\",\"@id\":\"https:\\\/\\\/akunq.net\\\/tr\\\/#\\\/schema\\\/person\\\/096f1d38a12cce57fb855b485ed24c9e\",\"name\":\"admin\",\"url\":\"https:\\\/\\\/akunq.net\\\/tr\\\/?author=7\"}]}<\/script>\n<!-- \/ Yoast SEO plugin. -->","yoast_head_json":{"title":"Definecilerin hedefindeki Van Kalesi kaderine terk edildi - Bati Ermenistan Ve Bati Ermenileri Sorunlari Ara\u015ftirmalar Merkezi","robots":{"index":"index","follow":"follow","max-snippet":"max-snippet:-1","max-image-preview":"max-image-preview:large","max-video-preview":"max-video-preview:-1"},"canonical":"https:\/\/akunq.net\/tr\/?p=62250","og_locale":"en_US","og_type":"article","og_title":"Definecilerin hedefindeki Van Kalesi kaderine terk edildi - Bati Ermenistan Ve Bati Ermenileri Sorunlari Ara\u015ftirmalar Merkezi","og_description":"UNESCO\u2019nun Ge\u00e7ici D\u00fcnya Miras Listesi\u2019ne giren Van Kalesi ve \u00e7evresindeki tarihi yap\u0131lar define arayan ki\u015filerce tahrip edildi. Kalenin betonla restore edilen b\u00f6l\u00fcmlerinde \u00e7\u00f6kmeler ya\u015fand\u0131. Urartular d\u00f6neminde in\u015fa edilen ve bug\u00fcne kadar bir\u00e7ok medeniyete ev sahipli\u011fi yapan Van Kalesi ve etraf\u0131ndaki tarihi yap\u0131lar kaderine terk edilmi\u015f durumda. 2016 y\u0131l\u0131nda Birle\u015fmi\u015f Milletler E\u011fitim, Bilim ve K\u00fclt\u00fcr \u00d6rg\u00fct\u00fcn\u00fcn [&hellip;]","og_url":"https:\/\/akunq.net\/tr\/?p=62250","og_site_name":"Bati Ermenistan Ve Bati Ermenileri Sorunlari Ara\u015ftirmalar Merkezi","article_published_time":"2021-04-06T07:52:16+00:00","og_image":[{"width":1200,"height":628,"url":"https:\/\/akunq.net\/tr\/wp-content\/uploads\/sites\/6\/2021\/04\/Van-Kalesi.jpg","type":"image\/jpeg"}],"author":"admin","twitter_card":"summary_large_image","twitter_misc":{"Written by":"admin","Est. reading time":"2 minutes"},"schema":{"@context":"https:\/\/schema.org","@graph":[{"@type":"Article","@id":"https:\/\/akunq.net\/tr\/?p=62250#article","isPartOf":{"@id":"https:\/\/akunq.net\/tr\/?p=62250"},"author":{"name":"admin","@id":"https:\/\/akunq.net\/tr\/#\/schema\/person\/096f1d38a12cce57fb855b485ed24c9e"},"headline":"Definecilerin hedefindeki Van Kalesi kaderine terk edildi","datePublished":"2021-04-06T07:52:16+00:00","mainEntityOfPage":{"@id":"https:\/\/akunq.net\/tr\/?p=62250"},"wordCount":369,"commentCount":0,"image":{"@id":"https:\/\/akunq.net\/tr\/?p=62250#primaryimage"},"thumbnailUrl":"https:\/\/akunq.net\/tr\/wp-content\/uploads\/sites\/6\/2021\/04\/Van-Kalesi.jpg","articleSection":["G\u00fcn\u00fcm\u00fczde Bat\u0131 Ermenistan","Haberler"],"inLanguage":"en-US","potentialAction":[{"@type":"CommentAction","name":"Comment","target":["https:\/\/akunq.net\/tr\/?p=62250#respond"]}]},{"@type":"WebPage","@id":"https:\/\/akunq.net\/tr\/?p=62250","url":"https:\/\/akunq.net\/tr\/?p=62250","name":"Definecilerin hedefindeki Van Kalesi kaderine terk edildi - Bati Ermenistan Ve Bati Ermenileri Sorunlari Ara\u015ftirmalar Merkezi","isPartOf":{"@id":"https:\/\/akunq.net\/tr\/#website"},"primaryImageOfPage":{"@id":"https:\/\/akunq.net\/tr\/?p=62250#primaryimage"},"image":{"@id":"https:\/\/akunq.net\/tr\/?p=62250#primaryimage"},"thumbnailUrl":"https:\/\/akunq.net\/tr\/wp-content\/uploads\/sites\/6\/2021\/04\/Van-Kalesi.jpg","datePublished":"2021-04-06T07:52:16+00:00","author":{"@id":"https:\/\/akunq.net\/tr\/#\/schema\/person\/096f1d38a12cce57fb855b485ed24c9e"},"breadcrumb":{"@id":"https:\/\/akunq.net\/tr\/?p=62250#breadcrumb"},"inLanguage":"en-US","potentialAction":[{"@type":"ReadAction","target":["https:\/\/akunq.net\/tr\/?p=62250"]}]},{"@type":"ImageObject","inLanguage":"en-US","@id":"https:\/\/akunq.net\/tr\/?p=62250#primaryimage","url":"https:\/\/akunq.net\/tr\/wp-content\/uploads\/sites\/6\/2021\/04\/Van-Kalesi.jpg","contentUrl":"https:\/\/akunq.net\/tr\/wp-content\/uploads\/sites\/6\/2021\/04\/Van-Kalesi.jpg","width":1200,"height":628},{"@type":"BreadcrumbList","@id":"https:\/\/akunq.net\/tr\/?p=62250#breadcrumb","itemListElement":[{"@type":"ListItem","position":1,"name":"Home","item":"https:\/\/akunq.net\/tr"},{"@type":"ListItem","position":2,"name":"Definecilerin hedefindeki Van Kalesi kaderine terk edildi"}]},{"@type":"WebSite","@id":"https:\/\/akunq.net\/tr\/#website","url":"https:\/\/akunq.net\/tr\/","name":"Bati Ermenistan Ve Bati Ermenileri Sorunlari Ara\u015ftirmalar Merkezi","description":"","potentialAction":[{"@type":"SearchAction","target":{"@type":"EntryPoint","urlTemplate":"https:\/\/akunq.net\/tr\/?s={search_term_string}"},"query-input":{"@type":"PropertyValueSpecification","valueRequired":true,"valueName":"search_term_string"}}],"inLanguage":"en-US"},{"@type":"Person","@id":"https:\/\/akunq.net\/tr\/#\/schema\/person\/096f1d38a12cce57fb855b485ed24c9e","name":"admin","url":"https:\/\/akunq.net\/tr\/?author=7"}]}},"_links":{"self":[{"href":"https:\/\/akunq.net\/tr\/index.php?rest_route=\/wp\/v2\/posts\/62250","targetHints":{"allow":["GET"]}}],"collection":[{"href":"https:\/\/akunq.net\/tr\/index.php?rest_route=\/wp\/v2\/posts"}],"about":[{"href":"https:\/\/akunq.net\/tr\/index.php?rest_route=\/wp\/v2\/types\/post"}],"author":[{"embeddable":true,"href":"https:\/\/akunq.net\/tr\/index.php?rest_route=\/wp\/v2\/users\/7"}],"replies":[{"embeddable":true,"href":"https:\/\/akunq.net\/tr\/index.php?rest_route=%2Fwp%2Fv2%2Fcomments&post=62250"}],"version-history":[{"count":1,"href":"https:\/\/akunq.net\/tr\/index.php?rest_route=\/wp\/v2\/posts\/62250\/revisions"}],"predecessor-version":[{"id":62252,"href":"https:\/\/akunq.net\/tr\/index.php?rest_route=\/wp\/v2\/posts\/62250\/revisions\/62252"}],"wp:featuredmedia":[{"embeddable":true,"href":"https:\/\/akunq.net\/tr\/index.php?rest_route=\/wp\/v2\/media\/62251"}],"wp:attachment":[{"href":"https:\/\/akunq.net\/tr\/index.php?rest_route=%2Fwp%2Fv2%2Fmedia&parent=62250"}],"wp:term":[{"taxonomy":"category","embeddable":true,"href":"https:\/\/akunq.net\/tr\/index.php?rest_route=%2Fwp%2Fv2%2Fcategories&post=62250"},{"taxonomy":"post_tag","embeddable":true,"href":"https:\/\/akunq.net\/tr\/index.php?rest_route=%2Fwp%2Fv2%2Ftags&post=62250"}],"curies":[{"name":"wp","href":"https:\/\/api.w.org\/{rel}","templated":true}]}}