{"id":62247,"date":"2021-04-06T02:43:25","date_gmt":"2021-04-06T07:43:25","guid":{"rendered":"https:\/\/akunq.net\/tr\/?p=62247"},"modified":"2021-04-06T02:43:25","modified_gmt":"2021-04-06T07:43:25","slug":"hristiyanligi-ilk-olarak-benimseyen-mezopotamyanin-kadim-cemaati-suryaniler","status":"publish","type":"post","link":"https:\/\/akunq.net\/tr\/?p=62247","title":{"rendered":"Hristiyanl\u0131\u011f\u0131 \u0130lk Olarak Benimseyen Mezopotamya\u2019n\u0131n Kadim Cemaati: S\u00fcryaniler"},"content":{"rendered":"<p><img loading=\"lazy\" decoding=\"async\" class=\"aligncenter size-medium wp-image-62248\" src=\"https:\/\/akunq.net\/tr\/wp-content\/uploads\/2021\/04\/S\u00fcryaniler-360x202.png\" alt=\"\" width=\"360\" height=\"202\" srcset=\"https:\/\/akunq.net\/tr\/wp-content\/uploads\/sites\/6\/2021\/04\/S\u00fcryaniler-360x202.png 360w, https:\/\/akunq.net\/tr\/wp-content\/uploads\/sites\/6\/2021\/04\/S\u00fcryaniler-768x430.png 768w, https:\/\/akunq.net\/tr\/wp-content\/uploads\/sites\/6\/2021\/04\/S\u00fcryaniler-560x314.png 560w, https:\/\/akunq.net\/tr\/wp-content\/uploads\/sites\/6\/2021\/04\/S\u00fcryaniler-260x146.png 260w, https:\/\/akunq.net\/tr\/wp-content\/uploads\/sites\/6\/2021\/04\/S\u00fcryaniler-160x90.png 160w, https:\/\/akunq.net\/tr\/wp-content\/uploads\/sites\/6\/2021\/04\/S\u00fcryaniler.png 1268w\" sizes=\"auto, (max-width: 360px) 100vw, 360px\" \/><\/p>\n<p><strong><a href=\"https:\/\/onedio.com\/profil\/serhan-fensoy\">G\u00f6rkem K\u0131z\u0131lda\u011f<\/a><\/strong><\/p>\n<p><strong><em>Hep birlikte ve ne g\u00fczel topraklarda ya\u015f\u0131yoruz, can\u0131m kadim Anadolu!<\/em><\/strong><\/p>\n<p><em>Kaynak:\u00a0<a href=\"https:\/\/islamansiklopedisi.org.tr\/suryaniler\" target=\"_blank\" rel=\"noreferrer noopener\">\u0130slam Ansiklopedisi<\/a><\/em><\/p>\n<h2>S\u00fcryani kelimesinin ilk defa ne zaman ortaya \u00e7\u0131kt\u0131\u011f\u0131 kesin olarak bilinmese de 2010 y\u0131l\u0131nda Adana \u00c7ilek\u00f6y\u2019de yap\u0131lan kaz\u0131larda bir tablet bulunur.<\/h2>\n<figure class=\"wp-block-image\"><img decoding=\"async\" src=\"https:\/\/img-s1.onedio.com\/id-60666b8ddddc5539103ff50a\/rev-0\/w-635\/f-jpg-webp\/s-4d881d6e2290fb06824baa56cf357e5f570ba513.webp\" alt=\"S\u00fcryani kelimesinin ilk defa ne zaman ortaya \u00e7\u0131kt\u0131\u011f\u0131 kesin olarak bilinmese de 2010 y\u0131l\u0131nda Adana \u00c7ilek\u00f6y'de yap\u0131lan kaz\u0131larda bir tablet bulunur.\" \/><\/figure>\n<p>Bu 2800 y\u0131ll\u0131k tablette g\u00f6r\u00fcl\u00fcr ki S\u00fcryani ismi kesinlikle Hristiyanl\u0131k\u2019tan eskidir ve Asur\u2019a dayan\u0131r. Yani 6 bin y\u0131ll\u0131k bir ge\u00e7mi\u015fe sahip oldu\u011fu d\u00fc\u015f\u00fcn\u00fclen S\u00fcryaniler, g\u00fcn\u00fcm\u00fczde, Asurlular\u0131n, Kirdanilerin, Babillilerin, S\u00fcmerlerin, Aramilerin devam\u0131 olarak g\u00f6r\u00fcl\u00fcr.<\/p>\n<h2>S\u00fcryanilerin k\u00fclt\u00fcr a\u00e7\u0131s\u0131ndan d\u00f6n\u00fcm noktalar\u0131 tahmin edilece\u011fi \u00fczere Hristiyanl\u0131\u011f\u0131 se\u00e7melerinde yatar.<\/h2>\n<figure class=\"wp-block-image\"><img decoding=\"async\" src=\"https:\/\/img-s2.onedio.com\/id-60666e1c9e7e673f10e545fb\/rev-1\/w-635\/o-45x34\/f-jpg-webp\/s-a1514fca4cb24de8ecb9c200295928db1d9bd627.webp\" alt=\"S\u00fcryanilerin k\u00fclt\u00fcr a\u00e7\u0131s\u0131ndan d\u00f6n\u00fcm noktalar\u0131 tahmin edilece\u011fi \u00fczere Hristiyanl\u0131\u011f\u0131 se\u00e7melerinde yatar.\" \/><\/figure>\n<p>O halde S\u00fcryaniler i\u00e7in Hristiyanl\u0131k \u00f6ncesi ve sonras\u0131 \u00f6nemlidir. Asl\u0131nda Hristiyanl\u0131k \u00f6ncesi d\u00fcnya \u00fczerindeki bir\u00e7ok halk gibi S\u00fcryaniler de \u00e7ok tanr\u0131l\u0131 dine, pagan anlay\u0131\u015fa sahiptirler.<\/p>\n<h2>Ayr\u0131ca S\u00fcryaniler\u2019in Hristiyanl\u0131\u011f\u0131n kadim cemaati olmalar\u0131n\u0131n as\u0131l ve en \u00f6nemli sebebi bu dini benimseyen ilk halk olmalar\u0131.<\/h2>\n<figure class=\"wp-block-image\"><img decoding=\"async\" src=\"https:\/\/img-s1.onedio.com\/id-60666f0e7fee8eda1c553cf8\/rev-0\/w-635\/f-jpg-webp\/s-00271bc5e94225f16f91a594e49e78d28fdce28b.webp\" alt=\"Ayr\u0131ca S\u00fcryaniler'in Hristiyanl\u0131\u011f\u0131n kadim cemaati olmalar\u0131n\u0131n as\u0131l ve en \u00f6nemli sebebi bu dini benimseyen ilk halk olmalar\u0131.\" \/><\/figure>\n<p>Ve S\u00fcryaniler, d\u00fcnya miras\u0131 say\u0131lan bir\u00e7ok \u015fehrin ve \u00f6zellikle Do\u011fu Anadolu\u2019muzdaki g\u00fczel\u00a0<a href=\"https:\/\/onedio.com\/etiket\/diyarbakir\/5040dd7c62704586c6cbd5e4\">Diyarbak\u0131r<\/a>,\u00a0<a href=\"https:\/\/onedio.com\/etiket\/sanliurfa\/5043c69b0228f60917601895\">\u015eanl\u0131urfa<\/a>,\u00a0<a href=\"https:\/\/onedio.com\/etiket\/mardin\/57795d12e2bf6ec2339413af\">Mardin<\/a>\u00a0kurucular\u0131 olarak bilinirler. Unutmadan bu Kadim halk\u0131n dili de d\u00fcnyan\u0131n en eski dillerinden biri say\u0131l\u0131r elbette.<\/p>\n<h2>Peki, T\u00fcrk halk\u0131n\u0131n bir k\u0131sm\u0131n\u0131 da olu\u015fturan ve 4. y\u00fczy\u0131lda \u015fekillenerek 6. y\u00fczy\u0131l\u0131n ortalar\u0131na kadar Do\u011fu Hristiyanl\u0131\u011f\u0131n\u0131n liderli\u011fini elinde bulunduran bu kadim kavmin inan\u00e7 sistemine bakarsak ne g\u00f6r\u00fcr\u00fcz?<\/h2>\n<figure class=\"wp-block-image\"><img decoding=\"async\" src=\"https:\/\/img-s1.onedio.com\/id-6066774451412c0a0fe837ba\/rev-0\/w-635\/f-jpg-webp\/s-41e5299c5eaafcb1e73f0f8d2b4a472362f4554e.webp\" alt=\"Peki, T\u00fcrk halk\u0131n\u0131n bir k\u0131sm\u0131n\u0131 da olu\u015fturan ve 4. y\u00fczy\u0131lda \u015fekillenerek 6. y\u00fczy\u0131l\u0131n ortalar\u0131na kadar Do\u011fu Hristiyanl\u0131\u011f\u0131n\u0131n liderli\u011fini elinde bulunduran bu kadim kavmin inan\u00e7 sistemine bakarsak ne g\u00f6r\u00fcr\u00fcz?\" \/><\/figure>\n<p>S\u00fcryaniler i\u00e7in Tur Abdin b\u00f6lgesi ayr\u0131 bir anlam ta\u015f\u0131r.\u00a0<a href=\"https:\/\/onedio.com\/etiket\/mardin\/57795d12e2bf6ec2339413af\">Mardin<\/a>, Midyat,\u00a0<a href=\"https:\/\/onedio.com\/etiket\/batman\/5c0d175f4999206725115d4c\">Batman<\/a>, Cizre ve Nusaybin aras\u0131nda kalan bu b\u00f6lgenin ismi,\u00a0Tur Abdin ise \u201cTanr\u0131\u2019ya iman edenlerin da\u011f\u0131\u201d anlam\u0131na gelir ve bu b\u00f6lge S\u00fcryaniler i\u00e7in kutsal olarak g\u00f6r\u00fcl\u00fcr.<\/p>\n<h2>Bununla birlikte Midyat\u2019ta bulunan ve temelleri 397 y\u0131l\u0131nda iki S\u00fcryani rahip taraf\u0131ndan at\u0131lan Mor Gabriel Manast\u0131r\u0131 da S\u00fcryaniler i\u00e7in kutsald\u0131r.<\/h2>\n<figure class=\"wp-block-image\"><img decoding=\"async\" src=\"https:\/\/img-s1.onedio.com\/id-606672653701d1c90f0228b2\/rev-0\/w-635\/f-jpg-webp\/s-54c234ecd7b4f07964ea55fe037733ede0d301fe.webp\" alt=\"Bununla birlikte Midyat'ta bulunan ve temelleri 397 y\u0131l\u0131nda iki S\u00fcryani rahip taraf\u0131ndan at\u0131lan Mor Gabriel Manast\u0131r\u0131 da S\u00fcryaniler i\u00e7in kutsald\u0131r.\" \/><\/figure>\n<p>G\u00fcn\u00fcm\u00fczde yakla\u015f\u0131k 60, 70 ki\u015finin kald\u0131\u011f\u0131 ve i\u00e7inde bir\u00e7ok metropolitin (Ortodokslukta en yetkili din insan\u0131) mezar\u0131n\u0131n bulundu\u011fu manast\u0131r, b\u00f6lgede ya\u015fayan S\u00fcryanilerin dini merkezi olarak konumland\u0131r\u0131l\u0131r. Hatta buras\u0131 S\u00fcryani inanc\u0131na g\u00f6re \u201c2. Kud\u00fcs\u201d niteli\u011findedir.<\/p>\n<h2>S\u00fcryaniler bir\u00e7ok Ortodoks mezheple ayn\u0131 inanca sahiptir. Onlar, \u0130sa\u2019n\u0131n yaln\u0131zca ilahi tabiat ta\u015f\u0131d\u0131\u011f\u0131n\u0131 ve onun be\u015feri tabiat\u0131n\u0131n \u201csanal\u201d oldu\u011funu d\u00fc\u015f\u00fcn\u00fcrler. 5. y\u00fczy\u0131ldan beri S\u00fcryani kiliselerinde okutulan \u201cament\u00fcleri\u201d ise \u015f\u00f6yle:<\/h2>\n<figure class=\"wp-block-image\"><img decoding=\"async\" src=\"https:\/\/img-s2.onedio.com\/id-60667b8bd72163282202c90f\/rev-0\/w-635\/f-jpg-webp\/s-b526bf364c1350943b27c3fb6e2d08b0eb454406.webp\" alt=\"S\u00fcryaniler bir\u00e7ok Ortodoks mezheple ayn\u0131 inanca sahiptir. Onlar, \u0130sa'n\u0131n yaln\u0131zca ilahi tabiat ta\u015f\u0131d\u0131\u011f\u0131n\u0131 ve onun be\u015feri tabiat\u0131n\u0131n &quot;sanal&quot; oldu\u011funu d\u00fc\u015f\u00fcn\u00fcrler. 5. y\u00fczy\u0131ldan beri S\u00fcryani kiliselerinde okutulan &quot;ament\u00fcleri&quot; ise \u015f\u00f6yle:\" \/><\/figure>\n<p>Bir Allah\u2019a inan\u0131yoruz. Cihan\u0131 tutan, yerle g\u00f6\u011f\u00fc, g\u00f6r\u00fcleni ve g\u00f6r\u00fclmeyeni yaratan, bir Ata Allah\u2019a ve b\u00fct\u00fcn alemlerden \u00f6nce nurdan nur, Hak Tanr\u0131\u2019dan Hak Tanr\u0131 do\u011fan ve ancak yarat\u0131lmayan, cevher y\u00f6n\u00fcnden atas\u0131na e\u015fit\u2026<\/p>\n<p>O\u2019nunla her \u015feyin varl\u0131\u011fa geldi\u011fi ve biz insanlar\u0131 kurtarmak i\u00e7in g\u00f6kten inip Ruhulkud\u00fcs ve bakire Meryem\u2019den bedenle\u015fip insan olan, Pantoslu Pilatos\u2019un g\u00fcnlerinde bizim i\u00e7in ha\u00e7a gerilen, elemlenip \u00f6len\u2026<\/p>\n<figure class=\"wp-block-image\"><img decoding=\"async\" src=\"https:\/\/img-s1.onedio.com\/id-60668b70690226031139006c\/rev-0\/w-635\/f-jpg-webp\/s-2cc8f2efa6dd897fb117c15fba3e16cb3809bf81.webp\" alt=\"O\u2019nunla her \u015feyin varl\u0131\u011fa geldi\u011fi ve biz insanlar\u0131 kurtarmak i\u00e7in g\u00f6kten inip Ruhulkud\u00fcs ve bakire Meryem\u2019den bedenle\u015fip insan olan, Pantoslu Pilatos\u2019un g\u00fcnlerinde bizim i\u00e7in ha\u00e7a gerilen, elemlenip \u00f6len...\" \/><\/figure>\n<p>(\u2026) g\u00f6m\u00fcl\u00fcp ve istedi\u011fi gibi \u00fc\u00e7\u00fcnc\u00fc g\u00fcnde k\u0131yam eden, g\u00f6\u011fe y\u00fccelip Ata Allah\u2019\u0131n sa\u011f\u0131nda oturan ve dirilerle \u00f6l\u00fclerin duru\u015fmas\u0131na b\u00fcy\u00fck izzetle gelecek ve melekutuna son olmayacak Tanr\u0131\u2019n\u0131n biricik o\u011flu \u0130sa Mesih\u2026<\/p>\n<h2>Ayr\u0131ca kilisede bu genel ament\u00fcn\u00fcn d\u0131\u015f\u0131nda yerine getirilmesi gereken 7 \u015fart var: Vaftiz, morun ya\u011f\u0131, kom\u00fcnyok, g\u00fcnahlar\u0131n itiraf\u0131, hasta ya\u011flanmas\u0131, ruhani takdis ve nikah.<\/h2>\n<figure class=\"wp-block-image\"><img decoding=\"async\" src=\"https:\/\/img-s1.onedio.com\/id-60667ee11b9559ab1c65de4a\/rev-0\/w-635\/f-jpg-webp\/s-8ddde25789e0d129ad1ef47cec54f6052b22f944.webp\" alt=\"Ayr\u0131ca kilisede bu genel ament\u00fcn\u00fcn d\u0131\u015f\u0131nda yerine getirilmesi gereken 7 \u015fart var: Vaftiz, morun ya\u011f\u0131, kom\u00fcnyok, g\u00fcnahlar\u0131n itiraf\u0131, hasta ya\u011flanmas\u0131, ruhani takdis ve nikah.\" \/><\/figure>\n<p>Ayr\u0131ca dostlar, S\u00fcryaniler i\u00e7in namaz olduk\u00e7a \u00f6nemli. S\u0131loto denilen ve Hz. \u0130sa\u2019dan kalma bir ibadet olan namaz \u00f6nceleri g\u00fcnde 3 vakit k\u0131l\u0131n\u0131rm\u0131\u015f. Kilisede k\u0131l\u0131nan namazlarda ise\u00a0<a href=\"https:\/\/onedio.com\/etiket\/kadinlar\/57a10eb4f3295bf71ee1ef3a\">kad\u0131nlar<\/a>\u00a0en arka safta yer al\u0131rlar ve tesett\u00fcr ile ibadetlerini yerine getirirler. G\u00fcn\u00fcm\u00fczde b\u00fct\u00fcn S\u00fcryani manast\u0131rlar\u0131nda 7 vakit namaz k\u0131l\u0131nmakta.<\/p>\n<h2>Bir de dostlar S\u00fcryaniler i\u00e7in farkl\u0131 farkl\u0131 oru\u00e7lar bulunur. \u0130sa Mesih\u2019ten kalma 40 g\u00fcnl\u00fck oruca peygamberin elem haftas\u0131 da eklenerek tutulan 48 g\u00fcnl\u00fck bir oru\u00e7 s\u00f6z konusu.<\/h2>\n<figure class=\"wp-block-image\"><img decoding=\"async\" src=\"https:\/\/img-s2.onedio.com\/id-6066810b2a0c94dd117c93f9\/rev-0\/w-635\/f-jpg-webp\/s-56327ebfa864c759834452c8bd868130f01163f0.webp\" alt=\"Bir de dostlar S\u00fcryaniler i\u00e7in farkl\u0131 farkl\u0131 oru\u00e7lar bulunur. \u0130sa Mesih'ten kalma 40 g\u00fcnl\u00fck oruca peygamberin elem haftas\u0131 da eklenerek tutulan 48 g\u00fcnl\u00fck bir oru\u00e7 s\u00f6z konusu.\" \/><\/figure>\n<p>Ama tek oru\u00e7 bu de\u011fil; Noel orucu 24, Ninova orucu 3, Havarilerin orucu 15, Meryem Ana orucu 15 g\u00fcn s\u00fcrer. Ayr\u0131ca her \u00e7ar\u015famba ve cuma g\u00fcn\u00fc tutulan bir oru\u00e7 da s\u00f6z konusu. Bunlardan Meryem Ana orucu ve haftal\u0131k oru\u00e7lar g\u00fcn\u00fcm\u00fczde \u201cperhiz\u201d ile ge\u00e7irilir. Unutmadan, S\u00fcryanilerde oru\u00e7lar\u0131n kefaret ve kazas\u0131 yok.<\/p>\n<h2>G\u00fcn\u00fcm\u00fczde g\u00f6\u00e7ler ve \u00e7e\u015fitli sebeplerle d\u00fcnyan\u0131n d\u00f6rt bir taraf\u0131na yay\u0131lan S\u00fcryanilerin d\u00fcnya \u00e7ap\u0131nda 143 tane kilisesi bulunur.<\/h2>\n<figure class=\"wp-block-image\"><img decoding=\"async\" src=\"https:\/\/img-s2.onedio.com\/id-6066830ea1101332107a3f2b\/rev-0\/w-635\/f-jpg-webp\/s-2de8f6073db43edb6072deb869d2252020053f4f.webp\" alt=\"G\u00fcn\u00fcm\u00fczde g\u00f6\u00e7ler ve \u00e7e\u015fitli sebeplerle d\u00fcnyan\u0131n d\u00f6rt bir taraf\u0131na yay\u0131lan S\u00fcryanilerin d\u00fcnya \u00e7ap\u0131nda 143 tane kilisesi bulunur.\" \/><figcaption><\/figcaption><\/figure>\n<p>T\u00fcrkiye\u2019de ise Mor Gabriel manast\u0131r\u0131 ile resmini g\u00f6rd\u00fc\u011f\u00fcn\u00fcz Deyr\u00fczzaferan Manast\u0131r\u0131 olduk\u00e7a \u00f6nemli. Bug\u00fcn T\u00fcrkiye\u2019de ya\u015fayan ve \u015eam patrikli\u011fine ba\u011fl\u0131 25 bin S\u00fcryani dillerini, dinlerini ve k\u00fclt\u00fcrlerini ya\u015fatmaya devam etmekteler.<\/p>\n<p>Mezopotamya\u2019n\u0131n kadim halk\u0131: S\u00fcryaniler \u2013 DW T\u00fcrk\u00e7e<\/p>\n<figure class=\"wp-block-embed is-type-video is-provider-youtube wp-block-embed-youtube wp-embed-aspect-16-9 wp-has-aspect-ratio\">\n<div class=\"wp-block-embed__wrapper\">\n<div class=\"fluid-width-video-wrapper\"><iframe id=\"fitvid480999\" title=\"Mezopotamya\u2019n\u0131n kadim halk\u0131: S\u00fcryaniler - DW T\u00fcrk\u00e7e\" src=\"https:\/\/www.youtube.com\/embed\/AwktKehKGFY?feature=oembed\" frameborder=\"0\" allowfullscreen=\"allowfullscreen\" data-mce-fragment=\"1\"><\/iframe><\/div>\n<\/div>\n<\/figure>\n<p><em><strong><a href=\"https:\/\/onedio.com\/haber\/hristiyanligi-ilk-olarak-benimseyen-mezopotamya-nin-kadim-cemaati-suryaniler-974322\">https:\/\/onedio.com\/haber\/hristiyanligi-ilk-olarak-benimseyen-mezopotamya-nin-kadim-cemaati-suryaniler-974322<\/a><\/strong><\/em><\/p>\n<div class=\"sharedaddy sd-sharing-enabled\">\n<div class=\"robots-nocontent sd-block sd-social sd-social-icon-text sd-sharing\">\n<h3 class=\"sd-title\"><\/h3>\n<\/div>\n<\/div>\n","protected":false},"excerpt":{"rendered":"<p>G\u00f6rkem K\u0131z\u0131lda\u011f Hep birlikte ve ne g\u00fczel topraklarda ya\u015f\u0131yoruz, can\u0131m kadim Anadolu! Kaynak:\u00a0\u0130slam Ansiklopedisi S\u00fcryani kelimesinin ilk defa ne zaman ortaya \u00e7\u0131kt\u0131\u011f\u0131 kesin olarak bilinmese de 2010 y\u0131l\u0131nda Adana \u00c7ilek\u00f6y\u2019de yap\u0131lan kaz\u0131larda bir tablet bulunur. Bu 2800 y\u0131ll\u0131k tablette g\u00f6r\u00fcl\u00fcr ki S\u00fcryani ismi kesinlikle Hristiyanl\u0131k\u2019tan eskidir ve Asur\u2019a dayan\u0131r. Yani 6 bin y\u0131ll\u0131k bir ge\u00e7mi\u015fe [&hellip;]<\/p>\n","protected":false},"author":7,"featured_media":62248,"comment_status":"open","ping_status":"open","sticky":false,"template":"","format":"standard","meta":{"footnotes":""},"categories":[1,53],"tags":[],"class_list":["post-62247","post","type-post","status-publish","format-standard","has-post-thumbnail","hentry","category-haberler","category-turkiyede-azinliklar"],"yoast_head":"<!-- This site is optimized with the Yoast SEO plugin v27.4 - https:\/\/yoast.com\/product\/yoast-seo-wordpress\/ -->\n<title>Hristiyanl\u0131\u011f\u0131 \u0130lk Olarak Benimseyen Mezopotamya\u2019n\u0131n Kadim Cemaati: S\u00fcryaniler - Bati Ermenistan Ve Bati Ermenileri Sorunlari Ara\u015ftirmalar Merkezi<\/title>\n<meta name=\"robots\" content=\"index, follow, max-snippet:-1, max-image-preview:large, max-video-preview:-1\" \/>\n<link rel=\"canonical\" href=\"https:\/\/akunq.net\/tr\/?p=62247\" \/>\n<meta property=\"og:locale\" content=\"en_US\" \/>\n<meta property=\"og:type\" content=\"article\" \/>\n<meta property=\"og:title\" content=\"Hristiyanl\u0131\u011f\u0131 \u0130lk Olarak Benimseyen Mezopotamya\u2019n\u0131n Kadim Cemaati: S\u00fcryaniler - Bati Ermenistan Ve Bati Ermenileri Sorunlari Ara\u015ftirmalar Merkezi\" \/>\n<meta property=\"og:description\" content=\"G\u00f6rkem K\u0131z\u0131lda\u011f Hep birlikte ve ne g\u00fczel topraklarda ya\u015f\u0131yoruz, can\u0131m kadim Anadolu! Kaynak:\u00a0\u0130slam Ansiklopedisi S\u00fcryani kelimesinin ilk defa ne zaman ortaya \u00e7\u0131kt\u0131\u011f\u0131 kesin olarak bilinmese de 2010 y\u0131l\u0131nda Adana \u00c7ilek\u00f6y\u2019de yap\u0131lan kaz\u0131larda bir tablet bulunur. Bu 2800 y\u0131ll\u0131k tablette g\u00f6r\u00fcl\u00fcr ki S\u00fcryani ismi kesinlikle Hristiyanl\u0131k\u2019tan eskidir ve Asur\u2019a dayan\u0131r. Yani 6 bin y\u0131ll\u0131k bir ge\u00e7mi\u015fe [&hellip;]\" \/>\n<meta property=\"og:url\" content=\"https:\/\/akunq.net\/tr\/?p=62247\" \/>\n<meta property=\"og:site_name\" content=\"Bati Ermenistan Ve Bati Ermenileri Sorunlari Ara\u015ftirmalar Merkezi\" \/>\n<meta property=\"article:published_time\" content=\"2021-04-06T07:43:25+00:00\" \/>\n<meta property=\"og:image\" content=\"https:\/\/akunq.net\/tr\/wp-content\/uploads\/sites\/6\/2021\/04\/S\u00fcryaniler.png\" \/>\n\t<meta property=\"og:image:width\" content=\"1268\" \/>\n\t<meta property=\"og:image:height\" content=\"710\" \/>\n\t<meta property=\"og:image:type\" content=\"image\/png\" \/>\n<meta name=\"author\" content=\"admin\" \/>\n<meta name=\"twitter:card\" content=\"summary_large_image\" \/>\n<meta name=\"twitter:label1\" content=\"Written by\" \/>\n\t<meta name=\"twitter:data1\" content=\"admin\" \/>\n\t<meta name=\"twitter:label2\" content=\"Est. reading time\" \/>\n\t<meta name=\"twitter:data2\" content=\"4 minutes\" \/>\n<script type=\"application\/ld+json\" class=\"yoast-schema-graph\">{\"@context\":\"https:\\\/\\\/schema.org\",\"@graph\":[{\"@type\":\"Article\",\"@id\":\"https:\\\/\\\/akunq.net\\\/tr\\\/?p=62247#article\",\"isPartOf\":{\"@id\":\"https:\\\/\\\/akunq.net\\\/tr\\\/?p=62247\"},\"author\":{\"name\":\"admin\",\"@id\":\"https:\\\/\\\/akunq.net\\\/tr\\\/#\\\/schema\\\/person\\\/096f1d38a12cce57fb855b485ed24c9e\"},\"headline\":\"Hristiyanl\u0131\u011f\u0131 \u0130lk Olarak Benimseyen Mezopotamya\u2019n\u0131n Kadim Cemaati: S\u00fcryaniler\",\"datePublished\":\"2021-04-06T07:43:25+00:00\",\"mainEntityOfPage\":{\"@id\":\"https:\\\/\\\/akunq.net\\\/tr\\\/?p=62247\"},\"wordCount\":886,\"commentCount\":0,\"image\":{\"@id\":\"https:\\\/\\\/akunq.net\\\/tr\\\/?p=62247#primaryimage\"},\"thumbnailUrl\":\"https:\\\/\\\/akunq.net\\\/tr\\\/wp-content\\\/uploads\\\/sites\\\/6\\\/2021\\\/04\\\/S\u00fcryaniler.png\",\"articleSection\":[\"Haberler\",\"T\u00fcrkiye\u2019de Az\u0131nl\u0131klar\"],\"inLanguage\":\"en-US\",\"potentialAction\":[{\"@type\":\"CommentAction\",\"name\":\"Comment\",\"target\":[\"https:\\\/\\\/akunq.net\\\/tr\\\/?p=62247#respond\"]}]},{\"@type\":\"WebPage\",\"@id\":\"https:\\\/\\\/akunq.net\\\/tr\\\/?p=62247\",\"url\":\"https:\\\/\\\/akunq.net\\\/tr\\\/?p=62247\",\"name\":\"Hristiyanl\u0131\u011f\u0131 \u0130lk Olarak Benimseyen Mezopotamya\u2019n\u0131n Kadim Cemaati: S\u00fcryaniler - Bati Ermenistan Ve Bati Ermenileri Sorunlari Ara\u015ftirmalar Merkezi\",\"isPartOf\":{\"@id\":\"https:\\\/\\\/akunq.net\\\/tr\\\/#website\"},\"primaryImageOfPage\":{\"@id\":\"https:\\\/\\\/akunq.net\\\/tr\\\/?p=62247#primaryimage\"},\"image\":{\"@id\":\"https:\\\/\\\/akunq.net\\\/tr\\\/?p=62247#primaryimage\"},\"thumbnailUrl\":\"https:\\\/\\\/akunq.net\\\/tr\\\/wp-content\\\/uploads\\\/sites\\\/6\\\/2021\\\/04\\\/S\u00fcryaniler.png\",\"datePublished\":\"2021-04-06T07:43:25+00:00\",\"author\":{\"@id\":\"https:\\\/\\\/akunq.net\\\/tr\\\/#\\\/schema\\\/person\\\/096f1d38a12cce57fb855b485ed24c9e\"},\"breadcrumb\":{\"@id\":\"https:\\\/\\\/akunq.net\\\/tr\\\/?p=62247#breadcrumb\"},\"inLanguage\":\"en-US\",\"potentialAction\":[{\"@type\":\"ReadAction\",\"target\":[\"https:\\\/\\\/akunq.net\\\/tr\\\/?p=62247\"]}]},{\"@type\":\"ImageObject\",\"inLanguage\":\"en-US\",\"@id\":\"https:\\\/\\\/akunq.net\\\/tr\\\/?p=62247#primaryimage\",\"url\":\"https:\\\/\\\/akunq.net\\\/tr\\\/wp-content\\\/uploads\\\/sites\\\/6\\\/2021\\\/04\\\/S\u00fcryaniler.png\",\"contentUrl\":\"https:\\\/\\\/akunq.net\\\/tr\\\/wp-content\\\/uploads\\\/sites\\\/6\\\/2021\\\/04\\\/S\u00fcryaniler.png\",\"width\":1268,\"height\":710},{\"@type\":\"BreadcrumbList\",\"@id\":\"https:\\\/\\\/akunq.net\\\/tr\\\/?p=62247#breadcrumb\",\"itemListElement\":[{\"@type\":\"ListItem\",\"position\":1,\"name\":\"Home\",\"item\":\"https:\\\/\\\/akunq.net\\\/tr\"},{\"@type\":\"ListItem\",\"position\":2,\"name\":\"Hristiyanl\u0131\u011f\u0131 \u0130lk Olarak Benimseyen Mezopotamya\u2019n\u0131n Kadim Cemaati: S\u00fcryaniler\"}]},{\"@type\":\"WebSite\",\"@id\":\"https:\\\/\\\/akunq.net\\\/tr\\\/#website\",\"url\":\"https:\\\/\\\/akunq.net\\\/tr\\\/\",\"name\":\"Bati Ermenistan Ve Bati Ermenileri Sorunlari Ara\u015ftirmalar Merkezi\",\"description\":\"\",\"potentialAction\":[{\"@type\":\"SearchAction\",\"target\":{\"@type\":\"EntryPoint\",\"urlTemplate\":\"https:\\\/\\\/akunq.net\\\/tr\\\/?s={search_term_string}\"},\"query-input\":{\"@type\":\"PropertyValueSpecification\",\"valueRequired\":true,\"valueName\":\"search_term_string\"}}],\"inLanguage\":\"en-US\"},{\"@type\":\"Person\",\"@id\":\"https:\\\/\\\/akunq.net\\\/tr\\\/#\\\/schema\\\/person\\\/096f1d38a12cce57fb855b485ed24c9e\",\"name\":\"admin\",\"url\":\"https:\\\/\\\/akunq.net\\\/tr\\\/?author=7\"}]}<\/script>\n<!-- \/ Yoast SEO plugin. -->","yoast_head_json":{"title":"Hristiyanl\u0131\u011f\u0131 \u0130lk Olarak Benimseyen Mezopotamya\u2019n\u0131n Kadim Cemaati: S\u00fcryaniler - Bati Ermenistan Ve Bati Ermenileri Sorunlari Ara\u015ftirmalar Merkezi","robots":{"index":"index","follow":"follow","max-snippet":"max-snippet:-1","max-image-preview":"max-image-preview:large","max-video-preview":"max-video-preview:-1"},"canonical":"https:\/\/akunq.net\/tr\/?p=62247","og_locale":"en_US","og_type":"article","og_title":"Hristiyanl\u0131\u011f\u0131 \u0130lk Olarak Benimseyen Mezopotamya\u2019n\u0131n Kadim Cemaati: S\u00fcryaniler - Bati Ermenistan Ve Bati Ermenileri Sorunlari Ara\u015ftirmalar Merkezi","og_description":"G\u00f6rkem K\u0131z\u0131lda\u011f Hep birlikte ve ne g\u00fczel topraklarda ya\u015f\u0131yoruz, can\u0131m kadim Anadolu! Kaynak:\u00a0\u0130slam Ansiklopedisi S\u00fcryani kelimesinin ilk defa ne zaman ortaya \u00e7\u0131kt\u0131\u011f\u0131 kesin olarak bilinmese de 2010 y\u0131l\u0131nda Adana \u00c7ilek\u00f6y\u2019de yap\u0131lan kaz\u0131larda bir tablet bulunur. Bu 2800 y\u0131ll\u0131k tablette g\u00f6r\u00fcl\u00fcr ki S\u00fcryani ismi kesinlikle Hristiyanl\u0131k\u2019tan eskidir ve Asur\u2019a dayan\u0131r. Yani 6 bin y\u0131ll\u0131k bir ge\u00e7mi\u015fe [&hellip;]","og_url":"https:\/\/akunq.net\/tr\/?p=62247","og_site_name":"Bati Ermenistan Ve Bati Ermenileri Sorunlari Ara\u015ftirmalar Merkezi","article_published_time":"2021-04-06T07:43:25+00:00","og_image":[{"width":1268,"height":710,"url":"https:\/\/akunq.net\/tr\/wp-content\/uploads\/sites\/6\/2021\/04\/S\u00fcryaniler.png","type":"image\/png"}],"author":"admin","twitter_card":"summary_large_image","twitter_misc":{"Written by":"admin","Est. reading time":"4 minutes"},"schema":{"@context":"https:\/\/schema.org","@graph":[{"@type":"Article","@id":"https:\/\/akunq.net\/tr\/?p=62247#article","isPartOf":{"@id":"https:\/\/akunq.net\/tr\/?p=62247"},"author":{"name":"admin","@id":"https:\/\/akunq.net\/tr\/#\/schema\/person\/096f1d38a12cce57fb855b485ed24c9e"},"headline":"Hristiyanl\u0131\u011f\u0131 \u0130lk Olarak Benimseyen Mezopotamya\u2019n\u0131n Kadim Cemaati: S\u00fcryaniler","datePublished":"2021-04-06T07:43:25+00:00","mainEntityOfPage":{"@id":"https:\/\/akunq.net\/tr\/?p=62247"},"wordCount":886,"commentCount":0,"image":{"@id":"https:\/\/akunq.net\/tr\/?p=62247#primaryimage"},"thumbnailUrl":"https:\/\/akunq.net\/tr\/wp-content\/uploads\/sites\/6\/2021\/04\/S\u00fcryaniler.png","articleSection":["Haberler","T\u00fcrkiye\u2019de Az\u0131nl\u0131klar"],"inLanguage":"en-US","potentialAction":[{"@type":"CommentAction","name":"Comment","target":["https:\/\/akunq.net\/tr\/?p=62247#respond"]}]},{"@type":"WebPage","@id":"https:\/\/akunq.net\/tr\/?p=62247","url":"https:\/\/akunq.net\/tr\/?p=62247","name":"Hristiyanl\u0131\u011f\u0131 \u0130lk Olarak Benimseyen Mezopotamya\u2019n\u0131n Kadim Cemaati: S\u00fcryaniler - Bati Ermenistan Ve Bati Ermenileri Sorunlari Ara\u015ftirmalar Merkezi","isPartOf":{"@id":"https:\/\/akunq.net\/tr\/#website"},"primaryImageOfPage":{"@id":"https:\/\/akunq.net\/tr\/?p=62247#primaryimage"},"image":{"@id":"https:\/\/akunq.net\/tr\/?p=62247#primaryimage"},"thumbnailUrl":"https:\/\/akunq.net\/tr\/wp-content\/uploads\/sites\/6\/2021\/04\/S\u00fcryaniler.png","datePublished":"2021-04-06T07:43:25+00:00","author":{"@id":"https:\/\/akunq.net\/tr\/#\/schema\/person\/096f1d38a12cce57fb855b485ed24c9e"},"breadcrumb":{"@id":"https:\/\/akunq.net\/tr\/?p=62247#breadcrumb"},"inLanguage":"en-US","potentialAction":[{"@type":"ReadAction","target":["https:\/\/akunq.net\/tr\/?p=62247"]}]},{"@type":"ImageObject","inLanguage":"en-US","@id":"https:\/\/akunq.net\/tr\/?p=62247#primaryimage","url":"https:\/\/akunq.net\/tr\/wp-content\/uploads\/sites\/6\/2021\/04\/S\u00fcryaniler.png","contentUrl":"https:\/\/akunq.net\/tr\/wp-content\/uploads\/sites\/6\/2021\/04\/S\u00fcryaniler.png","width":1268,"height":710},{"@type":"BreadcrumbList","@id":"https:\/\/akunq.net\/tr\/?p=62247#breadcrumb","itemListElement":[{"@type":"ListItem","position":1,"name":"Home","item":"https:\/\/akunq.net\/tr"},{"@type":"ListItem","position":2,"name":"Hristiyanl\u0131\u011f\u0131 \u0130lk Olarak Benimseyen Mezopotamya\u2019n\u0131n Kadim Cemaati: S\u00fcryaniler"}]},{"@type":"WebSite","@id":"https:\/\/akunq.net\/tr\/#website","url":"https:\/\/akunq.net\/tr\/","name":"Bati Ermenistan Ve Bati Ermenileri Sorunlari Ara\u015ftirmalar Merkezi","description":"","potentialAction":[{"@type":"SearchAction","target":{"@type":"EntryPoint","urlTemplate":"https:\/\/akunq.net\/tr\/?s={search_term_string}"},"query-input":{"@type":"PropertyValueSpecification","valueRequired":true,"valueName":"search_term_string"}}],"inLanguage":"en-US"},{"@type":"Person","@id":"https:\/\/akunq.net\/tr\/#\/schema\/person\/096f1d38a12cce57fb855b485ed24c9e","name":"admin","url":"https:\/\/akunq.net\/tr\/?author=7"}]}},"_links":{"self":[{"href":"https:\/\/akunq.net\/tr\/index.php?rest_route=\/wp\/v2\/posts\/62247","targetHints":{"allow":["GET"]}}],"collection":[{"href":"https:\/\/akunq.net\/tr\/index.php?rest_route=\/wp\/v2\/posts"}],"about":[{"href":"https:\/\/akunq.net\/tr\/index.php?rest_route=\/wp\/v2\/types\/post"}],"author":[{"embeddable":true,"href":"https:\/\/akunq.net\/tr\/index.php?rest_route=\/wp\/v2\/users\/7"}],"replies":[{"embeddable":true,"href":"https:\/\/akunq.net\/tr\/index.php?rest_route=%2Fwp%2Fv2%2Fcomments&post=62247"}],"version-history":[{"count":1,"href":"https:\/\/akunq.net\/tr\/index.php?rest_route=\/wp\/v2\/posts\/62247\/revisions"}],"predecessor-version":[{"id":62249,"href":"https:\/\/akunq.net\/tr\/index.php?rest_route=\/wp\/v2\/posts\/62247\/revisions\/62249"}],"wp:featuredmedia":[{"embeddable":true,"href":"https:\/\/akunq.net\/tr\/index.php?rest_route=\/wp\/v2\/media\/62248"}],"wp:attachment":[{"href":"https:\/\/akunq.net\/tr\/index.php?rest_route=%2Fwp%2Fv2%2Fmedia&parent=62247"}],"wp:term":[{"taxonomy":"category","embeddable":true,"href":"https:\/\/akunq.net\/tr\/index.php?rest_route=%2Fwp%2Fv2%2Fcategories&post=62247"},{"taxonomy":"post_tag","embeddable":true,"href":"https:\/\/akunq.net\/tr\/index.php?rest_route=%2Fwp%2Fv2%2Ftags&post=62247"}],"curies":[{"name":"wp","href":"https:\/\/api.w.org\/{rel}","templated":true}]}}