{"id":62244,"date":"2021-04-06T02:26:09","date_gmt":"2021-04-06T07:26:09","guid":{"rendered":"https:\/\/akunq.net\/tr\/?p=62244"},"modified":"2021-04-06T02:26:09","modified_gmt":"2021-04-06T07:26:09","slug":"manastir-tekke-oluyor","status":"publish","type":"post","link":"https:\/\/akunq.net\/tr\/?p=62244","title":{"rendered":"Manast\u0131r tekke oluyor"},"content":{"rendered":"<p><img loading=\"lazy\" decoding=\"async\" class=\"aligncenter size-medium wp-image-62245\" src=\"https:\/\/akunq.net\/tr\/wp-content\/uploads\/2021\/04\/Manast\u0131r-tekke-oluyor-360x200.jpg\" alt=\"\" width=\"360\" height=\"200\" srcset=\"https:\/\/akunq.net\/tr\/wp-content\/uploads\/sites\/6\/2021\/04\/Manast\u0131r-tekke-oluyor-360x200.jpg 360w, https:\/\/akunq.net\/tr\/wp-content\/uploads\/sites\/6\/2021\/04\/Manast\u0131r-tekke-oluyor-560x311.jpg 560w, https:\/\/akunq.net\/tr\/wp-content\/uploads\/sites\/6\/2021\/04\/Manast\u0131r-tekke-oluyor-260x144.jpg 260w, https:\/\/akunq.net\/tr\/wp-content\/uploads\/sites\/6\/2021\/04\/Manast\u0131r-tekke-oluyor-160x89.jpg 160w, https:\/\/akunq.net\/tr\/wp-content\/uploads\/sites\/6\/2021\/04\/Manast\u0131r-tekke-oluyor.jpg 720w\" sizes=\"auto, (max-width: 360px) 100vw, 360px\" \/><\/p>\n<p><strong>H\u00fcseyin \u015eim\u015fek<\/strong><\/p>\n<p><em><strong>\u0130stanbul\u2019daki Ayasofya M\u00fczesi\u2019nin stat\u00fcs\u00fcn\u00fc camii olarak de\u011fi\u015ftiren iktidar, \u015fimdi de Karadeniz\u2019deki bir manast\u0131r\u0131 tekkeye \u00e7evirmek i\u00e7in giri\u015fimlerde bulunma karar\u0131 ald\u0131.<\/strong><\/em><\/p>\n<p>Ordu\u2019nun \u00c7ayba\u015f\u0131 il\u00e7esinde bulunan bir manast\u0131r\u0131 \u201cg\u00f6z\u00fcne kestiren\u201d AKP ve BBP ittifak\u0131, bu konuda belediye meclisini harekete ge\u00e7irme karar\u0131 ald\u0131. Din g\u00f6revlilerinin inzivaya \u00e7ekildi\u011fi tarihi yap\u0131lar\u0131 ifade eden manast\u0131r\u0131n ismini de\u011fi\u015ftirmeye haz\u0131rlanan belediye y\u00f6netimi, manast\u0131r\u0131 tekke olarak de\u011fi\u015ftirecek bir teklifi belediye meclisine sunacak. Bu konu hakk\u0131nda arac\u0131lar vas\u0131tas\u0131yla sorular\u0131m\u0131z\u0131 yan\u0131tlayan \u00c7ayba\u015f\u0131 Belediyesi\u2019nin AKP\u2019li Ba\u015fkan\u0131 H\u00fcseyin Semiz, b\u00f6yle bir giri\u015fimlerinin oldu\u011funu, hafta ortas\u0131na kadar konuyu resmiyete kavu\u015fturmak istediklerini s\u00f6yledi. De\u011fi\u015fiklik \u00f6nergesinin AKP ve BBP\u2019li \u00fcyelerden olu\u015fan belediye meclisine sunulmas\u0131 durumunda, kabul edilmesine kesin g\u00f6z\u00fcyle bak\u0131l\u0131yor.<\/p>\n<p><strong>ESK\u0130 Y\u00dcZYILIN ALI\u015eKANLI\u011eI<\/strong><\/p>\n<p>HDP\u2019li Milletvekili Garo Paylan, bu giri\u015fime tepki g\u00f6stererek K\u00fclt\u00fcr ve Turizm Bakanl\u0131\u011f\u0131\u2019n\u0131 harekete ge\u00e7meye davet etti. Bu tarz uygulamalar\u0131n 21\u2019inci y\u00fczy\u0131la yak\u0131\u015fmad\u0131\u011f\u0131n\u0131, ge\u00e7mi\u015f y\u00fczy\u0131ldan kalma bir al\u0131\u015fkanl\u0131k oldu\u011funu kaydeden Paylan, yapt\u0131\u011f\u0131 a\u00e7\u0131klamada, \u201cAnadoluda binlerce ve kilise manast\u0131r\u0131 vard\u0131 Ermeni, Rum, S\u00fcryani halk\u0131n\u0131n. \u015eu anda bir \u00e7o\u011fu harabe durumda. Bizim beklentimiz, ge\u00e7mi\u015fle y\u00fczle\u015fmektir. Bir arada ya\u015fama k\u00fclt\u00fcr\u00fcn\u00fcn ve bu kimliklerin, varl\u0131klar\u0131n ihya edilmesi gerekiyor. \u0130sim de\u011fi\u015fikli\u011fine kesinlikle kar\u015f\u0131y\u0131z\u201d dedi.<\/p>\n<p><em><strong><a href=\"https:\/\/www.birgun.net\/haber\/manastir-tekke-oluyor-340029\">https:\/\/www.birgun.net\/haber\/manastir-tekke-oluyor-340029<\/a>\u00a0<\/strong><\/em><\/p>\n","protected":false},"excerpt":{"rendered":"<p>H\u00fcseyin \u015eim\u015fek \u0130stanbul\u2019daki Ayasofya M\u00fczesi\u2019nin stat\u00fcs\u00fcn\u00fc camii olarak de\u011fi\u015ftiren iktidar, \u015fimdi de Karadeniz\u2019deki bir manast\u0131r\u0131 tekkeye \u00e7evirmek i\u00e7in giri\u015fimlerde bulunma karar\u0131 ald\u0131. Ordu\u2019nun \u00c7ayba\u015f\u0131 il\u00e7esinde bulunan bir manast\u0131r\u0131 \u201cg\u00f6z\u00fcne kestiren\u201d AKP ve BBP ittifak\u0131, bu konuda belediye meclisini harekete ge\u00e7irme karar\u0131 ald\u0131. Din g\u00f6revlilerinin inzivaya \u00e7ekildi\u011fi tarihi yap\u0131lar\u0131 ifade eden manast\u0131r\u0131n ismini de\u011fi\u015ftirmeye haz\u0131rlanan belediye [&hellip;]<\/p>\n","protected":false},"author":7,"featured_media":62245,"comment_status":"open","ping_status":"open","sticky":false,"template":"","format":"standard","meta":{"footnotes":""},"categories":[1],"tags":[],"class_list":["post-62244","post","type-post","status-publish","format-standard","has-post-thumbnail","hentry","category-haberler"],"yoast_head":"<!-- This site is optimized with the Yoast SEO plugin v27.4 - https:\/\/yoast.com\/product\/yoast-seo-wordpress\/ -->\n<title>Manast\u0131r tekke oluyor - Bati Ermenistan Ve Bati Ermenileri Sorunlari Ara\u015ftirmalar Merkezi<\/title>\n<meta name=\"robots\" content=\"index, follow, max-snippet:-1, max-image-preview:large, max-video-preview:-1\" \/>\n<link rel=\"canonical\" href=\"https:\/\/akunq.net\/tr\/?p=62244\" \/>\n<meta property=\"og:locale\" content=\"en_US\" \/>\n<meta property=\"og:type\" content=\"article\" \/>\n<meta property=\"og:title\" content=\"Manast\u0131r tekke oluyor - Bati Ermenistan Ve Bati Ermenileri Sorunlari Ara\u015ftirmalar Merkezi\" \/>\n<meta property=\"og:description\" content=\"H\u00fcseyin \u015eim\u015fek \u0130stanbul\u2019daki Ayasofya M\u00fczesi\u2019nin stat\u00fcs\u00fcn\u00fc camii olarak de\u011fi\u015ftiren iktidar, \u015fimdi de Karadeniz\u2019deki bir manast\u0131r\u0131 tekkeye \u00e7evirmek i\u00e7in giri\u015fimlerde bulunma karar\u0131 ald\u0131. Ordu\u2019nun \u00c7ayba\u015f\u0131 il\u00e7esinde bulunan bir manast\u0131r\u0131 \u201cg\u00f6z\u00fcne kestiren\u201d AKP ve BBP ittifak\u0131, bu konuda belediye meclisini harekete ge\u00e7irme karar\u0131 ald\u0131. Din g\u00f6revlilerinin inzivaya \u00e7ekildi\u011fi tarihi yap\u0131lar\u0131 ifade eden manast\u0131r\u0131n ismini de\u011fi\u015ftirmeye haz\u0131rlanan belediye [&hellip;]\" \/>\n<meta property=\"og:url\" content=\"https:\/\/akunq.net\/tr\/?p=62244\" \/>\n<meta property=\"og:site_name\" content=\"Bati Ermenistan Ve Bati Ermenileri Sorunlari Ara\u015ftirmalar Merkezi\" \/>\n<meta property=\"article:published_time\" content=\"2021-04-06T07:26:09+00:00\" \/>\n<meta property=\"og:image\" content=\"https:\/\/akunq.net\/tr\/wp-content\/uploads\/sites\/6\/2021\/04\/Manast\u0131r-tekke-oluyor.jpg\" \/>\n\t<meta property=\"og:image:width\" content=\"720\" \/>\n\t<meta property=\"og:image:height\" content=\"400\" \/>\n\t<meta property=\"og:image:type\" content=\"image\/jpeg\" \/>\n<meta name=\"author\" content=\"admin\" \/>\n<meta name=\"twitter:card\" content=\"summary_large_image\" \/>\n<meta name=\"twitter:label1\" content=\"Written by\" \/>\n\t<meta name=\"twitter:data1\" content=\"admin\" \/>\n\t<meta name=\"twitter:label2\" content=\"Est. reading time\" \/>\n\t<meta name=\"twitter:data2\" content=\"1 minute\" \/>\n<script type=\"application\/ld+json\" class=\"yoast-schema-graph\">{\"@context\":\"https:\\\/\\\/schema.org\",\"@graph\":[{\"@type\":\"Article\",\"@id\":\"https:\\\/\\\/akunq.net\\\/tr\\\/?p=62244#article\",\"isPartOf\":{\"@id\":\"https:\\\/\\\/akunq.net\\\/tr\\\/?p=62244\"},\"author\":{\"name\":\"admin\",\"@id\":\"https:\\\/\\\/akunq.net\\\/tr\\\/#\\\/schema\\\/person\\\/096f1d38a12cce57fb855b485ed24c9e\"},\"headline\":\"Manast\u0131r tekke oluyor\",\"datePublished\":\"2021-04-06T07:26:09+00:00\",\"mainEntityOfPage\":{\"@id\":\"https:\\\/\\\/akunq.net\\\/tr\\\/?p=62244\"},\"wordCount\":286,\"commentCount\":0,\"image\":{\"@id\":\"https:\\\/\\\/akunq.net\\\/tr\\\/?p=62244#primaryimage\"},\"thumbnailUrl\":\"https:\\\/\\\/akunq.net\\\/tr\\\/wp-content\\\/uploads\\\/sites\\\/6\\\/2021\\\/04\\\/Manast\u0131r-tekke-oluyor.jpg\",\"articleSection\":[\"Haberler\"],\"inLanguage\":\"en-US\",\"potentialAction\":[{\"@type\":\"CommentAction\",\"name\":\"Comment\",\"target\":[\"https:\\\/\\\/akunq.net\\\/tr\\\/?p=62244#respond\"]}]},{\"@type\":\"WebPage\",\"@id\":\"https:\\\/\\\/akunq.net\\\/tr\\\/?p=62244\",\"url\":\"https:\\\/\\\/akunq.net\\\/tr\\\/?p=62244\",\"name\":\"Manast\u0131r tekke oluyor - Bati Ermenistan Ve Bati Ermenileri Sorunlari Ara\u015ftirmalar Merkezi\",\"isPartOf\":{\"@id\":\"https:\\\/\\\/akunq.net\\\/tr\\\/#website\"},\"primaryImageOfPage\":{\"@id\":\"https:\\\/\\\/akunq.net\\\/tr\\\/?p=62244#primaryimage\"},\"image\":{\"@id\":\"https:\\\/\\\/akunq.net\\\/tr\\\/?p=62244#primaryimage\"},\"thumbnailUrl\":\"https:\\\/\\\/akunq.net\\\/tr\\\/wp-content\\\/uploads\\\/sites\\\/6\\\/2021\\\/04\\\/Manast\u0131r-tekke-oluyor.jpg\",\"datePublished\":\"2021-04-06T07:26:09+00:00\",\"author\":{\"@id\":\"https:\\\/\\\/akunq.net\\\/tr\\\/#\\\/schema\\\/person\\\/096f1d38a12cce57fb855b485ed24c9e\"},\"breadcrumb\":{\"@id\":\"https:\\\/\\\/akunq.net\\\/tr\\\/?p=62244#breadcrumb\"},\"inLanguage\":\"en-US\",\"potentialAction\":[{\"@type\":\"ReadAction\",\"target\":[\"https:\\\/\\\/akunq.net\\\/tr\\\/?p=62244\"]}]},{\"@type\":\"ImageObject\",\"inLanguage\":\"en-US\",\"@id\":\"https:\\\/\\\/akunq.net\\\/tr\\\/?p=62244#primaryimage\",\"url\":\"https:\\\/\\\/akunq.net\\\/tr\\\/wp-content\\\/uploads\\\/sites\\\/6\\\/2021\\\/04\\\/Manast\u0131r-tekke-oluyor.jpg\",\"contentUrl\":\"https:\\\/\\\/akunq.net\\\/tr\\\/wp-content\\\/uploads\\\/sites\\\/6\\\/2021\\\/04\\\/Manast\u0131r-tekke-oluyor.jpg\",\"width\":720,\"height\":400},{\"@type\":\"BreadcrumbList\",\"@id\":\"https:\\\/\\\/akunq.net\\\/tr\\\/?p=62244#breadcrumb\",\"itemListElement\":[{\"@type\":\"ListItem\",\"position\":1,\"name\":\"Home\",\"item\":\"https:\\\/\\\/akunq.net\\\/tr\"},{\"@type\":\"ListItem\",\"position\":2,\"name\":\"Manast\u0131r tekke oluyor\"}]},{\"@type\":\"WebSite\",\"@id\":\"https:\\\/\\\/akunq.net\\\/tr\\\/#website\",\"url\":\"https:\\\/\\\/akunq.net\\\/tr\\\/\",\"name\":\"Bati Ermenistan Ve Bati Ermenileri Sorunlari Ara\u015ftirmalar Merkezi\",\"description\":\"\",\"potentialAction\":[{\"@type\":\"SearchAction\",\"target\":{\"@type\":\"EntryPoint\",\"urlTemplate\":\"https:\\\/\\\/akunq.net\\\/tr\\\/?s={search_term_string}\"},\"query-input\":{\"@type\":\"PropertyValueSpecification\",\"valueRequired\":true,\"valueName\":\"search_term_string\"}}],\"inLanguage\":\"en-US\"},{\"@type\":\"Person\",\"@id\":\"https:\\\/\\\/akunq.net\\\/tr\\\/#\\\/schema\\\/person\\\/096f1d38a12cce57fb855b485ed24c9e\",\"name\":\"admin\",\"url\":\"https:\\\/\\\/akunq.net\\\/tr\\\/?author=7\"}]}<\/script>\n<!-- \/ Yoast SEO plugin. -->","yoast_head_json":{"title":"Manast\u0131r tekke oluyor - Bati Ermenistan Ve Bati Ermenileri Sorunlari Ara\u015ftirmalar Merkezi","robots":{"index":"index","follow":"follow","max-snippet":"max-snippet:-1","max-image-preview":"max-image-preview:large","max-video-preview":"max-video-preview:-1"},"canonical":"https:\/\/akunq.net\/tr\/?p=62244","og_locale":"en_US","og_type":"article","og_title":"Manast\u0131r tekke oluyor - Bati Ermenistan Ve Bati Ermenileri Sorunlari Ara\u015ftirmalar Merkezi","og_description":"H\u00fcseyin \u015eim\u015fek \u0130stanbul\u2019daki Ayasofya M\u00fczesi\u2019nin stat\u00fcs\u00fcn\u00fc camii olarak de\u011fi\u015ftiren iktidar, \u015fimdi de Karadeniz\u2019deki bir manast\u0131r\u0131 tekkeye \u00e7evirmek i\u00e7in giri\u015fimlerde bulunma karar\u0131 ald\u0131. Ordu\u2019nun \u00c7ayba\u015f\u0131 il\u00e7esinde bulunan bir manast\u0131r\u0131 \u201cg\u00f6z\u00fcne kestiren\u201d AKP ve BBP ittifak\u0131, bu konuda belediye meclisini harekete ge\u00e7irme karar\u0131 ald\u0131. Din g\u00f6revlilerinin inzivaya \u00e7ekildi\u011fi tarihi yap\u0131lar\u0131 ifade eden manast\u0131r\u0131n ismini de\u011fi\u015ftirmeye haz\u0131rlanan belediye [&hellip;]","og_url":"https:\/\/akunq.net\/tr\/?p=62244","og_site_name":"Bati Ermenistan Ve Bati Ermenileri Sorunlari Ara\u015ftirmalar Merkezi","article_published_time":"2021-04-06T07:26:09+00:00","og_image":[{"width":720,"height":400,"url":"https:\/\/akunq.net\/tr\/wp-content\/uploads\/sites\/6\/2021\/04\/Manast\u0131r-tekke-oluyor.jpg","type":"image\/jpeg"}],"author":"admin","twitter_card":"summary_large_image","twitter_misc":{"Written by":"admin","Est. reading time":"1 minute"},"schema":{"@context":"https:\/\/schema.org","@graph":[{"@type":"Article","@id":"https:\/\/akunq.net\/tr\/?p=62244#article","isPartOf":{"@id":"https:\/\/akunq.net\/tr\/?p=62244"},"author":{"name":"admin","@id":"https:\/\/akunq.net\/tr\/#\/schema\/person\/096f1d38a12cce57fb855b485ed24c9e"},"headline":"Manast\u0131r tekke oluyor","datePublished":"2021-04-06T07:26:09+00:00","mainEntityOfPage":{"@id":"https:\/\/akunq.net\/tr\/?p=62244"},"wordCount":286,"commentCount":0,"image":{"@id":"https:\/\/akunq.net\/tr\/?p=62244#primaryimage"},"thumbnailUrl":"https:\/\/akunq.net\/tr\/wp-content\/uploads\/sites\/6\/2021\/04\/Manast\u0131r-tekke-oluyor.jpg","articleSection":["Haberler"],"inLanguage":"en-US","potentialAction":[{"@type":"CommentAction","name":"Comment","target":["https:\/\/akunq.net\/tr\/?p=62244#respond"]}]},{"@type":"WebPage","@id":"https:\/\/akunq.net\/tr\/?p=62244","url":"https:\/\/akunq.net\/tr\/?p=62244","name":"Manast\u0131r tekke oluyor - Bati Ermenistan Ve Bati Ermenileri Sorunlari Ara\u015ftirmalar Merkezi","isPartOf":{"@id":"https:\/\/akunq.net\/tr\/#website"},"primaryImageOfPage":{"@id":"https:\/\/akunq.net\/tr\/?p=62244#primaryimage"},"image":{"@id":"https:\/\/akunq.net\/tr\/?p=62244#primaryimage"},"thumbnailUrl":"https:\/\/akunq.net\/tr\/wp-content\/uploads\/sites\/6\/2021\/04\/Manast\u0131r-tekke-oluyor.jpg","datePublished":"2021-04-06T07:26:09+00:00","author":{"@id":"https:\/\/akunq.net\/tr\/#\/schema\/person\/096f1d38a12cce57fb855b485ed24c9e"},"breadcrumb":{"@id":"https:\/\/akunq.net\/tr\/?p=62244#breadcrumb"},"inLanguage":"en-US","potentialAction":[{"@type":"ReadAction","target":["https:\/\/akunq.net\/tr\/?p=62244"]}]},{"@type":"ImageObject","inLanguage":"en-US","@id":"https:\/\/akunq.net\/tr\/?p=62244#primaryimage","url":"https:\/\/akunq.net\/tr\/wp-content\/uploads\/sites\/6\/2021\/04\/Manast\u0131r-tekke-oluyor.jpg","contentUrl":"https:\/\/akunq.net\/tr\/wp-content\/uploads\/sites\/6\/2021\/04\/Manast\u0131r-tekke-oluyor.jpg","width":720,"height":400},{"@type":"BreadcrumbList","@id":"https:\/\/akunq.net\/tr\/?p=62244#breadcrumb","itemListElement":[{"@type":"ListItem","position":1,"name":"Home","item":"https:\/\/akunq.net\/tr"},{"@type":"ListItem","position":2,"name":"Manast\u0131r tekke oluyor"}]},{"@type":"WebSite","@id":"https:\/\/akunq.net\/tr\/#website","url":"https:\/\/akunq.net\/tr\/","name":"Bati Ermenistan Ve Bati Ermenileri Sorunlari Ara\u015ftirmalar Merkezi","description":"","potentialAction":[{"@type":"SearchAction","target":{"@type":"EntryPoint","urlTemplate":"https:\/\/akunq.net\/tr\/?s={search_term_string}"},"query-input":{"@type":"PropertyValueSpecification","valueRequired":true,"valueName":"search_term_string"}}],"inLanguage":"en-US"},{"@type":"Person","@id":"https:\/\/akunq.net\/tr\/#\/schema\/person\/096f1d38a12cce57fb855b485ed24c9e","name":"admin","url":"https:\/\/akunq.net\/tr\/?author=7"}]}},"_links":{"self":[{"href":"https:\/\/akunq.net\/tr\/index.php?rest_route=\/wp\/v2\/posts\/62244","targetHints":{"allow":["GET"]}}],"collection":[{"href":"https:\/\/akunq.net\/tr\/index.php?rest_route=\/wp\/v2\/posts"}],"about":[{"href":"https:\/\/akunq.net\/tr\/index.php?rest_route=\/wp\/v2\/types\/post"}],"author":[{"embeddable":true,"href":"https:\/\/akunq.net\/tr\/index.php?rest_route=\/wp\/v2\/users\/7"}],"replies":[{"embeddable":true,"href":"https:\/\/akunq.net\/tr\/index.php?rest_route=%2Fwp%2Fv2%2Fcomments&post=62244"}],"version-history":[{"count":1,"href":"https:\/\/akunq.net\/tr\/index.php?rest_route=\/wp\/v2\/posts\/62244\/revisions"}],"predecessor-version":[{"id":62246,"href":"https:\/\/akunq.net\/tr\/index.php?rest_route=\/wp\/v2\/posts\/62244\/revisions\/62246"}],"wp:featuredmedia":[{"embeddable":true,"href":"https:\/\/akunq.net\/tr\/index.php?rest_route=\/wp\/v2\/media\/62245"}],"wp:attachment":[{"href":"https:\/\/akunq.net\/tr\/index.php?rest_route=%2Fwp%2Fv2%2Fmedia&parent=62244"}],"wp:term":[{"taxonomy":"category","embeddable":true,"href":"https:\/\/akunq.net\/tr\/index.php?rest_route=%2Fwp%2Fv2%2Fcategories&post=62244"},{"taxonomy":"post_tag","embeddable":true,"href":"https:\/\/akunq.net\/tr\/index.php?rest_route=%2Fwp%2Fv2%2Ftags&post=62244"}],"curies":[{"name":"wp","href":"https:\/\/api.w.org\/{rel}","templated":true}]}}