{"id":62241,"date":"2021-04-06T02:00:06","date_gmt":"2021-04-06T07:00:06","guid":{"rendered":"https:\/\/akunq.net\/tr\/?p=62241"},"modified":"2021-04-06T02:00:06","modified_gmt":"2021-04-06T07:00:06","slug":"olerek-olumu-yenmeye-dair","status":"publish","type":"post","link":"https:\/\/akunq.net\/tr\/?p=62241","title":{"rendered":"\u00d6lerek \u00f6l\u00fcm\u00fc yenmeye dair"},"content":{"rendered":"<div><img loading=\"lazy\" decoding=\"async\" class=\"aligncenter size-medium wp-image-62242\" src=\"https:\/\/akunq.net\/tr\/wp-content\/uploads\/2021\/04\/Dink-360x242.jpeg\" alt=\"\" width=\"360\" height=\"242\" srcset=\"https:\/\/akunq.net\/tr\/wp-content\/uploads\/sites\/6\/2021\/04\/Dink-360x242.jpeg 360w, https:\/\/akunq.net\/tr\/wp-content\/uploads\/sites\/6\/2021\/04\/Dink-560x377.jpeg 560w, https:\/\/akunq.net\/tr\/wp-content\/uploads\/sites\/6\/2021\/04\/Dink-260x175.jpeg 260w, https:\/\/akunq.net\/tr\/wp-content\/uploads\/sites\/6\/2021\/04\/Dink-160x108.jpeg 160w, https:\/\/akunq.net\/tr\/wp-content\/uploads\/sites\/6\/2021\/04\/Dink.jpeg 750w\" sizes=\"auto, (max-width: 360px) 100vw, 360px\" \/><\/div>\n<div class=\"post-meta\"><span class=\"posted-by\"><strong><span class=\"reviewer\"><a title=\"Pakrat Estukyan\" href=\"http:\/\/www.agos.com.tr\/tr\/yazar\/40\/pakrat-estukyan\" rel=\"author\">Pakrat Estukyan<\/a><\/span> <\/strong>\u00a0<\/span><\/div>\n<div class=\"post-meta\"><em><strong><span style=\"color: #333333; font-family: 'Cantata One', serif; letter-spacing: 0.05em;\">1996 y\u0131l\u0131nda Agos\u2019un Dirili\u015f Yortusu\u2019nda yay\u0131nlanmas\u0131na anlam atfedenlerin bak\u0131\u015f\u0131 ise t\u00fcm\u00fcyle farkl\u0131yd\u0131. Cumhuriyet tarihi boyunca haklar\u0131 gasp edilen T\u00fcrkiye Ermenileri ilk kez kamusal alanda seslerini y\u00fckseltecekleri, u\u011frad\u0131klar\u0131 haks\u0131zl\u0131klara itiraz edecekleri bir bas\u0131n organ\u0131na kavu\u015fuyorlard\u0131.<\/span><\/strong><\/em><\/div>\n<div class=\"post-container cf\">\n<div class=\"post-content-right\">\n<div class=\"post-content description \">\n<p>Hrant Dink ve onun kurdu\u011fu \u2018Agos\u2019 gazetesinin \u00f6n haz\u0131rl\u0131klar\u0131na katk\u0131da bulunan arkada\u015flar\u0131n\u0131n ilk say\u0131n\u0131n tarihi i\u00e7in \u00f6zel bir gayretinden s\u00f6z edilemez. D\u00fcped\u00fcz s\u00fcrecin geli\u015fmelerinin bir sonucu olarak yeni gazetenin ilk say\u0131s\u0131n\u0131n yay\u0131nlanmas\u0131 \u0130sa Mesih\u2019in \u00f6lerek \u00f6l\u00fcm\u00fc yenmesini simgeleyen Dirili\u015f Yortusu\u2019na, yani \u2018Zadig\u2019 bayram\u0131na denk gelmi\u015fti. Y\u0131l 1996, tarih 5 Nisan.<\/p>\n<p>\u00d6l\u00fcm olgusuyla, yani ya\u015fam\u0131n hi\u00e7e d\u00f6n\u00fc\u015fmesi fikriyle bar\u0131\u015famayan insan akl\u0131, \u00e7ok eski \u00e7a\u011flardan bu yana bir \u2018yeniden do\u011fu\u015f\u2019 fikrini t\u00fcm inan\u00e7 sistemlerinde baki k\u0131ld\u0131. Aslolan ya\u015fama yeniden d\u00f6nmekti. Bu y\u00fczden de s\u0131radan insanlar de\u011filse de, \u00f6rne\u011fin firavunlar ve \u015f\u00fcrek\u00e2s\u0131 mumyalanarak g\u00f6m\u00fcld\u00fcler, geri geldiklerinde bedenlerini haz\u0131r bulsunlar, maiyetleri etraflar\u0131nda olsun diye. Fantezi s\u0131n\u0131r tan\u0131mad\u0131\u011f\u0131ndan kimileri atlar\u0131yla, hatta kimi \u00c7in imparatorlar\u0131 de ordular\u0131yla, muhaf\u0131z alaylar\u0131yla birlikte g\u00f6\u00e7t\u00fcler \u00f6te tarafa.<\/p>\n<p>Zamana ba\u011fl\u0131 de\u011fi\u015fim bu sa\u00e7mal\u0131klar\u0131 geride b\u0131raksa da, Z\u00fcmr\u00fcd-\u00fc Anka efsanesi, k\u0131yamet ve sonras\u0131na dair inan\u00e7lar, mehdi beklentisi veya reenkarnasyon bug\u00fcn de bir hayli inanana olas\u0131 g\u00f6r\u00fcn\u00fcyor. Ne de olsa t\u00fcm semavi dinlerde yeri olan bir anlat\u0131 s\u00f6z konusu.<\/p>\n<p>1996 y\u0131l\u0131nda Agos\u2019un Dirili\u015f Yortusu\u2019nda yay\u0131nlanmas\u0131na anlam atfedenlerin bak\u0131\u015f\u0131 ise t\u00fcm\u00fcyle farkl\u0131yd\u0131. Cumhuriyet tarihi boyunca haklar\u0131 gasp edilen T\u00fcrkiye Ermenileri ilk kez kamusal alanda seslerini y\u00fckseltecekleri, u\u011frad\u0131klar\u0131 haks\u0131zl\u0131klara itiraz edecekleri bir bas\u0131n organ\u0131na kavu\u015fuyorlard\u0131. Bir anlamda toplum \u00fczerine serpilen \u00f6l\u00fc topra\u011f\u0131n\u0131 silkeleyecek, varl\u0131\u011f\u0131n\u0131, kimli\u011fini ve ger\u00e7ekli\u011fini ete, kemi\u011fe b\u00fcr\u00fcnd\u00fcrecekti.<\/p>\n<p>D\u00f6nemin sayg\u0131de\u011fer \u2018ger\u00e7ek\u00e7ileri\u2019 bunun nas\u0131l bir c\u00fcret oldu\u011funu anlatmaya \u00e7al\u0131\u015farak, kurulan gazeteye aylar \u00fczerinden \u00f6m\u00fcr bi\u00e7mekteydiler. Bir yandan sonu felaketle bitecek bir maceray\u0131 engellemek, di\u011fer yandan da bu \u00f6l\u00fc topra\u011f\u0131n\u0131n alt\u0131nda kurumsalla\u015fan m\u00fcesses nizama sahip \u00e7\u0131kman\u0131n gayretiyle, ola\u011fan\u00fcst\u00fc bir karalama kampanyas\u0131na soyundular ve bu g\u00fcne kadar da bu \u00e7abalar\u0131ndan geri durmuyorlar.<\/p>\n<p>19 Ocak 2007 o \u00e7evrelerin \u2018biz dememi\u015f miydik?\u2019 diyerek kendilerini hakl\u0131 \u00e7\u0131kard\u0131klar\u0131 g\u00fcn oldu. Ancak atlad\u0131klar\u0131 nokta, olacaklar\u0131 kendilerinden \u00e7ok daha somut bir \u015fekilde \u00f6ng\u00f6renler oldu\u011fu, Hrant Dink\u2019in o \u00f6ng\u00f6r\u00fcs\u00fcn\u00fc b\u00fct\u00fcn ayr\u0131nt\u0131lar\u0131yla gazetesinin sayfalar\u0131na ta\u015f\u0131d\u0131\u011f\u0131 ger\u00e7e\u011fiydi.<\/p>\n<p>Devrimciler, b\u00fct\u00fcn zamanlarda giri\u015ftikleri m\u00fccadelenin ta\u015f\u0131d\u0131\u011f\u0131 risklerin bilincinde olarak hareket ederler. O y\u00fczden de hi\u00e7 kimsenin onlar\u0131n ard\u0131ndan \u2018ben demi\u015ftim\u2019 demeye hakk\u0131 yoktur.<\/p>\n<p>Buna kar\u015f\u0131l\u0131k kurulu\u015funun 25. y\u0131l\u0131n\u0131 kutlayan Agos \u00f6lerek \u00f6l\u00fcm\u00fc yenmenin en \u00e7arp\u0131c\u0131 \u00f6rneklerinden birini, kurucusunu topra\u011fa vererek ya\u015fad\u0131. Ya\u015fam\u0131 boyunca meram\u0131n\u0131 anlatmakta say\u0131s\u0131z engellemelerle m\u00fccadele eden bir devrimci, ensesine s\u0131k\u0131lan iki korkak ve kalle\u015f mermiyle t\u00fcm tezlerini duyan- duymayan herkese anlatt\u0131. Bar\u0131\u015f\u0131, kimli\u011fini ink\u00e2r etmeden bir arada ve dost\u00e7a ya\u015famay\u0131 savunman\u0131n, diyalogun, empatinin, daha da \u00f6nemlisi vicdan\u0131n ve sa\u011fduyunun sesine kulak vermenin bedelinin, bu \u00fclkenin kurulu\u015f felsefesine meydan okumak anlam\u0131na geldi\u011fini bilenlerdendi Hrant.<\/p>\n<p>Yine de g\u00f6z\u00fcn\u00fc budaktan esirgemeden do\u011fru bildi\u011fi yolda k\u00f6t\u00fcl\u00fc\u011f\u00fcn, riyan\u0131n, ink\u00e2r\u0131n ve korkunun \u00fcst\u00fcne y\u00fcr\u00fcd\u00fc. \u00dcstelik hi\u00e7 teredd\u00fct etmeden, hi\u00e7 yalpalamadan, ger\u00e7ek bir devrimci vakar\u0131yla y\u00fcr\u00fcd\u00fc o \u00e7ileli yolda.<\/p>\n<p>26 Mart\u2019ta \u00c7a\u011flayan Adliyesi\u2019nde, 14. A\u011f\u0131r Ceza\u2019n\u0131n k\u00fcrs\u00fcs\u00fcnde okunan h\u00fck\u00fcm, devletin i\u015fleyi\u015findeki s\u00fcreklilik ilkesinin tescilinden ba\u015fka bir anlam i\u00e7ermiyor. Dava s\u00fcrecini izleyenleri \u015fa\u015f\u0131rtmayan bir karar a\u00e7\u0131kland\u0131. \u2018\u00d6ld\u00fcr\u2019 diyenler \u00f6zenle bu soru\u015fturma ve yarg\u0131 s\u00fcrecinin d\u0131\u015f\u0131nda tutuldu.<\/p>\n<p>Hrant\u2019\u0131n davas\u0131n\u0131 adalete ula\u015ft\u0131racak olan bu ku\u015fat\u0131lm\u0131\u015f yarg\u0131 de\u011fil, T\u00fcrkiye devrimci hareketidir. O hareketin bile\u015fenlerinden biri olan Agos\u2019un 25. y\u0131l\u0131n\u0131 kutlarken onun de\u011ferli yolda\u015flar\u0131ndan Sarkis Seropyan\u2019\u0131 da \u00f6l\u00fcm y\u0131ld\u00f6n\u00fcm\u00fcnde sayg\u0131 ve sevgiyle an\u0131yoruz.<\/p>\n<p><em><strong>http:\/\/www.agos.com.tr\/tr\/yazi\/25526\/olerek-olumu-yenmeye-dair\u00a0<\/strong><\/em><\/p>\n<\/div>\n<\/div>\n<\/div>\n","protected":false},"excerpt":{"rendered":"<p>Pakrat Estukyan \u00a0 1996 y\u0131l\u0131nda Agos\u2019un Dirili\u015f Yortusu\u2019nda yay\u0131nlanmas\u0131na anlam atfedenlerin bak\u0131\u015f\u0131 ise t\u00fcm\u00fcyle farkl\u0131yd\u0131. Cumhuriyet tarihi boyunca haklar\u0131 gasp edilen T\u00fcrkiye Ermenileri ilk kez kamusal alanda seslerini y\u00fckseltecekleri, u\u011frad\u0131klar\u0131 haks\u0131zl\u0131klara itiraz edecekleri bir bas\u0131n organ\u0131na kavu\u015fuyorlard\u0131. Hrant Dink ve onun kurdu\u011fu \u2018Agos\u2019 gazetesinin \u00f6n haz\u0131rl\u0131klar\u0131na katk\u0131da bulunan arkada\u015flar\u0131n\u0131n ilk say\u0131n\u0131n tarihi i\u00e7in \u00f6zel bir [&hellip;]<\/p>\n","protected":false},"author":7,"featured_media":62242,"comment_status":"open","ping_status":"open","sticky":false,"template":"","format":"standard","meta":{"footnotes":""},"categories":[1,70],"tags":[],"class_list":["post-62241","post","type-post","status-publish","format-standard","has-post-thumbnail","hentry","category-haberler","category-makaleler"],"yoast_head":"<!-- This site is optimized with the Yoast SEO plugin v27.4 - https:\/\/yoast.com\/product\/yoast-seo-wordpress\/ -->\n<title>\u00d6lerek \u00f6l\u00fcm\u00fc yenmeye dair - Bati Ermenistan Ve Bati Ermenileri Sorunlari Ara\u015ftirmalar Merkezi<\/title>\n<meta name=\"robots\" content=\"index, follow, max-snippet:-1, max-image-preview:large, max-video-preview:-1\" \/>\n<link rel=\"canonical\" href=\"https:\/\/akunq.net\/tr\/?p=62241\" \/>\n<meta property=\"og:locale\" content=\"en_US\" \/>\n<meta property=\"og:type\" content=\"article\" \/>\n<meta property=\"og:title\" content=\"\u00d6lerek \u00f6l\u00fcm\u00fc yenmeye dair - Bati Ermenistan Ve Bati Ermenileri Sorunlari Ara\u015ftirmalar Merkezi\" \/>\n<meta property=\"og:description\" content=\"Pakrat Estukyan \u00a0 1996 y\u0131l\u0131nda Agos\u2019un Dirili\u015f Yortusu\u2019nda yay\u0131nlanmas\u0131na anlam atfedenlerin bak\u0131\u015f\u0131 ise t\u00fcm\u00fcyle farkl\u0131yd\u0131. Cumhuriyet tarihi boyunca haklar\u0131 gasp edilen T\u00fcrkiye Ermenileri ilk kez kamusal alanda seslerini y\u00fckseltecekleri, u\u011frad\u0131klar\u0131 haks\u0131zl\u0131klara itiraz edecekleri bir bas\u0131n organ\u0131na kavu\u015fuyorlard\u0131. Hrant Dink ve onun kurdu\u011fu \u2018Agos\u2019 gazetesinin \u00f6n haz\u0131rl\u0131klar\u0131na katk\u0131da bulunan arkada\u015flar\u0131n\u0131n ilk say\u0131n\u0131n tarihi i\u00e7in \u00f6zel bir [&hellip;]\" \/>\n<meta property=\"og:url\" content=\"https:\/\/akunq.net\/tr\/?p=62241\" \/>\n<meta property=\"og:site_name\" content=\"Bati Ermenistan Ve Bati Ermenileri Sorunlari Ara\u015ftirmalar Merkezi\" \/>\n<meta property=\"article:published_time\" content=\"2021-04-06T07:00:06+00:00\" \/>\n<meta property=\"og:image\" content=\"https:\/\/akunq.net\/tr\/wp-content\/uploads\/sites\/6\/2021\/04\/Dink.jpeg\" \/>\n\t<meta property=\"og:image:width\" content=\"750\" \/>\n\t<meta property=\"og:image:height\" content=\"505\" \/>\n\t<meta property=\"og:image:type\" content=\"image\/jpeg\" \/>\n<meta name=\"author\" content=\"admin\" \/>\n<meta name=\"twitter:card\" content=\"summary_large_image\" \/>\n<meta name=\"twitter:label1\" content=\"Written by\" \/>\n\t<meta name=\"twitter:data1\" content=\"admin\" \/>\n\t<meta name=\"twitter:label2\" content=\"Est. reading time\" \/>\n\t<meta name=\"twitter:data2\" content=\"4 minutes\" \/>\n<script type=\"application\/ld+json\" class=\"yoast-schema-graph\">{\"@context\":\"https:\\\/\\\/schema.org\",\"@graph\":[{\"@type\":\"Article\",\"@id\":\"https:\\\/\\\/akunq.net\\\/tr\\\/?p=62241#article\",\"isPartOf\":{\"@id\":\"https:\\\/\\\/akunq.net\\\/tr\\\/?p=62241\"},\"author\":{\"name\":\"admin\",\"@id\":\"https:\\\/\\\/akunq.net\\\/tr\\\/#\\\/schema\\\/person\\\/096f1d38a12cce57fb855b485ed24c9e\"},\"headline\":\"\u00d6lerek \u00f6l\u00fcm\u00fc yenmeye dair\",\"datePublished\":\"2021-04-06T07:00:06+00:00\",\"mainEntityOfPage\":{\"@id\":\"https:\\\/\\\/akunq.net\\\/tr\\\/?p=62241\"},\"wordCount\":784,\"commentCount\":0,\"image\":{\"@id\":\"https:\\\/\\\/akunq.net\\\/tr\\\/?p=62241#primaryimage\"},\"thumbnailUrl\":\"https:\\\/\\\/akunq.net\\\/tr\\\/wp-content\\\/uploads\\\/sites\\\/6\\\/2021\\\/04\\\/Dink.jpeg\",\"articleSection\":[\"Haberler\",\"Makaleler\"],\"inLanguage\":\"en-US\",\"potentialAction\":[{\"@type\":\"CommentAction\",\"name\":\"Comment\",\"target\":[\"https:\\\/\\\/akunq.net\\\/tr\\\/?p=62241#respond\"]}]},{\"@type\":\"WebPage\",\"@id\":\"https:\\\/\\\/akunq.net\\\/tr\\\/?p=62241\",\"url\":\"https:\\\/\\\/akunq.net\\\/tr\\\/?p=62241\",\"name\":\"\u00d6lerek \u00f6l\u00fcm\u00fc yenmeye dair - Bati Ermenistan Ve Bati Ermenileri Sorunlari Ara\u015ftirmalar Merkezi\",\"isPartOf\":{\"@id\":\"https:\\\/\\\/akunq.net\\\/tr\\\/#website\"},\"primaryImageOfPage\":{\"@id\":\"https:\\\/\\\/akunq.net\\\/tr\\\/?p=62241#primaryimage\"},\"image\":{\"@id\":\"https:\\\/\\\/akunq.net\\\/tr\\\/?p=62241#primaryimage\"},\"thumbnailUrl\":\"https:\\\/\\\/akunq.net\\\/tr\\\/wp-content\\\/uploads\\\/sites\\\/6\\\/2021\\\/04\\\/Dink.jpeg\",\"datePublished\":\"2021-04-06T07:00:06+00:00\",\"author\":{\"@id\":\"https:\\\/\\\/akunq.net\\\/tr\\\/#\\\/schema\\\/person\\\/096f1d38a12cce57fb855b485ed24c9e\"},\"breadcrumb\":{\"@id\":\"https:\\\/\\\/akunq.net\\\/tr\\\/?p=62241#breadcrumb\"},\"inLanguage\":\"en-US\",\"potentialAction\":[{\"@type\":\"ReadAction\",\"target\":[\"https:\\\/\\\/akunq.net\\\/tr\\\/?p=62241\"]}]},{\"@type\":\"ImageObject\",\"inLanguage\":\"en-US\",\"@id\":\"https:\\\/\\\/akunq.net\\\/tr\\\/?p=62241#primaryimage\",\"url\":\"https:\\\/\\\/akunq.net\\\/tr\\\/wp-content\\\/uploads\\\/sites\\\/6\\\/2021\\\/04\\\/Dink.jpeg\",\"contentUrl\":\"https:\\\/\\\/akunq.net\\\/tr\\\/wp-content\\\/uploads\\\/sites\\\/6\\\/2021\\\/04\\\/Dink.jpeg\",\"width\":750,\"height\":505},{\"@type\":\"BreadcrumbList\",\"@id\":\"https:\\\/\\\/akunq.net\\\/tr\\\/?p=62241#breadcrumb\",\"itemListElement\":[{\"@type\":\"ListItem\",\"position\":1,\"name\":\"Home\",\"item\":\"https:\\\/\\\/akunq.net\\\/tr\"},{\"@type\":\"ListItem\",\"position\":2,\"name\":\"\u00d6lerek \u00f6l\u00fcm\u00fc yenmeye dair\"}]},{\"@type\":\"WebSite\",\"@id\":\"https:\\\/\\\/akunq.net\\\/tr\\\/#website\",\"url\":\"https:\\\/\\\/akunq.net\\\/tr\\\/\",\"name\":\"Bati Ermenistan Ve Bati Ermenileri Sorunlari Ara\u015ftirmalar Merkezi\",\"description\":\"\",\"potentialAction\":[{\"@type\":\"SearchAction\",\"target\":{\"@type\":\"EntryPoint\",\"urlTemplate\":\"https:\\\/\\\/akunq.net\\\/tr\\\/?s={search_term_string}\"},\"query-input\":{\"@type\":\"PropertyValueSpecification\",\"valueRequired\":true,\"valueName\":\"search_term_string\"}}],\"inLanguage\":\"en-US\"},{\"@type\":\"Person\",\"@id\":\"https:\\\/\\\/akunq.net\\\/tr\\\/#\\\/schema\\\/person\\\/096f1d38a12cce57fb855b485ed24c9e\",\"name\":\"admin\",\"url\":\"https:\\\/\\\/akunq.net\\\/tr\\\/?author=7\"}]}<\/script>\n<!-- \/ Yoast SEO plugin. -->","yoast_head_json":{"title":"\u00d6lerek \u00f6l\u00fcm\u00fc yenmeye dair - Bati Ermenistan Ve Bati Ermenileri Sorunlari Ara\u015ftirmalar Merkezi","robots":{"index":"index","follow":"follow","max-snippet":"max-snippet:-1","max-image-preview":"max-image-preview:large","max-video-preview":"max-video-preview:-1"},"canonical":"https:\/\/akunq.net\/tr\/?p=62241","og_locale":"en_US","og_type":"article","og_title":"\u00d6lerek \u00f6l\u00fcm\u00fc yenmeye dair - Bati Ermenistan Ve Bati Ermenileri Sorunlari Ara\u015ftirmalar Merkezi","og_description":"Pakrat Estukyan \u00a0 1996 y\u0131l\u0131nda Agos\u2019un Dirili\u015f Yortusu\u2019nda yay\u0131nlanmas\u0131na anlam atfedenlerin bak\u0131\u015f\u0131 ise t\u00fcm\u00fcyle farkl\u0131yd\u0131. Cumhuriyet tarihi boyunca haklar\u0131 gasp edilen T\u00fcrkiye Ermenileri ilk kez kamusal alanda seslerini y\u00fckseltecekleri, u\u011frad\u0131klar\u0131 haks\u0131zl\u0131klara itiraz edecekleri bir bas\u0131n organ\u0131na kavu\u015fuyorlard\u0131. Hrant Dink ve onun kurdu\u011fu \u2018Agos\u2019 gazetesinin \u00f6n haz\u0131rl\u0131klar\u0131na katk\u0131da bulunan arkada\u015flar\u0131n\u0131n ilk say\u0131n\u0131n tarihi i\u00e7in \u00f6zel bir [&hellip;]","og_url":"https:\/\/akunq.net\/tr\/?p=62241","og_site_name":"Bati Ermenistan Ve Bati Ermenileri Sorunlari Ara\u015ftirmalar Merkezi","article_published_time":"2021-04-06T07:00:06+00:00","og_image":[{"width":750,"height":505,"url":"https:\/\/akunq.net\/tr\/wp-content\/uploads\/sites\/6\/2021\/04\/Dink.jpeg","type":"image\/jpeg"}],"author":"admin","twitter_card":"summary_large_image","twitter_misc":{"Written by":"admin","Est. reading time":"4 minutes"},"schema":{"@context":"https:\/\/schema.org","@graph":[{"@type":"Article","@id":"https:\/\/akunq.net\/tr\/?p=62241#article","isPartOf":{"@id":"https:\/\/akunq.net\/tr\/?p=62241"},"author":{"name":"admin","@id":"https:\/\/akunq.net\/tr\/#\/schema\/person\/096f1d38a12cce57fb855b485ed24c9e"},"headline":"\u00d6lerek \u00f6l\u00fcm\u00fc yenmeye dair","datePublished":"2021-04-06T07:00:06+00:00","mainEntityOfPage":{"@id":"https:\/\/akunq.net\/tr\/?p=62241"},"wordCount":784,"commentCount":0,"image":{"@id":"https:\/\/akunq.net\/tr\/?p=62241#primaryimage"},"thumbnailUrl":"https:\/\/akunq.net\/tr\/wp-content\/uploads\/sites\/6\/2021\/04\/Dink.jpeg","articleSection":["Haberler","Makaleler"],"inLanguage":"en-US","potentialAction":[{"@type":"CommentAction","name":"Comment","target":["https:\/\/akunq.net\/tr\/?p=62241#respond"]}]},{"@type":"WebPage","@id":"https:\/\/akunq.net\/tr\/?p=62241","url":"https:\/\/akunq.net\/tr\/?p=62241","name":"\u00d6lerek \u00f6l\u00fcm\u00fc yenmeye dair - Bati Ermenistan Ve Bati Ermenileri Sorunlari Ara\u015ftirmalar Merkezi","isPartOf":{"@id":"https:\/\/akunq.net\/tr\/#website"},"primaryImageOfPage":{"@id":"https:\/\/akunq.net\/tr\/?p=62241#primaryimage"},"image":{"@id":"https:\/\/akunq.net\/tr\/?p=62241#primaryimage"},"thumbnailUrl":"https:\/\/akunq.net\/tr\/wp-content\/uploads\/sites\/6\/2021\/04\/Dink.jpeg","datePublished":"2021-04-06T07:00:06+00:00","author":{"@id":"https:\/\/akunq.net\/tr\/#\/schema\/person\/096f1d38a12cce57fb855b485ed24c9e"},"breadcrumb":{"@id":"https:\/\/akunq.net\/tr\/?p=62241#breadcrumb"},"inLanguage":"en-US","potentialAction":[{"@type":"ReadAction","target":["https:\/\/akunq.net\/tr\/?p=62241"]}]},{"@type":"ImageObject","inLanguage":"en-US","@id":"https:\/\/akunq.net\/tr\/?p=62241#primaryimage","url":"https:\/\/akunq.net\/tr\/wp-content\/uploads\/sites\/6\/2021\/04\/Dink.jpeg","contentUrl":"https:\/\/akunq.net\/tr\/wp-content\/uploads\/sites\/6\/2021\/04\/Dink.jpeg","width":750,"height":505},{"@type":"BreadcrumbList","@id":"https:\/\/akunq.net\/tr\/?p=62241#breadcrumb","itemListElement":[{"@type":"ListItem","position":1,"name":"Home","item":"https:\/\/akunq.net\/tr"},{"@type":"ListItem","position":2,"name":"\u00d6lerek \u00f6l\u00fcm\u00fc yenmeye dair"}]},{"@type":"WebSite","@id":"https:\/\/akunq.net\/tr\/#website","url":"https:\/\/akunq.net\/tr\/","name":"Bati Ermenistan Ve Bati Ermenileri Sorunlari Ara\u015ftirmalar Merkezi","description":"","potentialAction":[{"@type":"SearchAction","target":{"@type":"EntryPoint","urlTemplate":"https:\/\/akunq.net\/tr\/?s={search_term_string}"},"query-input":{"@type":"PropertyValueSpecification","valueRequired":true,"valueName":"search_term_string"}}],"inLanguage":"en-US"},{"@type":"Person","@id":"https:\/\/akunq.net\/tr\/#\/schema\/person\/096f1d38a12cce57fb855b485ed24c9e","name":"admin","url":"https:\/\/akunq.net\/tr\/?author=7"}]}},"_links":{"self":[{"href":"https:\/\/akunq.net\/tr\/index.php?rest_route=\/wp\/v2\/posts\/62241","targetHints":{"allow":["GET"]}}],"collection":[{"href":"https:\/\/akunq.net\/tr\/index.php?rest_route=\/wp\/v2\/posts"}],"about":[{"href":"https:\/\/akunq.net\/tr\/index.php?rest_route=\/wp\/v2\/types\/post"}],"author":[{"embeddable":true,"href":"https:\/\/akunq.net\/tr\/index.php?rest_route=\/wp\/v2\/users\/7"}],"replies":[{"embeddable":true,"href":"https:\/\/akunq.net\/tr\/index.php?rest_route=%2Fwp%2Fv2%2Fcomments&post=62241"}],"version-history":[{"count":1,"href":"https:\/\/akunq.net\/tr\/index.php?rest_route=\/wp\/v2\/posts\/62241\/revisions"}],"predecessor-version":[{"id":62243,"href":"https:\/\/akunq.net\/tr\/index.php?rest_route=\/wp\/v2\/posts\/62241\/revisions\/62243"}],"wp:featuredmedia":[{"embeddable":true,"href":"https:\/\/akunq.net\/tr\/index.php?rest_route=\/wp\/v2\/media\/62242"}],"wp:attachment":[{"href":"https:\/\/akunq.net\/tr\/index.php?rest_route=%2Fwp%2Fv2%2Fmedia&parent=62241"}],"wp:term":[{"taxonomy":"category","embeddable":true,"href":"https:\/\/akunq.net\/tr\/index.php?rest_route=%2Fwp%2Fv2%2Fcategories&post=62241"},{"taxonomy":"post_tag","embeddable":true,"href":"https:\/\/akunq.net\/tr\/index.php?rest_route=%2Fwp%2Fv2%2Ftags&post=62241"}],"curies":[{"name":"wp","href":"https:\/\/api.w.org\/{rel}","templated":true}]}}