{"id":62238,"date":"2021-04-06T01:52:59","date_gmt":"2021-04-06T06:52:59","guid":{"rendered":"https:\/\/akunq.net\/tr\/?p=62238"},"modified":"2021-04-06T01:52:59","modified_gmt":"2021-04-06T06:52:59","slug":"italyanin-bir-sehri-daha-karabagin-bagimsizligini-tanidi","status":"publish","type":"post","link":"https:\/\/akunq.net\/tr\/?p=62238","title":{"rendered":"\u0130talya&#8217;n\u0131n bir \u015fehri daha Karaba\u011f&#8217;\u0131n ba\u011f\u0131ms\u0131zl\u0131\u011f\u0131n\u0131 tan\u0131d\u0131"},"content":{"rendered":"<p><img loading=\"lazy\" decoding=\"async\" class=\"aligncenter size-medium wp-image-62239\" src=\"https:\/\/akunq.net\/tr\/wp-content\/uploads\/2021\/04\/Karaba\u011f-360x242.jpg\" alt=\"\" width=\"360\" height=\"242\" srcset=\"https:\/\/akunq.net\/tr\/wp-content\/uploads\/sites\/6\/2021\/04\/Karaba\u011f-360x242.jpg 360w, https:\/\/akunq.net\/tr\/wp-content\/uploads\/sites\/6\/2021\/04\/Karaba\u011f-560x376.jpg 560w, https:\/\/akunq.net\/tr\/wp-content\/uploads\/sites\/6\/2021\/04\/Karaba\u011f-260x175.jpg 260w, https:\/\/akunq.net\/tr\/wp-content\/uploads\/sites\/6\/2021\/04\/Karaba\u011f-160x107.jpg 160w, https:\/\/akunq.net\/tr\/wp-content\/uploads\/sites\/6\/2021\/04\/Karaba\u011f.jpg 670w\" sizes=\"auto, (max-width: 360px) 100vw, 360px\" \/><\/p>\n<p><em><strong>Ermenistan\u2019\u0131n \u0130talya B\u00fcy\u00fckel\u00e7ili\u011fi, \u0130talya\u2019n\u0131n\u00a0San Vito dei Normanni\u00a0\u015fehrinin Artsakh Cumhuriyeti\u2019ni (Da\u011fl\u0131k Karaba\u011f) tan\u0131d\u0131\u011f\u0131n\u0131 duyurdu.<\/strong><\/em><\/p>\n<p>Artsakh Cumhuriyeti\u2019nin ba\u011f\u0131ms\u0131zl\u0131\u011f\u0131n\u0131n tan\u0131mas\u0131na ili\u015fkin\u00a0San Vito dei Normanni\u00a0belediye meclisi \u00fcyesi\u00a0Vincenzo Calabretti\u00a0 taraf\u0131ndan haz\u0131lanan tasar\u0131, belediye meclis \u00fcyelerinin oybirli\u011fiyle kabul edildi.<\/p>\n<p>Tasar\u0131da belediye meclisi,\u00a0Da\u011fl\u0131k Karaba\u011f\u2019a kar\u015f\u0131 sald\u0131r\u0131lar\u0131 k\u0131nayarak,\u00a0Artsakh Cumhuriyeti\u00a0halk\u0131na dayan\u0131\u015fmas\u0131n\u0131 duyurdu.<\/p>\n<p>Ayr\u0131ca San Vito dei Normanni Belediye Meclisi, \u0130talya h\u00fck\u00fcmetine Artsakh Cumhuriyeti&#8217;ni tan\u0131ma \u00e7a\u011fr\u0131s\u0131 yapt\u0131.<\/p>\n<p><em><strong>https:\/\/www.ermenihaber.am\/tr\/news\/2021\/04\/05\/%C4%B0talya-Artsakh-Karaba%C4%9F\/205501\u00a0<\/strong><\/em><\/p>\n","protected":false},"excerpt":{"rendered":"<p>Ermenistan\u2019\u0131n \u0130talya B\u00fcy\u00fckel\u00e7ili\u011fi, \u0130talya\u2019n\u0131n\u00a0San Vito dei Normanni\u00a0\u015fehrinin Artsakh Cumhuriyeti\u2019ni (Da\u011fl\u0131k Karaba\u011f) tan\u0131d\u0131\u011f\u0131n\u0131 duyurdu. Artsakh Cumhuriyeti\u2019nin ba\u011f\u0131ms\u0131zl\u0131\u011f\u0131n\u0131n tan\u0131mas\u0131na ili\u015fkin\u00a0San Vito dei Normanni\u00a0belediye meclisi \u00fcyesi\u00a0Vincenzo Calabretti\u00a0 taraf\u0131ndan haz\u0131lanan tasar\u0131, belediye meclis \u00fcyelerinin oybirli\u011fiyle kabul edildi. Tasar\u0131da belediye meclisi,\u00a0Da\u011fl\u0131k Karaba\u011f\u2019a kar\u015f\u0131 sald\u0131r\u0131lar\u0131 k\u0131nayarak,\u00a0Artsakh Cumhuriyeti\u00a0halk\u0131na dayan\u0131\u015fmas\u0131n\u0131 duyurdu. Ayr\u0131ca San Vito dei Normanni Belediye Meclisi, \u0130talya h\u00fck\u00fcmetine Artsakh Cumhuriyeti&#8217;ni tan\u0131ma [&hellip;]<\/p>\n","protected":false},"author":7,"featured_media":62239,"comment_status":"open","ping_status":"open","sticky":false,"template":"","format":"standard","meta":{"footnotes":""},"categories":[1],"tags":[],"class_list":["post-62238","post","type-post","status-publish","format-standard","has-post-thumbnail","hentry","category-haberler"],"yoast_head":"<!-- This site is optimized with the Yoast SEO plugin v27.4 - https:\/\/yoast.com\/product\/yoast-seo-wordpress\/ -->\n<title>\u0130talya&#039;n\u0131n bir \u015fehri daha Karaba\u011f&#039;\u0131n ba\u011f\u0131ms\u0131zl\u0131\u011f\u0131n\u0131 tan\u0131d\u0131 - Bati Ermenistan Ve Bati Ermenileri Sorunlari Ara\u015ftirmalar Merkezi<\/title>\n<meta name=\"robots\" content=\"index, follow, max-snippet:-1, max-image-preview:large, max-video-preview:-1\" \/>\n<link rel=\"canonical\" href=\"https:\/\/akunq.net\/tr\/?p=62238\" \/>\n<meta property=\"og:locale\" content=\"en_US\" \/>\n<meta property=\"og:type\" content=\"article\" \/>\n<meta property=\"og:title\" content=\"\u0130talya&#039;n\u0131n bir \u015fehri daha Karaba\u011f&#039;\u0131n ba\u011f\u0131ms\u0131zl\u0131\u011f\u0131n\u0131 tan\u0131d\u0131 - Bati Ermenistan Ve Bati Ermenileri Sorunlari Ara\u015ftirmalar Merkezi\" \/>\n<meta property=\"og:description\" content=\"Ermenistan\u2019\u0131n \u0130talya B\u00fcy\u00fckel\u00e7ili\u011fi, \u0130talya\u2019n\u0131n\u00a0San Vito dei Normanni\u00a0\u015fehrinin Artsakh Cumhuriyeti\u2019ni (Da\u011fl\u0131k Karaba\u011f) tan\u0131d\u0131\u011f\u0131n\u0131 duyurdu. Artsakh Cumhuriyeti\u2019nin ba\u011f\u0131ms\u0131zl\u0131\u011f\u0131n\u0131n tan\u0131mas\u0131na ili\u015fkin\u00a0San Vito dei Normanni\u00a0belediye meclisi \u00fcyesi\u00a0Vincenzo Calabretti\u00a0 taraf\u0131ndan haz\u0131lanan tasar\u0131, belediye meclis \u00fcyelerinin oybirli\u011fiyle kabul edildi. Tasar\u0131da belediye meclisi,\u00a0Da\u011fl\u0131k Karaba\u011f\u2019a kar\u015f\u0131 sald\u0131r\u0131lar\u0131 k\u0131nayarak,\u00a0Artsakh Cumhuriyeti\u00a0halk\u0131na dayan\u0131\u015fmas\u0131n\u0131 duyurdu. Ayr\u0131ca San Vito dei Normanni Belediye Meclisi, \u0130talya h\u00fck\u00fcmetine Artsakh Cumhuriyeti&#8217;ni tan\u0131ma [&hellip;]\" \/>\n<meta property=\"og:url\" content=\"https:\/\/akunq.net\/tr\/?p=62238\" \/>\n<meta property=\"og:site_name\" content=\"Bati Ermenistan Ve Bati Ermenileri Sorunlari Ara\u015ftirmalar Merkezi\" \/>\n<meta property=\"article:published_time\" content=\"2021-04-06T06:52:59+00:00\" \/>\n<meta property=\"og:image\" content=\"https:\/\/akunq.net\/tr\/wp-content\/uploads\/sites\/6\/2021\/04\/Karaba\u011f.jpg\" \/>\n\t<meta property=\"og:image:width\" content=\"670\" \/>\n\t<meta property=\"og:image:height\" content=\"450\" \/>\n\t<meta property=\"og:image:type\" content=\"image\/jpeg\" \/>\n<meta name=\"author\" content=\"admin\" \/>\n<meta name=\"twitter:card\" content=\"summary_large_image\" \/>\n<meta name=\"twitter:label1\" content=\"Written by\" \/>\n\t<meta name=\"twitter:data1\" content=\"admin\" \/>\n\t<meta name=\"twitter:label2\" content=\"Est. reading time\" \/>\n\t<meta name=\"twitter:data2\" content=\"1 minute\" \/>\n<script type=\"application\/ld+json\" class=\"yoast-schema-graph\">{\"@context\":\"https:\\\/\\\/schema.org\",\"@graph\":[{\"@type\":\"Article\",\"@id\":\"https:\\\/\\\/akunq.net\\\/tr\\\/?p=62238#article\",\"isPartOf\":{\"@id\":\"https:\\\/\\\/akunq.net\\\/tr\\\/?p=62238\"},\"author\":{\"name\":\"admin\",\"@id\":\"https:\\\/\\\/akunq.net\\\/tr\\\/#\\\/schema\\\/person\\\/096f1d38a12cce57fb855b485ed24c9e\"},\"headline\":\"\u0130talya&#8217;n\u0131n bir \u015fehri daha Karaba\u011f&#8217;\u0131n ba\u011f\u0131ms\u0131zl\u0131\u011f\u0131n\u0131 tan\u0131d\u0131\",\"datePublished\":\"2021-04-06T06:52:59+00:00\",\"mainEntityOfPage\":{\"@id\":\"https:\\\/\\\/akunq.net\\\/tr\\\/?p=62238\"},\"wordCount\":129,\"commentCount\":0,\"image\":{\"@id\":\"https:\\\/\\\/akunq.net\\\/tr\\\/?p=62238#primaryimage\"},\"thumbnailUrl\":\"https:\\\/\\\/akunq.net\\\/tr\\\/wp-content\\\/uploads\\\/sites\\\/6\\\/2021\\\/04\\\/Karaba\u011f.jpg\",\"articleSection\":[\"Haberler\"],\"inLanguage\":\"en-US\",\"potentialAction\":[{\"@type\":\"CommentAction\",\"name\":\"Comment\",\"target\":[\"https:\\\/\\\/akunq.net\\\/tr\\\/?p=62238#respond\"]}]},{\"@type\":\"WebPage\",\"@id\":\"https:\\\/\\\/akunq.net\\\/tr\\\/?p=62238\",\"url\":\"https:\\\/\\\/akunq.net\\\/tr\\\/?p=62238\",\"name\":\"\u0130talya'n\u0131n bir \u015fehri daha Karaba\u011f'\u0131n ba\u011f\u0131ms\u0131zl\u0131\u011f\u0131n\u0131 tan\u0131d\u0131 - Bati Ermenistan Ve Bati Ermenileri Sorunlari Ara\u015ftirmalar Merkezi\",\"isPartOf\":{\"@id\":\"https:\\\/\\\/akunq.net\\\/tr\\\/#website\"},\"primaryImageOfPage\":{\"@id\":\"https:\\\/\\\/akunq.net\\\/tr\\\/?p=62238#primaryimage\"},\"image\":{\"@id\":\"https:\\\/\\\/akunq.net\\\/tr\\\/?p=62238#primaryimage\"},\"thumbnailUrl\":\"https:\\\/\\\/akunq.net\\\/tr\\\/wp-content\\\/uploads\\\/sites\\\/6\\\/2021\\\/04\\\/Karaba\u011f.jpg\",\"datePublished\":\"2021-04-06T06:52:59+00:00\",\"author\":{\"@id\":\"https:\\\/\\\/akunq.net\\\/tr\\\/#\\\/schema\\\/person\\\/096f1d38a12cce57fb855b485ed24c9e\"},\"breadcrumb\":{\"@id\":\"https:\\\/\\\/akunq.net\\\/tr\\\/?p=62238#breadcrumb\"},\"inLanguage\":\"en-US\",\"potentialAction\":[{\"@type\":\"ReadAction\",\"target\":[\"https:\\\/\\\/akunq.net\\\/tr\\\/?p=62238\"]}]},{\"@type\":\"ImageObject\",\"inLanguage\":\"en-US\",\"@id\":\"https:\\\/\\\/akunq.net\\\/tr\\\/?p=62238#primaryimage\",\"url\":\"https:\\\/\\\/akunq.net\\\/tr\\\/wp-content\\\/uploads\\\/sites\\\/6\\\/2021\\\/04\\\/Karaba\u011f.jpg\",\"contentUrl\":\"https:\\\/\\\/akunq.net\\\/tr\\\/wp-content\\\/uploads\\\/sites\\\/6\\\/2021\\\/04\\\/Karaba\u011f.jpg\",\"width\":670,\"height\":450},{\"@type\":\"BreadcrumbList\",\"@id\":\"https:\\\/\\\/akunq.net\\\/tr\\\/?p=62238#breadcrumb\",\"itemListElement\":[{\"@type\":\"ListItem\",\"position\":1,\"name\":\"Home\",\"item\":\"https:\\\/\\\/akunq.net\\\/tr\"},{\"@type\":\"ListItem\",\"position\":2,\"name\":\"\u0130talya&#8217;n\u0131n bir \u015fehri daha Karaba\u011f&#8217;\u0131n ba\u011f\u0131ms\u0131zl\u0131\u011f\u0131n\u0131 tan\u0131d\u0131\"}]},{\"@type\":\"WebSite\",\"@id\":\"https:\\\/\\\/akunq.net\\\/tr\\\/#website\",\"url\":\"https:\\\/\\\/akunq.net\\\/tr\\\/\",\"name\":\"Bati Ermenistan Ve Bati Ermenileri Sorunlari Ara\u015ftirmalar Merkezi\",\"description\":\"\",\"potentialAction\":[{\"@type\":\"SearchAction\",\"target\":{\"@type\":\"EntryPoint\",\"urlTemplate\":\"https:\\\/\\\/akunq.net\\\/tr\\\/?s={search_term_string}\"},\"query-input\":{\"@type\":\"PropertyValueSpecification\",\"valueRequired\":true,\"valueName\":\"search_term_string\"}}],\"inLanguage\":\"en-US\"},{\"@type\":\"Person\",\"@id\":\"https:\\\/\\\/akunq.net\\\/tr\\\/#\\\/schema\\\/person\\\/096f1d38a12cce57fb855b485ed24c9e\",\"name\":\"admin\",\"url\":\"https:\\\/\\\/akunq.net\\\/tr\\\/?author=7\"}]}<\/script>\n<!-- \/ Yoast SEO plugin. -->","yoast_head_json":{"title":"\u0130talya'n\u0131n bir \u015fehri daha Karaba\u011f'\u0131n ba\u011f\u0131ms\u0131zl\u0131\u011f\u0131n\u0131 tan\u0131d\u0131 - Bati Ermenistan Ve Bati Ermenileri Sorunlari Ara\u015ftirmalar Merkezi","robots":{"index":"index","follow":"follow","max-snippet":"max-snippet:-1","max-image-preview":"max-image-preview:large","max-video-preview":"max-video-preview:-1"},"canonical":"https:\/\/akunq.net\/tr\/?p=62238","og_locale":"en_US","og_type":"article","og_title":"\u0130talya'n\u0131n bir \u015fehri daha Karaba\u011f'\u0131n ba\u011f\u0131ms\u0131zl\u0131\u011f\u0131n\u0131 tan\u0131d\u0131 - Bati Ermenistan Ve Bati Ermenileri Sorunlari Ara\u015ftirmalar Merkezi","og_description":"Ermenistan\u2019\u0131n \u0130talya B\u00fcy\u00fckel\u00e7ili\u011fi, \u0130talya\u2019n\u0131n\u00a0San Vito dei Normanni\u00a0\u015fehrinin Artsakh Cumhuriyeti\u2019ni (Da\u011fl\u0131k Karaba\u011f) tan\u0131d\u0131\u011f\u0131n\u0131 duyurdu. Artsakh Cumhuriyeti\u2019nin ba\u011f\u0131ms\u0131zl\u0131\u011f\u0131n\u0131n tan\u0131mas\u0131na ili\u015fkin\u00a0San Vito dei Normanni\u00a0belediye meclisi \u00fcyesi\u00a0Vincenzo Calabretti\u00a0 taraf\u0131ndan haz\u0131lanan tasar\u0131, belediye meclis \u00fcyelerinin oybirli\u011fiyle kabul edildi. Tasar\u0131da belediye meclisi,\u00a0Da\u011fl\u0131k Karaba\u011f\u2019a kar\u015f\u0131 sald\u0131r\u0131lar\u0131 k\u0131nayarak,\u00a0Artsakh Cumhuriyeti\u00a0halk\u0131na dayan\u0131\u015fmas\u0131n\u0131 duyurdu. Ayr\u0131ca San Vito dei Normanni Belediye Meclisi, \u0130talya h\u00fck\u00fcmetine Artsakh Cumhuriyeti&#8217;ni tan\u0131ma [&hellip;]","og_url":"https:\/\/akunq.net\/tr\/?p=62238","og_site_name":"Bati Ermenistan Ve Bati Ermenileri Sorunlari Ara\u015ftirmalar Merkezi","article_published_time":"2021-04-06T06:52:59+00:00","og_image":[{"width":670,"height":450,"url":"https:\/\/akunq.net\/tr\/wp-content\/uploads\/sites\/6\/2021\/04\/Karaba\u011f.jpg","type":"image\/jpeg"}],"author":"admin","twitter_card":"summary_large_image","twitter_misc":{"Written by":"admin","Est. reading time":"1 minute"},"schema":{"@context":"https:\/\/schema.org","@graph":[{"@type":"Article","@id":"https:\/\/akunq.net\/tr\/?p=62238#article","isPartOf":{"@id":"https:\/\/akunq.net\/tr\/?p=62238"},"author":{"name":"admin","@id":"https:\/\/akunq.net\/tr\/#\/schema\/person\/096f1d38a12cce57fb855b485ed24c9e"},"headline":"\u0130talya&#8217;n\u0131n bir \u015fehri daha Karaba\u011f&#8217;\u0131n ba\u011f\u0131ms\u0131zl\u0131\u011f\u0131n\u0131 tan\u0131d\u0131","datePublished":"2021-04-06T06:52:59+00:00","mainEntityOfPage":{"@id":"https:\/\/akunq.net\/tr\/?p=62238"},"wordCount":129,"commentCount":0,"image":{"@id":"https:\/\/akunq.net\/tr\/?p=62238#primaryimage"},"thumbnailUrl":"https:\/\/akunq.net\/tr\/wp-content\/uploads\/sites\/6\/2021\/04\/Karaba\u011f.jpg","articleSection":["Haberler"],"inLanguage":"en-US","potentialAction":[{"@type":"CommentAction","name":"Comment","target":["https:\/\/akunq.net\/tr\/?p=62238#respond"]}]},{"@type":"WebPage","@id":"https:\/\/akunq.net\/tr\/?p=62238","url":"https:\/\/akunq.net\/tr\/?p=62238","name":"\u0130talya'n\u0131n bir \u015fehri daha Karaba\u011f'\u0131n ba\u011f\u0131ms\u0131zl\u0131\u011f\u0131n\u0131 tan\u0131d\u0131 - Bati Ermenistan Ve Bati Ermenileri Sorunlari Ara\u015ftirmalar Merkezi","isPartOf":{"@id":"https:\/\/akunq.net\/tr\/#website"},"primaryImageOfPage":{"@id":"https:\/\/akunq.net\/tr\/?p=62238#primaryimage"},"image":{"@id":"https:\/\/akunq.net\/tr\/?p=62238#primaryimage"},"thumbnailUrl":"https:\/\/akunq.net\/tr\/wp-content\/uploads\/sites\/6\/2021\/04\/Karaba\u011f.jpg","datePublished":"2021-04-06T06:52:59+00:00","author":{"@id":"https:\/\/akunq.net\/tr\/#\/schema\/person\/096f1d38a12cce57fb855b485ed24c9e"},"breadcrumb":{"@id":"https:\/\/akunq.net\/tr\/?p=62238#breadcrumb"},"inLanguage":"en-US","potentialAction":[{"@type":"ReadAction","target":["https:\/\/akunq.net\/tr\/?p=62238"]}]},{"@type":"ImageObject","inLanguage":"en-US","@id":"https:\/\/akunq.net\/tr\/?p=62238#primaryimage","url":"https:\/\/akunq.net\/tr\/wp-content\/uploads\/sites\/6\/2021\/04\/Karaba\u011f.jpg","contentUrl":"https:\/\/akunq.net\/tr\/wp-content\/uploads\/sites\/6\/2021\/04\/Karaba\u011f.jpg","width":670,"height":450},{"@type":"BreadcrumbList","@id":"https:\/\/akunq.net\/tr\/?p=62238#breadcrumb","itemListElement":[{"@type":"ListItem","position":1,"name":"Home","item":"https:\/\/akunq.net\/tr"},{"@type":"ListItem","position":2,"name":"\u0130talya&#8217;n\u0131n bir \u015fehri daha Karaba\u011f&#8217;\u0131n ba\u011f\u0131ms\u0131zl\u0131\u011f\u0131n\u0131 tan\u0131d\u0131"}]},{"@type":"WebSite","@id":"https:\/\/akunq.net\/tr\/#website","url":"https:\/\/akunq.net\/tr\/","name":"Bati Ermenistan Ve Bati Ermenileri Sorunlari Ara\u015ftirmalar Merkezi","description":"","potentialAction":[{"@type":"SearchAction","target":{"@type":"EntryPoint","urlTemplate":"https:\/\/akunq.net\/tr\/?s={search_term_string}"},"query-input":{"@type":"PropertyValueSpecification","valueRequired":true,"valueName":"search_term_string"}}],"inLanguage":"en-US"},{"@type":"Person","@id":"https:\/\/akunq.net\/tr\/#\/schema\/person\/096f1d38a12cce57fb855b485ed24c9e","name":"admin","url":"https:\/\/akunq.net\/tr\/?author=7"}]}},"_links":{"self":[{"href":"https:\/\/akunq.net\/tr\/index.php?rest_route=\/wp\/v2\/posts\/62238","targetHints":{"allow":["GET"]}}],"collection":[{"href":"https:\/\/akunq.net\/tr\/index.php?rest_route=\/wp\/v2\/posts"}],"about":[{"href":"https:\/\/akunq.net\/tr\/index.php?rest_route=\/wp\/v2\/types\/post"}],"author":[{"embeddable":true,"href":"https:\/\/akunq.net\/tr\/index.php?rest_route=\/wp\/v2\/users\/7"}],"replies":[{"embeddable":true,"href":"https:\/\/akunq.net\/tr\/index.php?rest_route=%2Fwp%2Fv2%2Fcomments&post=62238"}],"version-history":[{"count":1,"href":"https:\/\/akunq.net\/tr\/index.php?rest_route=\/wp\/v2\/posts\/62238\/revisions"}],"predecessor-version":[{"id":62240,"href":"https:\/\/akunq.net\/tr\/index.php?rest_route=\/wp\/v2\/posts\/62238\/revisions\/62240"}],"wp:featuredmedia":[{"embeddable":true,"href":"https:\/\/akunq.net\/tr\/index.php?rest_route=\/wp\/v2\/media\/62239"}],"wp:attachment":[{"href":"https:\/\/akunq.net\/tr\/index.php?rest_route=%2Fwp%2Fv2%2Fmedia&parent=62238"}],"wp:term":[{"taxonomy":"category","embeddable":true,"href":"https:\/\/akunq.net\/tr\/index.php?rest_route=%2Fwp%2Fv2%2Fcategories&post=62238"},{"taxonomy":"post_tag","embeddable":true,"href":"https:\/\/akunq.net\/tr\/index.php?rest_route=%2Fwp%2Fv2%2Ftags&post=62238"}],"curies":[{"name":"wp","href":"https:\/\/api.w.org\/{rel}","templated":true}]}}