{"id":62235,"date":"2021-04-06T01:43:15","date_gmt":"2021-04-06T06:43:15","guid":{"rendered":"https:\/\/akunq.net\/tr\/?p=62235"},"modified":"2021-04-06T01:43:15","modified_gmt":"2021-04-06T06:43:15","slug":"demirtastan-muhalefete-demokrasi-ittifaki-cagrisi","status":"publish","type":"post","link":"https:\/\/akunq.net\/tr\/?p=62235","title":{"rendered":"Demirta\u015f\u2019tan Muhalefete Demokrasi \u0130ttifak\u0131 \u00c7a\u011fr\u0131s\u0131"},"content":{"rendered":"<p><img loading=\"lazy\" decoding=\"async\" class=\"aligncenter size-medium wp-image-62236\" src=\"https:\/\/akunq.net\/tr\/wp-content\/uploads\/2021\/04\/\u054d\u0565\u056c\u0561\u0570\u0561\u0569\u056b\u0576-\u0534\u0565\u0574\u056b\u0580\u0569\u0561\u0577-360x270.jpg\" alt=\"\" width=\"360\" height=\"270\" srcset=\"https:\/\/akunq.net\/tr\/wp-content\/uploads\/sites\/6\/2021\/04\/\u054d\u0565\u056c\u0561\u0570\u0561\u0569\u056b\u0576-\u0534\u0565\u0574\u056b\u0580\u0569\u0561\u0577-360x270.jpg 360w, https:\/\/akunq.net\/tr\/wp-content\/uploads\/sites\/6\/2021\/04\/\u054d\u0565\u056c\u0561\u0570\u0561\u0569\u056b\u0576-\u0534\u0565\u0574\u056b\u0580\u0569\u0561\u0577-260x195.jpg 260w, https:\/\/akunq.net\/tr\/wp-content\/uploads\/sites\/6\/2021\/04\/\u054d\u0565\u056c\u0561\u0570\u0561\u0569\u056b\u0576-\u0534\u0565\u0574\u056b\u0580\u0569\u0561\u0577-160x120.jpg 160w, https:\/\/akunq.net\/tr\/wp-content\/uploads\/sites\/6\/2021\/04\/\u054d\u0565\u056c\u0561\u0570\u0561\u0569\u056b\u0576-\u0534\u0565\u0574\u056b\u0580\u0569\u0561\u0577.jpg 400w\" sizes=\"auto, (max-width: 360px) 100vw, 360px\" \/><\/p>\n<p><em><strong>HDP eski E\u015f Genel Ba\u015fkan\u0131 Selahattin Demirta\u015f, T\u00fcrkiye\u2019de muhalefetin gittik\u00e7e artan bask\u0131ya ve muhalefeti b\u00f6lme \u00e7abalar\u0131na kar\u015f\u0131 birle\u015fmesi gerekti\u011fini s\u00f6yledi.<\/strong><\/em><\/p>\n<p>Demirta\u015f, Cumhurba\u015fkan\u0131 Recep Tayyip Erdo\u011fan\u2019\u0131n lideri oldu\u011fu AKP ve milliyet\u00e7i m\u00fcttefiklerine muhalif olanlar\u0131n ortak demokratik ilkeler \u00fczerinde uzla\u015farak 2023 y\u0131l\u0131nda yap\u0131lmas\u0131 planlanan se\u00e7imlere kadar beklemek yerine hemen ittifak olu\u015fturmalar\u0131 gerekti\u011fini belirtti.<\/p>\n<p>2016 y\u0131l\u0131ndan bu yana cezaevinde olan Demirta\u015f, Reuters haber ajans\u0131n\u0131n sorular\u0131na verdi\u011fi yan\u0131tlarda, demokrasi i\u00e7in birlikte m\u00fccadele etmek isteyen t\u00fcm taraflar\u0131n birle\u015fmesi gerekti\u011fini kaydetti.<\/p>\n<h3><strong>Erken se\u00e7im ihtimali<\/strong><\/h3>\n<p>Erken se\u00e7im ihtimaline de\u011finen Demirta\u015f, AKP\u2019nin ekonomik kriz daha da derinle\u015fmeden erken se\u00e7ime gitmek isteyebilece\u011fini s\u00f6yledi.<\/p>\n<p>Ekonomik krizin derinle\u015fmesi durumunda sosyal patlamalar olabilece\u011fini kaydeden Demirta\u015f, AKP\u2019nin de bundan ka\u00e7\u0131nmak i\u00e7in erken se\u00e7ime gidebilece\u011fini, her duruma haz\u0131rl\u0131kl\u0131 olunmas\u0131 gerekti\u011fini belirtti.<\/p>\n<p>Reuters haber ajans\u0131 sorular\u0131 Demirta\u015f\u2019a yaz\u0131l\u0131 olarak HDP ve avukat\u0131 arac\u0131l\u0131\u011f\u0131yla iletti. Demirta\u015f sorular\u0131 s\u00f6zl\u00fc olarak cevaplad\u0131 ve avukat\u0131 da cevaplar\u0131 yaz\u0131l\u0131 hale getirdi.<\/p>\n<p>D\u00f6rt y\u0131l\u0131 a\u015fk\u0131n bir s\u00fcredir cezaevinde bulunan Demirta\u015f cezaevi ko\u015fullar\u0131na da de\u011findi, kendisini iyi hissetti\u011fini, moralinin yerinde oldu\u011funu ve vicdan\u0131n\u0131n rahat oldu\u011funu belirtti. \u201cNeyse ki halk\u0131n paras\u0131n\u0131 \u00e7ald\u0131\u011f\u0131m i\u00e7in cezaevinde de\u011filim\u201d dedi.<\/p>\n<p>Demirta\u015f, \u201cEvlerimizden bir gece yar\u0131s\u0131 yasa d\u0131\u015f\u0131 \u015fekilde al\u0131nd\u0131k ve siyasi rehinelere d\u00f6n\u00fc\u015ft\u00fcr\u00fcld\u00fck. Bu nedenle gururluyuz. Bizi buraya atanlar utan\u00e7 ve s\u0131k\u0131nt\u0131 i\u00e7inde. Tarihin kirli sayfalar\u0131na ge\u00e7tiler\u201d dedi.<\/p>\n<p>Selahattin Demirta\u015f ge\u00e7ti\u011fimiz ay Cumhurba\u015fkan\u0131na hakaret su\u00e7lamas\u0131ndan \u00fc\u00e7 bu\u00e7uk y\u0131l hapis cezas\u0131na mahkum olmu\u015ftu. Hakk\u0131nda a\u00e7\u0131lan ana dava ise hala devam ediyor. Demirta\u015f ter\u00f6r ba\u011flant\u0131l\u0131 su\u00e7lamalar sebebiyle cezaevinde tutuluyor. HDP eski E\u015f Genel Ba\u015fkan\u0131 ise bu su\u00e7lamalar\u0131 reddediyor.<\/p>\n<p>Avrupa \u0130nsan Haklar\u0131 Mahkemesi Demirta\u015f\u2019\u0131n cezaevinde tutulmas\u0131n\u0131n \u00e7o\u011fulculuk ve tart\u0131\u015fma ortam\u0131n\u0131 k\u0131s\u0131tlaman\u0131n bir k\u0131l\u0131f\u0131 oldu\u011funu belirtmi\u015f ancak T\u00fcrkiye, Demirta\u015f\u2019\u0131n derhal serbest b\u0131rak\u0131lmas\u0131 \u00e7a\u011fr\u0131lar\u0131n\u0131 g\u00f6rmezden gelmi\u015fti.<\/p>\n<h3><strong>Demokrasi ittifak\u0131 \u00e7a\u011fr\u0131s\u0131<\/strong><\/h3>\n<p>Bask\u0131 ve tahribat\u0131n her ge\u00e7en g\u00fcn artt\u0131\u011f\u0131n\u0131 s\u00f6yleyen Selahattin Demirta\u015f, bu nedenle de se\u00e7imi beklemeden bug\u00fcnden itibaren bir demokrasi ittifak\u0131n\u0131n kurulmas\u0131n\u0131n \u00e7ok anlaml\u0131 ve de\u011ferli olaca\u011f\u0131n\u0131 belirtti.<\/p>\n<p>2019\u2019daki yerel se\u00e7imlere ittifak halinde giren muhalefet partileri b\u00fcy\u00fck \u015fehirleri kazanarak Cumhurba\u015fkan\u0131 Erdo\u011fan ve partisini bu yerlerde yenilgiye u\u011fratm\u0131\u015ft\u0131. Ancak Reuters\u2019a g\u00f6re, laik, milliyet\u00e7i ve K\u00fcrt yanl\u0131s\u0131 unsurlar g\u00f6z\u00f6n\u00fcnde bulunduruldu\u011funda, muhalefet cephesinde i\u015fbirli\u011finin de k\u0131r\u0131lgan oldu\u011fu g\u00f6r\u00fcl\u00fcyor.<\/p>\n<p>Parlamentodaki \u00fc\u00e7\u00fcnc\u00fc en b\u00fcy\u00fck parti olan Demirta\u015f\u2019\u0131n partisi HDP\u2019den binlerce parti yetkilisi ve \u00fcyesi cezaevine konuldu ve belediye ba\u015fkanlar\u0131 g\u00f6revden al\u0131nd\u0131.<\/p>\n<h3><strong>Kapatma davas\u0131 neyi ama\u00e7l\u0131yor?<\/strong><\/h3>\n<p>Son olarak ge\u00e7ti\u011fimiz ay PKK ile ba\u011flant\u0131l\u0131 oldu\u011fu gerek\u00e7esiyle HDP hakk\u0131nda kapatma davas\u0131 a\u00e7\u0131ld\u0131. Kapatma davas\u0131 hen\u00fcz ba\u015flamad\u0131.<\/p>\n<p>Demirta\u015f HDP hakk\u0131ndaki kapatma davas\u0131n\u0131n, daha \u00f6nce parti kapatmalara kar\u015f\u0131 \u00e7\u0131kan Cumhurba\u015fkan\u0131 Erdo\u011fan ve AKP\u2019nin kurucu ilkelerini bir kenara b\u0131rakt\u0131\u011f\u0131n\u0131 g\u00f6sterdi\u011fini s\u00f6yledi.<\/p>\n<p>AKP\u2019nin iktidarda kalmaktan ba\u015fka ne bir amac\u0131 ne de hedefi oldu\u011funu s\u00f6yleyen Demirta\u015f, HDP\u2019yi kapatma davas\u0131n\u0131n ama\u00e7lar\u0131ndan birinin muhalefet i\u00e7inde anla\u015fmazl\u0131k yaratmak, muhalefeti b\u00f6lmek ve zay\u0131flatmak oldu\u011fu g\u00f6r\u00fc\u015f\u00fcn\u00fc savundu. Demirta\u015f, muhalefeti bu tuza\u011fa d\u00fc\u015fmeme konusunda uyard\u0131.<\/p>\n<p>Ankara HDP\u2019yi PKK ile ba\u011flant\u0131l\u0131 olmakla su\u00e7luyor. PKK T\u00fcrkiye, AB ve ABD\u2019nin ter\u00f6r \u00f6rg\u00fct\u00fc listesinde yer al\u0131yor.<\/p>\n<p>Demirta\u015f\u2019tan MHP\u2019ye ele\u015ftiri Cumhurba\u015fkan\u0131 Erdo\u011fan\u2019\u0131n Devlet Bah\u00e7eli\u2019nin lideri oldu\u011fu ittifak orta\u011f\u0131 MHP pek \u00e7ok kez HDP\u2019nin kapat\u0131lmas\u0131 \u00e7a\u011fr\u0131s\u0131nda bulunmu\u015ftu.<\/p>\n<p>Selahattin Demirta\u015f, MHP\u2019nin devletin kontrolunu ele ge\u00e7irmek ve yeniden \u015fekillendirmek i\u00e7in AKP\u2019nin kendilerine ba\u011f\u0131ml\u0131 olmas\u0131ndan faydaland\u0131\u011f\u0131n\u0131 ancak bu konuda ba\u015far\u0131l\u0131 olamayaca\u011f\u0131n\u0131 dile getirdi.<\/p>\n<p>Demirta\u015f, MHP\u2019den ne kadar bask\u0131 gelirse gelsin, son karar\u0131 veren taraf\u0131n her zaman Erdo\u011fan oldu\u011funu s\u00f6yledi ve b\u00fct\u00fcn sorumlulu\u011fun Erdo\u011fan ve AKP\u2019de oldu\u011funu kaydetti.<\/p>\n<p>Demirta\u015f yarg\u0131land\u0131\u011f\u0131 ana davada 2014 y\u0131l\u0131nda T\u00fcrkiye\u2019de, Suriye\u2019nin Kobani kentine y\u00f6nelik I\u015e\u0130D sald\u0131r\u0131s\u0131n\u0131n tetikledi\u011fi protestolar\u0131 k\u0131\u015fk\u0131rtmakla su\u00e7lan\u0131yor.<\/p>\n<p>Erdo\u011fan Avrupa \u0130nsan Haklar\u0131 Mahkemesi\u2019ni ter\u00f6rist olarak nitelendirdi\u011fi Demirta\u015f\u2019\u0131 savunmakla su\u00e7lam\u0131\u015f ve mahkemeyi iki y\u00fczl\u00fc olarak nitelemi\u015fti.<\/p>\n<p>Demirta\u015f davay\u0131 siyasi olarak nitelendirdi ve 37 ki\u015finin \u00f6l\u00fcm\u00fcyle sonu\u00e7lanan protestolarda tamamen AKP\u2019nin sorumlu oldu\u011funu s\u00f6yledi.<\/p>\n<p>Demirta\u015f su\u00e7lu bulunmas\u0131 halinde 142 y\u0131la kadar hapis cezas\u0131 ile kar\u015f\u0131 kar\u015f\u0131ya kalabilir.<\/p>\n<p>Beraat etme ya da serbest b\u0131rak\u0131lma ihtimalini de de\u011ferlendiren Demirta\u015f, adaletsizli\u011fin boyutu ne kadar derin olursa olsun hi\u00e7 kimsenin kendisini uzun y\u0131llar cezaevinde tutamayaca\u011f\u0131n\u0131 kaydetti.<\/p>\n<p>Ancak bunun i\u00e7in biraz daha zamana ihtiya\u00e7 olaca\u011f\u0131n\u0131 kaydeden Demirta\u015f, hukukun \u00fcst\u00fcnl\u00fc\u011f\u00fc ve yarg\u0131 ba\u011f\u0131ms\u0131zl\u0131\u011f\u0131n\u0131n ancak siyasi atmosferin de\u011fi\u015fmesiyle ve bu da h\u00fck\u00fcmetin de\u011fi\u015fmesiyle m\u00fcmk\u00fcn olaca\u011f\u0131n\u0131 dile getirdi.<\/p>\n<p>Halk\u0131n bunu ba\u015faraca\u011f\u0131na inand\u0131\u011f\u0131n\u0131 s\u00f6yleyen eski HDP lideri, bu nedenle, serbest b\u0131rak\u0131lmay\u0131 mahkemelerden de\u011fil halktan bekledi\u011fini kaydetti. Bunun i\u00e7in halka g\u00fcvendi\u011fini s\u00f6yledi.<\/p>\n<p>VOA taraf\u0131ndan ge\u00e7ilen\u00a0<strong>Demirta\u015f\u2019tan Muhalefete Demokrasi \u0130ttifak\u0131 \u00c7a\u011fr\u0131s\u0131<\/strong>\u00a0haberinde\u00a0<strong>ha-ber.com<\/strong>\u00a0edit\u00f6rlerinin hi\u00e7bir editoryal m\u00fcdahalesi yoktur. Demirta\u015f\u2019tan Muhalefete Demokrasi \u0130ttifak\u0131 \u00c7a\u011fr\u0131s\u0131 haberi web sayfam\u0131za otomatik olarak VOA sitesinden geldi\u011fi \u015fekliyle yer almaktad\u0131r. Bu alanda yer alan\u00a0<strong>Demirta\u015f\u2019tan Muhalefete Demokrasi \u0130ttifak\u0131 \u00c7a\u011fr\u0131s\u0131\u00a0<\/strong>haberinin hukuki muhatab\u0131 haberi ge\u00e7en web siteleri ve ajanslard\u0131r.<\/p>\n<p><em><strong>https:\/\/www.ha-ber.com\/demirtastan-muhalefete-demokrasi-ittifaki-cagrisi\/200095\/\u00a0<\/strong><\/em><\/p>\n","protected":false},"excerpt":{"rendered":"<p>HDP eski E\u015f Genel Ba\u015fkan\u0131 Selahattin Demirta\u015f, T\u00fcrkiye\u2019de muhalefetin gittik\u00e7e artan bask\u0131ya ve muhalefeti b\u00f6lme \u00e7abalar\u0131na kar\u015f\u0131 birle\u015fmesi gerekti\u011fini s\u00f6yledi. Demirta\u015f, Cumhurba\u015fkan\u0131 Recep Tayyip Erdo\u011fan\u2019\u0131n lideri oldu\u011fu AKP ve milliyet\u00e7i m\u00fcttefiklerine muhalif olanlar\u0131n ortak demokratik ilkeler \u00fczerinde uzla\u015farak 2023 y\u0131l\u0131nda yap\u0131lmas\u0131 planlanan se\u00e7imlere kadar beklemek yerine hemen ittifak olu\u015fturmalar\u0131 gerekti\u011fini belirtti. 2016 y\u0131l\u0131ndan bu yana [&hellip;]<\/p>\n","protected":false},"author":7,"featured_media":62236,"comment_status":"open","ping_status":"open","sticky":false,"template":"","format":"standard","meta":{"footnotes":""},"categories":[1],"tags":[],"class_list":["post-62235","post","type-post","status-publish","format-standard","has-post-thumbnail","hentry","category-haberler"],"yoast_head":"<!-- This site is optimized with the Yoast SEO plugin v27.4 - https:\/\/yoast.com\/product\/yoast-seo-wordpress\/ -->\n<title>Demirta\u015f\u2019tan Muhalefete Demokrasi \u0130ttifak\u0131 \u00c7a\u011fr\u0131s\u0131 - Bati Ermenistan Ve Bati Ermenileri Sorunlari Ara\u015ftirmalar Merkezi<\/title>\n<meta name=\"robots\" content=\"index, follow, max-snippet:-1, max-image-preview:large, max-video-preview:-1\" \/>\n<link rel=\"canonical\" href=\"https:\/\/akunq.net\/tr\/?p=62235\" \/>\n<meta property=\"og:locale\" content=\"en_US\" \/>\n<meta property=\"og:type\" content=\"article\" \/>\n<meta property=\"og:title\" content=\"Demirta\u015f\u2019tan Muhalefete Demokrasi \u0130ttifak\u0131 \u00c7a\u011fr\u0131s\u0131 - Bati Ermenistan Ve Bati Ermenileri Sorunlari Ara\u015ftirmalar Merkezi\" \/>\n<meta property=\"og:description\" content=\"HDP eski E\u015f Genel Ba\u015fkan\u0131 Selahattin Demirta\u015f, T\u00fcrkiye\u2019de muhalefetin gittik\u00e7e artan bask\u0131ya ve muhalefeti b\u00f6lme \u00e7abalar\u0131na kar\u015f\u0131 birle\u015fmesi gerekti\u011fini s\u00f6yledi. Demirta\u015f, Cumhurba\u015fkan\u0131 Recep Tayyip Erdo\u011fan\u2019\u0131n lideri oldu\u011fu AKP ve milliyet\u00e7i m\u00fcttefiklerine muhalif olanlar\u0131n ortak demokratik ilkeler \u00fczerinde uzla\u015farak 2023 y\u0131l\u0131nda yap\u0131lmas\u0131 planlanan se\u00e7imlere kadar beklemek yerine hemen ittifak olu\u015fturmalar\u0131 gerekti\u011fini belirtti. 2016 y\u0131l\u0131ndan bu yana [&hellip;]\" \/>\n<meta property=\"og:url\" content=\"https:\/\/akunq.net\/tr\/?p=62235\" \/>\n<meta property=\"og:site_name\" content=\"Bati Ermenistan Ve Bati Ermenileri Sorunlari Ara\u015ftirmalar Merkezi\" \/>\n<meta property=\"article:published_time\" content=\"2021-04-06T06:43:15+00:00\" \/>\n<meta property=\"og:image\" content=\"https:\/\/akunq.net\/tr\/wp-content\/uploads\/sites\/6\/2021\/04\/\u054d\u0565\u056c\u0561\u0570\u0561\u0569\u056b\u0576-\u0534\u0565\u0574\u056b\u0580\u0569\u0561\u0577.jpg\" \/>\n\t<meta property=\"og:image:width\" content=\"400\" \/>\n\t<meta property=\"og:image:height\" content=\"300\" \/>\n\t<meta property=\"og:image:type\" content=\"image\/jpeg\" \/>\n<meta name=\"author\" content=\"admin\" \/>\n<meta name=\"twitter:card\" content=\"summary_large_image\" \/>\n<meta name=\"twitter:label1\" content=\"Written by\" \/>\n\t<meta name=\"twitter:data1\" content=\"admin\" \/>\n\t<meta name=\"twitter:label2\" content=\"Est. reading time\" \/>\n\t<meta name=\"twitter:data2\" content=\"5 minutes\" \/>\n<script type=\"application\/ld+json\" class=\"yoast-schema-graph\">{\"@context\":\"https:\\\/\\\/schema.org\",\"@graph\":[{\"@type\":\"Article\",\"@id\":\"https:\\\/\\\/akunq.net\\\/tr\\\/?p=62235#article\",\"isPartOf\":{\"@id\":\"https:\\\/\\\/akunq.net\\\/tr\\\/?p=62235\"},\"author\":{\"name\":\"admin\",\"@id\":\"https:\\\/\\\/akunq.net\\\/tr\\\/#\\\/schema\\\/person\\\/096f1d38a12cce57fb855b485ed24c9e\"},\"headline\":\"Demirta\u015f\u2019tan Muhalefete Demokrasi \u0130ttifak\u0131 \u00c7a\u011fr\u0131s\u0131\",\"datePublished\":\"2021-04-06T06:43:15+00:00\",\"mainEntityOfPage\":{\"@id\":\"https:\\\/\\\/akunq.net\\\/tr\\\/?p=62235\"},\"wordCount\":1062,\"commentCount\":0,\"image\":{\"@id\":\"https:\\\/\\\/akunq.net\\\/tr\\\/?p=62235#primaryimage\"},\"thumbnailUrl\":\"https:\\\/\\\/akunq.net\\\/tr\\\/wp-content\\\/uploads\\\/sites\\\/6\\\/2021\\\/04\\\/\u054d\u0565\u056c\u0561\u0570\u0561\u0569\u056b\u0576-\u0534\u0565\u0574\u056b\u0580\u0569\u0561\u0577.jpg\",\"articleSection\":[\"Haberler\"],\"inLanguage\":\"en-US\",\"potentialAction\":[{\"@type\":\"CommentAction\",\"name\":\"Comment\",\"target\":[\"https:\\\/\\\/akunq.net\\\/tr\\\/?p=62235#respond\"]}]},{\"@type\":\"WebPage\",\"@id\":\"https:\\\/\\\/akunq.net\\\/tr\\\/?p=62235\",\"url\":\"https:\\\/\\\/akunq.net\\\/tr\\\/?p=62235\",\"name\":\"Demirta\u015f\u2019tan Muhalefete Demokrasi \u0130ttifak\u0131 \u00c7a\u011fr\u0131s\u0131 - Bati Ermenistan Ve Bati Ermenileri Sorunlari Ara\u015ftirmalar Merkezi\",\"isPartOf\":{\"@id\":\"https:\\\/\\\/akunq.net\\\/tr\\\/#website\"},\"primaryImageOfPage\":{\"@id\":\"https:\\\/\\\/akunq.net\\\/tr\\\/?p=62235#primaryimage\"},\"image\":{\"@id\":\"https:\\\/\\\/akunq.net\\\/tr\\\/?p=62235#primaryimage\"},\"thumbnailUrl\":\"https:\\\/\\\/akunq.net\\\/tr\\\/wp-content\\\/uploads\\\/sites\\\/6\\\/2021\\\/04\\\/\u054d\u0565\u056c\u0561\u0570\u0561\u0569\u056b\u0576-\u0534\u0565\u0574\u056b\u0580\u0569\u0561\u0577.jpg\",\"datePublished\":\"2021-04-06T06:43:15+00:00\",\"author\":{\"@id\":\"https:\\\/\\\/akunq.net\\\/tr\\\/#\\\/schema\\\/person\\\/096f1d38a12cce57fb855b485ed24c9e\"},\"breadcrumb\":{\"@id\":\"https:\\\/\\\/akunq.net\\\/tr\\\/?p=62235#breadcrumb\"},\"inLanguage\":\"en-US\",\"potentialAction\":[{\"@type\":\"ReadAction\",\"target\":[\"https:\\\/\\\/akunq.net\\\/tr\\\/?p=62235\"]}]},{\"@type\":\"ImageObject\",\"inLanguage\":\"en-US\",\"@id\":\"https:\\\/\\\/akunq.net\\\/tr\\\/?p=62235#primaryimage\",\"url\":\"https:\\\/\\\/akunq.net\\\/tr\\\/wp-content\\\/uploads\\\/sites\\\/6\\\/2021\\\/04\\\/\u054d\u0565\u056c\u0561\u0570\u0561\u0569\u056b\u0576-\u0534\u0565\u0574\u056b\u0580\u0569\u0561\u0577.jpg\",\"contentUrl\":\"https:\\\/\\\/akunq.net\\\/tr\\\/wp-content\\\/uploads\\\/sites\\\/6\\\/2021\\\/04\\\/\u054d\u0565\u056c\u0561\u0570\u0561\u0569\u056b\u0576-\u0534\u0565\u0574\u056b\u0580\u0569\u0561\u0577.jpg\",\"width\":400,\"height\":300},{\"@type\":\"BreadcrumbList\",\"@id\":\"https:\\\/\\\/akunq.net\\\/tr\\\/?p=62235#breadcrumb\",\"itemListElement\":[{\"@type\":\"ListItem\",\"position\":1,\"name\":\"Home\",\"item\":\"https:\\\/\\\/akunq.net\\\/tr\"},{\"@type\":\"ListItem\",\"position\":2,\"name\":\"Demirta\u015f\u2019tan Muhalefete Demokrasi \u0130ttifak\u0131 \u00c7a\u011fr\u0131s\u0131\"}]},{\"@type\":\"WebSite\",\"@id\":\"https:\\\/\\\/akunq.net\\\/tr\\\/#website\",\"url\":\"https:\\\/\\\/akunq.net\\\/tr\\\/\",\"name\":\"Bati Ermenistan Ve Bati Ermenileri Sorunlari Ara\u015ftirmalar Merkezi\",\"description\":\"\",\"potentialAction\":[{\"@type\":\"SearchAction\",\"target\":{\"@type\":\"EntryPoint\",\"urlTemplate\":\"https:\\\/\\\/akunq.net\\\/tr\\\/?s={search_term_string}\"},\"query-input\":{\"@type\":\"PropertyValueSpecification\",\"valueRequired\":true,\"valueName\":\"search_term_string\"}}],\"inLanguage\":\"en-US\"},{\"@type\":\"Person\",\"@id\":\"https:\\\/\\\/akunq.net\\\/tr\\\/#\\\/schema\\\/person\\\/096f1d38a12cce57fb855b485ed24c9e\",\"name\":\"admin\",\"url\":\"https:\\\/\\\/akunq.net\\\/tr\\\/?author=7\"}]}<\/script>\n<!-- \/ Yoast SEO plugin. -->","yoast_head_json":{"title":"Demirta\u015f\u2019tan Muhalefete Demokrasi \u0130ttifak\u0131 \u00c7a\u011fr\u0131s\u0131 - Bati Ermenistan Ve Bati Ermenileri Sorunlari Ara\u015ftirmalar Merkezi","robots":{"index":"index","follow":"follow","max-snippet":"max-snippet:-1","max-image-preview":"max-image-preview:large","max-video-preview":"max-video-preview:-1"},"canonical":"https:\/\/akunq.net\/tr\/?p=62235","og_locale":"en_US","og_type":"article","og_title":"Demirta\u015f\u2019tan Muhalefete Demokrasi \u0130ttifak\u0131 \u00c7a\u011fr\u0131s\u0131 - Bati Ermenistan Ve Bati Ermenileri Sorunlari Ara\u015ftirmalar Merkezi","og_description":"HDP eski E\u015f Genel Ba\u015fkan\u0131 Selahattin Demirta\u015f, T\u00fcrkiye\u2019de muhalefetin gittik\u00e7e artan bask\u0131ya ve muhalefeti b\u00f6lme \u00e7abalar\u0131na kar\u015f\u0131 birle\u015fmesi gerekti\u011fini s\u00f6yledi. Demirta\u015f, Cumhurba\u015fkan\u0131 Recep Tayyip Erdo\u011fan\u2019\u0131n lideri oldu\u011fu AKP ve milliyet\u00e7i m\u00fcttefiklerine muhalif olanlar\u0131n ortak demokratik ilkeler \u00fczerinde uzla\u015farak 2023 y\u0131l\u0131nda yap\u0131lmas\u0131 planlanan se\u00e7imlere kadar beklemek yerine hemen ittifak olu\u015fturmalar\u0131 gerekti\u011fini belirtti. 2016 y\u0131l\u0131ndan bu yana [&hellip;]","og_url":"https:\/\/akunq.net\/tr\/?p=62235","og_site_name":"Bati Ermenistan Ve Bati Ermenileri Sorunlari Ara\u015ftirmalar Merkezi","article_published_time":"2021-04-06T06:43:15+00:00","og_image":[{"width":400,"height":300,"url":"https:\/\/akunq.net\/tr\/wp-content\/uploads\/sites\/6\/2021\/04\/\u054d\u0565\u056c\u0561\u0570\u0561\u0569\u056b\u0576-\u0534\u0565\u0574\u056b\u0580\u0569\u0561\u0577.jpg","type":"image\/jpeg"}],"author":"admin","twitter_card":"summary_large_image","twitter_misc":{"Written by":"admin","Est. reading time":"5 minutes"},"schema":{"@context":"https:\/\/schema.org","@graph":[{"@type":"Article","@id":"https:\/\/akunq.net\/tr\/?p=62235#article","isPartOf":{"@id":"https:\/\/akunq.net\/tr\/?p=62235"},"author":{"name":"admin","@id":"https:\/\/akunq.net\/tr\/#\/schema\/person\/096f1d38a12cce57fb855b485ed24c9e"},"headline":"Demirta\u015f\u2019tan Muhalefete Demokrasi \u0130ttifak\u0131 \u00c7a\u011fr\u0131s\u0131","datePublished":"2021-04-06T06:43:15+00:00","mainEntityOfPage":{"@id":"https:\/\/akunq.net\/tr\/?p=62235"},"wordCount":1062,"commentCount":0,"image":{"@id":"https:\/\/akunq.net\/tr\/?p=62235#primaryimage"},"thumbnailUrl":"https:\/\/akunq.net\/tr\/wp-content\/uploads\/sites\/6\/2021\/04\/\u054d\u0565\u056c\u0561\u0570\u0561\u0569\u056b\u0576-\u0534\u0565\u0574\u056b\u0580\u0569\u0561\u0577.jpg","articleSection":["Haberler"],"inLanguage":"en-US","potentialAction":[{"@type":"CommentAction","name":"Comment","target":["https:\/\/akunq.net\/tr\/?p=62235#respond"]}]},{"@type":"WebPage","@id":"https:\/\/akunq.net\/tr\/?p=62235","url":"https:\/\/akunq.net\/tr\/?p=62235","name":"Demirta\u015f\u2019tan Muhalefete Demokrasi \u0130ttifak\u0131 \u00c7a\u011fr\u0131s\u0131 - Bati Ermenistan Ve Bati Ermenileri Sorunlari Ara\u015ftirmalar Merkezi","isPartOf":{"@id":"https:\/\/akunq.net\/tr\/#website"},"primaryImageOfPage":{"@id":"https:\/\/akunq.net\/tr\/?p=62235#primaryimage"},"image":{"@id":"https:\/\/akunq.net\/tr\/?p=62235#primaryimage"},"thumbnailUrl":"https:\/\/akunq.net\/tr\/wp-content\/uploads\/sites\/6\/2021\/04\/\u054d\u0565\u056c\u0561\u0570\u0561\u0569\u056b\u0576-\u0534\u0565\u0574\u056b\u0580\u0569\u0561\u0577.jpg","datePublished":"2021-04-06T06:43:15+00:00","author":{"@id":"https:\/\/akunq.net\/tr\/#\/schema\/person\/096f1d38a12cce57fb855b485ed24c9e"},"breadcrumb":{"@id":"https:\/\/akunq.net\/tr\/?p=62235#breadcrumb"},"inLanguage":"en-US","potentialAction":[{"@type":"ReadAction","target":["https:\/\/akunq.net\/tr\/?p=62235"]}]},{"@type":"ImageObject","inLanguage":"en-US","@id":"https:\/\/akunq.net\/tr\/?p=62235#primaryimage","url":"https:\/\/akunq.net\/tr\/wp-content\/uploads\/sites\/6\/2021\/04\/\u054d\u0565\u056c\u0561\u0570\u0561\u0569\u056b\u0576-\u0534\u0565\u0574\u056b\u0580\u0569\u0561\u0577.jpg","contentUrl":"https:\/\/akunq.net\/tr\/wp-content\/uploads\/sites\/6\/2021\/04\/\u054d\u0565\u056c\u0561\u0570\u0561\u0569\u056b\u0576-\u0534\u0565\u0574\u056b\u0580\u0569\u0561\u0577.jpg","width":400,"height":300},{"@type":"BreadcrumbList","@id":"https:\/\/akunq.net\/tr\/?p=62235#breadcrumb","itemListElement":[{"@type":"ListItem","position":1,"name":"Home","item":"https:\/\/akunq.net\/tr"},{"@type":"ListItem","position":2,"name":"Demirta\u015f\u2019tan Muhalefete Demokrasi \u0130ttifak\u0131 \u00c7a\u011fr\u0131s\u0131"}]},{"@type":"WebSite","@id":"https:\/\/akunq.net\/tr\/#website","url":"https:\/\/akunq.net\/tr\/","name":"Bati Ermenistan Ve Bati Ermenileri Sorunlari Ara\u015ftirmalar Merkezi","description":"","potentialAction":[{"@type":"SearchAction","target":{"@type":"EntryPoint","urlTemplate":"https:\/\/akunq.net\/tr\/?s={search_term_string}"},"query-input":{"@type":"PropertyValueSpecification","valueRequired":true,"valueName":"search_term_string"}}],"inLanguage":"en-US"},{"@type":"Person","@id":"https:\/\/akunq.net\/tr\/#\/schema\/person\/096f1d38a12cce57fb855b485ed24c9e","name":"admin","url":"https:\/\/akunq.net\/tr\/?author=7"}]}},"_links":{"self":[{"href":"https:\/\/akunq.net\/tr\/index.php?rest_route=\/wp\/v2\/posts\/62235","targetHints":{"allow":["GET"]}}],"collection":[{"href":"https:\/\/akunq.net\/tr\/index.php?rest_route=\/wp\/v2\/posts"}],"about":[{"href":"https:\/\/akunq.net\/tr\/index.php?rest_route=\/wp\/v2\/types\/post"}],"author":[{"embeddable":true,"href":"https:\/\/akunq.net\/tr\/index.php?rest_route=\/wp\/v2\/users\/7"}],"replies":[{"embeddable":true,"href":"https:\/\/akunq.net\/tr\/index.php?rest_route=%2Fwp%2Fv2%2Fcomments&post=62235"}],"version-history":[{"count":1,"href":"https:\/\/akunq.net\/tr\/index.php?rest_route=\/wp\/v2\/posts\/62235\/revisions"}],"predecessor-version":[{"id":62237,"href":"https:\/\/akunq.net\/tr\/index.php?rest_route=\/wp\/v2\/posts\/62235\/revisions\/62237"}],"wp:featuredmedia":[{"embeddable":true,"href":"https:\/\/akunq.net\/tr\/index.php?rest_route=\/wp\/v2\/media\/62236"}],"wp:attachment":[{"href":"https:\/\/akunq.net\/tr\/index.php?rest_route=%2Fwp%2Fv2%2Fmedia&parent=62235"}],"wp:term":[{"taxonomy":"category","embeddable":true,"href":"https:\/\/akunq.net\/tr\/index.php?rest_route=%2Fwp%2Fv2%2Fcategories&post=62235"},{"taxonomy":"post_tag","embeddable":true,"href":"https:\/\/akunq.net\/tr\/index.php?rest_route=%2Fwp%2Fv2%2Ftags&post=62235"}],"curies":[{"name":"wp","href":"https:\/\/api.w.org\/{rel}","templated":true}]}}