{"id":62228,"date":"2021-04-02T02:36:45","date_gmt":"2021-04-02T07:36:45","guid":{"rendered":"https:\/\/akunq.net\/tr\/?p=62228"},"modified":"2021-04-02T02:36:45","modified_gmt":"2021-04-02T07:36:45","slug":"mardinde-mor-efrem-manastiri-arazisine-otopark","status":"publish","type":"post","link":"https:\/\/akunq.net\/tr\/?p=62228","title":{"rendered":"Mardin&#8217;de Mor Efrem Manast\u0131r\u0131 arazisine otopark"},"content":{"rendered":"<p><img loading=\"lazy\" decoding=\"async\" class=\"aligncenter size-medium wp-image-62229\" src=\"https:\/\/akunq.net\/tr\/wp-content\/uploads\/2021\/04\/Mardindeki-Mor-Efrem-Manast\u0131r\u0131-360x203.jpg\" alt=\"\" width=\"360\" height=\"203\" srcset=\"https:\/\/akunq.net\/tr\/wp-content\/uploads\/sites\/6\/2021\/04\/Mardindeki-Mor-Efrem-Manast\u0131r\u0131-360x203.jpg 360w, https:\/\/akunq.net\/tr\/wp-content\/uploads\/sites\/6\/2021\/04\/Mardindeki-Mor-Efrem-Manast\u0131r\u0131-768x432.jpg 768w, https:\/\/akunq.net\/tr\/wp-content\/uploads\/sites\/6\/2021\/04\/Mardindeki-Mor-Efrem-Manast\u0131r\u0131-1536x864.jpg 1536w, https:\/\/akunq.net\/tr\/wp-content\/uploads\/sites\/6\/2021\/04\/Mardindeki-Mor-Efrem-Manast\u0131r\u0131-560x315.jpg 560w, https:\/\/akunq.net\/tr\/wp-content\/uploads\/sites\/6\/2021\/04\/Mardindeki-Mor-Efrem-Manast\u0131r\u0131-260x146.jpg 260w, https:\/\/akunq.net\/tr\/wp-content\/uploads\/sites\/6\/2021\/04\/Mardindeki-Mor-Efrem-Manast\u0131r\u0131-160x90.jpg 160w, https:\/\/akunq.net\/tr\/wp-content\/uploads\/sites\/6\/2021\/04\/Mardindeki-Mor-Efrem-Manast\u0131r\u0131.jpg 1600w\" sizes=\"auto, (max-width: 360px) 100vw, 360px\" \/><\/p>\n<p><em><strong>HDP Milletvekili Garo Paylan Mardin&#8217;de Mor Efrem Manast\u0131r\u0131 arazisine in\u015fa edilen otoparkla ilgili olarak K\u00fclt\u00fcr ve Turizm Bakan\u0131 Mehmet Nuri Ersoy&#8217;a soru \u00f6nergesi y\u00f6neltti.<\/strong><\/em><\/p>\n<p><em>Paylan&#8217;\u0131n soru \u00f6nergesi \u015f\u00f6yle:<\/em><\/p>\n<p>&#8220;Mardin Diyarbak\u0131rkap\u0131 Mahallesi\u2019nde bulunan ve S\u00fcryani Katolik cemaatine ait birinci derece tarihi eser olan Mor Efrem Manast\u0131r\u0131 arazisine katl\u0131 betonarme otopark yapmak amac\u0131yla kaz\u0131 \u00e7al\u0131\u015fmalar\u0131na ba\u015fland\u0131\u011f\u0131 bilgisi sosyal medya ve bas\u0131na foto\u011fraflar\u0131yla beraber yans\u0131m\u0131\u015ft\u0131r.<\/p>\n<p>S\u00fcryani Katolik Vakf\u0131\u2019ndan 1969 tarihinde \u201cye\u015fil saha\u201d beyan\u0131yla istimlak edilen arazide yap\u0131lan bu in\u015faat\u0131n 1884\u2019te in\u015fa edilen manast\u0131ra ciddi zararlar verece\u011fi de\u011ferlendirilmektedir.<\/p>\n<p>Bu ba\u011flamda;<\/p>\n<p>1. S\u00fcryani manast\u0131r\u0131n\u0131n arazisinde yap\u0131lan otopark in\u015faat\u0131n\u0131 neden durdurmuyorsunuz?<br \/>\n2. S\u00fcryani Mor Efrem Manast\u0131r\u0131\u2019ndan \u201cye\u015fil saha\u201d bahanesiyle gasp edilen alan \u00fczerine yap\u0131lan katl\u0131 otopark\u0131n tarihi manast\u0131r\u0131n varl\u0131\u011f\u0131 i\u00e7in bir tehdit oldu\u011funu bilmiyor musunuz?<br \/>\n3. Anadolu co\u011frafyas\u0131ndaki; Ermeni, S\u00fcryani, Rum ve benzer kadim k\u00fclt\u00fcrlere ait kilise, manast\u0131r, mezarl\u0131k gibi tarihi mekanlara kar\u015f\u0131 uygulanan yoketme politikas\u0131na neden dur demiyorsunuz?&#8221;<\/p>\n<p><em><strong>http:\/\/www.agos.com.tr\/tr\/yazi\/25518\/mardin-de-mor-efrem-manastiri-arazisine-otopark\u00a0<\/strong><\/em><\/p>\n","protected":false},"excerpt":{"rendered":"<p>HDP Milletvekili Garo Paylan Mardin&#8217;de Mor Efrem Manast\u0131r\u0131 arazisine in\u015fa edilen otoparkla ilgili olarak K\u00fclt\u00fcr ve Turizm Bakan\u0131 Mehmet Nuri Ersoy&#8217;a soru \u00f6nergesi y\u00f6neltti. Paylan&#8217;\u0131n soru \u00f6nergesi \u015f\u00f6yle: &#8220;Mardin Diyarbak\u0131rkap\u0131 Mahallesi\u2019nde bulunan ve S\u00fcryani Katolik cemaatine ait birinci derece tarihi eser olan Mor Efrem Manast\u0131r\u0131 arazisine katl\u0131 betonarme otopark yapmak amac\u0131yla kaz\u0131 \u00e7al\u0131\u015fmalar\u0131na ba\u015fland\u0131\u011f\u0131 bilgisi [&hellip;]<\/p>\n","protected":false},"author":7,"featured_media":62229,"comment_status":"open","ping_status":"open","sticky":false,"template":"","format":"standard","meta":{"footnotes":""},"categories":[1],"tags":[],"class_list":["post-62228","post","type-post","status-publish","format-standard","has-post-thumbnail","hentry","category-haberler"],"yoast_head":"<!-- This site is optimized with the Yoast SEO plugin v27.4 - https:\/\/yoast.com\/product\/yoast-seo-wordpress\/ -->\n<title>Mardin&#039;de Mor Efrem Manast\u0131r\u0131 arazisine otopark - Bati Ermenistan Ve Bati Ermenileri Sorunlari Ara\u015ftirmalar Merkezi<\/title>\n<meta name=\"robots\" content=\"index, follow, max-snippet:-1, max-image-preview:large, max-video-preview:-1\" \/>\n<link rel=\"canonical\" href=\"https:\/\/akunq.net\/tr\/?p=62228\" \/>\n<meta property=\"og:locale\" content=\"en_US\" \/>\n<meta property=\"og:type\" content=\"article\" \/>\n<meta property=\"og:title\" content=\"Mardin&#039;de Mor Efrem Manast\u0131r\u0131 arazisine otopark - Bati Ermenistan Ve Bati Ermenileri Sorunlari Ara\u015ftirmalar Merkezi\" \/>\n<meta property=\"og:description\" content=\"HDP Milletvekili Garo Paylan Mardin&#8217;de Mor Efrem Manast\u0131r\u0131 arazisine in\u015fa edilen otoparkla ilgili olarak K\u00fclt\u00fcr ve Turizm Bakan\u0131 Mehmet Nuri Ersoy&#8217;a soru \u00f6nergesi y\u00f6neltti. Paylan&#8217;\u0131n soru \u00f6nergesi \u015f\u00f6yle: &#8220;Mardin Diyarbak\u0131rkap\u0131 Mahallesi\u2019nde bulunan ve S\u00fcryani Katolik cemaatine ait birinci derece tarihi eser olan Mor Efrem Manast\u0131r\u0131 arazisine katl\u0131 betonarme otopark yapmak amac\u0131yla kaz\u0131 \u00e7al\u0131\u015fmalar\u0131na ba\u015fland\u0131\u011f\u0131 bilgisi [&hellip;]\" \/>\n<meta property=\"og:url\" content=\"https:\/\/akunq.net\/tr\/?p=62228\" \/>\n<meta property=\"og:site_name\" content=\"Bati Ermenistan Ve Bati Ermenileri Sorunlari Ara\u015ftirmalar Merkezi\" \/>\n<meta property=\"article:published_time\" content=\"2021-04-02T07:36:45+00:00\" \/>\n<meta property=\"og:image\" content=\"https:\/\/akunq.net\/tr\/wp-content\/uploads\/sites\/6\/2021\/04\/Mardindeki-Mor-Efrem-Manast\u0131r\u0131.jpg\" \/>\n\t<meta property=\"og:image:width\" content=\"1600\" \/>\n\t<meta property=\"og:image:height\" content=\"900\" \/>\n\t<meta property=\"og:image:type\" content=\"image\/jpeg\" \/>\n<meta name=\"author\" content=\"admin\" \/>\n<meta name=\"twitter:card\" content=\"summary_large_image\" \/>\n<meta name=\"twitter:label1\" content=\"Written by\" \/>\n\t<meta name=\"twitter:data1\" content=\"admin\" \/>\n\t<meta name=\"twitter:label2\" content=\"Est. reading time\" \/>\n\t<meta name=\"twitter:data2\" content=\"1 minute\" \/>\n<script type=\"application\/ld+json\" class=\"yoast-schema-graph\">{\"@context\":\"https:\\\/\\\/schema.org\",\"@graph\":[{\"@type\":\"Article\",\"@id\":\"https:\\\/\\\/akunq.net\\\/tr\\\/?p=62228#article\",\"isPartOf\":{\"@id\":\"https:\\\/\\\/akunq.net\\\/tr\\\/?p=62228\"},\"author\":{\"name\":\"admin\",\"@id\":\"https:\\\/\\\/akunq.net\\\/tr\\\/#\\\/schema\\\/person\\\/096f1d38a12cce57fb855b485ed24c9e\"},\"headline\":\"Mardin&#8217;de Mor Efrem Manast\u0131r\u0131 arazisine otopark\",\"datePublished\":\"2021-04-02T07:36:45+00:00\",\"mainEntityOfPage\":{\"@id\":\"https:\\\/\\\/akunq.net\\\/tr\\\/?p=62228\"},\"wordCount\":211,\"commentCount\":0,\"image\":{\"@id\":\"https:\\\/\\\/akunq.net\\\/tr\\\/?p=62228#primaryimage\"},\"thumbnailUrl\":\"https:\\\/\\\/akunq.net\\\/tr\\\/wp-content\\\/uploads\\\/sites\\\/6\\\/2021\\\/04\\\/Mardindeki-Mor-Efrem-Manast\u0131r\u0131.jpg\",\"articleSection\":[\"Haberler\"],\"inLanguage\":\"en-US\",\"potentialAction\":[{\"@type\":\"CommentAction\",\"name\":\"Comment\",\"target\":[\"https:\\\/\\\/akunq.net\\\/tr\\\/?p=62228#respond\"]}]},{\"@type\":\"WebPage\",\"@id\":\"https:\\\/\\\/akunq.net\\\/tr\\\/?p=62228\",\"url\":\"https:\\\/\\\/akunq.net\\\/tr\\\/?p=62228\",\"name\":\"Mardin'de Mor Efrem Manast\u0131r\u0131 arazisine otopark - Bati Ermenistan Ve Bati Ermenileri Sorunlari Ara\u015ftirmalar Merkezi\",\"isPartOf\":{\"@id\":\"https:\\\/\\\/akunq.net\\\/tr\\\/#website\"},\"primaryImageOfPage\":{\"@id\":\"https:\\\/\\\/akunq.net\\\/tr\\\/?p=62228#primaryimage\"},\"image\":{\"@id\":\"https:\\\/\\\/akunq.net\\\/tr\\\/?p=62228#primaryimage\"},\"thumbnailUrl\":\"https:\\\/\\\/akunq.net\\\/tr\\\/wp-content\\\/uploads\\\/sites\\\/6\\\/2021\\\/04\\\/Mardindeki-Mor-Efrem-Manast\u0131r\u0131.jpg\",\"datePublished\":\"2021-04-02T07:36:45+00:00\",\"author\":{\"@id\":\"https:\\\/\\\/akunq.net\\\/tr\\\/#\\\/schema\\\/person\\\/096f1d38a12cce57fb855b485ed24c9e\"},\"breadcrumb\":{\"@id\":\"https:\\\/\\\/akunq.net\\\/tr\\\/?p=62228#breadcrumb\"},\"inLanguage\":\"en-US\",\"potentialAction\":[{\"@type\":\"ReadAction\",\"target\":[\"https:\\\/\\\/akunq.net\\\/tr\\\/?p=62228\"]}]},{\"@type\":\"ImageObject\",\"inLanguage\":\"en-US\",\"@id\":\"https:\\\/\\\/akunq.net\\\/tr\\\/?p=62228#primaryimage\",\"url\":\"https:\\\/\\\/akunq.net\\\/tr\\\/wp-content\\\/uploads\\\/sites\\\/6\\\/2021\\\/04\\\/Mardindeki-Mor-Efrem-Manast\u0131r\u0131.jpg\",\"contentUrl\":\"https:\\\/\\\/akunq.net\\\/tr\\\/wp-content\\\/uploads\\\/sites\\\/6\\\/2021\\\/04\\\/Mardindeki-Mor-Efrem-Manast\u0131r\u0131.jpg\",\"width\":1600,\"height\":900},{\"@type\":\"BreadcrumbList\",\"@id\":\"https:\\\/\\\/akunq.net\\\/tr\\\/?p=62228#breadcrumb\",\"itemListElement\":[{\"@type\":\"ListItem\",\"position\":1,\"name\":\"Home\",\"item\":\"https:\\\/\\\/akunq.net\\\/tr\"},{\"@type\":\"ListItem\",\"position\":2,\"name\":\"Mardin&#8217;de Mor Efrem Manast\u0131r\u0131 arazisine otopark\"}]},{\"@type\":\"WebSite\",\"@id\":\"https:\\\/\\\/akunq.net\\\/tr\\\/#website\",\"url\":\"https:\\\/\\\/akunq.net\\\/tr\\\/\",\"name\":\"Bati Ermenistan Ve Bati Ermenileri Sorunlari Ara\u015ftirmalar Merkezi\",\"description\":\"\",\"potentialAction\":[{\"@type\":\"SearchAction\",\"target\":{\"@type\":\"EntryPoint\",\"urlTemplate\":\"https:\\\/\\\/akunq.net\\\/tr\\\/?s={search_term_string}\"},\"query-input\":{\"@type\":\"PropertyValueSpecification\",\"valueRequired\":true,\"valueName\":\"search_term_string\"}}],\"inLanguage\":\"en-US\"},{\"@type\":\"Person\",\"@id\":\"https:\\\/\\\/akunq.net\\\/tr\\\/#\\\/schema\\\/person\\\/096f1d38a12cce57fb855b485ed24c9e\",\"name\":\"admin\",\"url\":\"https:\\\/\\\/akunq.net\\\/tr\\\/?author=7\"}]}<\/script>\n<!-- \/ Yoast SEO plugin. -->","yoast_head_json":{"title":"Mardin'de Mor Efrem Manast\u0131r\u0131 arazisine otopark - Bati Ermenistan Ve Bati Ermenileri Sorunlari Ara\u015ftirmalar Merkezi","robots":{"index":"index","follow":"follow","max-snippet":"max-snippet:-1","max-image-preview":"max-image-preview:large","max-video-preview":"max-video-preview:-1"},"canonical":"https:\/\/akunq.net\/tr\/?p=62228","og_locale":"en_US","og_type":"article","og_title":"Mardin'de Mor Efrem Manast\u0131r\u0131 arazisine otopark - Bati Ermenistan Ve Bati Ermenileri Sorunlari Ara\u015ftirmalar Merkezi","og_description":"HDP Milletvekili Garo Paylan Mardin&#8217;de Mor Efrem Manast\u0131r\u0131 arazisine in\u015fa edilen otoparkla ilgili olarak K\u00fclt\u00fcr ve Turizm Bakan\u0131 Mehmet Nuri Ersoy&#8217;a soru \u00f6nergesi y\u00f6neltti. Paylan&#8217;\u0131n soru \u00f6nergesi \u015f\u00f6yle: &#8220;Mardin Diyarbak\u0131rkap\u0131 Mahallesi\u2019nde bulunan ve S\u00fcryani Katolik cemaatine ait birinci derece tarihi eser olan Mor Efrem Manast\u0131r\u0131 arazisine katl\u0131 betonarme otopark yapmak amac\u0131yla kaz\u0131 \u00e7al\u0131\u015fmalar\u0131na ba\u015fland\u0131\u011f\u0131 bilgisi [&hellip;]","og_url":"https:\/\/akunq.net\/tr\/?p=62228","og_site_name":"Bati Ermenistan Ve Bati Ermenileri Sorunlari Ara\u015ftirmalar Merkezi","article_published_time":"2021-04-02T07:36:45+00:00","og_image":[{"width":1600,"height":900,"url":"https:\/\/akunq.net\/tr\/wp-content\/uploads\/sites\/6\/2021\/04\/Mardindeki-Mor-Efrem-Manast\u0131r\u0131.jpg","type":"image\/jpeg"}],"author":"admin","twitter_card":"summary_large_image","twitter_misc":{"Written by":"admin","Est. reading time":"1 minute"},"schema":{"@context":"https:\/\/schema.org","@graph":[{"@type":"Article","@id":"https:\/\/akunq.net\/tr\/?p=62228#article","isPartOf":{"@id":"https:\/\/akunq.net\/tr\/?p=62228"},"author":{"name":"admin","@id":"https:\/\/akunq.net\/tr\/#\/schema\/person\/096f1d38a12cce57fb855b485ed24c9e"},"headline":"Mardin&#8217;de Mor Efrem Manast\u0131r\u0131 arazisine otopark","datePublished":"2021-04-02T07:36:45+00:00","mainEntityOfPage":{"@id":"https:\/\/akunq.net\/tr\/?p=62228"},"wordCount":211,"commentCount":0,"image":{"@id":"https:\/\/akunq.net\/tr\/?p=62228#primaryimage"},"thumbnailUrl":"https:\/\/akunq.net\/tr\/wp-content\/uploads\/sites\/6\/2021\/04\/Mardindeki-Mor-Efrem-Manast\u0131r\u0131.jpg","articleSection":["Haberler"],"inLanguage":"en-US","potentialAction":[{"@type":"CommentAction","name":"Comment","target":["https:\/\/akunq.net\/tr\/?p=62228#respond"]}]},{"@type":"WebPage","@id":"https:\/\/akunq.net\/tr\/?p=62228","url":"https:\/\/akunq.net\/tr\/?p=62228","name":"Mardin'de Mor Efrem Manast\u0131r\u0131 arazisine otopark - Bati Ermenistan Ve Bati Ermenileri Sorunlari Ara\u015ftirmalar Merkezi","isPartOf":{"@id":"https:\/\/akunq.net\/tr\/#website"},"primaryImageOfPage":{"@id":"https:\/\/akunq.net\/tr\/?p=62228#primaryimage"},"image":{"@id":"https:\/\/akunq.net\/tr\/?p=62228#primaryimage"},"thumbnailUrl":"https:\/\/akunq.net\/tr\/wp-content\/uploads\/sites\/6\/2021\/04\/Mardindeki-Mor-Efrem-Manast\u0131r\u0131.jpg","datePublished":"2021-04-02T07:36:45+00:00","author":{"@id":"https:\/\/akunq.net\/tr\/#\/schema\/person\/096f1d38a12cce57fb855b485ed24c9e"},"breadcrumb":{"@id":"https:\/\/akunq.net\/tr\/?p=62228#breadcrumb"},"inLanguage":"en-US","potentialAction":[{"@type":"ReadAction","target":["https:\/\/akunq.net\/tr\/?p=62228"]}]},{"@type":"ImageObject","inLanguage":"en-US","@id":"https:\/\/akunq.net\/tr\/?p=62228#primaryimage","url":"https:\/\/akunq.net\/tr\/wp-content\/uploads\/sites\/6\/2021\/04\/Mardindeki-Mor-Efrem-Manast\u0131r\u0131.jpg","contentUrl":"https:\/\/akunq.net\/tr\/wp-content\/uploads\/sites\/6\/2021\/04\/Mardindeki-Mor-Efrem-Manast\u0131r\u0131.jpg","width":1600,"height":900},{"@type":"BreadcrumbList","@id":"https:\/\/akunq.net\/tr\/?p=62228#breadcrumb","itemListElement":[{"@type":"ListItem","position":1,"name":"Home","item":"https:\/\/akunq.net\/tr"},{"@type":"ListItem","position":2,"name":"Mardin&#8217;de Mor Efrem Manast\u0131r\u0131 arazisine otopark"}]},{"@type":"WebSite","@id":"https:\/\/akunq.net\/tr\/#website","url":"https:\/\/akunq.net\/tr\/","name":"Bati Ermenistan Ve Bati Ermenileri Sorunlari Ara\u015ftirmalar Merkezi","description":"","potentialAction":[{"@type":"SearchAction","target":{"@type":"EntryPoint","urlTemplate":"https:\/\/akunq.net\/tr\/?s={search_term_string}"},"query-input":{"@type":"PropertyValueSpecification","valueRequired":true,"valueName":"search_term_string"}}],"inLanguage":"en-US"},{"@type":"Person","@id":"https:\/\/akunq.net\/tr\/#\/schema\/person\/096f1d38a12cce57fb855b485ed24c9e","name":"admin","url":"https:\/\/akunq.net\/tr\/?author=7"}]}},"_links":{"self":[{"href":"https:\/\/akunq.net\/tr\/index.php?rest_route=\/wp\/v2\/posts\/62228","targetHints":{"allow":["GET"]}}],"collection":[{"href":"https:\/\/akunq.net\/tr\/index.php?rest_route=\/wp\/v2\/posts"}],"about":[{"href":"https:\/\/akunq.net\/tr\/index.php?rest_route=\/wp\/v2\/types\/post"}],"author":[{"embeddable":true,"href":"https:\/\/akunq.net\/tr\/index.php?rest_route=\/wp\/v2\/users\/7"}],"replies":[{"embeddable":true,"href":"https:\/\/akunq.net\/tr\/index.php?rest_route=%2Fwp%2Fv2%2Fcomments&post=62228"}],"version-history":[{"count":1,"href":"https:\/\/akunq.net\/tr\/index.php?rest_route=\/wp\/v2\/posts\/62228\/revisions"}],"predecessor-version":[{"id":62230,"href":"https:\/\/akunq.net\/tr\/index.php?rest_route=\/wp\/v2\/posts\/62228\/revisions\/62230"}],"wp:featuredmedia":[{"embeddable":true,"href":"https:\/\/akunq.net\/tr\/index.php?rest_route=\/wp\/v2\/media\/62229"}],"wp:attachment":[{"href":"https:\/\/akunq.net\/tr\/index.php?rest_route=%2Fwp%2Fv2%2Fmedia&parent=62228"}],"wp:term":[{"taxonomy":"category","embeddable":true,"href":"https:\/\/akunq.net\/tr\/index.php?rest_route=%2Fwp%2Fv2%2Fcategories&post=62228"},{"taxonomy":"post_tag","embeddable":true,"href":"https:\/\/akunq.net\/tr\/index.php?rest_route=%2Fwp%2Fv2%2Ftags&post=62228"}],"curies":[{"name":"wp","href":"https:\/\/api.w.org\/{rel}","templated":true}]}}