{"id":62222,"date":"2021-04-02T02:27:02","date_gmt":"2021-04-02T07:27:02","guid":{"rendered":"https:\/\/akunq.net\/tr\/?p=62222"},"modified":"2021-04-02T02:27:02","modified_gmt":"2021-04-02T07:27:02","slug":"bahceliye-gore-anayasa-mahkemesi-de-kapatilmali","status":"publish","type":"post","link":"https:\/\/akunq.net\/tr\/?p=62222","title":{"rendered":"Bah\u00e7eli&#8217;ye g\u00f6re Anayasa Mahkemesi de kapat\u0131lmal\u0131"},"content":{"rendered":"<p><img loading=\"lazy\" decoding=\"async\" class=\"aligncenter size-medium wp-image-62223\" src=\"https:\/\/akunq.net\/tr\/wp-content\/uploads\/2021\/04\/Anayasa-Mahkemesi-360x202.jpg\" alt=\"\" width=\"360\" height=\"202\" srcset=\"https:\/\/akunq.net\/tr\/wp-content\/uploads\/sites\/6\/2021\/04\/Anayasa-Mahkemesi-360x202.jpg 360w, https:\/\/akunq.net\/tr\/wp-content\/uploads\/sites\/6\/2021\/04\/Anayasa-Mahkemesi-768x432.jpg 768w, https:\/\/akunq.net\/tr\/wp-content\/uploads\/sites\/6\/2021\/04\/Anayasa-Mahkemesi-560x315.jpg 560w, https:\/\/akunq.net\/tr\/wp-content\/uploads\/sites\/6\/2021\/04\/Anayasa-Mahkemesi-260x146.jpg 260w, https:\/\/akunq.net\/tr\/wp-content\/uploads\/sites\/6\/2021\/04\/Anayasa-Mahkemesi-160x90.jpg 160w, https:\/\/akunq.net\/tr\/wp-content\/uploads\/sites\/6\/2021\/04\/Anayasa-Mahkemesi.jpg 777w\" sizes=\"auto, (max-width: 360px) 100vw, 360px\" \/><\/p>\n<p class=\"intro\"><em><strong>AYM&#8217;nin HDP&#8217;nin kapat\u0131lmas\u0131na ili\u015fkin iddianameyi usul gerek\u00e7esiyle iadesi \u00fczerine MHP lideri Bah\u00e7eli, AYM&#8217;nin kapat\u0131lmas\u0131n\u0131 teklif etti.<\/strong><\/em><\/p>\n<div id=\"sharing-bar\" class=\"min\"><span dir=\"ltr\">\u00a0<\/span><span dir=\"ltr\">\u00a0<\/span><span dir=\"ltr\">\u00a0<\/span><span dir=\"ltr\">\u00a0<\/span><\/div>\n<div class=\"picBox full\"><a class=\"overlayLink init\" href=\"https:\/\/www.dw.com\/tr\/bah%C3%A7eliye-g%C3%B6re-anayasa-mahkemesi-de-kapat%C4%B1lmal%C4%B1\/a-57067087#\" rel=\"nofollow\"><img decoding=\"async\" title=\"MHP Genel Ba\u015fkan\u0131 Devlet Bah\u00e7eli\" src=\"https:\/\/static.dw.com\/image\/56914338_303.jpg\" alt=\"MHP Genel Ba\u015fkan\u0131 Devlet Bah\u00e7eli\" \/><\/a><em>MHP Genel Ba\u015fkan\u0131 Devlet Bah\u00e7eli<\/em><\/p>\n<\/div>\n<div class=\"group\">\n<div class=\"longText\">\n<p>Anayasa Mahkemesi&#8217;nin (AYM) HDP iddianamesini iade etmesine tepki g\u00f6steren MHP Genel Ba\u015fkan\u0131 Devlet Bah\u00e7eli, &#8220;AYM&#8217;nin iade karar\u0131 milli vicdanda h\u00fck\u00fcms\u00fczd\u00fcr, T\u00fcrkiye&#8217;nin var olu\u015f haklar\u0131na sadece usul a\u00e7\u0131s\u0131ndan de\u011fil, esastan da ileri d\u00fczeyde zarar vermi\u015ftir&#8221; \u015feklinde a\u00e7\u0131klama yapt\u0131.<\/p>\n<p>Yaz\u0131l\u0131 a\u00e7\u0131klamas\u0131nda Bah\u00e7eli, Yarg\u0131tay Cumhuriyet Ba\u015fsavc\u0131l\u0131\u011f\u0131 taraf\u0131ndan, HDP&#8217;nin kapat\u0131lmas\u0131 istemiyle haz\u0131rlan\u0131p AYM&#8217;ye sunulan iddianamenin usul eksikleri gerek\u00e7esiyle iade edilmesinin HDP&#8217;ye zaman kazand\u0131rd\u0131\u011f\u0131n\u0131 ileri s\u00fcrd\u00fc. Devlet Bah\u00e7eli, &#8220;Anayasa Mahkemesi&#8217;nce g\u00f6revlendirilen bir r\u00f6port\u00f6r\u00fcn k\u0131sa s\u00fcre i\u00e7inde ekler hari\u00e7 608 sayfadan olu\u015fan ve 687 faili bulunan dava dosyas\u0131n\u0131n ana muhtevas\u0131n\u0131 nas\u0131l ve hangi ahlaki, fikri ve hukuki m\u00fcktesebatla inceledi\u011fi muhakkak tart\u0131\u015f\u0131larak \u00fczerinde durulmas\u0131 gereken bir muammad\u0131r. Anla\u015f\u0131lan odur ki, T\u00fcrkiye&#8217;nin ter\u00f6r ve b\u00f6l\u00fcc\u00fcl\u00fckle m\u00fccadelesine Anayasa Mahkemesi duyars\u0131z, ilgisiz ve a\u00e7\u0131k ara mesafelidir. Bahsi ileri s\u00fcr\u00fclen eksikler veya usul\u00fc etkileyen a\u00e7mazlar \u015f\u00fchedaya nas\u0131l anlat\u0131lacak, milli beka ve milli g\u00fcvenlik m\u00fclahazalar\u0131yla nas\u0131l ba\u011fda\u015facakt\u0131r?&#8221; s\u00f6yleminde bulunarak, &#8220;Anayasa Mahkemesi hukukun \u00fcst\u00fcnl\u00fc\u011f\u00fcnden mi yanad\u0131r, yoksa b\u00f6l\u00fcc\u00fcl\u00fc\u011f\u00fcn m\u00fc \u015fak\u015fak\u00e7\u0131s\u0131d\u0131r? Da\u011fda elde edilen ba\u015far\u0131lar\u0131n TBMM&#8217;de kayb\u0131na tahamm\u00fcl\u00fcm\u00fcz asla olamayacakt\u0131r. HDP&#8217;nin kapat\u0131lmas\u0131 kadar Anayasa Mahkemesi&#8217;nin de kapanmas\u0131 art\u0131k ertelenemez bir hedef olmal\u0131d\u0131r&#8221; ifadelerini kulland\u0131.<\/p>\n<h2>Anayasa Mahkemesi&#8217;nin kapat\u0131lmas\u0131 talebine tepkiler<\/h2>\n<p>Deva Parti&#8217;si \u00fcyesi, \u0130stanbul Milletvekili Mustafa Yenero\u011flu, &#8220;\u0130ktidar orta\u011f\u0131 Anayasa Mahkemesi&#8217;ni kapatal\u0131m demi\u015f. Yak\u0131\u015f\u0131r. Ne de olsa hukuk devletinden herhangi bir iz b\u0131rakmamaya yemin etmi\u015fler. Biz vatanseverler de T\u00fcrkiye&#8217;yi onlardan kurtarmaya yemin ettik. \u00dclkeyi daha fazla felakete s\u00fcr\u00fcklemelerine m\u00fcsaade etmeyece\u011fiz. Hodri meydan!&#8221; diyerek meydan okudu.<\/p>\n<div class=\"picBox full\">\n<div id=\"twtr-1377265196796948491\" class=\"group embeddedTweet\">\n<div class=\"twitter-tweet twitter-tweet-rendered\"><iframe id=\"twitter-widget-0\" class=\"\" title=\"Twitter Tweet\" src=\"https:\/\/platform.twitter.com\/embed\/Tweet.html?dnt=false&amp;embedId=twitter-widget-0&amp;frame=false&amp;hideCard=false&amp;hideThread=false&amp;id=1377265196796948491&amp;lang=en&amp;origin=https%3A%2F%2Fwww.dw.com%2Ftr%2Fbah%25C3%25A7eliye-g%25C3%25B6re-anayasa-mahkemesi-de-kapat%25C4%25B1lmal%25C4%25B1%2Fa-57067087&amp;siteScreenName=dw_turkce&amp;theme=light&amp;widgetsVersion=e1ffbdb%3A1614796141937&amp;width=550px\" frameborder=\"0\" scrolling=\"no\" allowfullscreen=\"allowfullscreen\" data-tweet-id=\"1377265196796948491\" data-mce-fragment=\"1\"><\/iframe><\/div>\n<\/div>\n<\/div>\n<p>Gazeteci Levent G\u00fcltekin ise &#8220;Son hedef Anayasa Mahkemesi&#8230; Y\u0131kmaya, da\u011f\u0131tmaya, yok etmeye gelmi\u015fler gibi kurumlar\u0131, de\u011ferleri birer birer ortadan kald\u0131r\u0131yorlar. Bu \u00fclkeden ne istiyorlar? Anla\u015f\u0131l\u0131r gibi de\u011fil&#8221; yorumunda bulundu.<\/p>\n<div class=\"picBox full\">\n<div id=\"twtr-1377270871526637569\" class=\"group embeddedTweet\">\n<div class=\"twitter-tweet twitter-tweet-rendered\"><iframe id=\"twitter-widget-1\" class=\"\" title=\"Twitter Tweet\" src=\"https:\/\/platform.twitter.com\/embed\/Tweet.html?dnt=false&amp;embedId=twitter-widget-1&amp;frame=false&amp;hideCard=false&amp;hideThread=false&amp;id=1377270871526637569&amp;lang=en&amp;origin=https%3A%2F%2Fwww.dw.com%2Ftr%2Fbah%25C3%25A7eliye-g%25C3%25B6re-anayasa-mahkemesi-de-kapat%25C4%25B1lmal%25C4%25B1%2Fa-57067087&amp;siteScreenName=dw_turkce&amp;theme=light&amp;widgetsVersion=e1ffbdb%3A1614796141937&amp;width=550px\" frameborder=\"0\" scrolling=\"no\" allowfullscreen=\"allowfullscreen\" data-tweet-id=\"1377270871526637569\" data-mce-fragment=\"1\"><\/iframe><\/div>\n<\/div>\n<\/div>\n<p>Akademisyen Fatih Ya\u015fl\u0131 da &#8220;Anayasan\u0131n ve anayasal yarg\u0131n\u0131n fiilen ask\u0131da oldu\u011fu bir \u00fclkede iktidar\u0131n k\u00fc\u00e7\u00fck orta\u011f\u0131n\u0131n &#8220;Anayasa Mahkemesi kapat\u0131ls\u0131n&#8221; demesi de \u015fa\u015f\u0131rt\u0131c\u0131 de\u011fil elbette&#8221; mesaj\u0131n\u0131 payla\u015ft\u0131.<\/p>\n<div class=\"picBox full\">\n<div id=\"twtr-1377266354223513607\" class=\"group embeddedTweet\">\n<div class=\"twitter-tweet twitter-tweet-rendered\"><iframe id=\"twitter-widget-2\" class=\"\" title=\"Twitter Tweet\" src=\"https:\/\/platform.twitter.com\/embed\/Tweet.html?dnt=false&amp;embedId=twitter-widget-2&amp;frame=false&amp;hideCard=false&amp;hideThread=false&amp;id=1377266354223513607&amp;lang=en&amp;origin=https%3A%2F%2Fwww.dw.com%2Ftr%2Fbah%25C3%25A7eliye-g%25C3%25B6re-anayasa-mahkemesi-de-kapat%25C4%25B1lmal%25C4%25B1%2Fa-57067087&amp;siteScreenName=dw_turkce&amp;theme=light&amp;widgetsVersion=e1ffbdb%3A1614796141937&amp;width=550px\" frameborder=\"0\" scrolling=\"no\" allowfullscreen=\"allowfullscreen\" data-tweet-id=\"1377266354223513607\" data-mce-fragment=\"1\"><\/iframe><\/div>\n<\/div>\n<\/div>\n<p>HDP Van milletvekili, gazeteci Tayip Temel de Bah\u00e7eli&#8217;nin a\u00e7\u0131klamalar\u0131na i\u015faret ederek, &#8220;Herkes \u015fu ger\u00e7e\u011fi g\u00f6rmeli: \u0130\u015fte Anayasa Mahkemesi b\u00f6yle bask\u0131 alt\u0131na al\u0131n\u0131yor. Kapat\u0131lmas\u0131 istenen mahkeme, HDP&#8217;yi kapatma \u015fantaj\u0131 alt\u0131nda. Bu durumda nas\u0131l karar verecek?&#8221; diye tepki g\u00f6sterdi.<\/p>\n<div class=\"picBox full\">\n<div id=\"twtr-1377265817700679681\" class=\"group embeddedTweet\">\n<div class=\"twitter-tweet twitter-tweet-rendered\"><iframe id=\"twitter-widget-3\" class=\"\" title=\"Twitter Tweet\" src=\"https:\/\/platform.twitter.com\/embed\/Tweet.html?dnt=false&amp;embedId=twitter-widget-3&amp;frame=false&amp;hideCard=false&amp;hideThread=false&amp;id=1377265817700679681&amp;lang=en&amp;origin=https%3A%2F%2Fwww.dw.com%2Ftr%2Fbah%25C3%25A7eliye-g%25C3%25B6re-anayasa-mahkemesi-de-kapat%25C4%25B1lmal%25C4%25B1%2Fa-57067087&amp;siteScreenName=dw_turkce&amp;theme=light&amp;widgetsVersion=e1ffbdb%3A1614796141937&amp;width=550px\" frameborder=\"0\" scrolling=\"no\" allowfullscreen=\"allowfullscreen\" data-tweet-id=\"1377265817700679681\" data-mce-fragment=\"1\"><\/iframe><\/div>\n<\/div>\n<\/div>\n<p><em><strong>DHA,DW\/ETO,ET<\/strong><\/em><\/p>\n<p><em><strong>\u00a9 Deutsche Welle T\u00fcrk\u00e7e<\/strong><\/em><\/p>\n<p><em><strong>https:\/\/www.dw.com\/tr\/bah%C3%A7eliye-g%C3%B6re-anayasa-mahkemesi-de-kapat%C4%B1lmal%C4%B1\/a-57067087\u00a0<\/strong><\/em><\/p>\n<\/div>\n<\/div>\n","protected":false},"excerpt":{"rendered":"<p>AYM&#8217;nin HDP&#8217;nin kapat\u0131lmas\u0131na ili\u015fkin iddianameyi usul gerek\u00e7esiyle iadesi \u00fczerine MHP lideri Bah\u00e7eli, AYM&#8217;nin kapat\u0131lmas\u0131n\u0131 teklif etti. \u00a0\u00a0\u00a0\u00a0 MHP Genel Ba\u015fkan\u0131 Devlet Bah\u00e7eli Anayasa Mahkemesi&#8217;nin (AYM) HDP iddianamesini iade etmesine tepki g\u00f6steren MHP Genel Ba\u015fkan\u0131 Devlet Bah\u00e7eli, &#8220;AYM&#8217;nin iade karar\u0131 milli vicdanda h\u00fck\u00fcms\u00fczd\u00fcr, T\u00fcrkiye&#8217;nin var olu\u015f haklar\u0131na sadece usul a\u00e7\u0131s\u0131ndan de\u011fil, esastan da ileri d\u00fczeyde zarar [&hellip;]<\/p>\n","protected":false},"author":7,"featured_media":62223,"comment_status":"open","ping_status":"open","sticky":false,"template":"","format":"standard","meta":{"footnotes":""},"categories":[1],"tags":[],"class_list":["post-62222","post","type-post","status-publish","format-standard","has-post-thumbnail","hentry","category-haberler"],"yoast_head":"<!-- This site is optimized with the Yoast SEO plugin v27.4 - https:\/\/yoast.com\/product\/yoast-seo-wordpress\/ -->\n<title>Bah\u00e7eli&#039;ye g\u00f6re Anayasa Mahkemesi de kapat\u0131lmal\u0131 - Bati Ermenistan Ve Bati Ermenileri Sorunlari Ara\u015ftirmalar Merkezi<\/title>\n<meta name=\"robots\" content=\"index, follow, max-snippet:-1, max-image-preview:large, max-video-preview:-1\" \/>\n<link rel=\"canonical\" href=\"https:\/\/akunq.net\/tr\/?p=62222\" \/>\n<meta property=\"og:locale\" content=\"en_US\" \/>\n<meta property=\"og:type\" content=\"article\" \/>\n<meta property=\"og:title\" content=\"Bah\u00e7eli&#039;ye g\u00f6re Anayasa Mahkemesi de kapat\u0131lmal\u0131 - Bati Ermenistan Ve Bati Ermenileri Sorunlari Ara\u015ftirmalar Merkezi\" \/>\n<meta property=\"og:description\" content=\"AYM&#8217;nin HDP&#8217;nin kapat\u0131lmas\u0131na ili\u015fkin iddianameyi usul gerek\u00e7esiyle iadesi \u00fczerine MHP lideri Bah\u00e7eli, AYM&#8217;nin kapat\u0131lmas\u0131n\u0131 teklif etti. \u00a0\u00a0\u00a0\u00a0 MHP Genel Ba\u015fkan\u0131 Devlet Bah\u00e7eli Anayasa Mahkemesi&#8217;nin (AYM) HDP iddianamesini iade etmesine tepki g\u00f6steren MHP Genel Ba\u015fkan\u0131 Devlet Bah\u00e7eli, &#8220;AYM&#8217;nin iade karar\u0131 milli vicdanda h\u00fck\u00fcms\u00fczd\u00fcr, T\u00fcrkiye&#8217;nin var olu\u015f haklar\u0131na sadece usul a\u00e7\u0131s\u0131ndan de\u011fil, esastan da ileri d\u00fczeyde zarar [&hellip;]\" \/>\n<meta property=\"og:url\" content=\"https:\/\/akunq.net\/tr\/?p=62222\" \/>\n<meta property=\"og:site_name\" content=\"Bati Ermenistan Ve Bati Ermenileri Sorunlari Ara\u015ftirmalar Merkezi\" \/>\n<meta property=\"article:published_time\" content=\"2021-04-02T07:27:02+00:00\" \/>\n<meta property=\"og:image\" content=\"https:\/\/akunq.net\/tr\/wp-content\/uploads\/sites\/6\/2021\/04\/Anayasa-Mahkemesi.jpg\" \/>\n\t<meta property=\"og:image:width\" content=\"777\" \/>\n\t<meta property=\"og:image:height\" content=\"437\" \/>\n\t<meta property=\"og:image:type\" content=\"image\/jpeg\" \/>\n<meta name=\"author\" content=\"admin\" \/>\n<meta name=\"twitter:card\" content=\"summary_large_image\" \/>\n<meta name=\"twitter:label1\" content=\"Written by\" \/>\n\t<meta name=\"twitter:data1\" content=\"admin\" \/>\n\t<meta name=\"twitter:label2\" content=\"Est. reading time\" \/>\n\t<meta name=\"twitter:data2\" content=\"3 minutes\" \/>\n<script type=\"application\/ld+json\" class=\"yoast-schema-graph\">{\"@context\":\"https:\\\/\\\/schema.org\",\"@graph\":[{\"@type\":\"Article\",\"@id\":\"https:\\\/\\\/akunq.net\\\/tr\\\/?p=62222#article\",\"isPartOf\":{\"@id\":\"https:\\\/\\\/akunq.net\\\/tr\\\/?p=62222\"},\"author\":{\"name\":\"admin\",\"@id\":\"https:\\\/\\\/akunq.net\\\/tr\\\/#\\\/schema\\\/person\\\/096f1d38a12cce57fb855b485ed24c9e\"},\"headline\":\"Bah\u00e7eli&#8217;ye g\u00f6re Anayasa Mahkemesi de kapat\u0131lmal\u0131\",\"datePublished\":\"2021-04-02T07:27:02+00:00\",\"mainEntityOfPage\":{\"@id\":\"https:\\\/\\\/akunq.net\\\/tr\\\/?p=62222\"},\"wordCount\":523,\"commentCount\":0,\"image\":{\"@id\":\"https:\\\/\\\/akunq.net\\\/tr\\\/?p=62222#primaryimage\"},\"thumbnailUrl\":\"https:\\\/\\\/akunq.net\\\/tr\\\/wp-content\\\/uploads\\\/sites\\\/6\\\/2021\\\/04\\\/Anayasa-Mahkemesi.jpg\",\"articleSection\":[\"Haberler\"],\"inLanguage\":\"en-US\",\"potentialAction\":[{\"@type\":\"CommentAction\",\"name\":\"Comment\",\"target\":[\"https:\\\/\\\/akunq.net\\\/tr\\\/?p=62222#respond\"]}]},{\"@type\":\"WebPage\",\"@id\":\"https:\\\/\\\/akunq.net\\\/tr\\\/?p=62222\",\"url\":\"https:\\\/\\\/akunq.net\\\/tr\\\/?p=62222\",\"name\":\"Bah\u00e7eli'ye g\u00f6re Anayasa Mahkemesi de kapat\u0131lmal\u0131 - Bati Ermenistan Ve Bati Ermenileri Sorunlari Ara\u015ftirmalar Merkezi\",\"isPartOf\":{\"@id\":\"https:\\\/\\\/akunq.net\\\/tr\\\/#website\"},\"primaryImageOfPage\":{\"@id\":\"https:\\\/\\\/akunq.net\\\/tr\\\/?p=62222#primaryimage\"},\"image\":{\"@id\":\"https:\\\/\\\/akunq.net\\\/tr\\\/?p=62222#primaryimage\"},\"thumbnailUrl\":\"https:\\\/\\\/akunq.net\\\/tr\\\/wp-content\\\/uploads\\\/sites\\\/6\\\/2021\\\/04\\\/Anayasa-Mahkemesi.jpg\",\"datePublished\":\"2021-04-02T07:27:02+00:00\",\"author\":{\"@id\":\"https:\\\/\\\/akunq.net\\\/tr\\\/#\\\/schema\\\/person\\\/096f1d38a12cce57fb855b485ed24c9e\"},\"breadcrumb\":{\"@id\":\"https:\\\/\\\/akunq.net\\\/tr\\\/?p=62222#breadcrumb\"},\"inLanguage\":\"en-US\",\"potentialAction\":[{\"@type\":\"ReadAction\",\"target\":[\"https:\\\/\\\/akunq.net\\\/tr\\\/?p=62222\"]}]},{\"@type\":\"ImageObject\",\"inLanguage\":\"en-US\",\"@id\":\"https:\\\/\\\/akunq.net\\\/tr\\\/?p=62222#primaryimage\",\"url\":\"https:\\\/\\\/akunq.net\\\/tr\\\/wp-content\\\/uploads\\\/sites\\\/6\\\/2021\\\/04\\\/Anayasa-Mahkemesi.jpg\",\"contentUrl\":\"https:\\\/\\\/akunq.net\\\/tr\\\/wp-content\\\/uploads\\\/sites\\\/6\\\/2021\\\/04\\\/Anayasa-Mahkemesi.jpg\",\"width\":777,\"height\":437},{\"@type\":\"BreadcrumbList\",\"@id\":\"https:\\\/\\\/akunq.net\\\/tr\\\/?p=62222#breadcrumb\",\"itemListElement\":[{\"@type\":\"ListItem\",\"position\":1,\"name\":\"Home\",\"item\":\"https:\\\/\\\/akunq.net\\\/tr\"},{\"@type\":\"ListItem\",\"position\":2,\"name\":\"Bah\u00e7eli&#8217;ye g\u00f6re Anayasa Mahkemesi de kapat\u0131lmal\u0131\"}]},{\"@type\":\"WebSite\",\"@id\":\"https:\\\/\\\/akunq.net\\\/tr\\\/#website\",\"url\":\"https:\\\/\\\/akunq.net\\\/tr\\\/\",\"name\":\"Bati Ermenistan Ve Bati Ermenileri Sorunlari Ara\u015ftirmalar Merkezi\",\"description\":\"\",\"potentialAction\":[{\"@type\":\"SearchAction\",\"target\":{\"@type\":\"EntryPoint\",\"urlTemplate\":\"https:\\\/\\\/akunq.net\\\/tr\\\/?s={search_term_string}\"},\"query-input\":{\"@type\":\"PropertyValueSpecification\",\"valueRequired\":true,\"valueName\":\"search_term_string\"}}],\"inLanguage\":\"en-US\"},{\"@type\":\"Person\",\"@id\":\"https:\\\/\\\/akunq.net\\\/tr\\\/#\\\/schema\\\/person\\\/096f1d38a12cce57fb855b485ed24c9e\",\"name\":\"admin\",\"url\":\"https:\\\/\\\/akunq.net\\\/tr\\\/?author=7\"}]}<\/script>\n<!-- \/ Yoast SEO plugin. -->","yoast_head_json":{"title":"Bah\u00e7eli'ye g\u00f6re Anayasa Mahkemesi de kapat\u0131lmal\u0131 - Bati Ermenistan Ve Bati Ermenileri Sorunlari Ara\u015ftirmalar Merkezi","robots":{"index":"index","follow":"follow","max-snippet":"max-snippet:-1","max-image-preview":"max-image-preview:large","max-video-preview":"max-video-preview:-1"},"canonical":"https:\/\/akunq.net\/tr\/?p=62222","og_locale":"en_US","og_type":"article","og_title":"Bah\u00e7eli'ye g\u00f6re Anayasa Mahkemesi de kapat\u0131lmal\u0131 - Bati Ermenistan Ve Bati Ermenileri Sorunlari Ara\u015ftirmalar Merkezi","og_description":"AYM&#8217;nin HDP&#8217;nin kapat\u0131lmas\u0131na ili\u015fkin iddianameyi usul gerek\u00e7esiyle iadesi \u00fczerine MHP lideri Bah\u00e7eli, AYM&#8217;nin kapat\u0131lmas\u0131n\u0131 teklif etti. \u00a0\u00a0\u00a0\u00a0 MHP Genel Ba\u015fkan\u0131 Devlet Bah\u00e7eli Anayasa Mahkemesi&#8217;nin (AYM) HDP iddianamesini iade etmesine tepki g\u00f6steren MHP Genel Ba\u015fkan\u0131 Devlet Bah\u00e7eli, &#8220;AYM&#8217;nin iade karar\u0131 milli vicdanda h\u00fck\u00fcms\u00fczd\u00fcr, T\u00fcrkiye&#8217;nin var olu\u015f haklar\u0131na sadece usul a\u00e7\u0131s\u0131ndan de\u011fil, esastan da ileri d\u00fczeyde zarar [&hellip;]","og_url":"https:\/\/akunq.net\/tr\/?p=62222","og_site_name":"Bati Ermenistan Ve Bati Ermenileri Sorunlari Ara\u015ftirmalar Merkezi","article_published_time":"2021-04-02T07:27:02+00:00","og_image":[{"width":777,"height":437,"url":"https:\/\/akunq.net\/tr\/wp-content\/uploads\/sites\/6\/2021\/04\/Anayasa-Mahkemesi.jpg","type":"image\/jpeg"}],"author":"admin","twitter_card":"summary_large_image","twitter_misc":{"Written by":"admin","Est. reading time":"3 minutes"},"schema":{"@context":"https:\/\/schema.org","@graph":[{"@type":"Article","@id":"https:\/\/akunq.net\/tr\/?p=62222#article","isPartOf":{"@id":"https:\/\/akunq.net\/tr\/?p=62222"},"author":{"name":"admin","@id":"https:\/\/akunq.net\/tr\/#\/schema\/person\/096f1d38a12cce57fb855b485ed24c9e"},"headline":"Bah\u00e7eli&#8217;ye g\u00f6re Anayasa Mahkemesi de kapat\u0131lmal\u0131","datePublished":"2021-04-02T07:27:02+00:00","mainEntityOfPage":{"@id":"https:\/\/akunq.net\/tr\/?p=62222"},"wordCount":523,"commentCount":0,"image":{"@id":"https:\/\/akunq.net\/tr\/?p=62222#primaryimage"},"thumbnailUrl":"https:\/\/akunq.net\/tr\/wp-content\/uploads\/sites\/6\/2021\/04\/Anayasa-Mahkemesi.jpg","articleSection":["Haberler"],"inLanguage":"en-US","potentialAction":[{"@type":"CommentAction","name":"Comment","target":["https:\/\/akunq.net\/tr\/?p=62222#respond"]}]},{"@type":"WebPage","@id":"https:\/\/akunq.net\/tr\/?p=62222","url":"https:\/\/akunq.net\/tr\/?p=62222","name":"Bah\u00e7eli'ye g\u00f6re Anayasa Mahkemesi de kapat\u0131lmal\u0131 - Bati Ermenistan Ve Bati Ermenileri Sorunlari Ara\u015ftirmalar Merkezi","isPartOf":{"@id":"https:\/\/akunq.net\/tr\/#website"},"primaryImageOfPage":{"@id":"https:\/\/akunq.net\/tr\/?p=62222#primaryimage"},"image":{"@id":"https:\/\/akunq.net\/tr\/?p=62222#primaryimage"},"thumbnailUrl":"https:\/\/akunq.net\/tr\/wp-content\/uploads\/sites\/6\/2021\/04\/Anayasa-Mahkemesi.jpg","datePublished":"2021-04-02T07:27:02+00:00","author":{"@id":"https:\/\/akunq.net\/tr\/#\/schema\/person\/096f1d38a12cce57fb855b485ed24c9e"},"breadcrumb":{"@id":"https:\/\/akunq.net\/tr\/?p=62222#breadcrumb"},"inLanguage":"en-US","potentialAction":[{"@type":"ReadAction","target":["https:\/\/akunq.net\/tr\/?p=62222"]}]},{"@type":"ImageObject","inLanguage":"en-US","@id":"https:\/\/akunq.net\/tr\/?p=62222#primaryimage","url":"https:\/\/akunq.net\/tr\/wp-content\/uploads\/sites\/6\/2021\/04\/Anayasa-Mahkemesi.jpg","contentUrl":"https:\/\/akunq.net\/tr\/wp-content\/uploads\/sites\/6\/2021\/04\/Anayasa-Mahkemesi.jpg","width":777,"height":437},{"@type":"BreadcrumbList","@id":"https:\/\/akunq.net\/tr\/?p=62222#breadcrumb","itemListElement":[{"@type":"ListItem","position":1,"name":"Home","item":"https:\/\/akunq.net\/tr"},{"@type":"ListItem","position":2,"name":"Bah\u00e7eli&#8217;ye g\u00f6re Anayasa Mahkemesi de kapat\u0131lmal\u0131"}]},{"@type":"WebSite","@id":"https:\/\/akunq.net\/tr\/#website","url":"https:\/\/akunq.net\/tr\/","name":"Bati Ermenistan Ve Bati Ermenileri Sorunlari Ara\u015ftirmalar Merkezi","description":"","potentialAction":[{"@type":"SearchAction","target":{"@type":"EntryPoint","urlTemplate":"https:\/\/akunq.net\/tr\/?s={search_term_string}"},"query-input":{"@type":"PropertyValueSpecification","valueRequired":true,"valueName":"search_term_string"}}],"inLanguage":"en-US"},{"@type":"Person","@id":"https:\/\/akunq.net\/tr\/#\/schema\/person\/096f1d38a12cce57fb855b485ed24c9e","name":"admin","url":"https:\/\/akunq.net\/tr\/?author=7"}]}},"_links":{"self":[{"href":"https:\/\/akunq.net\/tr\/index.php?rest_route=\/wp\/v2\/posts\/62222","targetHints":{"allow":["GET"]}}],"collection":[{"href":"https:\/\/akunq.net\/tr\/index.php?rest_route=\/wp\/v2\/posts"}],"about":[{"href":"https:\/\/akunq.net\/tr\/index.php?rest_route=\/wp\/v2\/types\/post"}],"author":[{"embeddable":true,"href":"https:\/\/akunq.net\/tr\/index.php?rest_route=\/wp\/v2\/users\/7"}],"replies":[{"embeddable":true,"href":"https:\/\/akunq.net\/tr\/index.php?rest_route=%2Fwp%2Fv2%2Fcomments&post=62222"}],"version-history":[{"count":1,"href":"https:\/\/akunq.net\/tr\/index.php?rest_route=\/wp\/v2\/posts\/62222\/revisions"}],"predecessor-version":[{"id":62224,"href":"https:\/\/akunq.net\/tr\/index.php?rest_route=\/wp\/v2\/posts\/62222\/revisions\/62224"}],"wp:featuredmedia":[{"embeddable":true,"href":"https:\/\/akunq.net\/tr\/index.php?rest_route=\/wp\/v2\/media\/62223"}],"wp:attachment":[{"href":"https:\/\/akunq.net\/tr\/index.php?rest_route=%2Fwp%2Fv2%2Fmedia&parent=62222"}],"wp:term":[{"taxonomy":"category","embeddable":true,"href":"https:\/\/akunq.net\/tr\/index.php?rest_route=%2Fwp%2Fv2%2Fcategories&post=62222"},{"taxonomy":"post_tag","embeddable":true,"href":"https:\/\/akunq.net\/tr\/index.php?rest_route=%2Fwp%2Fv2%2Ftags&post=62222"}],"curies":[{"name":"wp","href":"https:\/\/api.w.org\/{rel}","templated":true}]}}