{"id":62219,"date":"2021-04-02T02:13:59","date_gmt":"2021-04-02T07:13:59","guid":{"rendered":"https:\/\/akunq.net\/tr\/?p=62219"},"modified":"2021-04-02T02:13:59","modified_gmt":"2021-04-02T07:13:59","slug":"azerbaycanlilar-suside-ermeni-soykirimi-kurbanlari-anisina-dikilen-aniti-yiktilar","status":"publish","type":"post","link":"https:\/\/akunq.net\/tr\/?p=62219","title":{"rendered":"Azerbaycanl\u0131lar \u015eu\u015fi\u2019de Ermeni Soyk\u0131r\u0131m\u0131 kurbanlar\u0131 an\u0131s\u0131na dikilen an\u0131t\u0131 y\u0131kt\u0131lar"},"content":{"rendered":"<p><img loading=\"lazy\" decoding=\"async\" class=\"aligncenter size-medium wp-image-62220\" src=\"https:\/\/akunq.net\/tr\/wp-content\/uploads\/2021\/04\/Ermeni-Soyk\u0131r\u0131m\u0131-aniti-360x212.jpg\" alt=\"\" width=\"360\" height=\"212\" srcset=\"https:\/\/akunq.net\/tr\/wp-content\/uploads\/sites\/6\/2021\/04\/Ermeni-Soyk\u0131r\u0131m\u0131-aniti-360x212.jpg 360w, https:\/\/akunq.net\/tr\/wp-content\/uploads\/sites\/6\/2021\/04\/Ermeni-Soyk\u0131r\u0131m\u0131-aniti-560x329.jpg 560w, https:\/\/akunq.net\/tr\/wp-content\/uploads\/sites\/6\/2021\/04\/Ermeni-Soyk\u0131r\u0131m\u0131-aniti-260x153.jpg 260w, https:\/\/akunq.net\/tr\/wp-content\/uploads\/sites\/6\/2021\/04\/Ermeni-Soyk\u0131r\u0131m\u0131-aniti-160x94.jpg 160w, https:\/\/akunq.net\/tr\/wp-content\/uploads\/sites\/6\/2021\/04\/Ermeni-Soyk\u0131r\u0131m\u0131-aniti.jpg 679w\" sizes=\"auto, (max-width: 360px) 100vw, 360px\" \/><\/p>\n<p><em><strong>Azerbaycan devleti i\u015fgal etti\u011fi Artsakh Ermeni topraklar\u0131nda vandall\u0131k siyasetini s\u00fcrd\u00fcrmeye devam ediyor. \u015eu\u015fi\u2019de bir an\u0131t daha y\u0131l\u0131k\u0131ld\u0131.<\/strong><\/em><\/p>\n<p>Y\u0131k\u0131lan an\u0131t Ermeni Soyk\u0131r\u0131m\u0131\u2019n\u0131n kurbanlar\u0131 ve Karaba\u011f birinci sava\u015f\u0131nda hayat\u0131n\u0131 kaybedenlerin an\u0131s\u0131na dikilen an\u0131tt\u0131.<\/p>\n<p>Uydudan al\u0131nan g\u00f6r\u00fcnt\u00fclerde bu heykelin yerinde bayrak i\u00e7in \u00f6ng\u00f6r\u00fclen bir direk dikildi\u011fi g\u00f6z\u00fck\u00fcyor.<\/p>\n<p>Ermeni Soyk\u0131r\u0131m\u0131 an\u0131t\u0131 12 y\u0131l \u00f6nce in\u015fa edilmi\u015fti.<\/p>\n<p>\u015eu\u015fi\u2019de Azerbaycanl\u0131lar daha \u00f6nce \u2018Kana\u00e7 Jam\u2019 ad\u0131yla bilinen Ermeni kilisesini de harabeye d\u00f6n\u00fc\u015ft\u00fcrm\u00fc\u015ft\u00fc. Sava\u015f s\u0131ras\u0131nda da Surp Ghazan\u00e7etsots kilisesi kasten bombalanm\u0131\u015ft\u0131 Azerbaycan ordusu taraf\u0131ndan. Ba\u015fka bir\u00e7ok an\u0131t ve heykel de ayn\u0131 kaderi payla\u015ft\u0131lar.<\/p>\n<p><em><strong>https:\/\/www.ermenihaber.am\/tr\/news\/2021\/04\/01\/Azerbaycan-Karaba%C4%9F-%C5%9Eu%C5%9Fi-Ermeni-Soyk%C4%B1r%C4%B1m%C4%B1\/205341\u00a0<\/strong><\/em><\/p>\n","protected":false},"excerpt":{"rendered":"<p>Azerbaycan devleti i\u015fgal etti\u011fi Artsakh Ermeni topraklar\u0131nda vandall\u0131k siyasetini s\u00fcrd\u00fcrmeye devam ediyor. \u015eu\u015fi\u2019de bir an\u0131t daha y\u0131l\u0131k\u0131ld\u0131. Y\u0131k\u0131lan an\u0131t Ermeni Soyk\u0131r\u0131m\u0131\u2019n\u0131n kurbanlar\u0131 ve Karaba\u011f birinci sava\u015f\u0131nda hayat\u0131n\u0131 kaybedenlerin an\u0131s\u0131na dikilen an\u0131tt\u0131. Uydudan al\u0131nan g\u00f6r\u00fcnt\u00fclerde bu heykelin yerinde bayrak i\u00e7in \u00f6ng\u00f6r\u00fclen bir direk dikildi\u011fi g\u00f6z\u00fck\u00fcyor. Ermeni Soyk\u0131r\u0131m\u0131 an\u0131t\u0131 12 y\u0131l \u00f6nce in\u015fa edilmi\u015fti. \u015eu\u015fi\u2019de Azerbaycanl\u0131lar daha [&hellip;]<\/p>\n","protected":false},"author":7,"featured_media":62220,"comment_status":"open","ping_status":"open","sticky":false,"template":"","format":"standard","meta":{"footnotes":""},"categories":[1],"tags":[],"class_list":["post-62219","post","type-post","status-publish","format-standard","has-post-thumbnail","hentry","category-haberler"],"yoast_head":"<!-- This site is optimized with the Yoast SEO plugin v27.4 - https:\/\/yoast.com\/product\/yoast-seo-wordpress\/ -->\n<title>Azerbaycanl\u0131lar \u015eu\u015fi\u2019de Ermeni Soyk\u0131r\u0131m\u0131 kurbanlar\u0131 an\u0131s\u0131na dikilen an\u0131t\u0131 y\u0131kt\u0131lar - Bati Ermenistan Ve Bati Ermenileri Sorunlari Ara\u015ftirmalar Merkezi<\/title>\n<meta name=\"robots\" content=\"index, follow, max-snippet:-1, max-image-preview:large, max-video-preview:-1\" \/>\n<link rel=\"canonical\" href=\"https:\/\/akunq.net\/tr\/?p=62219\" \/>\n<meta property=\"og:locale\" content=\"en_US\" \/>\n<meta property=\"og:type\" content=\"article\" \/>\n<meta property=\"og:title\" content=\"Azerbaycanl\u0131lar \u015eu\u015fi\u2019de Ermeni Soyk\u0131r\u0131m\u0131 kurbanlar\u0131 an\u0131s\u0131na dikilen an\u0131t\u0131 y\u0131kt\u0131lar - Bati Ermenistan Ve Bati Ermenileri Sorunlari Ara\u015ftirmalar Merkezi\" \/>\n<meta property=\"og:description\" content=\"Azerbaycan devleti i\u015fgal etti\u011fi Artsakh Ermeni topraklar\u0131nda vandall\u0131k siyasetini s\u00fcrd\u00fcrmeye devam ediyor. \u015eu\u015fi\u2019de bir an\u0131t daha y\u0131l\u0131k\u0131ld\u0131. Y\u0131k\u0131lan an\u0131t Ermeni Soyk\u0131r\u0131m\u0131\u2019n\u0131n kurbanlar\u0131 ve Karaba\u011f birinci sava\u015f\u0131nda hayat\u0131n\u0131 kaybedenlerin an\u0131s\u0131na dikilen an\u0131tt\u0131. Uydudan al\u0131nan g\u00f6r\u00fcnt\u00fclerde bu heykelin yerinde bayrak i\u00e7in \u00f6ng\u00f6r\u00fclen bir direk dikildi\u011fi g\u00f6z\u00fck\u00fcyor. Ermeni Soyk\u0131r\u0131m\u0131 an\u0131t\u0131 12 y\u0131l \u00f6nce in\u015fa edilmi\u015fti. \u015eu\u015fi\u2019de Azerbaycanl\u0131lar daha [&hellip;]\" \/>\n<meta property=\"og:url\" content=\"https:\/\/akunq.net\/tr\/?p=62219\" \/>\n<meta property=\"og:site_name\" content=\"Bati Ermenistan Ve Bati Ermenileri Sorunlari Ara\u015ftirmalar Merkezi\" \/>\n<meta property=\"article:published_time\" content=\"2021-04-02T07:13:59+00:00\" \/>\n<meta property=\"og:image\" content=\"https:\/\/akunq.net\/tr\/wp-content\/uploads\/sites\/6\/2021\/04\/Ermeni-Soyk\u0131r\u0131m\u0131-aniti.jpg\" \/>\n\t<meta property=\"og:image:width\" content=\"679\" \/>\n\t<meta property=\"og:image:height\" content=\"399\" \/>\n\t<meta property=\"og:image:type\" content=\"image\/jpeg\" \/>\n<meta name=\"author\" content=\"admin\" \/>\n<meta name=\"twitter:card\" content=\"summary_large_image\" \/>\n<meta name=\"twitter:label1\" content=\"Written by\" \/>\n\t<meta name=\"twitter:data1\" content=\"admin\" \/>\n\t<meta name=\"twitter:label2\" content=\"Est. reading time\" \/>\n\t<meta name=\"twitter:data2\" content=\"1 minute\" \/>\n<script type=\"application\/ld+json\" class=\"yoast-schema-graph\">{\"@context\":\"https:\\\/\\\/schema.org\",\"@graph\":[{\"@type\":\"Article\",\"@id\":\"https:\\\/\\\/akunq.net\\\/tr\\\/?p=62219#article\",\"isPartOf\":{\"@id\":\"https:\\\/\\\/akunq.net\\\/tr\\\/?p=62219\"},\"author\":{\"name\":\"admin\",\"@id\":\"https:\\\/\\\/akunq.net\\\/tr\\\/#\\\/schema\\\/person\\\/096f1d38a12cce57fb855b485ed24c9e\"},\"headline\":\"Azerbaycanl\u0131lar \u015eu\u015fi\u2019de Ermeni Soyk\u0131r\u0131m\u0131 kurbanlar\u0131 an\u0131s\u0131na dikilen an\u0131t\u0131 y\u0131kt\u0131lar\",\"datePublished\":\"2021-04-02T07:13:59+00:00\",\"mainEntityOfPage\":{\"@id\":\"https:\\\/\\\/akunq.net\\\/tr\\\/?p=62219\"},\"wordCount\":183,\"commentCount\":0,\"image\":{\"@id\":\"https:\\\/\\\/akunq.net\\\/tr\\\/?p=62219#primaryimage\"},\"thumbnailUrl\":\"https:\\\/\\\/akunq.net\\\/tr\\\/wp-content\\\/uploads\\\/sites\\\/6\\\/2021\\\/04\\\/Ermeni-Soyk\u0131r\u0131m\u0131-aniti.jpg\",\"articleSection\":[\"Haberler\"],\"inLanguage\":\"en-US\",\"potentialAction\":[{\"@type\":\"CommentAction\",\"name\":\"Comment\",\"target\":[\"https:\\\/\\\/akunq.net\\\/tr\\\/?p=62219#respond\"]}]},{\"@type\":\"WebPage\",\"@id\":\"https:\\\/\\\/akunq.net\\\/tr\\\/?p=62219\",\"url\":\"https:\\\/\\\/akunq.net\\\/tr\\\/?p=62219\",\"name\":\"Azerbaycanl\u0131lar \u015eu\u015fi\u2019de Ermeni Soyk\u0131r\u0131m\u0131 kurbanlar\u0131 an\u0131s\u0131na dikilen an\u0131t\u0131 y\u0131kt\u0131lar - Bati Ermenistan Ve Bati Ermenileri Sorunlari Ara\u015ftirmalar Merkezi\",\"isPartOf\":{\"@id\":\"https:\\\/\\\/akunq.net\\\/tr\\\/#website\"},\"primaryImageOfPage\":{\"@id\":\"https:\\\/\\\/akunq.net\\\/tr\\\/?p=62219#primaryimage\"},\"image\":{\"@id\":\"https:\\\/\\\/akunq.net\\\/tr\\\/?p=62219#primaryimage\"},\"thumbnailUrl\":\"https:\\\/\\\/akunq.net\\\/tr\\\/wp-content\\\/uploads\\\/sites\\\/6\\\/2021\\\/04\\\/Ermeni-Soyk\u0131r\u0131m\u0131-aniti.jpg\",\"datePublished\":\"2021-04-02T07:13:59+00:00\",\"author\":{\"@id\":\"https:\\\/\\\/akunq.net\\\/tr\\\/#\\\/schema\\\/person\\\/096f1d38a12cce57fb855b485ed24c9e\"},\"breadcrumb\":{\"@id\":\"https:\\\/\\\/akunq.net\\\/tr\\\/?p=62219#breadcrumb\"},\"inLanguage\":\"en-US\",\"potentialAction\":[{\"@type\":\"ReadAction\",\"target\":[\"https:\\\/\\\/akunq.net\\\/tr\\\/?p=62219\"]}]},{\"@type\":\"ImageObject\",\"inLanguage\":\"en-US\",\"@id\":\"https:\\\/\\\/akunq.net\\\/tr\\\/?p=62219#primaryimage\",\"url\":\"https:\\\/\\\/akunq.net\\\/tr\\\/wp-content\\\/uploads\\\/sites\\\/6\\\/2021\\\/04\\\/Ermeni-Soyk\u0131r\u0131m\u0131-aniti.jpg\",\"contentUrl\":\"https:\\\/\\\/akunq.net\\\/tr\\\/wp-content\\\/uploads\\\/sites\\\/6\\\/2021\\\/04\\\/Ermeni-Soyk\u0131r\u0131m\u0131-aniti.jpg\",\"width\":679,\"height\":399},{\"@type\":\"BreadcrumbList\",\"@id\":\"https:\\\/\\\/akunq.net\\\/tr\\\/?p=62219#breadcrumb\",\"itemListElement\":[{\"@type\":\"ListItem\",\"position\":1,\"name\":\"Home\",\"item\":\"https:\\\/\\\/akunq.net\\\/tr\"},{\"@type\":\"ListItem\",\"position\":2,\"name\":\"Azerbaycanl\u0131lar \u015eu\u015fi\u2019de Ermeni Soyk\u0131r\u0131m\u0131 kurbanlar\u0131 an\u0131s\u0131na dikilen an\u0131t\u0131 y\u0131kt\u0131lar\"}]},{\"@type\":\"WebSite\",\"@id\":\"https:\\\/\\\/akunq.net\\\/tr\\\/#website\",\"url\":\"https:\\\/\\\/akunq.net\\\/tr\\\/\",\"name\":\"Bati Ermenistan Ve Bati Ermenileri Sorunlari Ara\u015ftirmalar Merkezi\",\"description\":\"\",\"potentialAction\":[{\"@type\":\"SearchAction\",\"target\":{\"@type\":\"EntryPoint\",\"urlTemplate\":\"https:\\\/\\\/akunq.net\\\/tr\\\/?s={search_term_string}\"},\"query-input\":{\"@type\":\"PropertyValueSpecification\",\"valueRequired\":true,\"valueName\":\"search_term_string\"}}],\"inLanguage\":\"en-US\"},{\"@type\":\"Person\",\"@id\":\"https:\\\/\\\/akunq.net\\\/tr\\\/#\\\/schema\\\/person\\\/096f1d38a12cce57fb855b485ed24c9e\",\"name\":\"admin\",\"url\":\"https:\\\/\\\/akunq.net\\\/tr\\\/?author=7\"}]}<\/script>\n<!-- \/ Yoast SEO plugin. -->","yoast_head_json":{"title":"Azerbaycanl\u0131lar \u015eu\u015fi\u2019de Ermeni Soyk\u0131r\u0131m\u0131 kurbanlar\u0131 an\u0131s\u0131na dikilen an\u0131t\u0131 y\u0131kt\u0131lar - Bati Ermenistan Ve Bati Ermenileri Sorunlari Ara\u015ftirmalar Merkezi","robots":{"index":"index","follow":"follow","max-snippet":"max-snippet:-1","max-image-preview":"max-image-preview:large","max-video-preview":"max-video-preview:-1"},"canonical":"https:\/\/akunq.net\/tr\/?p=62219","og_locale":"en_US","og_type":"article","og_title":"Azerbaycanl\u0131lar \u015eu\u015fi\u2019de Ermeni Soyk\u0131r\u0131m\u0131 kurbanlar\u0131 an\u0131s\u0131na dikilen an\u0131t\u0131 y\u0131kt\u0131lar - Bati Ermenistan Ve Bati Ermenileri Sorunlari Ara\u015ftirmalar Merkezi","og_description":"Azerbaycan devleti i\u015fgal etti\u011fi Artsakh Ermeni topraklar\u0131nda vandall\u0131k siyasetini s\u00fcrd\u00fcrmeye devam ediyor. \u015eu\u015fi\u2019de bir an\u0131t daha y\u0131l\u0131k\u0131ld\u0131. Y\u0131k\u0131lan an\u0131t Ermeni Soyk\u0131r\u0131m\u0131\u2019n\u0131n kurbanlar\u0131 ve Karaba\u011f birinci sava\u015f\u0131nda hayat\u0131n\u0131 kaybedenlerin an\u0131s\u0131na dikilen an\u0131tt\u0131. Uydudan al\u0131nan g\u00f6r\u00fcnt\u00fclerde bu heykelin yerinde bayrak i\u00e7in \u00f6ng\u00f6r\u00fclen bir direk dikildi\u011fi g\u00f6z\u00fck\u00fcyor. Ermeni Soyk\u0131r\u0131m\u0131 an\u0131t\u0131 12 y\u0131l \u00f6nce in\u015fa edilmi\u015fti. \u015eu\u015fi\u2019de Azerbaycanl\u0131lar daha [&hellip;]","og_url":"https:\/\/akunq.net\/tr\/?p=62219","og_site_name":"Bati Ermenistan Ve Bati Ermenileri Sorunlari Ara\u015ftirmalar Merkezi","article_published_time":"2021-04-02T07:13:59+00:00","og_image":[{"width":679,"height":399,"url":"https:\/\/akunq.net\/tr\/wp-content\/uploads\/sites\/6\/2021\/04\/Ermeni-Soyk\u0131r\u0131m\u0131-aniti.jpg","type":"image\/jpeg"}],"author":"admin","twitter_card":"summary_large_image","twitter_misc":{"Written by":"admin","Est. reading time":"1 minute"},"schema":{"@context":"https:\/\/schema.org","@graph":[{"@type":"Article","@id":"https:\/\/akunq.net\/tr\/?p=62219#article","isPartOf":{"@id":"https:\/\/akunq.net\/tr\/?p=62219"},"author":{"name":"admin","@id":"https:\/\/akunq.net\/tr\/#\/schema\/person\/096f1d38a12cce57fb855b485ed24c9e"},"headline":"Azerbaycanl\u0131lar \u015eu\u015fi\u2019de Ermeni Soyk\u0131r\u0131m\u0131 kurbanlar\u0131 an\u0131s\u0131na dikilen an\u0131t\u0131 y\u0131kt\u0131lar","datePublished":"2021-04-02T07:13:59+00:00","mainEntityOfPage":{"@id":"https:\/\/akunq.net\/tr\/?p=62219"},"wordCount":183,"commentCount":0,"image":{"@id":"https:\/\/akunq.net\/tr\/?p=62219#primaryimage"},"thumbnailUrl":"https:\/\/akunq.net\/tr\/wp-content\/uploads\/sites\/6\/2021\/04\/Ermeni-Soyk\u0131r\u0131m\u0131-aniti.jpg","articleSection":["Haberler"],"inLanguage":"en-US","potentialAction":[{"@type":"CommentAction","name":"Comment","target":["https:\/\/akunq.net\/tr\/?p=62219#respond"]}]},{"@type":"WebPage","@id":"https:\/\/akunq.net\/tr\/?p=62219","url":"https:\/\/akunq.net\/tr\/?p=62219","name":"Azerbaycanl\u0131lar \u015eu\u015fi\u2019de Ermeni Soyk\u0131r\u0131m\u0131 kurbanlar\u0131 an\u0131s\u0131na dikilen an\u0131t\u0131 y\u0131kt\u0131lar - Bati Ermenistan Ve Bati Ermenileri Sorunlari Ara\u015ftirmalar Merkezi","isPartOf":{"@id":"https:\/\/akunq.net\/tr\/#website"},"primaryImageOfPage":{"@id":"https:\/\/akunq.net\/tr\/?p=62219#primaryimage"},"image":{"@id":"https:\/\/akunq.net\/tr\/?p=62219#primaryimage"},"thumbnailUrl":"https:\/\/akunq.net\/tr\/wp-content\/uploads\/sites\/6\/2021\/04\/Ermeni-Soyk\u0131r\u0131m\u0131-aniti.jpg","datePublished":"2021-04-02T07:13:59+00:00","author":{"@id":"https:\/\/akunq.net\/tr\/#\/schema\/person\/096f1d38a12cce57fb855b485ed24c9e"},"breadcrumb":{"@id":"https:\/\/akunq.net\/tr\/?p=62219#breadcrumb"},"inLanguage":"en-US","potentialAction":[{"@type":"ReadAction","target":["https:\/\/akunq.net\/tr\/?p=62219"]}]},{"@type":"ImageObject","inLanguage":"en-US","@id":"https:\/\/akunq.net\/tr\/?p=62219#primaryimage","url":"https:\/\/akunq.net\/tr\/wp-content\/uploads\/sites\/6\/2021\/04\/Ermeni-Soyk\u0131r\u0131m\u0131-aniti.jpg","contentUrl":"https:\/\/akunq.net\/tr\/wp-content\/uploads\/sites\/6\/2021\/04\/Ermeni-Soyk\u0131r\u0131m\u0131-aniti.jpg","width":679,"height":399},{"@type":"BreadcrumbList","@id":"https:\/\/akunq.net\/tr\/?p=62219#breadcrumb","itemListElement":[{"@type":"ListItem","position":1,"name":"Home","item":"https:\/\/akunq.net\/tr"},{"@type":"ListItem","position":2,"name":"Azerbaycanl\u0131lar \u015eu\u015fi\u2019de Ermeni Soyk\u0131r\u0131m\u0131 kurbanlar\u0131 an\u0131s\u0131na dikilen an\u0131t\u0131 y\u0131kt\u0131lar"}]},{"@type":"WebSite","@id":"https:\/\/akunq.net\/tr\/#website","url":"https:\/\/akunq.net\/tr\/","name":"Bati Ermenistan Ve Bati Ermenileri Sorunlari Ara\u015ftirmalar Merkezi","description":"","potentialAction":[{"@type":"SearchAction","target":{"@type":"EntryPoint","urlTemplate":"https:\/\/akunq.net\/tr\/?s={search_term_string}"},"query-input":{"@type":"PropertyValueSpecification","valueRequired":true,"valueName":"search_term_string"}}],"inLanguage":"en-US"},{"@type":"Person","@id":"https:\/\/akunq.net\/tr\/#\/schema\/person\/096f1d38a12cce57fb855b485ed24c9e","name":"admin","url":"https:\/\/akunq.net\/tr\/?author=7"}]}},"_links":{"self":[{"href":"https:\/\/akunq.net\/tr\/index.php?rest_route=\/wp\/v2\/posts\/62219","targetHints":{"allow":["GET"]}}],"collection":[{"href":"https:\/\/akunq.net\/tr\/index.php?rest_route=\/wp\/v2\/posts"}],"about":[{"href":"https:\/\/akunq.net\/tr\/index.php?rest_route=\/wp\/v2\/types\/post"}],"author":[{"embeddable":true,"href":"https:\/\/akunq.net\/tr\/index.php?rest_route=\/wp\/v2\/users\/7"}],"replies":[{"embeddable":true,"href":"https:\/\/akunq.net\/tr\/index.php?rest_route=%2Fwp%2Fv2%2Fcomments&post=62219"}],"version-history":[{"count":1,"href":"https:\/\/akunq.net\/tr\/index.php?rest_route=\/wp\/v2\/posts\/62219\/revisions"}],"predecessor-version":[{"id":62221,"href":"https:\/\/akunq.net\/tr\/index.php?rest_route=\/wp\/v2\/posts\/62219\/revisions\/62221"}],"wp:featuredmedia":[{"embeddable":true,"href":"https:\/\/akunq.net\/tr\/index.php?rest_route=\/wp\/v2\/media\/62220"}],"wp:attachment":[{"href":"https:\/\/akunq.net\/tr\/index.php?rest_route=%2Fwp%2Fv2%2Fmedia&parent=62219"}],"wp:term":[{"taxonomy":"category","embeddable":true,"href":"https:\/\/akunq.net\/tr\/index.php?rest_route=%2Fwp%2Fv2%2Fcategories&post=62219"},{"taxonomy":"post_tag","embeddable":true,"href":"https:\/\/akunq.net\/tr\/index.php?rest_route=%2Fwp%2Fv2%2Ftags&post=62219"}],"curies":[{"name":"wp","href":"https:\/\/api.w.org\/{rel}","templated":true}]}}