{"id":62210,"date":"2021-04-02T01:43:24","date_gmt":"2021-04-02T06:43:24","guid":{"rendered":"https:\/\/akunq.net\/tr\/?p=62210"},"modified":"2021-04-02T01:43:24","modified_gmt":"2021-04-02T06:43:24","slug":"fransiz-hukumetinden-cumhuriyetci-degerler-beyannamesini-imzalamayan-ditib-ve-milli-goruse-rest-fransada-yerleri-yok","status":"publish","type":"post","link":"https:\/\/akunq.net\/tr\/?p=62210","title":{"rendered":"Frans\u0131z h\u00fck\u00fcmetinden cumhuriyet\u00e7i de\u011ferler beyannamesini imzalamayan D\u0130T\u0130B ve Milli G\u00f6r\u00fc\u015f&#8217;e rest: Fransa&#8217;da yerleri yok"},"content":{"rendered":"<div class=\"b-article__lead\">\n<p><img loading=\"lazy\" decoding=\"async\" class=\"aligncenter size-medium wp-image-62211\" src=\"https:\/\/akunq.net\/tr\/wp-content\/uploads\/2021\/04\/\u0539\u0578\u0582\u0580\u0584\u0561\u056f\u0561\u0576-\u056b\u057d\u056c\u0561\u0574\u056b\u057d\u057f\u0561\u056f\u0561\u0576-\u0577\u0561\u0580\u056a\u0578\u0582\u0574-360x238.jpg\" alt=\"\" width=\"360\" height=\"238\" srcset=\"https:\/\/akunq.net\/tr\/wp-content\/uploads\/sites\/6\/2021\/04\/\u0539\u0578\u0582\u0580\u0584\u0561\u056f\u0561\u0576-\u056b\u057d\u056c\u0561\u0574\u056b\u057d\u057f\u0561\u056f\u0561\u0576-\u0577\u0561\u0580\u056a\u0578\u0582\u0574-360x238.jpg 360w, https:\/\/akunq.net\/tr\/wp-content\/uploads\/sites\/6\/2021\/04\/\u0539\u0578\u0582\u0580\u0584\u0561\u056f\u0561\u0576-\u056b\u057d\u056c\u0561\u0574\u056b\u057d\u057f\u0561\u056f\u0561\u0576-\u0577\u0561\u0580\u056a\u0578\u0582\u0574-768x508.jpg 768w, https:\/\/akunq.net\/tr\/wp-content\/uploads\/sites\/6\/2021\/04\/\u0539\u0578\u0582\u0580\u0584\u0561\u056f\u0561\u0576-\u056b\u057d\u056c\u0561\u0574\u056b\u057d\u057f\u0561\u056f\u0561\u0576-\u0577\u0561\u0580\u056a\u0578\u0582\u0574-560x370.jpg 560w, https:\/\/akunq.net\/tr\/wp-content\/uploads\/sites\/6\/2021\/04\/\u0539\u0578\u0582\u0580\u0584\u0561\u056f\u0561\u0576-\u056b\u057d\u056c\u0561\u0574\u056b\u057d\u057f\u0561\u056f\u0561\u0576-\u0577\u0561\u0580\u056a\u0578\u0582\u0574-260x172.jpg 260w, https:\/\/akunq.net\/tr\/wp-content\/uploads\/sites\/6\/2021\/04\/\u0539\u0578\u0582\u0580\u0584\u0561\u056f\u0561\u0576-\u056b\u057d\u056c\u0561\u0574\u056b\u057d\u057f\u0561\u056f\u0561\u0576-\u0577\u0561\u0580\u056a\u0578\u0582\u0574-160x106.jpg 160w, https:\/\/akunq.net\/tr\/wp-content\/uploads\/sites\/6\/2021\/04\/\u0539\u0578\u0582\u0580\u0584\u0561\u056f\u0561\u0576-\u056b\u057d\u056c\u0561\u0574\u056b\u057d\u057f\u0561\u056f\u0561\u0576-\u0577\u0561\u0580\u056a\u0578\u0582\u0574.jpg 770w\" sizes=\"auto, (max-width: 360px) 100vw, 360px\" \/><\/p>\n<p><em><strong>\u0130\u00e7i\u015fleri Bakan\u0131 Darmanin, beyannameyi imzalamayanlara m\u00fczakere de\u011fil s\u0131k\u0131 denetimle gideceklerini a\u00e7\u0131klad\u0131. H\u00fck\u00fcmet S\u00f6zc\u00fcs\u00fc\u00a0Attal da &#8220;Fransa&#8217;da faaliyette bulunmamalar\u0131 ve var olmamalar\u0131 gerekiyor&#8221; dedi.<\/strong><\/em><\/p>\n<\/div>\n<div class=\"b-article__text\">\n<p><strong>Fransa Cumhurba\u015fkan\u0131 Emmanuel Macron<\/strong>, son d\u00f6nemde\u00a0<strong>Ankara&#8217;y\u0131<\/strong>\u00a0Frans\u0131z se\u00e7imlerine m\u00fcdahaleyle\u00a0<a href=\"https:\/\/sptnkne.ws\/FJ7C\" target=\"_blank\" rel=\"noopener noreferrer\">su\u00e7lamas\u0131n\u0131n<\/a>\u00a0ard\u0131ndan,\u00a0<strong>T\u00fcrkiye<\/strong>\u00a0ba\u011flant\u0131l\u0131 \u0130slamc\u0131 \u00f6rg\u00fctlere kar\u015f\u0131 tavr\u0131n\u0131 daha da sertle\u015ftiriyor. H\u00fck\u00fcmetin cumhuriyet\u00e7i-laik de\u011ferlere ba\u011fl\u0131l\u0131k beyannamesi niteli\u011findeki<strong>\u00a0\u0130slami \u0130lkeler T\u00fcz\u00fc\u011f\u00fc&#8217;ne<\/strong>\u00a0talep etti\u011fi imzalar\u0131n\u00a0<strong>Diyanet \u0130\u015fleri T\u00fcrk \u0130slam Birli\u011fi&#8217;ne (D\u0130T\u0130B) ba\u011fl\u0131 T\u00fcrk M\u00fcsl\u00fcman Dernekleri Koordinasyon Komitesi\u00a0(CCMTF) ve Fransa\u00a0\u0130slam Toplumu Milli G\u00f6r\u00fc\u015f (CIMG) ve Tebli\u011f cemaatiyle ba\u011flant\u0131l\u0131 \u0130nan\u00e7 ve Uygulama Hareketi&#8217;nden<\/strong>\u00a0gelmemesi nedeniyle \u00e7\u0131kan\u00a0<a href=\"https:\/\/sptnkne.ws\/Fc2m\" target=\"_blank\" rel=\"noopener noreferrer\">kriz<\/a>\u00a0b\u00fcy\u00fcyor.<\/p>\n<h2>&#8216;Frans\u0131z de\u011ferlerini reddettikleri i\u00e7in&#8217;<\/h2>\n<p><strong>\u0130\u00e7i\u015fleri Bakan\u0131 Gerald Darmanin<\/strong>, imzalamay\u0131 reddeden \u00f6rg\u00fctlerle\u00a0son bir g\u00f6r\u00fc\u015fme plan\u0131n\u0131 rafa kald\u0131rd\u0131. Darmanin,\u00a0<em>&#8216;m\u00fczakere edecek bir \u015fey olmad\u0131\u011f\u0131n\u0131, imzalamayan \u00f6rg\u00fctlere denetimleri s\u0131k\u0131la\u015ft\u0131racaklar\u0131n\u0131&#8217;<\/em>\u00a0a\u00e7\u0131klad\u0131.\u00a0<strong>H\u00fck\u00fcmet S\u00f6zc\u00fcs\u00fc\u00a0Gabriel Attal<\/strong>\u00a0da\u00a0<em>&#8216;Frans\u0131z de\u011ferlerini reddettikleri i\u00e7in<\/em>\u00a0<em>Fransa&#8217;da yerlerinin olmad\u0131\u011f\u0131n\u0131&#8217;<\/em>\u00a0s\u00f6yledi.<\/p>\n<h3>&#8216;Kad\u0131n-erkek e\u015fitli\u011fine, insanl\u0131k onuruna kar\u015f\u0131lar&#8217;<\/h3>\n<p>Fransa h\u00fck\u00fcmeti, medyas\u0131 ve kamuoyunda\u00a0CCMTF ve CIMG gibi \u0130slamc\u0131 T\u00fcrk derneklerinin do\u011frudan Ankara&#8217;dan ve\u00a0<strong>AK Parti Genel Ba\u015fkan\u0131, Cumhurba\u015fkan\u0131 Recep Tayyip Erdo\u011fan&#8217;dan\u00a0<\/strong>talimat ald\u0131klar\u0131 g\u00f6r\u00fc\u015f\u00fc hakimken,\u00a0<strong>BFM TV&#8217;ye<\/strong>\u00a0konu\u015fan Frans\u0131z H\u00fck\u00fcmeti S\u00f6zc\u00fcs\u00fc Attal,\u00a0<a href=\"https:\/\/sptnkne.ws\/FHWu\" target=\"_blank\" rel=\"noopener noreferrer\">Milli G\u00f6r\u00fc\u015f&#8217;e<\/a>\u00a0at\u0131fla\u00a0<em>&#8220;Fransa Cumhuriyeti&#8217;nin de\u011ferlerine, kad\u0131n-erkek e\u015fitli\u011fine, insan onuruna kar\u015f\u0131 hareket eden bir dernek olarak de\u011ferlendiriyorum&#8221;<\/em>\u00a0ifadelerini kulland\u0131.<\/p>\n<h3>&#8216;Yasaklama a\u00e7\u0131klamas\u0131 de\u011fil&#8217;<\/h3>\n<p><em>&#8220;Cumhuriyet&#8217;te<\/em>\u00a0<em>faaliyette bulunmamas\u0131 ve var olmamas\u0131 gerekti\u011fi a\u015fikar&#8221;<\/em>\u00a0vurgusu yapan\u00a0Attal, bu s\u00f6zleriyle \u00f6rg\u00fct\u00fcn yasaklanaca\u011f\u0131n\u0131 ilan etmedi\u011fini s\u00f6zlerine ekledi.<\/p>\n<p>\u0130\u00e7i\u015fleri Bakan\u0131 Darmanin de\u00a0<strong>Le<\/strong>\u00a0<strong>Point<\/strong>\u00a0dergisinde yay\u0131mlanan m\u00fclakatta\u00a0<em>&#8216;Frans\u0131z devletinin t\u00fcz\u00fc\u011f\u00fc imzalamayan gruplarla m\u00fczakere edecek hi\u00e7bir \u015feyinin olmad\u0131\u011f\u0131n\u0131&#8217;<\/em>\u00a0s\u00f6yledi.<\/p>\n<h3>&#8216;Perde d\u00fc\u015ft\u00fc, m\u00fcdahale g\u00f6r\u00fcnd\u00fc&#8217;<\/h3>\n<p>Bu gruplar\u0131n faaliyetlerine y\u00f6nelik denetimlerin art\u0131r\u0131laca\u011f\u0131n\u0131 duyuran\u00a0Darmanin,\u00a0<em>&#8220;Belli baz\u0131 derneklerin imzalamak istememesi, yabanc\u0131 \u00fclke m\u00fcdahalesinin ve topraklar\u0131m\u0131zda faaliyet g\u00f6steren a\u015f\u0131r\u0131l\u0131k\u00e7\u0131 hareketlerin g\u00f6lge tiyatrosu \u00fczerindeki perdeyi kald\u0131rd\u0131&#8221;<\/em>\u00a0dedi.<\/p>\n<p>10 maddeli\u00a0<a href=\"https:\/\/sptnkne.ws\/FaqE\" target=\"_blank\" rel=\"noopener noreferrer\">t\u00fcz\u00fck<\/a>, imzac\u0131lar\u0131ndan, siyasal \u0130slam propagandas\u0131 yap\u0131lmamas\u0131n\u0131, yabanc\u0131 h\u00fck\u00fcmetler lehine milliyet\u00e7ilik s\u00f6yleminin yayg\u0131nla\u015ft\u0131r\u0131lmamas\u0131 gibi taleplerde bulunurken cami faaliyetleriyle dini hizmetlerin bir ba\u015fka \u00fclke taraf\u0131ndan finanse edilmesini yasakl\u0131yor.<\/p>\n<p><em><strong>https:\/\/tr.sputniknews.com\/avrupa\/202104011044172579-fransiz-hukumetinden-cumhuriyetci-degerler-beyannamesini-imzalamayan-ditib-ve-milli-goruse-rest\/\u00a0<\/strong><\/em><\/p>\n<\/div>\n","protected":false},"excerpt":{"rendered":"<p>\u0130\u00e7i\u015fleri Bakan\u0131 Darmanin, beyannameyi imzalamayanlara m\u00fczakere de\u011fil s\u0131k\u0131 denetimle gideceklerini a\u00e7\u0131klad\u0131. H\u00fck\u00fcmet S\u00f6zc\u00fcs\u00fc\u00a0Attal da &#8220;Fransa&#8217;da faaliyette bulunmamalar\u0131 ve var olmamalar\u0131 gerekiyor&#8221; dedi. Fransa Cumhurba\u015fkan\u0131 Emmanuel Macron, son d\u00f6nemde\u00a0Ankara&#8217;y\u0131\u00a0Frans\u0131z se\u00e7imlerine m\u00fcdahaleyle\u00a0su\u00e7lamas\u0131n\u0131n\u00a0ard\u0131ndan,\u00a0T\u00fcrkiye\u00a0ba\u011flant\u0131l\u0131 \u0130slamc\u0131 \u00f6rg\u00fctlere kar\u015f\u0131 tavr\u0131n\u0131 daha da sertle\u015ftiriyor. H\u00fck\u00fcmetin cumhuriyet\u00e7i-laik de\u011ferlere ba\u011fl\u0131l\u0131k beyannamesi niteli\u011findeki\u00a0\u0130slami \u0130lkeler T\u00fcz\u00fc\u011f\u00fc&#8217;ne\u00a0talep etti\u011fi imzalar\u0131n\u00a0Diyanet \u0130\u015fleri T\u00fcrk \u0130slam Birli\u011fi&#8217;ne (D\u0130T\u0130B) ba\u011fl\u0131 T\u00fcrk M\u00fcsl\u00fcman [&hellip;]<\/p>\n","protected":false},"author":7,"featured_media":62211,"comment_status":"open","ping_status":"open","sticky":false,"template":"","format":"standard","meta":{"footnotes":""},"categories":[1],"tags":[],"class_list":["post-62210","post","type-post","status-publish","format-standard","has-post-thumbnail","hentry","category-haberler"],"yoast_head":"<!-- This site is optimized with the Yoast SEO plugin v27.4 - https:\/\/yoast.com\/product\/yoast-seo-wordpress\/ -->\n<title>Frans\u0131z h\u00fck\u00fcmetinden cumhuriyet\u00e7i de\u011ferler beyannamesini imzalamayan D\u0130T\u0130B ve Milli G\u00f6r\u00fc\u015f&#039;e rest: Fransa&#039;da yerleri yok - Bati Ermenistan Ve Bati Ermenileri Sorunlari Ara\u015ftirmalar Merkezi<\/title>\n<meta name=\"robots\" content=\"index, follow, max-snippet:-1, max-image-preview:large, max-video-preview:-1\" \/>\n<link rel=\"canonical\" href=\"https:\/\/akunq.net\/tr\/?p=62210\" \/>\n<meta property=\"og:locale\" content=\"en_US\" \/>\n<meta property=\"og:type\" content=\"article\" \/>\n<meta property=\"og:title\" content=\"Frans\u0131z h\u00fck\u00fcmetinden cumhuriyet\u00e7i de\u011ferler beyannamesini imzalamayan D\u0130T\u0130B ve Milli G\u00f6r\u00fc\u015f&#039;e rest: Fransa&#039;da yerleri yok - Bati Ermenistan Ve Bati Ermenileri Sorunlari Ara\u015ftirmalar Merkezi\" \/>\n<meta property=\"og:description\" content=\"\u0130\u00e7i\u015fleri Bakan\u0131 Darmanin, beyannameyi imzalamayanlara m\u00fczakere de\u011fil s\u0131k\u0131 denetimle gideceklerini a\u00e7\u0131klad\u0131. H\u00fck\u00fcmet S\u00f6zc\u00fcs\u00fc\u00a0Attal da &#8220;Fransa&#8217;da faaliyette bulunmamalar\u0131 ve var olmamalar\u0131 gerekiyor&#8221; dedi. Fransa Cumhurba\u015fkan\u0131 Emmanuel Macron, son d\u00f6nemde\u00a0Ankara&#8217;y\u0131\u00a0Frans\u0131z se\u00e7imlerine m\u00fcdahaleyle\u00a0su\u00e7lamas\u0131n\u0131n\u00a0ard\u0131ndan,\u00a0T\u00fcrkiye\u00a0ba\u011flant\u0131l\u0131 \u0130slamc\u0131 \u00f6rg\u00fctlere kar\u015f\u0131 tavr\u0131n\u0131 daha da sertle\u015ftiriyor. H\u00fck\u00fcmetin cumhuriyet\u00e7i-laik de\u011ferlere ba\u011fl\u0131l\u0131k beyannamesi niteli\u011findeki\u00a0\u0130slami \u0130lkeler T\u00fcz\u00fc\u011f\u00fc&#8217;ne\u00a0talep etti\u011fi imzalar\u0131n\u00a0Diyanet \u0130\u015fleri T\u00fcrk \u0130slam Birli\u011fi&#8217;ne (D\u0130T\u0130B) ba\u011fl\u0131 T\u00fcrk M\u00fcsl\u00fcman [&hellip;]\" \/>\n<meta property=\"og:url\" content=\"https:\/\/akunq.net\/tr\/?p=62210\" \/>\n<meta property=\"og:site_name\" content=\"Bati Ermenistan Ve Bati Ermenileri Sorunlari Ara\u015ftirmalar Merkezi\" \/>\n<meta property=\"article:published_time\" content=\"2021-04-02T06:43:24+00:00\" \/>\n<meta property=\"og:image\" content=\"https:\/\/akunq.net\/tr\/wp-content\/uploads\/sites\/6\/2021\/04\/\u0539\u0578\u0582\u0580\u0584\u0561\u056f\u0561\u0576-\u056b\u057d\u056c\u0561\u0574\u056b\u057d\u057f\u0561\u056f\u0561\u0576-\u0577\u0561\u0580\u056a\u0578\u0582\u0574.jpg\" \/>\n\t<meta property=\"og:image:width\" content=\"770\" \/>\n\t<meta property=\"og:image:height\" content=\"509\" \/>\n\t<meta property=\"og:image:type\" content=\"image\/jpeg\" \/>\n<meta name=\"author\" content=\"admin\" \/>\n<meta name=\"twitter:card\" content=\"summary_large_image\" \/>\n<meta name=\"twitter:label1\" content=\"Written by\" \/>\n\t<meta name=\"twitter:data1\" content=\"admin\" \/>\n\t<meta name=\"twitter:label2\" content=\"Est. reading time\" \/>\n\t<meta name=\"twitter:data2\" content=\"2 minutes\" \/>\n<script type=\"application\/ld+json\" class=\"yoast-schema-graph\">{\"@context\":\"https:\\\/\\\/schema.org\",\"@graph\":[{\"@type\":\"Article\",\"@id\":\"https:\\\/\\\/akunq.net\\\/tr\\\/?p=62210#article\",\"isPartOf\":{\"@id\":\"https:\\\/\\\/akunq.net\\\/tr\\\/?p=62210\"},\"author\":{\"name\":\"admin\",\"@id\":\"https:\\\/\\\/akunq.net\\\/tr\\\/#\\\/schema\\\/person\\\/096f1d38a12cce57fb855b485ed24c9e\"},\"headline\":\"Frans\u0131z h\u00fck\u00fcmetinden cumhuriyet\u00e7i de\u011ferler beyannamesini imzalamayan D\u0130T\u0130B ve Milli G\u00f6r\u00fc\u015f&#8217;e rest: Fransa&#8217;da yerleri yok\",\"datePublished\":\"2021-04-02T06:43:24+00:00\",\"mainEntityOfPage\":{\"@id\":\"https:\\\/\\\/akunq.net\\\/tr\\\/?p=62210\"},\"wordCount\":480,\"commentCount\":0,\"image\":{\"@id\":\"https:\\\/\\\/akunq.net\\\/tr\\\/?p=62210#primaryimage\"},\"thumbnailUrl\":\"https:\\\/\\\/akunq.net\\\/tr\\\/wp-content\\\/uploads\\\/sites\\\/6\\\/2021\\\/04\\\/\u0539\u0578\u0582\u0580\u0584\u0561\u056f\u0561\u0576-\u056b\u057d\u056c\u0561\u0574\u056b\u057d\u057f\u0561\u056f\u0561\u0576-\u0577\u0561\u0580\u056a\u0578\u0582\u0574.jpg\",\"articleSection\":[\"Haberler\"],\"inLanguage\":\"en-US\",\"potentialAction\":[{\"@type\":\"CommentAction\",\"name\":\"Comment\",\"target\":[\"https:\\\/\\\/akunq.net\\\/tr\\\/?p=62210#respond\"]}]},{\"@type\":\"WebPage\",\"@id\":\"https:\\\/\\\/akunq.net\\\/tr\\\/?p=62210\",\"url\":\"https:\\\/\\\/akunq.net\\\/tr\\\/?p=62210\",\"name\":\"Frans\u0131z h\u00fck\u00fcmetinden cumhuriyet\u00e7i de\u011ferler beyannamesini imzalamayan D\u0130T\u0130B ve Milli G\u00f6r\u00fc\u015f'e rest: Fransa'da yerleri yok - Bati Ermenistan Ve Bati Ermenileri Sorunlari Ara\u015ftirmalar Merkezi\",\"isPartOf\":{\"@id\":\"https:\\\/\\\/akunq.net\\\/tr\\\/#website\"},\"primaryImageOfPage\":{\"@id\":\"https:\\\/\\\/akunq.net\\\/tr\\\/?p=62210#primaryimage\"},\"image\":{\"@id\":\"https:\\\/\\\/akunq.net\\\/tr\\\/?p=62210#primaryimage\"},\"thumbnailUrl\":\"https:\\\/\\\/akunq.net\\\/tr\\\/wp-content\\\/uploads\\\/sites\\\/6\\\/2021\\\/04\\\/\u0539\u0578\u0582\u0580\u0584\u0561\u056f\u0561\u0576-\u056b\u057d\u056c\u0561\u0574\u056b\u057d\u057f\u0561\u056f\u0561\u0576-\u0577\u0561\u0580\u056a\u0578\u0582\u0574.jpg\",\"datePublished\":\"2021-04-02T06:43:24+00:00\",\"author\":{\"@id\":\"https:\\\/\\\/akunq.net\\\/tr\\\/#\\\/schema\\\/person\\\/096f1d38a12cce57fb855b485ed24c9e\"},\"breadcrumb\":{\"@id\":\"https:\\\/\\\/akunq.net\\\/tr\\\/?p=62210#breadcrumb\"},\"inLanguage\":\"en-US\",\"potentialAction\":[{\"@type\":\"ReadAction\",\"target\":[\"https:\\\/\\\/akunq.net\\\/tr\\\/?p=62210\"]}]},{\"@type\":\"ImageObject\",\"inLanguage\":\"en-US\",\"@id\":\"https:\\\/\\\/akunq.net\\\/tr\\\/?p=62210#primaryimage\",\"url\":\"https:\\\/\\\/akunq.net\\\/tr\\\/wp-content\\\/uploads\\\/sites\\\/6\\\/2021\\\/04\\\/\u0539\u0578\u0582\u0580\u0584\u0561\u056f\u0561\u0576-\u056b\u057d\u056c\u0561\u0574\u056b\u057d\u057f\u0561\u056f\u0561\u0576-\u0577\u0561\u0580\u056a\u0578\u0582\u0574.jpg\",\"contentUrl\":\"https:\\\/\\\/akunq.net\\\/tr\\\/wp-content\\\/uploads\\\/sites\\\/6\\\/2021\\\/04\\\/\u0539\u0578\u0582\u0580\u0584\u0561\u056f\u0561\u0576-\u056b\u057d\u056c\u0561\u0574\u056b\u057d\u057f\u0561\u056f\u0561\u0576-\u0577\u0561\u0580\u056a\u0578\u0582\u0574.jpg\",\"width\":770,\"height\":509},{\"@type\":\"BreadcrumbList\",\"@id\":\"https:\\\/\\\/akunq.net\\\/tr\\\/?p=62210#breadcrumb\",\"itemListElement\":[{\"@type\":\"ListItem\",\"position\":1,\"name\":\"Home\",\"item\":\"https:\\\/\\\/akunq.net\\\/tr\"},{\"@type\":\"ListItem\",\"position\":2,\"name\":\"Frans\u0131z h\u00fck\u00fcmetinden cumhuriyet\u00e7i de\u011ferler beyannamesini imzalamayan D\u0130T\u0130B ve Milli G\u00f6r\u00fc\u015f&#8217;e rest: Fransa&#8217;da yerleri yok\"}]},{\"@type\":\"WebSite\",\"@id\":\"https:\\\/\\\/akunq.net\\\/tr\\\/#website\",\"url\":\"https:\\\/\\\/akunq.net\\\/tr\\\/\",\"name\":\"Bati Ermenistan Ve Bati Ermenileri Sorunlari Ara\u015ftirmalar Merkezi\",\"description\":\"\",\"potentialAction\":[{\"@type\":\"SearchAction\",\"target\":{\"@type\":\"EntryPoint\",\"urlTemplate\":\"https:\\\/\\\/akunq.net\\\/tr\\\/?s={search_term_string}\"},\"query-input\":{\"@type\":\"PropertyValueSpecification\",\"valueRequired\":true,\"valueName\":\"search_term_string\"}}],\"inLanguage\":\"en-US\"},{\"@type\":\"Person\",\"@id\":\"https:\\\/\\\/akunq.net\\\/tr\\\/#\\\/schema\\\/person\\\/096f1d38a12cce57fb855b485ed24c9e\",\"name\":\"admin\",\"url\":\"https:\\\/\\\/akunq.net\\\/tr\\\/?author=7\"}]}<\/script>\n<!-- \/ Yoast SEO plugin. -->","yoast_head_json":{"title":"Frans\u0131z h\u00fck\u00fcmetinden cumhuriyet\u00e7i de\u011ferler beyannamesini imzalamayan D\u0130T\u0130B ve Milli G\u00f6r\u00fc\u015f'e rest: Fransa'da yerleri yok - Bati Ermenistan Ve Bati Ermenileri Sorunlari Ara\u015ftirmalar Merkezi","robots":{"index":"index","follow":"follow","max-snippet":"max-snippet:-1","max-image-preview":"max-image-preview:large","max-video-preview":"max-video-preview:-1"},"canonical":"https:\/\/akunq.net\/tr\/?p=62210","og_locale":"en_US","og_type":"article","og_title":"Frans\u0131z h\u00fck\u00fcmetinden cumhuriyet\u00e7i de\u011ferler beyannamesini imzalamayan D\u0130T\u0130B ve Milli G\u00f6r\u00fc\u015f'e rest: Fransa'da yerleri yok - Bati Ermenistan Ve Bati Ermenileri Sorunlari Ara\u015ftirmalar Merkezi","og_description":"\u0130\u00e7i\u015fleri Bakan\u0131 Darmanin, beyannameyi imzalamayanlara m\u00fczakere de\u011fil s\u0131k\u0131 denetimle gideceklerini a\u00e7\u0131klad\u0131. H\u00fck\u00fcmet S\u00f6zc\u00fcs\u00fc\u00a0Attal da &#8220;Fransa&#8217;da faaliyette bulunmamalar\u0131 ve var olmamalar\u0131 gerekiyor&#8221; dedi. Fransa Cumhurba\u015fkan\u0131 Emmanuel Macron, son d\u00f6nemde\u00a0Ankara&#8217;y\u0131\u00a0Frans\u0131z se\u00e7imlerine m\u00fcdahaleyle\u00a0su\u00e7lamas\u0131n\u0131n\u00a0ard\u0131ndan,\u00a0T\u00fcrkiye\u00a0ba\u011flant\u0131l\u0131 \u0130slamc\u0131 \u00f6rg\u00fctlere kar\u015f\u0131 tavr\u0131n\u0131 daha da sertle\u015ftiriyor. H\u00fck\u00fcmetin cumhuriyet\u00e7i-laik de\u011ferlere ba\u011fl\u0131l\u0131k beyannamesi niteli\u011findeki\u00a0\u0130slami \u0130lkeler T\u00fcz\u00fc\u011f\u00fc&#8217;ne\u00a0talep etti\u011fi imzalar\u0131n\u00a0Diyanet \u0130\u015fleri T\u00fcrk \u0130slam Birli\u011fi&#8217;ne (D\u0130T\u0130B) ba\u011fl\u0131 T\u00fcrk M\u00fcsl\u00fcman [&hellip;]","og_url":"https:\/\/akunq.net\/tr\/?p=62210","og_site_name":"Bati Ermenistan Ve Bati Ermenileri Sorunlari Ara\u015ftirmalar Merkezi","article_published_time":"2021-04-02T06:43:24+00:00","og_image":[{"width":770,"height":509,"url":"https:\/\/akunq.net\/tr\/wp-content\/uploads\/sites\/6\/2021\/04\/\u0539\u0578\u0582\u0580\u0584\u0561\u056f\u0561\u0576-\u056b\u057d\u056c\u0561\u0574\u056b\u057d\u057f\u0561\u056f\u0561\u0576-\u0577\u0561\u0580\u056a\u0578\u0582\u0574.jpg","type":"image\/jpeg"}],"author":"admin","twitter_card":"summary_large_image","twitter_misc":{"Written by":"admin","Est. reading time":"2 minutes"},"schema":{"@context":"https:\/\/schema.org","@graph":[{"@type":"Article","@id":"https:\/\/akunq.net\/tr\/?p=62210#article","isPartOf":{"@id":"https:\/\/akunq.net\/tr\/?p=62210"},"author":{"name":"admin","@id":"https:\/\/akunq.net\/tr\/#\/schema\/person\/096f1d38a12cce57fb855b485ed24c9e"},"headline":"Frans\u0131z h\u00fck\u00fcmetinden cumhuriyet\u00e7i de\u011ferler beyannamesini imzalamayan D\u0130T\u0130B ve Milli G\u00f6r\u00fc\u015f&#8217;e rest: Fransa&#8217;da yerleri yok","datePublished":"2021-04-02T06:43:24+00:00","mainEntityOfPage":{"@id":"https:\/\/akunq.net\/tr\/?p=62210"},"wordCount":480,"commentCount":0,"image":{"@id":"https:\/\/akunq.net\/tr\/?p=62210#primaryimage"},"thumbnailUrl":"https:\/\/akunq.net\/tr\/wp-content\/uploads\/sites\/6\/2021\/04\/\u0539\u0578\u0582\u0580\u0584\u0561\u056f\u0561\u0576-\u056b\u057d\u056c\u0561\u0574\u056b\u057d\u057f\u0561\u056f\u0561\u0576-\u0577\u0561\u0580\u056a\u0578\u0582\u0574.jpg","articleSection":["Haberler"],"inLanguage":"en-US","potentialAction":[{"@type":"CommentAction","name":"Comment","target":["https:\/\/akunq.net\/tr\/?p=62210#respond"]}]},{"@type":"WebPage","@id":"https:\/\/akunq.net\/tr\/?p=62210","url":"https:\/\/akunq.net\/tr\/?p=62210","name":"Frans\u0131z h\u00fck\u00fcmetinden cumhuriyet\u00e7i de\u011ferler beyannamesini imzalamayan D\u0130T\u0130B ve Milli G\u00f6r\u00fc\u015f'e rest: Fransa'da yerleri yok - Bati Ermenistan Ve Bati Ermenileri Sorunlari Ara\u015ftirmalar Merkezi","isPartOf":{"@id":"https:\/\/akunq.net\/tr\/#website"},"primaryImageOfPage":{"@id":"https:\/\/akunq.net\/tr\/?p=62210#primaryimage"},"image":{"@id":"https:\/\/akunq.net\/tr\/?p=62210#primaryimage"},"thumbnailUrl":"https:\/\/akunq.net\/tr\/wp-content\/uploads\/sites\/6\/2021\/04\/\u0539\u0578\u0582\u0580\u0584\u0561\u056f\u0561\u0576-\u056b\u057d\u056c\u0561\u0574\u056b\u057d\u057f\u0561\u056f\u0561\u0576-\u0577\u0561\u0580\u056a\u0578\u0582\u0574.jpg","datePublished":"2021-04-02T06:43:24+00:00","author":{"@id":"https:\/\/akunq.net\/tr\/#\/schema\/person\/096f1d38a12cce57fb855b485ed24c9e"},"breadcrumb":{"@id":"https:\/\/akunq.net\/tr\/?p=62210#breadcrumb"},"inLanguage":"en-US","potentialAction":[{"@type":"ReadAction","target":["https:\/\/akunq.net\/tr\/?p=62210"]}]},{"@type":"ImageObject","inLanguage":"en-US","@id":"https:\/\/akunq.net\/tr\/?p=62210#primaryimage","url":"https:\/\/akunq.net\/tr\/wp-content\/uploads\/sites\/6\/2021\/04\/\u0539\u0578\u0582\u0580\u0584\u0561\u056f\u0561\u0576-\u056b\u057d\u056c\u0561\u0574\u056b\u057d\u057f\u0561\u056f\u0561\u0576-\u0577\u0561\u0580\u056a\u0578\u0582\u0574.jpg","contentUrl":"https:\/\/akunq.net\/tr\/wp-content\/uploads\/sites\/6\/2021\/04\/\u0539\u0578\u0582\u0580\u0584\u0561\u056f\u0561\u0576-\u056b\u057d\u056c\u0561\u0574\u056b\u057d\u057f\u0561\u056f\u0561\u0576-\u0577\u0561\u0580\u056a\u0578\u0582\u0574.jpg","width":770,"height":509},{"@type":"BreadcrumbList","@id":"https:\/\/akunq.net\/tr\/?p=62210#breadcrumb","itemListElement":[{"@type":"ListItem","position":1,"name":"Home","item":"https:\/\/akunq.net\/tr"},{"@type":"ListItem","position":2,"name":"Frans\u0131z h\u00fck\u00fcmetinden cumhuriyet\u00e7i de\u011ferler beyannamesini imzalamayan D\u0130T\u0130B ve Milli G\u00f6r\u00fc\u015f&#8217;e rest: Fransa&#8217;da yerleri yok"}]},{"@type":"WebSite","@id":"https:\/\/akunq.net\/tr\/#website","url":"https:\/\/akunq.net\/tr\/","name":"Bati Ermenistan Ve Bati Ermenileri Sorunlari Ara\u015ftirmalar Merkezi","description":"","potentialAction":[{"@type":"SearchAction","target":{"@type":"EntryPoint","urlTemplate":"https:\/\/akunq.net\/tr\/?s={search_term_string}"},"query-input":{"@type":"PropertyValueSpecification","valueRequired":true,"valueName":"search_term_string"}}],"inLanguage":"en-US"},{"@type":"Person","@id":"https:\/\/akunq.net\/tr\/#\/schema\/person\/096f1d38a12cce57fb855b485ed24c9e","name":"admin","url":"https:\/\/akunq.net\/tr\/?author=7"}]}},"_links":{"self":[{"href":"https:\/\/akunq.net\/tr\/index.php?rest_route=\/wp\/v2\/posts\/62210","targetHints":{"allow":["GET"]}}],"collection":[{"href":"https:\/\/akunq.net\/tr\/index.php?rest_route=\/wp\/v2\/posts"}],"about":[{"href":"https:\/\/akunq.net\/tr\/index.php?rest_route=\/wp\/v2\/types\/post"}],"author":[{"embeddable":true,"href":"https:\/\/akunq.net\/tr\/index.php?rest_route=\/wp\/v2\/users\/7"}],"replies":[{"embeddable":true,"href":"https:\/\/akunq.net\/tr\/index.php?rest_route=%2Fwp%2Fv2%2Fcomments&post=62210"}],"version-history":[{"count":1,"href":"https:\/\/akunq.net\/tr\/index.php?rest_route=\/wp\/v2\/posts\/62210\/revisions"}],"predecessor-version":[{"id":62212,"href":"https:\/\/akunq.net\/tr\/index.php?rest_route=\/wp\/v2\/posts\/62210\/revisions\/62212"}],"wp:featuredmedia":[{"embeddable":true,"href":"https:\/\/akunq.net\/tr\/index.php?rest_route=\/wp\/v2\/media\/62211"}],"wp:attachment":[{"href":"https:\/\/akunq.net\/tr\/index.php?rest_route=%2Fwp%2Fv2%2Fmedia&parent=62210"}],"wp:term":[{"taxonomy":"category","embeddable":true,"href":"https:\/\/akunq.net\/tr\/index.php?rest_route=%2Fwp%2Fv2%2Fcategories&post=62210"},{"taxonomy":"post_tag","embeddable":true,"href":"https:\/\/akunq.net\/tr\/index.php?rest_route=%2Fwp%2Fv2%2Ftags&post=62210"}],"curies":[{"name":"wp","href":"https:\/\/api.w.org\/{rel}","templated":true}]}}