{"id":62203,"date":"2021-04-02T01:15:11","date_gmt":"2021-04-02T06:15:11","guid":{"rendered":"https:\/\/akunq.net\/tr\/?p=62203"},"modified":"2021-04-02T01:15:11","modified_gmt":"2021-04-02T06:15:11","slug":"24-nisanda-ermeni-soykirimi-anitina-yuruyus-olacak","status":"publish","type":"post","link":"https:\/\/akunq.net\/tr\/?p=62203","title":{"rendered":"24 Nisan&#8217;da Ermeni Soyk\u0131r\u0131m\u0131 an\u0131t\u0131na y\u00fcr\u00fcy\u00fc\u015f olacak"},"content":{"rendered":"<p><img loading=\"lazy\" decoding=\"async\" class=\"aligncenter size-medium wp-image-62204\" src=\"https:\/\/akunq.net\/tr\/wp-content\/uploads\/2021\/04\/Ermeni-Soyk\u0131r\u0131m\u0131-360x239.jpg\" alt=\"\" width=\"360\" height=\"239\" srcset=\"https:\/\/akunq.net\/tr\/wp-content\/uploads\/sites\/6\/2021\/04\/Ermeni-Soyk\u0131r\u0131m\u0131-360x239.jpg 360w, https:\/\/akunq.net\/tr\/wp-content\/uploads\/sites\/6\/2021\/04\/Ermeni-Soyk\u0131r\u0131m\u0131-560x372.jpg 560w, https:\/\/akunq.net\/tr\/wp-content\/uploads\/sites\/6\/2021\/04\/Ermeni-Soyk\u0131r\u0131m\u0131-260x173.jpg 260w, https:\/\/akunq.net\/tr\/wp-content\/uploads\/sites\/6\/2021\/04\/Ermeni-Soyk\u0131r\u0131m\u0131-160x106.jpg 160w, https:\/\/akunq.net\/tr\/wp-content\/uploads\/sites\/6\/2021\/04\/Ermeni-Soyk\u0131r\u0131m\u0131.jpg 669w\" sizes=\"auto, (max-width: 360px) 100vw, 360px\" \/><\/p>\n<p><em><strong>24 Nisan\u2019da y\u00fcr\u00fcy\u00fc\u015f olacak, Ermenistan vatanda\u015flar\u0131\u00a0Ermeni Soyk\u0131r\u0131m\u0131\u2019n\u0131n An\u0131t Kompleksi\u00a0Tsitsernakaberd\u2019e gidebilir.<\/strong><\/em><\/p>\n<p>Ermeni Soyk\u0131r\u0131m\u0131 M\u00fcze-Enstit\u00fcs\u00fc m\u00fcd\u00fcr\u00fc Harutyun Marutyan, 24 Nisan\u2019da y\u00fcr\u00fcy\u00fc\u015f olaca\u011f\u0131n\u0131 s\u00f6yledi.<\/p>\n<p>Marutyan verdi\u011fi r\u00f6portajda \u015fu ifadeleri \u201cE\u011fitim, Bilim, K\u00fclt\u00fcr ve Spor Bakanl\u0131\u011f\u0131\u2019nda 24 Nisan ile ilgili bir isti\u015farede bulunduk.\u00a0Bu y\u0131l etkinlikler olacak, ancak benim i\u00e7in en \u00f6nemli \u015fey olan 24 Nisan\u2019daki y\u00fcr\u00fcy\u00fc\u015f olacak\u201d.<\/p>\n<p>Ge\u00e7en y\u0131l Ermeni Soyk\u0131r\u0131m\u0131 Anma G\u00fcn\u00fc (24 Nisan), ve di\u011fer benzer anma etkinlikler koronavir\u00fcs nedeniyle halka kapal\u0131 olarak ger\u00e7ekle\u015ftirilmi\u015fti.<\/p>\n<p><em><strong>https:\/\/www.ermenihaber.am\/tr\/news\/2021\/04\/01\/Ermeni-Soyk%C4%B1r%C4%B1m-24Nisan\/205322\u00a0<\/strong><\/em><\/p>\n","protected":false},"excerpt":{"rendered":"<p>24 Nisan\u2019da y\u00fcr\u00fcy\u00fc\u015f olacak, Ermenistan vatanda\u015flar\u0131\u00a0Ermeni Soyk\u0131r\u0131m\u0131\u2019n\u0131n An\u0131t Kompleksi\u00a0Tsitsernakaberd\u2019e gidebilir. Ermeni Soyk\u0131r\u0131m\u0131 M\u00fcze-Enstit\u00fcs\u00fc m\u00fcd\u00fcr\u00fc Harutyun Marutyan, 24 Nisan\u2019da y\u00fcr\u00fcy\u00fc\u015f olaca\u011f\u0131n\u0131 s\u00f6yledi. Marutyan verdi\u011fi r\u00f6portajda \u015fu ifadeleri \u201cE\u011fitim, Bilim, K\u00fclt\u00fcr ve Spor Bakanl\u0131\u011f\u0131\u2019nda 24 Nisan ile ilgili bir isti\u015farede bulunduk.\u00a0Bu y\u0131l etkinlikler olacak, ancak benim i\u00e7in en \u00f6nemli \u015fey olan 24 Nisan\u2019daki y\u00fcr\u00fcy\u00fc\u015f olacak\u201d. Ge\u00e7en y\u0131l [&hellip;]<\/p>\n","protected":false},"author":7,"featured_media":62204,"comment_status":"open","ping_status":"open","sticky":false,"template":"","format":"standard","meta":{"footnotes":""},"categories":[44,1],"tags":[],"class_list":["post-62203","post","type-post","status-publish","format-standard","has-post-thumbnail","hentry","category-ermeni-soykirimi","category-haberler"],"yoast_head":"<!-- This site is optimized with the Yoast SEO plugin v27.4 - https:\/\/yoast.com\/product\/yoast-seo-wordpress\/ -->\n<title>24 Nisan&#039;da Ermeni Soyk\u0131r\u0131m\u0131 an\u0131t\u0131na y\u00fcr\u00fcy\u00fc\u015f olacak - Bati Ermenistan Ve Bati Ermenileri Sorunlari Ara\u015ftirmalar Merkezi<\/title>\n<meta name=\"robots\" content=\"index, follow, max-snippet:-1, max-image-preview:large, max-video-preview:-1\" \/>\n<link rel=\"canonical\" href=\"https:\/\/akunq.net\/tr\/?p=62203\" \/>\n<meta property=\"og:locale\" content=\"en_US\" \/>\n<meta property=\"og:type\" content=\"article\" \/>\n<meta property=\"og:title\" content=\"24 Nisan&#039;da Ermeni Soyk\u0131r\u0131m\u0131 an\u0131t\u0131na y\u00fcr\u00fcy\u00fc\u015f olacak - Bati Ermenistan Ve Bati Ermenileri Sorunlari Ara\u015ftirmalar Merkezi\" \/>\n<meta property=\"og:description\" content=\"24 Nisan\u2019da y\u00fcr\u00fcy\u00fc\u015f olacak, Ermenistan vatanda\u015flar\u0131\u00a0Ermeni Soyk\u0131r\u0131m\u0131\u2019n\u0131n An\u0131t Kompleksi\u00a0Tsitsernakaberd\u2019e gidebilir. Ermeni Soyk\u0131r\u0131m\u0131 M\u00fcze-Enstit\u00fcs\u00fc m\u00fcd\u00fcr\u00fc Harutyun Marutyan, 24 Nisan\u2019da y\u00fcr\u00fcy\u00fc\u015f olaca\u011f\u0131n\u0131 s\u00f6yledi. Marutyan verdi\u011fi r\u00f6portajda \u015fu ifadeleri \u201cE\u011fitim, Bilim, K\u00fclt\u00fcr ve Spor Bakanl\u0131\u011f\u0131\u2019nda 24 Nisan ile ilgili bir isti\u015farede bulunduk.\u00a0Bu y\u0131l etkinlikler olacak, ancak benim i\u00e7in en \u00f6nemli \u015fey olan 24 Nisan\u2019daki y\u00fcr\u00fcy\u00fc\u015f olacak\u201d. Ge\u00e7en y\u0131l [&hellip;]\" \/>\n<meta property=\"og:url\" content=\"https:\/\/akunq.net\/tr\/?p=62203\" \/>\n<meta property=\"og:site_name\" content=\"Bati Ermenistan Ve Bati Ermenileri Sorunlari Ara\u015ftirmalar Merkezi\" \/>\n<meta property=\"article:published_time\" content=\"2021-04-02T06:15:11+00:00\" \/>\n<meta property=\"og:image\" content=\"https:\/\/akunq.net\/tr\/wp-content\/uploads\/sites\/6\/2021\/04\/Ermeni-Soyk\u0131r\u0131m\u0131.jpg\" \/>\n\t<meta property=\"og:image:width\" content=\"669\" \/>\n\t<meta property=\"og:image:height\" content=\"445\" \/>\n\t<meta property=\"og:image:type\" content=\"image\/jpeg\" \/>\n<meta name=\"author\" content=\"admin\" \/>\n<meta name=\"twitter:card\" content=\"summary_large_image\" \/>\n<meta name=\"twitter:label1\" content=\"Written by\" \/>\n\t<meta name=\"twitter:data1\" content=\"admin\" \/>\n\t<meta name=\"twitter:label2\" content=\"Est. reading time\" \/>\n\t<meta name=\"twitter:data2\" content=\"1 minute\" \/>\n<script type=\"application\/ld+json\" class=\"yoast-schema-graph\">{\"@context\":\"https:\\\/\\\/schema.org\",\"@graph\":[{\"@type\":\"Article\",\"@id\":\"https:\\\/\\\/akunq.net\\\/tr\\\/?p=62203#article\",\"isPartOf\":{\"@id\":\"https:\\\/\\\/akunq.net\\\/tr\\\/?p=62203\"},\"author\":{\"name\":\"admin\",\"@id\":\"https:\\\/\\\/akunq.net\\\/tr\\\/#\\\/schema\\\/person\\\/096f1d38a12cce57fb855b485ed24c9e\"},\"headline\":\"24 Nisan&#8217;da Ermeni Soyk\u0131r\u0131m\u0131 an\u0131t\u0131na y\u00fcr\u00fcy\u00fc\u015f olacak\",\"datePublished\":\"2021-04-02T06:15:11+00:00\",\"mainEntityOfPage\":{\"@id\":\"https:\\\/\\\/akunq.net\\\/tr\\\/?p=62203\"},\"wordCount\":139,\"commentCount\":0,\"image\":{\"@id\":\"https:\\\/\\\/akunq.net\\\/tr\\\/?p=62203#primaryimage\"},\"thumbnailUrl\":\"https:\\\/\\\/akunq.net\\\/tr\\\/wp-content\\\/uploads\\\/sites\\\/6\\\/2021\\\/04\\\/Ermeni-Soyk\u0131r\u0131m\u0131.jpg\",\"articleSection\":[\"Ermeni Soyk\u0131r\u0131m\u0131\",\"Haberler\"],\"inLanguage\":\"en-US\",\"potentialAction\":[{\"@type\":\"CommentAction\",\"name\":\"Comment\",\"target\":[\"https:\\\/\\\/akunq.net\\\/tr\\\/?p=62203#respond\"]}]},{\"@type\":\"WebPage\",\"@id\":\"https:\\\/\\\/akunq.net\\\/tr\\\/?p=62203\",\"url\":\"https:\\\/\\\/akunq.net\\\/tr\\\/?p=62203\",\"name\":\"24 Nisan'da Ermeni Soyk\u0131r\u0131m\u0131 an\u0131t\u0131na y\u00fcr\u00fcy\u00fc\u015f olacak - Bati Ermenistan Ve Bati Ermenileri Sorunlari Ara\u015ftirmalar Merkezi\",\"isPartOf\":{\"@id\":\"https:\\\/\\\/akunq.net\\\/tr\\\/#website\"},\"primaryImageOfPage\":{\"@id\":\"https:\\\/\\\/akunq.net\\\/tr\\\/?p=62203#primaryimage\"},\"image\":{\"@id\":\"https:\\\/\\\/akunq.net\\\/tr\\\/?p=62203#primaryimage\"},\"thumbnailUrl\":\"https:\\\/\\\/akunq.net\\\/tr\\\/wp-content\\\/uploads\\\/sites\\\/6\\\/2021\\\/04\\\/Ermeni-Soyk\u0131r\u0131m\u0131.jpg\",\"datePublished\":\"2021-04-02T06:15:11+00:00\",\"author\":{\"@id\":\"https:\\\/\\\/akunq.net\\\/tr\\\/#\\\/schema\\\/person\\\/096f1d38a12cce57fb855b485ed24c9e\"},\"breadcrumb\":{\"@id\":\"https:\\\/\\\/akunq.net\\\/tr\\\/?p=62203#breadcrumb\"},\"inLanguage\":\"en-US\",\"potentialAction\":[{\"@type\":\"ReadAction\",\"target\":[\"https:\\\/\\\/akunq.net\\\/tr\\\/?p=62203\"]}]},{\"@type\":\"ImageObject\",\"inLanguage\":\"en-US\",\"@id\":\"https:\\\/\\\/akunq.net\\\/tr\\\/?p=62203#primaryimage\",\"url\":\"https:\\\/\\\/akunq.net\\\/tr\\\/wp-content\\\/uploads\\\/sites\\\/6\\\/2021\\\/04\\\/Ermeni-Soyk\u0131r\u0131m\u0131.jpg\",\"contentUrl\":\"https:\\\/\\\/akunq.net\\\/tr\\\/wp-content\\\/uploads\\\/sites\\\/6\\\/2021\\\/04\\\/Ermeni-Soyk\u0131r\u0131m\u0131.jpg\",\"width\":669,\"height\":445},{\"@type\":\"BreadcrumbList\",\"@id\":\"https:\\\/\\\/akunq.net\\\/tr\\\/?p=62203#breadcrumb\",\"itemListElement\":[{\"@type\":\"ListItem\",\"position\":1,\"name\":\"Home\",\"item\":\"https:\\\/\\\/akunq.net\\\/tr\"},{\"@type\":\"ListItem\",\"position\":2,\"name\":\"24 Nisan&#8217;da Ermeni Soyk\u0131r\u0131m\u0131 an\u0131t\u0131na y\u00fcr\u00fcy\u00fc\u015f olacak\"}]},{\"@type\":\"WebSite\",\"@id\":\"https:\\\/\\\/akunq.net\\\/tr\\\/#website\",\"url\":\"https:\\\/\\\/akunq.net\\\/tr\\\/\",\"name\":\"Bati Ermenistan Ve Bati Ermenileri Sorunlari Ara\u015ftirmalar Merkezi\",\"description\":\"\",\"potentialAction\":[{\"@type\":\"SearchAction\",\"target\":{\"@type\":\"EntryPoint\",\"urlTemplate\":\"https:\\\/\\\/akunq.net\\\/tr\\\/?s={search_term_string}\"},\"query-input\":{\"@type\":\"PropertyValueSpecification\",\"valueRequired\":true,\"valueName\":\"search_term_string\"}}],\"inLanguage\":\"en-US\"},{\"@type\":\"Person\",\"@id\":\"https:\\\/\\\/akunq.net\\\/tr\\\/#\\\/schema\\\/person\\\/096f1d38a12cce57fb855b485ed24c9e\",\"name\":\"admin\",\"url\":\"https:\\\/\\\/akunq.net\\\/tr\\\/?author=7\"}]}<\/script>\n<!-- \/ Yoast SEO plugin. -->","yoast_head_json":{"title":"24 Nisan'da Ermeni Soyk\u0131r\u0131m\u0131 an\u0131t\u0131na y\u00fcr\u00fcy\u00fc\u015f olacak - Bati Ermenistan Ve Bati Ermenileri Sorunlari Ara\u015ftirmalar Merkezi","robots":{"index":"index","follow":"follow","max-snippet":"max-snippet:-1","max-image-preview":"max-image-preview:large","max-video-preview":"max-video-preview:-1"},"canonical":"https:\/\/akunq.net\/tr\/?p=62203","og_locale":"en_US","og_type":"article","og_title":"24 Nisan'da Ermeni Soyk\u0131r\u0131m\u0131 an\u0131t\u0131na y\u00fcr\u00fcy\u00fc\u015f olacak - Bati Ermenistan Ve Bati Ermenileri Sorunlari Ara\u015ftirmalar Merkezi","og_description":"24 Nisan\u2019da y\u00fcr\u00fcy\u00fc\u015f olacak, Ermenistan vatanda\u015flar\u0131\u00a0Ermeni Soyk\u0131r\u0131m\u0131\u2019n\u0131n An\u0131t Kompleksi\u00a0Tsitsernakaberd\u2019e gidebilir. Ermeni Soyk\u0131r\u0131m\u0131 M\u00fcze-Enstit\u00fcs\u00fc m\u00fcd\u00fcr\u00fc Harutyun Marutyan, 24 Nisan\u2019da y\u00fcr\u00fcy\u00fc\u015f olaca\u011f\u0131n\u0131 s\u00f6yledi. Marutyan verdi\u011fi r\u00f6portajda \u015fu ifadeleri \u201cE\u011fitim, Bilim, K\u00fclt\u00fcr ve Spor Bakanl\u0131\u011f\u0131\u2019nda 24 Nisan ile ilgili bir isti\u015farede bulunduk.\u00a0Bu y\u0131l etkinlikler olacak, ancak benim i\u00e7in en \u00f6nemli \u015fey olan 24 Nisan\u2019daki y\u00fcr\u00fcy\u00fc\u015f olacak\u201d. Ge\u00e7en y\u0131l [&hellip;]","og_url":"https:\/\/akunq.net\/tr\/?p=62203","og_site_name":"Bati Ermenistan Ve Bati Ermenileri Sorunlari Ara\u015ftirmalar Merkezi","article_published_time":"2021-04-02T06:15:11+00:00","og_image":[{"width":669,"height":445,"url":"https:\/\/akunq.net\/tr\/wp-content\/uploads\/sites\/6\/2021\/04\/Ermeni-Soyk\u0131r\u0131m\u0131.jpg","type":"image\/jpeg"}],"author":"admin","twitter_card":"summary_large_image","twitter_misc":{"Written by":"admin","Est. reading time":"1 minute"},"schema":{"@context":"https:\/\/schema.org","@graph":[{"@type":"Article","@id":"https:\/\/akunq.net\/tr\/?p=62203#article","isPartOf":{"@id":"https:\/\/akunq.net\/tr\/?p=62203"},"author":{"name":"admin","@id":"https:\/\/akunq.net\/tr\/#\/schema\/person\/096f1d38a12cce57fb855b485ed24c9e"},"headline":"24 Nisan&#8217;da Ermeni Soyk\u0131r\u0131m\u0131 an\u0131t\u0131na y\u00fcr\u00fcy\u00fc\u015f olacak","datePublished":"2021-04-02T06:15:11+00:00","mainEntityOfPage":{"@id":"https:\/\/akunq.net\/tr\/?p=62203"},"wordCount":139,"commentCount":0,"image":{"@id":"https:\/\/akunq.net\/tr\/?p=62203#primaryimage"},"thumbnailUrl":"https:\/\/akunq.net\/tr\/wp-content\/uploads\/sites\/6\/2021\/04\/Ermeni-Soyk\u0131r\u0131m\u0131.jpg","articleSection":["Ermeni Soyk\u0131r\u0131m\u0131","Haberler"],"inLanguage":"en-US","potentialAction":[{"@type":"CommentAction","name":"Comment","target":["https:\/\/akunq.net\/tr\/?p=62203#respond"]}]},{"@type":"WebPage","@id":"https:\/\/akunq.net\/tr\/?p=62203","url":"https:\/\/akunq.net\/tr\/?p=62203","name":"24 Nisan'da Ermeni Soyk\u0131r\u0131m\u0131 an\u0131t\u0131na y\u00fcr\u00fcy\u00fc\u015f olacak - Bati Ermenistan Ve Bati Ermenileri Sorunlari Ara\u015ftirmalar Merkezi","isPartOf":{"@id":"https:\/\/akunq.net\/tr\/#website"},"primaryImageOfPage":{"@id":"https:\/\/akunq.net\/tr\/?p=62203#primaryimage"},"image":{"@id":"https:\/\/akunq.net\/tr\/?p=62203#primaryimage"},"thumbnailUrl":"https:\/\/akunq.net\/tr\/wp-content\/uploads\/sites\/6\/2021\/04\/Ermeni-Soyk\u0131r\u0131m\u0131.jpg","datePublished":"2021-04-02T06:15:11+00:00","author":{"@id":"https:\/\/akunq.net\/tr\/#\/schema\/person\/096f1d38a12cce57fb855b485ed24c9e"},"breadcrumb":{"@id":"https:\/\/akunq.net\/tr\/?p=62203#breadcrumb"},"inLanguage":"en-US","potentialAction":[{"@type":"ReadAction","target":["https:\/\/akunq.net\/tr\/?p=62203"]}]},{"@type":"ImageObject","inLanguage":"en-US","@id":"https:\/\/akunq.net\/tr\/?p=62203#primaryimage","url":"https:\/\/akunq.net\/tr\/wp-content\/uploads\/sites\/6\/2021\/04\/Ermeni-Soyk\u0131r\u0131m\u0131.jpg","contentUrl":"https:\/\/akunq.net\/tr\/wp-content\/uploads\/sites\/6\/2021\/04\/Ermeni-Soyk\u0131r\u0131m\u0131.jpg","width":669,"height":445},{"@type":"BreadcrumbList","@id":"https:\/\/akunq.net\/tr\/?p=62203#breadcrumb","itemListElement":[{"@type":"ListItem","position":1,"name":"Home","item":"https:\/\/akunq.net\/tr"},{"@type":"ListItem","position":2,"name":"24 Nisan&#8217;da Ermeni Soyk\u0131r\u0131m\u0131 an\u0131t\u0131na y\u00fcr\u00fcy\u00fc\u015f olacak"}]},{"@type":"WebSite","@id":"https:\/\/akunq.net\/tr\/#website","url":"https:\/\/akunq.net\/tr\/","name":"Bati Ermenistan Ve Bati Ermenileri Sorunlari Ara\u015ftirmalar Merkezi","description":"","potentialAction":[{"@type":"SearchAction","target":{"@type":"EntryPoint","urlTemplate":"https:\/\/akunq.net\/tr\/?s={search_term_string}"},"query-input":{"@type":"PropertyValueSpecification","valueRequired":true,"valueName":"search_term_string"}}],"inLanguage":"en-US"},{"@type":"Person","@id":"https:\/\/akunq.net\/tr\/#\/schema\/person\/096f1d38a12cce57fb855b485ed24c9e","name":"admin","url":"https:\/\/akunq.net\/tr\/?author=7"}]}},"_links":{"self":[{"href":"https:\/\/akunq.net\/tr\/index.php?rest_route=\/wp\/v2\/posts\/62203","targetHints":{"allow":["GET"]}}],"collection":[{"href":"https:\/\/akunq.net\/tr\/index.php?rest_route=\/wp\/v2\/posts"}],"about":[{"href":"https:\/\/akunq.net\/tr\/index.php?rest_route=\/wp\/v2\/types\/post"}],"author":[{"embeddable":true,"href":"https:\/\/akunq.net\/tr\/index.php?rest_route=\/wp\/v2\/users\/7"}],"replies":[{"embeddable":true,"href":"https:\/\/akunq.net\/tr\/index.php?rest_route=%2Fwp%2Fv2%2Fcomments&post=62203"}],"version-history":[{"count":1,"href":"https:\/\/akunq.net\/tr\/index.php?rest_route=\/wp\/v2\/posts\/62203\/revisions"}],"predecessor-version":[{"id":62205,"href":"https:\/\/akunq.net\/tr\/index.php?rest_route=\/wp\/v2\/posts\/62203\/revisions\/62205"}],"wp:featuredmedia":[{"embeddable":true,"href":"https:\/\/akunq.net\/tr\/index.php?rest_route=\/wp\/v2\/media\/62204"}],"wp:attachment":[{"href":"https:\/\/akunq.net\/tr\/index.php?rest_route=%2Fwp%2Fv2%2Fmedia&parent=62203"}],"wp:term":[{"taxonomy":"category","embeddable":true,"href":"https:\/\/akunq.net\/tr\/index.php?rest_route=%2Fwp%2Fv2%2Fcategories&post=62203"},{"taxonomy":"post_tag","embeddable":true,"href":"https:\/\/akunq.net\/tr\/index.php?rest_route=%2Fwp%2Fv2%2Ftags&post=62203"}],"curies":[{"name":"wp","href":"https:\/\/api.w.org\/{rel}","templated":true}]}}