{"id":62194,"date":"2021-04-01T02:29:45","date_gmt":"2021-04-01T07:29:45","guid":{"rendered":"https:\/\/akunq.net\/tr\/?p=62194"},"modified":"2021-04-01T02:29:45","modified_gmt":"2021-04-01T07:29:45","slug":"hrant-kararinda-milli-mutabakat-neden-bozuldu","status":"publish","type":"post","link":"https:\/\/akunq.net\/tr\/?p=62194","title":{"rendered":"Hrant karar\u0131nda milli mutabakat neden bozuldu!"},"content":{"rendered":"<p><img loading=\"lazy\" decoding=\"async\" class=\"aligncenter size-medium wp-image-62195\" src=\"https:\/\/akunq.net\/tr\/wp-content\/uploads\/2021\/04\/Dink-360x204.jpg\" alt=\"\" width=\"360\" height=\"204\" srcset=\"https:\/\/akunq.net\/tr\/wp-content\/uploads\/sites\/6\/2021\/04\/Dink-360x204.jpg 360w, https:\/\/akunq.net\/tr\/wp-content\/uploads\/sites\/6\/2021\/04\/Dink-768x434.jpg 768w, https:\/\/akunq.net\/tr\/wp-content\/uploads\/sites\/6\/2021\/04\/Dink-560x317.jpg 560w, https:\/\/akunq.net\/tr\/wp-content\/uploads\/sites\/6\/2021\/04\/Dink-260x147.jpg 260w, https:\/\/akunq.net\/tr\/wp-content\/uploads\/sites\/6\/2021\/04\/Dink-160x90.jpg 160w, https:\/\/akunq.net\/tr\/wp-content\/uploads\/sites\/6\/2021\/04\/Dink.jpg 810w\" sizes=\"auto, (max-width: 360px) 100vw, 360px\" \/><\/p>\n<p><em><strong>Tam da \u201ci\u015fte y\u00fcce yarg\u0131!\u201d diyecekken, kararla g\u00f6rd\u00fck ki Hrant\u2019\u0131n katlinin as\u0131l davas\u0131nda yarg\u0131 yine ara\u00e7salla\u015ft\u0131r\u0131ld\u0131. Zaman\u0131nda olu\u015fmu\u015f zinde milli mutabakat titiz bir ayr\u0131mla bozuldu; san\u0131klar\u0131n su\u00e7taki sorumluluklar\u0131 de\u011fil, san\u0131klardaki FET\u00d6 mensubiyetleri esas al\u0131narak su\u00e7ta a\u00e7\u0131k sorumlu\u011fu bulunan \u0130stanbul Emniyeti ve \u0130stihbarat\u0131 akland\u0131.<\/strong><\/em><\/p>\n<p><strong>Ergin Cinmen<\/strong><\/p>\n<p>19 Ocak 2007\u2019de Hrant \u00f6ld\u00fcr\u00fcld\u00fc\u011f\u00fcnde bu cinayetin tipi a\u00e7\u0131kland\u0131; milli mutabakat cinayeti!<\/p>\n<p>Bu c\u00fcmleyi ilk s\u00f6yleyen kimdi \u015fimdi hat\u0131rlam\u0131yorum ama ya\u015fanan\/ya\u015fat\u0131lan tam da buydu.<\/p>\n<p>Bu sitenin okurlar\u0131 o g\u00fcnleri iyi hat\u0131rlar. Hrant bu \u00fclkenin vicdan\u0131 olarak hem namlunun ucunda hem de g\u00f6n\u00fcllerdeydi.<\/p>\n<p>Bir \u00fclkede ikinci s\u0131n\u0131f vatanda\u015f olman\u0131n ne demek olu\u011funun resmini \u00e7izmi\u015f, aynay\u0131 herkesin y\u00fcz\u00fcne tutmu\u015ftu.<\/p>\n<p>Hi\u00e7bir demokratik \u00fclkede yaz\u0131ld\u0131\u011f\u0131, s\u00f6ylendi\u011fi zaman su\u00e7 olmayan \u015feyler; bug\u00fcn oldu\u011fu gibi o g\u00fcnlerde de su\u00e7tu.<\/p>\n<p>Ama \u201csu\u00e7lu var, su\u00e7lu var\u201d e\u011fer bu su\u00e7lu bir Ermeniyse durum de\u011fi\u015fir, mesele katmerlenir. Sinir u\u00e7lar\u0131 zaten hep a\u00e7\u0131kta olan bu toplumun bir k\u0131s\u0131m bireyleri hormonlanm\u0131\u015f milliyet\u00e7ilik duygular\u0131yla sald\u0131rmaya ba\u015flar.<\/p>\n<p>Hrant\u2019ta da \u00f6yle oldu. Bir yaz\u0131 yazd\u0131. Yarg\u0131land\u0131. Mahk\u00fbm edildi. Yaz\u0131n\u0131n konusu bu toplumda ya\u015fayan M\u00fcsl\u00fcman\/T\u00fcrk olmayan insanlarla; M\u00fcsl\u00fcman\/T\u00fcrk olan insanlar\u0131n huzur i\u00e7inde nas\u0131l bir arada ya\u015fayabilecekleriydi.<\/p>\n<p>Oysa o s\u0131radaki milli mutabakata g\u00f6re b\u00f6yle bir sorun bulunmuyordu. B\u00f6yle bir sorunun varl\u0131\u011f\u0131n\u0131 iddia edenler bu \u00fclkeye kar\u015f\u0131 ihanet i\u00e7indeydiler!<\/p>\n<p>Yani Cumhuriyet tarihinde ilk kez bir Ermeni \u201cBen buraday\u0131m\u201d diyordu.<\/p>\n<p>Televizyondaki bir konu\u015fmas\u0131 hi\u00e7 akl\u0131mdan \u00e7\u0131kmaz. Hat\u0131rlad\u0131\u011f\u0131m kadar\u0131yla \u015funlar\u0131 s\u00f6yl\u00fcyordu:<\/p>\n<p>\u201cBen k\u00fc\u00e7\u00fckl\u00fc\u011f\u00fcmden beri cinayet masas\u0131nda \u00e7al\u0131\u015fan bir polis olmak isterdim. En girift cinayetleri \u00e7\u00f6zebilece\u011fime inan\u0131rd\u0131m. Ama sonra \u00f6\u011frendim ki bana bu \u00fclkede hi\u00e7bir kamu g\u00f6revi verilemez. Polis olamayaca\u011f\u0131m gibi tapu memuru da olamam, avukat olabilirim ama yarg\u0131\u00e7 olamam. Milletvekili olabilirim ama Meclisin kap\u0131s\u0131n\u0131 koruyan g\u00fcvenlik g\u00f6revlisi olamam. \u00c7\u00fcnk\u00fc ben bir Ermeniyim! Potansiyel olarak g\u00fcvenilmezim ve her an vatana ihanet edebilirim!\u201d<\/p>\n<p>T\u00fcrk \u0130slam sentezciler, kendilerine ulusalc\u0131 diyen \u00e7evreler; hi\u00e7bir konuda anla\u015famasa da Hrant konusunda tam bir mutabakata girdiler.<\/p>\n<p>Bu Ermeni susturulmal\u0131!<\/p>\n<p>Zaman\u0131n M\u0130T\u2019i, Genelkurmay\u2019\u0131 da ayn\u0131 d\u00fc\u015f\u00fcncedeydi; susmal\u0131.<\/p>\n<p>Susmazsa susturulmal\u0131!<\/p>\n<p>\u201cTam susturulmas\u0131na\u201d ad\u0131m ad\u0131m yakla\u015f\u0131l\u0131rken neler oldu\u011funu, \u00f6ld\u00fcr\u00fclmesinden dokuz g\u00fcn \u00f6nce Agos\u2019ta yay\u0131mlanan \u201cBir g\u00fcvercin tedirginli\u011fini ya\u015f\u0131yorum\u201d ba\u015fl\u0131kl\u0131 yaz\u0131s\u0131nda anlatm\u0131\u015ft\u0131. Bir b\u00f6l\u00fcm\u00fc \u015f\u00f6yleydi:<\/p>\n<hr \/>\n<p>\u201cKolay bir s\u00fcre\u00e7 de\u011fil ya\u015fad\u0131klar\u0131m\u2026 Ve ailece ya\u015fad\u0131klar\u0131m\u0131z.<\/p>\n<p>Ciddi ciddi, \u00fclkeyi terk edip uzakla\u015fmay\u0131 d\u00fc\u015f\u00fcnd\u00fc\u011f\u00fcm anlar dahi oldu.<\/p>\n<p>\u00d6zellikle de tehditler yak\u0131nlar\u0131ma bula\u015ft\u0131\u011f\u0131nda\u2026<\/p>\n<p>O noktada hep \u00e7aresiz kald\u0131m.<\/p>\n<p>\u201c\u00d6l\u00fcm-Kal\u0131m\u201d dedikleri bu olsa gerek. Kendi irademin direni\u015f\u00e7isi olabilirdim ama herhangi bir yak\u0131n\u0131m\u0131n ya\u015fam\u0131n\u0131 tehlike alt\u0131na atmaya hakk\u0131m yoktu. Kendi kahraman\u0131m olabilirdim, ama b\u0131rak\u0131n yak\u0131n\u0131m\u0131, herhangi bir ba\u015fkas\u0131n\u0131 tehlikeye atarak, yi\u011fitlik yapmak hakk\u0131na sahip olamazd\u0131m.<\/p>\n<p>\u0130\u015fte b\u00f6ylesi \u00e7aresiz zamanlar\u0131mda, ailemi, \u00e7ocuklar\u0131m\u0131 toplay\u0131p, onlara s\u0131\u011f\u0131nd\u0131m ve en b\u00fcy\u00fck deste\u011fi de onlardan ald\u0131m. Bana g\u00fcveniyorlard\u0131.<\/p>\n<p>Ben nerede olursam onlar da orada olacakt\u0131.<\/p>\n<p>\u201cGidelim\u201d dersem geleceklerdi, \u201cKalal\u0131m\u201d dersem kalacaklard\u0131.<\/p>\n<p>Kalmak ve direnmek.<\/p>\n<p>\u0130yi de, gidersek nereye gidecektik?<\/p>\n<p>Ermenistan\u2019a m\u0131?<\/p>\n<p>Peki, benim gibi haks\u0131zl\u0131klara dayanamayan biri oradaki haks\u0131zl\u0131klara ne kadar katlanacakt\u0131? Orada ba\u015f\u0131m daha b\u00fcy\u00fck belalara girmeyecek miydi?<\/p>\n<p>Avrupa \u00fclkelerine gidip ya\u015famak ise hi\u00e7 harc\u0131m de\u011fildi.<\/p>\n<p>\u015eunun \u015furas\u0131nda \u00fc\u00e7 g\u00fcn Bat\u0131\u2019ya gitsem, d\u00f6rd\u00fcnc\u00fc g\u00fcn \u201cArt\u0131k bitse de d\u00f6nsem\u201d diye s\u0131k\u0131nt\u0131dan k\u0131vranan ve \u00fclkesini \u00f6zleyen biriyim, oralarda ne yapard\u0131m?<\/p>\n<p>Rahat bana batard\u0131!<\/p>\n<p>\u201cKaynayan cehennemler\u201di b\u0131rak\u0131p, \u201cHaz\u0131r cennetler\u201de ka\u00e7mak her\u015feyden \u00f6nce benim yap\u0131ma uygun de\u011fildi.<\/p>\n<p>Biz ya\u015fad\u0131\u011f\u0131 cehennemi cennete \u00e7evirmeye talip insanlardand\u0131k.<\/p>\n<p>T\u00fcrkiye\u2019de kal\u0131p ya\u015famak, hem bizim ger\u00e7ek arzumuz, hem de T\u00fcrkiye\u2019de demokrasi m\u00fccadelesi veren, bize destek \u00e7\u0131kan, binlerce tan\u0131d\u0131k tan\u0131mad\u0131k dostumuza olan sayg\u0131m\u0131z\u0131n gere\u011fiydi.<\/p>\n<p>Kalacakt\u0131k ve direnecektik.<\/p>\n<p>Bir g\u00fcn gitmek mecburiyetinde kal\u0131rsak ama\u2026 T\u0131pk\u0131 1915\u2018teki gibi \u00e7\u0131kacakt\u0131k yola\u2026 Atalar\u0131m\u0131z gibi\u2026 Nereye gidece\u011fimizi bilmeden\u2026 Y\u00fcr\u00fcyerek y\u00fcr\u00fcd\u00fckleri yollardan\u2026 Duyarak \u00e7ileyi, ya\u015fayarak \u0131zd\u0131rab\u0131\u2026<\/p>\n<p>\u00d6ylesi bir serzeni\u015fle i\u015fte, terk edecektik yurdumuzu. Ve gidecektik y\u00fcre\u011fimizin de\u011fil, ama ayaklar\u0131m\u0131z\u0131n g\u00f6t\u00fcrd\u00fc\u011f\u00fc yere\u2026 Her neresiyse.<\/p>\n<p>\u00dcrkek ve \u00f6zg\u00fcr.<\/p>\n<p>Dilerim b\u00f6ylesi bir terk edi\u015fi hi\u00e7 ama hi\u00e7 ya\u015famak mecburiyetinde kalmay\u0131z. Ya\u015famamak i\u00e7in fazlas\u0131yla umudumuz, fazlas\u0131yla da nedenimiz var zaten.<\/p>\n<p>\u015eimdi art\u0131k Avrupa \u0130nsan Haklar\u0131 Mahkemesi\u2019ne ba\u015fvuruyorum.<\/p>\n<p>Bu dava ka\u00e7 y\u0131l s\u00fcrer, bilemem.<\/p>\n<p>Bildi\u011fim ve beni bir miktar rahatlatan ger\u00e7ek \u015fu ki, hi\u00e7 olmazsa dava bitene kadar T\u00fcrkiye\u2019de ya\u015famaya devam edece\u011fim.<\/p>\n<p>Mahkemeden lehime bir karar \u00e7\u0131karsa ku\u015fkusuz \u00e7ok daha sevinece\u011fim ve bu da demektir ki art\u0131k \u00fclkemi hi\u00e7 terk etmek zorunda kalmayaca\u011f\u0131m.<\/p>\n<p>Muhtemelen 2007 benim a\u00e7\u0131mdan daha da zor bir y\u0131l olacak.<\/p>\n<p>Yarg\u0131lanmalar s\u00fcrecek, yeniler ba\u015flayacak. Kimbilir daha ne gibi haks\u0131zl\u0131klarla kar\u015f\u0131 kar\u015f\u0131ya kalaca\u011f\u0131m?<\/p>\n<p>Ama t\u00fcm bunlar olurken \u015fu ger\u00e7e\u011fi de tek g\u00fcvencem sayaca\u011f\u0131m.<\/p>\n<p>Evet kendimi bir g\u00fcvercinin ruh tedirginli\u011fi i\u00e7inde g\u00f6rebilirim, ama biliyorum ki bu \u00fclkede insanlar g\u00fcvercinlere dokunmaz.<\/p>\n<p>G\u00fcvercinler kentin ta i\u00e7lerinde, insan kalabal\u0131klar\u0131nda dahi ya\u015famlar\u0131n\u0131 s\u00fcrd\u00fcr\u00fcrler.<\/p>\n<p>Evet biraz \u00fcrkek\u00e7e ama bir o kadar da \u00f6zg\u00fcrce\u2026<\/p>\n<hr \/>\n<p>Ama dokundular i\u015fte; sevgili e\u015fi Rakel\u2019in dedi\u011fi gibi; herkes gibi zaman\u0131nda bebek olan katiller bir olup bir kur\u015funla g\u00fcvercini d\u00fc\u015f\u00fcrd\u00fcler.<\/p>\n<p>Tetik\u00e7i Og\u00fcn Samast, onu yolcu eden 250 bin insan\u0131 g\u00f6r\u00fcnce \u201cbu kadar sevildi\u011fini bilseydim vurmazd\u0131m\u201d demi\u015fti.<\/p>\n<p>Duru\u015fmadaki haline bakt\u0131\u011f\u0131n\u0131zda hukuken cezai ehliyeti haiz ama ak\u0131l zay\u0131f\u0131 da olan bir insan izlenimi veriyordu. Ger\u00e7ekten de Rakel\u2019in dedi\u011fi gibi zaman\u0131nda o da bir bebekti! \u00d6yle mi yap\u0131yordu yoksa ger\u00e7ekten de \u00f6yle miydi bilmiyordum ama cinayeti akl\u0131na sokan Yasin Hayal\u2019e de bakt\u0131\u011f\u0131n\u0131zda insan\u0131n i\u00e7ini ac\u0131tan ba\u015fka bir husus da ortaya \u00e7\u0131k\u0131yordu; katillerle, o katillerin yapt\u0131klar\u0131n\u0131n inan\u0131lmaz orans\u0131zl\u0131\u011f\u0131\u2026 Bu da i\u00e7 ac\u0131tan ba\u015fka bir durumdu.<\/p>\n<p>Cinayetten sonra cebindeki k\u0131t parayla ancak alabildi\u011fi otob\u00fcs biletiyle memleketi olan Trabzon\u2019a, cinayeti i\u015flerken kafas\u0131ndaki beyaz beresiyle ve cinayette kulland\u0131\u011f\u0131 silahla yakaland\u0131\u011f\u0131nda; d\u00fcnyada ya\u015fanan en tuhaf cinayetle kar\u015f\u0131 kar\u015f\u0131ya oldu\u011fumuzu anlam\u0131\u015ft\u0131m.<\/p>\n<p>Hele de onu yakalayan polis memurlar\u0131 ile birlikte, arkalar\u0131nda T\u00fcrk bayra\u011f\u0131 olmak \u00fczere \u00e7ekilmi\u015f kahkahal\u0131 foto\u011fraf hi\u00e7bir zaman g\u00f6z\u00fcm\u00fcn \u00f6n\u00fcnden gitmedi.<\/p>\n<p>\u00d6nce tetik\u00e7i Og\u00fcn Samast, Yasin Hayal ve arkada\u015flar\u0131 yarg\u0131land\u0131, her \u015fey apa\u00e7\u0131k oldu\u011fundan Hrant\u2019\u0131 \u00f6ld\u00fcrmekten de\u011fi\u015fik derecelerde cezalar ald\u0131lar. Halen yatmaktalar. Ama as\u0131l \u00f6nemli olan, nas\u0131l oldu da bu ak\u0131l zay\u0131flar\u0131 bu cinayeti i\u015fleyebildiler?<\/p>\n<p>Dosya a\u00e7\u0131ld\u0131\u011f\u0131nda cinayetin ger\u00e7ek faillerinin asl\u0131nda onlar olmad\u0131\u011f\u0131, ger\u00e7ek faillerin \u201cmilli mutabakat\u0131n\u201d cinayetteki temsilcileri oldu\u011fu anla\u015f\u0131ld\u0131.<\/p>\n<p>Zaman\u0131nda bir\u00e7ok konuda anla\u015famayan T\u00fcrkiye\u2019nin T\u00fcrk\/\u0130slam sentezcileri ve kendilerini ulusalc\u0131 diye adland\u0131ran dinamiklerin, her t\u00fcrl\u00fc ihtiyat\u0131 elden b\u0131rakarak kurumsal bir ciddilikle ve \u201cnas\u0131l olsa bize bir \u015fey olmaz\u201d diye her \u015feyi de belgelere d\u00f6kerek katillerin \u00f6n\u00fcn\u00fc a\u00e7t\u0131klar\u0131 anla\u015f\u0131lm\u0131\u015ft\u0131.<\/p>\n<p>Bu \u00e7evrelerin bir b\u00f6l\u00fcm\u00fc bir yandan sokak fa\u015fizminin iklimini yarat\u0131rken di\u011ferleri emniyet ve yarg\u0131 b\u00fcrokrasisinin \u00f6rg\u00fctlemesiyle su\u00e7u adeta i\u015flettirdiler. Cinayetten sonra bir Trabzonspor ma\u00e7\u0131ndaki beyaz bereli taraftarlar\u0131n gururla yapt\u0131klar\u0131 tezah\u00fcrat\u0131 hi\u00e7 unutmamak gerekir.<\/p>\n<p>Dosyadan \u00e7\u0131kan, Trabzon Valili\u011fi \u0130l Emniyet M\u00fcd\u00fcrl\u00fc\u011f\u00fcn\u00fcn 17.02.2006 tarihli; yani cinayetin i\u015flenmesinden 11 ay 3 g\u00fcn \u00f6nce \u0130stanbul \u0130stihbarat \u015eube M\u00fcd\u00fcrl\u00fc\u011f\u00fc\u2019ne g\u00f6nderdi\u011fi yaz\u0131da \u015fu c\u00fcmleler vard\u0131:<\/p>\n<p>\u201c\u2026Y\u0130E\u2019den (yard\u0131mc\u0131 istihbarat eleman\u0131) al\u0131nan bilgilerden \u2018Bahse konu \u015fahs\u0131n \u00e7evresinde bulunan arkada\u015flar\u0131na Ermenilere kar\u015f\u0131 b\u00fcy\u00fck kin besledi\u011fini ve \u00f6n\u00fcm\u00fczdeki g\u00fcnlerde \u0130stanbul ilinde ses getirecek bir eylem planlad\u0131\u011f\u0131n\u0131, hedef olarak da T\u00fcrkleri ve T\u00fcrkiye\u2019yi karalay\u0131c\u0131 faaliyette bulundu\u011fu gerek\u00e7esiyle AGOS Gazetesi Genel Yay\u0131n Y\u00f6netmeni Hrant D\u0130NK (\u0130DP 3248124) isimli \u015fahs\u0131 se\u00e7ti\u011fini, maddi imkan sa\u011fland\u0131\u011f\u0131 takdirde bahse konu eylemi ger\u00e7ekle\u015ftirmek i\u00e7in \u0130stanbul \u0130line gedece\u011fini ve Sar\u0131gazi il\u00e7esinde bir f\u0131r\u0131nda \u00e7al\u0131\u015ft\u0131\u011f\u0131 bilinen abisi Osman HAYAL\u2019in yan\u0131nda kalaca\u011f\u0131n\u0131\u2019 s\u00f6yledi\u011fi \u00f6\u011frenilmi\u015ftir. Ayr\u0131ca bahse konu \u015fahs\u0131n Mc Donald\u2019s isimli i\u015fyerine yapm\u0131\u015f oldu\u011fu bir eylem \u00f6ncesinde de benzer s\u00f6ylemlerde bulundu\u011fu g\u00f6z \u00f6n\u00fcne al\u0131narak \u015fahs\u0131n s\u00f6z konusu eylemi yapabilecek bir yap\u0131ya sahip oldu\u011fu g\u00f6z \u00f6n\u00fcne al\u0131narak \u015fahs\u0131n s\u00f6z konusu eylemi yapabilecek bir yap\u0131ya sahip oldu\u011fu de\u011ferlendirilmekte olup 0538 719 31 81 numaral\u0131 telefonu kullanan \u015fahsa y\u00f6nelik \u00e7al\u0131\u015fmalar\u0131m\u0131z devam etmektedir.\u201d<\/p>\n<p>Bu arada ayn\u0131 istihbarat\u0131 Trabzon Jandarma te\u015fkilat\u0131 da bu kez ba\u015fka bir kanaldan edinmi\u015f, zapta ge\u00e7irmi\u015f ve sumenin alt\u0131na koymu\u015ftur. \u00dcstelik Jandarma, Trabzon Emniyeti gibi de yapmam\u0131\u015f, hi\u00e7 kimseyi ve hi\u00e7bir kurumu durumdan haberdar etmemi\u015ftir.<\/p>\n<p>Yani cinayetten tam 11 ay 3 g\u00fcn \u00f6nce, gerek Trabzon Emniyet ve Jandarma te\u015fkilat\u0131 ve gerekse \u0130stanbul Emniyeti ve \u0130stihbarat te\u015fkilat\u0131 Hrant Dink\u2019in Yasin Hayal ve Og\u00fcn Samast taraf\u0131ndan \u00f6ld\u00fcr\u00fclece\u011fini istihbar etmi\u015f, buna ra\u011fmen herhangi bir \u00f6nlem al\u0131nmad\u0131\u011f\u0131 gibi bu istihbarat Hrant Dink\u2019le de payla\u015f\u0131lmam\u0131\u015ft\u0131r.<\/p>\n<p>\u00dcst\u00fcne \u00fcstl\u00fck Og\u00fcn Samast\u2019\u0131 takip eden Trabzon Emniyeti cinayetten bir g\u00fcn \u00f6nce kendisinin \u0130stanbul\u2019a gitmek \u00fczere otob\u00fcse de bindi\u011fini g\u00f6zlemi\u015f, bunun zapt\u0131n\u0131 da tutmu\u015ftur.<\/p>\n<p>Yani Og\u00fcn Samast Trabzon Emniyeti taraf\u0131ndan \u0130stanbul\u2019a Hrant Dink\u2019i \u00f6ld\u00fcrmek \u00fczere adeta yolcu edilmi\u015ftir.<\/p>\n<p>Zab\u0131tlara ba\u011flanan b\u00fct\u00fcn bunlar ve fazlas\u0131 ge\u00e7en g\u00fcnlerde karara ba\u011flanan kamu g\u00f6revlilerinin yarg\u0131land\u0131\u011f\u0131 davadan \u00f6nce a\u00e7\u0131lan Yasin Hayal, Og\u00fcn Samast ve arkada\u015flar\u0131n\u0131n yarg\u0131land\u0131klar\u0131 dosyada a\u00e7\u0131k\u00e7a g\u00f6r\u00fcl\u00fcyordu.<\/p>\n<p>Yani Yasin Hayal ve Og\u00fcn Samast ve arkada\u015flar\u0131yla kamu g\u00f6revlileri ayn\u0131 dosyada yarg\u0131lanmal\u0131yd\u0131 ama o zamanlar hen\u00fcz Fethullah G\u00fclen Hocaefendi, FET\u00d6 olmam\u0131\u015ft\u0131; dolay\u0131s\u0131yla T\u00fcrkiye\u2019de Hrant Dink\u2019in kar\u015f\u0131s\u0131nda olu\u015fmu\u015f milli mutabakat t\u00fcm azametiyle ortada idi.<\/p>\n<p>Zaman\u0131nda onca u\u011fra\u015f\u0131m\u0131za ra\u011fmen yukar\u0131da \u00e7er\u00e7evesini a\u00e7\u0131klad\u0131\u011f\u0131m\u0131z delillerle ba\u011flant\u0131l\u0131 olarak \u0130stanbul Emniyetinin ve \u0130stihbarat\u0131n\u0131n, Trabzon Emniyetinin ve istihbarat\u0131n\u0131n, Trabzon Jandarma \u0130stihbarat\u0131n\u0131n ba\u015f\u0131nda bulunanlar hakk\u0131nda b\u0131rak\u0131n dava a\u00e7may\u0131 soru\u015fturma bile ba\u015flat\u0131lmad\u0131. Hem de Avrupa \u0130nsan Haklar\u0131 Mahkemesi karar\u0131na ra\u011fmen\u2026<\/p>\n<p>A\u0130HM, cinayette kamu g\u00f6revlilerinin a\u00e7\u0131k sorumluluklar\u0131n\u0131 belirlemesine ra\u011fmen devletin ilgili birimleri yaln\u0131zca h\u00fckmolunan tazminat\u0131 \u00f6dedi ve yarg\u0131 i\u015fin yine \u00fc\u00e7 maymunu oynad\u0131.<\/p>\n<p>Ne zaman ki, \u201dFethullah G\u00fclen Hocaefendi\u201c FET\u00d6 oldu ve akabinde 15 Temmuz kalk\u0131\u015fmas\u0131yla FET\u00d6\u2019c\u00fclerin yarg\u0131 ve emniyetin neredeyse t\u00fcm\u00fcne yak\u0131n\u0131n\u0131 olu\u015fturdu\u011fu ger\u00e7ekli\u011fi ortaya \u00e7\u0131kt\u0131; i\u015fte o zaman soru\u015fturma ald\u0131 ba\u015f\u0131n\u0131 y\u00fcr\u00fcd\u00fc ve zaman\u0131n milli mutabakat\u0131n\u0131 olu\u015fturan kadronun hepsi olmasa da \u00e7o\u011funa dava a\u00e7\u0131ld\u0131. \u0130\u015fte ge\u00e7enlerde karara ba\u011flanan dava o davad\u0131r.<\/p>\n<p>Tam da \u201ci\u015fte y\u00fcce yarg\u0131!\u201d diyecekken, kararla g\u00f6rd\u00fck ki Hrant\u2019\u0131n katlinin as\u0131l davas\u0131nda yarg\u0131 yine ara\u00e7salla\u015ft\u0131r\u0131ld\u0131. Zaman\u0131nda olu\u015fmu\u015f zinde milli mutabakat titiz bir ayr\u0131mla bozuldu; san\u0131klar\u0131n su\u00e7taki sorumluluklar\u0131 de\u011fil, san\u0131klardaki FET\u00d6 mensubiyetleri esas al\u0131narak su\u00e7ta a\u00e7\u0131k sorumlu\u011fu bulunan \u0130stanbul Emniyeti ve \u0130stihbarat\u0131 akland\u0131.<\/p>\n<p>\u015eimdi dosya Yarg\u0131tay\u2019a gidecek. Bakal\u0131m ne olacak?<\/p>\n<p>Benden s\u00f6ylemesi, bilsinler ki G\u00fcvercin onlar\u0131 izliyor ve hep de izleyecek.<\/p>\n<hr \/>\n<p><em><strong><a href=\"https:\/\/serbestiyet.com\/featured\/hrant-kararinda-milli-mutabakat-neden-bozuldu-55461\/\" target=\"_blank\" rel=\"noopener noreferrer\">Serbestiyet<\/a>\u00a0<\/strong><\/em><\/p>\n","protected":false},"excerpt":{"rendered":"<p>Tam da \u201ci\u015fte y\u00fcce yarg\u0131!\u201d diyecekken, kararla g\u00f6rd\u00fck ki Hrant\u2019\u0131n katlinin as\u0131l davas\u0131nda yarg\u0131 yine ara\u00e7salla\u015ft\u0131r\u0131ld\u0131. Zaman\u0131nda olu\u015fmu\u015f zinde milli mutabakat titiz bir ayr\u0131mla bozuldu; san\u0131klar\u0131n su\u00e7taki sorumluluklar\u0131 de\u011fil, san\u0131klardaki FET\u00d6 mensubiyetleri esas al\u0131narak su\u00e7ta a\u00e7\u0131k sorumlu\u011fu bulunan \u0130stanbul Emniyeti ve \u0130stihbarat\u0131 akland\u0131. Ergin Cinmen 19 Ocak 2007\u2019de Hrant \u00f6ld\u00fcr\u00fcld\u00fc\u011f\u00fcnde bu cinayetin tipi a\u00e7\u0131kland\u0131; milli [&hellip;]<\/p>\n","protected":false},"author":7,"featured_media":62195,"comment_status":"open","ping_status":"open","sticky":false,"template":"","format":"standard","meta":{"footnotes":""},"categories":[1,70],"tags":[],"class_list":["post-62194","post","type-post","status-publish","format-standard","has-post-thumbnail","hentry","category-haberler","category-makaleler"],"yoast_head":"<!-- This site is optimized with the Yoast SEO plugin v27.4 - https:\/\/yoast.com\/product\/yoast-seo-wordpress\/ -->\n<title>Hrant karar\u0131nda milli mutabakat neden bozuldu! - Bati Ermenistan Ve Bati Ermenileri Sorunlari Ara\u015ftirmalar Merkezi<\/title>\n<meta name=\"robots\" content=\"index, follow, max-snippet:-1, max-image-preview:large, max-video-preview:-1\" \/>\n<link rel=\"canonical\" href=\"https:\/\/akunq.net\/tr\/?p=62194\" \/>\n<meta property=\"og:locale\" content=\"en_US\" \/>\n<meta property=\"og:type\" content=\"article\" \/>\n<meta property=\"og:title\" content=\"Hrant karar\u0131nda milli mutabakat neden bozuldu! - Bati Ermenistan Ve Bati Ermenileri Sorunlari Ara\u015ftirmalar Merkezi\" \/>\n<meta property=\"og:description\" content=\"Tam da \u201ci\u015fte y\u00fcce yarg\u0131!\u201d diyecekken, kararla g\u00f6rd\u00fck ki Hrant\u2019\u0131n katlinin as\u0131l davas\u0131nda yarg\u0131 yine ara\u00e7salla\u015ft\u0131r\u0131ld\u0131. Zaman\u0131nda olu\u015fmu\u015f zinde milli mutabakat titiz bir ayr\u0131mla bozuldu; san\u0131klar\u0131n su\u00e7taki sorumluluklar\u0131 de\u011fil, san\u0131klardaki FET\u00d6 mensubiyetleri esas al\u0131narak su\u00e7ta a\u00e7\u0131k sorumlu\u011fu bulunan \u0130stanbul Emniyeti ve \u0130stihbarat\u0131 akland\u0131. Ergin Cinmen 19 Ocak 2007\u2019de Hrant \u00f6ld\u00fcr\u00fcld\u00fc\u011f\u00fcnde bu cinayetin tipi a\u00e7\u0131kland\u0131; milli [&hellip;]\" \/>\n<meta property=\"og:url\" content=\"https:\/\/akunq.net\/tr\/?p=62194\" \/>\n<meta property=\"og:site_name\" content=\"Bati Ermenistan Ve Bati Ermenileri Sorunlari Ara\u015ftirmalar Merkezi\" \/>\n<meta property=\"article:published_time\" content=\"2021-04-01T07:29:45+00:00\" \/>\n<meta property=\"og:image\" content=\"https:\/\/akunq.net\/tr\/wp-content\/uploads\/sites\/6\/2021\/04\/Dink.jpg\" \/>\n\t<meta property=\"og:image:width\" content=\"810\" \/>\n\t<meta property=\"og:image:height\" content=\"458\" \/>\n\t<meta property=\"og:image:type\" content=\"image\/jpeg\" \/>\n<meta name=\"author\" content=\"admin\" \/>\n<meta name=\"twitter:card\" content=\"summary_large_image\" \/>\n<meta name=\"twitter:label1\" content=\"Written by\" \/>\n\t<meta name=\"twitter:data1\" content=\"admin\" \/>\n\t<meta name=\"twitter:label2\" content=\"Est. reading time\" \/>\n\t<meta name=\"twitter:data2\" content=\"11 minutes\" \/>\n<script type=\"application\/ld+json\" class=\"yoast-schema-graph\">{\"@context\":\"https:\\\/\\\/schema.org\",\"@graph\":[{\"@type\":\"Article\",\"@id\":\"https:\\\/\\\/akunq.net\\\/tr\\\/?p=62194#article\",\"isPartOf\":{\"@id\":\"https:\\\/\\\/akunq.net\\\/tr\\\/?p=62194\"},\"author\":{\"name\":\"admin\",\"@id\":\"https:\\\/\\\/akunq.net\\\/tr\\\/#\\\/schema\\\/person\\\/096f1d38a12cce57fb855b485ed24c9e\"},\"headline\":\"Hrant karar\u0131nda milli mutabakat neden bozuldu!\",\"datePublished\":\"2021-04-01T07:29:45+00:00\",\"mainEntityOfPage\":{\"@id\":\"https:\\\/\\\/akunq.net\\\/tr\\\/?p=62194\"},\"wordCount\":2167,\"commentCount\":0,\"image\":{\"@id\":\"https:\\\/\\\/akunq.net\\\/tr\\\/?p=62194#primaryimage\"},\"thumbnailUrl\":\"https:\\\/\\\/akunq.net\\\/tr\\\/wp-content\\\/uploads\\\/sites\\\/6\\\/2021\\\/04\\\/Dink.jpg\",\"articleSection\":[\"Haberler\",\"Makaleler\"],\"inLanguage\":\"en-US\",\"potentialAction\":[{\"@type\":\"CommentAction\",\"name\":\"Comment\",\"target\":[\"https:\\\/\\\/akunq.net\\\/tr\\\/?p=62194#respond\"]}]},{\"@type\":\"WebPage\",\"@id\":\"https:\\\/\\\/akunq.net\\\/tr\\\/?p=62194\",\"url\":\"https:\\\/\\\/akunq.net\\\/tr\\\/?p=62194\",\"name\":\"Hrant karar\u0131nda milli mutabakat neden bozuldu! - Bati Ermenistan Ve Bati Ermenileri Sorunlari Ara\u015ftirmalar Merkezi\",\"isPartOf\":{\"@id\":\"https:\\\/\\\/akunq.net\\\/tr\\\/#website\"},\"primaryImageOfPage\":{\"@id\":\"https:\\\/\\\/akunq.net\\\/tr\\\/?p=62194#primaryimage\"},\"image\":{\"@id\":\"https:\\\/\\\/akunq.net\\\/tr\\\/?p=62194#primaryimage\"},\"thumbnailUrl\":\"https:\\\/\\\/akunq.net\\\/tr\\\/wp-content\\\/uploads\\\/sites\\\/6\\\/2021\\\/04\\\/Dink.jpg\",\"datePublished\":\"2021-04-01T07:29:45+00:00\",\"author\":{\"@id\":\"https:\\\/\\\/akunq.net\\\/tr\\\/#\\\/schema\\\/person\\\/096f1d38a12cce57fb855b485ed24c9e\"},\"breadcrumb\":{\"@id\":\"https:\\\/\\\/akunq.net\\\/tr\\\/?p=62194#breadcrumb\"},\"inLanguage\":\"en-US\",\"potentialAction\":[{\"@type\":\"ReadAction\",\"target\":[\"https:\\\/\\\/akunq.net\\\/tr\\\/?p=62194\"]}]},{\"@type\":\"ImageObject\",\"inLanguage\":\"en-US\",\"@id\":\"https:\\\/\\\/akunq.net\\\/tr\\\/?p=62194#primaryimage\",\"url\":\"https:\\\/\\\/akunq.net\\\/tr\\\/wp-content\\\/uploads\\\/sites\\\/6\\\/2021\\\/04\\\/Dink.jpg\",\"contentUrl\":\"https:\\\/\\\/akunq.net\\\/tr\\\/wp-content\\\/uploads\\\/sites\\\/6\\\/2021\\\/04\\\/Dink.jpg\",\"width\":810,\"height\":458},{\"@type\":\"BreadcrumbList\",\"@id\":\"https:\\\/\\\/akunq.net\\\/tr\\\/?p=62194#breadcrumb\",\"itemListElement\":[{\"@type\":\"ListItem\",\"position\":1,\"name\":\"Home\",\"item\":\"https:\\\/\\\/akunq.net\\\/tr\"},{\"@type\":\"ListItem\",\"position\":2,\"name\":\"Hrant karar\u0131nda milli mutabakat neden bozuldu!\"}]},{\"@type\":\"WebSite\",\"@id\":\"https:\\\/\\\/akunq.net\\\/tr\\\/#website\",\"url\":\"https:\\\/\\\/akunq.net\\\/tr\\\/\",\"name\":\"Bati Ermenistan Ve Bati Ermenileri Sorunlari Ara\u015ftirmalar Merkezi\",\"description\":\"\",\"potentialAction\":[{\"@type\":\"SearchAction\",\"target\":{\"@type\":\"EntryPoint\",\"urlTemplate\":\"https:\\\/\\\/akunq.net\\\/tr\\\/?s={search_term_string}\"},\"query-input\":{\"@type\":\"PropertyValueSpecification\",\"valueRequired\":true,\"valueName\":\"search_term_string\"}}],\"inLanguage\":\"en-US\"},{\"@type\":\"Person\",\"@id\":\"https:\\\/\\\/akunq.net\\\/tr\\\/#\\\/schema\\\/person\\\/096f1d38a12cce57fb855b485ed24c9e\",\"name\":\"admin\",\"url\":\"https:\\\/\\\/akunq.net\\\/tr\\\/?author=7\"}]}<\/script>\n<!-- \/ Yoast SEO plugin. -->","yoast_head_json":{"title":"Hrant karar\u0131nda milli mutabakat neden bozuldu! - Bati Ermenistan Ve Bati Ermenileri Sorunlari Ara\u015ftirmalar Merkezi","robots":{"index":"index","follow":"follow","max-snippet":"max-snippet:-1","max-image-preview":"max-image-preview:large","max-video-preview":"max-video-preview:-1"},"canonical":"https:\/\/akunq.net\/tr\/?p=62194","og_locale":"en_US","og_type":"article","og_title":"Hrant karar\u0131nda milli mutabakat neden bozuldu! - Bati Ermenistan Ve Bati Ermenileri Sorunlari Ara\u015ftirmalar Merkezi","og_description":"Tam da \u201ci\u015fte y\u00fcce yarg\u0131!\u201d diyecekken, kararla g\u00f6rd\u00fck ki Hrant\u2019\u0131n katlinin as\u0131l davas\u0131nda yarg\u0131 yine ara\u00e7salla\u015ft\u0131r\u0131ld\u0131. Zaman\u0131nda olu\u015fmu\u015f zinde milli mutabakat titiz bir ayr\u0131mla bozuldu; san\u0131klar\u0131n su\u00e7taki sorumluluklar\u0131 de\u011fil, san\u0131klardaki FET\u00d6 mensubiyetleri esas al\u0131narak su\u00e7ta a\u00e7\u0131k sorumlu\u011fu bulunan \u0130stanbul Emniyeti ve \u0130stihbarat\u0131 akland\u0131. Ergin Cinmen 19 Ocak 2007\u2019de Hrant \u00f6ld\u00fcr\u00fcld\u00fc\u011f\u00fcnde bu cinayetin tipi a\u00e7\u0131kland\u0131; milli [&hellip;]","og_url":"https:\/\/akunq.net\/tr\/?p=62194","og_site_name":"Bati Ermenistan Ve Bati Ermenileri Sorunlari Ara\u015ftirmalar Merkezi","article_published_time":"2021-04-01T07:29:45+00:00","og_image":[{"width":810,"height":458,"url":"https:\/\/akunq.net\/tr\/wp-content\/uploads\/sites\/6\/2021\/04\/Dink.jpg","type":"image\/jpeg"}],"author":"admin","twitter_card":"summary_large_image","twitter_misc":{"Written by":"admin","Est. reading time":"11 minutes"},"schema":{"@context":"https:\/\/schema.org","@graph":[{"@type":"Article","@id":"https:\/\/akunq.net\/tr\/?p=62194#article","isPartOf":{"@id":"https:\/\/akunq.net\/tr\/?p=62194"},"author":{"name":"admin","@id":"https:\/\/akunq.net\/tr\/#\/schema\/person\/096f1d38a12cce57fb855b485ed24c9e"},"headline":"Hrant karar\u0131nda milli mutabakat neden bozuldu!","datePublished":"2021-04-01T07:29:45+00:00","mainEntityOfPage":{"@id":"https:\/\/akunq.net\/tr\/?p=62194"},"wordCount":2167,"commentCount":0,"image":{"@id":"https:\/\/akunq.net\/tr\/?p=62194#primaryimage"},"thumbnailUrl":"https:\/\/akunq.net\/tr\/wp-content\/uploads\/sites\/6\/2021\/04\/Dink.jpg","articleSection":["Haberler","Makaleler"],"inLanguage":"en-US","potentialAction":[{"@type":"CommentAction","name":"Comment","target":["https:\/\/akunq.net\/tr\/?p=62194#respond"]}]},{"@type":"WebPage","@id":"https:\/\/akunq.net\/tr\/?p=62194","url":"https:\/\/akunq.net\/tr\/?p=62194","name":"Hrant karar\u0131nda milli mutabakat neden bozuldu! - Bati Ermenistan Ve Bati Ermenileri Sorunlari Ara\u015ftirmalar Merkezi","isPartOf":{"@id":"https:\/\/akunq.net\/tr\/#website"},"primaryImageOfPage":{"@id":"https:\/\/akunq.net\/tr\/?p=62194#primaryimage"},"image":{"@id":"https:\/\/akunq.net\/tr\/?p=62194#primaryimage"},"thumbnailUrl":"https:\/\/akunq.net\/tr\/wp-content\/uploads\/sites\/6\/2021\/04\/Dink.jpg","datePublished":"2021-04-01T07:29:45+00:00","author":{"@id":"https:\/\/akunq.net\/tr\/#\/schema\/person\/096f1d38a12cce57fb855b485ed24c9e"},"breadcrumb":{"@id":"https:\/\/akunq.net\/tr\/?p=62194#breadcrumb"},"inLanguage":"en-US","potentialAction":[{"@type":"ReadAction","target":["https:\/\/akunq.net\/tr\/?p=62194"]}]},{"@type":"ImageObject","inLanguage":"en-US","@id":"https:\/\/akunq.net\/tr\/?p=62194#primaryimage","url":"https:\/\/akunq.net\/tr\/wp-content\/uploads\/sites\/6\/2021\/04\/Dink.jpg","contentUrl":"https:\/\/akunq.net\/tr\/wp-content\/uploads\/sites\/6\/2021\/04\/Dink.jpg","width":810,"height":458},{"@type":"BreadcrumbList","@id":"https:\/\/akunq.net\/tr\/?p=62194#breadcrumb","itemListElement":[{"@type":"ListItem","position":1,"name":"Home","item":"https:\/\/akunq.net\/tr"},{"@type":"ListItem","position":2,"name":"Hrant karar\u0131nda milli mutabakat neden bozuldu!"}]},{"@type":"WebSite","@id":"https:\/\/akunq.net\/tr\/#website","url":"https:\/\/akunq.net\/tr\/","name":"Bati Ermenistan Ve Bati Ermenileri Sorunlari Ara\u015ftirmalar Merkezi","description":"","potentialAction":[{"@type":"SearchAction","target":{"@type":"EntryPoint","urlTemplate":"https:\/\/akunq.net\/tr\/?s={search_term_string}"},"query-input":{"@type":"PropertyValueSpecification","valueRequired":true,"valueName":"search_term_string"}}],"inLanguage":"en-US"},{"@type":"Person","@id":"https:\/\/akunq.net\/tr\/#\/schema\/person\/096f1d38a12cce57fb855b485ed24c9e","name":"admin","url":"https:\/\/akunq.net\/tr\/?author=7"}]}},"_links":{"self":[{"href":"https:\/\/akunq.net\/tr\/index.php?rest_route=\/wp\/v2\/posts\/62194","targetHints":{"allow":["GET"]}}],"collection":[{"href":"https:\/\/akunq.net\/tr\/index.php?rest_route=\/wp\/v2\/posts"}],"about":[{"href":"https:\/\/akunq.net\/tr\/index.php?rest_route=\/wp\/v2\/types\/post"}],"author":[{"embeddable":true,"href":"https:\/\/akunq.net\/tr\/index.php?rest_route=\/wp\/v2\/users\/7"}],"replies":[{"embeddable":true,"href":"https:\/\/akunq.net\/tr\/index.php?rest_route=%2Fwp%2Fv2%2Fcomments&post=62194"}],"version-history":[{"count":1,"href":"https:\/\/akunq.net\/tr\/index.php?rest_route=\/wp\/v2\/posts\/62194\/revisions"}],"predecessor-version":[{"id":62196,"href":"https:\/\/akunq.net\/tr\/index.php?rest_route=\/wp\/v2\/posts\/62194\/revisions\/62196"}],"wp:featuredmedia":[{"embeddable":true,"href":"https:\/\/akunq.net\/tr\/index.php?rest_route=\/wp\/v2\/media\/62195"}],"wp:attachment":[{"href":"https:\/\/akunq.net\/tr\/index.php?rest_route=%2Fwp%2Fv2%2Fmedia&parent=62194"}],"wp:term":[{"taxonomy":"category","embeddable":true,"href":"https:\/\/akunq.net\/tr\/index.php?rest_route=%2Fwp%2Fv2%2Fcategories&post=62194"},{"taxonomy":"post_tag","embeddable":true,"href":"https:\/\/akunq.net\/tr\/index.php?rest_route=%2Fwp%2Fv2%2Ftags&post=62194"}],"curies":[{"name":"wp","href":"https:\/\/api.w.org\/{rel}","templated":true}]}}