{"id":62188,"date":"2021-04-01T02:14:12","date_gmt":"2021-04-01T07:14:12","guid":{"rendered":"https:\/\/akunq.net\/tr\/?p=62188"},"modified":"2021-04-01T02:14:12","modified_gmt":"2021-04-01T07:14:12","slug":"burdurda-gun-yuzune-cikti-kilise-icindeki-30-mezarin-sirri","status":"publish","type":"post","link":"https:\/\/akunq.net\/tr\/?p=62188","title":{"rendered":"Burdur\u2019da g\u00fcn y\u00fcz\u00fcne \u00e7\u0131kt\u0131! Kilise i\u00e7indeki 30 mezar\u0131n s\u0131rr\u0131"},"content":{"rendered":"<p><img loading=\"lazy\" decoding=\"async\" class=\"aligncenter size-medium wp-image-62189\" src=\"https:\/\/akunq.net\/tr\/wp-content\/uploads\/2021\/04\/Burdur-360x189.jpg\" alt=\"\" width=\"360\" height=\"189\" srcset=\"https:\/\/akunq.net\/tr\/wp-content\/uploads\/sites\/6\/2021\/04\/Burdur-360x189.jpg 360w, https:\/\/akunq.net\/tr\/wp-content\/uploads\/sites\/6\/2021\/04\/Burdur-768x404.jpg 768w, https:\/\/akunq.net\/tr\/wp-content\/uploads\/sites\/6\/2021\/04\/Burdur-560x295.jpg 560w, https:\/\/akunq.net\/tr\/wp-content\/uploads\/sites\/6\/2021\/04\/Burdur-260x137.jpg 260w, https:\/\/akunq.net\/tr\/wp-content\/uploads\/sites\/6\/2021\/04\/Burdur-160x84.jpg 160w, https:\/\/akunq.net\/tr\/wp-content\/uploads\/sites\/6\/2021\/04\/Burdur.jpg 1068w\" sizes=\"auto, (max-width: 360px) 100vw, 360px\" \/><\/p>\n<p><em><strong>UNESCO D\u00fcnya Miras\u0131 Ge\u00e7ici Listesi\u2019nde yer alan ve T\u00fcrkiye\u2019nin \u00f6nemli antik kentlerinden biri olan Kibyra\u2019da son yap\u0131lan kaz\u0131larda bazilikal planl\u0131 kilisede \u00e7ok iyi korunmu\u015f 30 mezar bulundu.<\/strong><\/em><\/p>\n<p>Burdur\u2019un G\u00f6lhisar il\u00e7esindeki Kibyra Antik Kenti\u2019nde kaz\u0131 \u00e7al\u0131\u015fmalar\u0131 devam eden bazilikal planl\u0131 kilise yap\u0131s\u0131n\u0131n i\u00e7inde yer alan ve bir\u00e7o\u011fu kentin o zamanki \u00f6nemli din adamlar\u0131na ait oldu\u011fu san\u0131lan 30 mezar g\u00fcn y\u00fcz\u00fcne \u00e7\u0131kart\u0131ld\u0131. Kaz\u0131 ekibinde yer alan Dr. D\u00fczg\u00fcn Tarkan, mezarlar\u0131n kime ait oldu\u011funa ili\u015fkin \u00e7al\u0131\u015fman\u0131n s\u00fcrd\u00fc\u011f\u00fcn\u00fc belirtirken, \u201cHedefimiz \u00f6n\u00fcm\u00fczdeki 2 y\u0131l sonucunda bu yap\u0131y\u0131 kazarak, restorasyon \u00e7al\u0131\u015fmalar\u0131n\u0131 ba\u015flatarak, bu \u00f6nemli binay\u0131 da turizme kazand\u0131rmak\u201d dedi.<\/p>\n<figure class=\"wp-block-image\"><img decoding=\"async\" src=\"https:\/\/i0.wp.com\/cdn.karar.com\/gallery\/2021\/03\/1\/kibyrada-bazilikal-planli-kilisede-30-mezar-bulundu_4121_dhaphoto2.jpg?ssl=1\" alt=\"Burdur'da g\u00fcn y\u00fcz\u00fcne \u00e7\u0131kt\u0131! Kilise i\u00e7indeki 30 mezar\u0131n s\u0131rr\u0131 2\" data-recalc-dims=\"1\" \/><figcaption><strong>2<\/strong>\/7Kaz\u0131 \u00e7al\u0131\u015fmalar\u0131n\u0131 y\u00fcr\u00fcten ekipte yer alan Dr. D\u00fczg\u00fcn Tarkan, kentin bir\u00e7ok \u00f6nemli kamu yap\u0131s\u0131na ev sahipli\u011fi yapt\u0131\u011f\u0131n\u0131 ifade ederek, \u201cBu tarihsel s\u00fcre\u00e7 i\u00e7erisinde de M.\u00d6. 4\u2019\u00fcnc\u00fc y\u00fczy\u0131ldan M.S. 7- 8\u2019inci y\u00fczy\u0131la kadar bir\u00e7ok \u00f6nemli yap\u0131ya ev sahipli\u011fi yapm\u0131\u015f \u00fclkemizin \u00f6nemli antik kentlerinden bir tanesi\u201d dedi.\u00a0\u00a0\u00a0<\/figcaption><\/figure>\n<figure class=\"wp-block-image\"><img decoding=\"async\" src=\"https:\/\/i1.wp.com\/cdn.karar.com\/gallery\/2021\/03\/1\/kibyrada-bazilikal-planli-kilisede-30-mezar-bulundu_4121_dhaphoto3.jpg?ssl=1\" alt=\"Burdur'da g\u00fcn y\u00fcz\u00fcne \u00e7\u0131kt\u0131! Kilise i\u00e7indeki 30 mezar\u0131n s\u0131rr\u0131 3\" data-recalc-dims=\"1\" \/><figcaption><strong>3<\/strong>\/7azilikal planl\u0131 kilisede 2019 y\u0131l\u0131ndan bu yana \u00e7al\u0131\u015fmalar\u0131n s\u00fcrd\u00fc\u011f\u00fcn\u00fc anlatan Tarkan, \u201cAd\u0131ndan da anla\u015f\u0131laca\u011f\u0131 \u00fczere \u00f6zellikle M.S. 4\u2019\u00fcnc\u00fc y\u00fczy\u0131ldan itibaren kilise, kentte kilise toplant\u0131lar\u0131 i\u00e7in kullan\u0131lm\u0131\u015f bir bina, binayla ile ilgili yapt\u0131\u011f\u0131m\u0131z kaz\u0131lar bize \u015fimdiye denk en az\u0131ndan M.S. 4\u2019\u00fcnc\u00fc y\u00fczy\u0131ldan itibaren in\u015fa edilip kullan\u0131lmaya ba\u015fland\u0131\u011f\u0131n\u0131 g\u00f6steriyor.\u00a0\u00a0\u00a0\u00a0<\/figcaption><\/figure>\n<figure class=\"wp-block-image\"><img decoding=\"async\" src=\"https:\/\/i0.wp.com\/cdn.karar.com\/gallery\/2021\/03\/1\/kibyrada-bazilikal-planli-kilisede-30-mezar-bulundu_4121_dhaphoto4.jpg?ssl=1\" alt=\"Burdur'da g\u00fcn y\u00fcz\u00fcne \u00e7\u0131kt\u0131! Kilise i\u00e7indeki 30 mezar\u0131n s\u0131rr\u0131 4\" data-recalc-dims=\"1\" \/><figcaption><strong>4<\/strong>\/7Tabii \u00f6zellikle yap\u0131daki kaz\u0131larda 30\u2019un \u00fczerinde mezar ortaya \u00e7\u0131kard\u0131k. Bunlar\u0131n bir k\u0131sm\u0131 kilisenin in\u015fa d\u00f6nemiyle ilgili ancak \u00e7o\u011funlu\u011fu da b\u00fcy\u00fck olas\u0131l\u0131kla kilise bir deprem veya ba\u015fka bir do\u011fal felaketle y\u0131k\u0131ld\u0131ktan sonra yine Kibyra\u2019da ya\u015fayan Hristiyan toplum taraf\u0131ndan kullan\u0131lan mezarlar. Yani bu 2019 ve 2020 y\u0131ll\u0131 kaz\u0131lar\u0131 sonucunda elde etti\u011fimiz sonu\u00e7lara g\u00f6re en az\u0131ndan M.S. 7\u2019nci y\u00fczy\u0131la kadar mezar definleriyle ilgili olarak kullan\u0131lm\u0131\u015f yap\u0131\u201d diye konu\u015ftu.\u00a0\u00a0\u00a0<\/figcaption><\/figure>\n<figure class=\"wp-block-image\"><img decoding=\"async\" src=\"https:\/\/i1.wp.com\/cdn.karar.com\/gallery\/2021\/03\/1\/kibyrada-bazilikal-planli-kilisede-30-mezar-bulundu_4121_dhaphoto5.jpg?ssl=1\" alt=\"Burdur'da g\u00fcn y\u00fcz\u00fcne \u00e7\u0131kt\u0131! Kilise i\u00e7indeki 30 mezar\u0131n s\u0131rr\u0131 5\" data-recalc-dims=\"1\" \/><figcaption><strong>5<\/strong>\/7Yap\u0131n\u0131n olduk\u00e7a b\u00fcy\u00fck oldu\u011funu, i\u00e7inin iki s\u0131ra s\u00fct\u00fcn dizisiyle \u00fc\u00e7 salona b\u00f6l\u00fcnm\u00fc\u015f dikd\u00f6rtgen uzun bir bina oldu\u011funu vurgulayan Dr. D\u00fczg\u00fcn Tarkan, \u015f\u00f6yle devam etti:\u00a0\u00a0\u00a0\u00a0<\/figcaption><\/figure>\n<figure class=\"wp-block-image\"><img decoding=\"async\" src=\"https:\/\/i1.wp.com\/cdn.karar.com\/gallery\/2021\/03\/1\/kibyrada-bazilikal-planli-kilisede-30-mezar-bulundu_4121_dhaphoto6.jpg?ssl=1\" alt=\"Burdur'da g\u00fcn y\u00fcz\u00fcne \u00e7\u0131kt\u0131! Kilise i\u00e7indeki 30 mezar\u0131n s\u0131rr\u0131 6\" data-recalc-dims=\"1\" \/><figcaption><strong>6<\/strong>\/7\u2033Kibyra bazilikas\u0131 da tabii t\u00fcr\u00fcn\u00fcn \u00f6nemli \u00f6rneklerinden biri olacak kaz\u0131 \u00e7al\u0131\u015fmalar\u0131 sonras\u0131nda, \u00e7\u00fcnk\u00fc olduk\u00e7a an\u0131tsal boyutlara sahip ve iyi korunmu\u015f bir bina. Hedefimiz \u00f6n\u00fcm\u00fczdeki 2 y\u0131l sonucunda bu yap\u0131y\u0131 kazarak, restorasyon \u00e7al\u0131\u015fmalar\u0131n\u0131 ba\u015flatarak, bu \u00f6nemli binay\u0131 da turizme kazand\u0131rmak.\u00a0\u00a0\u00a0\u00a0<\/figcaption><\/figure>\n<figure class=\"wp-block-image\"><img decoding=\"async\" src=\"https:\/\/i0.wp.com\/cdn.karar.com\/gallery\/2021\/03\/1\/kibyrada-bazilikal-planli-kilisede-30-mezar-bulundu_4121_dhaphoto7.jpg?ssl=1\" alt=\"Burdur'da g\u00fcn y\u00fcz\u00fcne \u00e7\u0131kt\u0131! Kilise i\u00e7indeki 30 mezar\u0131n s\u0131rr\u0131 7\" data-recalc-dims=\"1\" \/><figcaption><strong>7<\/strong>\/7\u015eu anda yap\u0131n\u0131n \u00e7evresinde \u00e7al\u0131\u015fmalar\u0131 yo\u011funla\u015ft\u0131rd\u0131k ge\u00e7en iki y\u0131lda, \u00e7\u00fcnk\u00fc \u00f6ncelikle yap\u0131y\u0131 \u00e7evresinden soyutlamam\u0131z gerekiyor. \u0130\u00e7 k\u0131sm\u0131nda hen\u00fcz temizlik \u00e7al\u0131\u015fmalar\u0131 ve belgeleme \u00e7al\u0131\u015fmalar\u0131 d\u0131\u015f\u0131nda bir kaz\u0131 faaliyeti y\u00fcr\u00fct\u00fclmedi. Bu y\u0131ldan itibaren i\u00e7 k\u0131sm\u0131nda da kaz\u0131lara ba\u015flamay\u0131 d\u00fc\u015f\u00fcn\u00fcyoruz. \u0130\u00e7 k\u0131sm\u0131 ve kalan k\u0131s\u0131mlar\u0131 ile iki sezon sonunda yap\u0131daki kaz\u0131 \u00e7al\u0131\u015fmalar\u0131n\u0131n tamamlanmas\u0131 planlan\u0131yor. Kentin dinsel a\u00e7\u0131dan d\u00f6n\u00fc\u015f\u00fcm\u00fcn\u00fcn de belgelemesi a\u00e7\u0131s\u0131ndan \u00f6nemli bir yap\u0131. Bu nedenle bu yap\u0131ya \u00f6nem verdik ve kaz\u0131 \u00e7al\u0131\u015fmalar\u0131na ba\u015flad\u0131k.\u201d<\/figcaption><\/figure>\n<p><em><strong><a href=\"https:\/\/www.karar.com\/burdurda-gun-yuzune-cikti-kilise-icindeki-30-mezarin-sirri-1611058\">https:\/\/www.karar.com\/burdurda-gun-yuzune-cikti-kilise-icindeki-30-mezarin-sirri-1611058<\/a><\/strong><\/em><\/p>\n","protected":false},"excerpt":{"rendered":"<p>UNESCO D\u00fcnya Miras\u0131 Ge\u00e7ici Listesi\u2019nde yer alan ve T\u00fcrkiye\u2019nin \u00f6nemli antik kentlerinden biri olan Kibyra\u2019da son yap\u0131lan kaz\u0131larda bazilikal planl\u0131 kilisede \u00e7ok iyi korunmu\u015f 30 mezar bulundu. Burdur\u2019un G\u00f6lhisar il\u00e7esindeki Kibyra Antik Kenti\u2019nde kaz\u0131 \u00e7al\u0131\u015fmalar\u0131 devam eden bazilikal planl\u0131 kilise yap\u0131s\u0131n\u0131n i\u00e7inde yer alan ve bir\u00e7o\u011fu kentin o zamanki \u00f6nemli din adamlar\u0131na ait oldu\u011fu san\u0131lan [&hellip;]<\/p>\n","protected":false},"author":7,"featured_media":62189,"comment_status":"open","ping_status":"open","sticky":false,"template":"","format":"standard","meta":{"footnotes":""},"categories":[1],"tags":[],"class_list":["post-62188","post","type-post","status-publish","format-standard","has-post-thumbnail","hentry","category-haberler"],"yoast_head":"<!-- This site is optimized with the Yoast SEO plugin v27.4 - https:\/\/yoast.com\/product\/yoast-seo-wordpress\/ -->\n<title>Burdur\u2019da g\u00fcn y\u00fcz\u00fcne \u00e7\u0131kt\u0131! Kilise i\u00e7indeki 30 mezar\u0131n s\u0131rr\u0131 - Bati Ermenistan Ve Bati Ermenileri Sorunlari Ara\u015ftirmalar Merkezi<\/title>\n<meta name=\"robots\" content=\"index, follow, max-snippet:-1, max-image-preview:large, max-video-preview:-1\" \/>\n<link rel=\"canonical\" href=\"https:\/\/akunq.net\/tr\/?p=62188\" \/>\n<meta property=\"og:locale\" content=\"en_US\" \/>\n<meta property=\"og:type\" content=\"article\" \/>\n<meta property=\"og:title\" content=\"Burdur\u2019da g\u00fcn y\u00fcz\u00fcne \u00e7\u0131kt\u0131! Kilise i\u00e7indeki 30 mezar\u0131n s\u0131rr\u0131 - Bati Ermenistan Ve Bati Ermenileri Sorunlari Ara\u015ftirmalar Merkezi\" \/>\n<meta property=\"og:description\" content=\"UNESCO D\u00fcnya Miras\u0131 Ge\u00e7ici Listesi\u2019nde yer alan ve T\u00fcrkiye\u2019nin \u00f6nemli antik kentlerinden biri olan Kibyra\u2019da son yap\u0131lan kaz\u0131larda bazilikal planl\u0131 kilisede \u00e7ok iyi korunmu\u015f 30 mezar bulundu. Burdur\u2019un G\u00f6lhisar il\u00e7esindeki Kibyra Antik Kenti\u2019nde kaz\u0131 \u00e7al\u0131\u015fmalar\u0131 devam eden bazilikal planl\u0131 kilise yap\u0131s\u0131n\u0131n i\u00e7inde yer alan ve bir\u00e7o\u011fu kentin o zamanki \u00f6nemli din adamlar\u0131na ait oldu\u011fu san\u0131lan [&hellip;]\" \/>\n<meta property=\"og:url\" content=\"https:\/\/akunq.net\/tr\/?p=62188\" \/>\n<meta property=\"og:site_name\" content=\"Bati Ermenistan Ve Bati Ermenileri Sorunlari Ara\u015ftirmalar Merkezi\" \/>\n<meta property=\"article:published_time\" content=\"2021-04-01T07:14:12+00:00\" \/>\n<meta property=\"og:image\" content=\"https:\/\/akunq.net\/tr\/wp-content\/uploads\/sites\/6\/2021\/04\/Burdur.jpg\" \/>\n\t<meta property=\"og:image:width\" content=\"1068\" \/>\n\t<meta property=\"og:image:height\" content=\"562\" \/>\n\t<meta property=\"og:image:type\" content=\"image\/jpeg\" \/>\n<meta name=\"author\" content=\"admin\" \/>\n<meta name=\"twitter:card\" content=\"summary_large_image\" \/>\n<meta name=\"twitter:label1\" content=\"Written by\" \/>\n\t<meta name=\"twitter:data1\" content=\"admin\" \/>\n\t<meta name=\"twitter:label2\" content=\"Est. reading time\" \/>\n\t<meta name=\"twitter:data2\" content=\"3 minutes\" \/>\n<script type=\"application\/ld+json\" class=\"yoast-schema-graph\">{\"@context\":\"https:\\\/\\\/schema.org\",\"@graph\":[{\"@type\":\"Article\",\"@id\":\"https:\\\/\\\/akunq.net\\\/tr\\\/?p=62188#article\",\"isPartOf\":{\"@id\":\"https:\\\/\\\/akunq.net\\\/tr\\\/?p=62188\"},\"author\":{\"name\":\"admin\",\"@id\":\"https:\\\/\\\/akunq.net\\\/tr\\\/#\\\/schema\\\/person\\\/096f1d38a12cce57fb855b485ed24c9e\"},\"headline\":\"Burdur\u2019da g\u00fcn y\u00fcz\u00fcne \u00e7\u0131kt\u0131! Kilise i\u00e7indeki 30 mezar\u0131n s\u0131rr\u0131\",\"datePublished\":\"2021-04-01T07:14:12+00:00\",\"mainEntityOfPage\":{\"@id\":\"https:\\\/\\\/akunq.net\\\/tr\\\/?p=62188\"},\"wordCount\":596,\"commentCount\":0,\"image\":{\"@id\":\"https:\\\/\\\/akunq.net\\\/tr\\\/?p=62188#primaryimage\"},\"thumbnailUrl\":\"https:\\\/\\\/akunq.net\\\/tr\\\/wp-content\\\/uploads\\\/sites\\\/6\\\/2021\\\/04\\\/Burdur.jpg\",\"articleSection\":[\"Haberler\"],\"inLanguage\":\"en-US\",\"potentialAction\":[{\"@type\":\"CommentAction\",\"name\":\"Comment\",\"target\":[\"https:\\\/\\\/akunq.net\\\/tr\\\/?p=62188#respond\"]}]},{\"@type\":\"WebPage\",\"@id\":\"https:\\\/\\\/akunq.net\\\/tr\\\/?p=62188\",\"url\":\"https:\\\/\\\/akunq.net\\\/tr\\\/?p=62188\",\"name\":\"Burdur\u2019da g\u00fcn y\u00fcz\u00fcne \u00e7\u0131kt\u0131! Kilise i\u00e7indeki 30 mezar\u0131n s\u0131rr\u0131 - Bati Ermenistan Ve Bati Ermenileri Sorunlari Ara\u015ftirmalar Merkezi\",\"isPartOf\":{\"@id\":\"https:\\\/\\\/akunq.net\\\/tr\\\/#website\"},\"primaryImageOfPage\":{\"@id\":\"https:\\\/\\\/akunq.net\\\/tr\\\/?p=62188#primaryimage\"},\"image\":{\"@id\":\"https:\\\/\\\/akunq.net\\\/tr\\\/?p=62188#primaryimage\"},\"thumbnailUrl\":\"https:\\\/\\\/akunq.net\\\/tr\\\/wp-content\\\/uploads\\\/sites\\\/6\\\/2021\\\/04\\\/Burdur.jpg\",\"datePublished\":\"2021-04-01T07:14:12+00:00\",\"author\":{\"@id\":\"https:\\\/\\\/akunq.net\\\/tr\\\/#\\\/schema\\\/person\\\/096f1d38a12cce57fb855b485ed24c9e\"},\"breadcrumb\":{\"@id\":\"https:\\\/\\\/akunq.net\\\/tr\\\/?p=62188#breadcrumb\"},\"inLanguage\":\"en-US\",\"potentialAction\":[{\"@type\":\"ReadAction\",\"target\":[\"https:\\\/\\\/akunq.net\\\/tr\\\/?p=62188\"]}]},{\"@type\":\"ImageObject\",\"inLanguage\":\"en-US\",\"@id\":\"https:\\\/\\\/akunq.net\\\/tr\\\/?p=62188#primaryimage\",\"url\":\"https:\\\/\\\/akunq.net\\\/tr\\\/wp-content\\\/uploads\\\/sites\\\/6\\\/2021\\\/04\\\/Burdur.jpg\",\"contentUrl\":\"https:\\\/\\\/akunq.net\\\/tr\\\/wp-content\\\/uploads\\\/sites\\\/6\\\/2021\\\/04\\\/Burdur.jpg\",\"width\":1068,\"height\":562},{\"@type\":\"BreadcrumbList\",\"@id\":\"https:\\\/\\\/akunq.net\\\/tr\\\/?p=62188#breadcrumb\",\"itemListElement\":[{\"@type\":\"ListItem\",\"position\":1,\"name\":\"Home\",\"item\":\"https:\\\/\\\/akunq.net\\\/tr\"},{\"@type\":\"ListItem\",\"position\":2,\"name\":\"Burdur\u2019da g\u00fcn y\u00fcz\u00fcne \u00e7\u0131kt\u0131! Kilise i\u00e7indeki 30 mezar\u0131n s\u0131rr\u0131\"}]},{\"@type\":\"WebSite\",\"@id\":\"https:\\\/\\\/akunq.net\\\/tr\\\/#website\",\"url\":\"https:\\\/\\\/akunq.net\\\/tr\\\/\",\"name\":\"Bati Ermenistan Ve Bati Ermenileri Sorunlari Ara\u015ftirmalar Merkezi\",\"description\":\"\",\"potentialAction\":[{\"@type\":\"SearchAction\",\"target\":{\"@type\":\"EntryPoint\",\"urlTemplate\":\"https:\\\/\\\/akunq.net\\\/tr\\\/?s={search_term_string}\"},\"query-input\":{\"@type\":\"PropertyValueSpecification\",\"valueRequired\":true,\"valueName\":\"search_term_string\"}}],\"inLanguage\":\"en-US\"},{\"@type\":\"Person\",\"@id\":\"https:\\\/\\\/akunq.net\\\/tr\\\/#\\\/schema\\\/person\\\/096f1d38a12cce57fb855b485ed24c9e\",\"name\":\"admin\",\"url\":\"https:\\\/\\\/akunq.net\\\/tr\\\/?author=7\"}]}<\/script>\n<!-- \/ Yoast SEO plugin. -->","yoast_head_json":{"title":"Burdur\u2019da g\u00fcn y\u00fcz\u00fcne \u00e7\u0131kt\u0131! Kilise i\u00e7indeki 30 mezar\u0131n s\u0131rr\u0131 - Bati Ermenistan Ve Bati Ermenileri Sorunlari Ara\u015ftirmalar Merkezi","robots":{"index":"index","follow":"follow","max-snippet":"max-snippet:-1","max-image-preview":"max-image-preview:large","max-video-preview":"max-video-preview:-1"},"canonical":"https:\/\/akunq.net\/tr\/?p=62188","og_locale":"en_US","og_type":"article","og_title":"Burdur\u2019da g\u00fcn y\u00fcz\u00fcne \u00e7\u0131kt\u0131! Kilise i\u00e7indeki 30 mezar\u0131n s\u0131rr\u0131 - Bati Ermenistan Ve Bati Ermenileri Sorunlari Ara\u015ftirmalar Merkezi","og_description":"UNESCO D\u00fcnya Miras\u0131 Ge\u00e7ici Listesi\u2019nde yer alan ve T\u00fcrkiye\u2019nin \u00f6nemli antik kentlerinden biri olan Kibyra\u2019da son yap\u0131lan kaz\u0131larda bazilikal planl\u0131 kilisede \u00e7ok iyi korunmu\u015f 30 mezar bulundu. Burdur\u2019un G\u00f6lhisar il\u00e7esindeki Kibyra Antik Kenti\u2019nde kaz\u0131 \u00e7al\u0131\u015fmalar\u0131 devam eden bazilikal planl\u0131 kilise yap\u0131s\u0131n\u0131n i\u00e7inde yer alan ve bir\u00e7o\u011fu kentin o zamanki \u00f6nemli din adamlar\u0131na ait oldu\u011fu san\u0131lan [&hellip;]","og_url":"https:\/\/akunq.net\/tr\/?p=62188","og_site_name":"Bati Ermenistan Ve Bati Ermenileri Sorunlari Ara\u015ftirmalar Merkezi","article_published_time":"2021-04-01T07:14:12+00:00","og_image":[{"width":1068,"height":562,"url":"https:\/\/akunq.net\/tr\/wp-content\/uploads\/sites\/6\/2021\/04\/Burdur.jpg","type":"image\/jpeg"}],"author":"admin","twitter_card":"summary_large_image","twitter_misc":{"Written by":"admin","Est. reading time":"3 minutes"},"schema":{"@context":"https:\/\/schema.org","@graph":[{"@type":"Article","@id":"https:\/\/akunq.net\/tr\/?p=62188#article","isPartOf":{"@id":"https:\/\/akunq.net\/tr\/?p=62188"},"author":{"name":"admin","@id":"https:\/\/akunq.net\/tr\/#\/schema\/person\/096f1d38a12cce57fb855b485ed24c9e"},"headline":"Burdur\u2019da g\u00fcn y\u00fcz\u00fcne \u00e7\u0131kt\u0131! Kilise i\u00e7indeki 30 mezar\u0131n s\u0131rr\u0131","datePublished":"2021-04-01T07:14:12+00:00","mainEntityOfPage":{"@id":"https:\/\/akunq.net\/tr\/?p=62188"},"wordCount":596,"commentCount":0,"image":{"@id":"https:\/\/akunq.net\/tr\/?p=62188#primaryimage"},"thumbnailUrl":"https:\/\/akunq.net\/tr\/wp-content\/uploads\/sites\/6\/2021\/04\/Burdur.jpg","articleSection":["Haberler"],"inLanguage":"en-US","potentialAction":[{"@type":"CommentAction","name":"Comment","target":["https:\/\/akunq.net\/tr\/?p=62188#respond"]}]},{"@type":"WebPage","@id":"https:\/\/akunq.net\/tr\/?p=62188","url":"https:\/\/akunq.net\/tr\/?p=62188","name":"Burdur\u2019da g\u00fcn y\u00fcz\u00fcne \u00e7\u0131kt\u0131! Kilise i\u00e7indeki 30 mezar\u0131n s\u0131rr\u0131 - Bati Ermenistan Ve Bati Ermenileri Sorunlari Ara\u015ftirmalar Merkezi","isPartOf":{"@id":"https:\/\/akunq.net\/tr\/#website"},"primaryImageOfPage":{"@id":"https:\/\/akunq.net\/tr\/?p=62188#primaryimage"},"image":{"@id":"https:\/\/akunq.net\/tr\/?p=62188#primaryimage"},"thumbnailUrl":"https:\/\/akunq.net\/tr\/wp-content\/uploads\/sites\/6\/2021\/04\/Burdur.jpg","datePublished":"2021-04-01T07:14:12+00:00","author":{"@id":"https:\/\/akunq.net\/tr\/#\/schema\/person\/096f1d38a12cce57fb855b485ed24c9e"},"breadcrumb":{"@id":"https:\/\/akunq.net\/tr\/?p=62188#breadcrumb"},"inLanguage":"en-US","potentialAction":[{"@type":"ReadAction","target":["https:\/\/akunq.net\/tr\/?p=62188"]}]},{"@type":"ImageObject","inLanguage":"en-US","@id":"https:\/\/akunq.net\/tr\/?p=62188#primaryimage","url":"https:\/\/akunq.net\/tr\/wp-content\/uploads\/sites\/6\/2021\/04\/Burdur.jpg","contentUrl":"https:\/\/akunq.net\/tr\/wp-content\/uploads\/sites\/6\/2021\/04\/Burdur.jpg","width":1068,"height":562},{"@type":"BreadcrumbList","@id":"https:\/\/akunq.net\/tr\/?p=62188#breadcrumb","itemListElement":[{"@type":"ListItem","position":1,"name":"Home","item":"https:\/\/akunq.net\/tr"},{"@type":"ListItem","position":2,"name":"Burdur\u2019da g\u00fcn y\u00fcz\u00fcne \u00e7\u0131kt\u0131! Kilise i\u00e7indeki 30 mezar\u0131n s\u0131rr\u0131"}]},{"@type":"WebSite","@id":"https:\/\/akunq.net\/tr\/#website","url":"https:\/\/akunq.net\/tr\/","name":"Bati Ermenistan Ve Bati Ermenileri Sorunlari Ara\u015ftirmalar Merkezi","description":"","potentialAction":[{"@type":"SearchAction","target":{"@type":"EntryPoint","urlTemplate":"https:\/\/akunq.net\/tr\/?s={search_term_string}"},"query-input":{"@type":"PropertyValueSpecification","valueRequired":true,"valueName":"search_term_string"}}],"inLanguage":"en-US"},{"@type":"Person","@id":"https:\/\/akunq.net\/tr\/#\/schema\/person\/096f1d38a12cce57fb855b485ed24c9e","name":"admin","url":"https:\/\/akunq.net\/tr\/?author=7"}]}},"_links":{"self":[{"href":"https:\/\/akunq.net\/tr\/index.php?rest_route=\/wp\/v2\/posts\/62188","targetHints":{"allow":["GET"]}}],"collection":[{"href":"https:\/\/akunq.net\/tr\/index.php?rest_route=\/wp\/v2\/posts"}],"about":[{"href":"https:\/\/akunq.net\/tr\/index.php?rest_route=\/wp\/v2\/types\/post"}],"author":[{"embeddable":true,"href":"https:\/\/akunq.net\/tr\/index.php?rest_route=\/wp\/v2\/users\/7"}],"replies":[{"embeddable":true,"href":"https:\/\/akunq.net\/tr\/index.php?rest_route=%2Fwp%2Fv2%2Fcomments&post=62188"}],"version-history":[{"count":1,"href":"https:\/\/akunq.net\/tr\/index.php?rest_route=\/wp\/v2\/posts\/62188\/revisions"}],"predecessor-version":[{"id":62190,"href":"https:\/\/akunq.net\/tr\/index.php?rest_route=\/wp\/v2\/posts\/62188\/revisions\/62190"}],"wp:featuredmedia":[{"embeddable":true,"href":"https:\/\/akunq.net\/tr\/index.php?rest_route=\/wp\/v2\/media\/62189"}],"wp:attachment":[{"href":"https:\/\/akunq.net\/tr\/index.php?rest_route=%2Fwp%2Fv2%2Fmedia&parent=62188"}],"wp:term":[{"taxonomy":"category","embeddable":true,"href":"https:\/\/akunq.net\/tr\/index.php?rest_route=%2Fwp%2Fv2%2Fcategories&post=62188"},{"taxonomy":"post_tag","embeddable":true,"href":"https:\/\/akunq.net\/tr\/index.php?rest_route=%2Fwp%2Fv2%2Ftags&post=62188"}],"curies":[{"name":"wp","href":"https:\/\/api.w.org\/{rel}","templated":true}]}}