{"id":62185,"date":"2021-04-01T02:08:14","date_gmt":"2021-04-01T07:08:14","guid":{"rendered":"https:\/\/akunq.net\/tr\/?p=62185"},"modified":"2021-04-01T02:08:14","modified_gmt":"2021-04-01T07:08:14","slug":"malatyada-tarihi-eser-oldugu-degerlendirilen-kilic-sikke-heykel-ve-muhur-ele-gecirildi","status":"publish","type":"post","link":"https:\/\/akunq.net\/tr\/?p=62185","title":{"rendered":"Malatya\u2019da tarihi eser oldu\u011fu de\u011ferlendirilen k\u0131l\u0131\u00e7, sikke, heykel ve m\u00fch\u00fcr ele ge\u00e7irildi"},"content":{"rendered":"<p><img loading=\"lazy\" decoding=\"async\" class=\"aligncenter size-medium wp-image-62186\" src=\"https:\/\/akunq.net\/tr\/wp-content\/uploads\/2021\/04\/Malatya\u2019da-tarihi-eser-360x203.jpg\" alt=\"\" width=\"360\" height=\"203\" srcset=\"https:\/\/akunq.net\/tr\/wp-content\/uploads\/sites\/6\/2021\/04\/Malatya\u2019da-tarihi-eser-360x203.jpg 360w, https:\/\/akunq.net\/tr\/wp-content\/uploads\/sites\/6\/2021\/04\/Malatya\u2019da-tarihi-eser-560x315.jpg 560w, https:\/\/akunq.net\/tr\/wp-content\/uploads\/sites\/6\/2021\/04\/Malatya\u2019da-tarihi-eser-260x146.jpg 260w, https:\/\/akunq.net\/tr\/wp-content\/uploads\/sites\/6\/2021\/04\/Malatya\u2019da-tarihi-eser-160x90.jpg 160w, https:\/\/akunq.net\/tr\/wp-content\/uploads\/sites\/6\/2021\/04\/Malatya\u2019da-tarihi-eser.jpg 750w\" sizes=\"auto, (max-width: 360px) 100vw, 360px\" \/><\/p>\n<p><em><strong>\u0130l Jandarma Komutanl\u0131\u011f\u0131 ekipleri, Battalgazi il\u00e7esinde baz\u0131 \u015f\u00fcphelilerin tarihi eser ka\u00e7ak\u00e7\u0131l\u0131\u011f\u0131 yapt\u0131\u011f\u0131 bilgisine ula\u015ft\u0131.<\/strong><\/em><\/p>\n<p>\u0130ki \u015f\u00fcphelinin ev ve eklentilerindeki aramada, Bizans d\u00f6nemine ait oldu\u011fu de\u011ferlendirilen 1 g\u00fcm\u00fc\u015f kabzal\u0131 ve yakut ta\u015flarla i\u015flenmi\u015f k\u0131l\u0131\u00e7, 1 bronz heykel, 12 bronz sikke, 2 alt\u0131n sikke ve 2 m\u00fch\u00fcr ele ge\u00e7irildi.<\/p>\n<p>G\u00f6zalt\u0131na al\u0131nan 2 \u015f\u00fcphelinin jandarmadaki i\u015flemleri s\u00fcr\u00fcyor.<\/p>\n<hr \/>\n<p><em><strong><a href=\"https:\/\/www.hurriyet.com.tr\/gundem\/malatyada-tarihi-eser-oldugu-degerlendirilen-kilic-sikke-heykel-ve-muhur-ele-gecirildi-41776874\" target=\"_blank\" rel=\"noopener noreferrer\">H\u00fcrriyet Gazetesi<\/a>\u00a0<\/strong><\/em><\/p>\n","protected":false},"excerpt":{"rendered":"<p>\u0130l Jandarma Komutanl\u0131\u011f\u0131 ekipleri, Battalgazi il\u00e7esinde baz\u0131 \u015f\u00fcphelilerin tarihi eser ka\u00e7ak\u00e7\u0131l\u0131\u011f\u0131 yapt\u0131\u011f\u0131 bilgisine ula\u015ft\u0131. \u0130ki \u015f\u00fcphelinin ev ve eklentilerindeki aramada, Bizans d\u00f6nemine ait oldu\u011fu de\u011ferlendirilen 1 g\u00fcm\u00fc\u015f kabzal\u0131 ve yakut ta\u015flarla i\u015flenmi\u015f k\u0131l\u0131\u00e7, 1 bronz heykel, 12 bronz sikke, 2 alt\u0131n sikke ve 2 m\u00fch\u00fcr ele ge\u00e7irildi. G\u00f6zalt\u0131na al\u0131nan 2 \u015f\u00fcphelinin jandarmadaki i\u015flemleri s\u00fcr\u00fcyor. H\u00fcrriyet [&hellip;]<\/p>\n","protected":false},"author":7,"featured_media":62186,"comment_status":"open","ping_status":"open","sticky":false,"template":"","format":"standard","meta":{"footnotes":""},"categories":[1],"tags":[],"class_list":["post-62185","post","type-post","status-publish","format-standard","has-post-thumbnail","hentry","category-haberler"],"yoast_head":"<!-- This site is optimized with the Yoast SEO plugin v27.4 - https:\/\/yoast.com\/product\/yoast-seo-wordpress\/ -->\n<title>Malatya\u2019da tarihi eser oldu\u011fu de\u011ferlendirilen k\u0131l\u0131\u00e7, sikke, heykel ve m\u00fch\u00fcr ele ge\u00e7irildi - Bati Ermenistan Ve Bati Ermenileri Sorunlari Ara\u015ftirmalar Merkezi<\/title>\n<meta name=\"robots\" content=\"index, follow, max-snippet:-1, max-image-preview:large, max-video-preview:-1\" \/>\n<link rel=\"canonical\" href=\"https:\/\/akunq.net\/tr\/?p=62185\" \/>\n<meta property=\"og:locale\" content=\"en_US\" \/>\n<meta property=\"og:type\" content=\"article\" \/>\n<meta property=\"og:title\" content=\"Malatya\u2019da tarihi eser oldu\u011fu de\u011ferlendirilen k\u0131l\u0131\u00e7, sikke, heykel ve m\u00fch\u00fcr ele ge\u00e7irildi - Bati Ermenistan Ve Bati Ermenileri Sorunlari Ara\u015ftirmalar Merkezi\" \/>\n<meta property=\"og:description\" content=\"\u0130l Jandarma Komutanl\u0131\u011f\u0131 ekipleri, Battalgazi il\u00e7esinde baz\u0131 \u015f\u00fcphelilerin tarihi eser ka\u00e7ak\u00e7\u0131l\u0131\u011f\u0131 yapt\u0131\u011f\u0131 bilgisine ula\u015ft\u0131. \u0130ki \u015f\u00fcphelinin ev ve eklentilerindeki aramada, Bizans d\u00f6nemine ait oldu\u011fu de\u011ferlendirilen 1 g\u00fcm\u00fc\u015f kabzal\u0131 ve yakut ta\u015flarla i\u015flenmi\u015f k\u0131l\u0131\u00e7, 1 bronz heykel, 12 bronz sikke, 2 alt\u0131n sikke ve 2 m\u00fch\u00fcr ele ge\u00e7irildi. G\u00f6zalt\u0131na al\u0131nan 2 \u015f\u00fcphelinin jandarmadaki i\u015flemleri s\u00fcr\u00fcyor. H\u00fcrriyet [&hellip;]\" \/>\n<meta property=\"og:url\" content=\"https:\/\/akunq.net\/tr\/?p=62185\" \/>\n<meta property=\"og:site_name\" content=\"Bati Ermenistan Ve Bati Ermenileri Sorunlari Ara\u015ftirmalar Merkezi\" \/>\n<meta property=\"article:published_time\" content=\"2021-04-01T07:08:14+00:00\" \/>\n<meta property=\"og:image\" content=\"https:\/\/akunq.net\/tr\/wp-content\/uploads\/sites\/6\/2021\/04\/Malatya\u2019da-tarihi-eser.jpg\" \/>\n\t<meta property=\"og:image:width\" content=\"750\" \/>\n\t<meta property=\"og:image:height\" content=\"422\" \/>\n\t<meta property=\"og:image:type\" content=\"image\/jpeg\" \/>\n<meta name=\"author\" content=\"admin\" \/>\n<meta name=\"twitter:card\" content=\"summary_large_image\" \/>\n<meta name=\"twitter:label1\" content=\"Written by\" \/>\n\t<meta name=\"twitter:data1\" content=\"admin\" \/>\n<script type=\"application\/ld+json\" class=\"yoast-schema-graph\">{\"@context\":\"https:\\\/\\\/schema.org\",\"@graph\":[{\"@type\":\"Article\",\"@id\":\"https:\\\/\\\/akunq.net\\\/tr\\\/?p=62185#article\",\"isPartOf\":{\"@id\":\"https:\\\/\\\/akunq.net\\\/tr\\\/?p=62185\"},\"author\":{\"name\":\"admin\",\"@id\":\"https:\\\/\\\/akunq.net\\\/tr\\\/#\\\/schema\\\/person\\\/096f1d38a12cce57fb855b485ed24c9e\"},\"headline\":\"Malatya\u2019da tarihi eser oldu\u011fu de\u011ferlendirilen k\u0131l\u0131\u00e7, sikke, heykel ve m\u00fch\u00fcr ele ge\u00e7irildi\",\"datePublished\":\"2021-04-01T07:08:14+00:00\",\"mainEntityOfPage\":{\"@id\":\"https:\\\/\\\/akunq.net\\\/tr\\\/?p=62185\"},\"wordCount\":91,\"commentCount\":0,\"image\":{\"@id\":\"https:\\\/\\\/akunq.net\\\/tr\\\/?p=62185#primaryimage\"},\"thumbnailUrl\":\"https:\\\/\\\/akunq.net\\\/tr\\\/wp-content\\\/uploads\\\/sites\\\/6\\\/2021\\\/04\\\/Malatya\u2019da-tarihi-eser.jpg\",\"articleSection\":[\"Haberler\"],\"inLanguage\":\"en-US\",\"potentialAction\":[{\"@type\":\"CommentAction\",\"name\":\"Comment\",\"target\":[\"https:\\\/\\\/akunq.net\\\/tr\\\/?p=62185#respond\"]}]},{\"@type\":\"WebPage\",\"@id\":\"https:\\\/\\\/akunq.net\\\/tr\\\/?p=62185\",\"url\":\"https:\\\/\\\/akunq.net\\\/tr\\\/?p=62185\",\"name\":\"Malatya\u2019da tarihi eser oldu\u011fu de\u011ferlendirilen k\u0131l\u0131\u00e7, sikke, heykel ve m\u00fch\u00fcr ele ge\u00e7irildi - Bati Ermenistan Ve Bati Ermenileri Sorunlari Ara\u015ftirmalar Merkezi\",\"isPartOf\":{\"@id\":\"https:\\\/\\\/akunq.net\\\/tr\\\/#website\"},\"primaryImageOfPage\":{\"@id\":\"https:\\\/\\\/akunq.net\\\/tr\\\/?p=62185#primaryimage\"},\"image\":{\"@id\":\"https:\\\/\\\/akunq.net\\\/tr\\\/?p=62185#primaryimage\"},\"thumbnailUrl\":\"https:\\\/\\\/akunq.net\\\/tr\\\/wp-content\\\/uploads\\\/sites\\\/6\\\/2021\\\/04\\\/Malatya\u2019da-tarihi-eser.jpg\",\"datePublished\":\"2021-04-01T07:08:14+00:00\",\"author\":{\"@id\":\"https:\\\/\\\/akunq.net\\\/tr\\\/#\\\/schema\\\/person\\\/096f1d38a12cce57fb855b485ed24c9e\"},\"breadcrumb\":{\"@id\":\"https:\\\/\\\/akunq.net\\\/tr\\\/?p=62185#breadcrumb\"},\"inLanguage\":\"en-US\",\"potentialAction\":[{\"@type\":\"ReadAction\",\"target\":[\"https:\\\/\\\/akunq.net\\\/tr\\\/?p=62185\"]}]},{\"@type\":\"ImageObject\",\"inLanguage\":\"en-US\",\"@id\":\"https:\\\/\\\/akunq.net\\\/tr\\\/?p=62185#primaryimage\",\"url\":\"https:\\\/\\\/akunq.net\\\/tr\\\/wp-content\\\/uploads\\\/sites\\\/6\\\/2021\\\/04\\\/Malatya\u2019da-tarihi-eser.jpg\",\"contentUrl\":\"https:\\\/\\\/akunq.net\\\/tr\\\/wp-content\\\/uploads\\\/sites\\\/6\\\/2021\\\/04\\\/Malatya\u2019da-tarihi-eser.jpg\",\"width\":750,\"height\":422},{\"@type\":\"BreadcrumbList\",\"@id\":\"https:\\\/\\\/akunq.net\\\/tr\\\/?p=62185#breadcrumb\",\"itemListElement\":[{\"@type\":\"ListItem\",\"position\":1,\"name\":\"Home\",\"item\":\"https:\\\/\\\/akunq.net\\\/tr\"},{\"@type\":\"ListItem\",\"position\":2,\"name\":\"Malatya\u2019da tarihi eser oldu\u011fu de\u011ferlendirilen k\u0131l\u0131\u00e7, sikke, heykel ve m\u00fch\u00fcr ele ge\u00e7irildi\"}]},{\"@type\":\"WebSite\",\"@id\":\"https:\\\/\\\/akunq.net\\\/tr\\\/#website\",\"url\":\"https:\\\/\\\/akunq.net\\\/tr\\\/\",\"name\":\"Bati Ermenistan Ve Bati Ermenileri Sorunlari Ara\u015ftirmalar Merkezi\",\"description\":\"\",\"potentialAction\":[{\"@type\":\"SearchAction\",\"target\":{\"@type\":\"EntryPoint\",\"urlTemplate\":\"https:\\\/\\\/akunq.net\\\/tr\\\/?s={search_term_string}\"},\"query-input\":{\"@type\":\"PropertyValueSpecification\",\"valueRequired\":true,\"valueName\":\"search_term_string\"}}],\"inLanguage\":\"en-US\"},{\"@type\":\"Person\",\"@id\":\"https:\\\/\\\/akunq.net\\\/tr\\\/#\\\/schema\\\/person\\\/096f1d38a12cce57fb855b485ed24c9e\",\"name\":\"admin\",\"url\":\"https:\\\/\\\/akunq.net\\\/tr\\\/?author=7\"}]}<\/script>\n<!-- \/ Yoast SEO plugin. -->","yoast_head_json":{"title":"Malatya\u2019da tarihi eser oldu\u011fu de\u011ferlendirilen k\u0131l\u0131\u00e7, sikke, heykel ve m\u00fch\u00fcr ele ge\u00e7irildi - Bati Ermenistan Ve Bati Ermenileri Sorunlari Ara\u015ftirmalar Merkezi","robots":{"index":"index","follow":"follow","max-snippet":"max-snippet:-1","max-image-preview":"max-image-preview:large","max-video-preview":"max-video-preview:-1"},"canonical":"https:\/\/akunq.net\/tr\/?p=62185","og_locale":"en_US","og_type":"article","og_title":"Malatya\u2019da tarihi eser oldu\u011fu de\u011ferlendirilen k\u0131l\u0131\u00e7, sikke, heykel ve m\u00fch\u00fcr ele ge\u00e7irildi - Bati Ermenistan Ve Bati Ermenileri Sorunlari Ara\u015ftirmalar Merkezi","og_description":"\u0130l Jandarma Komutanl\u0131\u011f\u0131 ekipleri, Battalgazi il\u00e7esinde baz\u0131 \u015f\u00fcphelilerin tarihi eser ka\u00e7ak\u00e7\u0131l\u0131\u011f\u0131 yapt\u0131\u011f\u0131 bilgisine ula\u015ft\u0131. \u0130ki \u015f\u00fcphelinin ev ve eklentilerindeki aramada, Bizans d\u00f6nemine ait oldu\u011fu de\u011ferlendirilen 1 g\u00fcm\u00fc\u015f kabzal\u0131 ve yakut ta\u015flarla i\u015flenmi\u015f k\u0131l\u0131\u00e7, 1 bronz heykel, 12 bronz sikke, 2 alt\u0131n sikke ve 2 m\u00fch\u00fcr ele ge\u00e7irildi. G\u00f6zalt\u0131na al\u0131nan 2 \u015f\u00fcphelinin jandarmadaki i\u015flemleri s\u00fcr\u00fcyor. H\u00fcrriyet [&hellip;]","og_url":"https:\/\/akunq.net\/tr\/?p=62185","og_site_name":"Bati Ermenistan Ve Bati Ermenileri Sorunlari Ara\u015ftirmalar Merkezi","article_published_time":"2021-04-01T07:08:14+00:00","og_image":[{"width":750,"height":422,"url":"https:\/\/akunq.net\/tr\/wp-content\/uploads\/sites\/6\/2021\/04\/Malatya\u2019da-tarihi-eser.jpg","type":"image\/jpeg"}],"author":"admin","twitter_card":"summary_large_image","twitter_misc":{"Written by":"admin"},"schema":{"@context":"https:\/\/schema.org","@graph":[{"@type":"Article","@id":"https:\/\/akunq.net\/tr\/?p=62185#article","isPartOf":{"@id":"https:\/\/akunq.net\/tr\/?p=62185"},"author":{"name":"admin","@id":"https:\/\/akunq.net\/tr\/#\/schema\/person\/096f1d38a12cce57fb855b485ed24c9e"},"headline":"Malatya\u2019da tarihi eser oldu\u011fu de\u011ferlendirilen k\u0131l\u0131\u00e7, sikke, heykel ve m\u00fch\u00fcr ele ge\u00e7irildi","datePublished":"2021-04-01T07:08:14+00:00","mainEntityOfPage":{"@id":"https:\/\/akunq.net\/tr\/?p=62185"},"wordCount":91,"commentCount":0,"image":{"@id":"https:\/\/akunq.net\/tr\/?p=62185#primaryimage"},"thumbnailUrl":"https:\/\/akunq.net\/tr\/wp-content\/uploads\/sites\/6\/2021\/04\/Malatya\u2019da-tarihi-eser.jpg","articleSection":["Haberler"],"inLanguage":"en-US","potentialAction":[{"@type":"CommentAction","name":"Comment","target":["https:\/\/akunq.net\/tr\/?p=62185#respond"]}]},{"@type":"WebPage","@id":"https:\/\/akunq.net\/tr\/?p=62185","url":"https:\/\/akunq.net\/tr\/?p=62185","name":"Malatya\u2019da tarihi eser oldu\u011fu de\u011ferlendirilen k\u0131l\u0131\u00e7, sikke, heykel ve m\u00fch\u00fcr ele ge\u00e7irildi - Bati Ermenistan Ve Bati Ermenileri Sorunlari Ara\u015ftirmalar Merkezi","isPartOf":{"@id":"https:\/\/akunq.net\/tr\/#website"},"primaryImageOfPage":{"@id":"https:\/\/akunq.net\/tr\/?p=62185#primaryimage"},"image":{"@id":"https:\/\/akunq.net\/tr\/?p=62185#primaryimage"},"thumbnailUrl":"https:\/\/akunq.net\/tr\/wp-content\/uploads\/sites\/6\/2021\/04\/Malatya\u2019da-tarihi-eser.jpg","datePublished":"2021-04-01T07:08:14+00:00","author":{"@id":"https:\/\/akunq.net\/tr\/#\/schema\/person\/096f1d38a12cce57fb855b485ed24c9e"},"breadcrumb":{"@id":"https:\/\/akunq.net\/tr\/?p=62185#breadcrumb"},"inLanguage":"en-US","potentialAction":[{"@type":"ReadAction","target":["https:\/\/akunq.net\/tr\/?p=62185"]}]},{"@type":"ImageObject","inLanguage":"en-US","@id":"https:\/\/akunq.net\/tr\/?p=62185#primaryimage","url":"https:\/\/akunq.net\/tr\/wp-content\/uploads\/sites\/6\/2021\/04\/Malatya\u2019da-tarihi-eser.jpg","contentUrl":"https:\/\/akunq.net\/tr\/wp-content\/uploads\/sites\/6\/2021\/04\/Malatya\u2019da-tarihi-eser.jpg","width":750,"height":422},{"@type":"BreadcrumbList","@id":"https:\/\/akunq.net\/tr\/?p=62185#breadcrumb","itemListElement":[{"@type":"ListItem","position":1,"name":"Home","item":"https:\/\/akunq.net\/tr"},{"@type":"ListItem","position":2,"name":"Malatya\u2019da tarihi eser oldu\u011fu de\u011ferlendirilen k\u0131l\u0131\u00e7, sikke, heykel ve m\u00fch\u00fcr ele ge\u00e7irildi"}]},{"@type":"WebSite","@id":"https:\/\/akunq.net\/tr\/#website","url":"https:\/\/akunq.net\/tr\/","name":"Bati Ermenistan Ve Bati Ermenileri Sorunlari Ara\u015ftirmalar Merkezi","description":"","potentialAction":[{"@type":"SearchAction","target":{"@type":"EntryPoint","urlTemplate":"https:\/\/akunq.net\/tr\/?s={search_term_string}"},"query-input":{"@type":"PropertyValueSpecification","valueRequired":true,"valueName":"search_term_string"}}],"inLanguage":"en-US"},{"@type":"Person","@id":"https:\/\/akunq.net\/tr\/#\/schema\/person\/096f1d38a12cce57fb855b485ed24c9e","name":"admin","url":"https:\/\/akunq.net\/tr\/?author=7"}]}},"_links":{"self":[{"href":"https:\/\/akunq.net\/tr\/index.php?rest_route=\/wp\/v2\/posts\/62185","targetHints":{"allow":["GET"]}}],"collection":[{"href":"https:\/\/akunq.net\/tr\/index.php?rest_route=\/wp\/v2\/posts"}],"about":[{"href":"https:\/\/akunq.net\/tr\/index.php?rest_route=\/wp\/v2\/types\/post"}],"author":[{"embeddable":true,"href":"https:\/\/akunq.net\/tr\/index.php?rest_route=\/wp\/v2\/users\/7"}],"replies":[{"embeddable":true,"href":"https:\/\/akunq.net\/tr\/index.php?rest_route=%2Fwp%2Fv2%2Fcomments&post=62185"}],"version-history":[{"count":1,"href":"https:\/\/akunq.net\/tr\/index.php?rest_route=\/wp\/v2\/posts\/62185\/revisions"}],"predecessor-version":[{"id":62187,"href":"https:\/\/akunq.net\/tr\/index.php?rest_route=\/wp\/v2\/posts\/62185\/revisions\/62187"}],"wp:featuredmedia":[{"embeddable":true,"href":"https:\/\/akunq.net\/tr\/index.php?rest_route=\/wp\/v2\/media\/62186"}],"wp:attachment":[{"href":"https:\/\/akunq.net\/tr\/index.php?rest_route=%2Fwp%2Fv2%2Fmedia&parent=62185"}],"wp:term":[{"taxonomy":"category","embeddable":true,"href":"https:\/\/akunq.net\/tr\/index.php?rest_route=%2Fwp%2Fv2%2Fcategories&post=62185"},{"taxonomy":"post_tag","embeddable":true,"href":"https:\/\/akunq.net\/tr\/index.php?rest_route=%2Fwp%2Fv2%2Ftags&post=62185"}],"curies":[{"name":"wp","href":"https:\/\/api.w.org\/{rel}","templated":true}]}}