{"id":62182,"date":"2021-04-01T02:01:52","date_gmt":"2021-04-01T07:01:52","guid":{"rendered":"https:\/\/akunq.net\/tr\/?p=62182"},"modified":"2021-04-01T02:01:52","modified_gmt":"2021-04-01T07:01:52","slug":"tarihi-kizil-kilisede-defineci-tahribati","status":"publish","type":"post","link":"https:\/\/akunq.net\/tr\/?p=62182","title":{"rendered":"Tarihi K\u0131z\u0131l Kilise\u2019de defineci tahribat\u0131"},"content":{"rendered":"<p><img loading=\"lazy\" decoding=\"async\" class=\"aligncenter size-medium wp-image-62183\" src=\"https:\/\/akunq.net\/tr\/wp-content\/uploads\/2021\/04\/Tarihi-K\u0131z\u0131l-Kilise-360x270.jpg\" alt=\"\" width=\"360\" height=\"270\" srcset=\"https:\/\/akunq.net\/tr\/wp-content\/uploads\/sites\/6\/2021\/04\/Tarihi-K\u0131z\u0131l-Kilise-360x270.jpg 360w, https:\/\/akunq.net\/tr\/wp-content\/uploads\/sites\/6\/2021\/04\/Tarihi-K\u0131z\u0131l-Kilise-768x576.jpg 768w, https:\/\/akunq.net\/tr\/wp-content\/uploads\/sites\/6\/2021\/04\/Tarihi-K\u0131z\u0131l-Kilise-560x420.jpg 560w, https:\/\/akunq.net\/tr\/wp-content\/uploads\/sites\/6\/2021\/04\/Tarihi-K\u0131z\u0131l-Kilise-260x195.jpg 260w, https:\/\/akunq.net\/tr\/wp-content\/uploads\/sites\/6\/2021\/04\/Tarihi-K\u0131z\u0131l-Kilise-160x120.jpg 160w, https:\/\/akunq.net\/tr\/wp-content\/uploads\/sites\/6\/2021\/04\/Tarihi-K\u0131z\u0131l-Kilise.jpg 1000w\" sizes=\"auto, (max-width: 360px) 100vw, 360px\" \/><\/p>\n<p><em><strong>Aksaray\u2019da, 5\u2019inci ya da 6\u2019nc\u0131 y\u00fczy\u0131lda yap\u0131ld\u0131\u011f\u0131 tahmin edilen K\u0131z\u0131l Kilise, defineciler taraf\u0131ndan tahrip edildi. Tarihi kilise kolonlar\u0131n\u0131n hasar g\u00f6rd\u00fc\u011f\u00fc, kaz\u0131 yerlerinin olu\u015ftu\u011fu ve duvarlar\u0131na ise sprey boyalarla yaz\u0131lar yaz\u0131ld\u0131\u011f\u0131 g\u00f6r\u00fcld\u00fc.<\/strong><\/em><\/p>\n<p>G\u00fczelyurt il\u00e7esine ba\u011fl\u0131 Sivrihisar k\u00f6y\u00fcnde, 1500 rak\u0131ml\u0131 da\u011flar\u0131n aras\u0131ndaki ovada bulunan tarihi\u00a0<strong>K\u0131z\u0131l Kilise\u2019<\/strong>nin, 5\u2019inci ya da 6\u2019nc\u0131 y\u00fczy\u0131lda Ortodoks mezhebi kurucular\u0131ndan<strong>\u00a0Aziz Gregorius<\/strong>\u00a0ad\u0131na yap\u0131ld\u0131\u011f\u0131 biliniyor.<\/p>\n<figure class=\"wp-block-image size-large\"><img loading=\"lazy\" decoding=\"async\" class=\"wp-image-396399\" src=\"https:\/\/i2.wp.com\/hyetert.org\/wp-content\/uploads\/2021\/03\/3uOgNZbCWEGHbyybWAcS0Q.jpg?resize=768%2C1024&amp;ssl=1\" sizes=\"auto, (max-width: 768px) 100vw, 768px\" srcset=\"https:\/\/i2.wp.com\/hyetert.org\/wp-content\/uploads\/2021\/03\/3uOgNZbCWEGHbyybWAcS0Q.jpg?resize=768%2C1024&amp;ssl=1 768w, https:\/\/i2.wp.com\/hyetert.org\/wp-content\/uploads\/2021\/03\/3uOgNZbCWEGHbyybWAcS0Q.jpg?resize=225%2C300&amp;ssl=1 225w, https:\/\/i2.wp.com\/hyetert.org\/wp-content\/uploads\/2021\/03\/3uOgNZbCWEGHbyybWAcS0Q.jpg?w=1000&amp;ssl=1 1000w\" alt=\"\" width=\"768\" height=\"1024\" data-recalc-dims=\"1\" \/><\/figure>\n<p>D\u00fcnya An\u0131tlar Fonu\u2019nca \u2018D\u00fcnyada En Fazla Tehlike Alt\u0131nda Bulunan 100 Tarihi Eser Listesi\u2019ne al\u0131nan, serbest ha\u00e7 plan\u0131yla yap\u0131lan K\u0131z\u0131l Kilise\u2019nin bat\u0131 ha\u00e7 kollar\u0131 aras\u0131nda ba\u011flant\u0131 bulunuyor.<\/p>\n<figure class=\"wp-block-image size-large\"><img loading=\"lazy\" decoding=\"async\" class=\"wp-image-396400\" src=\"https:\/\/i2.wp.com\/hyetert.org\/wp-content\/uploads\/2021\/03\/x5rVZvl0jECfUWNFedZZPQ.jpg?resize=1000%2C750&amp;ssl=1\" sizes=\"auto, (max-width: 1000px) 100vw, 1000px\" srcset=\"https:\/\/i2.wp.com\/hyetert.org\/wp-content\/uploads\/2021\/03\/x5rVZvl0jECfUWNFedZZPQ.jpg?w=1000&amp;ssl=1 1000w, https:\/\/i2.wp.com\/hyetert.org\/wp-content\/uploads\/2021\/03\/x5rVZvl0jECfUWNFedZZPQ.jpg?resize=300%2C225&amp;ssl=1 300w, https:\/\/i2.wp.com\/hyetert.org\/wp-content\/uploads\/2021\/03\/x5rVZvl0jECfUWNFedZZPQ.jpg?resize=768%2C576&amp;ssl=1 768w\" alt=\"\" width=\"1000\" height=\"750\" data-recalc-dims=\"1\" \/><\/figure>\n<p>Ova ortas\u0131ndaki tek yap\u0131 olan tarihi kilisenin ta\u015f duvarlar\u0131, her t\u00fcrl\u00fc olumsuz ko\u015fula ra\u011fmen y\u0131k\u0131lmadan sapasa\u011flam durmas\u0131yla dikkat \u00e7ekiyor.<\/p>\n<figure class=\"wp-block-image size-large\"><img loading=\"lazy\" decoding=\"async\" class=\"wp-image-396401\" src=\"https:\/\/i2.wp.com\/hyetert.org\/wp-content\/uploads\/2021\/03\/TYRPyC-hT0OFAOmA1KxjHg.jpg?resize=1000%2C750&amp;ssl=1\" sizes=\"auto, (max-width: 1000px) 100vw, 1000px\" srcset=\"https:\/\/i2.wp.com\/hyetert.org\/wp-content\/uploads\/2021\/03\/TYRPyC-hT0OFAOmA1KxjHg.jpg?w=1000&amp;ssl=1 1000w, https:\/\/i2.wp.com\/hyetert.org\/wp-content\/uploads\/2021\/03\/TYRPyC-hT0OFAOmA1KxjHg.jpg?resize=300%2C225&amp;ssl=1 300w, https:\/\/i2.wp.com\/hyetert.org\/wp-content\/uploads\/2021\/03\/TYRPyC-hT0OFAOmA1KxjHg.jpg?resize=768%2C576&amp;ssl=1 768w\" alt=\"\" width=\"1000\" height=\"750\" data-recalc-dims=\"1\" \/><\/figure>\n<p>Kapadokya b\u00f6lgesinde \u00e7okgen \u00e7at\u0131ya sahip ve ayakta kalabilen tek kilise olarak bilinen yap\u0131, defineciler taraf\u0131ndan tahrip edildi.<\/p>\n<figure class=\"wp-block-image size-large\"><img loading=\"lazy\" decoding=\"async\" class=\"wp-image-396402\" src=\"https:\/\/i0.wp.com\/hyetert.org\/wp-content\/uploads\/2021\/03\/Ju45uUeZnk6JAiuO1o4m5g.jpg?resize=1000%2C750&amp;ssl=1\" sizes=\"auto, (max-width: 1000px) 100vw, 1000px\" srcset=\"https:\/\/i0.wp.com\/hyetert.org\/wp-content\/uploads\/2021\/03\/Ju45uUeZnk6JAiuO1o4m5g.jpg?w=1000&amp;ssl=1 1000w, https:\/\/i0.wp.com\/hyetert.org\/wp-content\/uploads\/2021\/03\/Ju45uUeZnk6JAiuO1o4m5g.jpg?resize=300%2C225&amp;ssl=1 300w, https:\/\/i0.wp.com\/hyetert.org\/wp-content\/uploads\/2021\/03\/Ju45uUeZnk6JAiuO1o4m5g.jpg?resize=768%2C576&amp;ssl=1 768w\" alt=\"\" width=\"1000\" height=\"750\" data-recalc-dims=\"1\" \/><\/figure>\n<p>Etraf\u0131n\u0131n a\u00e7\u0131k olmas\u0131 nedeniyle definecilerin u\u011frak yeri haline gelen tarihi kilisede kolonlar\u0131n hasar g\u00f6rd\u00fc\u011f\u00fc, kaz\u0131 yerlerinin olu\u015ftu\u011fu ve duvarlar\u0131na sprey boyalarla yaz\u0131lar yaz\u0131ld\u0131\u011f\u0131 g\u00f6r\u00fcld\u00fc.<\/p>\n<figure class=\"wp-block-image size-large\"><img loading=\"lazy\" decoding=\"async\" class=\"wp-image-396403\" src=\"https:\/\/i1.wp.com\/hyetert.org\/wp-content\/uploads\/2021\/03\/yFesQDbR0U-gFQ0GPPQEA.jpg?resize=1000%2C569&amp;ssl=1\" sizes=\"auto, (max-width: 1000px) 100vw, 1000px\" srcset=\"https:\/\/i1.wp.com\/hyetert.org\/wp-content\/uploads\/2021\/03\/yFesQDbR0U-gFQ0GPPQEA.jpg?w=1000&amp;ssl=1 1000w, https:\/\/i1.wp.com\/hyetert.org\/wp-content\/uploads\/2021\/03\/yFesQDbR0U-gFQ0GPPQEA.jpg?resize=300%2C171&amp;ssl=1 300w, https:\/\/i1.wp.com\/hyetert.org\/wp-content\/uploads\/2021\/03\/yFesQDbR0U-gFQ0GPPQEA.jpg?resize=768%2C437&amp;ssl=1 768w\" alt=\"\" width=\"1000\" height=\"569\" data-recalc-dims=\"1\" \/><\/figure>\n<p><em><strong><a href=\"https:\/\/www.ntv.com.tr\/galeri\/sanat\/tarihi-kizil-kilisede-defineci-tahribati,sPq8_4ZI8Ea0m6c3dGJVsw\/yFesQDbR0U--gFQ0GPPQEA\">https:\/\/www.ntv.com.tr\/galeri\/sanat\/tarihi-kizil-kilisede-defineci-tahribati,sPq8_4ZI8Ea0m6c3dGJVsw\/yFesQDbR0U\u2013gFQ0GPPQEA<\/a>\u00a0<\/strong><\/em><\/p>\n","protected":false},"excerpt":{"rendered":"<p>Aksaray\u2019da, 5\u2019inci ya da 6\u2019nc\u0131 y\u00fczy\u0131lda yap\u0131ld\u0131\u011f\u0131 tahmin edilen K\u0131z\u0131l Kilise, defineciler taraf\u0131ndan tahrip edildi. Tarihi kilise kolonlar\u0131n\u0131n hasar g\u00f6rd\u00fc\u011f\u00fc, kaz\u0131 yerlerinin olu\u015ftu\u011fu ve duvarlar\u0131na ise sprey boyalarla yaz\u0131lar yaz\u0131ld\u0131\u011f\u0131 g\u00f6r\u00fcld\u00fc. G\u00fczelyurt il\u00e7esine ba\u011fl\u0131 Sivrihisar k\u00f6y\u00fcnde, 1500 rak\u0131ml\u0131 da\u011flar\u0131n aras\u0131ndaki ovada bulunan tarihi\u00a0K\u0131z\u0131l Kilise\u2019nin, 5\u2019inci ya da 6\u2019nc\u0131 y\u00fczy\u0131lda Ortodoks mezhebi kurucular\u0131ndan\u00a0Aziz Gregorius\u00a0ad\u0131na yap\u0131ld\u0131\u011f\u0131 biliniyor. [&hellip;]<\/p>\n","protected":false},"author":7,"featured_media":62183,"comment_status":"open","ping_status":"open","sticky":false,"template":"","format":"standard","meta":{"footnotes":""},"categories":[1],"tags":[],"class_list":["post-62182","post","type-post","status-publish","format-standard","has-post-thumbnail","hentry","category-haberler"],"yoast_head":"<!-- This site is optimized with the Yoast SEO plugin v27.4 - https:\/\/yoast.com\/product\/yoast-seo-wordpress\/ -->\n<title>Tarihi K\u0131z\u0131l Kilise\u2019de defineci tahribat\u0131 - Bati Ermenistan Ve Bati Ermenileri Sorunlari Ara\u015ftirmalar Merkezi<\/title>\n<meta name=\"robots\" content=\"index, follow, max-snippet:-1, max-image-preview:large, max-video-preview:-1\" \/>\n<link rel=\"canonical\" href=\"https:\/\/akunq.net\/tr\/?p=62182\" \/>\n<meta property=\"og:locale\" content=\"en_US\" \/>\n<meta property=\"og:type\" content=\"article\" \/>\n<meta property=\"og:title\" content=\"Tarihi K\u0131z\u0131l Kilise\u2019de defineci tahribat\u0131 - Bati Ermenistan Ve Bati Ermenileri Sorunlari Ara\u015ftirmalar Merkezi\" \/>\n<meta property=\"og:description\" content=\"Aksaray\u2019da, 5\u2019inci ya da 6\u2019nc\u0131 y\u00fczy\u0131lda yap\u0131ld\u0131\u011f\u0131 tahmin edilen K\u0131z\u0131l Kilise, defineciler taraf\u0131ndan tahrip edildi. Tarihi kilise kolonlar\u0131n\u0131n hasar g\u00f6rd\u00fc\u011f\u00fc, kaz\u0131 yerlerinin olu\u015ftu\u011fu ve duvarlar\u0131na ise sprey boyalarla yaz\u0131lar yaz\u0131ld\u0131\u011f\u0131 g\u00f6r\u00fcld\u00fc. G\u00fczelyurt il\u00e7esine ba\u011fl\u0131 Sivrihisar k\u00f6y\u00fcnde, 1500 rak\u0131ml\u0131 da\u011flar\u0131n aras\u0131ndaki ovada bulunan tarihi\u00a0K\u0131z\u0131l Kilise\u2019nin, 5\u2019inci ya da 6\u2019nc\u0131 y\u00fczy\u0131lda Ortodoks mezhebi kurucular\u0131ndan\u00a0Aziz Gregorius\u00a0ad\u0131na yap\u0131ld\u0131\u011f\u0131 biliniyor. [&hellip;]\" \/>\n<meta property=\"og:url\" content=\"https:\/\/akunq.net\/tr\/?p=62182\" \/>\n<meta property=\"og:site_name\" content=\"Bati Ermenistan Ve Bati Ermenileri Sorunlari Ara\u015ftirmalar Merkezi\" \/>\n<meta property=\"article:published_time\" content=\"2021-04-01T07:01:52+00:00\" \/>\n<meta property=\"og:image\" content=\"https:\/\/akunq.net\/tr\/wp-content\/uploads\/sites\/6\/2021\/04\/Tarihi-K\u0131z\u0131l-Kilise.jpg\" \/>\n\t<meta property=\"og:image:width\" content=\"1000\" \/>\n\t<meta property=\"og:image:height\" content=\"750\" \/>\n\t<meta property=\"og:image:type\" content=\"image\/jpeg\" \/>\n<meta name=\"author\" content=\"admin\" \/>\n<meta name=\"twitter:card\" content=\"summary_large_image\" \/>\n<meta name=\"twitter:label1\" content=\"Written by\" \/>\n\t<meta name=\"twitter:data1\" content=\"admin\" \/>\n\t<meta name=\"twitter:label2\" content=\"Est. reading time\" \/>\n\t<meta name=\"twitter:data2\" content=\"1 minute\" \/>\n<script type=\"application\/ld+json\" class=\"yoast-schema-graph\">{\"@context\":\"https:\\\/\\\/schema.org\",\"@graph\":[{\"@type\":\"Article\",\"@id\":\"https:\\\/\\\/akunq.net\\\/tr\\\/?p=62182#article\",\"isPartOf\":{\"@id\":\"https:\\\/\\\/akunq.net\\\/tr\\\/?p=62182\"},\"author\":{\"name\":\"admin\",\"@id\":\"https:\\\/\\\/akunq.net\\\/tr\\\/#\\\/schema\\\/person\\\/096f1d38a12cce57fb855b485ed24c9e\"},\"headline\":\"Tarihi K\u0131z\u0131l Kilise\u2019de defineci tahribat\u0131\",\"datePublished\":\"2021-04-01T07:01:52+00:00\",\"mainEntityOfPage\":{\"@id\":\"https:\\\/\\\/akunq.net\\\/tr\\\/?p=62182\"},\"wordCount\":240,\"commentCount\":0,\"image\":{\"@id\":\"https:\\\/\\\/akunq.net\\\/tr\\\/?p=62182#primaryimage\"},\"thumbnailUrl\":\"https:\\\/\\\/akunq.net\\\/tr\\\/wp-content\\\/uploads\\\/sites\\\/6\\\/2021\\\/04\\\/Tarihi-K\u0131z\u0131l-Kilise.jpg\",\"articleSection\":[\"Haberler\"],\"inLanguage\":\"en-US\",\"potentialAction\":[{\"@type\":\"CommentAction\",\"name\":\"Comment\",\"target\":[\"https:\\\/\\\/akunq.net\\\/tr\\\/?p=62182#respond\"]}]},{\"@type\":\"WebPage\",\"@id\":\"https:\\\/\\\/akunq.net\\\/tr\\\/?p=62182\",\"url\":\"https:\\\/\\\/akunq.net\\\/tr\\\/?p=62182\",\"name\":\"Tarihi K\u0131z\u0131l Kilise\u2019de defineci tahribat\u0131 - Bati Ermenistan Ve Bati Ermenileri Sorunlari Ara\u015ftirmalar Merkezi\",\"isPartOf\":{\"@id\":\"https:\\\/\\\/akunq.net\\\/tr\\\/#website\"},\"primaryImageOfPage\":{\"@id\":\"https:\\\/\\\/akunq.net\\\/tr\\\/?p=62182#primaryimage\"},\"image\":{\"@id\":\"https:\\\/\\\/akunq.net\\\/tr\\\/?p=62182#primaryimage\"},\"thumbnailUrl\":\"https:\\\/\\\/akunq.net\\\/tr\\\/wp-content\\\/uploads\\\/sites\\\/6\\\/2021\\\/04\\\/Tarihi-K\u0131z\u0131l-Kilise.jpg\",\"datePublished\":\"2021-04-01T07:01:52+00:00\",\"author\":{\"@id\":\"https:\\\/\\\/akunq.net\\\/tr\\\/#\\\/schema\\\/person\\\/096f1d38a12cce57fb855b485ed24c9e\"},\"breadcrumb\":{\"@id\":\"https:\\\/\\\/akunq.net\\\/tr\\\/?p=62182#breadcrumb\"},\"inLanguage\":\"en-US\",\"potentialAction\":[{\"@type\":\"ReadAction\",\"target\":[\"https:\\\/\\\/akunq.net\\\/tr\\\/?p=62182\"]}]},{\"@type\":\"ImageObject\",\"inLanguage\":\"en-US\",\"@id\":\"https:\\\/\\\/akunq.net\\\/tr\\\/?p=62182#primaryimage\",\"url\":\"https:\\\/\\\/akunq.net\\\/tr\\\/wp-content\\\/uploads\\\/sites\\\/6\\\/2021\\\/04\\\/Tarihi-K\u0131z\u0131l-Kilise.jpg\",\"contentUrl\":\"https:\\\/\\\/akunq.net\\\/tr\\\/wp-content\\\/uploads\\\/sites\\\/6\\\/2021\\\/04\\\/Tarihi-K\u0131z\u0131l-Kilise.jpg\",\"width\":1000,\"height\":750},{\"@type\":\"BreadcrumbList\",\"@id\":\"https:\\\/\\\/akunq.net\\\/tr\\\/?p=62182#breadcrumb\",\"itemListElement\":[{\"@type\":\"ListItem\",\"position\":1,\"name\":\"Home\",\"item\":\"https:\\\/\\\/akunq.net\\\/tr\"},{\"@type\":\"ListItem\",\"position\":2,\"name\":\"Tarihi K\u0131z\u0131l Kilise\u2019de defineci tahribat\u0131\"}]},{\"@type\":\"WebSite\",\"@id\":\"https:\\\/\\\/akunq.net\\\/tr\\\/#website\",\"url\":\"https:\\\/\\\/akunq.net\\\/tr\\\/\",\"name\":\"Bati Ermenistan Ve Bati Ermenileri Sorunlari Ara\u015ftirmalar Merkezi\",\"description\":\"\",\"potentialAction\":[{\"@type\":\"SearchAction\",\"target\":{\"@type\":\"EntryPoint\",\"urlTemplate\":\"https:\\\/\\\/akunq.net\\\/tr\\\/?s={search_term_string}\"},\"query-input\":{\"@type\":\"PropertyValueSpecification\",\"valueRequired\":true,\"valueName\":\"search_term_string\"}}],\"inLanguage\":\"en-US\"},{\"@type\":\"Person\",\"@id\":\"https:\\\/\\\/akunq.net\\\/tr\\\/#\\\/schema\\\/person\\\/096f1d38a12cce57fb855b485ed24c9e\",\"name\":\"admin\",\"url\":\"https:\\\/\\\/akunq.net\\\/tr\\\/?author=7\"}]}<\/script>\n<!-- \/ Yoast SEO plugin. -->","yoast_head_json":{"title":"Tarihi K\u0131z\u0131l Kilise\u2019de defineci tahribat\u0131 - Bati Ermenistan Ve Bati Ermenileri Sorunlari Ara\u015ftirmalar Merkezi","robots":{"index":"index","follow":"follow","max-snippet":"max-snippet:-1","max-image-preview":"max-image-preview:large","max-video-preview":"max-video-preview:-1"},"canonical":"https:\/\/akunq.net\/tr\/?p=62182","og_locale":"en_US","og_type":"article","og_title":"Tarihi K\u0131z\u0131l Kilise\u2019de defineci tahribat\u0131 - Bati Ermenistan Ve Bati Ermenileri Sorunlari Ara\u015ftirmalar Merkezi","og_description":"Aksaray\u2019da, 5\u2019inci ya da 6\u2019nc\u0131 y\u00fczy\u0131lda yap\u0131ld\u0131\u011f\u0131 tahmin edilen K\u0131z\u0131l Kilise, defineciler taraf\u0131ndan tahrip edildi. Tarihi kilise kolonlar\u0131n\u0131n hasar g\u00f6rd\u00fc\u011f\u00fc, kaz\u0131 yerlerinin olu\u015ftu\u011fu ve duvarlar\u0131na ise sprey boyalarla yaz\u0131lar yaz\u0131ld\u0131\u011f\u0131 g\u00f6r\u00fcld\u00fc. G\u00fczelyurt il\u00e7esine ba\u011fl\u0131 Sivrihisar k\u00f6y\u00fcnde, 1500 rak\u0131ml\u0131 da\u011flar\u0131n aras\u0131ndaki ovada bulunan tarihi\u00a0K\u0131z\u0131l Kilise\u2019nin, 5\u2019inci ya da 6\u2019nc\u0131 y\u00fczy\u0131lda Ortodoks mezhebi kurucular\u0131ndan\u00a0Aziz Gregorius\u00a0ad\u0131na yap\u0131ld\u0131\u011f\u0131 biliniyor. [&hellip;]","og_url":"https:\/\/akunq.net\/tr\/?p=62182","og_site_name":"Bati Ermenistan Ve Bati Ermenileri Sorunlari Ara\u015ftirmalar Merkezi","article_published_time":"2021-04-01T07:01:52+00:00","og_image":[{"width":1000,"height":750,"url":"https:\/\/akunq.net\/tr\/wp-content\/uploads\/sites\/6\/2021\/04\/Tarihi-K\u0131z\u0131l-Kilise.jpg","type":"image\/jpeg"}],"author":"admin","twitter_card":"summary_large_image","twitter_misc":{"Written by":"admin","Est. reading time":"1 minute"},"schema":{"@context":"https:\/\/schema.org","@graph":[{"@type":"Article","@id":"https:\/\/akunq.net\/tr\/?p=62182#article","isPartOf":{"@id":"https:\/\/akunq.net\/tr\/?p=62182"},"author":{"name":"admin","@id":"https:\/\/akunq.net\/tr\/#\/schema\/person\/096f1d38a12cce57fb855b485ed24c9e"},"headline":"Tarihi K\u0131z\u0131l Kilise\u2019de defineci tahribat\u0131","datePublished":"2021-04-01T07:01:52+00:00","mainEntityOfPage":{"@id":"https:\/\/akunq.net\/tr\/?p=62182"},"wordCount":240,"commentCount":0,"image":{"@id":"https:\/\/akunq.net\/tr\/?p=62182#primaryimage"},"thumbnailUrl":"https:\/\/akunq.net\/tr\/wp-content\/uploads\/sites\/6\/2021\/04\/Tarihi-K\u0131z\u0131l-Kilise.jpg","articleSection":["Haberler"],"inLanguage":"en-US","potentialAction":[{"@type":"CommentAction","name":"Comment","target":["https:\/\/akunq.net\/tr\/?p=62182#respond"]}]},{"@type":"WebPage","@id":"https:\/\/akunq.net\/tr\/?p=62182","url":"https:\/\/akunq.net\/tr\/?p=62182","name":"Tarihi K\u0131z\u0131l Kilise\u2019de defineci tahribat\u0131 - Bati Ermenistan Ve Bati Ermenileri Sorunlari Ara\u015ftirmalar Merkezi","isPartOf":{"@id":"https:\/\/akunq.net\/tr\/#website"},"primaryImageOfPage":{"@id":"https:\/\/akunq.net\/tr\/?p=62182#primaryimage"},"image":{"@id":"https:\/\/akunq.net\/tr\/?p=62182#primaryimage"},"thumbnailUrl":"https:\/\/akunq.net\/tr\/wp-content\/uploads\/sites\/6\/2021\/04\/Tarihi-K\u0131z\u0131l-Kilise.jpg","datePublished":"2021-04-01T07:01:52+00:00","author":{"@id":"https:\/\/akunq.net\/tr\/#\/schema\/person\/096f1d38a12cce57fb855b485ed24c9e"},"breadcrumb":{"@id":"https:\/\/akunq.net\/tr\/?p=62182#breadcrumb"},"inLanguage":"en-US","potentialAction":[{"@type":"ReadAction","target":["https:\/\/akunq.net\/tr\/?p=62182"]}]},{"@type":"ImageObject","inLanguage":"en-US","@id":"https:\/\/akunq.net\/tr\/?p=62182#primaryimage","url":"https:\/\/akunq.net\/tr\/wp-content\/uploads\/sites\/6\/2021\/04\/Tarihi-K\u0131z\u0131l-Kilise.jpg","contentUrl":"https:\/\/akunq.net\/tr\/wp-content\/uploads\/sites\/6\/2021\/04\/Tarihi-K\u0131z\u0131l-Kilise.jpg","width":1000,"height":750},{"@type":"BreadcrumbList","@id":"https:\/\/akunq.net\/tr\/?p=62182#breadcrumb","itemListElement":[{"@type":"ListItem","position":1,"name":"Home","item":"https:\/\/akunq.net\/tr"},{"@type":"ListItem","position":2,"name":"Tarihi K\u0131z\u0131l Kilise\u2019de defineci tahribat\u0131"}]},{"@type":"WebSite","@id":"https:\/\/akunq.net\/tr\/#website","url":"https:\/\/akunq.net\/tr\/","name":"Bati Ermenistan Ve Bati Ermenileri Sorunlari Ara\u015ftirmalar Merkezi","description":"","potentialAction":[{"@type":"SearchAction","target":{"@type":"EntryPoint","urlTemplate":"https:\/\/akunq.net\/tr\/?s={search_term_string}"},"query-input":{"@type":"PropertyValueSpecification","valueRequired":true,"valueName":"search_term_string"}}],"inLanguage":"en-US"},{"@type":"Person","@id":"https:\/\/akunq.net\/tr\/#\/schema\/person\/096f1d38a12cce57fb855b485ed24c9e","name":"admin","url":"https:\/\/akunq.net\/tr\/?author=7"}]}},"_links":{"self":[{"href":"https:\/\/akunq.net\/tr\/index.php?rest_route=\/wp\/v2\/posts\/62182","targetHints":{"allow":["GET"]}}],"collection":[{"href":"https:\/\/akunq.net\/tr\/index.php?rest_route=\/wp\/v2\/posts"}],"about":[{"href":"https:\/\/akunq.net\/tr\/index.php?rest_route=\/wp\/v2\/types\/post"}],"author":[{"embeddable":true,"href":"https:\/\/akunq.net\/tr\/index.php?rest_route=\/wp\/v2\/users\/7"}],"replies":[{"embeddable":true,"href":"https:\/\/akunq.net\/tr\/index.php?rest_route=%2Fwp%2Fv2%2Fcomments&post=62182"}],"version-history":[{"count":1,"href":"https:\/\/akunq.net\/tr\/index.php?rest_route=\/wp\/v2\/posts\/62182\/revisions"}],"predecessor-version":[{"id":62184,"href":"https:\/\/akunq.net\/tr\/index.php?rest_route=\/wp\/v2\/posts\/62182\/revisions\/62184"}],"wp:featuredmedia":[{"embeddable":true,"href":"https:\/\/akunq.net\/tr\/index.php?rest_route=\/wp\/v2\/media\/62183"}],"wp:attachment":[{"href":"https:\/\/akunq.net\/tr\/index.php?rest_route=%2Fwp%2Fv2%2Fmedia&parent=62182"}],"wp:term":[{"taxonomy":"category","embeddable":true,"href":"https:\/\/akunq.net\/tr\/index.php?rest_route=%2Fwp%2Fv2%2Fcategories&post=62182"},{"taxonomy":"post_tag","embeddable":true,"href":"https:\/\/akunq.net\/tr\/index.php?rest_route=%2Fwp%2Fv2%2Ftags&post=62182"}],"curies":[{"name":"wp","href":"https:\/\/api.w.org\/{rel}","templated":true}]}}