{"id":62179,"date":"2021-04-01T01:42:22","date_gmt":"2021-04-01T06:42:22","guid":{"rendered":"https:\/\/akunq.net\/tr\/?p=62179"},"modified":"2021-04-01T01:42:22","modified_gmt":"2021-04-01T06:42:22","slug":"dink-karari-rahip-santoro-dosyasini-da-acacak","status":"publish","type":"post","link":"https:\/\/akunq.net\/tr\/?p=62179","title":{"rendered":"Dink karar\u0131 Rahip Santoro dosyas\u0131n\u0131 da a\u00e7acak"},"content":{"rendered":"<p><img loading=\"lazy\" decoding=\"async\" class=\"aligncenter size-medium wp-image-62180\" src=\"https:\/\/akunq.net\/tr\/wp-content\/uploads\/2021\/04\/Nedim-\u015eener-360x203.jpg\" alt=\"\" width=\"360\" height=\"203\" srcset=\"https:\/\/akunq.net\/tr\/wp-content\/uploads\/sites\/6\/2021\/04\/Nedim-\u015eener-360x203.jpg 360w, https:\/\/akunq.net\/tr\/wp-content\/uploads\/sites\/6\/2021\/04\/Nedim-\u015eener-560x315.jpg 560w, https:\/\/akunq.net\/tr\/wp-content\/uploads\/sites\/6\/2021\/04\/Nedim-\u015eener-260x146.jpg 260w, https:\/\/akunq.net\/tr\/wp-content\/uploads\/sites\/6\/2021\/04\/Nedim-\u015eener-160x90.jpg 160w, https:\/\/akunq.net\/tr\/wp-content\/uploads\/sites\/6\/2021\/04\/Nedim-\u015eener.jpg 750w\" sizes=\"auto, (max-width: 360px) 100vw, 360px\" \/><\/p>\n<p><strong>Nedim \u015eener<\/strong><\/p>\n<p><em><strong>1. A\u011f\u0131r Ceza Mahkemesi, Hrant Dink cinayetinde; Trabzon merkezli faaliyet g\u00f6steren organize su\u00e7 \u00f6rg\u00fct\u00fc lideri \u015eeniz Dervi\u015fo\u011flu hakk\u0131nda su\u00e7 duyurusunda bulunulmas\u0131na karar verdi. Belki dikkatlerden ka\u00e7t\u0131 ama Dervi\u015fo\u011flu, kitaplar\u0131mda Dink cinayeti ile Rahip Santoro cinayeti aras\u0131ndaki en \u00f6nemli ba\u011flant\u0131lardan birisi olarak yazd\u0131\u011f\u0131m ki\u015fidir.<\/strong><\/em><\/p>\n<p><strong>S\u0130L\u0130VR\u0130\u2019YE MEKTUP G\u00d6NDERD\u0130<\/strong><\/p>\n<p>2011 y\u0131l\u0131nda tutukland\u0131\u011f\u0131mda Silivri\u2019ye faks yoluyla mesaj g\u00f6nderenlerden birisi de \u015eeniz Dervi\u015fo\u011flu isimli organize su\u00e7 \u00f6rg\u00fct\u00fc lideriydi.<\/p>\n<p>2010 y\u0131l\u0131nda kaleme ald\u0131\u011f\u0131m, \u201cK\u0131rm\u0131z\u0131 Cuma \u2013 Do\u011fan Kitap\u201d kitab\u0131mda; Trabzon merkezli faaliyet g\u00f6steren Dervi\u015fo\u011flu grubunun, FET\u00d6\u2019c\u00fc istihbarat\u00e7\u0131lar\u0131n g\u00f6zetiminde 5 \u015eubat 2006 tarihinde i\u015flenen Rahip Santoro cinayetiyle, 19 Ocak 2007 g\u00fcn\u00fc i\u015flenen Hrant Dink cinayeti aras\u0131ndaki en \u00f6nemli ba\u011flant\u0131 oldu\u011funu delilleriyle yazm\u0131\u015ft\u0131m.<\/p>\n<p>Dervi\u015fo\u011flu da tutuklu oldu\u011fu cezaevinden bana g\u00f6nderdi\u011fi faksta, kitab\u0131mda kendisini su\u00e7lad\u0131\u011f\u0131m\u0131 ama bug\u00fcn benim ter\u00f6r \u00f6rg\u00fct\u00fc \u00fcyesi olarak tutukland\u0131\u011f\u0131m\u0131 hat\u0131rlatarak akl\u0131 s\u0131ra kinaye yap\u0131yordu.<\/p>\n<p>Dink karar\u0131 Rahip Santoro dosyas\u0131n\u0131 da a\u00e7acak<\/p>\n<p>\u201cDink cinayeti ve \u0130stihbarat Yalanlar\u0131\u201d kitab\u0131n\u0131 yazal\u0131 13 y\u0131l, \u201cK\u0131rm\u0131z\u0131 Cuma\u201d kitab\u0131n\u0131 yazal\u0131 11 y\u0131l ge\u00e7ti. \u0130stanbul 14. A\u011f\u0131r Ceza Mahkemesi, 26 Mart g\u00fcn\u00fc, benim y\u0131llar \u00f6nce yazd\u0131\u011f\u0131m gibi Dink cinayeti arkas\u0131nda devletin en \u00fcst d\u00fczeyinde g\u00f6rev yapan istihbarat\u00e7\u0131lar ve di\u011fer devlet g\u00f6revlileri ile FET\u00d6\u2019c\u00fc gazeteciler oldu\u011funu karara ba\u011flad\u0131. FET\u00d6 \u00fcyesi istihbarat\u00e7\u0131lar; Dink cinayetine, \u00f6rg\u00fct\u00fcn ama\u00e7 ve hedefleri do\u011frultusunda y\u00f6n vermi\u015flerdi. O ama\u00e7 ise Hrant Dink \u00f6ld\u00fcr\u00fcld\u00fckten alt\u0131 ay sonra ba\u015flatacaklar\u0131 Ergenekon kumpas\u0131yd\u0131.<\/p>\n<p><strong>SANTORO\u2019NIN \u00d6LD\u00dcR\u00dcLMES\u0130, D\u0130NK C\u0130NAYET\u0130N\u0130N PROVASIDIR<\/strong><\/p>\n<p>2010 y\u0131l\u0131nda kaleme ald\u0131\u011f\u0131m \u201cK\u0131rm\u0131z\u0131 Cuma\u201d kitab\u0131mda, FET\u00d6\u2019c\u00fc istihbarat\u00e7\u0131lar\u0131n Ergenekon operasyonlar\u0131n\u0131 ba\u015flatmak i\u00e7in rol oynad\u0131klar\u0131 ilk eylemin 5 \u015eubat 2006 tarihinde Trabzon\u2019da i\u015flenen Rahip Santoro cinayeti oldu\u011funu ve iki cinayet olay\u0131 aras\u0131nda maddi deliller bulundu\u011funu yazm\u0131\u015ft\u0131m.<\/p>\n<p>Hatta, \u201cRahip Santoro cinayeti Hrant Dink cinayetinin provas\u0131d\u0131r\u201d demi\u015ftim.<\/p>\n<p><strong>\u0130K\u0130 C\u0130NAYET\u0130N BA\u011eLANTILARI<\/strong><\/p>\n<p>Rahip Santoro \u00f6ld\u00fcr\u00fcld\u00fc\u011f\u00fcnde Trabzon Emniyet M\u00fcd\u00fcr\u00fc FET\u00d6\u2019c\u00fc istihbarat\u00e7\u0131 Ramazan Aky\u00fcrek\u2019ti. Ramazan Aky\u00fcrek, Hrant Dink cinayetinde azmettirici olan Erhan Tuncel\u2019i de 2004 y\u0131l\u0131nda Yard\u0131mc\u0131 \u0130stihbarat Eleman\u0131 yapan ki\u015fiydi. Hrant Dink\u2019in \u00f6ld\u00fcr\u00fclmesi planlar\u0131n\u0131n yap\u0131ld\u0131\u011f\u0131 d\u00f6nemde Trabzon Emniyet M\u00fcd\u00fcr\u00fc olan Aky\u00fcrek, cinayetin i\u015flendi\u011fi 19 Ocak 2007 g\u00fcn\u00fc de Ankara\u2019da \u0130stihbarat Daire Ba\u015fkan\u0131 koltu\u011fundayd\u0131. T\u00fcm bunlar ya\u015fan\u0131rken, hem Rahip Santoro hem de Dink\u2019i takip eden \u0130stihbarat C \u015eube M\u00fcd\u00fcr\u00fc olan ki\u015fi ise daha 2007 y\u0131l\u0131nda ba\u015flayacak olan Ergenekon, daha sonra Balyoz, Casusluk, Amirallere suikast, 7 \u015eubat M\u0130T M\u00fcste\u015far\u0131\u2019n\u0131n tutuklanma giri\u015fimi, 17\/25 Aral\u0131k operasyonlar\u0131, Selam Tevhit kumpas\u0131 gibi t\u00fcm operasyonlar\u0131 y\u00f6neten FET\u00d6\u2019c\u00fc Ali Fuat Y\u0131lmazer\u2019di. Elbette arkalar\u0131nda FET\u00d6\u2019n\u00fcn t\u00fcm istihbarat\u00e7\u0131lar\u0131 da vard\u0131.<\/p>\n<p>Trabzon\u2019da ger\u00e7ekle\u015fen cinayette Rahip Santoro\u2019yu vurdu\u011fu s\u00f6ylenen tetik\u00e7i O\u011fuzhan Akdin 15 ya\u015f\u0131ndayd\u0131. Trabzon\u2019da planlanan \u0130stanbul\u2019da ger\u00e7ekle\u015fen Dink cinayetini i\u015fleyen Og\u00fcn Samast da 17 ya\u015f\u0131ndayd\u0131. Rahip Santoro, daha \u00f6nce de sald\u0131r\u0131ya u\u011fram\u0131\u015f, durum Trabzon Emniyeti\u2019ne bildirilmi\u015fti. Santoro \u00f6ld\u00fcr\u00fcld\u00fc\u011f\u00fcnde, telefonlar\u0131 Trabzon Emniyet\u2019i taraf\u0131ndan dinleniyordu. Yani FET\u00d6\u2019n\u00fcn elindeki Emniyet\u2019in g\u00f6zetimde \u00f6ld\u00fcr\u00fclm\u00fc\u015ft\u00fc, t\u0131pk\u0131 Dink gibi.<\/p>\n<p>Santoro\u2019yu vurdu\u011fu s\u00f6ylenen 15 ya\u015f\u0131ndaki Akdin, hayat\u0131 boyunca oyuncak tabanca ile dahi oynamam\u0131\u015f, i\u00e7ine kapan\u0131k bir ki\u015fi olmas\u0131na ra\u011fmen, evde buldu\u011fu Glock marka tabanca ile Rahip Santoro\u2019ya \u00fc\u00e7 el ate\u015f etmi\u015fti.<\/p>\n<p>Hayat\u0131nda tabanca g\u00f6rmemi\u015f, oyuncak tabancas\u0131 bile olmam\u0131\u015f 15 ya\u015f\u0131ndaki bir \u00e7ocuk Glock marka bir tabanca ile yapt\u0131\u011f\u0131 \u00fc\u00e7 el at\u0131\u015ftan ikisini metrelerce uzaktaki Rahip Santoro\u2019ya isabet ettirerek \u00f6ld\u00fcrm\u00fc\u015ft\u00fc.<\/p>\n<p><strong>RAH\u0130B\u0130 VURAN MAFYANIN S\u0130LAHI<\/strong><\/p>\n<p>T\u00fcm soru\u015fturma boyunca \u201cBen vurdum\u201d d\u0131\u015f\u0131nda s\u00f6z etmeyen, yarg\u0131lama boyunca da susma hakk\u0131n\u0131 kullanan O\u011fuzhan Akdin, cinayet tarihinde 18 ya\u015f\u0131ndan k\u00fc\u00e7\u00fck oldu\u011fu i\u00e7in 18 y\u0131l ceza ald\u0131, 10 y\u0131l yat\u0131p 2016\u2019da tahliye oldu.<\/p>\n<p>Peki, O\u011fuzhan Akdin silah\u0131 nereden bulmu\u015ftu?<\/p>\n<p>Silah, 28 Ocak 2006 ak\u015fam\u0131 O\u011fuzhan Akdin\u2019in, olay tarihinde 31 ya\u015f\u0131nda olan abisi Alpaslan Akdin taraf\u0131ndan eve getirilmi\u015f, yataklar\u0131n aras\u0131na konmu\u015ftu. A\u011fabey Akdin silah\u0131 neden ald\u0131 peki? Yaz\u0131m\u0131n giri\u015finde bahsetti\u011fim \u015eeniz Dervi\u015fo\u011flu\u2019nun adamlar\u0131ndan \u201cSar\u0131 Osman\u201d lakapl\u0131 Osman K\u00f6se\u2019den.<\/p>\n<p>28 Ocak 2006 g\u00fcn\u00fc Trabzon\u2019da Ye\u015filyurt Restaurant\u2019ta ya\u015fanan ve adam \u00f6ld\u00fcrmeyle sonu\u00e7lanan olay sonras\u0131 Osman K\u00f6se, silah\u0131 saklamas\u0131 i\u00e7in Alpaslan Akdin\u2019e vermi\u015fti. \u0130ddiaya g\u00f6re 15 ya\u015f\u0131ndaki O\u011fuzhan Akdin de silah\u0131 bulup Rahip Santoro\u2019yu vurmu\u015ftu. Alpaslan Akdin bir ba\u015fka ifadesinde ise silah\u0131 Irak\u2019tan gelen bir kamyon \u015fof\u00f6r\u00fcnden ald\u0131\u011f\u0131n\u0131 s\u00f6yledi.<\/p>\n<p><strong>AYNI MAFYA SAMAST\u2019I DA \u00d6LD\u00dcRECEKT\u0130<\/strong><\/p>\n<p>T\u00fcm bunlar\u0131n, Hrant Dink cinayetiyle ilgisi ne diye sordu\u011funuzu biliyorum.<\/p>\n<p>Cevap vereyim, kendi anlatt\u0131\u011f\u0131 plana g\u00f6re kolayca tan\u0131nmas\u0131n\u0131 sa\u011flayacak beyaz beresi ba\u015f\u0131nda olan Og\u00fcn Samast, Hrant Dink\u2019i \u00f6ld\u00fcrd\u00fckten sonra ka\u00e7mayacak, yan\u0131nda getirdi\u011fi T\u00fcrk bayra\u011f\u0131n\u0131 a\u00e7arak t\u00fcm d\u00fcnyaya bu cinayetin \u201cmilliyet\u00e7iler\u201d taraf\u0131ndan i\u015flendi\u011fini duyuracakt\u0131.<\/p>\n<p>Ancak pani\u011fe kap\u0131ld\u0131 ve ka\u00e7t\u0131. Ertesi g\u00fcn Trabzon\u2019a gitmek i\u00e7in otob\u00fcs bileti ald\u0131\u011f\u0131 ortaya \u00e7\u0131kt\u0131 ve ak\u015fam saatlerinde Samsun Otogar\u0131\u2019nda yakaland\u0131. Og\u00fcn Samast, \u00f6nce Ba\u015fbakanl\u0131k M\u00fcfetti\u015fleri\u2019ne, \u201c\u0130yi ki de yakaland\u0131m\u201d der, gerek\u00e7esini savc\u0131l\u0131kta, \u201cyoksa beni \u00f6ld\u00fcreceklerdi\u201d diye a\u00e7\u0131klar.<\/p>\n<p>Og\u00fcn Samast\u2019\u0131n, \u201cBeni \u00f6ld\u00fcreceklerdi\u201d dedi\u011fi ki\u015fi, onun Trabzon\u2019a gelmek \u00fczere otob\u00fcse bindi\u011fini bilen, Samsun\u2019dan almak i\u00e7in yola \u00e7\u0131kan ancak yakaland\u0131ktan sonra eli bo\u015f \u015fehre d\u00f6nen \u015eeniz Dervi\u015fo\u011flu\u2019nun adamlar\u0131ndan G\u00f6khan Ku\u015f\u00e7u\u2019dur. Ku\u015f\u00e7u, 20 Ocak 2007 ak\u015fam\u0131 saat 21:20\u2019de Oktay Da\u015ftan isimli polis memuru ile yapt\u0131\u011f\u0131 ve dinlemeye tak\u0131lan telefon konu\u015fmas\u0131nda, \u015fehir d\u0131\u015f\u0131na \u00e7\u0131kt\u0131\u011f\u0131n\u0131, 21 Ocak 2007\u2019de 18:46\u2019da Og\u00fcn Samast yakaland\u0131\u011f\u0131 i\u00e7in Trabzon\u2019a geri d\u00f6nd\u00fcklerini s\u00f6ylemi\u015fti. G\u00f6khan Ku\u015f\u00e7u, polis memuru Oktay Da\u015ftan\u2019a telefonda, \u201cO pi\u00e7 Samsun\u2019da yakaland\u0131, geri d\u00f6nd\u00fck, sana demedim ama, o o\u011flan\u0131n iyi durumu yok idi.\u201d diyordu.<\/p>\n<p>\u0130\u015fte, 14. A\u011f\u0131r Ceza Mahkemesi\u2019nin karar\u0131 belki de Santoro ailesinin bile \u201cm\u00fc\u015fteki\u201d olmad\u0131\u011f\u0131 Rahip Santoro cinayeti dosyas\u0131n\u0131n da a\u00e7\u0131lmas\u0131n\u0131 sa\u011flayacakt\u0131r.<\/p>\n<hr \/>\n<p><strong><em><a href=\"https:\/\/www.hurriyet.com.tr\/yazarlar\/nedim-sener\/dink-karari-rahip-santoro-dosyasini-da-acacak-41776063\" target=\"_blank\" rel=\"noopener noreferrer\">H\u00fcrriyet Gazetesi<\/a>\u00a0<\/em><\/strong><\/p>\n","protected":false},"excerpt":{"rendered":"<p>Nedim \u015eener 1. A\u011f\u0131r Ceza Mahkemesi, Hrant Dink cinayetinde; Trabzon merkezli faaliyet g\u00f6steren organize su\u00e7 \u00f6rg\u00fct\u00fc lideri \u015eeniz Dervi\u015fo\u011flu hakk\u0131nda su\u00e7 duyurusunda bulunulmas\u0131na karar verdi. Belki dikkatlerden ka\u00e7t\u0131 ama Dervi\u015fo\u011flu, kitaplar\u0131mda Dink cinayeti ile Rahip Santoro cinayeti aras\u0131ndaki en \u00f6nemli ba\u011flant\u0131lardan birisi olarak yazd\u0131\u011f\u0131m ki\u015fidir. S\u0130L\u0130VR\u0130\u2019YE MEKTUP G\u00d6NDERD\u0130 2011 y\u0131l\u0131nda tutukland\u0131\u011f\u0131mda Silivri\u2019ye faks yoluyla mesaj [&hellip;]<\/p>\n","protected":false},"author":7,"featured_media":62180,"comment_status":"open","ping_status":"open","sticky":false,"template":"","format":"standard","meta":{"footnotes":""},"categories":[1,70],"tags":[],"class_list":["post-62179","post","type-post","status-publish","format-standard","has-post-thumbnail","hentry","category-haberler","category-makaleler"],"yoast_head":"<!-- This site is optimized with the Yoast SEO plugin v27.4 - https:\/\/yoast.com\/product\/yoast-seo-wordpress\/ -->\n<title>Dink karar\u0131 Rahip Santoro dosyas\u0131n\u0131 da a\u00e7acak - Bati Ermenistan Ve Bati Ermenileri Sorunlari Ara\u015ftirmalar Merkezi<\/title>\n<meta name=\"robots\" content=\"index, follow, max-snippet:-1, max-image-preview:large, max-video-preview:-1\" \/>\n<link rel=\"canonical\" href=\"https:\/\/akunq.net\/tr\/?p=62179\" \/>\n<meta property=\"og:locale\" content=\"en_US\" \/>\n<meta property=\"og:type\" content=\"article\" \/>\n<meta property=\"og:title\" content=\"Dink karar\u0131 Rahip Santoro dosyas\u0131n\u0131 da a\u00e7acak - Bati Ermenistan Ve Bati Ermenileri Sorunlari Ara\u015ftirmalar Merkezi\" \/>\n<meta property=\"og:description\" content=\"Nedim \u015eener 1. A\u011f\u0131r Ceza Mahkemesi, Hrant Dink cinayetinde; Trabzon merkezli faaliyet g\u00f6steren organize su\u00e7 \u00f6rg\u00fct\u00fc lideri \u015eeniz Dervi\u015fo\u011flu hakk\u0131nda su\u00e7 duyurusunda bulunulmas\u0131na karar verdi. Belki dikkatlerden ka\u00e7t\u0131 ama Dervi\u015fo\u011flu, kitaplar\u0131mda Dink cinayeti ile Rahip Santoro cinayeti aras\u0131ndaki en \u00f6nemli ba\u011flant\u0131lardan birisi olarak yazd\u0131\u011f\u0131m ki\u015fidir. S\u0130L\u0130VR\u0130\u2019YE MEKTUP G\u00d6NDERD\u0130 2011 y\u0131l\u0131nda tutukland\u0131\u011f\u0131mda Silivri\u2019ye faks yoluyla mesaj [&hellip;]\" \/>\n<meta property=\"og:url\" content=\"https:\/\/akunq.net\/tr\/?p=62179\" \/>\n<meta property=\"og:site_name\" content=\"Bati Ermenistan Ve Bati Ermenileri Sorunlari Ara\u015ftirmalar Merkezi\" \/>\n<meta property=\"article:published_time\" content=\"2021-04-01T06:42:22+00:00\" \/>\n<meta property=\"og:image\" content=\"https:\/\/akunq.net\/tr\/wp-content\/uploads\/sites\/6\/2021\/04\/Nedim-\u015eener.jpg\" \/>\n\t<meta property=\"og:image:width\" content=\"750\" \/>\n\t<meta property=\"og:image:height\" content=\"422\" \/>\n\t<meta property=\"og:image:type\" content=\"image\/jpeg\" \/>\n<meta name=\"author\" content=\"admin\" \/>\n<meta name=\"twitter:card\" content=\"summary_large_image\" \/>\n<meta name=\"twitter:label1\" content=\"Written by\" \/>\n\t<meta name=\"twitter:data1\" content=\"admin\" \/>\n\t<meta name=\"twitter:label2\" content=\"Est. reading time\" \/>\n\t<meta name=\"twitter:data2\" content=\"6 minutes\" \/>\n<script type=\"application\/ld+json\" class=\"yoast-schema-graph\">{\"@context\":\"https:\\\/\\\/schema.org\",\"@graph\":[{\"@type\":\"Article\",\"@id\":\"https:\\\/\\\/akunq.net\\\/tr\\\/?p=62179#article\",\"isPartOf\":{\"@id\":\"https:\\\/\\\/akunq.net\\\/tr\\\/?p=62179\"},\"author\":{\"name\":\"admin\",\"@id\":\"https:\\\/\\\/akunq.net\\\/tr\\\/#\\\/schema\\\/person\\\/096f1d38a12cce57fb855b485ed24c9e\"},\"headline\":\"Dink karar\u0131 Rahip Santoro dosyas\u0131n\u0131 da a\u00e7acak\",\"datePublished\":\"2021-04-01T06:42:22+00:00\",\"mainEntityOfPage\":{\"@id\":\"https:\\\/\\\/akunq.net\\\/tr\\\/?p=62179\"},\"wordCount\":1174,\"commentCount\":0,\"image\":{\"@id\":\"https:\\\/\\\/akunq.net\\\/tr\\\/?p=62179#primaryimage\"},\"thumbnailUrl\":\"https:\\\/\\\/akunq.net\\\/tr\\\/wp-content\\\/uploads\\\/sites\\\/6\\\/2021\\\/04\\\/Nedim-\u015eener.jpg\",\"articleSection\":[\"Haberler\",\"Makaleler\"],\"inLanguage\":\"en-US\",\"potentialAction\":[{\"@type\":\"CommentAction\",\"name\":\"Comment\",\"target\":[\"https:\\\/\\\/akunq.net\\\/tr\\\/?p=62179#respond\"]}]},{\"@type\":\"WebPage\",\"@id\":\"https:\\\/\\\/akunq.net\\\/tr\\\/?p=62179\",\"url\":\"https:\\\/\\\/akunq.net\\\/tr\\\/?p=62179\",\"name\":\"Dink karar\u0131 Rahip Santoro dosyas\u0131n\u0131 da a\u00e7acak - Bati Ermenistan Ve Bati Ermenileri Sorunlari Ara\u015ftirmalar Merkezi\",\"isPartOf\":{\"@id\":\"https:\\\/\\\/akunq.net\\\/tr\\\/#website\"},\"primaryImageOfPage\":{\"@id\":\"https:\\\/\\\/akunq.net\\\/tr\\\/?p=62179#primaryimage\"},\"image\":{\"@id\":\"https:\\\/\\\/akunq.net\\\/tr\\\/?p=62179#primaryimage\"},\"thumbnailUrl\":\"https:\\\/\\\/akunq.net\\\/tr\\\/wp-content\\\/uploads\\\/sites\\\/6\\\/2021\\\/04\\\/Nedim-\u015eener.jpg\",\"datePublished\":\"2021-04-01T06:42:22+00:00\",\"author\":{\"@id\":\"https:\\\/\\\/akunq.net\\\/tr\\\/#\\\/schema\\\/person\\\/096f1d38a12cce57fb855b485ed24c9e\"},\"breadcrumb\":{\"@id\":\"https:\\\/\\\/akunq.net\\\/tr\\\/?p=62179#breadcrumb\"},\"inLanguage\":\"en-US\",\"potentialAction\":[{\"@type\":\"ReadAction\",\"target\":[\"https:\\\/\\\/akunq.net\\\/tr\\\/?p=62179\"]}]},{\"@type\":\"ImageObject\",\"inLanguage\":\"en-US\",\"@id\":\"https:\\\/\\\/akunq.net\\\/tr\\\/?p=62179#primaryimage\",\"url\":\"https:\\\/\\\/akunq.net\\\/tr\\\/wp-content\\\/uploads\\\/sites\\\/6\\\/2021\\\/04\\\/Nedim-\u015eener.jpg\",\"contentUrl\":\"https:\\\/\\\/akunq.net\\\/tr\\\/wp-content\\\/uploads\\\/sites\\\/6\\\/2021\\\/04\\\/Nedim-\u015eener.jpg\",\"width\":750,\"height\":422},{\"@type\":\"BreadcrumbList\",\"@id\":\"https:\\\/\\\/akunq.net\\\/tr\\\/?p=62179#breadcrumb\",\"itemListElement\":[{\"@type\":\"ListItem\",\"position\":1,\"name\":\"Home\",\"item\":\"https:\\\/\\\/akunq.net\\\/tr\"},{\"@type\":\"ListItem\",\"position\":2,\"name\":\"Dink karar\u0131 Rahip Santoro dosyas\u0131n\u0131 da a\u00e7acak\"}]},{\"@type\":\"WebSite\",\"@id\":\"https:\\\/\\\/akunq.net\\\/tr\\\/#website\",\"url\":\"https:\\\/\\\/akunq.net\\\/tr\\\/\",\"name\":\"Bati Ermenistan Ve Bati Ermenileri Sorunlari Ara\u015ftirmalar Merkezi\",\"description\":\"\",\"potentialAction\":[{\"@type\":\"SearchAction\",\"target\":{\"@type\":\"EntryPoint\",\"urlTemplate\":\"https:\\\/\\\/akunq.net\\\/tr\\\/?s={search_term_string}\"},\"query-input\":{\"@type\":\"PropertyValueSpecification\",\"valueRequired\":true,\"valueName\":\"search_term_string\"}}],\"inLanguage\":\"en-US\"},{\"@type\":\"Person\",\"@id\":\"https:\\\/\\\/akunq.net\\\/tr\\\/#\\\/schema\\\/person\\\/096f1d38a12cce57fb855b485ed24c9e\",\"name\":\"admin\",\"url\":\"https:\\\/\\\/akunq.net\\\/tr\\\/?author=7\"}]}<\/script>\n<!-- \/ Yoast SEO plugin. -->","yoast_head_json":{"title":"Dink karar\u0131 Rahip Santoro dosyas\u0131n\u0131 da a\u00e7acak - Bati Ermenistan Ve Bati Ermenileri Sorunlari Ara\u015ftirmalar Merkezi","robots":{"index":"index","follow":"follow","max-snippet":"max-snippet:-1","max-image-preview":"max-image-preview:large","max-video-preview":"max-video-preview:-1"},"canonical":"https:\/\/akunq.net\/tr\/?p=62179","og_locale":"en_US","og_type":"article","og_title":"Dink karar\u0131 Rahip Santoro dosyas\u0131n\u0131 da a\u00e7acak - Bati Ermenistan Ve Bati Ermenileri Sorunlari Ara\u015ftirmalar Merkezi","og_description":"Nedim \u015eener 1. A\u011f\u0131r Ceza Mahkemesi, Hrant Dink cinayetinde; Trabzon merkezli faaliyet g\u00f6steren organize su\u00e7 \u00f6rg\u00fct\u00fc lideri \u015eeniz Dervi\u015fo\u011flu hakk\u0131nda su\u00e7 duyurusunda bulunulmas\u0131na karar verdi. Belki dikkatlerden ka\u00e7t\u0131 ama Dervi\u015fo\u011flu, kitaplar\u0131mda Dink cinayeti ile Rahip Santoro cinayeti aras\u0131ndaki en \u00f6nemli ba\u011flant\u0131lardan birisi olarak yazd\u0131\u011f\u0131m ki\u015fidir. S\u0130L\u0130VR\u0130\u2019YE MEKTUP G\u00d6NDERD\u0130 2011 y\u0131l\u0131nda tutukland\u0131\u011f\u0131mda Silivri\u2019ye faks yoluyla mesaj [&hellip;]","og_url":"https:\/\/akunq.net\/tr\/?p=62179","og_site_name":"Bati Ermenistan Ve Bati Ermenileri Sorunlari Ara\u015ftirmalar Merkezi","article_published_time":"2021-04-01T06:42:22+00:00","og_image":[{"width":750,"height":422,"url":"https:\/\/akunq.net\/tr\/wp-content\/uploads\/sites\/6\/2021\/04\/Nedim-\u015eener.jpg","type":"image\/jpeg"}],"author":"admin","twitter_card":"summary_large_image","twitter_misc":{"Written by":"admin","Est. reading time":"6 minutes"},"schema":{"@context":"https:\/\/schema.org","@graph":[{"@type":"Article","@id":"https:\/\/akunq.net\/tr\/?p=62179#article","isPartOf":{"@id":"https:\/\/akunq.net\/tr\/?p=62179"},"author":{"name":"admin","@id":"https:\/\/akunq.net\/tr\/#\/schema\/person\/096f1d38a12cce57fb855b485ed24c9e"},"headline":"Dink karar\u0131 Rahip Santoro dosyas\u0131n\u0131 da a\u00e7acak","datePublished":"2021-04-01T06:42:22+00:00","mainEntityOfPage":{"@id":"https:\/\/akunq.net\/tr\/?p=62179"},"wordCount":1174,"commentCount":0,"image":{"@id":"https:\/\/akunq.net\/tr\/?p=62179#primaryimage"},"thumbnailUrl":"https:\/\/akunq.net\/tr\/wp-content\/uploads\/sites\/6\/2021\/04\/Nedim-\u015eener.jpg","articleSection":["Haberler","Makaleler"],"inLanguage":"en-US","potentialAction":[{"@type":"CommentAction","name":"Comment","target":["https:\/\/akunq.net\/tr\/?p=62179#respond"]}]},{"@type":"WebPage","@id":"https:\/\/akunq.net\/tr\/?p=62179","url":"https:\/\/akunq.net\/tr\/?p=62179","name":"Dink karar\u0131 Rahip Santoro dosyas\u0131n\u0131 da a\u00e7acak - Bati Ermenistan Ve Bati Ermenileri Sorunlari Ara\u015ftirmalar Merkezi","isPartOf":{"@id":"https:\/\/akunq.net\/tr\/#website"},"primaryImageOfPage":{"@id":"https:\/\/akunq.net\/tr\/?p=62179#primaryimage"},"image":{"@id":"https:\/\/akunq.net\/tr\/?p=62179#primaryimage"},"thumbnailUrl":"https:\/\/akunq.net\/tr\/wp-content\/uploads\/sites\/6\/2021\/04\/Nedim-\u015eener.jpg","datePublished":"2021-04-01T06:42:22+00:00","author":{"@id":"https:\/\/akunq.net\/tr\/#\/schema\/person\/096f1d38a12cce57fb855b485ed24c9e"},"breadcrumb":{"@id":"https:\/\/akunq.net\/tr\/?p=62179#breadcrumb"},"inLanguage":"en-US","potentialAction":[{"@type":"ReadAction","target":["https:\/\/akunq.net\/tr\/?p=62179"]}]},{"@type":"ImageObject","inLanguage":"en-US","@id":"https:\/\/akunq.net\/tr\/?p=62179#primaryimage","url":"https:\/\/akunq.net\/tr\/wp-content\/uploads\/sites\/6\/2021\/04\/Nedim-\u015eener.jpg","contentUrl":"https:\/\/akunq.net\/tr\/wp-content\/uploads\/sites\/6\/2021\/04\/Nedim-\u015eener.jpg","width":750,"height":422},{"@type":"BreadcrumbList","@id":"https:\/\/akunq.net\/tr\/?p=62179#breadcrumb","itemListElement":[{"@type":"ListItem","position":1,"name":"Home","item":"https:\/\/akunq.net\/tr"},{"@type":"ListItem","position":2,"name":"Dink karar\u0131 Rahip Santoro dosyas\u0131n\u0131 da a\u00e7acak"}]},{"@type":"WebSite","@id":"https:\/\/akunq.net\/tr\/#website","url":"https:\/\/akunq.net\/tr\/","name":"Bati Ermenistan Ve Bati Ermenileri Sorunlari Ara\u015ftirmalar Merkezi","description":"","potentialAction":[{"@type":"SearchAction","target":{"@type":"EntryPoint","urlTemplate":"https:\/\/akunq.net\/tr\/?s={search_term_string}"},"query-input":{"@type":"PropertyValueSpecification","valueRequired":true,"valueName":"search_term_string"}}],"inLanguage":"en-US"},{"@type":"Person","@id":"https:\/\/akunq.net\/tr\/#\/schema\/person\/096f1d38a12cce57fb855b485ed24c9e","name":"admin","url":"https:\/\/akunq.net\/tr\/?author=7"}]}},"_links":{"self":[{"href":"https:\/\/akunq.net\/tr\/index.php?rest_route=\/wp\/v2\/posts\/62179","targetHints":{"allow":["GET"]}}],"collection":[{"href":"https:\/\/akunq.net\/tr\/index.php?rest_route=\/wp\/v2\/posts"}],"about":[{"href":"https:\/\/akunq.net\/tr\/index.php?rest_route=\/wp\/v2\/types\/post"}],"author":[{"embeddable":true,"href":"https:\/\/akunq.net\/tr\/index.php?rest_route=\/wp\/v2\/users\/7"}],"replies":[{"embeddable":true,"href":"https:\/\/akunq.net\/tr\/index.php?rest_route=%2Fwp%2Fv2%2Fcomments&post=62179"}],"version-history":[{"count":1,"href":"https:\/\/akunq.net\/tr\/index.php?rest_route=\/wp\/v2\/posts\/62179\/revisions"}],"predecessor-version":[{"id":62181,"href":"https:\/\/akunq.net\/tr\/index.php?rest_route=\/wp\/v2\/posts\/62179\/revisions\/62181"}],"wp:featuredmedia":[{"embeddable":true,"href":"https:\/\/akunq.net\/tr\/index.php?rest_route=\/wp\/v2\/media\/62180"}],"wp:attachment":[{"href":"https:\/\/akunq.net\/tr\/index.php?rest_route=%2Fwp%2Fv2%2Fmedia&parent=62179"}],"wp:term":[{"taxonomy":"category","embeddable":true,"href":"https:\/\/akunq.net\/tr\/index.php?rest_route=%2Fwp%2Fv2%2Fcategories&post=62179"},{"taxonomy":"post_tag","embeddable":true,"href":"https:\/\/akunq.net\/tr\/index.php?rest_route=%2Fwp%2Fv2%2Ftags&post=62179"}],"curies":[{"name":"wp","href":"https:\/\/api.w.org\/{rel}","templated":true}]}}