{"id":62176,"date":"2021-04-01T01:34:03","date_gmt":"2021-04-01T06:34:03","guid":{"rendered":"https:\/\/akunq.net\/tr\/?p=62176"},"modified":"2021-04-01T01:34:03","modified_gmt":"2021-04-01T06:34:03","slug":"dort-dinin-yasadigi-bolge","status":"publish","type":"post","link":"https:\/\/akunq.net\/tr\/?p=62176","title":{"rendered":"D\u00f6rt dinin ya\u015fad\u0131\u011f\u0131 b\u00f6lge!"},"content":{"rendered":"<p><img loading=\"lazy\" decoding=\"async\" class=\"aligncenter size-medium wp-image-62177\" src=\"https:\/\/akunq.net\/tr\/wp-content\/uploads\/2021\/04\/Derei\u00e7i-360x202.png\" alt=\"\" width=\"360\" height=\"202\" srcset=\"https:\/\/akunq.net\/tr\/wp-content\/uploads\/sites\/6\/2021\/04\/Derei\u00e7i-360x202.png 360w, https:\/\/akunq.net\/tr\/wp-content\/uploads\/sites\/6\/2021\/04\/Derei\u00e7i-560x315.png 560w, https:\/\/akunq.net\/tr\/wp-content\/uploads\/sites\/6\/2021\/04\/Derei\u00e7i-260x146.png 260w, https:\/\/akunq.net\/tr\/wp-content\/uploads\/sites\/6\/2021\/04\/Derei\u00e7i-160x90.png 160w, https:\/\/akunq.net\/tr\/wp-content\/uploads\/sites\/6\/2021\/04\/Derei\u00e7i.png 626w\" sizes=\"auto, (max-width: 360px) 100vw, 360px\" \/><\/p>\n<p><em><strong>Mardin\u2019in Savur il\u00e7esine ba\u011fl\u0131 Derei\u00e7i k\u00f6y\u00fcnde, Hristiyanl\u0131\u011f\u0131n\u0131n Katolik, Ortodoks ve Protestan mezheplerine ba\u011fl\u0131 vatanda\u015flar ile M\u00fcsl\u00fcmanlar bir arada huzur i\u00e7inde ya\u015f\u0131yor. Savur Kaymakaml\u0131\u011f\u0131 ve belediyesi, farkl\u0131 dinlere mensup vatanda\u015flar\u0131n bir arada ya\u015fad\u0131\u011f\u0131 Derei\u00e7i k\u00f6y\u00fcn\u00fcn inan\u00e7 turizmine kazand\u0131r\u0131lmas\u0131 i\u00e7in \u00e7al\u0131\u015fma ba\u015flatt\u0131.\u00a0<\/strong><\/em><\/p>\n<p>Mardin\u2019in Savur il\u00e7esinde bulunan ve tarih boyunca S\u00fcryanilerin yerle\u015fim yeri olarak bilinen Derei\u00e7i k\u00f6y\u00fc, farkl\u0131 inan\u00e7lar\u0131n bir arada ya\u015famas\u0131 ile dikkat \u00e7ekiyor. M\u00fcsl\u00fcmanlar\u0131n \u00e7o\u011funlukta oldu\u011fu k\u00f6yde Hristiyanl\u0131k inanc\u0131na g\u00f6re 3 farkl\u0131 mezhep olan Katolik, Ortodoks ve Protestan kiliseleri de yan yana bulunuyor. Savur Kaymakaml\u0131\u011f\u0131 ve belediyesi, farkl\u0131 dine mensup vatanda\u015flar\u0131n bir arada huzur i\u00e7inde ya\u015fad\u0131\u011f\u0131 k\u00f6y\u00fcn inan\u00e7 turizmine kazand\u0131r\u0131lmas\u0131 i\u00e7in \u00e7al\u0131\u015fma ba\u015flatt\u0131.<\/p>\n<p>Derei\u00e7i k\u00f6y\u00fcne y\u00f6nelik Savur Belediyesi olarak geni\u015f kapsaml\u0131 bir \u00e7al\u0131\u015fma planlad\u0131klar\u0131n\u0131 kaydeden Savur Kaymakam\u0131 ve Belediye Ba\u015fkan Vekili Muhammed Kaya, \u201cDerei\u00e7i k\u00f6y\u00fc \u00e7ok kadim bir k\u00f6y, Daha \u00e7ok tabi S\u00fcryani vatanda\u015flar\u0131m\u0131z\u0131n yo\u011funlukta ya\u015fam\u0131\u015f oldu\u011fu ve \u015fu anda da k\u0131s\u0131tl\u0131 bir say\u0131n\u0131n yakla\u015f\u0131k 10 hanenin oldu\u011fu bir k\u00f6y\u00fcm\u00fcz. Buran\u0131n en \u00f6nemli \u00f6zelli\u011fi orijinalli\u011fini korumu\u015f olmas\u0131. Baz\u0131 evlerimiz y\u0131k\u0131lm\u0131\u015f durumda. Harap olanlar var. Genel anlamda evlerin restorasyonunu, cephe giyimleri yapmay\u0131 planl\u0131yoruz. Burada i\u015fte kafeteryas\u0131ndan restoran\u0131na kadar ve butik otellerin yap\u0131m\u0131na kadar tutun bir\u00e7ok alanda fizibilite \u00e7al\u0131\u015fmam\u0131z\u0131 tamamlad\u0131k. \u0130n\u015fallah en yak\u0131n zamanda icraata ba\u015flayaca\u011f\u0131z\u201d dedi.<\/p>\n<p><strong>\u201cHR\u0130ST\u0130YAN TUR\u0130STLER BURAYI \u00c7OK MERAK ED\u0130YOR\u201d\u00a0<\/strong><\/p>\n<p>Ama\u00e7lar\u0131n\u0131n buray\u0131 bir turizm merkezi haline getirmek oldu\u011funu belirten Kaymakam Kaya, \u201cK\u00f6y, yabanc\u0131 turistlerin ilgisini \u00e7ekiyor. Bu mahallemizin en b\u00fcy\u00fck \u00f6zelliklerinden biri de 3 Hristiyan mezhebine ait kiliselerin bulunuyor olmas\u0131. Katolik, Ortodoks ve Protestan mezheplerinin ayr\u0131 ayr\u0131 kiliseleri var. \u00d6zellikle kiliseleri ziyaret ediyorlar. Arada ayinler de oluyor. Ayn\u0131 zamanda burada manast\u0131r\u0131m\u0131z var. Burada \u00f6zellikle bir do\u011fa y\u00fcr\u00fcy\u00fc\u015f\u00fc g\u00fczergah\u0131 da planlad\u0131k. Onu da in\u015fallah yapt\u0131ktan sonra gelen ziyaret\u00e7ilerimiz kiliseleri g\u00f6rd\u00fckten sonra bir do\u011fa y\u00fcr\u00fcy\u00fc\u015f\u00fc e\u015fli\u011finde tepeye \u00e7\u0131k\u0131p manast\u0131r\u0131 da g\u00f6rebilecekler. Bu anlamda d\u00fcnyada belki de \u00e7ok say\u0131l\u0131 yerlerden biri. \u00d6rne\u011fi bulunmayan 3 Hristiyan mezhebinin yan yana kom\u015fu kiliseleri mevcut olan bir mahallemizdir\u201d diye konu\u015ftu.<\/p>\n<p><strong>D\u0130KA PROJEY\u0130 DESTEKL\u0130YOR\u00a0<\/strong><\/p>\n<p>Derei\u00e7i k\u00f6y\u00fcn\u00fcn Mezopotamya\u2019daki Mardin ve Midyat mimarisini korudu\u011funu kaydeden \u015eanl\u0131urfa Turizm Geli\u015ftirme A\u015e Genel M\u00fcd\u00fcr\u00fc Mehmet Uncu, \u201cKaymakaml\u0131\u011f\u0131m\u0131z ve belediyemiz ile beraber \u015fu an Derei\u00e7i k\u00f6y\u00fcn\u00fc planl\u0131yoruz. Bir master ve fizibilite plan\u0131 \u00e7\u0131kacak. Dicle Kalk\u0131nma Ajans\u0131 da bu projeyi destekliyor. Buras\u0131 inan\u00e7 rotas\u0131na eklenebilecek bir alan. 3 farkl\u0131 Hristiyanl\u0131k mezhebinin yan yana durdu\u011fu tek k\u00f6y denebilir asl\u0131nda buras\u0131 i\u00e7in. Ortodoks, Katolik ve Protestan kiliseleri yan yana bar\u0131\u015f i\u00e7inde ya\u015fayan g\u00fczel bir alan. Buna ek buras\u0131 bir turizm noktas\u0131 olarak konumlanacak. Halihaz\u0131rda Savur, Midyat ve Mardin yolundan k\u00fclt\u00fcr rotas\u0131ndan \u00e7ok fazla yararlanam\u0131yor turistler. Derei\u00e7i\u2019ni de tekrar hayata ge\u00e7irip canlanmas\u0131yla beraber Savur\u2019a daha fazla turist gelmesi sa\u011flanacak. Derei\u00e7i de ayn\u0131 zamanda eski bir metropolitlik bir alan. \u015eu an Deyrul Zafaran gibi \u00f6nemli bir nokta olan Mor Aba\u2019ya ev sahipli\u011fi yap\u0131yor. Bu nedenle de hem bir film \u00e7ekimi i\u00e7in cazip bir alan. Ayn\u0131 zamanda da \u00e7ok fazla turistin gelebilmesini sa\u011flayacak\u201d \u015feklinde konu\u015ftu.<\/p>\n<p><em><strong><a href=\"https:\/\/www.diyarbakirsoz.com\/turkiye\/dort-dinin-yasadigi-bolge-221418\">https:\/\/www.diyarbakirsoz.com\/turkiye\/dort-dinin-yasadigi-bolge-221418<\/a><\/strong><\/em><\/p>\n<div class=\"sharedaddy sd-sharing-enabled\">\n<div class=\"robots-nocontent sd-block sd-social sd-social-icon-text sd-sharing\">\n<h3 class=\"sd-title\"><\/h3>\n<\/div>\n<\/div>\n","protected":false},"excerpt":{"rendered":"<p>Mardin\u2019in Savur il\u00e7esine ba\u011fl\u0131 Derei\u00e7i k\u00f6y\u00fcnde, Hristiyanl\u0131\u011f\u0131n\u0131n Katolik, Ortodoks ve Protestan mezheplerine ba\u011fl\u0131 vatanda\u015flar ile M\u00fcsl\u00fcmanlar bir arada huzur i\u00e7inde ya\u015f\u0131yor. Savur Kaymakaml\u0131\u011f\u0131 ve belediyesi, farkl\u0131 dinlere mensup vatanda\u015flar\u0131n bir arada ya\u015fad\u0131\u011f\u0131 Derei\u00e7i k\u00f6y\u00fcn\u00fcn inan\u00e7 turizmine kazand\u0131r\u0131lmas\u0131 i\u00e7in \u00e7al\u0131\u015fma ba\u015flatt\u0131.\u00a0 Mardin\u2019in Savur il\u00e7esinde bulunan ve tarih boyunca S\u00fcryanilerin yerle\u015fim yeri olarak bilinen Derei\u00e7i k\u00f6y\u00fc, farkl\u0131 [&hellip;]<\/p>\n","protected":false},"author":7,"featured_media":62177,"comment_status":"open","ping_status":"open","sticky":false,"template":"","format":"standard","meta":{"footnotes":""},"categories":[1],"tags":[],"class_list":["post-62176","post","type-post","status-publish","format-standard","has-post-thumbnail","hentry","category-haberler"],"yoast_head":"<!-- This site is optimized with the Yoast SEO plugin v27.4 - https:\/\/yoast.com\/product\/yoast-seo-wordpress\/ -->\n<title>D\u00f6rt dinin ya\u015fad\u0131\u011f\u0131 b\u00f6lge! - Bati Ermenistan Ve Bati Ermenileri Sorunlari Ara\u015ftirmalar Merkezi<\/title>\n<meta name=\"robots\" content=\"index, follow, max-snippet:-1, max-image-preview:large, max-video-preview:-1\" \/>\n<link rel=\"canonical\" href=\"https:\/\/akunq.net\/tr\/?p=62176\" \/>\n<meta property=\"og:locale\" content=\"en_US\" \/>\n<meta property=\"og:type\" content=\"article\" \/>\n<meta property=\"og:title\" content=\"D\u00f6rt dinin ya\u015fad\u0131\u011f\u0131 b\u00f6lge! - Bati Ermenistan Ve Bati Ermenileri Sorunlari Ara\u015ftirmalar Merkezi\" \/>\n<meta property=\"og:description\" content=\"Mardin\u2019in Savur il\u00e7esine ba\u011fl\u0131 Derei\u00e7i k\u00f6y\u00fcnde, Hristiyanl\u0131\u011f\u0131n\u0131n Katolik, Ortodoks ve Protestan mezheplerine ba\u011fl\u0131 vatanda\u015flar ile M\u00fcsl\u00fcmanlar bir arada huzur i\u00e7inde ya\u015f\u0131yor. Savur Kaymakaml\u0131\u011f\u0131 ve belediyesi, farkl\u0131 dinlere mensup vatanda\u015flar\u0131n bir arada ya\u015fad\u0131\u011f\u0131 Derei\u00e7i k\u00f6y\u00fcn\u00fcn inan\u00e7 turizmine kazand\u0131r\u0131lmas\u0131 i\u00e7in \u00e7al\u0131\u015fma ba\u015flatt\u0131.\u00a0 Mardin\u2019in Savur il\u00e7esinde bulunan ve tarih boyunca S\u00fcryanilerin yerle\u015fim yeri olarak bilinen Derei\u00e7i k\u00f6y\u00fc, farkl\u0131 [&hellip;]\" \/>\n<meta property=\"og:url\" content=\"https:\/\/akunq.net\/tr\/?p=62176\" \/>\n<meta property=\"og:site_name\" content=\"Bati Ermenistan Ve Bati Ermenileri Sorunlari Ara\u015ftirmalar Merkezi\" \/>\n<meta property=\"article:published_time\" content=\"2021-04-01T06:34:03+00:00\" \/>\n<meta property=\"og:image\" content=\"https:\/\/akunq.net\/tr\/wp-content\/uploads\/sites\/6\/2021\/04\/Derei\u00e7i.png\" \/>\n\t<meta property=\"og:image:width\" content=\"626\" \/>\n\t<meta property=\"og:image:height\" content=\"352\" \/>\n\t<meta property=\"og:image:type\" content=\"image\/png\" \/>\n<meta name=\"author\" content=\"admin\" \/>\n<meta name=\"twitter:card\" content=\"summary_large_image\" \/>\n<meta name=\"twitter:label1\" content=\"Written by\" \/>\n\t<meta name=\"twitter:data1\" content=\"admin\" \/>\n\t<meta name=\"twitter:label2\" content=\"Est. reading time\" \/>\n\t<meta name=\"twitter:data2\" content=\"3 minutes\" \/>\n<script type=\"application\/ld+json\" class=\"yoast-schema-graph\">{\"@context\":\"https:\\\/\\\/schema.org\",\"@graph\":[{\"@type\":\"Article\",\"@id\":\"https:\\\/\\\/akunq.net\\\/tr\\\/?p=62176#article\",\"isPartOf\":{\"@id\":\"https:\\\/\\\/akunq.net\\\/tr\\\/?p=62176\"},\"author\":{\"name\":\"admin\",\"@id\":\"https:\\\/\\\/akunq.net\\\/tr\\\/#\\\/schema\\\/person\\\/096f1d38a12cce57fb855b485ed24c9e\"},\"headline\":\"D\u00f6rt dinin ya\u015fad\u0131\u011f\u0131 b\u00f6lge!\",\"datePublished\":\"2021-04-01T06:34:03+00:00\",\"mainEntityOfPage\":{\"@id\":\"https:\\\/\\\/akunq.net\\\/tr\\\/?p=62176\"},\"wordCount\":648,\"commentCount\":0,\"image\":{\"@id\":\"https:\\\/\\\/akunq.net\\\/tr\\\/?p=62176#primaryimage\"},\"thumbnailUrl\":\"https:\\\/\\\/akunq.net\\\/tr\\\/wp-content\\\/uploads\\\/sites\\\/6\\\/2021\\\/04\\\/Derei\u00e7i.png\",\"articleSection\":[\"Haberler\"],\"inLanguage\":\"en-US\",\"potentialAction\":[{\"@type\":\"CommentAction\",\"name\":\"Comment\",\"target\":[\"https:\\\/\\\/akunq.net\\\/tr\\\/?p=62176#respond\"]}]},{\"@type\":\"WebPage\",\"@id\":\"https:\\\/\\\/akunq.net\\\/tr\\\/?p=62176\",\"url\":\"https:\\\/\\\/akunq.net\\\/tr\\\/?p=62176\",\"name\":\"D\u00f6rt dinin ya\u015fad\u0131\u011f\u0131 b\u00f6lge! - Bati Ermenistan Ve Bati Ermenileri Sorunlari Ara\u015ftirmalar Merkezi\",\"isPartOf\":{\"@id\":\"https:\\\/\\\/akunq.net\\\/tr\\\/#website\"},\"primaryImageOfPage\":{\"@id\":\"https:\\\/\\\/akunq.net\\\/tr\\\/?p=62176#primaryimage\"},\"image\":{\"@id\":\"https:\\\/\\\/akunq.net\\\/tr\\\/?p=62176#primaryimage\"},\"thumbnailUrl\":\"https:\\\/\\\/akunq.net\\\/tr\\\/wp-content\\\/uploads\\\/sites\\\/6\\\/2021\\\/04\\\/Derei\u00e7i.png\",\"datePublished\":\"2021-04-01T06:34:03+00:00\",\"author\":{\"@id\":\"https:\\\/\\\/akunq.net\\\/tr\\\/#\\\/schema\\\/person\\\/096f1d38a12cce57fb855b485ed24c9e\"},\"breadcrumb\":{\"@id\":\"https:\\\/\\\/akunq.net\\\/tr\\\/?p=62176#breadcrumb\"},\"inLanguage\":\"en-US\",\"potentialAction\":[{\"@type\":\"ReadAction\",\"target\":[\"https:\\\/\\\/akunq.net\\\/tr\\\/?p=62176\"]}]},{\"@type\":\"ImageObject\",\"inLanguage\":\"en-US\",\"@id\":\"https:\\\/\\\/akunq.net\\\/tr\\\/?p=62176#primaryimage\",\"url\":\"https:\\\/\\\/akunq.net\\\/tr\\\/wp-content\\\/uploads\\\/sites\\\/6\\\/2021\\\/04\\\/Derei\u00e7i.png\",\"contentUrl\":\"https:\\\/\\\/akunq.net\\\/tr\\\/wp-content\\\/uploads\\\/sites\\\/6\\\/2021\\\/04\\\/Derei\u00e7i.png\",\"width\":626,\"height\":352},{\"@type\":\"BreadcrumbList\",\"@id\":\"https:\\\/\\\/akunq.net\\\/tr\\\/?p=62176#breadcrumb\",\"itemListElement\":[{\"@type\":\"ListItem\",\"position\":1,\"name\":\"Home\",\"item\":\"https:\\\/\\\/akunq.net\\\/tr\"},{\"@type\":\"ListItem\",\"position\":2,\"name\":\"D\u00f6rt dinin ya\u015fad\u0131\u011f\u0131 b\u00f6lge!\"}]},{\"@type\":\"WebSite\",\"@id\":\"https:\\\/\\\/akunq.net\\\/tr\\\/#website\",\"url\":\"https:\\\/\\\/akunq.net\\\/tr\\\/\",\"name\":\"Bati Ermenistan Ve Bati Ermenileri Sorunlari Ara\u015ftirmalar Merkezi\",\"description\":\"\",\"potentialAction\":[{\"@type\":\"SearchAction\",\"target\":{\"@type\":\"EntryPoint\",\"urlTemplate\":\"https:\\\/\\\/akunq.net\\\/tr\\\/?s={search_term_string}\"},\"query-input\":{\"@type\":\"PropertyValueSpecification\",\"valueRequired\":true,\"valueName\":\"search_term_string\"}}],\"inLanguage\":\"en-US\"},{\"@type\":\"Person\",\"@id\":\"https:\\\/\\\/akunq.net\\\/tr\\\/#\\\/schema\\\/person\\\/096f1d38a12cce57fb855b485ed24c9e\",\"name\":\"admin\",\"url\":\"https:\\\/\\\/akunq.net\\\/tr\\\/?author=7\"}]}<\/script>\n<!-- \/ Yoast SEO plugin. -->","yoast_head_json":{"title":"D\u00f6rt dinin ya\u015fad\u0131\u011f\u0131 b\u00f6lge! - Bati Ermenistan Ve Bati Ermenileri Sorunlari Ara\u015ftirmalar Merkezi","robots":{"index":"index","follow":"follow","max-snippet":"max-snippet:-1","max-image-preview":"max-image-preview:large","max-video-preview":"max-video-preview:-1"},"canonical":"https:\/\/akunq.net\/tr\/?p=62176","og_locale":"en_US","og_type":"article","og_title":"D\u00f6rt dinin ya\u015fad\u0131\u011f\u0131 b\u00f6lge! - Bati Ermenistan Ve Bati Ermenileri Sorunlari Ara\u015ftirmalar Merkezi","og_description":"Mardin\u2019in Savur il\u00e7esine ba\u011fl\u0131 Derei\u00e7i k\u00f6y\u00fcnde, Hristiyanl\u0131\u011f\u0131n\u0131n Katolik, Ortodoks ve Protestan mezheplerine ba\u011fl\u0131 vatanda\u015flar ile M\u00fcsl\u00fcmanlar bir arada huzur i\u00e7inde ya\u015f\u0131yor. Savur Kaymakaml\u0131\u011f\u0131 ve belediyesi, farkl\u0131 dinlere mensup vatanda\u015flar\u0131n bir arada ya\u015fad\u0131\u011f\u0131 Derei\u00e7i k\u00f6y\u00fcn\u00fcn inan\u00e7 turizmine kazand\u0131r\u0131lmas\u0131 i\u00e7in \u00e7al\u0131\u015fma ba\u015flatt\u0131.\u00a0 Mardin\u2019in Savur il\u00e7esinde bulunan ve tarih boyunca S\u00fcryanilerin yerle\u015fim yeri olarak bilinen Derei\u00e7i k\u00f6y\u00fc, farkl\u0131 [&hellip;]","og_url":"https:\/\/akunq.net\/tr\/?p=62176","og_site_name":"Bati Ermenistan Ve Bati Ermenileri Sorunlari Ara\u015ftirmalar Merkezi","article_published_time":"2021-04-01T06:34:03+00:00","og_image":[{"width":626,"height":352,"url":"https:\/\/akunq.net\/tr\/wp-content\/uploads\/sites\/6\/2021\/04\/Derei\u00e7i.png","type":"image\/png"}],"author":"admin","twitter_card":"summary_large_image","twitter_misc":{"Written by":"admin","Est. reading time":"3 minutes"},"schema":{"@context":"https:\/\/schema.org","@graph":[{"@type":"Article","@id":"https:\/\/akunq.net\/tr\/?p=62176#article","isPartOf":{"@id":"https:\/\/akunq.net\/tr\/?p=62176"},"author":{"name":"admin","@id":"https:\/\/akunq.net\/tr\/#\/schema\/person\/096f1d38a12cce57fb855b485ed24c9e"},"headline":"D\u00f6rt dinin ya\u015fad\u0131\u011f\u0131 b\u00f6lge!","datePublished":"2021-04-01T06:34:03+00:00","mainEntityOfPage":{"@id":"https:\/\/akunq.net\/tr\/?p=62176"},"wordCount":648,"commentCount":0,"image":{"@id":"https:\/\/akunq.net\/tr\/?p=62176#primaryimage"},"thumbnailUrl":"https:\/\/akunq.net\/tr\/wp-content\/uploads\/sites\/6\/2021\/04\/Derei\u00e7i.png","articleSection":["Haberler"],"inLanguage":"en-US","potentialAction":[{"@type":"CommentAction","name":"Comment","target":["https:\/\/akunq.net\/tr\/?p=62176#respond"]}]},{"@type":"WebPage","@id":"https:\/\/akunq.net\/tr\/?p=62176","url":"https:\/\/akunq.net\/tr\/?p=62176","name":"D\u00f6rt dinin ya\u015fad\u0131\u011f\u0131 b\u00f6lge! - Bati Ermenistan Ve Bati Ermenileri Sorunlari Ara\u015ftirmalar Merkezi","isPartOf":{"@id":"https:\/\/akunq.net\/tr\/#website"},"primaryImageOfPage":{"@id":"https:\/\/akunq.net\/tr\/?p=62176#primaryimage"},"image":{"@id":"https:\/\/akunq.net\/tr\/?p=62176#primaryimage"},"thumbnailUrl":"https:\/\/akunq.net\/tr\/wp-content\/uploads\/sites\/6\/2021\/04\/Derei\u00e7i.png","datePublished":"2021-04-01T06:34:03+00:00","author":{"@id":"https:\/\/akunq.net\/tr\/#\/schema\/person\/096f1d38a12cce57fb855b485ed24c9e"},"breadcrumb":{"@id":"https:\/\/akunq.net\/tr\/?p=62176#breadcrumb"},"inLanguage":"en-US","potentialAction":[{"@type":"ReadAction","target":["https:\/\/akunq.net\/tr\/?p=62176"]}]},{"@type":"ImageObject","inLanguage":"en-US","@id":"https:\/\/akunq.net\/tr\/?p=62176#primaryimage","url":"https:\/\/akunq.net\/tr\/wp-content\/uploads\/sites\/6\/2021\/04\/Derei\u00e7i.png","contentUrl":"https:\/\/akunq.net\/tr\/wp-content\/uploads\/sites\/6\/2021\/04\/Derei\u00e7i.png","width":626,"height":352},{"@type":"BreadcrumbList","@id":"https:\/\/akunq.net\/tr\/?p=62176#breadcrumb","itemListElement":[{"@type":"ListItem","position":1,"name":"Home","item":"https:\/\/akunq.net\/tr"},{"@type":"ListItem","position":2,"name":"D\u00f6rt dinin ya\u015fad\u0131\u011f\u0131 b\u00f6lge!"}]},{"@type":"WebSite","@id":"https:\/\/akunq.net\/tr\/#website","url":"https:\/\/akunq.net\/tr\/","name":"Bati Ermenistan Ve Bati Ermenileri Sorunlari Ara\u015ftirmalar Merkezi","description":"","potentialAction":[{"@type":"SearchAction","target":{"@type":"EntryPoint","urlTemplate":"https:\/\/akunq.net\/tr\/?s={search_term_string}"},"query-input":{"@type":"PropertyValueSpecification","valueRequired":true,"valueName":"search_term_string"}}],"inLanguage":"en-US"},{"@type":"Person","@id":"https:\/\/akunq.net\/tr\/#\/schema\/person\/096f1d38a12cce57fb855b485ed24c9e","name":"admin","url":"https:\/\/akunq.net\/tr\/?author=7"}]}},"_links":{"self":[{"href":"https:\/\/akunq.net\/tr\/index.php?rest_route=\/wp\/v2\/posts\/62176","targetHints":{"allow":["GET"]}}],"collection":[{"href":"https:\/\/akunq.net\/tr\/index.php?rest_route=\/wp\/v2\/posts"}],"about":[{"href":"https:\/\/akunq.net\/tr\/index.php?rest_route=\/wp\/v2\/types\/post"}],"author":[{"embeddable":true,"href":"https:\/\/akunq.net\/tr\/index.php?rest_route=\/wp\/v2\/users\/7"}],"replies":[{"embeddable":true,"href":"https:\/\/akunq.net\/tr\/index.php?rest_route=%2Fwp%2Fv2%2Fcomments&post=62176"}],"version-history":[{"count":1,"href":"https:\/\/akunq.net\/tr\/index.php?rest_route=\/wp\/v2\/posts\/62176\/revisions"}],"predecessor-version":[{"id":62178,"href":"https:\/\/akunq.net\/tr\/index.php?rest_route=\/wp\/v2\/posts\/62176\/revisions\/62178"}],"wp:featuredmedia":[{"embeddable":true,"href":"https:\/\/akunq.net\/tr\/index.php?rest_route=\/wp\/v2\/media\/62177"}],"wp:attachment":[{"href":"https:\/\/akunq.net\/tr\/index.php?rest_route=%2Fwp%2Fv2%2Fmedia&parent=62176"}],"wp:term":[{"taxonomy":"category","embeddable":true,"href":"https:\/\/akunq.net\/tr\/index.php?rest_route=%2Fwp%2Fv2%2Fcategories&post=62176"},{"taxonomy":"post_tag","embeddable":true,"href":"https:\/\/akunq.net\/tr\/index.php?rest_route=%2Fwp%2Fv2%2Ftags&post=62176"}],"curies":[{"name":"wp","href":"https:\/\/api.w.org\/{rel}","templated":true}]}}