{"id":62170,"date":"2021-04-01T01:01:06","date_gmt":"2021-04-01T06:01:06","guid":{"rendered":"https:\/\/akunq.net\/tr\/?p=62170"},"modified":"2021-04-01T01:01:06","modified_gmt":"2021-04-01T06:01:06","slug":"susiyi-kurtaran-ermeni-komutan-efsanevi-general-komandos-hayata-gozlerini-yumdu","status":"publish","type":"post","link":"https:\/\/akunq.net\/tr\/?p=62170","title":{"rendered":"\u015eu\u015fi\u2019yi kurtaran Ermeni komutan efsanevi General Komandos hayata g\u00f6zlerini yumdu"},"content":{"rendered":"<p><img loading=\"lazy\" decoding=\"async\" class=\"aligncenter size-medium wp-image-62171\" src=\"https:\/\/akunq.net\/tr\/wp-content\/uploads\/2021\/04\/Komandos-360x226.jpg\" alt=\"\" width=\"360\" height=\"226\" srcset=\"https:\/\/akunq.net\/tr\/wp-content\/uploads\/sites\/6\/2021\/04\/Komandos-360x226.jpg 360w, https:\/\/akunq.net\/tr\/wp-content\/uploads\/sites\/6\/2021\/04\/Komandos-560x352.jpg 560w, https:\/\/akunq.net\/tr\/wp-content\/uploads\/sites\/6\/2021\/04\/Komandos-260x163.jpg 260w, https:\/\/akunq.net\/tr\/wp-content\/uploads\/sites\/6\/2021\/04\/Komandos-160x101.jpg 160w, https:\/\/akunq.net\/tr\/wp-content\/uploads\/sites\/6\/2021\/04\/Komandos.jpg 700w\" sizes=\"auto, (max-width: 360px) 100vw, 360px\" \/><\/p>\n<p><em><strong>31 Mart tarihinde 81 ya\u015f\u0131ndaki Artsakh (Karaba\u011f) kahraman\u0131, Komandos lakap ad\u0131yla bilinen General Arkadi Ter-Tadevosyan hayata g\u00f6zlerini yumdu.<\/strong><\/em><\/p>\n<p>Arkadi Ter-Tadevosyan 22 May\u0131s 1939 tarihinde G\u00fcrcistan Sovyet Sosyalist Cumhuriyeti\u2019nin ba\u015fkenti Tiflis\u2019te d\u00fcnyaya geldi. Bak\u00fc askeri okulundan daha sonra da Leningrad (St. Peterburg) askeri akademisinden mezun oldu.<\/p>\n<p>1988 y\u0131l\u0131ndan itibaren Artsakh (Karaba\u011f) Kurtulu\u015f Sava\u015f\u0131&#8217;na kat\u0131ld\u0131 ve \u00f6zellikle g\u00f6n\u00fcll\u00fc birliklerinin askeri e\u011fitimini sa\u011flama konusunda b\u00fcy\u00fck katk\u0131larda bulundu.<\/p>\n<p>1990 y\u0131l\u0131nda \u2018Sasuntsi Davit\u2019 g\u00f6n\u00fcll\u00fc birli\u011finin \u00fcyelerinden biriydi. 30 Ekim 1991 tarihinde yeni olu\u015fan Artsakh Savunma G\u00fc\u00e7leri Arkadi Ter-Tadevosyan\u2019\u0131n komutanl\u0131\u011f\u0131yla ger\u00e7ekle\u015ftirilen askeri operasyonlar\u0131 sayesinde stratejik b\u00fcy\u00fck \u00f6nem ta\u015f\u0131yan, Hadrut b\u00f6lgesinde bulunan Togh k\u00f6y\u00fcn\u00fc d\u00fc\u015fman i\u015fgalinden kurtard\u0131lar.<\/p>\n<p>1992 y\u0131l\u0131n\u0131n May\u0131s ay\u0131nda efsanevi Komandos, \u015eu\u015fi \u015fehrinin kurtulu\u015fu i\u00e7in \u00f6ng\u00f6r\u00fclen askeri operasyonlar\u0131n haz\u0131rl\u0131k \u00e7al\u0131\u015fmalar\u0131nda \u00f6nemli ve aktif rol oynad\u0131. Onun ad\u0131 hep \u015eu\u015fi\u2019nin kurtulu\u015fuyla \u00e7a\u011fr\u0131\u015ft\u0131r\u0131l\u0131yordu.<\/p>\n<p><em><strong>https:\/\/www.ermenihaber.am\/tr\/news\/2021\/04\/01\/%C5%9Eu%C5%9Fi-Karaba%C4%9F-Ermeni-komutan-General-Komandos\/205311\u00a0<\/strong><\/em><\/p>\n","protected":false},"excerpt":{"rendered":"<p>31 Mart tarihinde 81 ya\u015f\u0131ndaki Artsakh (Karaba\u011f) kahraman\u0131, Komandos lakap ad\u0131yla bilinen General Arkadi Ter-Tadevosyan hayata g\u00f6zlerini yumdu. Arkadi Ter-Tadevosyan 22 May\u0131s 1939 tarihinde G\u00fcrcistan Sovyet Sosyalist Cumhuriyeti\u2019nin ba\u015fkenti Tiflis\u2019te d\u00fcnyaya geldi. Bak\u00fc askeri okulundan daha sonra da Leningrad (St. Peterburg) askeri akademisinden mezun oldu. 1988 y\u0131l\u0131ndan itibaren Artsakh (Karaba\u011f) Kurtulu\u015f Sava\u015f\u0131&#8217;na kat\u0131ld\u0131 ve \u00f6zellikle [&hellip;]<\/p>\n","protected":false},"author":7,"featured_media":62171,"comment_status":"open","ping_status":"open","sticky":false,"template":"","format":"standard","meta":{"footnotes":""},"categories":[1],"tags":[],"class_list":["post-62170","post","type-post","status-publish","format-standard","has-post-thumbnail","hentry","category-haberler"],"yoast_head":"<!-- This site is optimized with the Yoast SEO plugin v27.4 - https:\/\/yoast.com\/product\/yoast-seo-wordpress\/ -->\n<title>\u015eu\u015fi\u2019yi kurtaran Ermeni komutan efsanevi General Komandos hayata g\u00f6zlerini yumdu - Bati Ermenistan Ve Bati Ermenileri Sorunlari Ara\u015ftirmalar Merkezi<\/title>\n<meta name=\"robots\" content=\"index, follow, max-snippet:-1, max-image-preview:large, max-video-preview:-1\" \/>\n<link rel=\"canonical\" href=\"https:\/\/akunq.net\/tr\/?p=62170\" \/>\n<meta property=\"og:locale\" content=\"en_US\" \/>\n<meta property=\"og:type\" content=\"article\" \/>\n<meta property=\"og:title\" content=\"\u015eu\u015fi\u2019yi kurtaran Ermeni komutan efsanevi General Komandos hayata g\u00f6zlerini yumdu - Bati Ermenistan Ve Bati Ermenileri Sorunlari Ara\u015ftirmalar Merkezi\" \/>\n<meta property=\"og:description\" content=\"31 Mart tarihinde 81 ya\u015f\u0131ndaki Artsakh (Karaba\u011f) kahraman\u0131, Komandos lakap ad\u0131yla bilinen General Arkadi Ter-Tadevosyan hayata g\u00f6zlerini yumdu. Arkadi Ter-Tadevosyan 22 May\u0131s 1939 tarihinde G\u00fcrcistan Sovyet Sosyalist Cumhuriyeti\u2019nin ba\u015fkenti Tiflis\u2019te d\u00fcnyaya geldi. Bak\u00fc askeri okulundan daha sonra da Leningrad (St. Peterburg) askeri akademisinden mezun oldu. 1988 y\u0131l\u0131ndan itibaren Artsakh (Karaba\u011f) Kurtulu\u015f Sava\u015f\u0131&#8217;na kat\u0131ld\u0131 ve \u00f6zellikle [&hellip;]\" \/>\n<meta property=\"og:url\" content=\"https:\/\/akunq.net\/tr\/?p=62170\" \/>\n<meta property=\"og:site_name\" content=\"Bati Ermenistan Ve Bati Ermenileri Sorunlari Ara\u015ftirmalar Merkezi\" \/>\n<meta property=\"article:published_time\" content=\"2021-04-01T06:01:06+00:00\" \/>\n<meta property=\"og:image\" content=\"https:\/\/akunq.net\/tr\/wp-content\/uploads\/sites\/6\/2021\/04\/Komandos.jpg\" \/>\n\t<meta property=\"og:image:width\" content=\"700\" \/>\n\t<meta property=\"og:image:height\" content=\"440\" \/>\n\t<meta property=\"og:image:type\" content=\"image\/jpeg\" \/>\n<meta name=\"author\" content=\"admin\" \/>\n<meta name=\"twitter:card\" content=\"summary_large_image\" \/>\n<meta name=\"twitter:label1\" content=\"Written by\" \/>\n\t<meta name=\"twitter:data1\" content=\"admin\" \/>\n\t<meta name=\"twitter:label2\" content=\"Est. reading time\" \/>\n\t<meta name=\"twitter:data2\" content=\"1 minute\" \/>\n<script type=\"application\/ld+json\" class=\"yoast-schema-graph\">{\"@context\":\"https:\\\/\\\/schema.org\",\"@graph\":[{\"@type\":\"Article\",\"@id\":\"https:\\\/\\\/akunq.net\\\/tr\\\/?p=62170#article\",\"isPartOf\":{\"@id\":\"https:\\\/\\\/akunq.net\\\/tr\\\/?p=62170\"},\"author\":{\"name\":\"admin\",\"@id\":\"https:\\\/\\\/akunq.net\\\/tr\\\/#\\\/schema\\\/person\\\/096f1d38a12cce57fb855b485ed24c9e\"},\"headline\":\"\u015eu\u015fi\u2019yi kurtaran Ermeni komutan efsanevi General Komandos hayata g\u00f6zlerini yumdu\",\"datePublished\":\"2021-04-01T06:01:06+00:00\",\"mainEntityOfPage\":{\"@id\":\"https:\\\/\\\/akunq.net\\\/tr\\\/?p=62170\"},\"wordCount\":205,\"commentCount\":0,\"image\":{\"@id\":\"https:\\\/\\\/akunq.net\\\/tr\\\/?p=62170#primaryimage\"},\"thumbnailUrl\":\"https:\\\/\\\/akunq.net\\\/tr\\\/wp-content\\\/uploads\\\/sites\\\/6\\\/2021\\\/04\\\/Komandos.jpg\",\"articleSection\":[\"Haberler\"],\"inLanguage\":\"en-US\",\"potentialAction\":[{\"@type\":\"CommentAction\",\"name\":\"Comment\",\"target\":[\"https:\\\/\\\/akunq.net\\\/tr\\\/?p=62170#respond\"]}]},{\"@type\":\"WebPage\",\"@id\":\"https:\\\/\\\/akunq.net\\\/tr\\\/?p=62170\",\"url\":\"https:\\\/\\\/akunq.net\\\/tr\\\/?p=62170\",\"name\":\"\u015eu\u015fi\u2019yi kurtaran Ermeni komutan efsanevi General Komandos hayata g\u00f6zlerini yumdu - Bati Ermenistan Ve Bati Ermenileri Sorunlari Ara\u015ftirmalar Merkezi\",\"isPartOf\":{\"@id\":\"https:\\\/\\\/akunq.net\\\/tr\\\/#website\"},\"primaryImageOfPage\":{\"@id\":\"https:\\\/\\\/akunq.net\\\/tr\\\/?p=62170#primaryimage\"},\"image\":{\"@id\":\"https:\\\/\\\/akunq.net\\\/tr\\\/?p=62170#primaryimage\"},\"thumbnailUrl\":\"https:\\\/\\\/akunq.net\\\/tr\\\/wp-content\\\/uploads\\\/sites\\\/6\\\/2021\\\/04\\\/Komandos.jpg\",\"datePublished\":\"2021-04-01T06:01:06+00:00\",\"author\":{\"@id\":\"https:\\\/\\\/akunq.net\\\/tr\\\/#\\\/schema\\\/person\\\/096f1d38a12cce57fb855b485ed24c9e\"},\"breadcrumb\":{\"@id\":\"https:\\\/\\\/akunq.net\\\/tr\\\/?p=62170#breadcrumb\"},\"inLanguage\":\"en-US\",\"potentialAction\":[{\"@type\":\"ReadAction\",\"target\":[\"https:\\\/\\\/akunq.net\\\/tr\\\/?p=62170\"]}]},{\"@type\":\"ImageObject\",\"inLanguage\":\"en-US\",\"@id\":\"https:\\\/\\\/akunq.net\\\/tr\\\/?p=62170#primaryimage\",\"url\":\"https:\\\/\\\/akunq.net\\\/tr\\\/wp-content\\\/uploads\\\/sites\\\/6\\\/2021\\\/04\\\/Komandos.jpg\",\"contentUrl\":\"https:\\\/\\\/akunq.net\\\/tr\\\/wp-content\\\/uploads\\\/sites\\\/6\\\/2021\\\/04\\\/Komandos.jpg\",\"width\":700,\"height\":440},{\"@type\":\"BreadcrumbList\",\"@id\":\"https:\\\/\\\/akunq.net\\\/tr\\\/?p=62170#breadcrumb\",\"itemListElement\":[{\"@type\":\"ListItem\",\"position\":1,\"name\":\"Home\",\"item\":\"https:\\\/\\\/akunq.net\\\/tr\"},{\"@type\":\"ListItem\",\"position\":2,\"name\":\"\u015eu\u015fi\u2019yi kurtaran Ermeni komutan efsanevi General Komandos hayata g\u00f6zlerini yumdu\"}]},{\"@type\":\"WebSite\",\"@id\":\"https:\\\/\\\/akunq.net\\\/tr\\\/#website\",\"url\":\"https:\\\/\\\/akunq.net\\\/tr\\\/\",\"name\":\"Bati Ermenistan Ve Bati Ermenileri Sorunlari Ara\u015ftirmalar Merkezi\",\"description\":\"\",\"potentialAction\":[{\"@type\":\"SearchAction\",\"target\":{\"@type\":\"EntryPoint\",\"urlTemplate\":\"https:\\\/\\\/akunq.net\\\/tr\\\/?s={search_term_string}\"},\"query-input\":{\"@type\":\"PropertyValueSpecification\",\"valueRequired\":true,\"valueName\":\"search_term_string\"}}],\"inLanguage\":\"en-US\"},{\"@type\":\"Person\",\"@id\":\"https:\\\/\\\/akunq.net\\\/tr\\\/#\\\/schema\\\/person\\\/096f1d38a12cce57fb855b485ed24c9e\",\"name\":\"admin\",\"url\":\"https:\\\/\\\/akunq.net\\\/tr\\\/?author=7\"}]}<\/script>\n<!-- \/ Yoast SEO plugin. -->","yoast_head_json":{"title":"\u015eu\u015fi\u2019yi kurtaran Ermeni komutan efsanevi General Komandos hayata g\u00f6zlerini yumdu - Bati Ermenistan Ve Bati Ermenileri Sorunlari Ara\u015ftirmalar Merkezi","robots":{"index":"index","follow":"follow","max-snippet":"max-snippet:-1","max-image-preview":"max-image-preview:large","max-video-preview":"max-video-preview:-1"},"canonical":"https:\/\/akunq.net\/tr\/?p=62170","og_locale":"en_US","og_type":"article","og_title":"\u015eu\u015fi\u2019yi kurtaran Ermeni komutan efsanevi General Komandos hayata g\u00f6zlerini yumdu - Bati Ermenistan Ve Bati Ermenileri Sorunlari Ara\u015ftirmalar Merkezi","og_description":"31 Mart tarihinde 81 ya\u015f\u0131ndaki Artsakh (Karaba\u011f) kahraman\u0131, Komandos lakap ad\u0131yla bilinen General Arkadi Ter-Tadevosyan hayata g\u00f6zlerini yumdu. Arkadi Ter-Tadevosyan 22 May\u0131s 1939 tarihinde G\u00fcrcistan Sovyet Sosyalist Cumhuriyeti\u2019nin ba\u015fkenti Tiflis\u2019te d\u00fcnyaya geldi. Bak\u00fc askeri okulundan daha sonra da Leningrad (St. Peterburg) askeri akademisinden mezun oldu. 1988 y\u0131l\u0131ndan itibaren Artsakh (Karaba\u011f) Kurtulu\u015f Sava\u015f\u0131&#8217;na kat\u0131ld\u0131 ve \u00f6zellikle [&hellip;]","og_url":"https:\/\/akunq.net\/tr\/?p=62170","og_site_name":"Bati Ermenistan Ve Bati Ermenileri Sorunlari Ara\u015ftirmalar Merkezi","article_published_time":"2021-04-01T06:01:06+00:00","og_image":[{"width":700,"height":440,"url":"https:\/\/akunq.net\/tr\/wp-content\/uploads\/sites\/6\/2021\/04\/Komandos.jpg","type":"image\/jpeg"}],"author":"admin","twitter_card":"summary_large_image","twitter_misc":{"Written by":"admin","Est. reading time":"1 minute"},"schema":{"@context":"https:\/\/schema.org","@graph":[{"@type":"Article","@id":"https:\/\/akunq.net\/tr\/?p=62170#article","isPartOf":{"@id":"https:\/\/akunq.net\/tr\/?p=62170"},"author":{"name":"admin","@id":"https:\/\/akunq.net\/tr\/#\/schema\/person\/096f1d38a12cce57fb855b485ed24c9e"},"headline":"\u015eu\u015fi\u2019yi kurtaran Ermeni komutan efsanevi General Komandos hayata g\u00f6zlerini yumdu","datePublished":"2021-04-01T06:01:06+00:00","mainEntityOfPage":{"@id":"https:\/\/akunq.net\/tr\/?p=62170"},"wordCount":205,"commentCount":0,"image":{"@id":"https:\/\/akunq.net\/tr\/?p=62170#primaryimage"},"thumbnailUrl":"https:\/\/akunq.net\/tr\/wp-content\/uploads\/sites\/6\/2021\/04\/Komandos.jpg","articleSection":["Haberler"],"inLanguage":"en-US","potentialAction":[{"@type":"CommentAction","name":"Comment","target":["https:\/\/akunq.net\/tr\/?p=62170#respond"]}]},{"@type":"WebPage","@id":"https:\/\/akunq.net\/tr\/?p=62170","url":"https:\/\/akunq.net\/tr\/?p=62170","name":"\u015eu\u015fi\u2019yi kurtaran Ermeni komutan efsanevi General Komandos hayata g\u00f6zlerini yumdu - Bati Ermenistan Ve Bati Ermenileri Sorunlari Ara\u015ftirmalar Merkezi","isPartOf":{"@id":"https:\/\/akunq.net\/tr\/#website"},"primaryImageOfPage":{"@id":"https:\/\/akunq.net\/tr\/?p=62170#primaryimage"},"image":{"@id":"https:\/\/akunq.net\/tr\/?p=62170#primaryimage"},"thumbnailUrl":"https:\/\/akunq.net\/tr\/wp-content\/uploads\/sites\/6\/2021\/04\/Komandos.jpg","datePublished":"2021-04-01T06:01:06+00:00","author":{"@id":"https:\/\/akunq.net\/tr\/#\/schema\/person\/096f1d38a12cce57fb855b485ed24c9e"},"breadcrumb":{"@id":"https:\/\/akunq.net\/tr\/?p=62170#breadcrumb"},"inLanguage":"en-US","potentialAction":[{"@type":"ReadAction","target":["https:\/\/akunq.net\/tr\/?p=62170"]}]},{"@type":"ImageObject","inLanguage":"en-US","@id":"https:\/\/akunq.net\/tr\/?p=62170#primaryimage","url":"https:\/\/akunq.net\/tr\/wp-content\/uploads\/sites\/6\/2021\/04\/Komandos.jpg","contentUrl":"https:\/\/akunq.net\/tr\/wp-content\/uploads\/sites\/6\/2021\/04\/Komandos.jpg","width":700,"height":440},{"@type":"BreadcrumbList","@id":"https:\/\/akunq.net\/tr\/?p=62170#breadcrumb","itemListElement":[{"@type":"ListItem","position":1,"name":"Home","item":"https:\/\/akunq.net\/tr"},{"@type":"ListItem","position":2,"name":"\u015eu\u015fi\u2019yi kurtaran Ermeni komutan efsanevi General Komandos hayata g\u00f6zlerini yumdu"}]},{"@type":"WebSite","@id":"https:\/\/akunq.net\/tr\/#website","url":"https:\/\/akunq.net\/tr\/","name":"Bati Ermenistan Ve Bati Ermenileri Sorunlari Ara\u015ftirmalar Merkezi","description":"","potentialAction":[{"@type":"SearchAction","target":{"@type":"EntryPoint","urlTemplate":"https:\/\/akunq.net\/tr\/?s={search_term_string}"},"query-input":{"@type":"PropertyValueSpecification","valueRequired":true,"valueName":"search_term_string"}}],"inLanguage":"en-US"},{"@type":"Person","@id":"https:\/\/akunq.net\/tr\/#\/schema\/person\/096f1d38a12cce57fb855b485ed24c9e","name":"admin","url":"https:\/\/akunq.net\/tr\/?author=7"}]}},"_links":{"self":[{"href":"https:\/\/akunq.net\/tr\/index.php?rest_route=\/wp\/v2\/posts\/62170","targetHints":{"allow":["GET"]}}],"collection":[{"href":"https:\/\/akunq.net\/tr\/index.php?rest_route=\/wp\/v2\/posts"}],"about":[{"href":"https:\/\/akunq.net\/tr\/index.php?rest_route=\/wp\/v2\/types\/post"}],"author":[{"embeddable":true,"href":"https:\/\/akunq.net\/tr\/index.php?rest_route=\/wp\/v2\/users\/7"}],"replies":[{"embeddable":true,"href":"https:\/\/akunq.net\/tr\/index.php?rest_route=%2Fwp%2Fv2%2Fcomments&post=62170"}],"version-history":[{"count":1,"href":"https:\/\/akunq.net\/tr\/index.php?rest_route=\/wp\/v2\/posts\/62170\/revisions"}],"predecessor-version":[{"id":62172,"href":"https:\/\/akunq.net\/tr\/index.php?rest_route=\/wp\/v2\/posts\/62170\/revisions\/62172"}],"wp:featuredmedia":[{"embeddable":true,"href":"https:\/\/akunq.net\/tr\/index.php?rest_route=\/wp\/v2\/media\/62171"}],"wp:attachment":[{"href":"https:\/\/akunq.net\/tr\/index.php?rest_route=%2Fwp%2Fv2%2Fmedia&parent=62170"}],"wp:term":[{"taxonomy":"category","embeddable":true,"href":"https:\/\/akunq.net\/tr\/index.php?rest_route=%2Fwp%2Fv2%2Fcategories&post=62170"},{"taxonomy":"post_tag","embeddable":true,"href":"https:\/\/akunq.net\/tr\/index.php?rest_route=%2Fwp%2Fv2%2Ftags&post=62170"}],"curies":[{"name":"wp","href":"https:\/\/api.w.org\/{rel}","templated":true}]}}