{"id":62166,"date":"2021-03-31T03:46:28","date_gmt":"2021-03-31T08:46:28","guid":{"rendered":"https:\/\/akunq.net\/tr\/?p=62166"},"modified":"2021-03-31T03:46:28","modified_gmt":"2021-03-31T08:46:28","slug":"abd-insan-haklari-uygulamalari-turkiye-raporu-temel-ozgurlukler-ve-hukukun-ustunlugu-tehlikede","status":"publish","type":"post","link":"https:\/\/akunq.net\/tr\/?p=62166","title":{"rendered":"ABD \u0130nsan Haklar\u0131 Uygulamalar\u0131 T\u00fcrkiye raporu: Temel \u00f6zg\u00fcrl\u00fckler ve hukukun \u00fcst\u00fcnl\u00fc\u011f\u00fc tehlikede"},"content":{"rendered":"<p><img loading=\"lazy\" decoding=\"async\" class=\"aligncenter size-medium wp-image-62167\" src=\"https:\/\/akunq.net\/tr\/wp-content\/uploads\/2021\/03\/T\u00fcrkiye-360x203.jpg\" alt=\"\" width=\"360\" height=\"203\" srcset=\"https:\/\/akunq.net\/tr\/wp-content\/uploads\/sites\/6\/2021\/03\/T\u00fcrkiye-360x203.jpg 360w, https:\/\/akunq.net\/tr\/wp-content\/uploads\/sites\/6\/2021\/03\/T\u00fcrkiye-768x432.jpg 768w, https:\/\/akunq.net\/tr\/wp-content\/uploads\/sites\/6\/2021\/03\/T\u00fcrkiye-560x315.jpg 560w, https:\/\/akunq.net\/tr\/wp-content\/uploads\/sites\/6\/2021\/03\/T\u00fcrkiye-260x146.jpg 260w, https:\/\/akunq.net\/tr\/wp-content\/uploads\/sites\/6\/2021\/03\/T\u00fcrkiye-160x90.jpg 160w, https:\/\/akunq.net\/tr\/wp-content\/uploads\/sites\/6\/2021\/03\/T\u00fcrkiye.jpg 773w\" sizes=\"auto, (max-width: 360px) 100vw, 360px\" \/><\/p>\n<p><em><strong>Amerika Birle\u015fik Devletleri (ABD) D\u0131\u015fi\u015fleri Bakanl\u0131\u011f\u0131 taraf\u0131ndan t\u00fcm \u00fclkelerle ilgili y\u0131ll\u0131k yay\u0131mlanan \u201cinsan haklar\u0131 uygulamalar\u0131&#8217; raporunun T\u00fcrkiye b\u00f6l\u00fcm\u00fcnde \u00e7ok say\u0131da hak ihlaline dikkat \u00e7ekildi.<\/strong><\/em><\/p>\n<p>Raporun \u00f6zet b\u00f6l\u00fcm\u00fcnde, T\u00fcrk h\u00fck\u00fcmetinin, 2018&#8217;de kabul edilen geni\u015f kapsaml\u0131 ter\u00f6rle m\u00fccadele kanunu \u00e7er\u00e7evesinde temel \u00f6zg\u00fcrl\u00fckleri k\u0131s\u0131tlamaya devam etti\u011fi ve hukukun \u00fcst\u00fcnl\u00fc\u011f\u00fcn\u00fc tehlikeye att\u0131\u011f\u0131 ifade edildi.<\/p>\n<p>Raporda, T\u00fcrkiye&#8217;deki \u00f6nemli insan haklar\u0131 ihlalleri \u015fu \u015fekilde s\u0131raland\u0131:<\/p>\n<p>Keyfi cinayetler; g\u00f6zalt\u0131nda \u015f\u00fcpheli \u00f6l\u00fcmleri; zorla kaybetmeler; i\u015fkence; muhalif politikac\u0131lar ve eski milletvekilleri, avukatlar, gazeteciler, insan haklar\u0131 savunucular\u0131 ve ABD Misyonu \u00e7al\u0131\u015fanlar\u0131 da dahil olmak \u00fczere on binlerce ki\u015finin &#8220;ter\u00f6rist&#8221; gruplarla ba\u011flant\u0131l\u0131 olduklar\u0131 veya bar\u0131\u015f\u00e7\u0131l yasal konu\u015fmalar yapt\u0131klar\u0131 gerek\u00e7esiyle keyfi olarak tutuklanmas\u0131 ve g\u00f6zalt\u0131lar\u0131n s\u00fcrmesi; se\u00e7ilmi\u015f g\u00f6revliler de dahil olmak \u00fczere siyasi mahkumlar\u0131n varl\u0131\u011f\u0131; \u00fclke d\u0131\u015f\u0131nda bulunan ki\u015filere kar\u015f\u0131 siyasi ama\u00e7l\u0131 misillemeler; yarg\u0131 ba\u011f\u0131ms\u0131zl\u0131\u011f\u0131 hakk\u0131nda \u00f6nemli sorunlar; gazetecilere y\u00f6nelik \u015fiddet ve tehdit dahil olmak \u00fczere ifade \u00f6zg\u00fcrl\u00fc\u011f\u00fc, bas\u0131n ve internet \u00fczerindeki kat\u0131 k\u0131s\u0131tlamalar, medya kurulu\u015flar\u0131n\u0131n kapat\u0131lmas\u0131, gazeteciler ve di\u011ferlerinin h\u00fck\u00fcmet politikalar\u0131n\u0131 veya g\u00f6revlilerini ele\u015ftirdikleri gerek\u00e7esiyle haks\u0131z tutuklama veya cezai kovu\u015fturmalara u\u011framas\u0131, sans\u00fcr, site engelleme ve cezai hakaret yasalar\u0131n\u0131n varl\u0131\u011f\u0131; toplanma, dernek kurma ve dola\u015f\u0131m \u00f6zg\u00fcrl\u00fcklerinin ciddi \u015fekilde k\u0131s\u0131tlanmas\u0131; baz\u0131 m\u00fcltecilerin geri g\u00f6nderilme vakalar\u0131; kad\u0131nlara ve lezbiyen, gey, biseks\u00fcel, trans ve interseks ki\u015filere, di\u011fer az\u0131nl\u0131k \u00fcyelerine y\u00f6nelik \u015fiddet.<\/p>\n<p>ABD D\u0131\u015fi\u015fleri Bakanl\u0131\u011f\u0131 raporunda, 15 Temmuz 2016 darbe giri\u015fiminden bu yana &#8216;Fethullah\u00e7\u0131 Ter\u00f6r \u00d6rg\u00fct\u00fc&#8217; olarak adland\u0131r\u0131lan G\u00fclen hareketiyle ba\u011flant\u0131l\u0131 oldu\u011fu iddias\u0131yla 60 binden fazla polis ve askeri personeli ile yakla\u015f\u0131k 125 bin memuru g\u00f6revden ald\u0131\u011f\u0131, yarg\u0131 mensuplar\u0131n\u0131n \u00fc\u00e7te birinin i\u015fine son verdi\u011fi, 90 binden fazla vatanda\u015f\u0131 tutuklad\u0131\u011f\u0131 veya hapse at\u0131ld\u0131\u011f\u0131, bin 500&#8217;den fazla sivil toplum \u00f6rg\u00fct\u00fcn\u00fc kapat\u0131ld\u0131\u011f\u0131 ifadeleri yer ald\u0131.<\/p>\n<h2>&#8216;Suistimal ve yolsuzlu\u011fu soru\u015fturma ve cezaland\u0131rma mekanizmalar\u0131 yetersiz&#8217;<\/h2>\n<p>\u201c\u0130nsan haklar\u0131 uygulamalar\u0131&#8217; raporunda sivil kurulu\u015flar\u0131n kolluk kuvvetleri \u00fczerinde etkili kontrollerine ra\u011fmen suistimal ve yolsuzlu\u011fu soru\u015fturma ve cezaland\u0131rma mekanizmalar\u0131n\u0131n yetersiz kald\u0131\u011f\u0131, g\u00fcvenlik g\u00fc\u00e7leri mensuplar\u0131n\u0131n taraf\u0131ndan istismarlar vakalar\u0131n\u0131n ya\u015fand\u0131\u011f\u0131 belirtildi.<\/p>\n<p>H\u00fck\u00fcmetin, ter\u00f6rle m\u00fccadele operasyonlar\u0131nda ya\u015fanan sivil \u00f6l\u00fcmleriyle ilgili personel soru\u015fturma veya kovu\u015fturma \u00e7abalar\u0131 hakk\u0131nda bilgi payla\u015fmad\u0131\u011f\u0131 da raporda vurgulanan ihlaller aras\u0131nda yer ald\u0131.<\/p>\n<p><a href=\"https:\/\/www.state.gov\/reports\/2020-country-reports-on-human-rights-practices\/turkey\/\" target=\"_blank\" rel=\"noopener noreferrer\">Raporun<\/a> \u00f6zet b\u00f6l\u00fcm\u00fcnde Avrupa G\u00fcvenlik ve \u0130\u015fbirli\u011fi Te\u015fkilat\u0131 (AG\u0130T) g\u00f6zlemci raporlar\u0131na at\u0131fla , 2018&#8217;deki cumhurba\u015fkanl\u0131\u011f\u0131 ve parlamento se\u00e7imlerinde, iktidar ile muhalefet aras\u0131nda e\u015fit olmayan rekabet ko\u015fullar\u0131, bir Cumhurba\u015fkan\u0131 aday\u0131n\u0131n (Selahattin Demirta\u015f) hapse at\u0131lmas\u0131 da dahil olmak \u00fczere, \u00f6zg\u00fcr medya habercili\u011fi ve kampanya ortam\u0131 \u00fczerindeki k\u0131s\u0131tlamalarla ilgili endi\u015feler hat\u0131rlat\u0131ld\u0131.<\/p>\n<p><em><strong>https:\/\/tr.euronews.com\/2021\/03\/30\/abd-insan-haklar-uygulamalar-turkiye-raporu-temel-ozgurlukler-ve-hukukun-ustunlugu-tehlike\u00a0<\/strong><\/em><\/p>\n","protected":false},"excerpt":{"rendered":"<p>Amerika Birle\u015fik Devletleri (ABD) D\u0131\u015fi\u015fleri Bakanl\u0131\u011f\u0131 taraf\u0131ndan t\u00fcm \u00fclkelerle ilgili y\u0131ll\u0131k yay\u0131mlanan \u201cinsan haklar\u0131 uygulamalar\u0131&#8217; raporunun T\u00fcrkiye b\u00f6l\u00fcm\u00fcnde \u00e7ok say\u0131da hak ihlaline dikkat \u00e7ekildi. Raporun \u00f6zet b\u00f6l\u00fcm\u00fcnde, T\u00fcrk h\u00fck\u00fcmetinin, 2018&#8217;de kabul edilen geni\u015f kapsaml\u0131 ter\u00f6rle m\u00fccadele kanunu \u00e7er\u00e7evesinde temel \u00f6zg\u00fcrl\u00fckleri k\u0131s\u0131tlamaya devam etti\u011fi ve hukukun \u00fcst\u00fcnl\u00fc\u011f\u00fcn\u00fc tehlikeye att\u0131\u011f\u0131 ifade edildi. Raporda, T\u00fcrkiye&#8217;deki \u00f6nemli insan haklar\u0131 [&hellip;]<\/p>\n","protected":false},"author":7,"featured_media":62167,"comment_status":"open","ping_status":"open","sticky":false,"template":"","format":"standard","meta":{"footnotes":""},"categories":[1],"tags":[],"class_list":["post-62166","post","type-post","status-publish","format-standard","has-post-thumbnail","hentry","category-haberler"],"yoast_head":"<!-- This site is optimized with the Yoast SEO plugin v27.4 - https:\/\/yoast.com\/product\/yoast-seo-wordpress\/ -->\n<title>ABD \u0130nsan Haklar\u0131 Uygulamalar\u0131 T\u00fcrkiye raporu: Temel \u00f6zg\u00fcrl\u00fckler ve hukukun \u00fcst\u00fcnl\u00fc\u011f\u00fc tehlikede - Bati Ermenistan Ve Bati Ermenileri Sorunlari Ara\u015ftirmalar Merkezi<\/title>\n<meta name=\"robots\" content=\"index, follow, max-snippet:-1, max-image-preview:large, max-video-preview:-1\" \/>\n<link rel=\"canonical\" href=\"https:\/\/akunq.net\/tr\/?p=62166\" \/>\n<meta property=\"og:locale\" content=\"en_US\" \/>\n<meta property=\"og:type\" content=\"article\" \/>\n<meta property=\"og:title\" content=\"ABD \u0130nsan Haklar\u0131 Uygulamalar\u0131 T\u00fcrkiye raporu: Temel \u00f6zg\u00fcrl\u00fckler ve hukukun \u00fcst\u00fcnl\u00fc\u011f\u00fc tehlikede - Bati Ermenistan Ve Bati Ermenileri Sorunlari Ara\u015ftirmalar Merkezi\" \/>\n<meta property=\"og:description\" content=\"Amerika Birle\u015fik Devletleri (ABD) D\u0131\u015fi\u015fleri Bakanl\u0131\u011f\u0131 taraf\u0131ndan t\u00fcm \u00fclkelerle ilgili y\u0131ll\u0131k yay\u0131mlanan \u201cinsan haklar\u0131 uygulamalar\u0131&#8217; raporunun T\u00fcrkiye b\u00f6l\u00fcm\u00fcnde \u00e7ok say\u0131da hak ihlaline dikkat \u00e7ekildi. Raporun \u00f6zet b\u00f6l\u00fcm\u00fcnde, T\u00fcrk h\u00fck\u00fcmetinin, 2018&#8217;de kabul edilen geni\u015f kapsaml\u0131 ter\u00f6rle m\u00fccadele kanunu \u00e7er\u00e7evesinde temel \u00f6zg\u00fcrl\u00fckleri k\u0131s\u0131tlamaya devam etti\u011fi ve hukukun \u00fcst\u00fcnl\u00fc\u011f\u00fcn\u00fc tehlikeye att\u0131\u011f\u0131 ifade edildi. Raporda, T\u00fcrkiye&#8217;deki \u00f6nemli insan haklar\u0131 [&hellip;]\" \/>\n<meta property=\"og:url\" content=\"https:\/\/akunq.net\/tr\/?p=62166\" \/>\n<meta property=\"og:site_name\" content=\"Bati Ermenistan Ve Bati Ermenileri Sorunlari Ara\u015ftirmalar Merkezi\" \/>\n<meta property=\"article:published_time\" content=\"2021-03-31T08:46:28+00:00\" \/>\n<meta property=\"og:image\" content=\"https:\/\/akunq.net\/tr\/wp-content\/uploads\/sites\/6\/2021\/03\/T\u00fcrkiye.jpg\" \/>\n\t<meta property=\"og:image:width\" content=\"773\" \/>\n\t<meta property=\"og:image:height\" content=\"435\" \/>\n\t<meta property=\"og:image:type\" content=\"image\/jpeg\" \/>\n<meta name=\"author\" content=\"admin\" \/>\n<meta name=\"twitter:card\" content=\"summary_large_image\" \/>\n<meta name=\"twitter:label1\" content=\"Written by\" \/>\n\t<meta name=\"twitter:data1\" content=\"admin\" \/>\n\t<meta name=\"twitter:label2\" content=\"Est. reading time\" \/>\n\t<meta name=\"twitter:data2\" content=\"3 minutes\" \/>\n<script type=\"application\/ld+json\" class=\"yoast-schema-graph\">{\"@context\":\"https:\\\/\\\/schema.org\",\"@graph\":[{\"@type\":\"Article\",\"@id\":\"https:\\\/\\\/akunq.net\\\/tr\\\/?p=62166#article\",\"isPartOf\":{\"@id\":\"https:\\\/\\\/akunq.net\\\/tr\\\/?p=62166\"},\"author\":{\"name\":\"admin\",\"@id\":\"https:\\\/\\\/akunq.net\\\/tr\\\/#\\\/schema\\\/person\\\/096f1d38a12cce57fb855b485ed24c9e\"},\"headline\":\"ABD \u0130nsan Haklar\u0131 Uygulamalar\u0131 T\u00fcrkiye raporu: Temel \u00f6zg\u00fcrl\u00fckler ve hukukun \u00fcst\u00fcnl\u00fc\u011f\u00fc tehlikede\",\"datePublished\":\"2021-03-31T08:46:28+00:00\",\"mainEntityOfPage\":{\"@id\":\"https:\\\/\\\/akunq.net\\\/tr\\\/?p=62166\"},\"wordCount\":555,\"commentCount\":0,\"image\":{\"@id\":\"https:\\\/\\\/akunq.net\\\/tr\\\/?p=62166#primaryimage\"},\"thumbnailUrl\":\"https:\\\/\\\/akunq.net\\\/tr\\\/wp-content\\\/uploads\\\/sites\\\/6\\\/2021\\\/03\\\/T\u00fcrkiye.jpg\",\"articleSection\":[\"Haberler\"],\"inLanguage\":\"en-US\",\"potentialAction\":[{\"@type\":\"CommentAction\",\"name\":\"Comment\",\"target\":[\"https:\\\/\\\/akunq.net\\\/tr\\\/?p=62166#respond\"]}]},{\"@type\":\"WebPage\",\"@id\":\"https:\\\/\\\/akunq.net\\\/tr\\\/?p=62166\",\"url\":\"https:\\\/\\\/akunq.net\\\/tr\\\/?p=62166\",\"name\":\"ABD \u0130nsan Haklar\u0131 Uygulamalar\u0131 T\u00fcrkiye raporu: Temel \u00f6zg\u00fcrl\u00fckler ve hukukun \u00fcst\u00fcnl\u00fc\u011f\u00fc tehlikede - Bati Ermenistan Ve Bati Ermenileri Sorunlari Ara\u015ftirmalar Merkezi\",\"isPartOf\":{\"@id\":\"https:\\\/\\\/akunq.net\\\/tr\\\/#website\"},\"primaryImageOfPage\":{\"@id\":\"https:\\\/\\\/akunq.net\\\/tr\\\/?p=62166#primaryimage\"},\"image\":{\"@id\":\"https:\\\/\\\/akunq.net\\\/tr\\\/?p=62166#primaryimage\"},\"thumbnailUrl\":\"https:\\\/\\\/akunq.net\\\/tr\\\/wp-content\\\/uploads\\\/sites\\\/6\\\/2021\\\/03\\\/T\u00fcrkiye.jpg\",\"datePublished\":\"2021-03-31T08:46:28+00:00\",\"author\":{\"@id\":\"https:\\\/\\\/akunq.net\\\/tr\\\/#\\\/schema\\\/person\\\/096f1d38a12cce57fb855b485ed24c9e\"},\"breadcrumb\":{\"@id\":\"https:\\\/\\\/akunq.net\\\/tr\\\/?p=62166#breadcrumb\"},\"inLanguage\":\"en-US\",\"potentialAction\":[{\"@type\":\"ReadAction\",\"target\":[\"https:\\\/\\\/akunq.net\\\/tr\\\/?p=62166\"]}]},{\"@type\":\"ImageObject\",\"inLanguage\":\"en-US\",\"@id\":\"https:\\\/\\\/akunq.net\\\/tr\\\/?p=62166#primaryimage\",\"url\":\"https:\\\/\\\/akunq.net\\\/tr\\\/wp-content\\\/uploads\\\/sites\\\/6\\\/2021\\\/03\\\/T\u00fcrkiye.jpg\",\"contentUrl\":\"https:\\\/\\\/akunq.net\\\/tr\\\/wp-content\\\/uploads\\\/sites\\\/6\\\/2021\\\/03\\\/T\u00fcrkiye.jpg\",\"width\":773,\"height\":435},{\"@type\":\"BreadcrumbList\",\"@id\":\"https:\\\/\\\/akunq.net\\\/tr\\\/?p=62166#breadcrumb\",\"itemListElement\":[{\"@type\":\"ListItem\",\"position\":1,\"name\":\"Home\",\"item\":\"https:\\\/\\\/akunq.net\\\/tr\"},{\"@type\":\"ListItem\",\"position\":2,\"name\":\"ABD \u0130nsan Haklar\u0131 Uygulamalar\u0131 T\u00fcrkiye raporu: Temel \u00f6zg\u00fcrl\u00fckler ve hukukun \u00fcst\u00fcnl\u00fc\u011f\u00fc tehlikede\"}]},{\"@type\":\"WebSite\",\"@id\":\"https:\\\/\\\/akunq.net\\\/tr\\\/#website\",\"url\":\"https:\\\/\\\/akunq.net\\\/tr\\\/\",\"name\":\"Bati Ermenistan Ve Bati Ermenileri Sorunlari Ara\u015ftirmalar Merkezi\",\"description\":\"\",\"potentialAction\":[{\"@type\":\"SearchAction\",\"target\":{\"@type\":\"EntryPoint\",\"urlTemplate\":\"https:\\\/\\\/akunq.net\\\/tr\\\/?s={search_term_string}\"},\"query-input\":{\"@type\":\"PropertyValueSpecification\",\"valueRequired\":true,\"valueName\":\"search_term_string\"}}],\"inLanguage\":\"en-US\"},{\"@type\":\"Person\",\"@id\":\"https:\\\/\\\/akunq.net\\\/tr\\\/#\\\/schema\\\/person\\\/096f1d38a12cce57fb855b485ed24c9e\",\"name\":\"admin\",\"url\":\"https:\\\/\\\/akunq.net\\\/tr\\\/?author=7\"}]}<\/script>\n<!-- \/ Yoast SEO plugin. -->","yoast_head_json":{"title":"ABD \u0130nsan Haklar\u0131 Uygulamalar\u0131 T\u00fcrkiye raporu: Temel \u00f6zg\u00fcrl\u00fckler ve hukukun \u00fcst\u00fcnl\u00fc\u011f\u00fc tehlikede - Bati Ermenistan Ve Bati Ermenileri Sorunlari Ara\u015ftirmalar Merkezi","robots":{"index":"index","follow":"follow","max-snippet":"max-snippet:-1","max-image-preview":"max-image-preview:large","max-video-preview":"max-video-preview:-1"},"canonical":"https:\/\/akunq.net\/tr\/?p=62166","og_locale":"en_US","og_type":"article","og_title":"ABD \u0130nsan Haklar\u0131 Uygulamalar\u0131 T\u00fcrkiye raporu: Temel \u00f6zg\u00fcrl\u00fckler ve hukukun \u00fcst\u00fcnl\u00fc\u011f\u00fc tehlikede - Bati Ermenistan Ve Bati Ermenileri Sorunlari Ara\u015ftirmalar Merkezi","og_description":"Amerika Birle\u015fik Devletleri (ABD) D\u0131\u015fi\u015fleri Bakanl\u0131\u011f\u0131 taraf\u0131ndan t\u00fcm \u00fclkelerle ilgili y\u0131ll\u0131k yay\u0131mlanan \u201cinsan haklar\u0131 uygulamalar\u0131&#8217; raporunun T\u00fcrkiye b\u00f6l\u00fcm\u00fcnde \u00e7ok say\u0131da hak ihlaline dikkat \u00e7ekildi. Raporun \u00f6zet b\u00f6l\u00fcm\u00fcnde, T\u00fcrk h\u00fck\u00fcmetinin, 2018&#8217;de kabul edilen geni\u015f kapsaml\u0131 ter\u00f6rle m\u00fccadele kanunu \u00e7er\u00e7evesinde temel \u00f6zg\u00fcrl\u00fckleri k\u0131s\u0131tlamaya devam etti\u011fi ve hukukun \u00fcst\u00fcnl\u00fc\u011f\u00fcn\u00fc tehlikeye att\u0131\u011f\u0131 ifade edildi. Raporda, T\u00fcrkiye&#8217;deki \u00f6nemli insan haklar\u0131 [&hellip;]","og_url":"https:\/\/akunq.net\/tr\/?p=62166","og_site_name":"Bati Ermenistan Ve Bati Ermenileri Sorunlari Ara\u015ftirmalar Merkezi","article_published_time":"2021-03-31T08:46:28+00:00","og_image":[{"width":773,"height":435,"url":"https:\/\/akunq.net\/tr\/wp-content\/uploads\/sites\/6\/2021\/03\/T\u00fcrkiye.jpg","type":"image\/jpeg"}],"author":"admin","twitter_card":"summary_large_image","twitter_misc":{"Written by":"admin","Est. reading time":"3 minutes"},"schema":{"@context":"https:\/\/schema.org","@graph":[{"@type":"Article","@id":"https:\/\/akunq.net\/tr\/?p=62166#article","isPartOf":{"@id":"https:\/\/akunq.net\/tr\/?p=62166"},"author":{"name":"admin","@id":"https:\/\/akunq.net\/tr\/#\/schema\/person\/096f1d38a12cce57fb855b485ed24c9e"},"headline":"ABD \u0130nsan Haklar\u0131 Uygulamalar\u0131 T\u00fcrkiye raporu: Temel \u00f6zg\u00fcrl\u00fckler ve hukukun \u00fcst\u00fcnl\u00fc\u011f\u00fc tehlikede","datePublished":"2021-03-31T08:46:28+00:00","mainEntityOfPage":{"@id":"https:\/\/akunq.net\/tr\/?p=62166"},"wordCount":555,"commentCount":0,"image":{"@id":"https:\/\/akunq.net\/tr\/?p=62166#primaryimage"},"thumbnailUrl":"https:\/\/akunq.net\/tr\/wp-content\/uploads\/sites\/6\/2021\/03\/T\u00fcrkiye.jpg","articleSection":["Haberler"],"inLanguage":"en-US","potentialAction":[{"@type":"CommentAction","name":"Comment","target":["https:\/\/akunq.net\/tr\/?p=62166#respond"]}]},{"@type":"WebPage","@id":"https:\/\/akunq.net\/tr\/?p=62166","url":"https:\/\/akunq.net\/tr\/?p=62166","name":"ABD \u0130nsan Haklar\u0131 Uygulamalar\u0131 T\u00fcrkiye raporu: Temel \u00f6zg\u00fcrl\u00fckler ve hukukun \u00fcst\u00fcnl\u00fc\u011f\u00fc tehlikede - Bati Ermenistan Ve Bati Ermenileri Sorunlari Ara\u015ftirmalar Merkezi","isPartOf":{"@id":"https:\/\/akunq.net\/tr\/#website"},"primaryImageOfPage":{"@id":"https:\/\/akunq.net\/tr\/?p=62166#primaryimage"},"image":{"@id":"https:\/\/akunq.net\/tr\/?p=62166#primaryimage"},"thumbnailUrl":"https:\/\/akunq.net\/tr\/wp-content\/uploads\/sites\/6\/2021\/03\/T\u00fcrkiye.jpg","datePublished":"2021-03-31T08:46:28+00:00","author":{"@id":"https:\/\/akunq.net\/tr\/#\/schema\/person\/096f1d38a12cce57fb855b485ed24c9e"},"breadcrumb":{"@id":"https:\/\/akunq.net\/tr\/?p=62166#breadcrumb"},"inLanguage":"en-US","potentialAction":[{"@type":"ReadAction","target":["https:\/\/akunq.net\/tr\/?p=62166"]}]},{"@type":"ImageObject","inLanguage":"en-US","@id":"https:\/\/akunq.net\/tr\/?p=62166#primaryimage","url":"https:\/\/akunq.net\/tr\/wp-content\/uploads\/sites\/6\/2021\/03\/T\u00fcrkiye.jpg","contentUrl":"https:\/\/akunq.net\/tr\/wp-content\/uploads\/sites\/6\/2021\/03\/T\u00fcrkiye.jpg","width":773,"height":435},{"@type":"BreadcrumbList","@id":"https:\/\/akunq.net\/tr\/?p=62166#breadcrumb","itemListElement":[{"@type":"ListItem","position":1,"name":"Home","item":"https:\/\/akunq.net\/tr"},{"@type":"ListItem","position":2,"name":"ABD \u0130nsan Haklar\u0131 Uygulamalar\u0131 T\u00fcrkiye raporu: Temel \u00f6zg\u00fcrl\u00fckler ve hukukun \u00fcst\u00fcnl\u00fc\u011f\u00fc tehlikede"}]},{"@type":"WebSite","@id":"https:\/\/akunq.net\/tr\/#website","url":"https:\/\/akunq.net\/tr\/","name":"Bati Ermenistan Ve Bati Ermenileri Sorunlari Ara\u015ftirmalar Merkezi","description":"","potentialAction":[{"@type":"SearchAction","target":{"@type":"EntryPoint","urlTemplate":"https:\/\/akunq.net\/tr\/?s={search_term_string}"},"query-input":{"@type":"PropertyValueSpecification","valueRequired":true,"valueName":"search_term_string"}}],"inLanguage":"en-US"},{"@type":"Person","@id":"https:\/\/akunq.net\/tr\/#\/schema\/person\/096f1d38a12cce57fb855b485ed24c9e","name":"admin","url":"https:\/\/akunq.net\/tr\/?author=7"}]}},"_links":{"self":[{"href":"https:\/\/akunq.net\/tr\/index.php?rest_route=\/wp\/v2\/posts\/62166","targetHints":{"allow":["GET"]}}],"collection":[{"href":"https:\/\/akunq.net\/tr\/index.php?rest_route=\/wp\/v2\/posts"}],"about":[{"href":"https:\/\/akunq.net\/tr\/index.php?rest_route=\/wp\/v2\/types\/post"}],"author":[{"embeddable":true,"href":"https:\/\/akunq.net\/tr\/index.php?rest_route=\/wp\/v2\/users\/7"}],"replies":[{"embeddable":true,"href":"https:\/\/akunq.net\/tr\/index.php?rest_route=%2Fwp%2Fv2%2Fcomments&post=62166"}],"version-history":[{"count":1,"href":"https:\/\/akunq.net\/tr\/index.php?rest_route=\/wp\/v2\/posts\/62166\/revisions"}],"predecessor-version":[{"id":62168,"href":"https:\/\/akunq.net\/tr\/index.php?rest_route=\/wp\/v2\/posts\/62166\/revisions\/62168"}],"wp:featuredmedia":[{"embeddable":true,"href":"https:\/\/akunq.net\/tr\/index.php?rest_route=\/wp\/v2\/media\/62167"}],"wp:attachment":[{"href":"https:\/\/akunq.net\/tr\/index.php?rest_route=%2Fwp%2Fv2%2Fmedia&parent=62166"}],"wp:term":[{"taxonomy":"category","embeddable":true,"href":"https:\/\/akunq.net\/tr\/index.php?rest_route=%2Fwp%2Fv2%2Fcategories&post=62166"},{"taxonomy":"post_tag","embeddable":true,"href":"https:\/\/akunq.net\/tr\/index.php?rest_route=%2Fwp%2Fv2%2Ftags&post=62166"}],"curies":[{"name":"wp","href":"https:\/\/api.w.org\/{rel}","templated":true}]}}