{"id":62160,"date":"2021-03-31T02:53:10","date_gmt":"2021-03-31T07:53:10","guid":{"rendered":"https:\/\/akunq.net\/tr\/?p=62160"},"modified":"2021-03-31T02:53:10","modified_gmt":"2021-03-31T07:53:10","slug":"jerusalem-post-ermeni-soykirimini-tanima-zamani-geldi-biden-tarihi-hatayi-duzeltebilir","status":"publish","type":"post","link":"https:\/\/akunq.net\/tr\/?p=62160","title":{"rendered":"Jerusalem Post: Ermeni Soyk\u0131r\u0131m\u0131&#8217;n\u0131 tan\u0131ma zaman\u0131 geldi, Biden tarihi hatay\u0131 d\u00fczeltebilir"},"content":{"rendered":"<p><img loading=\"lazy\" decoding=\"async\" class=\"aligncenter size-medium wp-image-62161\" src=\"https:\/\/akunq.net\/tr\/wp-content\/uploads\/2021\/03\/Biden-360x242.jpg\" alt=\"\" width=\"360\" height=\"242\" srcset=\"https:\/\/akunq.net\/tr\/wp-content\/uploads\/sites\/6\/2021\/03\/Biden-360x242.jpg 360w, https:\/\/akunq.net\/tr\/wp-content\/uploads\/sites\/6\/2021\/03\/Biden-560x376.jpg 560w, https:\/\/akunq.net\/tr\/wp-content\/uploads\/sites\/6\/2021\/03\/Biden-260x175.jpg 260w, https:\/\/akunq.net\/tr\/wp-content\/uploads\/sites\/6\/2021\/03\/Biden-160x107.jpg 160w, https:\/\/akunq.net\/tr\/wp-content\/uploads\/sites\/6\/2021\/03\/Biden.jpg 670w\" sizes=\"auto, (max-width: 360px) 100vw, 360px\" \/><\/p>\n<p><em><strong>\u0130srail\u2019de yay\u0131nlanan me\u015fhur Jerusalem Post gazetesinin k\u00f6\u015fe yazarlar\u0131ndan Emily Schrader son makalesinde ABD Devlet Ba\u015fkan\u0131 Joe Biden taraf\u0131ndan Ermeni Soyk\u0131r\u0131m\u0131&#8217;n\u0131 tan\u0131ma ihtimalini ele ald\u0131.<\/strong><\/em><\/p>\n<p>Ermeni Soyk\u0131r\u0131m\u0131&#8217;n\u0131n tan\u0131nmas\u0131 k\u00f6\u015fe yazar\u0131n\u0131n s\u00f6zlerine g\u00f6re tarihi hatay\u0131 d\u00fczeltmek yolunda \u00f6nemli bir ad\u0131m olabilir.<\/p>\n<p>ABD Beyaz Saray\u0131\u2019ndan Ermeni Soyk\u0131r\u0131m\u0131&#8217;n\u0131n tan\u0131nmas\u0131na ili\u015fkim olumlu sinyaller geliyor. Ko\u015fe yazar\u0131 \u0130srail\u2019in g\u00fcn\u00fcm\u00fcze kadar Ermeni Soyk\u0131r\u0131m\u0131&#8217;n\u0131 tan\u0131maktan baz\u0131 sebeplerden dolay\u0131 vazge\u00e7ti\u011fini ifade ederek \u015fu s\u00f6zlere yer verdi makalesinde:<\/p>\n<p>\u201c\u0130srail H\u00fck\u00fcmeti T\u00fcrkiye ile sa\u011flam olmasa da fakat yine stratejik siyasi ili\u015fkilerinden dolay\u0131 Ermeni Soyk\u0131r\u0131m\u0131&#8217;n\u0131 tan\u0131maktan vazge\u00e7mi\u015f. Onlarca y\u0131l T\u00fcrkiye halklar\u0131na \u015fantaj uygulad\u0131 ve Ermeni Soyk\u0131r\u0131m\u0131&#8217;n\u0131 tan\u0131ma ihtimalinden bile s\u00f6z edildi\u011finde tehdit etmi\u015ftir.\u201d<\/p>\n<p>Yahudi gazeteci \u0130srail\u2019in eskiden T\u00fcrkiye\u2019den \u00e7ok daha ba\u011fl\u0131 oldu\u011funu ve diplomatik ili\u015fkileri olan, yak\u0131n bir i\u015fbirli\u011fi s\u00fcrd\u00fcrd\u00fc\u011f\u00fc tek m\u00fcsl\u00fcman \u00fclke oldu\u011fu i\u00e7in b\u00f6yle bir ad\u0131m atamad\u0131\u011f\u0131n\u0131, ancak g\u00fcn\u00fcm\u00fczde diktat\u00f6r ve islamc\u0131 Recep Tayyip Erdo\u011fan\u2019\u0131n \u00f6nderli\u011finde T\u00fcrkiye\u2019nin \u0130srail\u2019e kar\u015f\u0131 a\u00e7\u0131k bir d\u00fc\u015fmanl\u0131k tavr\u0131 sergiledi\u011fini ifade etti.<\/p>\n<p>\u015eu an \u0130srail bu konuda daha ba\u011f\u0131ms\u0131zd\u0131r T\u00fcrkiye\u2019den, fakat buna ra\u011fmen Emily Schrader\u2019\u0131n s\u00f6zlerine g\u00f6re Ermeni Soyk\u0131r\u0131m\u0131&#8217;n\u0131 tan\u0131mak ve tarihin do\u011fru taraf\u0131nda yer almak yerinde \u0130srail H\u00fck\u00fcmeti bir kez daha Ermeni halk\u0131n\u0131 \u2018satt\u0131\u2019 ve Ermeni \u015fehirlerini bombalayan Azerbaycan\u2019a silah sa\u011flad\u0131.<\/p>\n<p>Makale yazar\u0131 ABD Devlet Ba\u015fkan\u0131 Joe Biden taraf\u0131ndan Ermeni Soyk\u0131r\u0131m\u0131&#8217;n\u0131n tan\u0131nmas\u0131 sadece Ermenistan halk\u0131na de\u011fil, ayn\u0131 zamanda t\u00fcm d\u00fcnyaya manevi a\u00e7\u0131s\u0131ndan do\u011fru ve gerekli bir mesaj olaca\u011f\u0131n\u0131 vurgulad\u0131 ve Ermeni Soyk\u0131r\u0131m\u0131 tan\u0131man\u0131n tam zaman\u0131 oldu\u011funu belirtti.<\/p>\n<p><em><strong>https:\/\/www.ermenihaber.am\/tr\/news\/2021\/03\/30\/Jerusalem-Post-Ermeni-Soyk%C4%B1r%C4%B1m%C4%B1-%C4%B0srail-ABD\/205211\u00a0<\/strong><\/em><\/p>\n","protected":false},"excerpt":{"rendered":"<p>\u0130srail\u2019de yay\u0131nlanan me\u015fhur Jerusalem Post gazetesinin k\u00f6\u015fe yazarlar\u0131ndan Emily Schrader son makalesinde ABD Devlet Ba\u015fkan\u0131 Joe Biden taraf\u0131ndan Ermeni Soyk\u0131r\u0131m\u0131&#8217;n\u0131 tan\u0131ma ihtimalini ele ald\u0131. Ermeni Soyk\u0131r\u0131m\u0131&#8217;n\u0131n tan\u0131nmas\u0131 k\u00f6\u015fe yazar\u0131n\u0131n s\u00f6zlerine g\u00f6re tarihi hatay\u0131 d\u00fczeltmek yolunda \u00f6nemli bir ad\u0131m olabilir. ABD Beyaz Saray\u0131\u2019ndan Ermeni Soyk\u0131r\u0131m\u0131&#8217;n\u0131n tan\u0131nmas\u0131na ili\u015fkim olumlu sinyaller geliyor. Ko\u015fe yazar\u0131 \u0130srail\u2019in g\u00fcn\u00fcm\u00fcze kadar Ermeni [&hellip;]<\/p>\n","protected":false},"author":7,"featured_media":62161,"comment_status":"open","ping_status":"open","sticky":false,"template":"","format":"standard","meta":{"footnotes":""},"categories":[44,1],"tags":[],"class_list":["post-62160","post","type-post","status-publish","format-standard","has-post-thumbnail","hentry","category-ermeni-soykirimi","category-haberler"],"yoast_head":"<!-- This site is optimized with the Yoast SEO plugin v27.4 - https:\/\/yoast.com\/product\/yoast-seo-wordpress\/ -->\n<title>Jerusalem Post: Ermeni Soyk\u0131r\u0131m\u0131&#039;n\u0131 tan\u0131ma zaman\u0131 geldi, Biden tarihi hatay\u0131 d\u00fczeltebilir - Bati Ermenistan Ve Bati Ermenileri Sorunlari Ara\u015ftirmalar Merkezi<\/title>\n<meta name=\"robots\" content=\"index, follow, max-snippet:-1, max-image-preview:large, max-video-preview:-1\" \/>\n<link rel=\"canonical\" href=\"https:\/\/akunq.net\/tr\/?p=62160\" \/>\n<meta property=\"og:locale\" content=\"en_US\" \/>\n<meta property=\"og:type\" content=\"article\" \/>\n<meta property=\"og:title\" content=\"Jerusalem Post: Ermeni Soyk\u0131r\u0131m\u0131&#039;n\u0131 tan\u0131ma zaman\u0131 geldi, Biden tarihi hatay\u0131 d\u00fczeltebilir - Bati Ermenistan Ve Bati Ermenileri Sorunlari Ara\u015ftirmalar Merkezi\" \/>\n<meta property=\"og:description\" content=\"\u0130srail\u2019de yay\u0131nlanan me\u015fhur Jerusalem Post gazetesinin k\u00f6\u015fe yazarlar\u0131ndan Emily Schrader son makalesinde ABD Devlet Ba\u015fkan\u0131 Joe Biden taraf\u0131ndan Ermeni Soyk\u0131r\u0131m\u0131&#8217;n\u0131 tan\u0131ma ihtimalini ele ald\u0131. Ermeni Soyk\u0131r\u0131m\u0131&#8217;n\u0131n tan\u0131nmas\u0131 k\u00f6\u015fe yazar\u0131n\u0131n s\u00f6zlerine g\u00f6re tarihi hatay\u0131 d\u00fczeltmek yolunda \u00f6nemli bir ad\u0131m olabilir. ABD Beyaz Saray\u0131\u2019ndan Ermeni Soyk\u0131r\u0131m\u0131&#8217;n\u0131n tan\u0131nmas\u0131na ili\u015fkim olumlu sinyaller geliyor. Ko\u015fe yazar\u0131 \u0130srail\u2019in g\u00fcn\u00fcm\u00fcze kadar Ermeni [&hellip;]\" \/>\n<meta property=\"og:url\" content=\"https:\/\/akunq.net\/tr\/?p=62160\" \/>\n<meta property=\"og:site_name\" content=\"Bati Ermenistan Ve Bati Ermenileri Sorunlari Ara\u015ftirmalar Merkezi\" \/>\n<meta property=\"article:published_time\" content=\"2021-03-31T07:53:10+00:00\" \/>\n<meta property=\"og:image\" content=\"https:\/\/akunq.net\/tr\/wp-content\/uploads\/sites\/6\/2021\/03\/Biden.jpg\" \/>\n\t<meta property=\"og:image:width\" content=\"670\" \/>\n\t<meta property=\"og:image:height\" content=\"450\" \/>\n\t<meta property=\"og:image:type\" content=\"image\/jpeg\" \/>\n<meta name=\"author\" content=\"admin\" \/>\n<meta name=\"twitter:card\" content=\"summary_large_image\" \/>\n<meta name=\"twitter:label1\" content=\"Written by\" \/>\n\t<meta name=\"twitter:data1\" content=\"admin\" \/>\n\t<meta name=\"twitter:label2\" content=\"Est. reading time\" \/>\n\t<meta name=\"twitter:data2\" content=\"2 minutes\" \/>\n<script type=\"application\/ld+json\" class=\"yoast-schema-graph\">{\"@context\":\"https:\\\/\\\/schema.org\",\"@graph\":[{\"@type\":\"Article\",\"@id\":\"https:\\\/\\\/akunq.net\\\/tr\\\/?p=62160#article\",\"isPartOf\":{\"@id\":\"https:\\\/\\\/akunq.net\\\/tr\\\/?p=62160\"},\"author\":{\"name\":\"admin\",\"@id\":\"https:\\\/\\\/akunq.net\\\/tr\\\/#\\\/schema\\\/person\\\/096f1d38a12cce57fb855b485ed24c9e\"},\"headline\":\"Jerusalem Post: Ermeni Soyk\u0131r\u0131m\u0131&#8217;n\u0131 tan\u0131ma zaman\u0131 geldi, Biden tarihi hatay\u0131 d\u00fczeltebilir\",\"datePublished\":\"2021-03-31T07:53:10+00:00\",\"mainEntityOfPage\":{\"@id\":\"https:\\\/\\\/akunq.net\\\/tr\\\/?p=62160\"},\"wordCount\":392,\"commentCount\":0,\"image\":{\"@id\":\"https:\\\/\\\/akunq.net\\\/tr\\\/?p=62160#primaryimage\"},\"thumbnailUrl\":\"https:\\\/\\\/akunq.net\\\/tr\\\/wp-content\\\/uploads\\\/sites\\\/6\\\/2021\\\/03\\\/Biden.jpg\",\"articleSection\":[\"Ermeni Soyk\u0131r\u0131m\u0131\",\"Haberler\"],\"inLanguage\":\"en-US\",\"potentialAction\":[{\"@type\":\"CommentAction\",\"name\":\"Comment\",\"target\":[\"https:\\\/\\\/akunq.net\\\/tr\\\/?p=62160#respond\"]}]},{\"@type\":\"WebPage\",\"@id\":\"https:\\\/\\\/akunq.net\\\/tr\\\/?p=62160\",\"url\":\"https:\\\/\\\/akunq.net\\\/tr\\\/?p=62160\",\"name\":\"Jerusalem Post: Ermeni Soyk\u0131r\u0131m\u0131'n\u0131 tan\u0131ma zaman\u0131 geldi, Biden tarihi hatay\u0131 d\u00fczeltebilir - Bati Ermenistan Ve Bati Ermenileri Sorunlari Ara\u015ftirmalar Merkezi\",\"isPartOf\":{\"@id\":\"https:\\\/\\\/akunq.net\\\/tr\\\/#website\"},\"primaryImageOfPage\":{\"@id\":\"https:\\\/\\\/akunq.net\\\/tr\\\/?p=62160#primaryimage\"},\"image\":{\"@id\":\"https:\\\/\\\/akunq.net\\\/tr\\\/?p=62160#primaryimage\"},\"thumbnailUrl\":\"https:\\\/\\\/akunq.net\\\/tr\\\/wp-content\\\/uploads\\\/sites\\\/6\\\/2021\\\/03\\\/Biden.jpg\",\"datePublished\":\"2021-03-31T07:53:10+00:00\",\"author\":{\"@id\":\"https:\\\/\\\/akunq.net\\\/tr\\\/#\\\/schema\\\/person\\\/096f1d38a12cce57fb855b485ed24c9e\"},\"breadcrumb\":{\"@id\":\"https:\\\/\\\/akunq.net\\\/tr\\\/?p=62160#breadcrumb\"},\"inLanguage\":\"en-US\",\"potentialAction\":[{\"@type\":\"ReadAction\",\"target\":[\"https:\\\/\\\/akunq.net\\\/tr\\\/?p=62160\"]}]},{\"@type\":\"ImageObject\",\"inLanguage\":\"en-US\",\"@id\":\"https:\\\/\\\/akunq.net\\\/tr\\\/?p=62160#primaryimage\",\"url\":\"https:\\\/\\\/akunq.net\\\/tr\\\/wp-content\\\/uploads\\\/sites\\\/6\\\/2021\\\/03\\\/Biden.jpg\",\"contentUrl\":\"https:\\\/\\\/akunq.net\\\/tr\\\/wp-content\\\/uploads\\\/sites\\\/6\\\/2021\\\/03\\\/Biden.jpg\",\"width\":670,\"height\":450},{\"@type\":\"BreadcrumbList\",\"@id\":\"https:\\\/\\\/akunq.net\\\/tr\\\/?p=62160#breadcrumb\",\"itemListElement\":[{\"@type\":\"ListItem\",\"position\":1,\"name\":\"Home\",\"item\":\"https:\\\/\\\/akunq.net\\\/tr\"},{\"@type\":\"ListItem\",\"position\":2,\"name\":\"Jerusalem Post: Ermeni Soyk\u0131r\u0131m\u0131&#8217;n\u0131 tan\u0131ma zaman\u0131 geldi, Biden tarihi hatay\u0131 d\u00fczeltebilir\"}]},{\"@type\":\"WebSite\",\"@id\":\"https:\\\/\\\/akunq.net\\\/tr\\\/#website\",\"url\":\"https:\\\/\\\/akunq.net\\\/tr\\\/\",\"name\":\"Bati Ermenistan Ve Bati Ermenileri Sorunlari Ara\u015ftirmalar Merkezi\",\"description\":\"\",\"potentialAction\":[{\"@type\":\"SearchAction\",\"target\":{\"@type\":\"EntryPoint\",\"urlTemplate\":\"https:\\\/\\\/akunq.net\\\/tr\\\/?s={search_term_string}\"},\"query-input\":{\"@type\":\"PropertyValueSpecification\",\"valueRequired\":true,\"valueName\":\"search_term_string\"}}],\"inLanguage\":\"en-US\"},{\"@type\":\"Person\",\"@id\":\"https:\\\/\\\/akunq.net\\\/tr\\\/#\\\/schema\\\/person\\\/096f1d38a12cce57fb855b485ed24c9e\",\"name\":\"admin\",\"url\":\"https:\\\/\\\/akunq.net\\\/tr\\\/?author=7\"}]}<\/script>\n<!-- \/ Yoast SEO plugin. -->","yoast_head_json":{"title":"Jerusalem Post: Ermeni Soyk\u0131r\u0131m\u0131'n\u0131 tan\u0131ma zaman\u0131 geldi, Biden tarihi hatay\u0131 d\u00fczeltebilir - Bati Ermenistan Ve Bati Ermenileri Sorunlari Ara\u015ftirmalar Merkezi","robots":{"index":"index","follow":"follow","max-snippet":"max-snippet:-1","max-image-preview":"max-image-preview:large","max-video-preview":"max-video-preview:-1"},"canonical":"https:\/\/akunq.net\/tr\/?p=62160","og_locale":"en_US","og_type":"article","og_title":"Jerusalem Post: Ermeni Soyk\u0131r\u0131m\u0131'n\u0131 tan\u0131ma zaman\u0131 geldi, Biden tarihi hatay\u0131 d\u00fczeltebilir - Bati Ermenistan Ve Bati Ermenileri Sorunlari Ara\u015ftirmalar Merkezi","og_description":"\u0130srail\u2019de yay\u0131nlanan me\u015fhur Jerusalem Post gazetesinin k\u00f6\u015fe yazarlar\u0131ndan Emily Schrader son makalesinde ABD Devlet Ba\u015fkan\u0131 Joe Biden taraf\u0131ndan Ermeni Soyk\u0131r\u0131m\u0131&#8217;n\u0131 tan\u0131ma ihtimalini ele ald\u0131. Ermeni Soyk\u0131r\u0131m\u0131&#8217;n\u0131n tan\u0131nmas\u0131 k\u00f6\u015fe yazar\u0131n\u0131n s\u00f6zlerine g\u00f6re tarihi hatay\u0131 d\u00fczeltmek yolunda \u00f6nemli bir ad\u0131m olabilir. ABD Beyaz Saray\u0131\u2019ndan Ermeni Soyk\u0131r\u0131m\u0131&#8217;n\u0131n tan\u0131nmas\u0131na ili\u015fkim olumlu sinyaller geliyor. Ko\u015fe yazar\u0131 \u0130srail\u2019in g\u00fcn\u00fcm\u00fcze kadar Ermeni [&hellip;]","og_url":"https:\/\/akunq.net\/tr\/?p=62160","og_site_name":"Bati Ermenistan Ve Bati Ermenileri Sorunlari Ara\u015ftirmalar Merkezi","article_published_time":"2021-03-31T07:53:10+00:00","og_image":[{"width":670,"height":450,"url":"https:\/\/akunq.net\/tr\/wp-content\/uploads\/sites\/6\/2021\/03\/Biden.jpg","type":"image\/jpeg"}],"author":"admin","twitter_card":"summary_large_image","twitter_misc":{"Written by":"admin","Est. reading time":"2 minutes"},"schema":{"@context":"https:\/\/schema.org","@graph":[{"@type":"Article","@id":"https:\/\/akunq.net\/tr\/?p=62160#article","isPartOf":{"@id":"https:\/\/akunq.net\/tr\/?p=62160"},"author":{"name":"admin","@id":"https:\/\/akunq.net\/tr\/#\/schema\/person\/096f1d38a12cce57fb855b485ed24c9e"},"headline":"Jerusalem Post: Ermeni Soyk\u0131r\u0131m\u0131&#8217;n\u0131 tan\u0131ma zaman\u0131 geldi, Biden tarihi hatay\u0131 d\u00fczeltebilir","datePublished":"2021-03-31T07:53:10+00:00","mainEntityOfPage":{"@id":"https:\/\/akunq.net\/tr\/?p=62160"},"wordCount":392,"commentCount":0,"image":{"@id":"https:\/\/akunq.net\/tr\/?p=62160#primaryimage"},"thumbnailUrl":"https:\/\/akunq.net\/tr\/wp-content\/uploads\/sites\/6\/2021\/03\/Biden.jpg","articleSection":["Ermeni Soyk\u0131r\u0131m\u0131","Haberler"],"inLanguage":"en-US","potentialAction":[{"@type":"CommentAction","name":"Comment","target":["https:\/\/akunq.net\/tr\/?p=62160#respond"]}]},{"@type":"WebPage","@id":"https:\/\/akunq.net\/tr\/?p=62160","url":"https:\/\/akunq.net\/tr\/?p=62160","name":"Jerusalem Post: Ermeni Soyk\u0131r\u0131m\u0131'n\u0131 tan\u0131ma zaman\u0131 geldi, Biden tarihi hatay\u0131 d\u00fczeltebilir - Bati Ermenistan Ve Bati Ermenileri Sorunlari Ara\u015ftirmalar Merkezi","isPartOf":{"@id":"https:\/\/akunq.net\/tr\/#website"},"primaryImageOfPage":{"@id":"https:\/\/akunq.net\/tr\/?p=62160#primaryimage"},"image":{"@id":"https:\/\/akunq.net\/tr\/?p=62160#primaryimage"},"thumbnailUrl":"https:\/\/akunq.net\/tr\/wp-content\/uploads\/sites\/6\/2021\/03\/Biden.jpg","datePublished":"2021-03-31T07:53:10+00:00","author":{"@id":"https:\/\/akunq.net\/tr\/#\/schema\/person\/096f1d38a12cce57fb855b485ed24c9e"},"breadcrumb":{"@id":"https:\/\/akunq.net\/tr\/?p=62160#breadcrumb"},"inLanguage":"en-US","potentialAction":[{"@type":"ReadAction","target":["https:\/\/akunq.net\/tr\/?p=62160"]}]},{"@type":"ImageObject","inLanguage":"en-US","@id":"https:\/\/akunq.net\/tr\/?p=62160#primaryimage","url":"https:\/\/akunq.net\/tr\/wp-content\/uploads\/sites\/6\/2021\/03\/Biden.jpg","contentUrl":"https:\/\/akunq.net\/tr\/wp-content\/uploads\/sites\/6\/2021\/03\/Biden.jpg","width":670,"height":450},{"@type":"BreadcrumbList","@id":"https:\/\/akunq.net\/tr\/?p=62160#breadcrumb","itemListElement":[{"@type":"ListItem","position":1,"name":"Home","item":"https:\/\/akunq.net\/tr"},{"@type":"ListItem","position":2,"name":"Jerusalem Post: Ermeni Soyk\u0131r\u0131m\u0131&#8217;n\u0131 tan\u0131ma zaman\u0131 geldi, Biden tarihi hatay\u0131 d\u00fczeltebilir"}]},{"@type":"WebSite","@id":"https:\/\/akunq.net\/tr\/#website","url":"https:\/\/akunq.net\/tr\/","name":"Bati Ermenistan Ve Bati Ermenileri Sorunlari Ara\u015ftirmalar Merkezi","description":"","potentialAction":[{"@type":"SearchAction","target":{"@type":"EntryPoint","urlTemplate":"https:\/\/akunq.net\/tr\/?s={search_term_string}"},"query-input":{"@type":"PropertyValueSpecification","valueRequired":true,"valueName":"search_term_string"}}],"inLanguage":"en-US"},{"@type":"Person","@id":"https:\/\/akunq.net\/tr\/#\/schema\/person\/096f1d38a12cce57fb855b485ed24c9e","name":"admin","url":"https:\/\/akunq.net\/tr\/?author=7"}]}},"_links":{"self":[{"href":"https:\/\/akunq.net\/tr\/index.php?rest_route=\/wp\/v2\/posts\/62160","targetHints":{"allow":["GET"]}}],"collection":[{"href":"https:\/\/akunq.net\/tr\/index.php?rest_route=\/wp\/v2\/posts"}],"about":[{"href":"https:\/\/akunq.net\/tr\/index.php?rest_route=\/wp\/v2\/types\/post"}],"author":[{"embeddable":true,"href":"https:\/\/akunq.net\/tr\/index.php?rest_route=\/wp\/v2\/users\/7"}],"replies":[{"embeddable":true,"href":"https:\/\/akunq.net\/tr\/index.php?rest_route=%2Fwp%2Fv2%2Fcomments&post=62160"}],"version-history":[{"count":1,"href":"https:\/\/akunq.net\/tr\/index.php?rest_route=\/wp\/v2\/posts\/62160\/revisions"}],"predecessor-version":[{"id":62162,"href":"https:\/\/akunq.net\/tr\/index.php?rest_route=\/wp\/v2\/posts\/62160\/revisions\/62162"}],"wp:featuredmedia":[{"embeddable":true,"href":"https:\/\/akunq.net\/tr\/index.php?rest_route=\/wp\/v2\/media\/62161"}],"wp:attachment":[{"href":"https:\/\/akunq.net\/tr\/index.php?rest_route=%2Fwp%2Fv2%2Fmedia&parent=62160"}],"wp:term":[{"taxonomy":"category","embeddable":true,"href":"https:\/\/akunq.net\/tr\/index.php?rest_route=%2Fwp%2Fv2%2Fcategories&post=62160"},{"taxonomy":"post_tag","embeddable":true,"href":"https:\/\/akunq.net\/tr\/index.php?rest_route=%2Fwp%2Fv2%2Ftags&post=62160"}],"curies":[{"name":"wp","href":"https:\/\/api.w.org\/{rel}","templated":true}]}}