{"id":62157,"date":"2021-03-31T02:45:55","date_gmt":"2021-03-31T07:45:55","guid":{"rendered":"https:\/\/akunq.net\/tr\/?p=62157"},"modified":"2021-03-31T02:45:55","modified_gmt":"2021-03-31T07:45:55","slug":"hdp-icin-kapatma-davasi-raportor-iddianamenin-iadesini-istedi","status":"publish","type":"post","link":"https:\/\/akunq.net\/tr\/?p=62157","title":{"rendered":"HDP i\u00e7in kapatma davas\u0131: Raport\u00f6r iddianamenin iadesini istedi"},"content":{"rendered":"<p><img loading=\"lazy\" decoding=\"async\" class=\"aligncenter size-medium wp-image-62158\" src=\"https:\/\/akunq.net\/tr\/wp-content\/uploads\/2021\/03\/HDP-4-360x204.jpg\" alt=\"\" width=\"360\" height=\"204\" srcset=\"https:\/\/akunq.net\/tr\/wp-content\/uploads\/sites\/6\/2021\/03\/HDP-4-360x204.jpg 360w, https:\/\/akunq.net\/tr\/wp-content\/uploads\/sites\/6\/2021\/03\/HDP-4-768x434.jpg 768w, https:\/\/akunq.net\/tr\/wp-content\/uploads\/sites\/6\/2021\/03\/HDP-4-560x317.jpg 560w, https:\/\/akunq.net\/tr\/wp-content\/uploads\/sites\/6\/2021\/03\/HDP-4-260x147.jpg 260w, https:\/\/akunq.net\/tr\/wp-content\/uploads\/sites\/6\/2021\/03\/HDP-4-160x90.jpg 160w, https:\/\/akunq.net\/tr\/wp-content\/uploads\/sites\/6\/2021\/03\/HDP-4.jpg 810w\" sizes=\"auto, (max-width: 360px) 100vw, 360px\" \/><\/p>\n<p><em><strong>Anayasa Mahkemesi\u2019ne g\u00f6nderilen HDP\u2019nin kapat\u0131lmas\u0131na y\u00f6nelik iddianame raport\u00f6r taraf\u0131ndan incelendi. AYM raport\u00f6r\u00fc iddianamenin Yarg\u0131tay Ba\u015fsavc\u0131l\u0131\u011f\u0131&#8217;na iadesini istedi. Talebin ba\u011flay\u0131c\u0131l\u0131\u011f\u0131 bulunmuyor.<\/strong><\/em><\/p>\n<p>Yarg\u0131tay ba\u015fsavc\u0131l\u0131\u011f\u0131 taraf\u0131ndan haz\u0131rlanan iddianame 17 Mart\u2019ta AYM\u2019ye g\u00f6nderilmi\u015fti.\u00a0 \u00a0Ba\u015fkan Z\u00fcht\u00fc Arslan taraf\u0131ndan g\u00f6revlendirilen raport\u00f6r ilk inceleme raporunu tamamlay\u0131p AYM \u00fcyelerine sundu. Bas\u0131nda yer alan haberlere g\u00f6re Anayasa\u00a0 Mahkemesi raport\u00f6r\u00fc, usul eksikliklerini gerek\u00e7e g\u00f6stererek iddianamenin Yarg\u0131tay ba\u015fsavc\u0131l\u0131\u011f\u0131na iadesini istedi<\/p>\n<p>Raporun ba\u011flay\u0131c\u0131l\u0131\u011f\u0131 yok. Nitekim, raporda, iade talebi uygun g\u00f6r\u00fclmezse usul eksikliklerinin Yarg\u0131tay ba\u015fsavc\u0131l\u0131\u011f\u0131 taraf\u0131ndan s\u00fcre\u00e7 i\u00e7inde giderilmesi istendi. Raport\u00f6r\u00fcn saptad\u0131\u011f\u0131 eksiklikler \u015f\u00f6yle: Baz\u0131 ki\u015filerin kimlik bilgileri, baz\u0131 ki\u015filerin g\u00f6rev tan\u0131mlar\u0131, baz\u0131 eylemlerin tarih bilgileri, partinin MYK gibi organlar\u0131na y\u00f6nelik su\u00e7lamalara ili\u015fkin bilgiler.<\/p>\n<p>Raport\u00f6r\u00fcn ad\u0131 ve raporun i\u00e7eri\u011fi ise yarg\u0131lama s\u00fcrecinin sa\u011fl\u0131kl\u0131 i\u015flemesi gerek\u00e7esiyle gizli tutuluyor. AYM\u2019nin yar\u0131n hem iddianameyi hem de raport\u00f6r\u00fcn raporu incelemeye ba\u015flamas\u0131 bekleniyor. Us\u00fcl eksikliklerinin giderilmesi ard\u0131ndan iddianamenin kabul\u00fc ve dava a\u00e7\u0131lmas\u0131 halinde dosya, ekleriyle birlikte HDP\u2019ye g\u00f6nderilecek ve \u00f6n savunma istenecek.<\/p>\n<p>\u00d6n savunman\u0131n ard\u0131ndan Yarg\u0131tay ba\u015fsavc\u0131s\u0131, esas hakk\u0131ndaki g\u00f6r\u00fc\u015f\u00fcn\u00fc mahkemeye sunacak. G\u00f6r\u00fc\u015f\u00fcn HDP\u2019ye g\u00f6nderilmesi ard\u0131ndan HDP s\u00f6zl\u00fc savunmas\u0131n\u0131 yapacak. Bu s\u00fcre zarf\u0131nda taraflar, mahkemeye ek savunma ve delil sunabilecek. T\u00fcm bu s\u00fcre\u00e7lerin ard\u0131ndan AYM raport\u00f6r\u00fc, dava hakk\u0131ndaki son raporunu haz\u0131rlayarak mahkemeye \u00f6nerilerde bulunacak. Raporun AYM \u00fcyelerine da\u011f\u0131t\u0131lmas\u0131yla son s\u00f6z\u00fcn s\u00f6ylenece\u011fi g\u00fcn belirlenecek. \u00dcyeler belirlenen g\u00fcnde bir araya gelerek esasa ili\u015fkin karar\u0131n\u0131 verecek.<\/p>\n<p>AYM, karar\u0131n\u0131 \u00fc\u00e7te iki oy \u00e7oklu\u011fu ya da oy birli\u011fiyle verecek. Oy \u00e7oklu\u011fu i\u00e7in 15 \u00fcyeli mahkemenin en az 10 \u00fcyesinin ortak bir karara varmas\u0131 gerekecek.<\/p>\n<p><em><strong>(Ntv, Diken.com.tr)<\/strong><\/em><\/p>\n<p><em><strong>http:\/\/www.agos.com.tr\/tr\/yazi\/25515\/hdp-icin-kapatma-davasi-raportor-iddianamenin-iadesini-istedi\u00a0<\/strong><\/em><\/p>\n","protected":false},"excerpt":{"rendered":"<p>Anayasa Mahkemesi\u2019ne g\u00f6nderilen HDP\u2019nin kapat\u0131lmas\u0131na y\u00f6nelik iddianame raport\u00f6r taraf\u0131ndan incelendi. AYM raport\u00f6r\u00fc iddianamenin Yarg\u0131tay Ba\u015fsavc\u0131l\u0131\u011f\u0131&#8217;na iadesini istedi. Talebin ba\u011flay\u0131c\u0131l\u0131\u011f\u0131 bulunmuyor. Yarg\u0131tay ba\u015fsavc\u0131l\u0131\u011f\u0131 taraf\u0131ndan haz\u0131rlanan iddianame 17 Mart\u2019ta AYM\u2019ye g\u00f6nderilmi\u015fti.\u00a0 \u00a0Ba\u015fkan Z\u00fcht\u00fc Arslan taraf\u0131ndan g\u00f6revlendirilen raport\u00f6r ilk inceleme raporunu tamamlay\u0131p AYM \u00fcyelerine sundu. Bas\u0131nda yer alan haberlere g\u00f6re Anayasa\u00a0 Mahkemesi raport\u00f6r\u00fc, usul eksikliklerini gerek\u00e7e g\u00f6stererek iddianamenin [&hellip;]<\/p>\n","protected":false},"author":7,"featured_media":62158,"comment_status":"open","ping_status":"open","sticky":false,"template":"","format":"standard","meta":{"footnotes":""},"categories":[1],"tags":[],"class_list":["post-62157","post","type-post","status-publish","format-standard","has-post-thumbnail","hentry","category-haberler"],"yoast_head":"<!-- This site is optimized with the Yoast SEO plugin v27.4 - https:\/\/yoast.com\/product\/yoast-seo-wordpress\/ -->\n<title>HDP i\u00e7in kapatma davas\u0131: Raport\u00f6r iddianamenin iadesini istedi - Bati Ermenistan Ve Bati Ermenileri Sorunlari Ara\u015ftirmalar Merkezi<\/title>\n<meta name=\"robots\" content=\"index, follow, max-snippet:-1, max-image-preview:large, max-video-preview:-1\" \/>\n<link rel=\"canonical\" href=\"https:\/\/akunq.net\/tr\/?p=62157\" \/>\n<meta property=\"og:locale\" content=\"en_US\" \/>\n<meta property=\"og:type\" content=\"article\" \/>\n<meta property=\"og:title\" content=\"HDP i\u00e7in kapatma davas\u0131: Raport\u00f6r iddianamenin iadesini istedi - Bati Ermenistan Ve Bati Ermenileri Sorunlari Ara\u015ftirmalar Merkezi\" \/>\n<meta property=\"og:description\" content=\"Anayasa Mahkemesi\u2019ne g\u00f6nderilen HDP\u2019nin kapat\u0131lmas\u0131na y\u00f6nelik iddianame raport\u00f6r taraf\u0131ndan incelendi. AYM raport\u00f6r\u00fc iddianamenin Yarg\u0131tay Ba\u015fsavc\u0131l\u0131\u011f\u0131&#8217;na iadesini istedi. Talebin ba\u011flay\u0131c\u0131l\u0131\u011f\u0131 bulunmuyor. Yarg\u0131tay ba\u015fsavc\u0131l\u0131\u011f\u0131 taraf\u0131ndan haz\u0131rlanan iddianame 17 Mart\u2019ta AYM\u2019ye g\u00f6nderilmi\u015fti.\u00a0 \u00a0Ba\u015fkan Z\u00fcht\u00fc Arslan taraf\u0131ndan g\u00f6revlendirilen raport\u00f6r ilk inceleme raporunu tamamlay\u0131p AYM \u00fcyelerine sundu. Bas\u0131nda yer alan haberlere g\u00f6re Anayasa\u00a0 Mahkemesi raport\u00f6r\u00fc, usul eksikliklerini gerek\u00e7e g\u00f6stererek iddianamenin [&hellip;]\" \/>\n<meta property=\"og:url\" content=\"https:\/\/akunq.net\/tr\/?p=62157\" \/>\n<meta property=\"og:site_name\" content=\"Bati Ermenistan Ve Bati Ermenileri Sorunlari Ara\u015ftirmalar Merkezi\" \/>\n<meta property=\"article:published_time\" content=\"2021-03-31T07:45:55+00:00\" \/>\n<meta property=\"og:image\" content=\"https:\/\/akunq.net\/tr\/wp-content\/uploads\/sites\/6\/2021\/03\/HDP-4.jpg\" \/>\n\t<meta property=\"og:image:width\" content=\"810\" \/>\n\t<meta property=\"og:image:height\" content=\"458\" \/>\n\t<meta property=\"og:image:type\" content=\"image\/jpeg\" \/>\n<meta name=\"author\" content=\"admin\" \/>\n<meta name=\"twitter:card\" content=\"summary_large_image\" \/>\n<meta name=\"twitter:label1\" content=\"Written by\" \/>\n\t<meta name=\"twitter:data1\" content=\"admin\" \/>\n\t<meta name=\"twitter:label2\" content=\"Est. reading time\" \/>\n\t<meta name=\"twitter:data2\" content=\"2 minutes\" \/>\n<script type=\"application\/ld+json\" class=\"yoast-schema-graph\">{\"@context\":\"https:\\\/\\\/schema.org\",\"@graph\":[{\"@type\":\"Article\",\"@id\":\"https:\\\/\\\/akunq.net\\\/tr\\\/?p=62157#article\",\"isPartOf\":{\"@id\":\"https:\\\/\\\/akunq.net\\\/tr\\\/?p=62157\"},\"author\":{\"name\":\"admin\",\"@id\":\"https:\\\/\\\/akunq.net\\\/tr\\\/#\\\/schema\\\/person\\\/096f1d38a12cce57fb855b485ed24c9e\"},\"headline\":\"HDP i\u00e7in kapatma davas\u0131: Raport\u00f6r iddianamenin iadesini istedi\",\"datePublished\":\"2021-03-31T07:45:55+00:00\",\"mainEntityOfPage\":{\"@id\":\"https:\\\/\\\/akunq.net\\\/tr\\\/?p=62157\"},\"wordCount\":371,\"commentCount\":0,\"image\":{\"@id\":\"https:\\\/\\\/akunq.net\\\/tr\\\/?p=62157#primaryimage\"},\"thumbnailUrl\":\"https:\\\/\\\/akunq.net\\\/tr\\\/wp-content\\\/uploads\\\/sites\\\/6\\\/2021\\\/03\\\/HDP-4.jpg\",\"articleSection\":[\"Haberler\"],\"inLanguage\":\"en-US\",\"potentialAction\":[{\"@type\":\"CommentAction\",\"name\":\"Comment\",\"target\":[\"https:\\\/\\\/akunq.net\\\/tr\\\/?p=62157#respond\"]}]},{\"@type\":\"WebPage\",\"@id\":\"https:\\\/\\\/akunq.net\\\/tr\\\/?p=62157\",\"url\":\"https:\\\/\\\/akunq.net\\\/tr\\\/?p=62157\",\"name\":\"HDP i\u00e7in kapatma davas\u0131: Raport\u00f6r iddianamenin iadesini istedi - Bati Ermenistan Ve Bati Ermenileri Sorunlari Ara\u015ftirmalar Merkezi\",\"isPartOf\":{\"@id\":\"https:\\\/\\\/akunq.net\\\/tr\\\/#website\"},\"primaryImageOfPage\":{\"@id\":\"https:\\\/\\\/akunq.net\\\/tr\\\/?p=62157#primaryimage\"},\"image\":{\"@id\":\"https:\\\/\\\/akunq.net\\\/tr\\\/?p=62157#primaryimage\"},\"thumbnailUrl\":\"https:\\\/\\\/akunq.net\\\/tr\\\/wp-content\\\/uploads\\\/sites\\\/6\\\/2021\\\/03\\\/HDP-4.jpg\",\"datePublished\":\"2021-03-31T07:45:55+00:00\",\"author\":{\"@id\":\"https:\\\/\\\/akunq.net\\\/tr\\\/#\\\/schema\\\/person\\\/096f1d38a12cce57fb855b485ed24c9e\"},\"breadcrumb\":{\"@id\":\"https:\\\/\\\/akunq.net\\\/tr\\\/?p=62157#breadcrumb\"},\"inLanguage\":\"en-US\",\"potentialAction\":[{\"@type\":\"ReadAction\",\"target\":[\"https:\\\/\\\/akunq.net\\\/tr\\\/?p=62157\"]}]},{\"@type\":\"ImageObject\",\"inLanguage\":\"en-US\",\"@id\":\"https:\\\/\\\/akunq.net\\\/tr\\\/?p=62157#primaryimage\",\"url\":\"https:\\\/\\\/akunq.net\\\/tr\\\/wp-content\\\/uploads\\\/sites\\\/6\\\/2021\\\/03\\\/HDP-4.jpg\",\"contentUrl\":\"https:\\\/\\\/akunq.net\\\/tr\\\/wp-content\\\/uploads\\\/sites\\\/6\\\/2021\\\/03\\\/HDP-4.jpg\",\"width\":810,\"height\":458},{\"@type\":\"BreadcrumbList\",\"@id\":\"https:\\\/\\\/akunq.net\\\/tr\\\/?p=62157#breadcrumb\",\"itemListElement\":[{\"@type\":\"ListItem\",\"position\":1,\"name\":\"Home\",\"item\":\"https:\\\/\\\/akunq.net\\\/tr\"},{\"@type\":\"ListItem\",\"position\":2,\"name\":\"HDP i\u00e7in kapatma davas\u0131: Raport\u00f6r iddianamenin iadesini istedi\"}]},{\"@type\":\"WebSite\",\"@id\":\"https:\\\/\\\/akunq.net\\\/tr\\\/#website\",\"url\":\"https:\\\/\\\/akunq.net\\\/tr\\\/\",\"name\":\"Bati Ermenistan Ve Bati Ermenileri Sorunlari Ara\u015ftirmalar Merkezi\",\"description\":\"\",\"potentialAction\":[{\"@type\":\"SearchAction\",\"target\":{\"@type\":\"EntryPoint\",\"urlTemplate\":\"https:\\\/\\\/akunq.net\\\/tr\\\/?s={search_term_string}\"},\"query-input\":{\"@type\":\"PropertyValueSpecification\",\"valueRequired\":true,\"valueName\":\"search_term_string\"}}],\"inLanguage\":\"en-US\"},{\"@type\":\"Person\",\"@id\":\"https:\\\/\\\/akunq.net\\\/tr\\\/#\\\/schema\\\/person\\\/096f1d38a12cce57fb855b485ed24c9e\",\"name\":\"admin\",\"url\":\"https:\\\/\\\/akunq.net\\\/tr\\\/?author=7\"}]}<\/script>\n<!-- \/ Yoast SEO plugin. -->","yoast_head_json":{"title":"HDP i\u00e7in kapatma davas\u0131: Raport\u00f6r iddianamenin iadesini istedi - Bati Ermenistan Ve Bati Ermenileri Sorunlari Ara\u015ftirmalar Merkezi","robots":{"index":"index","follow":"follow","max-snippet":"max-snippet:-1","max-image-preview":"max-image-preview:large","max-video-preview":"max-video-preview:-1"},"canonical":"https:\/\/akunq.net\/tr\/?p=62157","og_locale":"en_US","og_type":"article","og_title":"HDP i\u00e7in kapatma davas\u0131: Raport\u00f6r iddianamenin iadesini istedi - Bati Ermenistan Ve Bati Ermenileri Sorunlari Ara\u015ftirmalar Merkezi","og_description":"Anayasa Mahkemesi\u2019ne g\u00f6nderilen HDP\u2019nin kapat\u0131lmas\u0131na y\u00f6nelik iddianame raport\u00f6r taraf\u0131ndan incelendi. AYM raport\u00f6r\u00fc iddianamenin Yarg\u0131tay Ba\u015fsavc\u0131l\u0131\u011f\u0131&#8217;na iadesini istedi. Talebin ba\u011flay\u0131c\u0131l\u0131\u011f\u0131 bulunmuyor. Yarg\u0131tay ba\u015fsavc\u0131l\u0131\u011f\u0131 taraf\u0131ndan haz\u0131rlanan iddianame 17 Mart\u2019ta AYM\u2019ye g\u00f6nderilmi\u015fti.\u00a0 \u00a0Ba\u015fkan Z\u00fcht\u00fc Arslan taraf\u0131ndan g\u00f6revlendirilen raport\u00f6r ilk inceleme raporunu tamamlay\u0131p AYM \u00fcyelerine sundu. Bas\u0131nda yer alan haberlere g\u00f6re Anayasa\u00a0 Mahkemesi raport\u00f6r\u00fc, usul eksikliklerini gerek\u00e7e g\u00f6stererek iddianamenin [&hellip;]","og_url":"https:\/\/akunq.net\/tr\/?p=62157","og_site_name":"Bati Ermenistan Ve Bati Ermenileri Sorunlari Ara\u015ftirmalar Merkezi","article_published_time":"2021-03-31T07:45:55+00:00","og_image":[{"width":810,"height":458,"url":"https:\/\/akunq.net\/tr\/wp-content\/uploads\/sites\/6\/2021\/03\/HDP-4.jpg","type":"image\/jpeg"}],"author":"admin","twitter_card":"summary_large_image","twitter_misc":{"Written by":"admin","Est. reading time":"2 minutes"},"schema":{"@context":"https:\/\/schema.org","@graph":[{"@type":"Article","@id":"https:\/\/akunq.net\/tr\/?p=62157#article","isPartOf":{"@id":"https:\/\/akunq.net\/tr\/?p=62157"},"author":{"name":"admin","@id":"https:\/\/akunq.net\/tr\/#\/schema\/person\/096f1d38a12cce57fb855b485ed24c9e"},"headline":"HDP i\u00e7in kapatma davas\u0131: Raport\u00f6r iddianamenin iadesini istedi","datePublished":"2021-03-31T07:45:55+00:00","mainEntityOfPage":{"@id":"https:\/\/akunq.net\/tr\/?p=62157"},"wordCount":371,"commentCount":0,"image":{"@id":"https:\/\/akunq.net\/tr\/?p=62157#primaryimage"},"thumbnailUrl":"https:\/\/akunq.net\/tr\/wp-content\/uploads\/sites\/6\/2021\/03\/HDP-4.jpg","articleSection":["Haberler"],"inLanguage":"en-US","potentialAction":[{"@type":"CommentAction","name":"Comment","target":["https:\/\/akunq.net\/tr\/?p=62157#respond"]}]},{"@type":"WebPage","@id":"https:\/\/akunq.net\/tr\/?p=62157","url":"https:\/\/akunq.net\/tr\/?p=62157","name":"HDP i\u00e7in kapatma davas\u0131: Raport\u00f6r iddianamenin iadesini istedi - Bati Ermenistan Ve Bati Ermenileri Sorunlari Ara\u015ftirmalar Merkezi","isPartOf":{"@id":"https:\/\/akunq.net\/tr\/#website"},"primaryImageOfPage":{"@id":"https:\/\/akunq.net\/tr\/?p=62157#primaryimage"},"image":{"@id":"https:\/\/akunq.net\/tr\/?p=62157#primaryimage"},"thumbnailUrl":"https:\/\/akunq.net\/tr\/wp-content\/uploads\/sites\/6\/2021\/03\/HDP-4.jpg","datePublished":"2021-03-31T07:45:55+00:00","author":{"@id":"https:\/\/akunq.net\/tr\/#\/schema\/person\/096f1d38a12cce57fb855b485ed24c9e"},"breadcrumb":{"@id":"https:\/\/akunq.net\/tr\/?p=62157#breadcrumb"},"inLanguage":"en-US","potentialAction":[{"@type":"ReadAction","target":["https:\/\/akunq.net\/tr\/?p=62157"]}]},{"@type":"ImageObject","inLanguage":"en-US","@id":"https:\/\/akunq.net\/tr\/?p=62157#primaryimage","url":"https:\/\/akunq.net\/tr\/wp-content\/uploads\/sites\/6\/2021\/03\/HDP-4.jpg","contentUrl":"https:\/\/akunq.net\/tr\/wp-content\/uploads\/sites\/6\/2021\/03\/HDP-4.jpg","width":810,"height":458},{"@type":"BreadcrumbList","@id":"https:\/\/akunq.net\/tr\/?p=62157#breadcrumb","itemListElement":[{"@type":"ListItem","position":1,"name":"Home","item":"https:\/\/akunq.net\/tr"},{"@type":"ListItem","position":2,"name":"HDP i\u00e7in kapatma davas\u0131: Raport\u00f6r iddianamenin iadesini istedi"}]},{"@type":"WebSite","@id":"https:\/\/akunq.net\/tr\/#website","url":"https:\/\/akunq.net\/tr\/","name":"Bati Ermenistan Ve Bati Ermenileri Sorunlari Ara\u015ftirmalar Merkezi","description":"","potentialAction":[{"@type":"SearchAction","target":{"@type":"EntryPoint","urlTemplate":"https:\/\/akunq.net\/tr\/?s={search_term_string}"},"query-input":{"@type":"PropertyValueSpecification","valueRequired":true,"valueName":"search_term_string"}}],"inLanguage":"en-US"},{"@type":"Person","@id":"https:\/\/akunq.net\/tr\/#\/schema\/person\/096f1d38a12cce57fb855b485ed24c9e","name":"admin","url":"https:\/\/akunq.net\/tr\/?author=7"}]}},"_links":{"self":[{"href":"https:\/\/akunq.net\/tr\/index.php?rest_route=\/wp\/v2\/posts\/62157","targetHints":{"allow":["GET"]}}],"collection":[{"href":"https:\/\/akunq.net\/tr\/index.php?rest_route=\/wp\/v2\/posts"}],"about":[{"href":"https:\/\/akunq.net\/tr\/index.php?rest_route=\/wp\/v2\/types\/post"}],"author":[{"embeddable":true,"href":"https:\/\/akunq.net\/tr\/index.php?rest_route=\/wp\/v2\/users\/7"}],"replies":[{"embeddable":true,"href":"https:\/\/akunq.net\/tr\/index.php?rest_route=%2Fwp%2Fv2%2Fcomments&post=62157"}],"version-history":[{"count":1,"href":"https:\/\/akunq.net\/tr\/index.php?rest_route=\/wp\/v2\/posts\/62157\/revisions"}],"predecessor-version":[{"id":62159,"href":"https:\/\/akunq.net\/tr\/index.php?rest_route=\/wp\/v2\/posts\/62157\/revisions\/62159"}],"wp:featuredmedia":[{"embeddable":true,"href":"https:\/\/akunq.net\/tr\/index.php?rest_route=\/wp\/v2\/media\/62158"}],"wp:attachment":[{"href":"https:\/\/akunq.net\/tr\/index.php?rest_route=%2Fwp%2Fv2%2Fmedia&parent=62157"}],"wp:term":[{"taxonomy":"category","embeddable":true,"href":"https:\/\/akunq.net\/tr\/index.php?rest_route=%2Fwp%2Fv2%2Fcategories&post=62157"},{"taxonomy":"post_tag","embeddable":true,"href":"https:\/\/akunq.net\/tr\/index.php?rest_route=%2Fwp%2Fv2%2Ftags&post=62157"}],"curies":[{"name":"wp","href":"https:\/\/api.w.org\/{rel}","templated":true}]}}