{"id":62151,"date":"2021-03-31T01:42:23","date_gmt":"2021-03-31T06:42:23","guid":{"rendered":"https:\/\/akunq.net\/tr\/?p=62151"},"modified":"2021-03-31T01:42:23","modified_gmt":"2021-03-31T06:42:23","slug":"milli-tarih-ne-demek","status":"publish","type":"post","link":"https:\/\/akunq.net\/tr\/?p=62151","title":{"rendered":"Milli tarih ne demek?"},"content":{"rendered":"<p><img loading=\"lazy\" decoding=\"async\" class=\"aligncenter size-medium wp-image-62152\" src=\"https:\/\/akunq.net\/tr\/wp-content\/uploads\/2021\/03\/Eser-Karaka\u015f-1-360x208.jpg\" alt=\"\" width=\"360\" height=\"208\" srcset=\"https:\/\/akunq.net\/tr\/wp-content\/uploads\/sites\/6\/2021\/03\/Eser-Karaka\u015f-1-360x208.jpg 360w, https:\/\/akunq.net\/tr\/wp-content\/uploads\/sites\/6\/2021\/03\/Eser-Karaka\u015f-1-768x444.jpg 768w, https:\/\/akunq.net\/tr\/wp-content\/uploads\/sites\/6\/2021\/03\/Eser-Karaka\u015f-1-560x324.jpg 560w, https:\/\/akunq.net\/tr\/wp-content\/uploads\/sites\/6\/2021\/03\/Eser-Karaka\u015f-1-260x150.jpg 260w, https:\/\/akunq.net\/tr\/wp-content\/uploads\/sites\/6\/2021\/03\/Eser-Karaka\u015f-1-160x93.jpg 160w, https:\/\/akunq.net\/tr\/wp-content\/uploads\/sites\/6\/2021\/03\/Eser-Karaka\u015f-1.jpg 800w\" sizes=\"auto, (max-width: 360px) 100vw, 360px\" \/><\/p>\n<p class=\"post-title\"><strong>Eser Karaka\u015f<\/strong><\/p>\n<p><em><strong>Bu topraklar \u00fczerindeki her \u015fey bu toplumun, bu milletin (devlete vatanda\u015fl\u0131k ba\u011f\u0131 ile ba\u011fl\u0131 olan yurtta\u015flar k\u00fcmesi) tarihinin bir par\u00e7as\u0131d\u0131r, aksini d\u00fc\u015f\u00fcnen en hafif deyimiyle cahildir.<\/strong><\/em><\/p>\n<p>30 Mart 2021 tarihli Resmi Gazete yine gecenin, 30 Mart\u2019\u0131n ilk saatlerinde yay\u0131nland\u0131, Merkez Bankas\u0131 Guvern\u00f6r (Ba\u015fkan) yard\u0131mc\u0131s\u0131 Murat \u00c7etinkaya g\u00f6revinden al\u0131nd\u0131, bu g\u00f6reve de yeni Guvern\u00f6r Prof. \u015eahap Kavc\u0131o\u011flu\u2019nun eski \u00e7al\u0131\u015fma arkada\u015f\u0131 Mustafa Duman tayin edildi bir Cumhurba\u015fkanl\u0131\u011f\u0131 Karar\u0131 ile.<\/p>\n<p>Her ge\u00e7en g\u00fcn ya\u015fananlar yeni Cumhurba\u015fkanl\u0131\u011f\u0131 H\u00fck\u00fcmet sisteminin ne kadar irrasyonel, mant\u0131k d\u0131\u015f\u0131 bir sistem oldu\u011funu daha net ortaya koyuyor, Merkez Bankas\u0131 Guvern\u00f6rl\u00fc\u011f\u00fc (Ba\u015fkanl\u0131\u011f\u0131) bir devletin en \u00f6nemli bir, iki g\u00f6revinden biridir, para basma tekeli (Merkez Bankas\u0131) bir devleti devlet yapan iki temel \u00f6zellikten biridir (di\u011feri yasal zor kullanma tekeli) ama Merkez Bankas\u0131 Guvern\u00f6rleri kendi yard\u0131mc\u0131lar\u0131n\u0131 bile Resmi Gazetede kendi imzalar\u0131yla tayin edemiyorlar ancak paran\u0131n \u00fczerine imza atabiliyorlar, yak\u0131nda paralar\u0131n \u00fczerinde de Erdo\u011fan\u2019\u0131n imzas\u0131n\u0131 g\u00f6r\u00fcrsek \u015fa\u015f\u0131rmayal\u0131m (para devleti, milli egemenli\u011fi yani Beni temsil eder diyebilir).<\/p>\n<p>Bug\u00fcn muhtemelen bendenizden bu konuda bir yaz\u0131 bekliyorsunuz ama ben daha de\u011fi\u015fik bir konuda yazaca\u011f\u0131m, bu konuya mutlaka daha sonra de\u011finece\u011fiz.<\/p>\n<p>Ayn\u0131 Resmi Gazetede (30 Mart 2021) Turizm Bakanl\u0131\u011f\u0131n\u0131n K\u00fclt\u00fcr Varl\u0131klar\u0131n\u0131 Koruma Y\u00fcksek Kurulunun bir ilke karar\u0131 da yay\u0131nland\u0131, muhtemelen insanlar Merkez Bankas\u0131 karar\u0131na odakland\u0131klar\u0131 i\u00e7in bu karara pek dikkat etmediler.<\/p>\n<p>Burada anahtar kavram \u201ctarihi S\u0130T alan\u0131\u201d kavram\u0131.<\/p>\n<p>Anlayabildi\u011fim kadar\u0131yla 1996 tarihli bir kararla tarihi sitlerle ilgili bir karar al\u0131nm\u0131\u015f, bu karar da yine 2014 (AKP) tarihli ba\u015fka bir kararla de\u011fi\u015ftirilmi\u015f.<\/p>\n<p>A\u015fa\u011f\u0131daki al\u0131nt\u0131 2014 tarihli Resmi Gazeteden \u201ckes-kopyala\u201d y\u00f6ntemi ile yap\u0131ld\u0131.<\/p>\n<p>\u201c19\/4\/1996 tarih ve 421 say\u0131l\u0131 \u0130lke Karar\u0131 a\u015fa\u011f\u0131daki \u015fekilde yeniden d\u00fczenlenmi\u015ftir.<\/p>\n<p>Tarihi Sit: Milli tarihimiz ve askeri harp tarihi a\u00e7\u0131s\u0131ndan \u00f6nemli tarihi olaylar\u0131n cereyan etti\u011fi ve do\u011fal yap\u0131s\u0131yla birlikte korunmas\u0131 gerekli alanlard\u0131r.\u201d<\/p>\n<p>Hemen alt\u0131nda da a\u2019dan f\u2019ye kadar koruma kurallar\u0131 s\u0131ralanm\u0131\u015f idi.<\/p>\n<p>Yine anlayabildi\u011fim kadar\u0131yla 2020 senesinde al\u0131nan bir Dan\u0131\u015ftay karar\u0131yla da bu d\u00fczenlemenin baz\u0131 b\u00f6l\u00fcmleri de y\u00fcr\u00fcrl\u00fckten kalkm\u0131\u015f ve d\u00fcn (30 Mart 2021) tarihli Resmi Gazetede yay\u0131nlanan Turizm Bakanl\u0131\u011f\u0131 karar\u0131 ile de bu d\u00fczenlemenin iptal edildi\u011fi duyuruluyor.<\/p>\n<p>Bakal\u0131m S\u0130T alanlar\u0131 ile ilgili nas\u0131l bir yeni d\u00fczenleme gelecek, gazeteci arkada\u015flara \u00f6nerim, bu konunun fikr-i takibi iyi yap\u0131lmal\u0131.<\/p>\n<p>Ancak, benim tak\u0131ld\u0131\u011f\u0131m mevzu bu da de\u011fil.<\/p>\n<p>Tarihi S\u0130T alan\u0131 kavram\u0131 yukar\u0131ndan anla\u015f\u0131laca\u011f\u0131 gibi, ne anlama geliyorsa, milli tarih \u00fczerinden tan\u0131mlanm\u0131\u015f.<\/p>\n<p>Anadolu ve Trakya\u2019da tarihi S\u0130T alan\u0131 sadece milli tarihimiz ve bu ba\u011flamda \u00f6nemli tarihi olaylar\u0131n ge\u00e7ti\u011fi alanlarla m\u0131 s\u0131n\u0131rl\u0131 olacak yani?<\/p>\n<p>Anadolu tarihi \u015fimdiki y\u00f6neticilerimizin (maalesef) tasavvur s\u0131n\u0131rlar\u0131n\u0131 \u00e7ok \u00e7ok a\u015facak \u00f6l\u00e7\u00fcde bir tarihi birikime sahip.<\/p>\n<p>Bende maalesef bir t\u00fcr saplant\u0131 ya da tak\u0131nt\u0131ya d\u00f6n\u00fc\u015ft\u00fc, nerede bir \u201cmilli\u201d laf\u0131 g\u00f6rsem alt\u0131nda ilkellik, cehalet ve \u00f6nemli \u00f6l\u00e7\u00fcde de siyasi ve ak\u00e7eli rant kollama aray\u0131\u015f\u0131 ar\u0131yorum.<\/p>\n<p>Ayasofya tarihi S\u0130T alan\u0131 tan\u0131m\u0131na tam giriyor mu bilemiyorum ama bu \u00f6rne\u011fi verece\u011fim; mesela, 537 tarihinde Ayd\u0131n\u2019l\u0131 (Tralles) ve Milet\u2019li iki mimar taraf\u0131ndan yap\u0131lan Ayasofya bazilikas\u0131 1453 tarihinde Fatih taraf\u0131ndan camiye d\u00f6n\u00fc\u015ft\u00fcr\u00fclmemi\u015f olsa ve g\u00fcn\u00fcm\u00fcze kadar bir kilise olarak gelse idi, bu tarihi \u015faheser Bizans d\u00f6neminde in\u015fa edilmi\u015f oldu\u011fu i\u00e7in tarihimizin bir par\u00e7as\u0131 say\u0131lmayacak m\u0131 idi?<\/p>\n<p>B\u00f6yle bir \u015feyi ancak dangalaklar d\u00fc\u015f\u00fcnebilir fikrindeyim.<\/p>\n<p>Bu topraklar \u00fczerindeki her \u015fey bu toplumun, bu milletin (devlete vatanda\u015fl\u0131k ba\u011f\u0131 ile ba\u011fl\u0131 olan yurtta\u015flar k\u00fcmesi) tarihinin bir par\u00e7as\u0131d\u0131r, aksini d\u00fc\u015f\u00fcnen en hafif deyimiyle cahildir.<\/p>\n<p>Son aylarda siyasette Millet \u0130ttifak\u0131n\u0131 zay\u0131flatmak hatta par\u00e7alamak isteyen Erdo\u011fan\u2019a en b\u00fcy\u00fck destek eski MSP\u2019li, M\u0130LL\u0130 g\u00f6r\u00fc\u015f\u00e7\u00fc O\u011fuzhan Asilt\u00fcrk\u2019ten geliyor, ben de Asilt\u00fcrk\u2019\u00fc daha ziyade Millet \u0130ttifak\u0131n\u0131 par\u00e7alama projesinden de\u011fil de yakla\u015f\u0131k otuz sene \u00f6nce yapt\u0131\u011f\u0131 bir a\u00e7\u0131klamadan, \u0130stanbul surlar\u0131 bizim k\u00fclt\u00fcr\u00fcm\u00fcz\u00fcn bir par\u00e7as\u0131 de\u011fil diye y\u0131k\u0131lmas\u0131 gerekti\u011fini belirten o rezil a\u00e7\u0131klamas\u0131ndan hat\u0131rl\u0131yorum.<\/p>\n<p>Bu kafa ne zaman m\u0131 iyile\u015fir?<\/p>\n<p>\u201cBu topraklar\u0131n t\u00fcm tarihi, \u00fczerindeki t\u00fcm tarihi, arkeolojik sitler, tek tanr\u0131l\u0131 dinler \u00f6ncesi ve sonras\u0131 ile bizimdir\u201d diyebilme zekas\u0131na gelebildi\u011fi zaman.<\/p>\n<p>Allah bu \u00fclkeyi \u201c\u0130stanbul surlar\u0131 bizim k\u00fclt\u00fcr\u00fcm\u00fcz\u00fcn bir par\u00e7as\u0131 olmad\u0131\u011f\u0131 i\u00e7in y\u0131kal\u0131m\u201d diyen zihniyetten korusun.<\/p>\n<hr \/>\n<p><em><strong><a href=\"https:\/\/artigercek.com\/yazarlar\/eserkarakas\/milli-tarih-ne-demek\" target=\"_blank\" rel=\"noopener noreferrer\">Art\u0131 Ger\u00e7ek<\/a>\u00a0<\/strong><\/em><\/p>\n","protected":false},"excerpt":{"rendered":"<p>Eser Karaka\u015f Bu topraklar \u00fczerindeki her \u015fey bu toplumun, bu milletin (devlete vatanda\u015fl\u0131k ba\u011f\u0131 ile ba\u011fl\u0131 olan yurtta\u015flar k\u00fcmesi) tarihinin bir par\u00e7as\u0131d\u0131r, aksini d\u00fc\u015f\u00fcnen en hafif deyimiyle cahildir. 30 Mart 2021 tarihli Resmi Gazete yine gecenin, 30 Mart\u2019\u0131n ilk saatlerinde yay\u0131nland\u0131, Merkez Bankas\u0131 Guvern\u00f6r (Ba\u015fkan) yard\u0131mc\u0131s\u0131 Murat \u00c7etinkaya g\u00f6revinden al\u0131nd\u0131, bu g\u00f6reve de yeni Guvern\u00f6r [&hellip;]<\/p>\n","protected":false},"author":7,"featured_media":62152,"comment_status":"open","ping_status":"open","sticky":false,"template":"","format":"standard","meta":{"footnotes":""},"categories":[1,70],"tags":[],"class_list":["post-62151","post","type-post","status-publish","format-standard","has-post-thumbnail","hentry","category-haberler","category-makaleler"],"yoast_head":"<!-- This site is optimized with the Yoast SEO plugin v27.4 - https:\/\/yoast.com\/product\/yoast-seo-wordpress\/ -->\n<title>Milli tarih ne demek? - Bati Ermenistan Ve Bati Ermenileri Sorunlari Ara\u015ftirmalar Merkezi<\/title>\n<meta name=\"robots\" content=\"index, follow, max-snippet:-1, max-image-preview:large, max-video-preview:-1\" \/>\n<link rel=\"canonical\" href=\"https:\/\/akunq.net\/tr\/?p=62151\" \/>\n<meta property=\"og:locale\" content=\"en_US\" \/>\n<meta property=\"og:type\" content=\"article\" \/>\n<meta property=\"og:title\" content=\"Milli tarih ne demek? - Bati Ermenistan Ve Bati Ermenileri Sorunlari Ara\u015ftirmalar Merkezi\" \/>\n<meta property=\"og:description\" content=\"Eser Karaka\u015f Bu topraklar \u00fczerindeki her \u015fey bu toplumun, bu milletin (devlete vatanda\u015fl\u0131k ba\u011f\u0131 ile ba\u011fl\u0131 olan yurtta\u015flar k\u00fcmesi) tarihinin bir par\u00e7as\u0131d\u0131r, aksini d\u00fc\u015f\u00fcnen en hafif deyimiyle cahildir. 30 Mart 2021 tarihli Resmi Gazete yine gecenin, 30 Mart\u2019\u0131n ilk saatlerinde yay\u0131nland\u0131, Merkez Bankas\u0131 Guvern\u00f6r (Ba\u015fkan) yard\u0131mc\u0131s\u0131 Murat \u00c7etinkaya g\u00f6revinden al\u0131nd\u0131, bu g\u00f6reve de yeni Guvern\u00f6r [&hellip;]\" \/>\n<meta property=\"og:url\" content=\"https:\/\/akunq.net\/tr\/?p=62151\" \/>\n<meta property=\"og:site_name\" content=\"Bati Ermenistan Ve Bati Ermenileri Sorunlari Ara\u015ftirmalar Merkezi\" \/>\n<meta property=\"article:published_time\" content=\"2021-03-31T06:42:23+00:00\" \/>\n<meta property=\"og:image\" content=\"https:\/\/akunq.net\/tr\/wp-content\/uploads\/sites\/6\/2021\/03\/Eser-Karaka\u015f-1.jpg\" \/>\n\t<meta property=\"og:image:width\" content=\"800\" \/>\n\t<meta property=\"og:image:height\" content=\"463\" \/>\n\t<meta property=\"og:image:type\" content=\"image\/jpeg\" \/>\n<meta name=\"author\" content=\"admin\" \/>\n<meta name=\"twitter:card\" content=\"summary_large_image\" \/>\n<meta name=\"twitter:label1\" content=\"Written by\" \/>\n\t<meta name=\"twitter:data1\" content=\"admin\" \/>\n\t<meta name=\"twitter:label2\" content=\"Est. reading time\" \/>\n\t<meta name=\"twitter:data2\" content=\"4 minutes\" \/>\n<script type=\"application\/ld+json\" class=\"yoast-schema-graph\">{\"@context\":\"https:\\\/\\\/schema.org\",\"@graph\":[{\"@type\":\"Article\",\"@id\":\"https:\\\/\\\/akunq.net\\\/tr\\\/?p=62151#article\",\"isPartOf\":{\"@id\":\"https:\\\/\\\/akunq.net\\\/tr\\\/?p=62151\"},\"author\":{\"name\":\"admin\",\"@id\":\"https:\\\/\\\/akunq.net\\\/tr\\\/#\\\/schema\\\/person\\\/096f1d38a12cce57fb855b485ed24c9e\"},\"headline\":\"Milli tarih ne demek?\",\"datePublished\":\"2021-03-31T06:42:23+00:00\",\"mainEntityOfPage\":{\"@id\":\"https:\\\/\\\/akunq.net\\\/tr\\\/?p=62151\"},\"wordCount\":837,\"commentCount\":0,\"image\":{\"@id\":\"https:\\\/\\\/akunq.net\\\/tr\\\/?p=62151#primaryimage\"},\"thumbnailUrl\":\"https:\\\/\\\/akunq.net\\\/tr\\\/wp-content\\\/uploads\\\/sites\\\/6\\\/2021\\\/03\\\/Eser-Karaka\u015f-1.jpg\",\"articleSection\":[\"Haberler\",\"Makaleler\"],\"inLanguage\":\"en-US\",\"potentialAction\":[{\"@type\":\"CommentAction\",\"name\":\"Comment\",\"target\":[\"https:\\\/\\\/akunq.net\\\/tr\\\/?p=62151#respond\"]}]},{\"@type\":\"WebPage\",\"@id\":\"https:\\\/\\\/akunq.net\\\/tr\\\/?p=62151\",\"url\":\"https:\\\/\\\/akunq.net\\\/tr\\\/?p=62151\",\"name\":\"Milli tarih ne demek? - Bati Ermenistan Ve Bati Ermenileri Sorunlari Ara\u015ftirmalar Merkezi\",\"isPartOf\":{\"@id\":\"https:\\\/\\\/akunq.net\\\/tr\\\/#website\"},\"primaryImageOfPage\":{\"@id\":\"https:\\\/\\\/akunq.net\\\/tr\\\/?p=62151#primaryimage\"},\"image\":{\"@id\":\"https:\\\/\\\/akunq.net\\\/tr\\\/?p=62151#primaryimage\"},\"thumbnailUrl\":\"https:\\\/\\\/akunq.net\\\/tr\\\/wp-content\\\/uploads\\\/sites\\\/6\\\/2021\\\/03\\\/Eser-Karaka\u015f-1.jpg\",\"datePublished\":\"2021-03-31T06:42:23+00:00\",\"author\":{\"@id\":\"https:\\\/\\\/akunq.net\\\/tr\\\/#\\\/schema\\\/person\\\/096f1d38a12cce57fb855b485ed24c9e\"},\"breadcrumb\":{\"@id\":\"https:\\\/\\\/akunq.net\\\/tr\\\/?p=62151#breadcrumb\"},\"inLanguage\":\"en-US\",\"potentialAction\":[{\"@type\":\"ReadAction\",\"target\":[\"https:\\\/\\\/akunq.net\\\/tr\\\/?p=62151\"]}]},{\"@type\":\"ImageObject\",\"inLanguage\":\"en-US\",\"@id\":\"https:\\\/\\\/akunq.net\\\/tr\\\/?p=62151#primaryimage\",\"url\":\"https:\\\/\\\/akunq.net\\\/tr\\\/wp-content\\\/uploads\\\/sites\\\/6\\\/2021\\\/03\\\/Eser-Karaka\u015f-1.jpg\",\"contentUrl\":\"https:\\\/\\\/akunq.net\\\/tr\\\/wp-content\\\/uploads\\\/sites\\\/6\\\/2021\\\/03\\\/Eser-Karaka\u015f-1.jpg\",\"width\":800,\"height\":463},{\"@type\":\"BreadcrumbList\",\"@id\":\"https:\\\/\\\/akunq.net\\\/tr\\\/?p=62151#breadcrumb\",\"itemListElement\":[{\"@type\":\"ListItem\",\"position\":1,\"name\":\"Home\",\"item\":\"https:\\\/\\\/akunq.net\\\/tr\"},{\"@type\":\"ListItem\",\"position\":2,\"name\":\"Milli tarih ne demek?\"}]},{\"@type\":\"WebSite\",\"@id\":\"https:\\\/\\\/akunq.net\\\/tr\\\/#website\",\"url\":\"https:\\\/\\\/akunq.net\\\/tr\\\/\",\"name\":\"Bati Ermenistan Ve Bati Ermenileri Sorunlari Ara\u015ftirmalar Merkezi\",\"description\":\"\",\"potentialAction\":[{\"@type\":\"SearchAction\",\"target\":{\"@type\":\"EntryPoint\",\"urlTemplate\":\"https:\\\/\\\/akunq.net\\\/tr\\\/?s={search_term_string}\"},\"query-input\":{\"@type\":\"PropertyValueSpecification\",\"valueRequired\":true,\"valueName\":\"search_term_string\"}}],\"inLanguage\":\"en-US\"},{\"@type\":\"Person\",\"@id\":\"https:\\\/\\\/akunq.net\\\/tr\\\/#\\\/schema\\\/person\\\/096f1d38a12cce57fb855b485ed24c9e\",\"name\":\"admin\",\"url\":\"https:\\\/\\\/akunq.net\\\/tr\\\/?author=7\"}]}<\/script>\n<!-- \/ Yoast SEO plugin. -->","yoast_head_json":{"title":"Milli tarih ne demek? - Bati Ermenistan Ve Bati Ermenileri Sorunlari Ara\u015ftirmalar Merkezi","robots":{"index":"index","follow":"follow","max-snippet":"max-snippet:-1","max-image-preview":"max-image-preview:large","max-video-preview":"max-video-preview:-1"},"canonical":"https:\/\/akunq.net\/tr\/?p=62151","og_locale":"en_US","og_type":"article","og_title":"Milli tarih ne demek? - Bati Ermenistan Ve Bati Ermenileri Sorunlari Ara\u015ftirmalar Merkezi","og_description":"Eser Karaka\u015f Bu topraklar \u00fczerindeki her \u015fey bu toplumun, bu milletin (devlete vatanda\u015fl\u0131k ba\u011f\u0131 ile ba\u011fl\u0131 olan yurtta\u015flar k\u00fcmesi) tarihinin bir par\u00e7as\u0131d\u0131r, aksini d\u00fc\u015f\u00fcnen en hafif deyimiyle cahildir. 30 Mart 2021 tarihli Resmi Gazete yine gecenin, 30 Mart\u2019\u0131n ilk saatlerinde yay\u0131nland\u0131, Merkez Bankas\u0131 Guvern\u00f6r (Ba\u015fkan) yard\u0131mc\u0131s\u0131 Murat \u00c7etinkaya g\u00f6revinden al\u0131nd\u0131, bu g\u00f6reve de yeni Guvern\u00f6r [&hellip;]","og_url":"https:\/\/akunq.net\/tr\/?p=62151","og_site_name":"Bati Ermenistan Ve Bati Ermenileri Sorunlari Ara\u015ftirmalar Merkezi","article_published_time":"2021-03-31T06:42:23+00:00","og_image":[{"width":800,"height":463,"url":"https:\/\/akunq.net\/tr\/wp-content\/uploads\/sites\/6\/2021\/03\/Eser-Karaka\u015f-1.jpg","type":"image\/jpeg"}],"author":"admin","twitter_card":"summary_large_image","twitter_misc":{"Written by":"admin","Est. reading time":"4 minutes"},"schema":{"@context":"https:\/\/schema.org","@graph":[{"@type":"Article","@id":"https:\/\/akunq.net\/tr\/?p=62151#article","isPartOf":{"@id":"https:\/\/akunq.net\/tr\/?p=62151"},"author":{"name":"admin","@id":"https:\/\/akunq.net\/tr\/#\/schema\/person\/096f1d38a12cce57fb855b485ed24c9e"},"headline":"Milli tarih ne demek?","datePublished":"2021-03-31T06:42:23+00:00","mainEntityOfPage":{"@id":"https:\/\/akunq.net\/tr\/?p=62151"},"wordCount":837,"commentCount":0,"image":{"@id":"https:\/\/akunq.net\/tr\/?p=62151#primaryimage"},"thumbnailUrl":"https:\/\/akunq.net\/tr\/wp-content\/uploads\/sites\/6\/2021\/03\/Eser-Karaka\u015f-1.jpg","articleSection":["Haberler","Makaleler"],"inLanguage":"en-US","potentialAction":[{"@type":"CommentAction","name":"Comment","target":["https:\/\/akunq.net\/tr\/?p=62151#respond"]}]},{"@type":"WebPage","@id":"https:\/\/akunq.net\/tr\/?p=62151","url":"https:\/\/akunq.net\/tr\/?p=62151","name":"Milli tarih ne demek? - Bati Ermenistan Ve Bati Ermenileri Sorunlari Ara\u015ftirmalar Merkezi","isPartOf":{"@id":"https:\/\/akunq.net\/tr\/#website"},"primaryImageOfPage":{"@id":"https:\/\/akunq.net\/tr\/?p=62151#primaryimage"},"image":{"@id":"https:\/\/akunq.net\/tr\/?p=62151#primaryimage"},"thumbnailUrl":"https:\/\/akunq.net\/tr\/wp-content\/uploads\/sites\/6\/2021\/03\/Eser-Karaka\u015f-1.jpg","datePublished":"2021-03-31T06:42:23+00:00","author":{"@id":"https:\/\/akunq.net\/tr\/#\/schema\/person\/096f1d38a12cce57fb855b485ed24c9e"},"breadcrumb":{"@id":"https:\/\/akunq.net\/tr\/?p=62151#breadcrumb"},"inLanguage":"en-US","potentialAction":[{"@type":"ReadAction","target":["https:\/\/akunq.net\/tr\/?p=62151"]}]},{"@type":"ImageObject","inLanguage":"en-US","@id":"https:\/\/akunq.net\/tr\/?p=62151#primaryimage","url":"https:\/\/akunq.net\/tr\/wp-content\/uploads\/sites\/6\/2021\/03\/Eser-Karaka\u015f-1.jpg","contentUrl":"https:\/\/akunq.net\/tr\/wp-content\/uploads\/sites\/6\/2021\/03\/Eser-Karaka\u015f-1.jpg","width":800,"height":463},{"@type":"BreadcrumbList","@id":"https:\/\/akunq.net\/tr\/?p=62151#breadcrumb","itemListElement":[{"@type":"ListItem","position":1,"name":"Home","item":"https:\/\/akunq.net\/tr"},{"@type":"ListItem","position":2,"name":"Milli tarih ne demek?"}]},{"@type":"WebSite","@id":"https:\/\/akunq.net\/tr\/#website","url":"https:\/\/akunq.net\/tr\/","name":"Bati Ermenistan Ve Bati Ermenileri Sorunlari Ara\u015ftirmalar Merkezi","description":"","potentialAction":[{"@type":"SearchAction","target":{"@type":"EntryPoint","urlTemplate":"https:\/\/akunq.net\/tr\/?s={search_term_string}"},"query-input":{"@type":"PropertyValueSpecification","valueRequired":true,"valueName":"search_term_string"}}],"inLanguage":"en-US"},{"@type":"Person","@id":"https:\/\/akunq.net\/tr\/#\/schema\/person\/096f1d38a12cce57fb855b485ed24c9e","name":"admin","url":"https:\/\/akunq.net\/tr\/?author=7"}]}},"_links":{"self":[{"href":"https:\/\/akunq.net\/tr\/index.php?rest_route=\/wp\/v2\/posts\/62151","targetHints":{"allow":["GET"]}}],"collection":[{"href":"https:\/\/akunq.net\/tr\/index.php?rest_route=\/wp\/v2\/posts"}],"about":[{"href":"https:\/\/akunq.net\/tr\/index.php?rest_route=\/wp\/v2\/types\/post"}],"author":[{"embeddable":true,"href":"https:\/\/akunq.net\/tr\/index.php?rest_route=\/wp\/v2\/users\/7"}],"replies":[{"embeddable":true,"href":"https:\/\/akunq.net\/tr\/index.php?rest_route=%2Fwp%2Fv2%2Fcomments&post=62151"}],"version-history":[{"count":1,"href":"https:\/\/akunq.net\/tr\/index.php?rest_route=\/wp\/v2\/posts\/62151\/revisions"}],"predecessor-version":[{"id":62153,"href":"https:\/\/akunq.net\/tr\/index.php?rest_route=\/wp\/v2\/posts\/62151\/revisions\/62153"}],"wp:featuredmedia":[{"embeddable":true,"href":"https:\/\/akunq.net\/tr\/index.php?rest_route=\/wp\/v2\/media\/62152"}],"wp:attachment":[{"href":"https:\/\/akunq.net\/tr\/index.php?rest_route=%2Fwp%2Fv2%2Fmedia&parent=62151"}],"wp:term":[{"taxonomy":"category","embeddable":true,"href":"https:\/\/akunq.net\/tr\/index.php?rest_route=%2Fwp%2Fv2%2Fcategories&post=62151"},{"taxonomy":"post_tag","embeddable":true,"href":"https:\/\/akunq.net\/tr\/index.php?rest_route=%2Fwp%2Fv2%2Ftags&post=62151"}],"curies":[{"name":"wp","href":"https:\/\/api.w.org\/{rel}","templated":true}]}}