{"id":62144,"date":"2021-03-30T05:57:16","date_gmt":"2021-03-30T10:57:16","guid":{"rendered":"https:\/\/akunq.net\/tr\/?p=62144"},"modified":"2021-03-30T05:57:16","modified_gmt":"2021-03-30T10:57:16","slug":"antep-ve-urfada-bebek-olumleri-alarm-veriyor","status":"publish","type":"post","link":"https:\/\/akunq.net\/tr\/?p=62144","title":{"rendered":"Antep ve Urfa&#8217;da bebek \u00f6l\u00fcmleri alarm veriyor"},"content":{"rendered":"<p><img loading=\"lazy\" decoding=\"async\" class=\"aligncenter size-medium wp-image-62145\" src=\"https:\/\/akunq.net\/tr\/wp-content\/uploads\/2021\/03\/Antep-ve-Urfa-360x203.jpg\" alt=\"\" width=\"360\" height=\"203\" srcset=\"https:\/\/akunq.net\/tr\/wp-content\/uploads\/sites\/6\/2021\/03\/Antep-ve-Urfa-360x203.jpg 360w, https:\/\/akunq.net\/tr\/wp-content\/uploads\/sites\/6\/2021\/03\/Antep-ve-Urfa-560x315.jpg 560w, https:\/\/akunq.net\/tr\/wp-content\/uploads\/sites\/6\/2021\/03\/Antep-ve-Urfa-260x146.jpg 260w, https:\/\/akunq.net\/tr\/wp-content\/uploads\/sites\/6\/2021\/03\/Antep-ve-Urfa-160x90.jpg 160w, https:\/\/akunq.net\/tr\/wp-content\/uploads\/sites\/6\/2021\/03\/Antep-ve-Urfa.jpg 700w\" sizes=\"auto, (max-width: 360px) 100vw, 360px\" \/><\/p>\n<p><em><strong>Antep ve Urfa, T\u00fcrkiye ortalamas\u0131n\u0131n \u00fczerinde bebek \u00f6l\u00fcm h\u0131z\u0131na sahip iki \u015fehir. DW T\u00fcrk\u00e7e, bu iki \u015fehirde \u00fclke ortalamas\u0131n\u0131n \u00fcst\u00fcnde seyreden bebek \u00f6l\u00fcmlerinin nedenlerini ara\u015ft\u0131rd\u0131.<\/strong><\/em><\/p>\n<p>Urfa&#8217;da 2019 y\u0131l\u0131n\u0131n Aral\u0131k ay\u0131nda Ahmet \u00c7. isimli bebek rahats\u0131zland\u0131 ve Urfa E\u011fitim ve Ara\u015ft\u0131rma Hastanesi&#8217;ne kald\u0131r\u0131ld\u0131. Ahmet bebe\u011fin g\u00f6bek ba\u011f\u0131ndan kan geliyordu. Acil serviste tedavi g\u00f6ren bebek kurtar\u0131lamad\u0131. Urfa&#8217;da Ahmet gibi ya\u015fam\u0131n\u0131 yitiren bebeklerin say\u0131s\u0131 az de\u011fil \u00e7\u00fcnk\u00fc Urfa, kom\u015fusu Antep ile birlikte T\u00fcrkiye ortalamas\u0131n\u0131n \u00fczerinde bebek \u00f6l\u00fcm h\u0131z\u0131na sahip iki \u015fehirden biri.<\/p>\n<p>T\u00fcrkiye \u0130statistik Kurumu (T\u00dc\u0130K) verilerine g\u00f6re, bir ya\u015fa kadar bebek \u00f6l\u00fcm h\u0131z\u0131n\u0131n 2019 T\u00fcrkiye ortalamas\u0131 9,1. Bu oran Antep&#8217;te 16,2, Urfa&#8217;da ise 15,3. Be\u015f ya\u015f alt\u0131 bebek \u00f6l\u00fcm h\u0131z\u0131 da Urfa ve Antep&#8217;te \u00fclke ortalamas\u0131n\u0131n olduk\u00e7a \u00fcst\u00fcnde. T\u00fcrkiye ortalamas\u0131 11,2 iken ayn\u0131 oran Antep&#8217;te 19,1 ve Urfa&#8217;da 19,6 olarak seyrediyor.<\/p>\n<p>Bebek \u00f6l\u00fcmlerine yol a\u00e7an \u00e7e\u015fitli fakt\u00f6rler var. Bunlardan biri, yetersiz sa\u011fl\u0131k hizmetleri. DW T\u00fcrk\u00e7e&#8217;ye konu\u015fan Antep-Kilis Tabip Odas\u0131 Ba\u015fkan\u0131 Dr. Ay\u015feg\u00fcl Ate\u015f Tarla, &#8220;Antep&#8217;te 1 ay ile 1 ya\u015f aras\u0131 bebek \u00f6l\u00fcmleri daha y\u00fcksek. Yani burada hizmetlerle ilgili bir s\u0131k\u0131nt\u0131 oldu\u011fu g\u00f6r\u00fcn\u00fcyor&#8221; diyor. \u015eanl\u0131urfa E\u011fitim Ara\u015ft\u0131rma Hastanesi&#8217;nde 15 y\u0131l g\u00f6rev yapan \u00e7ocuk sa\u011fl\u0131\u011f\u0131 ve hastal\u0131klar\u0131 uzman\u0131 Dr. \u00d6mer Melik de ayn\u0131 soruna dikkat \u00e7ekiyor. &#8220;Uzun s\u00fcre yenido\u011fan yo\u011fun bak\u0131m biriminde \u00e7al\u0131\u015ft\u0131m. G\u00fcnde 80 ila 120 bebek do\u011fmaktayd\u0131. Yenido\u011fan yo\u011fun bak\u0131m servisindeki kuv\u00f6z say\u0131s\u0131 yeterli de\u011fildi. \u00c7o\u011fu bebe\u011fi \u00f6zel hastanelere ya da ba\u015fka illere sevk etmek durumunda kal\u0131rd\u0131k&#8221; diye anlat\u0131yor. Urfa ayn\u0131 zamanda do\u011furganl\u0131\u011f\u0131n da en y\u00fcksek oldu\u011fu il. 2019&#8217;da kaba do\u011fum h\u0131z\u0131 T\u00fcrkiye&#8217;de ortalama 14,3 iken, Urfa&#8217;da 29,5 olarak ger\u00e7ekle\u015fti. Dr. Melik, buna kar\u015f\u0131n kent merkezinde tek bir e\u011fitim-ara\u015ft\u0131rma hastanesi oldu\u011funu hat\u0131rlat\u0131yor.<\/p>\n<div class=\"picBox full\">\n<div id=\"twtr-1375500876530466816\" class=\"group embeddedTweet\">\n<div class=\"twitter-tweet twitter-tweet-rendered\"><iframe id=\"twitter-widget-0\" class=\"\" title=\"Twitter Tweet\" src=\"https:\/\/platform.twitter.com\/embed\/Tweet.html?dnt=false&amp;embedId=twitter-widget-0&amp;frame=false&amp;hideCard=false&amp;hideThread=false&amp;id=1375500876530466816&amp;lang=en&amp;origin=https%3A%2F%2Fwww.dw.com%2Ftr%2Fantep-ve-urfada-bebek-%25C3%25B6l%25C3%25BCmleri-alarm-veriyor%2Fa-57022380&amp;siteScreenName=dw_turkce&amp;theme=light&amp;widgetsVersion=e1ffbdb%3A1614796141937&amp;width=550px\" frameborder=\"0\" scrolling=\"no\" allowfullscreen=\"allowfullscreen\" data-tweet-id=\"1375500876530466816\" data-mce-fragment=\"1\"><\/iframe><\/div>\n<\/div>\n<\/div>\n<p>Urfa Tabip Odas\u0131 Genel Sekreteri Dr. Bulut Ezer, bebek \u00f6l\u00fcmlerini kronik bir sorun olarak nitelendiriyor. Sa\u011fl\u0131k hizmetlerinin yetersiz olmas\u0131, yaln\u0131zca fiziksel imkanlar de\u011fil, sa\u011fl\u0131k personeli ve uzman say\u0131s\u0131yla da ili\u015fkili. Dr. Ezer, &#8220;\u0130zmir&#8217;de bir hekimin yakla\u015f\u0131k 22 gebesi varken Urfa&#8217;da bu 90&#8217;\u0131 bulabiliyor. Urfa&#8217;da bir hekim 250 civar\u0131nda \u00e7ocu\u011fa a\u015f\u0131 yaparken bu say\u0131 \u0130zmir&#8217;de yakla\u015f\u0131k olarak 80&#8221; diyor.<\/p>\n<div class=\"picBox medium\n\"><a class=\"overlayLink init\" href=\"https:\/\/www.dw.com\/tr\/antep-ve-urfada-bebek-%C3%B6l%C3%BCmleri-alarm-veriyor\/a-57022380#\" rel=\"nofollow\"><img decoding=\"async\" title=\"Dr. Bulut Ezer\" src=\"https:\/\/static.dw.com\/image\/57029065_404.jpeg\" alt=\"Dr. Bulut Ezer\" \/><\/a><em>Dr. Bulut Ezer<\/em><\/p>\n<\/div>\n<p><strong>&#8220;\u00c7ocuk bak\u0131m\u0131n\u0131 \u00e7ocuk \u00fcstlenebiliyor&#8221;<\/strong><\/p>\n<p>Personel say\u0131s\u0131ndaki yetersizlik i\u015f y\u00fck\u00fcn\u00fc art\u0131r\u0131yor. &#8220;G\u00fcnde 120 hastaya bakt\u0131\u011f\u0131m oluyordu&#8221; diyen Dr. Melik, i\u015f y\u00fck\u00fcn\u00fcn hekimlerde t\u00fckenmi\u015flik sendromuna yol a\u00e7t\u0131\u011f\u0131na dikkat \u00e7ekiyor. Urfa&#8217;da doktorlar \u00fczerindeki i\u015f y\u00fck\u00fc \u00f6zellikle yaz aylar\u0131nda y\u00fcksek seviyelere ula\u015f\u0131yor. Nedeni ise mevsimlik tar\u0131m i\u015f\u00e7ileri\u2026 T\u00fcrk Tabipleri Birli\u011fi, Urfa&#8217;da ge\u00e7en sene &#8220;Aile Hekimli\u011finde Anne-Bebek \u00d6l\u00fcmleri ve Ba\u011f\u0131\u015f\u0131klama \u00c7al\u0131\u015ftay\u0131&#8221; d\u00fczenledi. Dr. Bulut Ezer, \u00e7al\u0131\u015ftaydan \u00e7\u0131kan mevsimlik i\u015f\u00e7ili\u011fin sa\u011fl\u0131k hizmetlerine yans\u0131mas\u0131 konusunda \u00e7arp\u0131c\u0131 bir \u00f6rnek veriyor: &#8220;Aile hekimlerinin May\u0131s-Eyl\u00fcl aylar\u0131nda Urfa&#8217;da yapt\u0131\u011f\u0131 performans itiraz say\u0131s\u0131n\u0131n ortalamas\u0131 1.975 iken, bu say\u0131 \u0130zmir&#8217;de 768. Urfa&#8217;n\u0131n n\u00fcfusu 2 milyon, \u0130zmir&#8217;in 4 milyon ama Urfa&#8217;da hizmet verilemeyen ki\u015fi daha fazla.&#8221;<\/p>\n<p>Birle\u015fmi\u015f Milletler N\u00fcfus Fonu (UNFPA) \u00dcreme Sa\u011fl\u0131\u011f\u0131 Programlar\u0131 Koordinat\u00f6r\u00fc Dr. G\u00f6khan Y\u0131ld\u0131r\u0131mkaya ise mevsimlik tar\u0131m i\u015f\u00e7ili\u011finin bebek \u00f6l\u00fcmlerindeki etkisine dikkat \u00e7ekiyor. &#8220;Ebeveynler tarlada \u00e7al\u0131\u015f\u0131nca \u00e7ocuklar\u0131n bak\u0131m\u0131n\u0131 \u00e7ocuklar \u00fcstlenebiliyor, anne baba g\u00f6zetim yapam\u0131yor. Mevsimlik tar\u0131m i\u015f\u00e7isi ailelerin \u00e7ocuklar\u0131 i\u00e7in a\u015f\u0131lama gibi takiplerin zor olmas\u0131 da hastal\u0131k ve \u00f6l\u00fcmleri etkileyebiliyor&#8221; diyor.<\/p>\n<p><strong>&#8220;Do\u011fum kontrol isteyenin talebi kar\u015f\u0131lanam\u0131yor \u00e7\u00fcnk\u00fc yok&#8221;<\/strong><\/p>\n<p>Ge\u00e7en sene \u015eubat ay\u0131nda, \u015eanl\u0131urfa \u0130l Sa\u011fl\u0131k M\u00fcd\u00fcrl\u00fc\u011f\u00fc Halk Sa\u011fl\u0131\u011f\u0131 Hizmetleri Ba\u015fkanl\u0131\u011f\u0131 taraf\u0131ndan sa\u011fl\u0131k personeline bebek \u00f6l\u00fcmlerini azaltmak i\u00e7in &#8220;Yenido\u011fan Canland\u0131rma E\u011fitimi&#8221; (NRP) verildi. \u0130l Sa\u011fl\u0131k M\u00fcd\u00fcr\u00fc Do\u00e7. Dr. Emre Erku\u015f, NRP e\u011fitimi ile yenido\u011fan \u00f6l\u00fcmlerinin b\u00fcy\u00fck oranda \u00f6nlenebilece\u011fini ifade etti. Ancak, &#8220;Hastane, yo\u011fun bak\u0131m \u00f6nemli ama bunlar bebek \u00f6l\u00fcmlerini engellemez tek ba\u015f\u0131na&#8221; diyen Dr. Ay\u015feg\u00fcl Ate\u015f Tarla, koruyucu sa\u011fl\u0131k hizmetlerinin \u00f6nemini vurguluyor.<\/p>\n<div class=\"picBox medium\nrechts\n\"><em><a class=\"overlayLink init\" href=\"https:\/\/www.dw.com\/tr\/antep-ve-urfada-bebek-%C3%B6l%C3%BCmleri-alarm-veriyor\/a-57022380#\" rel=\"nofollow\"><img decoding=\"async\" title=\"Antep-Kilis Tabip Odas\u0131 Ba\u015fkan\u0131 Dr. Ay\u015feg\u00fcl Ate\u015f Tarla\" src=\"https:\/\/static.dw.com\/image\/57022250_404.png\" alt=\"Antep-Kilis Tabip Odas\u0131 Ba\u015fkan\u0131 Dr. Ay\u015feg\u00fcl Ate\u015f Tarla\" \/><\/a><\/em><em>Antep-Kilis Tabip Odas\u0131 Ba\u015fkan\u0131 Dr. Ay\u015feg\u00fcl Ate\u015f Tarla<\/em><\/p>\n<\/div>\n<p>&#8220;Mesela akraba evlili\u011fi hakk\u0131nda bilgilendirme yap\u0131lmal\u0131. Antep&#8217;te akraba evliliklerinin y\u00fcksek oldu\u011fu g\u00f6r\u00fcl\u00fcyor. Bu da bebek \u00f6l\u00fcmlerinin nedenleri aras\u0131nda.&#8221;<\/p>\n<p>Antep Tabip Odas\u0131 Ba\u015fkan\u0131&#8217;n\u0131n dikkat \u00e7ekti\u011fi bir di\u011fer konu, aile planlamas\u0131. 2013 T\u00fcrkiye N\u00fcfus ve Sa\u011fl\u0131k Ara\u015ft\u0131rmas\u0131&#8217;nda (TNSA) ba\u015fka \u00e7ocuk sahibi olmak istemedi\u011fi halde hi\u00e7bir y\u00f6ntem ile korunmayan kad\u0131nlar\u0131n y\u00fczdesi 6 iken bu say\u0131 2018&#8217;de y\u00fczde 12&#8217;ye \u00e7\u0131kt\u0131. Dr. Ate\u015f Tarla, &#8220;Bu durum, istenmeyen gebelik art\u0131\u015f\u0131na neden olabilir. \u0130stenmeyen gebelikler de anne-bebek \u00f6l\u00fcmlerini art\u0131rabiliyor&#8221; diyor. Antep \u00f6zelinde ise \u015funlar\u0131 s\u00f6yl\u00fcyor:<\/p>\n<p>&#8220;\u00c7ift, do\u011fum kontrol hap\u0131 isteyecek ya da prezervatif alacak. Gitti\u011fi sa\u011fl\u0131k kurulu\u015funda bunlar\u0131n hi\u00e7biri kar\u015f\u0131lanam\u0131yor \u00e7\u00fcnk\u00fc yok. Gelmiyor.&#8221;<\/p>\n<p>\u00c7ok Ama\u00e7l\u0131 Toplum Merkezi&#8217;nden (\u00c7ATOM) Nurcan Do\u011fan&#8217;\u0131n da bu konuda saha deneyimi var. Antep&#8217;in \u015eahinbey il\u00e7esinde g\u00f6rev yapan Do\u011fan, sa\u011fl\u0131k kurulu\u015flar\u0131na y\u00f6nlendirdikleri kad\u0131nlar\u0131n kimi zaman bilgilendirme yap\u0131lmaks\u0131z\u0131n g\u00f6nderildi\u011fini s\u00f6yl\u00fcyor. &#8220;Korunma y\u00f6ntemi i\u00e7in dan\u0131\u015fmanl\u0131k als\u0131n diye sa\u011fl\u0131k kurulu\u015funa y\u00f6nlendirdi\u011fimiz bir kad\u0131n, &#8216;B\u00f6yle bir uygulamam\u0131z yok&#8217; cevab\u0131n\u0131 alabiliyor&#8221; diyor. Do\u011fan, kad\u0131nlara aile planlamas\u0131 e\u011fitimleri verdiklerini ancak erkeklerin de e\u011fitimi almas\u0131 gerekti\u011fine dikkat \u00e7ekerek, &#8220;E\u011fitim s\u00f6z konusu olunca erkekler bahane bulup gelmiyorlar&#8221; diye ekliyor.<\/p>\n<div class=\"col3 right\">\n<div class=\"standaloneWrap\">\n<div class=\"imgTeaserL video\" data-media-id=\"55716615\">\n<div class=\"mediaItem\" data-media-id=\"55716615\">\n<div class=\"teaserContentWrap information\">\n<p><strong>Pandemide yoksulluk: &#8220;Bebek bezi yerine po\u015fet, mama yerine \u015fekerli su&#8221;<\/strong><\/p>\n<\/div>\n<\/div>\n<\/div>\n<\/div>\n<\/div>\n<p><strong>\u00c7ocuk ya\u015fta evliliklerin etkisi<\/strong><\/p>\n<p>Anne ya\u015f\u0131, do\u011fum say\u0131s\u0131 ve k\u0131sa do\u011fum aral\u0131\u011f\u0131, bebek \u00f6l\u00fcmlerini etkileyen fakt\u00f6rlerin ba\u015f\u0131nda geliyor. UNFPA taraf\u0131ndan ge\u00e7en sene yay\u0131nlanan &#8220;\u00c7ocuk Ya\u015fta, Erken ve Zorla Evliliklerin Sa\u011fl\u0131k Riskleri ve Sonu\u00e7lar\u0131na \u00c7ok Sekt\u00f6rl\u00fc Yakla\u015f\u0131m&#8221; raporunda, \u00e7ocuk ya\u015fta evliliklerin yaratt\u0131\u011f\u0131 en \u00f6nemli riskin, erken, riskli veya istenmeyen gebelikler oldu\u011fu belirtiliyor. Ara\u015ft\u0131rma kapsam\u0131nda g\u00f6r\u00fc\u015f\u00fclen bir aile hekimi, &#8220;Hem anne \u00f6l\u00fcm\u00fc hem bebek \u00f6l\u00fcm\u00fc birbirlerini takip edebiliyor. \u00c7ocuk k\u00fc\u00e7\u00fck oldu\u011fu i\u00e7in sa\u011fl\u0131k kurulu\u015funa ba\u015fvurmaya korkuyor. Oyuncak bebekle oynayacak ya\u015fta kuca\u011f\u0131na canl\u0131 bir bebek veriliyor&#8221; diyor. Dr. \u00d6mer Melik, Urfa E\u011fitim Ara\u015ft\u0131rma Hastanesi&#8217;nde \u00e7al\u0131\u015f\u0131rken \u00e7ocuk ya\u015fta yap\u0131lan do\u011fumlar\u0131n birinci elden tan\u0131\u011f\u0131: &#8220;N\u00f6bet tuttu\u011fum haftalarda g\u00fcnde 2-3 k\u0131z \u00e7ocu\u011fu do\u011fuma gelirdi.&#8221;<\/p>\n<p>\u00c7ATOM&#8217;dan Nurcan Do\u011fan&#8217;a g\u00f6re, kad\u0131nlar\u0131n sa\u011fl\u0131k kurulu\u015flar\u0131na gitmesini engelleyen erkek aile bireyleri de \u00f6l\u00fcme neden olan fakt\u00f6rler aras\u0131nda.<\/p>\n<p>&#8220;Bir g\u00fcn bir kad\u0131n geldi. Erken ya\u015fta anne olmu\u015f, \u00e7ocu\u011funa bakamad\u0131\u011f\u0131 i\u00e7in \u00e7ocuk vefat etmi\u015f. Bir ba\u015fkas\u0131 evde do\u011fum yapm\u0131\u015f, \u00e7ocu\u011funu do\u011fum s\u0131ras\u0131nda kaybetmi\u015fti. Do\u011fum evde olmu\u015f \u00e7\u00fcnk\u00fc sa\u011fl\u0131k kurulu\u015funa gitmesi istenmemi\u015f.&#8221;<\/p>\n<div class=\"col3 right\">\n<div class=\"standaloneWrap\">\n<div class=\"imgTeaserL video\" data-media-id=\"43978396\">\n<div class=\"mediaItem\" data-media-id=\"43978396\">\n<div class=\"teaserImg\" title=\"\">\n<div id=\"videoContainer-439783961\" class=\"jwplayer jw-reset jw-state-idle jw-stretch-uniform jw-flag-aspect-mode jw-skin-dwskin jw-floating-dismissible hola_preview_over_player jw-breakpoint-4 jw-flag-user-inactive\" tabindex=\"0\" role=\"application\" aria-label=\"Video oynat\u0131c\u0131\" aria-describedby=\"jw-shortcuts-tooltip-explanation\">\n<div class=\"jw-wrapper jw-reset\">\n<div>\n<div>\n<div><span style=\"color: #333333; font-family: 'Cantata One', serif; letter-spacing: 0.05em;\">Hamile \u00e7ocuk skandal\u0131n\u0131 ortaya \u00e7\u0131karan g\u00f6revli anlat\u0131yor<\/span><\/div>\n<\/div>\n<\/div>\n<\/div>\n<\/div>\n<\/div>\n<\/div>\n<\/div>\n<\/div>\n<\/div>\n<p>Kad\u0131nlar\u0131n k\u0131sa aral\u0131klarla gebe kalmas\u0131, \u00e7ok \u00e7ocuk do\u011furmas\u0131 da k\u0131r\u0131lganl\u0131k yaratan nedenlerden\u2026 \u00d6te yandan, Dr. \u00d6mer Melik&#8217;in dikkat \u00e7ekti\u011fi \u00fczere, gebe takibinin yap\u0131lamamas\u0131 hem annenin hem de bebe\u011fin hayat\u0131n\u0131 riske at\u0131yor. Bu durum, anomalili bebeklerin do\u011fumuna neden olabiliyor. &#8220;Bebek anomalili do\u011funca \u00f6l\u00fcm ka\u00e7\u0131n\u0131lmaz oluyor&#8221; diyor.<\/p>\n<p><strong>Suriyeli bebekler istatistiklerde yok<\/strong><\/p>\n<p>Antep ve Urfa ayn\u0131 zamanda g\u00f6\u00e7 alan iki \u015fehir. 2011&#8217;den bu yana Suriyeli g\u00f6\u00e7\u00fc ile iki kentin de n\u00fcfusu artm\u0131\u015f durumda. Ancak T\u00dc\u0130K verilerinde, Suriyeli bebek \u00f6l\u00fcmleri yer alm\u0131yor. DW T\u00fcrk\u00e7e&#8217;ye bilgi veren doktorlar, il sa\u011fl\u0131k m\u00fcd\u00fcrl\u00fcklerine Suriyeli bebek \u00f6l\u00fcm\u00fc verisi sorduklar\u0131nda yan\u0131t alamad\u0131klar\u0131n\u0131 s\u00f6yledi.<\/p>\n<p>T\u00fcrk\u00e7e d\u0131\u015f\u0131nda sa\u011fl\u0131k hizmeti sunulmamas\u0131, yani K\u00fcrt\u00e7e ve Arap\u00e7a hizmet verilmemesi de bebek \u00f6l\u00fcmlerini olumsuz etkiliyor. Dr. Bulut Ezer, &#8220;K\u00fcrt\u00e7e ve Arap hizmet verebiliriz ama veremiyoruz&#8221; diyor. \u00d6nlenebilir her bebek \u00f6l\u00fcm\u00fcn\u00fcn \u00e7ocuk hak ihlali olarak kabul edilmesi gerekti\u011fini dile getiren doktorlara g\u00f6re, uzun vadeli \u00e7\u00f6z\u00fcm gerekiyor. Dr. Ay\u015feg\u00fcl Ate\u015f Tarla&#8217;n\u0131n da belirtti\u011fi gibi, aksi takdirde sorunun giderek b\u00fcy\u00fcmesi ka\u00e7\u0131n\u0131lmaz.<\/p>\n<p>&#8220;G\u00f6z g\u00f6re g\u00f6re insanlar\u0131n hayatlar\u0131yla oynam\u0131\u015f oluyoruz.&#8221;<\/p>\n<p><em><strong>Burcu Karaka\u015f<\/strong><\/em><\/p>\n<p><em><strong>\u00a9 Deutsche Welle T\u00fcrk\u00e7e\u00a0<\/strong><\/em><\/p>\n<p><em><strong>https:\/\/www.dw.com\/tr\/antep-ve-urfada-bebek-%C3%B6l%C3%BCmleri-alarm-veriyor\/a-57022380\u00a0<\/strong><\/em><\/p>\n","protected":false},"excerpt":{"rendered":"<p>Antep ve Urfa, T\u00fcrkiye ortalamas\u0131n\u0131n \u00fczerinde bebek \u00f6l\u00fcm h\u0131z\u0131na sahip iki \u015fehir. DW T\u00fcrk\u00e7e, bu iki \u015fehirde \u00fclke ortalamas\u0131n\u0131n \u00fcst\u00fcnde seyreden bebek \u00f6l\u00fcmlerinin nedenlerini ara\u015ft\u0131rd\u0131. Urfa&#8217;da 2019 y\u0131l\u0131n\u0131n Aral\u0131k ay\u0131nda Ahmet \u00c7. isimli bebek rahats\u0131zland\u0131 ve Urfa E\u011fitim ve Ara\u015ft\u0131rma Hastanesi&#8217;ne kald\u0131r\u0131ld\u0131. Ahmet bebe\u011fin g\u00f6bek ba\u011f\u0131ndan kan geliyordu. Acil serviste tedavi g\u00f6ren bebek kurtar\u0131lamad\u0131. Urfa&#8217;da [&hellip;]<\/p>\n","protected":false},"author":7,"featured_media":62145,"comment_status":"open","ping_status":"open","sticky":false,"template":"","format":"standard","meta":{"footnotes":""},"categories":[1],"tags":[],"class_list":["post-62144","post","type-post","status-publish","format-standard","has-post-thumbnail","hentry","category-haberler"],"yoast_head":"<!-- This site is optimized with the Yoast SEO plugin v27.4 - https:\/\/yoast.com\/product\/yoast-seo-wordpress\/ -->\n<title>Antep ve Urfa&#039;da bebek \u00f6l\u00fcmleri alarm veriyor - Bati Ermenistan Ve Bati Ermenileri Sorunlari Ara\u015ftirmalar Merkezi<\/title>\n<meta name=\"robots\" content=\"index, follow, max-snippet:-1, max-image-preview:large, max-video-preview:-1\" \/>\n<link rel=\"canonical\" href=\"https:\/\/akunq.net\/tr\/?p=62144\" \/>\n<meta property=\"og:locale\" content=\"en_US\" \/>\n<meta property=\"og:type\" content=\"article\" \/>\n<meta property=\"og:title\" content=\"Antep ve Urfa&#039;da bebek \u00f6l\u00fcmleri alarm veriyor - Bati Ermenistan Ve Bati Ermenileri Sorunlari Ara\u015ftirmalar Merkezi\" \/>\n<meta property=\"og:description\" content=\"Antep ve Urfa, T\u00fcrkiye ortalamas\u0131n\u0131n \u00fczerinde bebek \u00f6l\u00fcm h\u0131z\u0131na sahip iki \u015fehir. DW T\u00fcrk\u00e7e, bu iki \u015fehirde \u00fclke ortalamas\u0131n\u0131n \u00fcst\u00fcnde seyreden bebek \u00f6l\u00fcmlerinin nedenlerini ara\u015ft\u0131rd\u0131. Urfa&#8217;da 2019 y\u0131l\u0131n\u0131n Aral\u0131k ay\u0131nda Ahmet \u00c7. isimli bebek rahats\u0131zland\u0131 ve Urfa E\u011fitim ve Ara\u015ft\u0131rma Hastanesi&#8217;ne kald\u0131r\u0131ld\u0131. Ahmet bebe\u011fin g\u00f6bek ba\u011f\u0131ndan kan geliyordu. Acil serviste tedavi g\u00f6ren bebek kurtar\u0131lamad\u0131. Urfa&#8217;da [&hellip;]\" \/>\n<meta property=\"og:url\" content=\"https:\/\/akunq.net\/tr\/?p=62144\" \/>\n<meta property=\"og:site_name\" content=\"Bati Ermenistan Ve Bati Ermenileri Sorunlari Ara\u015ftirmalar Merkezi\" \/>\n<meta property=\"article:published_time\" content=\"2021-03-30T10:57:16+00:00\" \/>\n<meta property=\"og:image\" content=\"https:\/\/akunq.net\/tr\/wp-content\/uploads\/sites\/6\/2021\/03\/Antep-ve-Urfa.jpg\" \/>\n\t<meta property=\"og:image:width\" content=\"700\" \/>\n\t<meta property=\"og:image:height\" content=\"394\" \/>\n\t<meta property=\"og:image:type\" content=\"image\/jpeg\" \/>\n<meta name=\"author\" content=\"admin\" \/>\n<meta name=\"twitter:card\" content=\"summary_large_image\" \/>\n<meta name=\"twitter:label1\" content=\"Written by\" \/>\n\t<meta name=\"twitter:data1\" content=\"admin\" \/>\n\t<meta name=\"twitter:label2\" content=\"Est. reading time\" \/>\n\t<meta name=\"twitter:data2\" content=\"8 minutes\" \/>\n<script type=\"application\/ld+json\" class=\"yoast-schema-graph\">{\"@context\":\"https:\\\/\\\/schema.org\",\"@graph\":[{\"@type\":\"Article\",\"@id\":\"https:\\\/\\\/akunq.net\\\/tr\\\/?p=62144#article\",\"isPartOf\":{\"@id\":\"https:\\\/\\\/akunq.net\\\/tr\\\/?p=62144\"},\"author\":{\"name\":\"admin\",\"@id\":\"https:\\\/\\\/akunq.net\\\/tr\\\/#\\\/schema\\\/person\\\/096f1d38a12cce57fb855b485ed24c9e\"},\"headline\":\"Antep ve Urfa&#8217;da bebek \u00f6l\u00fcmleri alarm veriyor\",\"datePublished\":\"2021-03-30T10:57:16+00:00\",\"mainEntityOfPage\":{\"@id\":\"https:\\\/\\\/akunq.net\\\/tr\\\/?p=62144\"},\"wordCount\":1532,\"commentCount\":0,\"image\":{\"@id\":\"https:\\\/\\\/akunq.net\\\/tr\\\/?p=62144#primaryimage\"},\"thumbnailUrl\":\"https:\\\/\\\/akunq.net\\\/tr\\\/wp-content\\\/uploads\\\/sites\\\/6\\\/2021\\\/03\\\/Antep-ve-Urfa.jpg\",\"articleSection\":[\"Haberler\"],\"inLanguage\":\"en-US\",\"potentialAction\":[{\"@type\":\"CommentAction\",\"name\":\"Comment\",\"target\":[\"https:\\\/\\\/akunq.net\\\/tr\\\/?p=62144#respond\"]}]},{\"@type\":\"WebPage\",\"@id\":\"https:\\\/\\\/akunq.net\\\/tr\\\/?p=62144\",\"url\":\"https:\\\/\\\/akunq.net\\\/tr\\\/?p=62144\",\"name\":\"Antep ve Urfa'da bebek \u00f6l\u00fcmleri alarm veriyor - Bati Ermenistan Ve Bati Ermenileri Sorunlari Ara\u015ftirmalar Merkezi\",\"isPartOf\":{\"@id\":\"https:\\\/\\\/akunq.net\\\/tr\\\/#website\"},\"primaryImageOfPage\":{\"@id\":\"https:\\\/\\\/akunq.net\\\/tr\\\/?p=62144#primaryimage\"},\"image\":{\"@id\":\"https:\\\/\\\/akunq.net\\\/tr\\\/?p=62144#primaryimage\"},\"thumbnailUrl\":\"https:\\\/\\\/akunq.net\\\/tr\\\/wp-content\\\/uploads\\\/sites\\\/6\\\/2021\\\/03\\\/Antep-ve-Urfa.jpg\",\"datePublished\":\"2021-03-30T10:57:16+00:00\",\"author\":{\"@id\":\"https:\\\/\\\/akunq.net\\\/tr\\\/#\\\/schema\\\/person\\\/096f1d38a12cce57fb855b485ed24c9e\"},\"breadcrumb\":{\"@id\":\"https:\\\/\\\/akunq.net\\\/tr\\\/?p=62144#breadcrumb\"},\"inLanguage\":\"en-US\",\"potentialAction\":[{\"@type\":\"ReadAction\",\"target\":[\"https:\\\/\\\/akunq.net\\\/tr\\\/?p=62144\"]}]},{\"@type\":\"ImageObject\",\"inLanguage\":\"en-US\",\"@id\":\"https:\\\/\\\/akunq.net\\\/tr\\\/?p=62144#primaryimage\",\"url\":\"https:\\\/\\\/akunq.net\\\/tr\\\/wp-content\\\/uploads\\\/sites\\\/6\\\/2021\\\/03\\\/Antep-ve-Urfa.jpg\",\"contentUrl\":\"https:\\\/\\\/akunq.net\\\/tr\\\/wp-content\\\/uploads\\\/sites\\\/6\\\/2021\\\/03\\\/Antep-ve-Urfa.jpg\",\"width\":700,\"height\":394},{\"@type\":\"BreadcrumbList\",\"@id\":\"https:\\\/\\\/akunq.net\\\/tr\\\/?p=62144#breadcrumb\",\"itemListElement\":[{\"@type\":\"ListItem\",\"position\":1,\"name\":\"Home\",\"item\":\"https:\\\/\\\/akunq.net\\\/tr\"},{\"@type\":\"ListItem\",\"position\":2,\"name\":\"Antep ve Urfa&#8217;da bebek \u00f6l\u00fcmleri alarm veriyor\"}]},{\"@type\":\"WebSite\",\"@id\":\"https:\\\/\\\/akunq.net\\\/tr\\\/#website\",\"url\":\"https:\\\/\\\/akunq.net\\\/tr\\\/\",\"name\":\"Bati Ermenistan Ve Bati Ermenileri Sorunlari Ara\u015ftirmalar Merkezi\",\"description\":\"\",\"potentialAction\":[{\"@type\":\"SearchAction\",\"target\":{\"@type\":\"EntryPoint\",\"urlTemplate\":\"https:\\\/\\\/akunq.net\\\/tr\\\/?s={search_term_string}\"},\"query-input\":{\"@type\":\"PropertyValueSpecification\",\"valueRequired\":true,\"valueName\":\"search_term_string\"}}],\"inLanguage\":\"en-US\"},{\"@type\":\"Person\",\"@id\":\"https:\\\/\\\/akunq.net\\\/tr\\\/#\\\/schema\\\/person\\\/096f1d38a12cce57fb855b485ed24c9e\",\"name\":\"admin\",\"url\":\"https:\\\/\\\/akunq.net\\\/tr\\\/?author=7\"}]}<\/script>\n<!-- \/ Yoast SEO plugin. -->","yoast_head_json":{"title":"Antep ve Urfa'da bebek \u00f6l\u00fcmleri alarm veriyor - Bati Ermenistan Ve Bati Ermenileri Sorunlari Ara\u015ftirmalar Merkezi","robots":{"index":"index","follow":"follow","max-snippet":"max-snippet:-1","max-image-preview":"max-image-preview:large","max-video-preview":"max-video-preview:-1"},"canonical":"https:\/\/akunq.net\/tr\/?p=62144","og_locale":"en_US","og_type":"article","og_title":"Antep ve Urfa'da bebek \u00f6l\u00fcmleri alarm veriyor - Bati Ermenistan Ve Bati Ermenileri Sorunlari Ara\u015ftirmalar Merkezi","og_description":"Antep ve Urfa, T\u00fcrkiye ortalamas\u0131n\u0131n \u00fczerinde bebek \u00f6l\u00fcm h\u0131z\u0131na sahip iki \u015fehir. DW T\u00fcrk\u00e7e, bu iki \u015fehirde \u00fclke ortalamas\u0131n\u0131n \u00fcst\u00fcnde seyreden bebek \u00f6l\u00fcmlerinin nedenlerini ara\u015ft\u0131rd\u0131. Urfa&#8217;da 2019 y\u0131l\u0131n\u0131n Aral\u0131k ay\u0131nda Ahmet \u00c7. isimli bebek rahats\u0131zland\u0131 ve Urfa E\u011fitim ve Ara\u015ft\u0131rma Hastanesi&#8217;ne kald\u0131r\u0131ld\u0131. Ahmet bebe\u011fin g\u00f6bek ba\u011f\u0131ndan kan geliyordu. Acil serviste tedavi g\u00f6ren bebek kurtar\u0131lamad\u0131. Urfa&#8217;da [&hellip;]","og_url":"https:\/\/akunq.net\/tr\/?p=62144","og_site_name":"Bati Ermenistan Ve Bati Ermenileri Sorunlari Ara\u015ftirmalar Merkezi","article_published_time":"2021-03-30T10:57:16+00:00","og_image":[{"width":700,"height":394,"url":"https:\/\/akunq.net\/tr\/wp-content\/uploads\/sites\/6\/2021\/03\/Antep-ve-Urfa.jpg","type":"image\/jpeg"}],"author":"admin","twitter_card":"summary_large_image","twitter_misc":{"Written by":"admin","Est. reading time":"8 minutes"},"schema":{"@context":"https:\/\/schema.org","@graph":[{"@type":"Article","@id":"https:\/\/akunq.net\/tr\/?p=62144#article","isPartOf":{"@id":"https:\/\/akunq.net\/tr\/?p=62144"},"author":{"name":"admin","@id":"https:\/\/akunq.net\/tr\/#\/schema\/person\/096f1d38a12cce57fb855b485ed24c9e"},"headline":"Antep ve Urfa&#8217;da bebek \u00f6l\u00fcmleri alarm veriyor","datePublished":"2021-03-30T10:57:16+00:00","mainEntityOfPage":{"@id":"https:\/\/akunq.net\/tr\/?p=62144"},"wordCount":1532,"commentCount":0,"image":{"@id":"https:\/\/akunq.net\/tr\/?p=62144#primaryimage"},"thumbnailUrl":"https:\/\/akunq.net\/tr\/wp-content\/uploads\/sites\/6\/2021\/03\/Antep-ve-Urfa.jpg","articleSection":["Haberler"],"inLanguage":"en-US","potentialAction":[{"@type":"CommentAction","name":"Comment","target":["https:\/\/akunq.net\/tr\/?p=62144#respond"]}]},{"@type":"WebPage","@id":"https:\/\/akunq.net\/tr\/?p=62144","url":"https:\/\/akunq.net\/tr\/?p=62144","name":"Antep ve Urfa'da bebek \u00f6l\u00fcmleri alarm veriyor - Bati Ermenistan Ve Bati Ermenileri Sorunlari Ara\u015ftirmalar Merkezi","isPartOf":{"@id":"https:\/\/akunq.net\/tr\/#website"},"primaryImageOfPage":{"@id":"https:\/\/akunq.net\/tr\/?p=62144#primaryimage"},"image":{"@id":"https:\/\/akunq.net\/tr\/?p=62144#primaryimage"},"thumbnailUrl":"https:\/\/akunq.net\/tr\/wp-content\/uploads\/sites\/6\/2021\/03\/Antep-ve-Urfa.jpg","datePublished":"2021-03-30T10:57:16+00:00","author":{"@id":"https:\/\/akunq.net\/tr\/#\/schema\/person\/096f1d38a12cce57fb855b485ed24c9e"},"breadcrumb":{"@id":"https:\/\/akunq.net\/tr\/?p=62144#breadcrumb"},"inLanguage":"en-US","potentialAction":[{"@type":"ReadAction","target":["https:\/\/akunq.net\/tr\/?p=62144"]}]},{"@type":"ImageObject","inLanguage":"en-US","@id":"https:\/\/akunq.net\/tr\/?p=62144#primaryimage","url":"https:\/\/akunq.net\/tr\/wp-content\/uploads\/sites\/6\/2021\/03\/Antep-ve-Urfa.jpg","contentUrl":"https:\/\/akunq.net\/tr\/wp-content\/uploads\/sites\/6\/2021\/03\/Antep-ve-Urfa.jpg","width":700,"height":394},{"@type":"BreadcrumbList","@id":"https:\/\/akunq.net\/tr\/?p=62144#breadcrumb","itemListElement":[{"@type":"ListItem","position":1,"name":"Home","item":"https:\/\/akunq.net\/tr"},{"@type":"ListItem","position":2,"name":"Antep ve Urfa&#8217;da bebek \u00f6l\u00fcmleri alarm veriyor"}]},{"@type":"WebSite","@id":"https:\/\/akunq.net\/tr\/#website","url":"https:\/\/akunq.net\/tr\/","name":"Bati Ermenistan Ve Bati Ermenileri Sorunlari Ara\u015ftirmalar Merkezi","description":"","potentialAction":[{"@type":"SearchAction","target":{"@type":"EntryPoint","urlTemplate":"https:\/\/akunq.net\/tr\/?s={search_term_string}"},"query-input":{"@type":"PropertyValueSpecification","valueRequired":true,"valueName":"search_term_string"}}],"inLanguage":"en-US"},{"@type":"Person","@id":"https:\/\/akunq.net\/tr\/#\/schema\/person\/096f1d38a12cce57fb855b485ed24c9e","name":"admin","url":"https:\/\/akunq.net\/tr\/?author=7"}]}},"_links":{"self":[{"href":"https:\/\/akunq.net\/tr\/index.php?rest_route=\/wp\/v2\/posts\/62144","targetHints":{"allow":["GET"]}}],"collection":[{"href":"https:\/\/akunq.net\/tr\/index.php?rest_route=\/wp\/v2\/posts"}],"about":[{"href":"https:\/\/akunq.net\/tr\/index.php?rest_route=\/wp\/v2\/types\/post"}],"author":[{"embeddable":true,"href":"https:\/\/akunq.net\/tr\/index.php?rest_route=\/wp\/v2\/users\/7"}],"replies":[{"embeddable":true,"href":"https:\/\/akunq.net\/tr\/index.php?rest_route=%2Fwp%2Fv2%2Fcomments&post=62144"}],"version-history":[{"count":1,"href":"https:\/\/akunq.net\/tr\/index.php?rest_route=\/wp\/v2\/posts\/62144\/revisions"}],"predecessor-version":[{"id":62146,"href":"https:\/\/akunq.net\/tr\/index.php?rest_route=\/wp\/v2\/posts\/62144\/revisions\/62146"}],"wp:featuredmedia":[{"embeddable":true,"href":"https:\/\/akunq.net\/tr\/index.php?rest_route=\/wp\/v2\/media\/62145"}],"wp:attachment":[{"href":"https:\/\/akunq.net\/tr\/index.php?rest_route=%2Fwp%2Fv2%2Fmedia&parent=62144"}],"wp:term":[{"taxonomy":"category","embeddable":true,"href":"https:\/\/akunq.net\/tr\/index.php?rest_route=%2Fwp%2Fv2%2Fcategories&post=62144"},{"taxonomy":"post_tag","embeddable":true,"href":"https:\/\/akunq.net\/tr\/index.php?rest_route=%2Fwp%2Fv2%2Ftags&post=62144"}],"curies":[{"name":"wp","href":"https:\/\/api.w.org\/{rel}","templated":true}]}}