{"id":62141,"date":"2021-03-30T04:44:09","date_gmt":"2021-03-30T09:44:09","guid":{"rendered":"https:\/\/akunq.net\/tr\/?p=62141"},"modified":"2021-03-30T04:44:09","modified_gmt":"2021-03-30T09:44:09","slug":"kutsal-pazartesi","status":"publish","type":"post","link":"https:\/\/akunq.net\/tr\/?p=62141","title":{"rendered":"Kutsal Pazartesi"},"content":{"rendered":"<p><img loading=\"lazy\" decoding=\"async\" class=\"aligncenter size-medium wp-image-62142\" src=\"https:\/\/akunq.net\/tr\/wp-content\/uploads\/2021\/03\/\u0531\u0552\u0531\u0533-\u0535\u0550\u053f\u0548\u0552\u0547\u0531\u0532\u0539\u053b-323x270.png\" alt=\"\" width=\"323\" height=\"270\" srcset=\"https:\/\/akunq.net\/tr\/wp-content\/uploads\/sites\/6\/2021\/03\/\u0531\u0552\u0531\u0533-\u0535\u0550\u053f\u0548\u0552\u0547\u0531\u0532\u0539\u053b-323x270.png 323w, https:\/\/akunq.net\/tr\/wp-content\/uploads\/sites\/6\/2021\/03\/\u0531\u0552\u0531\u0533-\u0535\u0550\u053f\u0548\u0552\u0547\u0531\u0532\u0539\u053b-260x217.png 260w, https:\/\/akunq.net\/tr\/wp-content\/uploads\/sites\/6\/2021\/03\/\u0531\u0552\u0531\u0533-\u0535\u0550\u053f\u0548\u0552\u0547\u0531\u0532\u0539\u053b-160x134.png 160w, https:\/\/akunq.net\/tr\/wp-content\/uploads\/sites\/6\/2021\/03\/\u0531\u0552\u0531\u0533-\u0535\u0550\u053f\u0548\u0552\u0547\u0531\u0532\u0539\u053b.png 500w\" sizes=\"auto, (max-width: 323px) 100vw, 323px\" \/><\/p>\n<p><strong><a href=\"https:\/\/www.facebook.com\/krikor.damadyan\">K\u0131demli Peder Krikor Damadyan<\/a><\/strong><\/p>\n<p><em><strong>Kutsal Hafta boyunca her g\u00fcn Krisdos\u2019un ad\u0131mlar\u0131n\u0131 takip ediyor,\u00a0 her g\u00fcn\u00fcn anlam\u0131n\u0131 \u00f6z\u00fcmsemek i\u00e7in Kutsal Kitap okumalar\u0131n\u0131 \u00f6nemsiyoruz. \u00a0<\/strong><\/em><\/p>\n<p>Kutsal Hafta boyunca Arevakal t\u00f6renleri yap\u0131lmamakta.<\/p>\n<p>Kutsal Pazartesi, Kutsal Sal\u0131 ve Kutsal \u00c7ar\u015famba g\u00fcnleri Surp Badarak sunulmamaktad\u0131r. Kilisemiz takvimine g\u00f6re her y\u0131l\u00a0 7 Nisan tarihinde kutlanan M\u00fcjde Yortusu yukar\u0131da belirtilmi\u015f g\u00fcnlerden herhangi birine\u00a0 rastlamas\u0131 durumunda istisnai olarak Surp Badarak sunulur.<\/p>\n<p>Kutsal Pazartesi g\u00fcn\u00fc, kainat\u0131n yarad\u0131l\u0131\u015f gizemi ve\u00a0 Zebedi o\u011fullar\u0131n\u0131n Hisus\u2019un egemenli\u011finde O\u2019nun sa\u011f\u0131nda ve solunda oturmas\u0131yla ilgili dilek an\u0131lmakta.<\/p>\n<p>Kutsal Pazartesi g\u00fcn\u00fc sabah dualar\u0131 esnas\u0131nda okunan \u0130ncil b\u00f6l\u00fcmleri verdikleri mesajlarla \u00f6nemli hat\u0131rlatmalarda bulunuyorlar.<\/p>\n<p><strong>A. Meyvesiz \u0130ncir A\u011fac\u0131n\u0131n kurumas\u0131 hakk\u0131nda (Matta, 21:18-22)<\/strong><\/p>\n<p>\u0130ncil\u2019in bu b\u00f6l\u00fcm\u00fc iman\u0131n, g\u00fc\u00e7l\u00fc iman\u0131n \u00f6nemini vurgulamakta. Hisus bu konuda \u015f\u00f6yle dedi: \u201c\u0130manla dua ederseniz, diledi\u011finiz her \u015feyi al\u0131rs\u0131n\u0131z.\u201d<\/p>\n<p><strong>B. Hisus\u2019un yetkisinin sorgulanmas\u0131 (Matta, 21:23-27)<\/strong><\/p>\n<p>Bu b\u00f6l\u00fcm Kud\u00fcs\u2019e girdikten sonra Tap\u0131na\u011f\u0131 temizlemesiyle ilgilidir. Ba\u015f k\u00e2hinlerin ve halk\u0131n ileri gelenlerinin Hisus\u2019un yetkisini sorgulad\u0131klar\u0131n\u0131 okuyoruz.<\/p>\n<p><strong>C. \u0130ki o\u011ful benzetmesi (Matta, 21:28-32)<\/strong><\/p>\n<p>Adam\u0131n birinin iki o\u011flu vard\u0131. Bunlardan biri babas\u0131n\u0131n emrini yerine getirece\u011fini s\u00f6yledi fakat vazge\u00e7ti. \u0130kincisi ise ba\u015ftan reddetti fakat pi\u015fman olarak babas\u0131n\u0131n emrini yerine getirdi.\u00a0 Bu iki o\u011ful benzetmesiyle Hisus pi\u015fmanl\u0131k duygusunun \u00f6nemini vurgulad\u0131 ve vergi g\u00f6revlileriyle fahi\u015felerin Tanr\u0131\u2019n\u0131n Egemenli\u011fi\u2019ne Yahudilerden \u00f6nce gireceklerini bildirdi. . \u00c7\u00fcnk\u00fc Yahudiler do\u011fruluk yolunu g\u00f6stermeye gelen Yahya\u2019ya inanmam\u0131\u015flard\u0131.\u00a0 Oysa vergi g\u00f6revlileriyle fahi\u015feler ona inanm\u0131\u015flard\u0131. Yahudiler, bunu g\u00f6rd\u00fckten sonra bile pi\u015fman olmam\u0131\u015flar ve inanmamakta \u0131srar etmi\u015flerdi.<\/p>\n<p><strong>D. Ba\u011f Kirac\u0131lar\u0131 Benzetmesi (Matta, 21:33-46).<\/strong><\/p>\n<p>Bu benzetmenin odak noktas\u0131nda ba\u011f sahibi, ba\u011f\u0131 i\u015fleten ba\u011fc\u0131lar, ba\u011f sahibinin k\u00f6leleri ve nihayetinde ba\u011f sahibinin o\u011flu bulunmaktalar.<\/p>\n<p>Ba\u011f\u0131n \u00fcr\u00fcnlerini almak \u00fczere ba\u011f sahibi k\u00f6lelerini g\u00f6nderdi, fakat ba\u011fc\u0131lar onlardan baz\u0131lar\u0131n\u0131 d\u00f6vd\u00fcler, baz\u0131lar\u0131n\u0131 da \u00f6ld\u00fcrd\u00fcler.<\/p>\n<p>Nihayet ba\u011f sahibi o\u011flunu g\u00f6nderdi. Ba\u011fc\u0131lar onu da \u00f6ld\u00fcrmeye c\u00fcret ettiler.<\/p>\n<p>Benzetmenin sonucunda \u015funu g\u00f6rmekteyiz: Ba\u011f\u0131n sahibi k\u00f6t\u00fc ba\u011fc\u0131lar\u0131 \u00f6ld\u00fcrecek ve ba\u011f\u0131n\u0131 ba\u015fka ba\u011fc\u0131lara b\u0131rakacak, Buna benzer olarak \u201cTanr\u0131\u2019n\u0131n Egemenli\u011fi Yahudilerden al\u0131nacak ve bunun \u00fcr\u00fcnlerini yeti\u015ftiren bir ulusa verilecek\u201d.<\/p>\n<p><strong>E. D\u00fc\u011f\u00fcn \u015e\u00f6leni Benzetmesi (Matta, 22:1-14)<\/strong><\/p>\n<p>Benzetme, bir kral\u0131n o\u011flunun d\u00fc\u011f\u00fcn\u00fc i\u00e7in kurdu\u011fu \u015f\u00f6lenle ilgilidir.<\/p>\n<p>Davetiyeler g\u00f6nderir, fakat davetliler \u00e7e\u015fitli bahanelerle yap\u0131lan daveti geri \u00e7evirirler.\u00a0 Kral\u0131n g\u00f6nderdi\u011fi ba\u015fka k\u00f6lelerden baz\u0131lar\u0131n\u0131\u00a0 horlad\u0131lar, h\u0131rpalad\u0131lar ve baz\u0131lar\u0131n\u0131 da \u00f6ld\u00fcrd\u00fcler.<\/p>\n<p>Kral, nihayet k\u00f6lelerini g\u00f6ndererek onlardan kimi bulurlarsa d\u00fc\u011f\u00fcn \u015f\u00f6lenine \u00e7a\u011f\u0131rmalar\u0131n\u0131 istedi. K\u00f6leler yollara d\u00f6k\u00fcld\u00fcler ve iyi k\u00f6t\u00fc kimi buldularsa, hepsini toplad\u0131lar. D\u00fc\u011f\u00fcn yeri konuklarla doldu.<\/p>\n<p>Benzetmenin nihayetinde \u015fu mesaj\u0131 al\u0131yoruz: D\u00fc\u011f\u00fcn \u015f\u00f6lenine kat\u0131lmak i\u00e7in, davet alm\u0131\u015f olmak yeterli de\u011fildir. \u015e\u00f6lene kat\u0131lmaya uygun k\u0131yafete sahip olmak gerekir.<\/p>\n<p>\u015e\u00f6lene uygun k\u0131yafetler Tanr\u0131\u2019y\u0131 ho\u015fnut k\u0131lacak hay\u0131rl\u0131 i\u015flerimizi simgeler. Bu k\u0131yafetten yoksun olanlar d\u00fc\u011f\u00fcn \u015f\u00f6leninden uzakla\u015ft\u0131r\u0131l\u0131rlar. Hisus bu ger\u00e7e\u011fi vurgulamak i\u00e7in \u201c\u00e7a\u011fr\u0131lanlar \u00e7ok, ama se\u00e7ilenler azd\u0131r\u201d dedi.<\/p>\n<p>\u0130kindi dualar\u0131 esnas\u0131nda okunan \u0130ncil b\u00f6l\u00fcm\u00fcnde<strong>\u00a0Zebedi o\u011fullar\u0131n\u0131n Hisus\u2019un egemenli\u011finde O\u2019nun sa\u011f\u0131nda ve solunda oturmas\u0131yla ilgili dilek an\u0131lmakta (Matta, .20:17-28)<\/strong><\/p>\n<p>Hisus, Kud\u00fcs\u2019e giderken, yolda \u00f6\u011frencilerine Kud\u00fcs\u2019e gideceklerini ve orada ba\u015fk\u00e2hinlerin ve din bilginlerinin eline teslim edilece\u011fini, \u00f6l\u00fcm cezas\u0131na \u00e7arpt\u0131r\u0131laca\u011f\u0131n\u0131, kendisiyle alay edeceklerini, kam\u00e7\u0131lan\u0131p \u00e7arm\u0131ha gerilece\u011fini ve \u00fc\u00e7\u00fcnc\u00fc g\u00fcn dirilece\u011fini bildirdi. Bunun \u00fczerine Zebedi o\u011fullar\u0131n\u0131n annesi Hisus\u2019a yakla\u015farak iki o\u011fullar\u0131n\u0131n O\u2019nun egemenli\u011finde\u00a0 Hisus\u2019un sa\u011f\u0131nda ve solunda oturmalar\u0131n\u0131 diledi.<\/p>\n<p>\u0130ncil b\u00f6l\u00fcm\u00fcn\u00fcn sonunda Hisus b\u00fcy\u00fck olman\u0131n yolunu g\u00f6stererek \u015f\u00f6yle dedi: \u201cAran\u0131zda b\u00fcy\u00fck olmak isteyen, \u00f6tekilerin hizmetk\u00e2r\u0131 olsun. Aran\u0131zda birinci olmak isteyen, \u00f6tekilerin kulu olsun. Nitekim \u0130nsano\u011flu, hizmet edilmeye de\u011fil, hizmet etmeye ve can\u0131n\u0131 bir\u00e7oklar\u0131 i\u00e7in fidye olarak vermeye geldi.\u201d<\/p>\n<p><em><strong><a href=\"https:\/\/www.facebook.com\/krikor.damadyan\/posts\/2921022038132978\">https:\/\/www.facebook.com\/krikor.damadyan\/posts\/2921022038132978<\/a>\u00a0<\/strong><\/em><\/p>\n","protected":false},"excerpt":{"rendered":"<p>K\u0131demli Peder Krikor Damadyan Kutsal Hafta boyunca her g\u00fcn Krisdos\u2019un ad\u0131mlar\u0131n\u0131 takip ediyor,\u00a0 her g\u00fcn\u00fcn anlam\u0131n\u0131 \u00f6z\u00fcmsemek i\u00e7in Kutsal Kitap okumalar\u0131n\u0131 \u00f6nemsiyoruz. \u00a0 Kutsal Hafta boyunca Arevakal t\u00f6renleri yap\u0131lmamakta. Kutsal Pazartesi, Kutsal Sal\u0131 ve Kutsal \u00c7ar\u015famba g\u00fcnleri Surp Badarak sunulmamaktad\u0131r. Kilisemiz takvimine g\u00f6re her y\u0131l\u00a0 7 Nisan tarihinde kutlanan M\u00fcjde Yortusu yukar\u0131da belirtilmi\u015f g\u00fcnlerden herhangi [&hellip;]<\/p>\n","protected":false},"author":7,"featured_media":62142,"comment_status":"open","ping_status":"open","sticky":false,"template":"","format":"standard","meta":{"footnotes":""},"categories":[58,1,70],"tags":[],"class_list":["post-62141","post","type-post","status-publish","format-standard","has-post-thumbnail","hentry","category-bayramlar","category-haberler","category-makaleler"],"yoast_head":"<!-- This site is optimized with the Yoast SEO plugin v27.4 - https:\/\/yoast.com\/product\/yoast-seo-wordpress\/ -->\n<title>Kutsal Pazartesi - Bati Ermenistan Ve Bati Ermenileri Sorunlari Ara\u015ftirmalar Merkezi<\/title>\n<meta name=\"robots\" content=\"index, follow, max-snippet:-1, max-image-preview:large, max-video-preview:-1\" \/>\n<link rel=\"canonical\" href=\"https:\/\/akunq.net\/tr\/?p=62141\" \/>\n<meta property=\"og:locale\" content=\"en_US\" \/>\n<meta property=\"og:type\" content=\"article\" \/>\n<meta property=\"og:title\" content=\"Kutsal Pazartesi - Bati Ermenistan Ve Bati Ermenileri Sorunlari Ara\u015ftirmalar Merkezi\" \/>\n<meta property=\"og:description\" content=\"K\u0131demli Peder Krikor Damadyan Kutsal Hafta boyunca her g\u00fcn Krisdos\u2019un ad\u0131mlar\u0131n\u0131 takip ediyor,\u00a0 her g\u00fcn\u00fcn anlam\u0131n\u0131 \u00f6z\u00fcmsemek i\u00e7in Kutsal Kitap okumalar\u0131n\u0131 \u00f6nemsiyoruz. \u00a0 Kutsal Hafta boyunca Arevakal t\u00f6renleri yap\u0131lmamakta. Kutsal Pazartesi, Kutsal Sal\u0131 ve Kutsal \u00c7ar\u015famba g\u00fcnleri Surp Badarak sunulmamaktad\u0131r. Kilisemiz takvimine g\u00f6re her y\u0131l\u00a0 7 Nisan tarihinde kutlanan M\u00fcjde Yortusu yukar\u0131da belirtilmi\u015f g\u00fcnlerden herhangi [&hellip;]\" \/>\n<meta property=\"og:url\" content=\"https:\/\/akunq.net\/tr\/?p=62141\" \/>\n<meta property=\"og:site_name\" content=\"Bati Ermenistan Ve Bati Ermenileri Sorunlari Ara\u015ftirmalar Merkezi\" \/>\n<meta property=\"article:published_time\" content=\"2021-03-30T09:44:09+00:00\" \/>\n<meta property=\"og:image\" content=\"https:\/\/akunq.net\/tr\/wp-content\/uploads\/sites\/6\/2021\/03\/\u0531\u0552\u0531\u0533-\u0535\u0550\u053f\u0548\u0552\u0547\u0531\u0532\u0539\u053b.png\" \/>\n\t<meta property=\"og:image:width\" content=\"500\" \/>\n\t<meta property=\"og:image:height\" content=\"418\" \/>\n\t<meta property=\"og:image:type\" content=\"image\/png\" \/>\n<meta name=\"author\" content=\"admin\" \/>\n<meta name=\"twitter:card\" content=\"summary_large_image\" \/>\n<meta name=\"twitter:label1\" content=\"Written by\" \/>\n\t<meta name=\"twitter:data1\" content=\"admin\" \/>\n\t<meta name=\"twitter:label2\" content=\"Est. reading time\" \/>\n\t<meta name=\"twitter:data2\" content=\"4 minutes\" \/>\n<script type=\"application\/ld+json\" class=\"yoast-schema-graph\">{\"@context\":\"https:\\\/\\\/schema.org\",\"@graph\":[{\"@type\":\"Article\",\"@id\":\"https:\\\/\\\/akunq.net\\\/tr\\\/?p=62141#article\",\"isPartOf\":{\"@id\":\"https:\\\/\\\/akunq.net\\\/tr\\\/?p=62141\"},\"author\":{\"name\":\"admin\",\"@id\":\"https:\\\/\\\/akunq.net\\\/tr\\\/#\\\/schema\\\/person\\\/096f1d38a12cce57fb855b485ed24c9e\"},\"headline\":\"Kutsal Pazartesi\",\"datePublished\":\"2021-03-30T09:44:09+00:00\",\"mainEntityOfPage\":{\"@id\":\"https:\\\/\\\/akunq.net\\\/tr\\\/?p=62141\"},\"wordCount\":787,\"commentCount\":0,\"image\":{\"@id\":\"https:\\\/\\\/akunq.net\\\/tr\\\/?p=62141#primaryimage\"},\"thumbnailUrl\":\"https:\\\/\\\/akunq.net\\\/tr\\\/wp-content\\\/uploads\\\/sites\\\/6\\\/2021\\\/03\\\/\u0531\u0552\u0531\u0533-\u0535\u0550\u053f\u0548\u0552\u0547\u0531\u0532\u0539\u053b.png\",\"articleSection\":[\"Bayramlar-Yortular\",\"Haberler\",\"Makaleler\"],\"inLanguage\":\"en-US\",\"potentialAction\":[{\"@type\":\"CommentAction\",\"name\":\"Comment\",\"target\":[\"https:\\\/\\\/akunq.net\\\/tr\\\/?p=62141#respond\"]}]},{\"@type\":\"WebPage\",\"@id\":\"https:\\\/\\\/akunq.net\\\/tr\\\/?p=62141\",\"url\":\"https:\\\/\\\/akunq.net\\\/tr\\\/?p=62141\",\"name\":\"Kutsal Pazartesi - Bati Ermenistan Ve Bati Ermenileri Sorunlari Ara\u015ftirmalar Merkezi\",\"isPartOf\":{\"@id\":\"https:\\\/\\\/akunq.net\\\/tr\\\/#website\"},\"primaryImageOfPage\":{\"@id\":\"https:\\\/\\\/akunq.net\\\/tr\\\/?p=62141#primaryimage\"},\"image\":{\"@id\":\"https:\\\/\\\/akunq.net\\\/tr\\\/?p=62141#primaryimage\"},\"thumbnailUrl\":\"https:\\\/\\\/akunq.net\\\/tr\\\/wp-content\\\/uploads\\\/sites\\\/6\\\/2021\\\/03\\\/\u0531\u0552\u0531\u0533-\u0535\u0550\u053f\u0548\u0552\u0547\u0531\u0532\u0539\u053b.png\",\"datePublished\":\"2021-03-30T09:44:09+00:00\",\"author\":{\"@id\":\"https:\\\/\\\/akunq.net\\\/tr\\\/#\\\/schema\\\/person\\\/096f1d38a12cce57fb855b485ed24c9e\"},\"breadcrumb\":{\"@id\":\"https:\\\/\\\/akunq.net\\\/tr\\\/?p=62141#breadcrumb\"},\"inLanguage\":\"en-US\",\"potentialAction\":[{\"@type\":\"ReadAction\",\"target\":[\"https:\\\/\\\/akunq.net\\\/tr\\\/?p=62141\"]}]},{\"@type\":\"ImageObject\",\"inLanguage\":\"en-US\",\"@id\":\"https:\\\/\\\/akunq.net\\\/tr\\\/?p=62141#primaryimage\",\"url\":\"https:\\\/\\\/akunq.net\\\/tr\\\/wp-content\\\/uploads\\\/sites\\\/6\\\/2021\\\/03\\\/\u0531\u0552\u0531\u0533-\u0535\u0550\u053f\u0548\u0552\u0547\u0531\u0532\u0539\u053b.png\",\"contentUrl\":\"https:\\\/\\\/akunq.net\\\/tr\\\/wp-content\\\/uploads\\\/sites\\\/6\\\/2021\\\/03\\\/\u0531\u0552\u0531\u0533-\u0535\u0550\u053f\u0548\u0552\u0547\u0531\u0532\u0539\u053b.png\",\"width\":500,\"height\":418},{\"@type\":\"BreadcrumbList\",\"@id\":\"https:\\\/\\\/akunq.net\\\/tr\\\/?p=62141#breadcrumb\",\"itemListElement\":[{\"@type\":\"ListItem\",\"position\":1,\"name\":\"Home\",\"item\":\"https:\\\/\\\/akunq.net\\\/tr\"},{\"@type\":\"ListItem\",\"position\":2,\"name\":\"Kutsal Pazartesi\"}]},{\"@type\":\"WebSite\",\"@id\":\"https:\\\/\\\/akunq.net\\\/tr\\\/#website\",\"url\":\"https:\\\/\\\/akunq.net\\\/tr\\\/\",\"name\":\"Bati Ermenistan Ve Bati Ermenileri Sorunlari Ara\u015ftirmalar Merkezi\",\"description\":\"\",\"potentialAction\":[{\"@type\":\"SearchAction\",\"target\":{\"@type\":\"EntryPoint\",\"urlTemplate\":\"https:\\\/\\\/akunq.net\\\/tr\\\/?s={search_term_string}\"},\"query-input\":{\"@type\":\"PropertyValueSpecification\",\"valueRequired\":true,\"valueName\":\"search_term_string\"}}],\"inLanguage\":\"en-US\"},{\"@type\":\"Person\",\"@id\":\"https:\\\/\\\/akunq.net\\\/tr\\\/#\\\/schema\\\/person\\\/096f1d38a12cce57fb855b485ed24c9e\",\"name\":\"admin\",\"url\":\"https:\\\/\\\/akunq.net\\\/tr\\\/?author=7\"}]}<\/script>\n<!-- \/ Yoast SEO plugin. -->","yoast_head_json":{"title":"Kutsal Pazartesi - Bati Ermenistan Ve Bati Ermenileri Sorunlari Ara\u015ftirmalar Merkezi","robots":{"index":"index","follow":"follow","max-snippet":"max-snippet:-1","max-image-preview":"max-image-preview:large","max-video-preview":"max-video-preview:-1"},"canonical":"https:\/\/akunq.net\/tr\/?p=62141","og_locale":"en_US","og_type":"article","og_title":"Kutsal Pazartesi - Bati Ermenistan Ve Bati Ermenileri Sorunlari Ara\u015ftirmalar Merkezi","og_description":"K\u0131demli Peder Krikor Damadyan Kutsal Hafta boyunca her g\u00fcn Krisdos\u2019un ad\u0131mlar\u0131n\u0131 takip ediyor,\u00a0 her g\u00fcn\u00fcn anlam\u0131n\u0131 \u00f6z\u00fcmsemek i\u00e7in Kutsal Kitap okumalar\u0131n\u0131 \u00f6nemsiyoruz. \u00a0 Kutsal Hafta boyunca Arevakal t\u00f6renleri yap\u0131lmamakta. Kutsal Pazartesi, Kutsal Sal\u0131 ve Kutsal \u00c7ar\u015famba g\u00fcnleri Surp Badarak sunulmamaktad\u0131r. Kilisemiz takvimine g\u00f6re her y\u0131l\u00a0 7 Nisan tarihinde kutlanan M\u00fcjde Yortusu yukar\u0131da belirtilmi\u015f g\u00fcnlerden herhangi [&hellip;]","og_url":"https:\/\/akunq.net\/tr\/?p=62141","og_site_name":"Bati Ermenistan Ve Bati Ermenileri Sorunlari Ara\u015ftirmalar Merkezi","article_published_time":"2021-03-30T09:44:09+00:00","og_image":[{"width":500,"height":418,"url":"https:\/\/akunq.net\/tr\/wp-content\/uploads\/sites\/6\/2021\/03\/\u0531\u0552\u0531\u0533-\u0535\u0550\u053f\u0548\u0552\u0547\u0531\u0532\u0539\u053b.png","type":"image\/png"}],"author":"admin","twitter_card":"summary_large_image","twitter_misc":{"Written by":"admin","Est. reading time":"4 minutes"},"schema":{"@context":"https:\/\/schema.org","@graph":[{"@type":"Article","@id":"https:\/\/akunq.net\/tr\/?p=62141#article","isPartOf":{"@id":"https:\/\/akunq.net\/tr\/?p=62141"},"author":{"name":"admin","@id":"https:\/\/akunq.net\/tr\/#\/schema\/person\/096f1d38a12cce57fb855b485ed24c9e"},"headline":"Kutsal Pazartesi","datePublished":"2021-03-30T09:44:09+00:00","mainEntityOfPage":{"@id":"https:\/\/akunq.net\/tr\/?p=62141"},"wordCount":787,"commentCount":0,"image":{"@id":"https:\/\/akunq.net\/tr\/?p=62141#primaryimage"},"thumbnailUrl":"https:\/\/akunq.net\/tr\/wp-content\/uploads\/sites\/6\/2021\/03\/\u0531\u0552\u0531\u0533-\u0535\u0550\u053f\u0548\u0552\u0547\u0531\u0532\u0539\u053b.png","articleSection":["Bayramlar-Yortular","Haberler","Makaleler"],"inLanguage":"en-US","potentialAction":[{"@type":"CommentAction","name":"Comment","target":["https:\/\/akunq.net\/tr\/?p=62141#respond"]}]},{"@type":"WebPage","@id":"https:\/\/akunq.net\/tr\/?p=62141","url":"https:\/\/akunq.net\/tr\/?p=62141","name":"Kutsal Pazartesi - Bati Ermenistan Ve Bati Ermenileri Sorunlari Ara\u015ftirmalar Merkezi","isPartOf":{"@id":"https:\/\/akunq.net\/tr\/#website"},"primaryImageOfPage":{"@id":"https:\/\/akunq.net\/tr\/?p=62141#primaryimage"},"image":{"@id":"https:\/\/akunq.net\/tr\/?p=62141#primaryimage"},"thumbnailUrl":"https:\/\/akunq.net\/tr\/wp-content\/uploads\/sites\/6\/2021\/03\/\u0531\u0552\u0531\u0533-\u0535\u0550\u053f\u0548\u0552\u0547\u0531\u0532\u0539\u053b.png","datePublished":"2021-03-30T09:44:09+00:00","author":{"@id":"https:\/\/akunq.net\/tr\/#\/schema\/person\/096f1d38a12cce57fb855b485ed24c9e"},"breadcrumb":{"@id":"https:\/\/akunq.net\/tr\/?p=62141#breadcrumb"},"inLanguage":"en-US","potentialAction":[{"@type":"ReadAction","target":["https:\/\/akunq.net\/tr\/?p=62141"]}]},{"@type":"ImageObject","inLanguage":"en-US","@id":"https:\/\/akunq.net\/tr\/?p=62141#primaryimage","url":"https:\/\/akunq.net\/tr\/wp-content\/uploads\/sites\/6\/2021\/03\/\u0531\u0552\u0531\u0533-\u0535\u0550\u053f\u0548\u0552\u0547\u0531\u0532\u0539\u053b.png","contentUrl":"https:\/\/akunq.net\/tr\/wp-content\/uploads\/sites\/6\/2021\/03\/\u0531\u0552\u0531\u0533-\u0535\u0550\u053f\u0548\u0552\u0547\u0531\u0532\u0539\u053b.png","width":500,"height":418},{"@type":"BreadcrumbList","@id":"https:\/\/akunq.net\/tr\/?p=62141#breadcrumb","itemListElement":[{"@type":"ListItem","position":1,"name":"Home","item":"https:\/\/akunq.net\/tr"},{"@type":"ListItem","position":2,"name":"Kutsal Pazartesi"}]},{"@type":"WebSite","@id":"https:\/\/akunq.net\/tr\/#website","url":"https:\/\/akunq.net\/tr\/","name":"Bati Ermenistan Ve Bati Ermenileri Sorunlari Ara\u015ftirmalar Merkezi","description":"","potentialAction":[{"@type":"SearchAction","target":{"@type":"EntryPoint","urlTemplate":"https:\/\/akunq.net\/tr\/?s={search_term_string}"},"query-input":{"@type":"PropertyValueSpecification","valueRequired":true,"valueName":"search_term_string"}}],"inLanguage":"en-US"},{"@type":"Person","@id":"https:\/\/akunq.net\/tr\/#\/schema\/person\/096f1d38a12cce57fb855b485ed24c9e","name":"admin","url":"https:\/\/akunq.net\/tr\/?author=7"}]}},"_links":{"self":[{"href":"https:\/\/akunq.net\/tr\/index.php?rest_route=\/wp\/v2\/posts\/62141","targetHints":{"allow":["GET"]}}],"collection":[{"href":"https:\/\/akunq.net\/tr\/index.php?rest_route=\/wp\/v2\/posts"}],"about":[{"href":"https:\/\/akunq.net\/tr\/index.php?rest_route=\/wp\/v2\/types\/post"}],"author":[{"embeddable":true,"href":"https:\/\/akunq.net\/tr\/index.php?rest_route=\/wp\/v2\/users\/7"}],"replies":[{"embeddable":true,"href":"https:\/\/akunq.net\/tr\/index.php?rest_route=%2Fwp%2Fv2%2Fcomments&post=62141"}],"version-history":[{"count":1,"href":"https:\/\/akunq.net\/tr\/index.php?rest_route=\/wp\/v2\/posts\/62141\/revisions"}],"predecessor-version":[{"id":62143,"href":"https:\/\/akunq.net\/tr\/index.php?rest_route=\/wp\/v2\/posts\/62141\/revisions\/62143"}],"wp:featuredmedia":[{"embeddable":true,"href":"https:\/\/akunq.net\/tr\/index.php?rest_route=\/wp\/v2\/media\/62142"}],"wp:attachment":[{"href":"https:\/\/akunq.net\/tr\/index.php?rest_route=%2Fwp%2Fv2%2Fmedia&parent=62141"}],"wp:term":[{"taxonomy":"category","embeddable":true,"href":"https:\/\/akunq.net\/tr\/index.php?rest_route=%2Fwp%2Fv2%2Fcategories&post=62141"},{"taxonomy":"post_tag","embeddable":true,"href":"https:\/\/akunq.net\/tr\/index.php?rest_route=%2Fwp%2Fv2%2Ftags&post=62141"}],"curies":[{"name":"wp","href":"https:\/\/api.w.org\/{rel}","templated":true}]}}