{"id":62138,"date":"2021-03-30T04:36:47","date_gmt":"2021-03-30T09:36:47","guid":{"rendered":"https:\/\/akunq.net\/tr\/?p=62138"},"modified":"2021-03-30T04:36:47","modified_gmt":"2021-03-30T09:36:47","slug":"anayasa-mahkemesi-hdpnin-kapatilmasi-davasinda-ilk-incelemesini-yapacak-surec-nasil-isleyecek","status":"publish","type":"post","link":"https:\/\/akunq.net\/tr\/?p=62138","title":{"rendered":"Anayasa Mahkemesi, HDP&#8217;nin kapat\u0131lmas\u0131 davas\u0131nda ilk incelemesini yapacak; s\u00fcre\u00e7 nas\u0131l i\u015fleyecek?"},"content":{"rendered":"<div class=\"column u-show-for-medium medium-2 xlarge-1 u-overflow-visible c-aside__social\">\n<div class=\"u-margin-bottom-medium-3 u-position-sticky-80 u-zindex--10\">\n<div class=\"row collapse c-social-share t-social-share--blue js-social-share \"><img loading=\"lazy\" decoding=\"async\" class=\"aligncenter size-medium wp-image-62139\" src=\"https:\/\/akunq.net\/tr\/wp-content\/uploads\/2021\/03\/HDP-3-360x203.jpg\" alt=\"\" width=\"360\" height=\"203\" srcset=\"https:\/\/akunq.net\/tr\/wp-content\/uploads\/sites\/6\/2021\/03\/HDP-3-360x203.jpg 360w, https:\/\/akunq.net\/tr\/wp-content\/uploads\/sites\/6\/2021\/03\/HDP-3-768x432.jpg 768w, https:\/\/akunq.net\/tr\/wp-content\/uploads\/sites\/6\/2021\/03\/HDP-3-560x315.jpg 560w, https:\/\/akunq.net\/tr\/wp-content\/uploads\/sites\/6\/2021\/03\/HDP-3-260x146.jpg 260w, https:\/\/akunq.net\/tr\/wp-content\/uploads\/sites\/6\/2021\/03\/HDP-3-160x90.jpg 160w, https:\/\/akunq.net\/tr\/wp-content\/uploads\/sites\/6\/2021\/03\/HDP-3.jpg 773w\" sizes=\"auto, (max-width: 360px) 100vw, 360px\" \/><\/div>\n<\/div>\n<\/div>\n<div class=\"column small-12 medium-10 xlarge-11 js-responsive-iframes-container\">\n<div class=\"c-article-content  js-article-content article__content\">\n<p><em><strong>Anayasa Mahkemesi Genel Kurulu, Halklar\u0131n Demokratik Partisi&#8217;nin (HDP) kapat\u0131lmas\u0131na ili\u015fkin davada ilk incelemesini yar\u0131n yaparak, iddianamenin kabul edilip edilmedi\u011fine karar verecek.<\/strong><\/em><\/p>\n<p>Davayla ilgili g\u00f6revlendirilen raport\u00f6r, ilk incelemeye ili\u015fkin raporunu tamamlayarak Anayasa Mahkemesi heyetine sundu.<\/p>\n<p>Yar\u0131n davayla ilgili ilk incelemesini ger\u00e7ekle\u015ftirecek AYM Genel Kurulu, iddianamenin kabul edilip edilmedi\u011fine karar verecek.<\/p>\n<h2>S\u00fcre\u00e7 nas\u0131l i\u015fleyecek?<\/h2>\n<p>\u0130ddianamenin kabul edilmesi halinde HDP, \u00f6n savunmas\u0131n\u0131 verilen s\u00fcrede AYM&#8217;ye g\u00f6nderecek. Parti \u00f6n savunmaya ili\u015fkin s\u00fcrenin uzat\u0131lmas\u0131 i\u00e7in Y\u00fcksek Mahkemeye ba\u015fvuruda bulunabilecek. Ek s\u00fcre talebini AYM karara ba\u011flayacak.<\/p>\n<p>Parti taraf\u0131ndan \u00f6n savunman\u0131n verilmesinin ard\u0131ndan Yarg\u0131tay Cumhuriyet Ba\u015fsavc\u0131s\u0131 Bekir \u015eahin esas hakk\u0131ndakini g\u00f6r\u00fc\u015f\u00fcn\u00fc sunacak.<\/p>\n<p>Bu g\u00f6r\u00fc\u015f de HDP&#8217;ye g\u00f6nderilecek. Daha sonra Anayasa Mahkemesince belirlenecek tarihlerde Yarg\u0131tay Cumhuriyet Ba\u015fsavc\u0131s\u0131 \u015eahin s\u00f6zl\u00fc a\u00e7\u0131klama, HDP yetkilileri de s\u00f6zl\u00fc savunma yapacak.<\/p>\n<p>B\u00fct\u00fcn s\u00fcrecin ard\u0131ndan davaya ili\u015fkin bilgi, belgeleri toplayacak raport\u00f6r esas hakk\u0131ndaki raporunu haz\u0131rlayacak. Bu i\u015flemler s\u00fcrerken, gerek Yarg\u0131tay Cumhuriyet Ba\u015fsavc\u0131l\u0131\u011f\u0131 gerekse daval\u0131 HDP ek delil veya yaz\u0131l\u0131 ek savunma verebilecek.<\/p>\n<p>Raporun AYM \u00fcyelerine da\u011f\u0131t\u0131lmas\u0131n\u0131n ard\u0131ndan Ba\u015fkan Z\u00fcht\u00fc Arslan toplant\u0131 i\u00e7in bir g\u00fcn belirleyecek. \u00dcyeler belirlenen g\u00fcnde bir araya gelerek kapatma istemini esastan g\u00f6r\u00fc\u015fmeye ba\u015flayacak.<\/p>\n<h2>15 \u00fcyenin 10&#8217;unun oy \u00e7oklu\u011fuyla karar verilebilecek<\/h2>\n<p>HDP hakk\u0131ndaki kapatma davas\u0131n\u0131 15 ki\u015fiden olu\u015fan Anayasa Mahkemesi heyeti karara ba\u011flayacak. Anayasa&#8217;n\u0131n 69. maddesinde say\u0131lan hallerden \u00f6t\u00fcr\u00fc partinin kapat\u0131lmas\u0131na veya dava konusu fiillerin a\u011f\u0131rl\u0131\u011f\u0131na g\u00f6re devlet yard\u0131m\u0131ndan k\u0131smen ya da tamamen yoksun b\u0131rak\u0131lmas\u0131na, toplant\u0131ya kat\u0131lan \u00fcyelerin 3&#8217;te 2 oy \u00e7oklu\u011fuyla yani 15 \u00fcyenin 10&#8217;unun oyuyla karar verilebilecek.<\/p>\n<p>Siyasi parti kapatma davas\u0131 sonucunda verilen karar, Yarg\u0131tay Cumhuriyet Ba\u015fsavc\u0131s\u0131 ile ilgili siyasi partiye tebli\u011f edilecek ve Resmi Gazete&#8217;de yay\u0131mlanacak.<\/p>\n<p>Anayasa Mahkemesinin, siyasi yasak istenen partililerin beyan ve eylemleriyle partinin kapat\u0131lmas\u0131na neden oldu\u011funu belirlemesi halinde, bu ki\u015filer kesin karar\u0131n Resmi Gazete&#8217;de gerek\u00e7eli olarak yay\u0131mlanmas\u0131ndan ba\u015flayarak 5 y\u0131l s\u00fcreyle bir ba\u015fka partinin kurucusu, \u00fcyesi, y\u00f6neticisi ve deneticisi olamayacak.<\/p>\n<p><em><strong>https:\/\/tr.euronews.com\/2021\/03\/30\/anayasa-mahkemesi-hdp-nin-kapat-lmas-davas-nda-ilk-incelemesini-yapacak-surec-nas-l-isleye\u00a0<\/strong><\/em><\/p>\n<\/div>\n<\/div>\n","protected":false},"excerpt":{"rendered":"<p>Anayasa Mahkemesi Genel Kurulu, Halklar\u0131n Demokratik Partisi&#8217;nin (HDP) kapat\u0131lmas\u0131na ili\u015fkin davada ilk incelemesini yar\u0131n yaparak, iddianamenin kabul edilip edilmedi\u011fine karar verecek. Davayla ilgili g\u00f6revlendirilen raport\u00f6r, ilk incelemeye ili\u015fkin raporunu tamamlayarak Anayasa Mahkemesi heyetine sundu. Yar\u0131n davayla ilgili ilk incelemesini ger\u00e7ekle\u015ftirecek AYM Genel Kurulu, iddianamenin kabul edilip edilmedi\u011fine karar verecek. S\u00fcre\u00e7 nas\u0131l i\u015fleyecek? \u0130ddianamenin kabul edilmesi [&hellip;]<\/p>\n","protected":false},"author":7,"featured_media":62139,"comment_status":"open","ping_status":"open","sticky":false,"template":"","format":"standard","meta":{"footnotes":""},"categories":[1],"tags":[],"class_list":["post-62138","post","type-post","status-publish","format-standard","has-post-thumbnail","hentry","category-haberler"],"yoast_head":"<!-- This site is optimized with the Yoast SEO plugin v27.4 - https:\/\/yoast.com\/product\/yoast-seo-wordpress\/ -->\n<title>Anayasa Mahkemesi, HDP&#039;nin kapat\u0131lmas\u0131 davas\u0131nda ilk incelemesini yapacak; s\u00fcre\u00e7 nas\u0131l i\u015fleyecek? - Bati Ermenistan Ve Bati Ermenileri Sorunlari Ara\u015ftirmalar Merkezi<\/title>\n<meta name=\"robots\" content=\"index, follow, max-snippet:-1, max-image-preview:large, max-video-preview:-1\" \/>\n<link rel=\"canonical\" href=\"https:\/\/akunq.net\/tr\/?p=62138\" \/>\n<meta property=\"og:locale\" content=\"en_US\" \/>\n<meta property=\"og:type\" content=\"article\" \/>\n<meta property=\"og:title\" content=\"Anayasa Mahkemesi, HDP&#039;nin kapat\u0131lmas\u0131 davas\u0131nda ilk incelemesini yapacak; s\u00fcre\u00e7 nas\u0131l i\u015fleyecek? - Bati Ermenistan Ve Bati Ermenileri Sorunlari Ara\u015ftirmalar Merkezi\" \/>\n<meta property=\"og:description\" content=\"Anayasa Mahkemesi Genel Kurulu, Halklar\u0131n Demokratik Partisi&#8217;nin (HDP) kapat\u0131lmas\u0131na ili\u015fkin davada ilk incelemesini yar\u0131n yaparak, iddianamenin kabul edilip edilmedi\u011fine karar verecek. Davayla ilgili g\u00f6revlendirilen raport\u00f6r, ilk incelemeye ili\u015fkin raporunu tamamlayarak Anayasa Mahkemesi heyetine sundu. Yar\u0131n davayla ilgili ilk incelemesini ger\u00e7ekle\u015ftirecek AYM Genel Kurulu, iddianamenin kabul edilip edilmedi\u011fine karar verecek. S\u00fcre\u00e7 nas\u0131l i\u015fleyecek? \u0130ddianamenin kabul edilmesi [&hellip;]\" \/>\n<meta property=\"og:url\" content=\"https:\/\/akunq.net\/tr\/?p=62138\" \/>\n<meta property=\"og:site_name\" content=\"Bati Ermenistan Ve Bati Ermenileri Sorunlari Ara\u015ftirmalar Merkezi\" \/>\n<meta property=\"article:published_time\" content=\"2021-03-30T09:36:47+00:00\" \/>\n<meta property=\"og:image\" content=\"https:\/\/akunq.net\/tr\/wp-content\/uploads\/sites\/6\/2021\/03\/HDP-3.jpg\" \/>\n\t<meta property=\"og:image:width\" content=\"773\" \/>\n\t<meta property=\"og:image:height\" content=\"435\" \/>\n\t<meta property=\"og:image:type\" content=\"image\/jpeg\" \/>\n<meta name=\"author\" content=\"admin\" \/>\n<meta name=\"twitter:card\" content=\"summary_large_image\" \/>\n<meta name=\"twitter:label1\" content=\"Written by\" \/>\n\t<meta name=\"twitter:data1\" content=\"admin\" \/>\n\t<meta name=\"twitter:label2\" content=\"Est. reading time\" \/>\n\t<meta name=\"twitter:data2\" content=\"2 minutes\" \/>\n<script type=\"application\/ld+json\" class=\"yoast-schema-graph\">{\"@context\":\"https:\\\/\\\/schema.org\",\"@graph\":[{\"@type\":\"Article\",\"@id\":\"https:\\\/\\\/akunq.net\\\/tr\\\/?p=62138#article\",\"isPartOf\":{\"@id\":\"https:\\\/\\\/akunq.net\\\/tr\\\/?p=62138\"},\"author\":{\"name\":\"admin\",\"@id\":\"https:\\\/\\\/akunq.net\\\/tr\\\/#\\\/schema\\\/person\\\/096f1d38a12cce57fb855b485ed24c9e\"},\"headline\":\"Anayasa Mahkemesi, HDP&#8217;nin kapat\u0131lmas\u0131 davas\u0131nda ilk incelemesini yapacak; s\u00fcre\u00e7 nas\u0131l i\u015fleyecek?\",\"datePublished\":\"2021-03-30T09:36:47+00:00\",\"mainEntityOfPage\":{\"@id\":\"https:\\\/\\\/akunq.net\\\/tr\\\/?p=62138\"},\"wordCount\":410,\"commentCount\":0,\"image\":{\"@id\":\"https:\\\/\\\/akunq.net\\\/tr\\\/?p=62138#primaryimage\"},\"thumbnailUrl\":\"https:\\\/\\\/akunq.net\\\/tr\\\/wp-content\\\/uploads\\\/sites\\\/6\\\/2021\\\/03\\\/HDP-3.jpg\",\"articleSection\":[\"Haberler\"],\"inLanguage\":\"en-US\",\"potentialAction\":[{\"@type\":\"CommentAction\",\"name\":\"Comment\",\"target\":[\"https:\\\/\\\/akunq.net\\\/tr\\\/?p=62138#respond\"]}]},{\"@type\":\"WebPage\",\"@id\":\"https:\\\/\\\/akunq.net\\\/tr\\\/?p=62138\",\"url\":\"https:\\\/\\\/akunq.net\\\/tr\\\/?p=62138\",\"name\":\"Anayasa Mahkemesi, HDP'nin kapat\u0131lmas\u0131 davas\u0131nda ilk incelemesini yapacak; s\u00fcre\u00e7 nas\u0131l i\u015fleyecek? - Bati Ermenistan Ve Bati Ermenileri Sorunlari Ara\u015ftirmalar Merkezi\",\"isPartOf\":{\"@id\":\"https:\\\/\\\/akunq.net\\\/tr\\\/#website\"},\"primaryImageOfPage\":{\"@id\":\"https:\\\/\\\/akunq.net\\\/tr\\\/?p=62138#primaryimage\"},\"image\":{\"@id\":\"https:\\\/\\\/akunq.net\\\/tr\\\/?p=62138#primaryimage\"},\"thumbnailUrl\":\"https:\\\/\\\/akunq.net\\\/tr\\\/wp-content\\\/uploads\\\/sites\\\/6\\\/2021\\\/03\\\/HDP-3.jpg\",\"datePublished\":\"2021-03-30T09:36:47+00:00\",\"author\":{\"@id\":\"https:\\\/\\\/akunq.net\\\/tr\\\/#\\\/schema\\\/person\\\/096f1d38a12cce57fb855b485ed24c9e\"},\"breadcrumb\":{\"@id\":\"https:\\\/\\\/akunq.net\\\/tr\\\/?p=62138#breadcrumb\"},\"inLanguage\":\"en-US\",\"potentialAction\":[{\"@type\":\"ReadAction\",\"target\":[\"https:\\\/\\\/akunq.net\\\/tr\\\/?p=62138\"]}]},{\"@type\":\"ImageObject\",\"inLanguage\":\"en-US\",\"@id\":\"https:\\\/\\\/akunq.net\\\/tr\\\/?p=62138#primaryimage\",\"url\":\"https:\\\/\\\/akunq.net\\\/tr\\\/wp-content\\\/uploads\\\/sites\\\/6\\\/2021\\\/03\\\/HDP-3.jpg\",\"contentUrl\":\"https:\\\/\\\/akunq.net\\\/tr\\\/wp-content\\\/uploads\\\/sites\\\/6\\\/2021\\\/03\\\/HDP-3.jpg\",\"width\":773,\"height\":435},{\"@type\":\"BreadcrumbList\",\"@id\":\"https:\\\/\\\/akunq.net\\\/tr\\\/?p=62138#breadcrumb\",\"itemListElement\":[{\"@type\":\"ListItem\",\"position\":1,\"name\":\"Home\",\"item\":\"https:\\\/\\\/akunq.net\\\/tr\"},{\"@type\":\"ListItem\",\"position\":2,\"name\":\"Anayasa Mahkemesi, HDP&#8217;nin kapat\u0131lmas\u0131 davas\u0131nda ilk incelemesini yapacak; s\u00fcre\u00e7 nas\u0131l i\u015fleyecek?\"}]},{\"@type\":\"WebSite\",\"@id\":\"https:\\\/\\\/akunq.net\\\/tr\\\/#website\",\"url\":\"https:\\\/\\\/akunq.net\\\/tr\\\/\",\"name\":\"Bati Ermenistan Ve Bati Ermenileri Sorunlari Ara\u015ftirmalar Merkezi\",\"description\":\"\",\"potentialAction\":[{\"@type\":\"SearchAction\",\"target\":{\"@type\":\"EntryPoint\",\"urlTemplate\":\"https:\\\/\\\/akunq.net\\\/tr\\\/?s={search_term_string}\"},\"query-input\":{\"@type\":\"PropertyValueSpecification\",\"valueRequired\":true,\"valueName\":\"search_term_string\"}}],\"inLanguage\":\"en-US\"},{\"@type\":\"Person\",\"@id\":\"https:\\\/\\\/akunq.net\\\/tr\\\/#\\\/schema\\\/person\\\/096f1d38a12cce57fb855b485ed24c9e\",\"name\":\"admin\",\"url\":\"https:\\\/\\\/akunq.net\\\/tr\\\/?author=7\"}]}<\/script>\n<!-- \/ Yoast SEO plugin. -->","yoast_head_json":{"title":"Anayasa Mahkemesi, HDP'nin kapat\u0131lmas\u0131 davas\u0131nda ilk incelemesini yapacak; s\u00fcre\u00e7 nas\u0131l i\u015fleyecek? - Bati Ermenistan Ve Bati Ermenileri Sorunlari Ara\u015ftirmalar Merkezi","robots":{"index":"index","follow":"follow","max-snippet":"max-snippet:-1","max-image-preview":"max-image-preview:large","max-video-preview":"max-video-preview:-1"},"canonical":"https:\/\/akunq.net\/tr\/?p=62138","og_locale":"en_US","og_type":"article","og_title":"Anayasa Mahkemesi, HDP'nin kapat\u0131lmas\u0131 davas\u0131nda ilk incelemesini yapacak; s\u00fcre\u00e7 nas\u0131l i\u015fleyecek? - Bati Ermenistan Ve Bati Ermenileri Sorunlari Ara\u015ftirmalar Merkezi","og_description":"Anayasa Mahkemesi Genel Kurulu, Halklar\u0131n Demokratik Partisi&#8217;nin (HDP) kapat\u0131lmas\u0131na ili\u015fkin davada ilk incelemesini yar\u0131n yaparak, iddianamenin kabul edilip edilmedi\u011fine karar verecek. Davayla ilgili g\u00f6revlendirilen raport\u00f6r, ilk incelemeye ili\u015fkin raporunu tamamlayarak Anayasa Mahkemesi heyetine sundu. Yar\u0131n davayla ilgili ilk incelemesini ger\u00e7ekle\u015ftirecek AYM Genel Kurulu, iddianamenin kabul edilip edilmedi\u011fine karar verecek. S\u00fcre\u00e7 nas\u0131l i\u015fleyecek? \u0130ddianamenin kabul edilmesi [&hellip;]","og_url":"https:\/\/akunq.net\/tr\/?p=62138","og_site_name":"Bati Ermenistan Ve Bati Ermenileri Sorunlari Ara\u015ftirmalar Merkezi","article_published_time":"2021-03-30T09:36:47+00:00","og_image":[{"width":773,"height":435,"url":"https:\/\/akunq.net\/tr\/wp-content\/uploads\/sites\/6\/2021\/03\/HDP-3.jpg","type":"image\/jpeg"}],"author":"admin","twitter_card":"summary_large_image","twitter_misc":{"Written by":"admin","Est. reading time":"2 minutes"},"schema":{"@context":"https:\/\/schema.org","@graph":[{"@type":"Article","@id":"https:\/\/akunq.net\/tr\/?p=62138#article","isPartOf":{"@id":"https:\/\/akunq.net\/tr\/?p=62138"},"author":{"name":"admin","@id":"https:\/\/akunq.net\/tr\/#\/schema\/person\/096f1d38a12cce57fb855b485ed24c9e"},"headline":"Anayasa Mahkemesi, HDP&#8217;nin kapat\u0131lmas\u0131 davas\u0131nda ilk incelemesini yapacak; s\u00fcre\u00e7 nas\u0131l i\u015fleyecek?","datePublished":"2021-03-30T09:36:47+00:00","mainEntityOfPage":{"@id":"https:\/\/akunq.net\/tr\/?p=62138"},"wordCount":410,"commentCount":0,"image":{"@id":"https:\/\/akunq.net\/tr\/?p=62138#primaryimage"},"thumbnailUrl":"https:\/\/akunq.net\/tr\/wp-content\/uploads\/sites\/6\/2021\/03\/HDP-3.jpg","articleSection":["Haberler"],"inLanguage":"en-US","potentialAction":[{"@type":"CommentAction","name":"Comment","target":["https:\/\/akunq.net\/tr\/?p=62138#respond"]}]},{"@type":"WebPage","@id":"https:\/\/akunq.net\/tr\/?p=62138","url":"https:\/\/akunq.net\/tr\/?p=62138","name":"Anayasa Mahkemesi, HDP'nin kapat\u0131lmas\u0131 davas\u0131nda ilk incelemesini yapacak; s\u00fcre\u00e7 nas\u0131l i\u015fleyecek? - Bati Ermenistan Ve Bati Ermenileri Sorunlari Ara\u015ftirmalar Merkezi","isPartOf":{"@id":"https:\/\/akunq.net\/tr\/#website"},"primaryImageOfPage":{"@id":"https:\/\/akunq.net\/tr\/?p=62138#primaryimage"},"image":{"@id":"https:\/\/akunq.net\/tr\/?p=62138#primaryimage"},"thumbnailUrl":"https:\/\/akunq.net\/tr\/wp-content\/uploads\/sites\/6\/2021\/03\/HDP-3.jpg","datePublished":"2021-03-30T09:36:47+00:00","author":{"@id":"https:\/\/akunq.net\/tr\/#\/schema\/person\/096f1d38a12cce57fb855b485ed24c9e"},"breadcrumb":{"@id":"https:\/\/akunq.net\/tr\/?p=62138#breadcrumb"},"inLanguage":"en-US","potentialAction":[{"@type":"ReadAction","target":["https:\/\/akunq.net\/tr\/?p=62138"]}]},{"@type":"ImageObject","inLanguage":"en-US","@id":"https:\/\/akunq.net\/tr\/?p=62138#primaryimage","url":"https:\/\/akunq.net\/tr\/wp-content\/uploads\/sites\/6\/2021\/03\/HDP-3.jpg","contentUrl":"https:\/\/akunq.net\/tr\/wp-content\/uploads\/sites\/6\/2021\/03\/HDP-3.jpg","width":773,"height":435},{"@type":"BreadcrumbList","@id":"https:\/\/akunq.net\/tr\/?p=62138#breadcrumb","itemListElement":[{"@type":"ListItem","position":1,"name":"Home","item":"https:\/\/akunq.net\/tr"},{"@type":"ListItem","position":2,"name":"Anayasa Mahkemesi, HDP&#8217;nin kapat\u0131lmas\u0131 davas\u0131nda ilk incelemesini yapacak; s\u00fcre\u00e7 nas\u0131l i\u015fleyecek?"}]},{"@type":"WebSite","@id":"https:\/\/akunq.net\/tr\/#website","url":"https:\/\/akunq.net\/tr\/","name":"Bati Ermenistan Ve Bati Ermenileri Sorunlari Ara\u015ftirmalar Merkezi","description":"","potentialAction":[{"@type":"SearchAction","target":{"@type":"EntryPoint","urlTemplate":"https:\/\/akunq.net\/tr\/?s={search_term_string}"},"query-input":{"@type":"PropertyValueSpecification","valueRequired":true,"valueName":"search_term_string"}}],"inLanguage":"en-US"},{"@type":"Person","@id":"https:\/\/akunq.net\/tr\/#\/schema\/person\/096f1d38a12cce57fb855b485ed24c9e","name":"admin","url":"https:\/\/akunq.net\/tr\/?author=7"}]}},"_links":{"self":[{"href":"https:\/\/akunq.net\/tr\/index.php?rest_route=\/wp\/v2\/posts\/62138","targetHints":{"allow":["GET"]}}],"collection":[{"href":"https:\/\/akunq.net\/tr\/index.php?rest_route=\/wp\/v2\/posts"}],"about":[{"href":"https:\/\/akunq.net\/tr\/index.php?rest_route=\/wp\/v2\/types\/post"}],"author":[{"embeddable":true,"href":"https:\/\/akunq.net\/tr\/index.php?rest_route=\/wp\/v2\/users\/7"}],"replies":[{"embeddable":true,"href":"https:\/\/akunq.net\/tr\/index.php?rest_route=%2Fwp%2Fv2%2Fcomments&post=62138"}],"version-history":[{"count":1,"href":"https:\/\/akunq.net\/tr\/index.php?rest_route=\/wp\/v2\/posts\/62138\/revisions"}],"predecessor-version":[{"id":62140,"href":"https:\/\/akunq.net\/tr\/index.php?rest_route=\/wp\/v2\/posts\/62138\/revisions\/62140"}],"wp:featuredmedia":[{"embeddable":true,"href":"https:\/\/akunq.net\/tr\/index.php?rest_route=\/wp\/v2\/media\/62139"}],"wp:attachment":[{"href":"https:\/\/akunq.net\/tr\/index.php?rest_route=%2Fwp%2Fv2%2Fmedia&parent=62138"}],"wp:term":[{"taxonomy":"category","embeddable":true,"href":"https:\/\/akunq.net\/tr\/index.php?rest_route=%2Fwp%2Fv2%2Fcategories&post=62138"},{"taxonomy":"post_tag","embeddable":true,"href":"https:\/\/akunq.net\/tr\/index.php?rest_route=%2Fwp%2Fv2%2Ftags&post=62138"}],"curies":[{"name":"wp","href":"https:\/\/api.w.org\/{rel}","templated":true}]}}