{"id":62135,"date":"2021-03-30T04:29:41","date_gmt":"2021-03-30T09:29:41","guid":{"rendered":"https:\/\/akunq.net\/tr\/?p=62135"},"modified":"2021-03-30T04:29:41","modified_gmt":"2021-03-30T09:29:41","slug":"aym-hdp-davasinda-ilk-incelemeyi-yarin-yapacak","status":"publish","type":"post","link":"https:\/\/akunq.net\/tr\/?p=62135","title":{"rendered":"AYM, HDP davas\u0131nda ilk incelemeyi yar\u0131n yapacak"},"content":{"rendered":"<div class=\"b-article__lead\">\n<p><img loading=\"lazy\" decoding=\"async\" class=\"aligncenter size-medium wp-image-62136\" src=\"https:\/\/akunq.net\/tr\/wp-content\/uploads\/2021\/03\/HDP-2-360x270.jpg\" alt=\"\" width=\"360\" height=\"270\" srcset=\"https:\/\/akunq.net\/tr\/wp-content\/uploads\/sites\/6\/2021\/03\/HDP-2-360x270.jpg 360w, https:\/\/akunq.net\/tr\/wp-content\/uploads\/sites\/6\/2021\/03\/HDP-2-768x576.jpg 768w, https:\/\/akunq.net\/tr\/wp-content\/uploads\/sites\/6\/2021\/03\/HDP-2-560x420.jpg 560w, https:\/\/akunq.net\/tr\/wp-content\/uploads\/sites\/6\/2021\/03\/HDP-2-260x195.jpg 260w, https:\/\/akunq.net\/tr\/wp-content\/uploads\/sites\/6\/2021\/03\/HDP-2-160x120.jpg 160w, https:\/\/akunq.net\/tr\/wp-content\/uploads\/sites\/6\/2021\/03\/HDP-2.jpg 866w\" sizes=\"auto, (max-width: 360px) 100vw, 360px\" \/><\/p>\n<p><em><strong>Anayasa Mahkemesi Genel Kurulu, HDP&#8217;nin kapat\u0131lmas\u0131na ili\u015fkin davada ilk incelemesini yar\u0131n yaparak, iddianamenin kabul edilip edilmedi\u011fine karar verecek.<\/strong><\/em><\/p>\n<\/div>\n<div class=\"b-article__text\">\n<p>Davayla ilgili g\u00f6revlendirilen raport\u00f6r, ilk incelemeye ili\u015fkin raporunu tamamlayarak\u00a0<strong>Anayasa Mahkemesi<\/strong>\u00a0heyetine sundu. Yar\u0131n davayla ilgili\u00a0<strong>ilk incelemesini<\/strong>\u00a0ger\u00e7ekle\u015ftirecek AYM Genel Kurulu,<a href=\"https:\/\/tr.sputniknews.com\/politika\/202103281044135780-hdp-es-genel-baskan-sancar-hdpyi-kapattirmayacagiz\/\" target=\"_blank\" rel=\"noopener noreferrer\">\u00a0iddianamenin kabul edilip<\/a>\u00a0edilmedi\u011fine karar verecek.<\/p>\n<p><strong>S\u00fcre\u00e7 nas\u0131l i\u015fleyecek?<\/strong><\/p>\n<p>\u0130ddianamenin kabul edilmesi halinde<strong>\u00a0HDP<\/strong>\u00a0<a href=\"https:\/\/tr.sputniknews.com\/avrupa\/202103291044145746-ab-yuksek-temsilcisi-borrell-turkiye-ile-aktif-sekilde-calismaya-devam-etmeliyiz\/\" target=\"_blank\" rel=\"noopener noreferrer\">\u00f6n savunmas\u0131n\u0131<\/a>\u00a0verilen s\u00fcrede AYM&#8217;ye g\u00f6nderecek. Parti \u00f6n savunmaya ili\u015fkin s\u00fcrenin uzat\u0131lmas\u0131 i\u00e7in Y\u00fcksek Mahkeme&#8217;ye ba\u015fvuruda bulunabilecek. Ek s\u00fcre talebini AYM karara ba\u011flayacak.<\/p>\n<p>Parti taraf\u0131ndan \u00f6n savunman\u0131n verilmesinin ard\u0131ndan\u00a0<strong>Yarg\u0131tay<\/strong>\u00a0Cumhuriyet Ba\u015fsavc\u0131s\u0131 Bekir \u015eahin esas hakk\u0131ndakini g\u00f6r\u00fc\u015f\u00fcn\u00fc sunacak. Bu g\u00f6r\u00fc\u015f de HDP&#8217;ye g\u00f6nderilecek. Daha sonra Anayasa Mahkemesi&#8217;nce belirlenecek tarihlerde Yarg\u0131tay Cumhuriyet Ba\u015fsavc\u0131s\u0131\u00a0<strong>\u015eahin<\/strong>\u00a0s\u00f6zl\u00fc a\u00e7\u0131klama, HDP yetkilileri de\u00a0<strong>s\u00f6zl\u00fc savunma<\/strong>\u00a0yapacak.<\/p>\n<p>B\u00fct\u00fcn s\u00fcrecin ard\u0131ndan davaya ili\u015fkin bilgi, belgeleri toplayacak raport\u00f6r esas hakk\u0131ndaki\u00a0<a href=\"https:\/\/tr.sputniknews.com\/turkiye\/202103261044124620-pervin-buldan-hdp-oyle-kolay-kapatilacak-bir-parti-degil\/\" target=\"_blank\" rel=\"noopener noreferrer\">raporunu<\/a>\u00a0haz\u0131rlayacak. Bu i\u015flemler s\u00fcrerken, gerek Yarg\u0131tay Cumhuriyet Ba\u015fsavc\u0131l\u0131\u011f\u0131 gerekse daval\u0131 HDP\u00a0<strong>ek delil<\/strong>\u00a0veya yaz\u0131l\u0131 ek savunma verebilecek. Raporun AYM \u00fcyelerine da\u011f\u0131t\u0131lmas\u0131n\u0131n ard\u0131ndan Ba\u015fkan\u00a0<strong>Z\u00fcht\u00fc Arslan<\/strong>\u00a0toplant\u0131 i\u00e7in bir g\u00fcn belirleyecek. \u00dcyeler belirlenen g\u00fcnde bir araya gelerek kapatma istemini esastan g\u00f6r\u00fc\u015fmeye ba\u015flayacak.<\/p>\n<p><strong>15 \u00fcyenin 10&#8217;unun oy \u00e7oklu\u011fuyla karar verilebilecek<\/strong><\/p>\n<p>HDP hakk\u0131ndaki kapatma davas\u0131n\u0131 15 ki\u015fiden olu\u015fan Anayasa Mahkemesi heyeti\u00a0<strong>karara<\/strong>\u00a0ba\u011flayacak. Anayasa&#8217;n\u0131n 69. maddesinde say\u0131lan hallerden \u00f6t\u00fcr\u00fc partinin\u00a0<strong>kapat\u0131lmas\u0131na<\/strong>\u00a0veya dava konusu fiillerin a\u011f\u0131rl\u0131\u011f\u0131na g\u00f6re devlet yard\u0131m\u0131ndan k\u0131smen ya da tamamen\u00a0<strong>yoksun<\/strong>\u00a0b\u0131rak\u0131lmas\u0131na, toplant\u0131ya kat\u0131lan \u00fcyelerin 3&#8217;te 2 oy \u00e7oklu\u011fuyla yani 15 \u00fcyenin 10&#8217;unun oyuyla karar verilebilecek.<\/p>\n<p>Siyasi parti kapatma davas\u0131 sonucunda verilen karar, Yarg\u0131tay Cumhuriyet Ba\u015fsavc\u0131s\u0131 ile ilgili siyasi partiye\u00a0<strong>tebli\u011f<\/strong>\u00a0edilecek ve Resmi Gazete&#8217;de yay\u0131mlanacak.<\/p>\n<p>Anayasa Mahkemesi&#8217;nin, siyasi yasak istenen partililerin\u00a0<a href=\"https:\/\/tr.sputniknews.com\/turkiye\/202103261044120739-selvi-hdpnin-kapatilmasiyla-ilgili-surecte-ilk-adim-31-martta-atilacak-raportor-calismalarini\/\" target=\"_blank\" rel=\"noopener noreferrer\">beyan<\/a>\u00a0ve eylemleriyle partinin kapat\u0131lmas\u0131na neden oldu\u011funu belirlemesi halinde, bu ki\u015filer kesin karar\u0131n Resmi Gazete&#8217;de gerek\u00e7eli olarak yay\u0131mlanmas\u0131ndan ba\u015flayarak 5 y\u0131l s\u00fcreyle bir ba\u015fka partinin kurucusu, \u00fcyesi, y\u00f6neticisi ve deneticisi olamayacak.<\/p>\n<p><em><strong>https:\/\/tr.sputniknews.com\/turkiye\/202103301044147989-aym-hdp-davasinda-ilk-incelemeyi-yarin-yapacak\/\u00a0<\/strong><\/em><\/p>\n<\/div>\n","protected":false},"excerpt":{"rendered":"<p>Anayasa Mahkemesi Genel Kurulu, HDP&#8217;nin kapat\u0131lmas\u0131na ili\u015fkin davada ilk incelemesini yar\u0131n yaparak, iddianamenin kabul edilip edilmedi\u011fine karar verecek. Davayla ilgili g\u00f6revlendirilen raport\u00f6r, ilk incelemeye ili\u015fkin raporunu tamamlayarak\u00a0Anayasa Mahkemesi\u00a0heyetine sundu. Yar\u0131n davayla ilgili\u00a0ilk incelemesini\u00a0ger\u00e7ekle\u015ftirecek AYM Genel Kurulu,\u00a0iddianamenin kabul edilip\u00a0edilmedi\u011fine karar verecek. S\u00fcre\u00e7 nas\u0131l i\u015fleyecek? \u0130ddianamenin kabul edilmesi halinde\u00a0HDP\u00a0\u00f6n savunmas\u0131n\u0131\u00a0verilen s\u00fcrede AYM&#8217;ye g\u00f6nderecek. Parti \u00f6n savunmaya ili\u015fkin [&hellip;]<\/p>\n","protected":false},"author":7,"featured_media":62136,"comment_status":"open","ping_status":"open","sticky":false,"template":"","format":"standard","meta":{"footnotes":""},"categories":[1],"tags":[],"class_list":["post-62135","post","type-post","status-publish","format-standard","has-post-thumbnail","hentry","category-haberler"],"yoast_head":"<!-- This site is optimized with the Yoast SEO plugin v27.4 - https:\/\/yoast.com\/product\/yoast-seo-wordpress\/ -->\n<title>AYM, HDP davas\u0131nda ilk incelemeyi yar\u0131n yapacak - Bati Ermenistan Ve Bati Ermenileri Sorunlari Ara\u015ftirmalar Merkezi<\/title>\n<meta name=\"robots\" content=\"index, follow, max-snippet:-1, max-image-preview:large, max-video-preview:-1\" \/>\n<link rel=\"canonical\" href=\"https:\/\/akunq.net\/tr\/?p=62135\" \/>\n<meta property=\"og:locale\" content=\"en_US\" \/>\n<meta property=\"og:type\" content=\"article\" \/>\n<meta property=\"og:title\" content=\"AYM, HDP davas\u0131nda ilk incelemeyi yar\u0131n yapacak - Bati Ermenistan Ve Bati Ermenileri Sorunlari Ara\u015ftirmalar Merkezi\" \/>\n<meta property=\"og:description\" content=\"Anayasa Mahkemesi Genel Kurulu, HDP&#8217;nin kapat\u0131lmas\u0131na ili\u015fkin davada ilk incelemesini yar\u0131n yaparak, iddianamenin kabul edilip edilmedi\u011fine karar verecek. Davayla ilgili g\u00f6revlendirilen raport\u00f6r, ilk incelemeye ili\u015fkin raporunu tamamlayarak\u00a0Anayasa Mahkemesi\u00a0heyetine sundu. Yar\u0131n davayla ilgili\u00a0ilk incelemesini\u00a0ger\u00e7ekle\u015ftirecek AYM Genel Kurulu,\u00a0iddianamenin kabul edilip\u00a0edilmedi\u011fine karar verecek. S\u00fcre\u00e7 nas\u0131l i\u015fleyecek? \u0130ddianamenin kabul edilmesi halinde\u00a0HDP\u00a0\u00f6n savunmas\u0131n\u0131\u00a0verilen s\u00fcrede AYM&#8217;ye g\u00f6nderecek. Parti \u00f6n savunmaya ili\u015fkin [&hellip;]\" \/>\n<meta property=\"og:url\" content=\"https:\/\/akunq.net\/tr\/?p=62135\" \/>\n<meta property=\"og:site_name\" content=\"Bati Ermenistan Ve Bati Ermenileri Sorunlari Ara\u015ftirmalar Merkezi\" \/>\n<meta property=\"article:published_time\" content=\"2021-03-30T09:29:41+00:00\" \/>\n<meta property=\"og:image\" content=\"https:\/\/akunq.net\/tr\/wp-content\/uploads\/sites\/6\/2021\/03\/HDP-2.jpg\" \/>\n\t<meta property=\"og:image:width\" content=\"866\" \/>\n\t<meta property=\"og:image:height\" content=\"650\" \/>\n\t<meta property=\"og:image:type\" content=\"image\/jpeg\" \/>\n<meta name=\"author\" content=\"admin\" \/>\n<meta name=\"twitter:card\" content=\"summary_large_image\" \/>\n<meta name=\"twitter:label1\" content=\"Written by\" \/>\n\t<meta name=\"twitter:data1\" content=\"admin\" \/>\n\t<meta name=\"twitter:label2\" content=\"Est. reading time\" \/>\n\t<meta name=\"twitter:data2\" content=\"2 minutes\" \/>\n<script type=\"application\/ld+json\" class=\"yoast-schema-graph\">{\"@context\":\"https:\\\/\\\/schema.org\",\"@graph\":[{\"@type\":\"Article\",\"@id\":\"https:\\\/\\\/akunq.net\\\/tr\\\/?p=62135#article\",\"isPartOf\":{\"@id\":\"https:\\\/\\\/akunq.net\\\/tr\\\/?p=62135\"},\"author\":{\"name\":\"admin\",\"@id\":\"https:\\\/\\\/akunq.net\\\/tr\\\/#\\\/schema\\\/person\\\/096f1d38a12cce57fb855b485ed24c9e\"},\"headline\":\"AYM, HDP davas\u0131nda ilk incelemeyi yar\u0131n yapacak\",\"datePublished\":\"2021-03-30T09:29:41+00:00\",\"mainEntityOfPage\":{\"@id\":\"https:\\\/\\\/akunq.net\\\/tr\\\/?p=62135\"},\"wordCount\":400,\"commentCount\":0,\"image\":{\"@id\":\"https:\\\/\\\/akunq.net\\\/tr\\\/?p=62135#primaryimage\"},\"thumbnailUrl\":\"https:\\\/\\\/akunq.net\\\/tr\\\/wp-content\\\/uploads\\\/sites\\\/6\\\/2021\\\/03\\\/HDP-2.jpg\",\"articleSection\":[\"Haberler\"],\"inLanguage\":\"en-US\",\"potentialAction\":[{\"@type\":\"CommentAction\",\"name\":\"Comment\",\"target\":[\"https:\\\/\\\/akunq.net\\\/tr\\\/?p=62135#respond\"]}]},{\"@type\":\"WebPage\",\"@id\":\"https:\\\/\\\/akunq.net\\\/tr\\\/?p=62135\",\"url\":\"https:\\\/\\\/akunq.net\\\/tr\\\/?p=62135\",\"name\":\"AYM, HDP davas\u0131nda ilk incelemeyi yar\u0131n yapacak - Bati Ermenistan Ve Bati Ermenileri Sorunlari Ara\u015ftirmalar Merkezi\",\"isPartOf\":{\"@id\":\"https:\\\/\\\/akunq.net\\\/tr\\\/#website\"},\"primaryImageOfPage\":{\"@id\":\"https:\\\/\\\/akunq.net\\\/tr\\\/?p=62135#primaryimage\"},\"image\":{\"@id\":\"https:\\\/\\\/akunq.net\\\/tr\\\/?p=62135#primaryimage\"},\"thumbnailUrl\":\"https:\\\/\\\/akunq.net\\\/tr\\\/wp-content\\\/uploads\\\/sites\\\/6\\\/2021\\\/03\\\/HDP-2.jpg\",\"datePublished\":\"2021-03-30T09:29:41+00:00\",\"author\":{\"@id\":\"https:\\\/\\\/akunq.net\\\/tr\\\/#\\\/schema\\\/person\\\/096f1d38a12cce57fb855b485ed24c9e\"},\"breadcrumb\":{\"@id\":\"https:\\\/\\\/akunq.net\\\/tr\\\/?p=62135#breadcrumb\"},\"inLanguage\":\"en-US\",\"potentialAction\":[{\"@type\":\"ReadAction\",\"target\":[\"https:\\\/\\\/akunq.net\\\/tr\\\/?p=62135\"]}]},{\"@type\":\"ImageObject\",\"inLanguage\":\"en-US\",\"@id\":\"https:\\\/\\\/akunq.net\\\/tr\\\/?p=62135#primaryimage\",\"url\":\"https:\\\/\\\/akunq.net\\\/tr\\\/wp-content\\\/uploads\\\/sites\\\/6\\\/2021\\\/03\\\/HDP-2.jpg\",\"contentUrl\":\"https:\\\/\\\/akunq.net\\\/tr\\\/wp-content\\\/uploads\\\/sites\\\/6\\\/2021\\\/03\\\/HDP-2.jpg\",\"width\":866,\"height\":650},{\"@type\":\"BreadcrumbList\",\"@id\":\"https:\\\/\\\/akunq.net\\\/tr\\\/?p=62135#breadcrumb\",\"itemListElement\":[{\"@type\":\"ListItem\",\"position\":1,\"name\":\"Home\",\"item\":\"https:\\\/\\\/akunq.net\\\/tr\"},{\"@type\":\"ListItem\",\"position\":2,\"name\":\"AYM, HDP davas\u0131nda ilk incelemeyi yar\u0131n yapacak\"}]},{\"@type\":\"WebSite\",\"@id\":\"https:\\\/\\\/akunq.net\\\/tr\\\/#website\",\"url\":\"https:\\\/\\\/akunq.net\\\/tr\\\/\",\"name\":\"Bati Ermenistan Ve Bati Ermenileri Sorunlari Ara\u015ftirmalar Merkezi\",\"description\":\"\",\"potentialAction\":[{\"@type\":\"SearchAction\",\"target\":{\"@type\":\"EntryPoint\",\"urlTemplate\":\"https:\\\/\\\/akunq.net\\\/tr\\\/?s={search_term_string}\"},\"query-input\":{\"@type\":\"PropertyValueSpecification\",\"valueRequired\":true,\"valueName\":\"search_term_string\"}}],\"inLanguage\":\"en-US\"},{\"@type\":\"Person\",\"@id\":\"https:\\\/\\\/akunq.net\\\/tr\\\/#\\\/schema\\\/person\\\/096f1d38a12cce57fb855b485ed24c9e\",\"name\":\"admin\",\"url\":\"https:\\\/\\\/akunq.net\\\/tr\\\/?author=7\"}]}<\/script>\n<!-- \/ Yoast SEO plugin. -->","yoast_head_json":{"title":"AYM, HDP davas\u0131nda ilk incelemeyi yar\u0131n yapacak - Bati Ermenistan Ve Bati Ermenileri Sorunlari Ara\u015ftirmalar Merkezi","robots":{"index":"index","follow":"follow","max-snippet":"max-snippet:-1","max-image-preview":"max-image-preview:large","max-video-preview":"max-video-preview:-1"},"canonical":"https:\/\/akunq.net\/tr\/?p=62135","og_locale":"en_US","og_type":"article","og_title":"AYM, HDP davas\u0131nda ilk incelemeyi yar\u0131n yapacak - Bati Ermenistan Ve Bati Ermenileri Sorunlari Ara\u015ftirmalar Merkezi","og_description":"Anayasa Mahkemesi Genel Kurulu, HDP&#8217;nin kapat\u0131lmas\u0131na ili\u015fkin davada ilk incelemesini yar\u0131n yaparak, iddianamenin kabul edilip edilmedi\u011fine karar verecek. Davayla ilgili g\u00f6revlendirilen raport\u00f6r, ilk incelemeye ili\u015fkin raporunu tamamlayarak\u00a0Anayasa Mahkemesi\u00a0heyetine sundu. Yar\u0131n davayla ilgili\u00a0ilk incelemesini\u00a0ger\u00e7ekle\u015ftirecek AYM Genel Kurulu,\u00a0iddianamenin kabul edilip\u00a0edilmedi\u011fine karar verecek. S\u00fcre\u00e7 nas\u0131l i\u015fleyecek? \u0130ddianamenin kabul edilmesi halinde\u00a0HDP\u00a0\u00f6n savunmas\u0131n\u0131\u00a0verilen s\u00fcrede AYM&#8217;ye g\u00f6nderecek. Parti \u00f6n savunmaya ili\u015fkin [&hellip;]","og_url":"https:\/\/akunq.net\/tr\/?p=62135","og_site_name":"Bati Ermenistan Ve Bati Ermenileri Sorunlari Ara\u015ftirmalar Merkezi","article_published_time":"2021-03-30T09:29:41+00:00","og_image":[{"width":866,"height":650,"url":"https:\/\/akunq.net\/tr\/wp-content\/uploads\/sites\/6\/2021\/03\/HDP-2.jpg","type":"image\/jpeg"}],"author":"admin","twitter_card":"summary_large_image","twitter_misc":{"Written by":"admin","Est. reading time":"2 minutes"},"schema":{"@context":"https:\/\/schema.org","@graph":[{"@type":"Article","@id":"https:\/\/akunq.net\/tr\/?p=62135#article","isPartOf":{"@id":"https:\/\/akunq.net\/tr\/?p=62135"},"author":{"name":"admin","@id":"https:\/\/akunq.net\/tr\/#\/schema\/person\/096f1d38a12cce57fb855b485ed24c9e"},"headline":"AYM, HDP davas\u0131nda ilk incelemeyi yar\u0131n yapacak","datePublished":"2021-03-30T09:29:41+00:00","mainEntityOfPage":{"@id":"https:\/\/akunq.net\/tr\/?p=62135"},"wordCount":400,"commentCount":0,"image":{"@id":"https:\/\/akunq.net\/tr\/?p=62135#primaryimage"},"thumbnailUrl":"https:\/\/akunq.net\/tr\/wp-content\/uploads\/sites\/6\/2021\/03\/HDP-2.jpg","articleSection":["Haberler"],"inLanguage":"en-US","potentialAction":[{"@type":"CommentAction","name":"Comment","target":["https:\/\/akunq.net\/tr\/?p=62135#respond"]}]},{"@type":"WebPage","@id":"https:\/\/akunq.net\/tr\/?p=62135","url":"https:\/\/akunq.net\/tr\/?p=62135","name":"AYM, HDP davas\u0131nda ilk incelemeyi yar\u0131n yapacak - Bati Ermenistan Ve Bati Ermenileri Sorunlari Ara\u015ftirmalar Merkezi","isPartOf":{"@id":"https:\/\/akunq.net\/tr\/#website"},"primaryImageOfPage":{"@id":"https:\/\/akunq.net\/tr\/?p=62135#primaryimage"},"image":{"@id":"https:\/\/akunq.net\/tr\/?p=62135#primaryimage"},"thumbnailUrl":"https:\/\/akunq.net\/tr\/wp-content\/uploads\/sites\/6\/2021\/03\/HDP-2.jpg","datePublished":"2021-03-30T09:29:41+00:00","author":{"@id":"https:\/\/akunq.net\/tr\/#\/schema\/person\/096f1d38a12cce57fb855b485ed24c9e"},"breadcrumb":{"@id":"https:\/\/akunq.net\/tr\/?p=62135#breadcrumb"},"inLanguage":"en-US","potentialAction":[{"@type":"ReadAction","target":["https:\/\/akunq.net\/tr\/?p=62135"]}]},{"@type":"ImageObject","inLanguage":"en-US","@id":"https:\/\/akunq.net\/tr\/?p=62135#primaryimage","url":"https:\/\/akunq.net\/tr\/wp-content\/uploads\/sites\/6\/2021\/03\/HDP-2.jpg","contentUrl":"https:\/\/akunq.net\/tr\/wp-content\/uploads\/sites\/6\/2021\/03\/HDP-2.jpg","width":866,"height":650},{"@type":"BreadcrumbList","@id":"https:\/\/akunq.net\/tr\/?p=62135#breadcrumb","itemListElement":[{"@type":"ListItem","position":1,"name":"Home","item":"https:\/\/akunq.net\/tr"},{"@type":"ListItem","position":2,"name":"AYM, HDP davas\u0131nda ilk incelemeyi yar\u0131n yapacak"}]},{"@type":"WebSite","@id":"https:\/\/akunq.net\/tr\/#website","url":"https:\/\/akunq.net\/tr\/","name":"Bati Ermenistan Ve Bati Ermenileri Sorunlari Ara\u015ftirmalar Merkezi","description":"","potentialAction":[{"@type":"SearchAction","target":{"@type":"EntryPoint","urlTemplate":"https:\/\/akunq.net\/tr\/?s={search_term_string}"},"query-input":{"@type":"PropertyValueSpecification","valueRequired":true,"valueName":"search_term_string"}}],"inLanguage":"en-US"},{"@type":"Person","@id":"https:\/\/akunq.net\/tr\/#\/schema\/person\/096f1d38a12cce57fb855b485ed24c9e","name":"admin","url":"https:\/\/akunq.net\/tr\/?author=7"}]}},"_links":{"self":[{"href":"https:\/\/akunq.net\/tr\/index.php?rest_route=\/wp\/v2\/posts\/62135","targetHints":{"allow":["GET"]}}],"collection":[{"href":"https:\/\/akunq.net\/tr\/index.php?rest_route=\/wp\/v2\/posts"}],"about":[{"href":"https:\/\/akunq.net\/tr\/index.php?rest_route=\/wp\/v2\/types\/post"}],"author":[{"embeddable":true,"href":"https:\/\/akunq.net\/tr\/index.php?rest_route=\/wp\/v2\/users\/7"}],"replies":[{"embeddable":true,"href":"https:\/\/akunq.net\/tr\/index.php?rest_route=%2Fwp%2Fv2%2Fcomments&post=62135"}],"version-history":[{"count":1,"href":"https:\/\/akunq.net\/tr\/index.php?rest_route=\/wp\/v2\/posts\/62135\/revisions"}],"predecessor-version":[{"id":62137,"href":"https:\/\/akunq.net\/tr\/index.php?rest_route=\/wp\/v2\/posts\/62135\/revisions\/62137"}],"wp:featuredmedia":[{"embeddable":true,"href":"https:\/\/akunq.net\/tr\/index.php?rest_route=\/wp\/v2\/media\/62136"}],"wp:attachment":[{"href":"https:\/\/akunq.net\/tr\/index.php?rest_route=%2Fwp%2Fv2%2Fmedia&parent=62135"}],"wp:term":[{"taxonomy":"category","embeddable":true,"href":"https:\/\/akunq.net\/tr\/index.php?rest_route=%2Fwp%2Fv2%2Fcategories&post=62135"},{"taxonomy":"post_tag","embeddable":true,"href":"https:\/\/akunq.net\/tr\/index.php?rest_route=%2Fwp%2Fv2%2Ftags&post=62135"}],"curies":[{"name":"wp","href":"https:\/\/api.w.org\/{rel}","templated":true}]}}