{"id":62132,"date":"2021-03-30T04:20:19","date_gmt":"2021-03-30T09:20:19","guid":{"rendered":"https:\/\/akunq.net\/tr\/?p=62132"},"modified":"2021-03-30T04:20:19","modified_gmt":"2021-03-30T09:20:19","slug":"unutacak-miyiz-bunlari","status":"publish","type":"post","link":"https:\/\/akunq.net\/tr\/?p=62132","title":{"rendered":"Unutacak m\u0131y\u0131z bunlar\u0131"},"content":{"rendered":"<p><img loading=\"lazy\" decoding=\"async\" class=\"aligncenter size-medium wp-image-62133\" src=\"https:\/\/akunq.net\/tr\/wp-content\/uploads\/2021\/03\/Soner-Yal\u00e7\u0131n-286x270.png\" alt=\"\" width=\"286\" height=\"270\" srcset=\"https:\/\/akunq.net\/tr\/wp-content\/uploads\/sites\/6\/2021\/03\/Soner-Yal\u00e7\u0131n-286x270.png 286w, https:\/\/akunq.net\/tr\/wp-content\/uploads\/sites\/6\/2021\/03\/Soner-Yal\u00e7\u0131n-560x529.png 560w, https:\/\/akunq.net\/tr\/wp-content\/uploads\/sites\/6\/2021\/03\/Soner-Yal\u00e7\u0131n-260x246.png 260w, https:\/\/akunq.net\/tr\/wp-content\/uploads\/sites\/6\/2021\/03\/Soner-Yal\u00e7\u0131n-160x151.png 160w, https:\/\/akunq.net\/tr\/wp-content\/uploads\/sites\/6\/2021\/03\/Soner-Yal\u00e7\u0131n.png 605w\" sizes=\"auto, (max-width: 286px) 100vw, 286px\" \/><\/p>\n<p><strong><a href=\"https:\/\/www.sozcu.com.tr\/kategori\/yazarlar\/soner-yalcin\">Soner Yal\u00e7\u0131n<\/a><\/strong><\/p>\n<p>Maurice Halbwachs (1887-1945)\u2026<\/p>\n<p><strong>Kolektif haf\u0131za\u00a0<\/strong>kavram\u0131\u00adn\u0131 geli\u015ftiren Frans\u0131z Mark\u00adsist sosyolog. (Paris\u2019te\u00a0<strong>Na\u00adziler\u00a0<\/strong>taraf\u0131ndan tutukland\u0131; Buchenwald toplama kam\u00adp\u0131nda \u00f6ld\u00fc.)<\/p>\n<p>Psikoloji-sosyoloji alan\u0131n\u00adda \u00e7al\u0131\u015fmalar yapt\u0131, kitaplar yazd\u0131.\u00a0<strong>\u201cKolektif Bel\u00adlek\u201d,\u00a0<\/strong>\u201cHaf\u0131zan\u0131n Toplumsal \u00c7er\u00e7eveleri\u201d gibi kitaplar yazd\u0131.<\/p>\n<p><strong>\u015eunu dedi:\u00a0<\/strong><\/p>\n<p>-Sadece\u00a0<strong>bireysel ha\u00adf\u0131za\u00a0<\/strong>de\u011fil, ayn\u0131 zaman\u00adda\u00a0<strong>grup haf\u0131zas\u0131\u00a0<\/strong>da vard\u0131r\u2026<\/p>\n<p>-Bireyin\u00a0<strong>ge\u00e7mi\u015fi\u00a0<\/strong>anlama\u00ads\u0131, bu\u00a0<strong>grup bilinciyle\u00a0<\/strong>g\u00fc\u00e7\u00adl\u00fc \u015fekilde ba\u011flant\u0131l\u0131d\u0131r.<\/p>\n<p>-Her grubun kendi kolek\u00adtif haf\u0131zas\u0131 vard\u0131r ve kolektif haf\u0131za\u00a0<strong>di\u011fer gruplar\u0131n\u00a0<\/strong>ko\u00adlektif haf\u0131zas\u0131n\u0131 etkileme y\u00f6n\u00fcnde \u00e7abalar\u2026<\/p>\n<p>-Anmalar\u0131n, an\u0131tlar\u0131n, rit\u00fcellerin, \u00f6d\u00fcllerin bu\u00a0<strong>ko\u00adlektif haf\u0131zayla\u00a0<\/strong>ba\u011f\u0131 bulunmaktad\u0131r\u2026<\/p>\n<p><strong>Halbwachs,\u00a0<\/strong>g\u00fcvenilirlik s\u00f6z konusu oldu\u011funda\u00a0<strong>ha\u00adf\u0131zan\u0131n ve tarihin bir\u00adbirine z\u0131t\u00a0<\/strong>oldu\u011funu ileri s\u00fcrd\u00fc\u2026<\/p>\n<p>Yaz\u0131ma bu giri\u015fi yap\u00adman\u0131n nedeni AKP ik\u00adtidar\u0131n\u0131n\u00a0<strong>\u201cyeni haf\u0131za\/ bellek\u201d\u00a0<\/strong>olu\u015fturma \u00e7aba\u00ads\u0131-giri\u015fimleri de\u011fil\u2026\u00a0<strong>Hrant Dink\u2019i\u00a0<\/strong>yazmak istiyorum:<\/p>\n<p>Dink davas\u0131n\u0131n\u00a0<strong>mahke\u00adme karar\u0131\u00a0<\/strong>\u00fczerinde ni\u00e7in pek durulmad\u0131?<\/p>\n<p>-Davan\u0131n san\u0131\u011f\u0131\u00a0<strong>Zekeriya \u00d6z<\/strong>\u2018\u00fcn savc\u0131l\u0131k odas\u0131ndan hi\u00e7 ayr\u0131lmayan\u00a0<strong>avukatla\u00adr\u0131\u00a0<\/strong>unutacak m\u0131y\u0131z?<\/p>\n<p>-Davan\u0131n san\u0131klar\u0131\u00a0<strong>Ek\u00adrem Dumanl\u0131<\/strong>\u2018dan,\u00a0<strong>Adem Yavuz Arslan<\/strong>\u2018a FET\u00d6 gazetecilerini televizyona \u00e7\u0131kar\u0131p cinayeti\u00a0<strong>karartan\u00adlar\u0131\u00a0<\/strong>unutacak m\u0131y\u0131z?<\/p>\n<p>-Davan\u0131n san\u0131klar\u0131\u00a0<strong>Ali Fuat Y\u0131lmazer<\/strong>\u2018den\u00a0<strong>Ra\u00admazan Aky\u00fcrek<\/strong>\u2018e FET\u00d6 polis \u015feflerinin Dink suikast\u0131 ile Ergenekon san\u0131klar\u0131 aras\u0131nda s\u00f6zde ba\u011flant\u0131lar\u0131 g\u00f6steren \u201cDink Suikast\u0131 \u015eemas\u0131\u201d yalan\u0131 gibi s\u0131z\u00add\u0131rmalar\u0131n\u0131 haber-man\u015fet yapanlar\u0131,\u00a0<strong>bu uyduruk \u015femayla\u00a0<\/strong>su\u00e7 duyurusunda bulunan avukatlar\u0131 unutacak m\u0131y\u0131z?<\/p>\n<p>-FET\u00d6 g\u00f6lgesindeki isim\u00adlere Hrant Dink\u00a0<strong>\u00d6d\u00fcl\u00fc\u00a0<\/strong>ve\u00adrilmesini unutacak m\u0131y\u0131z?<\/p>\n<p><strong>K\u0131sa s\u00fcreli bellek sa\u00adhibi sanmas\u0131nlar bizi;\u00a0<\/strong>hi\u00e7 unutturmayaca\u011f\u0131z!<\/p>\n<h2><strong>GER\u00c7E\u011e\u0130 YAZDIK<\/strong><\/h2>\n<p>Bu k\u00f6\u015fede defalarca yaz\u00add\u0131m\u2026<\/p>\n<p><strong>Odatv\u00a0<\/strong>yazd\u0131\u2026<\/p>\n<p><strong>S\u00f6zc\u00fc\u00a0<\/strong>gazetesi yazd\u0131\u2026<\/p>\n<p>Bir avu\u00e7 gazeteci yazd\u0131\u2026<\/p>\n<p>Her ger\u00e7e\u011fi yazd\u0131\u011f\u0131m\u0131z\u00adda\u00a0<strong>\u201culusal fa\u015fistler\u201d\u00a0<\/strong>de\u00adnilerek hedef yapt\u0131lar. Silivri Cezaevi\u2019ne at\u0131lmam\u0131z\u0131 sa\u011flad\u0131lar.<\/p>\n<p>Peki\u2026 Bu d\u00f6nemin\u00a0<strong>hesa\u00adb\u0131n\u0131\u00a0<\/strong>sadece \u00fc\u00e7-be\u015f FET\u00d6 eleman\u0131 m\u0131 verecek? Ya bu\u00a0<strong>\u00f6rt\u00fcl\u00fc psikolojik faali\u00adyetlerin\u00a0<\/strong>g\u00f6n\u00fcll\u00fc kalem\u015forla\u00adr\u0131? Onlardan hesap sorulma\u00adyacak m\u0131?<\/p>\n<p><strong>\u201cHrant\u2019\u0131n Arkada\u015fla\u00adr\u0131\u201d\u00a0<\/strong>pankart\u0131n\u0131\u00a0<strong>y\u00fczlerine maske\u00a0<\/strong>yapanlar o d\u00f6nem b\u00fcy\u00fck\u00a0<strong>yan\u0131lg\u0131ya\u00a0<\/strong>neden imza att\u0131? Ni\u00e7in hedeflerinde hep hayali\u00a0<strong>Ergenekon\u00a0<\/strong>vard\u0131? FET\u00d6\u00a0<strong>yalanlar\u0131ndan\u00a0<\/strong>niye hi\u00e7 ku\u015fkulanmad\u0131lar? Bu a<strong>lg\u0131 cinayetine nas\u0131l ortak oldular?\u00a0<\/strong><\/p>\n<p><strong>Hrant Dink\u2019in, FET\u00d6 taraf\u0131ndan bilerek-is\u00adteyerek \u00f6ld\u00fcr\u00fcld\u00fc\u011f\u00fc tamamen ortaya \u00e7\u0131kma\u00ads\u0131na ra\u011fmen, bu libo\u015f \u00e7evrelerin bug\u00fcn h\u00e2l\u00e2 tek kelime \u00f6zele\u015ftiri yapmamalar\u0131n\u0131 nas\u0131l de\u011ferlendirmek gere\u00adkiyor? Bu derin ili\u015fki\u00adnin-ittifak\u0131n \u00e7imentosu nedir? CIA m\u0131?\u00a0<\/strong><\/p>\n<p><strong>Evet, biz yazd\u0131k. Ama ger\u00e7ek azmettirici\u00adler-planlay\u0131c\u0131lar,\u00a0<\/strong>kafala\u00adr\u0131ndaki\u00a0<strong>\u015fablona\u00a0<\/strong>uymad\u0131\u011f\u0131 i\u00e7in kabul etmediler.\u00a0<strong>Getto\u00adlar\u0131nda kendileri yaz\u0131p kendileri inand\u0131. FET\u00d6 ile i\u015fbirli\u011fiyle toplumsal haf\u0131za olu\u015fturmaya \u00e7aba\u00adlad\u0131lar\u2026\u00a0<\/strong><\/p>\n<p><strong>Oysa\u2026\u00a0<\/strong>Hrant Dink \u00f6l\u00fcm\u00fcne giden s\u00fcreci g\u00f6r\u00add\u00fc. \u00d6l\u00fcm\u00fcnden k\u0131sa s\u00fcre \u00f6nce\u00a0<strong>kaleme\u00a0<\/strong>ald\u0131\u011f\u0131 yaz\u0131s\u0131n\u00adda,\u00a0<strong>\u201cVe i\u015fte yine u\u00e7uru\u00admun k\u0131y\u0131s\u0131nday\u0131m. Pe\u015fim\u00adde tekrar birileri vard\u0131. Onlar\u0131 seziyordum\u201d\u00a0<\/strong>dedi.<\/p>\n<p>\u201cHrant\u2019\u0131n Arkada\u015flar\u0131\u201d inatla anlamak istemiyor; a\u011f\u0131zlar\u0131nda hala FET\u00d6 yok!<\/p>\n<p><strong>Maskelerini\u00a0<\/strong>\u00e7\u0131kar\u0131p cina\u00adyeti g\u00f6rmelidirler art\u0131k\u2026 Sa\u00addece\u00a0<strong>g\u00f6rmeleri\u00a0<\/strong>yetmez.\u00a0<strong>\u0130ti\u00adraf\u00e7\u0131 olmalar\u0131\u00a0<\/strong>gerekir\u2026<\/p>\n<p>Yoksa, su\u00e7 ortakl\u0131klar\u0131 baki\/kal\u0131c\u0131 demek ki\u2026<\/p>\n<h2>B\u0130R AVU\u00c7TUK<\/h2>\n<p><strong>Kendi arkada\u015flar\u0131m\u0131\u00adz\u0131\u00a0<\/strong>bile ikna edemedik!<\/p>\n<p>\u015e\u00f6yle:<\/p>\n<p><strong>Og\u00fcn Samast<\/strong>, Dink cinayetinden 36 saat sonra, 20 Ocak 2007 tarihinde saat 23.00\u2019te Samsun Otob\u00fcs Terminali\u2019nde yakaland\u0131.\u00a0<strong>Samsun Emni\u00adyet M\u00fcd\u00fcrl\u00fc\u011f\u00fc<\/strong>\u2018ne g\u00f6t\u00fc\u00adr\u00fcld\u00fc.\u00a0<strong>17 ya\u015f\u0131ndayd\u0131\u00a0<\/strong>ve \u00e7ocuk \u015fubesine g\u00f6t\u00fcr\u00fclmesi gerekirken\u00a0<strong>ter\u00f6rle m\u00fcca\u00addele \u015fubesi\u00a0<\/strong>\u00e7ay oca\u011f\u0131na g\u00f6t\u00fcr\u00fcld\u00fc\u2026<\/p>\n<p>Eline\u00a0<strong>T\u00fcrk Bayra\u011f\u0131\u00a0<\/strong>ve\u00adrildi, duvarda as\u0131l\u0131 olan\u00a0<strong>Ata\u00adt\u00fcrk\u2019\u00fcn\u00a0<\/strong>\u201cVatan topra\u011f\u0131 kutsald\u0131r. Kaderine terk edi\u00adlemez\u201d s\u00f6z\u00fcn\u00fcn bas\u0131l\u0131 oldu\u011fu bayra\u011f\u0131n \u00f6n\u00fcnde foto\u011fraf ve video \u00e7ekimi yap\u0131ld\u0131. G\u00f6\u00adr\u00fcnt\u00fc alanlar Atat\u00fcrk\u2019\u00fcn s\u00f6zlerinin tam okunmas\u0131 i\u00e7in Samast\u2019\u0131n yerini de\u011fi\u015ftirdi\u2026<\/p>\n<p><strong>Samast\u2019a \u00f6zel ola\u00adrak \u201cDink\u2019i T\u00fcrkl\u00fc\u011fe hakaret etti\u011fi i\u00e7in \u00f6ld\u00fcr\u00add\u00fcm\u201d s\u00f6z\u00fc ettirildi.\u00a0<\/strong><\/p>\n<p>Foto\u011fraf\u0131n \u00e7ekildi\u011fi yerin jandarma karakolu oldu\u011fu yalan\u0131 yaz\u0131ld\u0131.<\/p>\n<p><strong>Bunlar o zaman\u0131n ruhuna uygundu; hedef Ergenekon idi\u2026\u00a0<\/strong><\/p>\n<p><strong>FET\u00d6 savc\u0131s\u0131 Zekeriya \u00d6z d\u00fc\u011fmeye bast\u0131.\u00a0<\/strong><\/p>\n<p>Ah ne ac\u0131\u00a0<strong>T\u00fcrkiye Gaze\u00adteciler Cemiyeti\u00a0<\/strong>bu haberi yapanlara\u00a0<strong>\u201cEn \u0130yi Haber \u00d6d\u00fcl\u00fc\u201d\u00a0<\/strong>verdi!<\/p>\n<p>Bu video ve foto\u011fraf\u0131n bas\u0131na nas\u0131l s\u0131zd\u0131r\u0131ld\u0131\u011f\u0131n\u0131 ay\u00adr\u0131nt\u0131l\u0131 yazd\u0131m. Kimi meslek\u00adta\u015flar\u0131m g\u00f6n\u00fcl koydu\u2026<\/p>\n<p>Hrant Dink cinayetinin izini\u00a0<strong>bir avu\u00e7 bizler\u00a0<\/strong>s\u00fcrd\u00fck. Her engele ra\u011fmen \u0131srarla hakikati yazd\u0131k.<\/p>\n<p><strong>Toplumsal haf\u0131za olu\u00ad\u015fumunu\u00a0<\/strong>ne FET\u00d6 ne de libo\u015f tak\u0131m\u0131na b\u0131rakt\u0131k.<\/p>\n<p>Hakl\u0131 \u00e7\u0131kt\u0131k.<\/p>\n<p>\u015eimdi yeni g\u00f6revimiz,\u00a0<strong>o karanl\u0131k g\u00fcnleri unuttur\u00admamak<\/strong>.<\/p>\n<p><em><strong><a href=\"https:\/\/www.sozcu.com.tr\/2021\/yazarlar\/soner-yalcin\/unutacak-miyiz-bunlari-6342403\/\">https:\/\/www.sozcu.com.tr\/2021\/yazarlar\/soner-yalcin\/unutacak-miyiz-bunlari-6342403\/<\/a>\u00a0<\/strong><\/em><\/p>\n","protected":false},"excerpt":{"rendered":"<p>Soner Yal\u00e7\u0131n Maurice Halbwachs (1887-1945)\u2026 Kolektif haf\u0131za\u00a0kavram\u0131\u00adn\u0131 geli\u015ftiren Frans\u0131z Mark\u00adsist sosyolog. (Paris\u2019te\u00a0Na\u00adziler\u00a0taraf\u0131ndan tutukland\u0131; Buchenwald toplama kam\u00adp\u0131nda \u00f6ld\u00fc.) Psikoloji-sosyoloji alan\u0131n\u00adda \u00e7al\u0131\u015fmalar yapt\u0131, kitaplar yazd\u0131.\u00a0\u201cKolektif Bel\u00adlek\u201d,\u00a0\u201cHaf\u0131zan\u0131n Toplumsal \u00c7er\u00e7eveleri\u201d gibi kitaplar yazd\u0131. \u015eunu dedi:\u00a0 -Sadece\u00a0bireysel ha\u00adf\u0131za\u00a0de\u011fil, ayn\u0131 zaman\u00adda\u00a0grup haf\u0131zas\u0131\u00a0da vard\u0131r\u2026 -Bireyin\u00a0ge\u00e7mi\u015fi\u00a0anlama\u00ads\u0131, bu\u00a0grup bilinciyle\u00a0g\u00fc\u00e7\u00adl\u00fc \u015fekilde ba\u011flant\u0131l\u0131d\u0131r. -Her grubun kendi kolek\u00adtif haf\u0131zas\u0131 vard\u0131r ve kolektif haf\u0131za\u00a0di\u011fer gruplar\u0131n\u00a0ko\u00adlektif haf\u0131zas\u0131n\u0131 etkileme y\u00f6n\u00fcnde [&hellip;]<\/p>\n","protected":false},"author":7,"featured_media":62133,"comment_status":"open","ping_status":"open","sticky":false,"template":"","format":"standard","meta":{"footnotes":""},"categories":[1,70],"tags":[],"class_list":["post-62132","post","type-post","status-publish","format-standard","has-post-thumbnail","hentry","category-haberler","category-makaleler"],"yoast_head":"<!-- This site is optimized with the Yoast SEO plugin v27.4 - https:\/\/yoast.com\/product\/yoast-seo-wordpress\/ -->\n<title>Unutacak m\u0131y\u0131z bunlar\u0131 - Bati Ermenistan Ve Bati Ermenileri Sorunlari Ara\u015ftirmalar Merkezi<\/title>\n<meta name=\"robots\" content=\"index, follow, max-snippet:-1, max-image-preview:large, max-video-preview:-1\" \/>\n<link rel=\"canonical\" href=\"https:\/\/akunq.net\/tr\/?p=62132\" \/>\n<meta property=\"og:locale\" content=\"en_US\" \/>\n<meta property=\"og:type\" content=\"article\" \/>\n<meta property=\"og:title\" content=\"Unutacak m\u0131y\u0131z bunlar\u0131 - Bati Ermenistan Ve Bati Ermenileri Sorunlari Ara\u015ftirmalar Merkezi\" \/>\n<meta property=\"og:description\" content=\"Soner Yal\u00e7\u0131n Maurice Halbwachs (1887-1945)\u2026 Kolektif haf\u0131za\u00a0kavram\u0131\u00adn\u0131 geli\u015ftiren Frans\u0131z Mark\u00adsist sosyolog. (Paris\u2019te\u00a0Na\u00adziler\u00a0taraf\u0131ndan tutukland\u0131; Buchenwald toplama kam\u00adp\u0131nda \u00f6ld\u00fc.) Psikoloji-sosyoloji alan\u0131n\u00adda \u00e7al\u0131\u015fmalar yapt\u0131, kitaplar yazd\u0131.\u00a0\u201cKolektif Bel\u00adlek\u201d,\u00a0\u201cHaf\u0131zan\u0131n Toplumsal \u00c7er\u00e7eveleri\u201d gibi kitaplar yazd\u0131. \u015eunu dedi:\u00a0 -Sadece\u00a0bireysel ha\u00adf\u0131za\u00a0de\u011fil, ayn\u0131 zaman\u00adda\u00a0grup haf\u0131zas\u0131\u00a0da vard\u0131r\u2026 -Bireyin\u00a0ge\u00e7mi\u015fi\u00a0anlama\u00ads\u0131, bu\u00a0grup bilinciyle\u00a0g\u00fc\u00e7\u00adl\u00fc \u015fekilde ba\u011flant\u0131l\u0131d\u0131r. -Her grubun kendi kolek\u00adtif haf\u0131zas\u0131 vard\u0131r ve kolektif haf\u0131za\u00a0di\u011fer gruplar\u0131n\u00a0ko\u00adlektif haf\u0131zas\u0131n\u0131 etkileme y\u00f6n\u00fcnde [&hellip;]\" \/>\n<meta property=\"og:url\" content=\"https:\/\/akunq.net\/tr\/?p=62132\" \/>\n<meta property=\"og:site_name\" content=\"Bati Ermenistan Ve Bati Ermenileri Sorunlari Ara\u015ftirmalar Merkezi\" \/>\n<meta property=\"article:published_time\" content=\"2021-03-30T09:20:19+00:00\" \/>\n<meta property=\"og:image\" content=\"https:\/\/akunq.net\/tr\/wp-content\/uploads\/sites\/6\/2021\/03\/Soner-Yal\u00e7\u0131n.png\" \/>\n\t<meta property=\"og:image:width\" content=\"605\" \/>\n\t<meta property=\"og:image:height\" content=\"572\" \/>\n\t<meta property=\"og:image:type\" content=\"image\/png\" \/>\n<meta name=\"author\" content=\"admin\" \/>\n<meta name=\"twitter:card\" content=\"summary_large_image\" \/>\n<meta name=\"twitter:label1\" content=\"Written by\" \/>\n\t<meta name=\"twitter:data1\" content=\"admin\" \/>\n\t<meta name=\"twitter:label2\" content=\"Est. reading time\" \/>\n\t<meta name=\"twitter:data2\" content=\"5 minutes\" \/>\n<script type=\"application\/ld+json\" class=\"yoast-schema-graph\">{\"@context\":\"https:\\\/\\\/schema.org\",\"@graph\":[{\"@type\":\"Article\",\"@id\":\"https:\\\/\\\/akunq.net\\\/tr\\\/?p=62132#article\",\"isPartOf\":{\"@id\":\"https:\\\/\\\/akunq.net\\\/tr\\\/?p=62132\"},\"author\":{\"name\":\"admin\",\"@id\":\"https:\\\/\\\/akunq.net\\\/tr\\\/#\\\/schema\\\/person\\\/096f1d38a12cce57fb855b485ed24c9e\"},\"headline\":\"Unutacak m\u0131y\u0131z bunlar\u0131\",\"datePublished\":\"2021-03-30T09:20:19+00:00\",\"mainEntityOfPage\":{\"@id\":\"https:\\\/\\\/akunq.net\\\/tr\\\/?p=62132\"},\"wordCount\":905,\"commentCount\":0,\"image\":{\"@id\":\"https:\\\/\\\/akunq.net\\\/tr\\\/?p=62132#primaryimage\"},\"thumbnailUrl\":\"https:\\\/\\\/akunq.net\\\/tr\\\/wp-content\\\/uploads\\\/sites\\\/6\\\/2021\\\/03\\\/Soner-Yal\u00e7\u0131n.png\",\"articleSection\":[\"Haberler\",\"Makaleler\"],\"inLanguage\":\"en-US\",\"potentialAction\":[{\"@type\":\"CommentAction\",\"name\":\"Comment\",\"target\":[\"https:\\\/\\\/akunq.net\\\/tr\\\/?p=62132#respond\"]}]},{\"@type\":\"WebPage\",\"@id\":\"https:\\\/\\\/akunq.net\\\/tr\\\/?p=62132\",\"url\":\"https:\\\/\\\/akunq.net\\\/tr\\\/?p=62132\",\"name\":\"Unutacak m\u0131y\u0131z bunlar\u0131 - Bati Ermenistan Ve Bati Ermenileri Sorunlari Ara\u015ftirmalar Merkezi\",\"isPartOf\":{\"@id\":\"https:\\\/\\\/akunq.net\\\/tr\\\/#website\"},\"primaryImageOfPage\":{\"@id\":\"https:\\\/\\\/akunq.net\\\/tr\\\/?p=62132#primaryimage\"},\"image\":{\"@id\":\"https:\\\/\\\/akunq.net\\\/tr\\\/?p=62132#primaryimage\"},\"thumbnailUrl\":\"https:\\\/\\\/akunq.net\\\/tr\\\/wp-content\\\/uploads\\\/sites\\\/6\\\/2021\\\/03\\\/Soner-Yal\u00e7\u0131n.png\",\"datePublished\":\"2021-03-30T09:20:19+00:00\",\"author\":{\"@id\":\"https:\\\/\\\/akunq.net\\\/tr\\\/#\\\/schema\\\/person\\\/096f1d38a12cce57fb855b485ed24c9e\"},\"breadcrumb\":{\"@id\":\"https:\\\/\\\/akunq.net\\\/tr\\\/?p=62132#breadcrumb\"},\"inLanguage\":\"en-US\",\"potentialAction\":[{\"@type\":\"ReadAction\",\"target\":[\"https:\\\/\\\/akunq.net\\\/tr\\\/?p=62132\"]}]},{\"@type\":\"ImageObject\",\"inLanguage\":\"en-US\",\"@id\":\"https:\\\/\\\/akunq.net\\\/tr\\\/?p=62132#primaryimage\",\"url\":\"https:\\\/\\\/akunq.net\\\/tr\\\/wp-content\\\/uploads\\\/sites\\\/6\\\/2021\\\/03\\\/Soner-Yal\u00e7\u0131n.png\",\"contentUrl\":\"https:\\\/\\\/akunq.net\\\/tr\\\/wp-content\\\/uploads\\\/sites\\\/6\\\/2021\\\/03\\\/Soner-Yal\u00e7\u0131n.png\",\"width\":605,\"height\":572},{\"@type\":\"BreadcrumbList\",\"@id\":\"https:\\\/\\\/akunq.net\\\/tr\\\/?p=62132#breadcrumb\",\"itemListElement\":[{\"@type\":\"ListItem\",\"position\":1,\"name\":\"Home\",\"item\":\"https:\\\/\\\/akunq.net\\\/tr\"},{\"@type\":\"ListItem\",\"position\":2,\"name\":\"Unutacak m\u0131y\u0131z bunlar\u0131\"}]},{\"@type\":\"WebSite\",\"@id\":\"https:\\\/\\\/akunq.net\\\/tr\\\/#website\",\"url\":\"https:\\\/\\\/akunq.net\\\/tr\\\/\",\"name\":\"Bati Ermenistan Ve Bati Ermenileri Sorunlari Ara\u015ftirmalar Merkezi\",\"description\":\"\",\"potentialAction\":[{\"@type\":\"SearchAction\",\"target\":{\"@type\":\"EntryPoint\",\"urlTemplate\":\"https:\\\/\\\/akunq.net\\\/tr\\\/?s={search_term_string}\"},\"query-input\":{\"@type\":\"PropertyValueSpecification\",\"valueRequired\":true,\"valueName\":\"search_term_string\"}}],\"inLanguage\":\"en-US\"},{\"@type\":\"Person\",\"@id\":\"https:\\\/\\\/akunq.net\\\/tr\\\/#\\\/schema\\\/person\\\/096f1d38a12cce57fb855b485ed24c9e\",\"name\":\"admin\",\"url\":\"https:\\\/\\\/akunq.net\\\/tr\\\/?author=7\"}]}<\/script>\n<!-- \/ Yoast SEO plugin. -->","yoast_head_json":{"title":"Unutacak m\u0131y\u0131z bunlar\u0131 - Bati Ermenistan Ve Bati Ermenileri Sorunlari Ara\u015ftirmalar Merkezi","robots":{"index":"index","follow":"follow","max-snippet":"max-snippet:-1","max-image-preview":"max-image-preview:large","max-video-preview":"max-video-preview:-1"},"canonical":"https:\/\/akunq.net\/tr\/?p=62132","og_locale":"en_US","og_type":"article","og_title":"Unutacak m\u0131y\u0131z bunlar\u0131 - Bati Ermenistan Ve Bati Ermenileri Sorunlari Ara\u015ftirmalar Merkezi","og_description":"Soner Yal\u00e7\u0131n Maurice Halbwachs (1887-1945)\u2026 Kolektif haf\u0131za\u00a0kavram\u0131\u00adn\u0131 geli\u015ftiren Frans\u0131z Mark\u00adsist sosyolog. (Paris\u2019te\u00a0Na\u00adziler\u00a0taraf\u0131ndan tutukland\u0131; Buchenwald toplama kam\u00adp\u0131nda \u00f6ld\u00fc.) Psikoloji-sosyoloji alan\u0131n\u00adda \u00e7al\u0131\u015fmalar yapt\u0131, kitaplar yazd\u0131.\u00a0\u201cKolektif Bel\u00adlek\u201d,\u00a0\u201cHaf\u0131zan\u0131n Toplumsal \u00c7er\u00e7eveleri\u201d gibi kitaplar yazd\u0131. \u015eunu dedi:\u00a0 -Sadece\u00a0bireysel ha\u00adf\u0131za\u00a0de\u011fil, ayn\u0131 zaman\u00adda\u00a0grup haf\u0131zas\u0131\u00a0da vard\u0131r\u2026 -Bireyin\u00a0ge\u00e7mi\u015fi\u00a0anlama\u00ads\u0131, bu\u00a0grup bilinciyle\u00a0g\u00fc\u00e7\u00adl\u00fc \u015fekilde ba\u011flant\u0131l\u0131d\u0131r. -Her grubun kendi kolek\u00adtif haf\u0131zas\u0131 vard\u0131r ve kolektif haf\u0131za\u00a0di\u011fer gruplar\u0131n\u00a0ko\u00adlektif haf\u0131zas\u0131n\u0131 etkileme y\u00f6n\u00fcnde [&hellip;]","og_url":"https:\/\/akunq.net\/tr\/?p=62132","og_site_name":"Bati Ermenistan Ve Bati Ermenileri Sorunlari Ara\u015ftirmalar Merkezi","article_published_time":"2021-03-30T09:20:19+00:00","og_image":[{"width":605,"height":572,"url":"https:\/\/akunq.net\/tr\/wp-content\/uploads\/sites\/6\/2021\/03\/Soner-Yal\u00e7\u0131n.png","type":"image\/png"}],"author":"admin","twitter_card":"summary_large_image","twitter_misc":{"Written by":"admin","Est. reading time":"5 minutes"},"schema":{"@context":"https:\/\/schema.org","@graph":[{"@type":"Article","@id":"https:\/\/akunq.net\/tr\/?p=62132#article","isPartOf":{"@id":"https:\/\/akunq.net\/tr\/?p=62132"},"author":{"name":"admin","@id":"https:\/\/akunq.net\/tr\/#\/schema\/person\/096f1d38a12cce57fb855b485ed24c9e"},"headline":"Unutacak m\u0131y\u0131z bunlar\u0131","datePublished":"2021-03-30T09:20:19+00:00","mainEntityOfPage":{"@id":"https:\/\/akunq.net\/tr\/?p=62132"},"wordCount":905,"commentCount":0,"image":{"@id":"https:\/\/akunq.net\/tr\/?p=62132#primaryimage"},"thumbnailUrl":"https:\/\/akunq.net\/tr\/wp-content\/uploads\/sites\/6\/2021\/03\/Soner-Yal\u00e7\u0131n.png","articleSection":["Haberler","Makaleler"],"inLanguage":"en-US","potentialAction":[{"@type":"CommentAction","name":"Comment","target":["https:\/\/akunq.net\/tr\/?p=62132#respond"]}]},{"@type":"WebPage","@id":"https:\/\/akunq.net\/tr\/?p=62132","url":"https:\/\/akunq.net\/tr\/?p=62132","name":"Unutacak m\u0131y\u0131z bunlar\u0131 - Bati Ermenistan Ve Bati Ermenileri Sorunlari Ara\u015ftirmalar Merkezi","isPartOf":{"@id":"https:\/\/akunq.net\/tr\/#website"},"primaryImageOfPage":{"@id":"https:\/\/akunq.net\/tr\/?p=62132#primaryimage"},"image":{"@id":"https:\/\/akunq.net\/tr\/?p=62132#primaryimage"},"thumbnailUrl":"https:\/\/akunq.net\/tr\/wp-content\/uploads\/sites\/6\/2021\/03\/Soner-Yal\u00e7\u0131n.png","datePublished":"2021-03-30T09:20:19+00:00","author":{"@id":"https:\/\/akunq.net\/tr\/#\/schema\/person\/096f1d38a12cce57fb855b485ed24c9e"},"breadcrumb":{"@id":"https:\/\/akunq.net\/tr\/?p=62132#breadcrumb"},"inLanguage":"en-US","potentialAction":[{"@type":"ReadAction","target":["https:\/\/akunq.net\/tr\/?p=62132"]}]},{"@type":"ImageObject","inLanguage":"en-US","@id":"https:\/\/akunq.net\/tr\/?p=62132#primaryimage","url":"https:\/\/akunq.net\/tr\/wp-content\/uploads\/sites\/6\/2021\/03\/Soner-Yal\u00e7\u0131n.png","contentUrl":"https:\/\/akunq.net\/tr\/wp-content\/uploads\/sites\/6\/2021\/03\/Soner-Yal\u00e7\u0131n.png","width":605,"height":572},{"@type":"BreadcrumbList","@id":"https:\/\/akunq.net\/tr\/?p=62132#breadcrumb","itemListElement":[{"@type":"ListItem","position":1,"name":"Home","item":"https:\/\/akunq.net\/tr"},{"@type":"ListItem","position":2,"name":"Unutacak m\u0131y\u0131z bunlar\u0131"}]},{"@type":"WebSite","@id":"https:\/\/akunq.net\/tr\/#website","url":"https:\/\/akunq.net\/tr\/","name":"Bati Ermenistan Ve Bati Ermenileri Sorunlari Ara\u015ftirmalar Merkezi","description":"","potentialAction":[{"@type":"SearchAction","target":{"@type":"EntryPoint","urlTemplate":"https:\/\/akunq.net\/tr\/?s={search_term_string}"},"query-input":{"@type":"PropertyValueSpecification","valueRequired":true,"valueName":"search_term_string"}}],"inLanguage":"en-US"},{"@type":"Person","@id":"https:\/\/akunq.net\/tr\/#\/schema\/person\/096f1d38a12cce57fb855b485ed24c9e","name":"admin","url":"https:\/\/akunq.net\/tr\/?author=7"}]}},"_links":{"self":[{"href":"https:\/\/akunq.net\/tr\/index.php?rest_route=\/wp\/v2\/posts\/62132","targetHints":{"allow":["GET"]}}],"collection":[{"href":"https:\/\/akunq.net\/tr\/index.php?rest_route=\/wp\/v2\/posts"}],"about":[{"href":"https:\/\/akunq.net\/tr\/index.php?rest_route=\/wp\/v2\/types\/post"}],"author":[{"embeddable":true,"href":"https:\/\/akunq.net\/tr\/index.php?rest_route=\/wp\/v2\/users\/7"}],"replies":[{"embeddable":true,"href":"https:\/\/akunq.net\/tr\/index.php?rest_route=%2Fwp%2Fv2%2Fcomments&post=62132"}],"version-history":[{"count":1,"href":"https:\/\/akunq.net\/tr\/index.php?rest_route=\/wp\/v2\/posts\/62132\/revisions"}],"predecessor-version":[{"id":62134,"href":"https:\/\/akunq.net\/tr\/index.php?rest_route=\/wp\/v2\/posts\/62132\/revisions\/62134"}],"wp:featuredmedia":[{"embeddable":true,"href":"https:\/\/akunq.net\/tr\/index.php?rest_route=\/wp\/v2\/media\/62133"}],"wp:attachment":[{"href":"https:\/\/akunq.net\/tr\/index.php?rest_route=%2Fwp%2Fv2%2Fmedia&parent=62132"}],"wp:term":[{"taxonomy":"category","embeddable":true,"href":"https:\/\/akunq.net\/tr\/index.php?rest_route=%2Fwp%2Fv2%2Fcategories&post=62132"},{"taxonomy":"post_tag","embeddable":true,"href":"https:\/\/akunq.net\/tr\/index.php?rest_route=%2Fwp%2Fv2%2Ftags&post=62132"}],"curies":[{"name":"wp","href":"https:\/\/api.w.org\/{rel}","templated":true}]}}