{"id":62129,"date":"2021-03-30T04:09:40","date_gmt":"2021-03-30T09:09:40","guid":{"rendered":"https:\/\/akunq.net\/tr\/?p=62129"},"modified":"2021-03-30T04:09:52","modified_gmt":"2021-03-30T09:09:52","slug":"ermenistan-disisleri-bakanligi-beklentimiz-turkiyenin-ermenistana-karsi-saldirgan-politikasinin-gozden-gecirilmesidir","status":"publish","type":"post","link":"https:\/\/akunq.net\/tr\/?p=62129","title":{"rendered":"Ermenistan D\u0131\u015fi\u015fleri Bakanl\u0131\u011f\u0131: Beklentimiz T\u00fcrkiye\u2019nin Ermenistan\u2019a kar\u015f\u0131 sald\u0131rgan politikas\u0131n\u0131n g\u00f6zden ge\u00e7irilmesidir"},"content":{"rendered":"<p><img loading=\"lazy\" decoding=\"async\" class=\"aligncenter size-medium wp-image-62130\" src=\"https:\/\/akunq.net\/tr\/wp-content\/uploads\/2021\/03\/Ermenistan-D\u0131\u015fi\u015fleri-Bakanl\u0131\u011f\u0131-360x211.jpeg\" alt=\"\" width=\"360\" height=\"211\" srcset=\"https:\/\/akunq.net\/tr\/wp-content\/uploads\/sites\/6\/2021\/03\/Ermenistan-D\u0131\u015fi\u015fleri-Bakanl\u0131\u011f\u0131-360x211.jpeg 360w, https:\/\/akunq.net\/tr\/wp-content\/uploads\/sites\/6\/2021\/03\/Ermenistan-D\u0131\u015fi\u015fleri-Bakanl\u0131\u011f\u0131-560x327.jpeg 560w, https:\/\/akunq.net\/tr\/wp-content\/uploads\/sites\/6\/2021\/03\/Ermenistan-D\u0131\u015fi\u015fleri-Bakanl\u0131\u011f\u0131-260x152.jpeg 260w, https:\/\/akunq.net\/tr\/wp-content\/uploads\/sites\/6\/2021\/03\/Ermenistan-D\u0131\u015fi\u015fleri-Bakanl\u0131\u011f\u0131-160x94.jpeg 160w, https:\/\/akunq.net\/tr\/wp-content\/uploads\/sites\/6\/2021\/03\/Ermenistan-D\u0131\u015fi\u015fleri-Bakanl\u0131\u011f\u0131.jpeg 696w\" sizes=\"auto, (max-width: 360px) 100vw, 360px\" \/><\/p>\n<p><em><strong>Ermenistan D\u0131\u015fi\u015fleri Bakan\u0131 Ara Ayvazyan, Parlamento D\u0131\u015f \u0130li\u015fkiler Daimi Komisyonu oturumunda T\u00fcrkiye ile resmi olarak m\u00fczakereler s\u00fcrd\u00fcrebilmek i\u00e7in hangi format\u0131n uygulanabilece\u011finden bilgisi olmad\u0131\u011f\u0131n\u0131 ifade etti.<\/strong><\/em><\/p>\n<p>Ayvazyan\u2019\u0131n s\u00f6zlerine g\u00f6re Ermenistan defalarca T\u00fcrkiye ile ili\u015fkilerinin normalle\u015fmesine y\u00f6nelik giri\u015fimlerde bulundu, fakat en son Z\u00fcrih giri\u015fimi T\u00fcrkiye kendisi bozdu.<\/p>\n<p>Ermenistan D\u0131\u015fi\u015fleri Bakan\u0131 konuyla ilgili yapt\u0131\u011f\u0131 a\u00e7\u0131klamada \u015fu ifadelere yer verdi:<\/p>\n<p>\u201cBiz d\u00fc\u015fmanlar aram\u0131yoruz, fakat iki tarafl\u0131 ili\u015fkilerde kar\u015f\u0131l\u0131kl\u0131l\u0131k ilkesi \u00e7ok \u00f6nemlidir. Beklentimiz T\u00fcrkiye\u2019nin Ermenistan\u2019a kar\u015f\u0131 sald\u0131rgan politikas\u0131n\u0131n g\u00f6zden ge\u00e7irilmesidir.\u201d<\/p>\n<p><em><strong>https:\/\/www.ermenihaber.am\/tr\/news\/2021\/03\/29\/Ermenistan-D%C4%B1%C5%9Fi%C5%9Fleri-Bakanl%C4%B1%C4%9F%C4%B1-T%C3%BCrkiye\/205144\u00a0<\/strong><\/em><\/p>\n","protected":false},"excerpt":{"rendered":"<p>Ermenistan D\u0131\u015fi\u015fleri Bakan\u0131 Ara Ayvazyan, Parlamento D\u0131\u015f \u0130li\u015fkiler Daimi Komisyonu oturumunda T\u00fcrkiye ile resmi olarak m\u00fczakereler s\u00fcrd\u00fcrebilmek i\u00e7in hangi format\u0131n uygulanabilece\u011finden bilgisi olmad\u0131\u011f\u0131n\u0131 ifade etti. Ayvazyan\u2019\u0131n s\u00f6zlerine g\u00f6re Ermenistan defalarca T\u00fcrkiye ile ili\u015fkilerinin normalle\u015fmesine y\u00f6nelik giri\u015fimlerde bulundu, fakat en son Z\u00fcrih giri\u015fimi T\u00fcrkiye kendisi bozdu. Ermenistan D\u0131\u015fi\u015fleri Bakan\u0131 konuyla ilgili yapt\u0131\u011f\u0131 a\u00e7\u0131klamada \u015fu ifadelere yer [&hellip;]<\/p>\n","protected":false},"author":7,"featured_media":62130,"comment_status":"open","ping_status":"open","sticky":false,"template":"","format":"standard","meta":{"footnotes":""},"categories":[55,1],"tags":[],"class_list":["post-62129","post","type-post","status-publish","format-standard","has-post-thumbnail","hentry","category-ermenistan-turkiye","category-haberler"],"yoast_head":"<!-- This site is optimized with the Yoast SEO plugin v27.4 - https:\/\/yoast.com\/product\/yoast-seo-wordpress\/ -->\n<title>Ermenistan D\u0131\u015fi\u015fleri Bakanl\u0131\u011f\u0131: Beklentimiz T\u00fcrkiye\u2019nin Ermenistan\u2019a kar\u015f\u0131 sald\u0131rgan politikas\u0131n\u0131n g\u00f6zden ge\u00e7irilmesidir - Bati Ermenistan Ve Bati Ermenileri Sorunlari Ara\u015ftirmalar Merkezi<\/title>\n<meta name=\"robots\" content=\"index, follow, max-snippet:-1, max-image-preview:large, max-video-preview:-1\" \/>\n<link rel=\"canonical\" href=\"https:\/\/akunq.net\/tr\/?p=62129\" \/>\n<meta property=\"og:locale\" content=\"en_US\" \/>\n<meta property=\"og:type\" content=\"article\" \/>\n<meta property=\"og:title\" content=\"Ermenistan D\u0131\u015fi\u015fleri Bakanl\u0131\u011f\u0131: Beklentimiz T\u00fcrkiye\u2019nin Ermenistan\u2019a kar\u015f\u0131 sald\u0131rgan politikas\u0131n\u0131n g\u00f6zden ge\u00e7irilmesidir - Bati Ermenistan Ve Bati Ermenileri Sorunlari Ara\u015ftirmalar Merkezi\" \/>\n<meta property=\"og:description\" content=\"Ermenistan D\u0131\u015fi\u015fleri Bakan\u0131 Ara Ayvazyan, Parlamento D\u0131\u015f \u0130li\u015fkiler Daimi Komisyonu oturumunda T\u00fcrkiye ile resmi olarak m\u00fczakereler s\u00fcrd\u00fcrebilmek i\u00e7in hangi format\u0131n uygulanabilece\u011finden bilgisi olmad\u0131\u011f\u0131n\u0131 ifade etti. Ayvazyan\u2019\u0131n s\u00f6zlerine g\u00f6re Ermenistan defalarca T\u00fcrkiye ile ili\u015fkilerinin normalle\u015fmesine y\u00f6nelik giri\u015fimlerde bulundu, fakat en son Z\u00fcrih giri\u015fimi T\u00fcrkiye kendisi bozdu. Ermenistan D\u0131\u015fi\u015fleri Bakan\u0131 konuyla ilgili yapt\u0131\u011f\u0131 a\u00e7\u0131klamada \u015fu ifadelere yer [&hellip;]\" \/>\n<meta property=\"og:url\" content=\"https:\/\/akunq.net\/tr\/?p=62129\" \/>\n<meta property=\"og:site_name\" content=\"Bati Ermenistan Ve Bati Ermenileri Sorunlari Ara\u015ftirmalar Merkezi\" \/>\n<meta property=\"article:published_time\" content=\"2021-03-30T09:09:40+00:00\" \/>\n<meta property=\"article:modified_time\" content=\"2021-03-30T09:09:52+00:00\" \/>\n<meta property=\"og:image\" content=\"https:\/\/akunq.net\/tr\/wp-content\/uploads\/sites\/6\/2021\/03\/Ermenistan-D\u0131\u015fi\u015fleri-Bakanl\u0131\u011f\u0131.jpeg\" \/>\n\t<meta property=\"og:image:width\" content=\"696\" \/>\n\t<meta property=\"og:image:height\" content=\"407\" \/>\n\t<meta property=\"og:image:type\" content=\"image\/jpeg\" \/>\n<meta name=\"author\" content=\"admin\" \/>\n<meta name=\"twitter:card\" content=\"summary_large_image\" \/>\n<meta name=\"twitter:label1\" content=\"Written by\" \/>\n\t<meta name=\"twitter:data1\" content=\"admin\" \/>\n\t<meta name=\"twitter:label2\" content=\"Est. reading time\" \/>\n\t<meta name=\"twitter:data2\" content=\"1 minute\" \/>\n<script type=\"application\/ld+json\" class=\"yoast-schema-graph\">{\"@context\":\"https:\\\/\\\/schema.org\",\"@graph\":[{\"@type\":\"Article\",\"@id\":\"https:\\\/\\\/akunq.net\\\/tr\\\/?p=62129#article\",\"isPartOf\":{\"@id\":\"https:\\\/\\\/akunq.net\\\/tr\\\/?p=62129\"},\"author\":{\"name\":\"admin\",\"@id\":\"https:\\\/\\\/akunq.net\\\/tr\\\/#\\\/schema\\\/person\\\/096f1d38a12cce57fb855b485ed24c9e\"},\"headline\":\"Ermenistan D\u0131\u015fi\u015fleri Bakanl\u0131\u011f\u0131: Beklentimiz T\u00fcrkiye\u2019nin Ermenistan\u2019a kar\u015f\u0131 sald\u0131rgan politikas\u0131n\u0131n g\u00f6zden ge\u00e7irilmesidir\",\"datePublished\":\"2021-03-30T09:09:40+00:00\",\"dateModified\":\"2021-03-30T09:09:52+00:00\",\"mainEntityOfPage\":{\"@id\":\"https:\\\/\\\/akunq.net\\\/tr\\\/?p=62129\"},\"wordCount\":158,\"commentCount\":0,\"image\":{\"@id\":\"https:\\\/\\\/akunq.net\\\/tr\\\/?p=62129#primaryimage\"},\"thumbnailUrl\":\"https:\\\/\\\/akunq.net\\\/tr\\\/wp-content\\\/uploads\\\/sites\\\/6\\\/2021\\\/03\\\/Ermenistan-D\u0131\u015fi\u015fleri-Bakanl\u0131\u011f\u0131.jpeg\",\"articleSection\":[\"Ermenistan-T\u00fcrkiye\",\"Haberler\"],\"inLanguage\":\"en-US\",\"potentialAction\":[{\"@type\":\"CommentAction\",\"name\":\"Comment\",\"target\":[\"https:\\\/\\\/akunq.net\\\/tr\\\/?p=62129#respond\"]}]},{\"@type\":\"WebPage\",\"@id\":\"https:\\\/\\\/akunq.net\\\/tr\\\/?p=62129\",\"url\":\"https:\\\/\\\/akunq.net\\\/tr\\\/?p=62129\",\"name\":\"Ermenistan D\u0131\u015fi\u015fleri Bakanl\u0131\u011f\u0131: Beklentimiz T\u00fcrkiye\u2019nin Ermenistan\u2019a kar\u015f\u0131 sald\u0131rgan politikas\u0131n\u0131n g\u00f6zden ge\u00e7irilmesidir - Bati Ermenistan Ve Bati Ermenileri Sorunlari Ara\u015ftirmalar Merkezi\",\"isPartOf\":{\"@id\":\"https:\\\/\\\/akunq.net\\\/tr\\\/#website\"},\"primaryImageOfPage\":{\"@id\":\"https:\\\/\\\/akunq.net\\\/tr\\\/?p=62129#primaryimage\"},\"image\":{\"@id\":\"https:\\\/\\\/akunq.net\\\/tr\\\/?p=62129#primaryimage\"},\"thumbnailUrl\":\"https:\\\/\\\/akunq.net\\\/tr\\\/wp-content\\\/uploads\\\/sites\\\/6\\\/2021\\\/03\\\/Ermenistan-D\u0131\u015fi\u015fleri-Bakanl\u0131\u011f\u0131.jpeg\",\"datePublished\":\"2021-03-30T09:09:40+00:00\",\"dateModified\":\"2021-03-30T09:09:52+00:00\",\"author\":{\"@id\":\"https:\\\/\\\/akunq.net\\\/tr\\\/#\\\/schema\\\/person\\\/096f1d38a12cce57fb855b485ed24c9e\"},\"breadcrumb\":{\"@id\":\"https:\\\/\\\/akunq.net\\\/tr\\\/?p=62129#breadcrumb\"},\"inLanguage\":\"en-US\",\"potentialAction\":[{\"@type\":\"ReadAction\",\"target\":[\"https:\\\/\\\/akunq.net\\\/tr\\\/?p=62129\"]}]},{\"@type\":\"ImageObject\",\"inLanguage\":\"en-US\",\"@id\":\"https:\\\/\\\/akunq.net\\\/tr\\\/?p=62129#primaryimage\",\"url\":\"https:\\\/\\\/akunq.net\\\/tr\\\/wp-content\\\/uploads\\\/sites\\\/6\\\/2021\\\/03\\\/Ermenistan-D\u0131\u015fi\u015fleri-Bakanl\u0131\u011f\u0131.jpeg\",\"contentUrl\":\"https:\\\/\\\/akunq.net\\\/tr\\\/wp-content\\\/uploads\\\/sites\\\/6\\\/2021\\\/03\\\/Ermenistan-D\u0131\u015fi\u015fleri-Bakanl\u0131\u011f\u0131.jpeg\",\"width\":696,\"height\":407},{\"@type\":\"BreadcrumbList\",\"@id\":\"https:\\\/\\\/akunq.net\\\/tr\\\/?p=62129#breadcrumb\",\"itemListElement\":[{\"@type\":\"ListItem\",\"position\":1,\"name\":\"Home\",\"item\":\"https:\\\/\\\/akunq.net\\\/tr\"},{\"@type\":\"ListItem\",\"position\":2,\"name\":\"Ermenistan D\u0131\u015fi\u015fleri Bakanl\u0131\u011f\u0131: Beklentimiz T\u00fcrkiye\u2019nin Ermenistan\u2019a kar\u015f\u0131 sald\u0131rgan politikas\u0131n\u0131n g\u00f6zden ge\u00e7irilmesidir\"}]},{\"@type\":\"WebSite\",\"@id\":\"https:\\\/\\\/akunq.net\\\/tr\\\/#website\",\"url\":\"https:\\\/\\\/akunq.net\\\/tr\\\/\",\"name\":\"Bati Ermenistan Ve Bati Ermenileri Sorunlari Ara\u015ftirmalar Merkezi\",\"description\":\"\",\"potentialAction\":[{\"@type\":\"SearchAction\",\"target\":{\"@type\":\"EntryPoint\",\"urlTemplate\":\"https:\\\/\\\/akunq.net\\\/tr\\\/?s={search_term_string}\"},\"query-input\":{\"@type\":\"PropertyValueSpecification\",\"valueRequired\":true,\"valueName\":\"search_term_string\"}}],\"inLanguage\":\"en-US\"},{\"@type\":\"Person\",\"@id\":\"https:\\\/\\\/akunq.net\\\/tr\\\/#\\\/schema\\\/person\\\/096f1d38a12cce57fb855b485ed24c9e\",\"name\":\"admin\",\"url\":\"https:\\\/\\\/akunq.net\\\/tr\\\/?author=7\"}]}<\/script>\n<!-- \/ Yoast SEO plugin. -->","yoast_head_json":{"title":"Ermenistan D\u0131\u015fi\u015fleri Bakanl\u0131\u011f\u0131: Beklentimiz T\u00fcrkiye\u2019nin Ermenistan\u2019a kar\u015f\u0131 sald\u0131rgan politikas\u0131n\u0131n g\u00f6zden ge\u00e7irilmesidir - Bati Ermenistan Ve Bati Ermenileri Sorunlari Ara\u015ftirmalar Merkezi","robots":{"index":"index","follow":"follow","max-snippet":"max-snippet:-1","max-image-preview":"max-image-preview:large","max-video-preview":"max-video-preview:-1"},"canonical":"https:\/\/akunq.net\/tr\/?p=62129","og_locale":"en_US","og_type":"article","og_title":"Ermenistan D\u0131\u015fi\u015fleri Bakanl\u0131\u011f\u0131: Beklentimiz T\u00fcrkiye\u2019nin Ermenistan\u2019a kar\u015f\u0131 sald\u0131rgan politikas\u0131n\u0131n g\u00f6zden ge\u00e7irilmesidir - Bati Ermenistan Ve Bati Ermenileri Sorunlari Ara\u015ftirmalar Merkezi","og_description":"Ermenistan D\u0131\u015fi\u015fleri Bakan\u0131 Ara Ayvazyan, Parlamento D\u0131\u015f \u0130li\u015fkiler Daimi Komisyonu oturumunda T\u00fcrkiye ile resmi olarak m\u00fczakereler s\u00fcrd\u00fcrebilmek i\u00e7in hangi format\u0131n uygulanabilece\u011finden bilgisi olmad\u0131\u011f\u0131n\u0131 ifade etti. Ayvazyan\u2019\u0131n s\u00f6zlerine g\u00f6re Ermenistan defalarca T\u00fcrkiye ile ili\u015fkilerinin normalle\u015fmesine y\u00f6nelik giri\u015fimlerde bulundu, fakat en son Z\u00fcrih giri\u015fimi T\u00fcrkiye kendisi bozdu. Ermenistan D\u0131\u015fi\u015fleri Bakan\u0131 konuyla ilgili yapt\u0131\u011f\u0131 a\u00e7\u0131klamada \u015fu ifadelere yer [&hellip;]","og_url":"https:\/\/akunq.net\/tr\/?p=62129","og_site_name":"Bati Ermenistan Ve Bati Ermenileri Sorunlari Ara\u015ftirmalar Merkezi","article_published_time":"2021-03-30T09:09:40+00:00","article_modified_time":"2021-03-30T09:09:52+00:00","og_image":[{"width":696,"height":407,"url":"https:\/\/akunq.net\/tr\/wp-content\/uploads\/sites\/6\/2021\/03\/Ermenistan-D\u0131\u015fi\u015fleri-Bakanl\u0131\u011f\u0131.jpeg","type":"image\/jpeg"}],"author":"admin","twitter_card":"summary_large_image","twitter_misc":{"Written by":"admin","Est. reading time":"1 minute"},"schema":{"@context":"https:\/\/schema.org","@graph":[{"@type":"Article","@id":"https:\/\/akunq.net\/tr\/?p=62129#article","isPartOf":{"@id":"https:\/\/akunq.net\/tr\/?p=62129"},"author":{"name":"admin","@id":"https:\/\/akunq.net\/tr\/#\/schema\/person\/096f1d38a12cce57fb855b485ed24c9e"},"headline":"Ermenistan D\u0131\u015fi\u015fleri Bakanl\u0131\u011f\u0131: Beklentimiz T\u00fcrkiye\u2019nin Ermenistan\u2019a kar\u015f\u0131 sald\u0131rgan politikas\u0131n\u0131n g\u00f6zden ge\u00e7irilmesidir","datePublished":"2021-03-30T09:09:40+00:00","dateModified":"2021-03-30T09:09:52+00:00","mainEntityOfPage":{"@id":"https:\/\/akunq.net\/tr\/?p=62129"},"wordCount":158,"commentCount":0,"image":{"@id":"https:\/\/akunq.net\/tr\/?p=62129#primaryimage"},"thumbnailUrl":"https:\/\/akunq.net\/tr\/wp-content\/uploads\/sites\/6\/2021\/03\/Ermenistan-D\u0131\u015fi\u015fleri-Bakanl\u0131\u011f\u0131.jpeg","articleSection":["Ermenistan-T\u00fcrkiye","Haberler"],"inLanguage":"en-US","potentialAction":[{"@type":"CommentAction","name":"Comment","target":["https:\/\/akunq.net\/tr\/?p=62129#respond"]}]},{"@type":"WebPage","@id":"https:\/\/akunq.net\/tr\/?p=62129","url":"https:\/\/akunq.net\/tr\/?p=62129","name":"Ermenistan D\u0131\u015fi\u015fleri Bakanl\u0131\u011f\u0131: Beklentimiz T\u00fcrkiye\u2019nin Ermenistan\u2019a kar\u015f\u0131 sald\u0131rgan politikas\u0131n\u0131n g\u00f6zden ge\u00e7irilmesidir - Bati Ermenistan Ve Bati Ermenileri Sorunlari Ara\u015ftirmalar Merkezi","isPartOf":{"@id":"https:\/\/akunq.net\/tr\/#website"},"primaryImageOfPage":{"@id":"https:\/\/akunq.net\/tr\/?p=62129#primaryimage"},"image":{"@id":"https:\/\/akunq.net\/tr\/?p=62129#primaryimage"},"thumbnailUrl":"https:\/\/akunq.net\/tr\/wp-content\/uploads\/sites\/6\/2021\/03\/Ermenistan-D\u0131\u015fi\u015fleri-Bakanl\u0131\u011f\u0131.jpeg","datePublished":"2021-03-30T09:09:40+00:00","dateModified":"2021-03-30T09:09:52+00:00","author":{"@id":"https:\/\/akunq.net\/tr\/#\/schema\/person\/096f1d38a12cce57fb855b485ed24c9e"},"breadcrumb":{"@id":"https:\/\/akunq.net\/tr\/?p=62129#breadcrumb"},"inLanguage":"en-US","potentialAction":[{"@type":"ReadAction","target":["https:\/\/akunq.net\/tr\/?p=62129"]}]},{"@type":"ImageObject","inLanguage":"en-US","@id":"https:\/\/akunq.net\/tr\/?p=62129#primaryimage","url":"https:\/\/akunq.net\/tr\/wp-content\/uploads\/sites\/6\/2021\/03\/Ermenistan-D\u0131\u015fi\u015fleri-Bakanl\u0131\u011f\u0131.jpeg","contentUrl":"https:\/\/akunq.net\/tr\/wp-content\/uploads\/sites\/6\/2021\/03\/Ermenistan-D\u0131\u015fi\u015fleri-Bakanl\u0131\u011f\u0131.jpeg","width":696,"height":407},{"@type":"BreadcrumbList","@id":"https:\/\/akunq.net\/tr\/?p=62129#breadcrumb","itemListElement":[{"@type":"ListItem","position":1,"name":"Home","item":"https:\/\/akunq.net\/tr"},{"@type":"ListItem","position":2,"name":"Ermenistan D\u0131\u015fi\u015fleri Bakanl\u0131\u011f\u0131: Beklentimiz T\u00fcrkiye\u2019nin Ermenistan\u2019a kar\u015f\u0131 sald\u0131rgan politikas\u0131n\u0131n g\u00f6zden ge\u00e7irilmesidir"}]},{"@type":"WebSite","@id":"https:\/\/akunq.net\/tr\/#website","url":"https:\/\/akunq.net\/tr\/","name":"Bati Ermenistan Ve Bati Ermenileri Sorunlari Ara\u015ftirmalar Merkezi","description":"","potentialAction":[{"@type":"SearchAction","target":{"@type":"EntryPoint","urlTemplate":"https:\/\/akunq.net\/tr\/?s={search_term_string}"},"query-input":{"@type":"PropertyValueSpecification","valueRequired":true,"valueName":"search_term_string"}}],"inLanguage":"en-US"},{"@type":"Person","@id":"https:\/\/akunq.net\/tr\/#\/schema\/person\/096f1d38a12cce57fb855b485ed24c9e","name":"admin","url":"https:\/\/akunq.net\/tr\/?author=7"}]}},"_links":{"self":[{"href":"https:\/\/akunq.net\/tr\/index.php?rest_route=\/wp\/v2\/posts\/62129","targetHints":{"allow":["GET"]}}],"collection":[{"href":"https:\/\/akunq.net\/tr\/index.php?rest_route=\/wp\/v2\/posts"}],"about":[{"href":"https:\/\/akunq.net\/tr\/index.php?rest_route=\/wp\/v2\/types\/post"}],"author":[{"embeddable":true,"href":"https:\/\/akunq.net\/tr\/index.php?rest_route=\/wp\/v2\/users\/7"}],"replies":[{"embeddable":true,"href":"https:\/\/akunq.net\/tr\/index.php?rest_route=%2Fwp%2Fv2%2Fcomments&post=62129"}],"version-history":[{"count":1,"href":"https:\/\/akunq.net\/tr\/index.php?rest_route=\/wp\/v2\/posts\/62129\/revisions"}],"predecessor-version":[{"id":62131,"href":"https:\/\/akunq.net\/tr\/index.php?rest_route=\/wp\/v2\/posts\/62129\/revisions\/62131"}],"wp:featuredmedia":[{"embeddable":true,"href":"https:\/\/akunq.net\/tr\/index.php?rest_route=\/wp\/v2\/media\/62130"}],"wp:attachment":[{"href":"https:\/\/akunq.net\/tr\/index.php?rest_route=%2Fwp%2Fv2%2Fmedia&parent=62129"}],"wp:term":[{"taxonomy":"category","embeddable":true,"href":"https:\/\/akunq.net\/tr\/index.php?rest_route=%2Fwp%2Fv2%2Fcategories&post=62129"},{"taxonomy":"post_tag","embeddable":true,"href":"https:\/\/akunq.net\/tr\/index.php?rest_route=%2Fwp%2Fv2%2Ftags&post=62129"}],"curies":[{"name":"wp","href":"https:\/\/api.w.org\/{rel}","templated":true}]}}