{"id":62120,"date":"2021-03-30T01:23:14","date_gmt":"2021-03-30T06:23:14","guid":{"rendered":"https:\/\/akunq.net\/tr\/?p=62120"},"modified":"2021-03-30T01:23:14","modified_gmt":"2021-03-30T06:23:14","slug":"ermenistanda-kurt-yazar-kereme-seyad-yasamini-yitirdi","status":"publish","type":"post","link":"https:\/\/akunq.net\/tr\/?p=62120","title":{"rendered":"Ermenistan&#8217;da K\u00fcrt yazar Kerem\u00ea Seyad ya\u015fam\u0131n\u0131 yitirdi"},"content":{"rendered":"<p><img loading=\"lazy\" decoding=\"async\" class=\"aligncenter size-medium wp-image-62121\" src=\"https:\/\/akunq.net\/tr\/wp-content\/uploads\/2021\/03\/Kerem\u00ea-Seyad-360x203.jpg\" alt=\"\" width=\"360\" height=\"203\" srcset=\"https:\/\/akunq.net\/tr\/wp-content\/uploads\/sites\/6\/2021\/03\/Kerem\u00ea-Seyad-360x203.jpg 360w, https:\/\/akunq.net\/tr\/wp-content\/uploads\/sites\/6\/2021\/03\/Kerem\u00ea-Seyad-768x432.jpg 768w, https:\/\/akunq.net\/tr\/wp-content\/uploads\/sites\/6\/2021\/03\/Kerem\u00ea-Seyad-560x315.jpg 560w, https:\/\/akunq.net\/tr\/wp-content\/uploads\/sites\/6\/2021\/03\/Kerem\u00ea-Seyad-260x146.jpg 260w, https:\/\/akunq.net\/tr\/wp-content\/uploads\/sites\/6\/2021\/03\/Kerem\u00ea-Seyad-160x90.jpg 160w, https:\/\/akunq.net\/tr\/wp-content\/uploads\/sites\/6\/2021\/03\/Kerem\u00ea-Seyad.jpg 1200w\" sizes=\"auto, (max-width: 360px) 100vw, 360px\" \/><\/p>\n<p><em><strong>Ermenistan\u2019da ya\u015fayan K\u00fcrt yazar ve ayd\u0131n Kerem\u00ea Seyad 28 Mart&#8217;ta vefat etti. Y\u0131llarca Ermenistan Radyosu K\u00fcrt\u00e7e b\u00f6l\u00fcm\u00fcnde yapt\u0131\u011f\u0131 k\u00fclt\u00fcr programlar\u0131 ile sesini duyuran Seyad, 82 ya\u015f\u0131ndayd\u0131.<\/strong><\/em><\/p>\n<p>1938 y\u0131l\u0131nda Ermenistan\u2019\u0131n Talin kasabas\u0131na ba\u011fl\u0131 Hako k\u00f6y\u00fcnde do\u011fan Seyad, \u00fcniversite e\u011fitimini Yerevan\u2019da tamamlad\u0131. 1960 y\u0131l\u0131nda &#8216;Radyoya Kurdiya Erivan\u2019da \u00e7al\u0131\u015fmaya ba\u015flayan Seyad, daha sonra Radyo Direkt\u00f6rl\u00fc\u011f\u00fc g\u00f6revini \u00fcstlendi.<\/p>\n<p>Ermenistan\u2019da Yerevan Radyosu\u2019nda 60 y\u0131l boyunca K\u00fcrt dili ve k\u00fclt\u00fcr\u00fcne emek veren Kerem\u00ea Seyad, 30 Mart&#8217;ta do\u011fdu\u011fu Hako k\u00f6y\u00fcnde topra\u011fa verilecek.<\/p>\n<p><em><strong>https:\/\/www.ermenihaber.am\/tr\/news\/2021\/03\/29\/Ermenistan-K%C3%BCrt-Seyad\/205099\u00a0<\/strong><\/em><\/p>\n","protected":false},"excerpt":{"rendered":"<p>Ermenistan\u2019da ya\u015fayan K\u00fcrt yazar ve ayd\u0131n Kerem\u00ea Seyad 28 Mart&#8217;ta vefat etti. Y\u0131llarca Ermenistan Radyosu K\u00fcrt\u00e7e b\u00f6l\u00fcm\u00fcnde yapt\u0131\u011f\u0131 k\u00fclt\u00fcr programlar\u0131 ile sesini duyuran Seyad, 82 ya\u015f\u0131ndayd\u0131. 1938 y\u0131l\u0131nda Ermenistan\u2019\u0131n Talin kasabas\u0131na ba\u011fl\u0131 Hako k\u00f6y\u00fcnde do\u011fan Seyad, \u00fcniversite e\u011fitimini Yerevan\u2019da tamamlad\u0131. 1960 y\u0131l\u0131nda &#8216;Radyoya Kurdiya Erivan\u2019da \u00e7al\u0131\u015fmaya ba\u015flayan Seyad, daha sonra Radyo Direkt\u00f6rl\u00fc\u011f\u00fc g\u00f6revini \u00fcstlendi. Ermenistan\u2019da [&hellip;]<\/p>\n","protected":false},"author":7,"featured_media":62121,"comment_status":"open","ping_status":"open","sticky":false,"template":"","format":"standard","meta":{"footnotes":""},"categories":[1],"tags":[],"class_list":["post-62120","post","type-post","status-publish","format-standard","has-post-thumbnail","hentry","category-haberler"],"yoast_head":"<!-- This site is optimized with the Yoast SEO plugin v27.4 - https:\/\/yoast.com\/product\/yoast-seo-wordpress\/ -->\n<title>Ermenistan&#039;da K\u00fcrt yazar Kerem\u00ea Seyad ya\u015fam\u0131n\u0131 yitirdi - Bati Ermenistan Ve Bati Ermenileri Sorunlari Ara\u015ftirmalar Merkezi<\/title>\n<meta name=\"robots\" content=\"index, follow, max-snippet:-1, max-image-preview:large, max-video-preview:-1\" \/>\n<link rel=\"canonical\" href=\"https:\/\/akunq.net\/tr\/?p=62120\" \/>\n<meta property=\"og:locale\" content=\"en_US\" \/>\n<meta property=\"og:type\" content=\"article\" \/>\n<meta property=\"og:title\" content=\"Ermenistan&#039;da K\u00fcrt yazar Kerem\u00ea Seyad ya\u015fam\u0131n\u0131 yitirdi - Bati Ermenistan Ve Bati Ermenileri Sorunlari Ara\u015ftirmalar Merkezi\" \/>\n<meta property=\"og:description\" content=\"Ermenistan\u2019da ya\u015fayan K\u00fcrt yazar ve ayd\u0131n Kerem\u00ea Seyad 28 Mart&#8217;ta vefat etti. Y\u0131llarca Ermenistan Radyosu K\u00fcrt\u00e7e b\u00f6l\u00fcm\u00fcnde yapt\u0131\u011f\u0131 k\u00fclt\u00fcr programlar\u0131 ile sesini duyuran Seyad, 82 ya\u015f\u0131ndayd\u0131. 1938 y\u0131l\u0131nda Ermenistan\u2019\u0131n Talin kasabas\u0131na ba\u011fl\u0131 Hako k\u00f6y\u00fcnde do\u011fan Seyad, \u00fcniversite e\u011fitimini Yerevan\u2019da tamamlad\u0131. 1960 y\u0131l\u0131nda &#8216;Radyoya Kurdiya Erivan\u2019da \u00e7al\u0131\u015fmaya ba\u015flayan Seyad, daha sonra Radyo Direkt\u00f6rl\u00fc\u011f\u00fc g\u00f6revini \u00fcstlendi. Ermenistan\u2019da [&hellip;]\" \/>\n<meta property=\"og:url\" content=\"https:\/\/akunq.net\/tr\/?p=62120\" \/>\n<meta property=\"og:site_name\" content=\"Bati Ermenistan Ve Bati Ermenileri Sorunlari Ara\u015ftirmalar Merkezi\" \/>\n<meta property=\"article:published_time\" content=\"2021-03-30T06:23:14+00:00\" \/>\n<meta property=\"og:image\" content=\"https:\/\/akunq.net\/tr\/wp-content\/uploads\/sites\/6\/2021\/03\/Kerem\u00ea-Seyad.jpg\" \/>\n\t<meta property=\"og:image:width\" content=\"1200\" \/>\n\t<meta property=\"og:image:height\" content=\"675\" \/>\n\t<meta property=\"og:image:type\" content=\"image\/jpeg\" \/>\n<meta name=\"author\" content=\"admin\" \/>\n<meta name=\"twitter:card\" content=\"summary_large_image\" \/>\n<meta name=\"twitter:label1\" content=\"Written by\" \/>\n\t<meta name=\"twitter:data1\" content=\"admin\" \/>\n\t<meta name=\"twitter:label2\" content=\"Est. reading time\" \/>\n\t<meta name=\"twitter:data2\" content=\"1 minute\" \/>\n<script type=\"application\/ld+json\" class=\"yoast-schema-graph\">{\"@context\":\"https:\\\/\\\/schema.org\",\"@graph\":[{\"@type\":\"Article\",\"@id\":\"https:\\\/\\\/akunq.net\\\/tr\\\/?p=62120#article\",\"isPartOf\":{\"@id\":\"https:\\\/\\\/akunq.net\\\/tr\\\/?p=62120\"},\"author\":{\"name\":\"admin\",\"@id\":\"https:\\\/\\\/akunq.net\\\/tr\\\/#\\\/schema\\\/person\\\/096f1d38a12cce57fb855b485ed24c9e\"},\"headline\":\"Ermenistan&#8217;da K\u00fcrt yazar Kerem\u00ea Seyad ya\u015fam\u0131n\u0131 yitirdi\",\"datePublished\":\"2021-03-30T06:23:14+00:00\",\"mainEntityOfPage\":{\"@id\":\"https:\\\/\\\/akunq.net\\\/tr\\\/?p=62120\"},\"wordCount\":130,\"commentCount\":0,\"image\":{\"@id\":\"https:\\\/\\\/akunq.net\\\/tr\\\/?p=62120#primaryimage\"},\"thumbnailUrl\":\"https:\\\/\\\/akunq.net\\\/tr\\\/wp-content\\\/uploads\\\/sites\\\/6\\\/2021\\\/03\\\/Kerem\u00ea-Seyad.jpg\",\"articleSection\":[\"Haberler\"],\"inLanguage\":\"en-US\",\"potentialAction\":[{\"@type\":\"CommentAction\",\"name\":\"Comment\",\"target\":[\"https:\\\/\\\/akunq.net\\\/tr\\\/?p=62120#respond\"]}]},{\"@type\":\"WebPage\",\"@id\":\"https:\\\/\\\/akunq.net\\\/tr\\\/?p=62120\",\"url\":\"https:\\\/\\\/akunq.net\\\/tr\\\/?p=62120\",\"name\":\"Ermenistan'da K\u00fcrt yazar Kerem\u00ea Seyad ya\u015fam\u0131n\u0131 yitirdi - Bati Ermenistan Ve Bati Ermenileri Sorunlari Ara\u015ftirmalar Merkezi\",\"isPartOf\":{\"@id\":\"https:\\\/\\\/akunq.net\\\/tr\\\/#website\"},\"primaryImageOfPage\":{\"@id\":\"https:\\\/\\\/akunq.net\\\/tr\\\/?p=62120#primaryimage\"},\"image\":{\"@id\":\"https:\\\/\\\/akunq.net\\\/tr\\\/?p=62120#primaryimage\"},\"thumbnailUrl\":\"https:\\\/\\\/akunq.net\\\/tr\\\/wp-content\\\/uploads\\\/sites\\\/6\\\/2021\\\/03\\\/Kerem\u00ea-Seyad.jpg\",\"datePublished\":\"2021-03-30T06:23:14+00:00\",\"author\":{\"@id\":\"https:\\\/\\\/akunq.net\\\/tr\\\/#\\\/schema\\\/person\\\/096f1d38a12cce57fb855b485ed24c9e\"},\"breadcrumb\":{\"@id\":\"https:\\\/\\\/akunq.net\\\/tr\\\/?p=62120#breadcrumb\"},\"inLanguage\":\"en-US\",\"potentialAction\":[{\"@type\":\"ReadAction\",\"target\":[\"https:\\\/\\\/akunq.net\\\/tr\\\/?p=62120\"]}]},{\"@type\":\"ImageObject\",\"inLanguage\":\"en-US\",\"@id\":\"https:\\\/\\\/akunq.net\\\/tr\\\/?p=62120#primaryimage\",\"url\":\"https:\\\/\\\/akunq.net\\\/tr\\\/wp-content\\\/uploads\\\/sites\\\/6\\\/2021\\\/03\\\/Kerem\u00ea-Seyad.jpg\",\"contentUrl\":\"https:\\\/\\\/akunq.net\\\/tr\\\/wp-content\\\/uploads\\\/sites\\\/6\\\/2021\\\/03\\\/Kerem\u00ea-Seyad.jpg\",\"width\":1200,\"height\":675},{\"@type\":\"BreadcrumbList\",\"@id\":\"https:\\\/\\\/akunq.net\\\/tr\\\/?p=62120#breadcrumb\",\"itemListElement\":[{\"@type\":\"ListItem\",\"position\":1,\"name\":\"Home\",\"item\":\"https:\\\/\\\/akunq.net\\\/tr\"},{\"@type\":\"ListItem\",\"position\":2,\"name\":\"Ermenistan&#8217;da K\u00fcrt yazar Kerem\u00ea Seyad ya\u015fam\u0131n\u0131 yitirdi\"}]},{\"@type\":\"WebSite\",\"@id\":\"https:\\\/\\\/akunq.net\\\/tr\\\/#website\",\"url\":\"https:\\\/\\\/akunq.net\\\/tr\\\/\",\"name\":\"Bati Ermenistan Ve Bati Ermenileri Sorunlari Ara\u015ftirmalar Merkezi\",\"description\":\"\",\"potentialAction\":[{\"@type\":\"SearchAction\",\"target\":{\"@type\":\"EntryPoint\",\"urlTemplate\":\"https:\\\/\\\/akunq.net\\\/tr\\\/?s={search_term_string}\"},\"query-input\":{\"@type\":\"PropertyValueSpecification\",\"valueRequired\":true,\"valueName\":\"search_term_string\"}}],\"inLanguage\":\"en-US\"},{\"@type\":\"Person\",\"@id\":\"https:\\\/\\\/akunq.net\\\/tr\\\/#\\\/schema\\\/person\\\/096f1d38a12cce57fb855b485ed24c9e\",\"name\":\"admin\",\"url\":\"https:\\\/\\\/akunq.net\\\/tr\\\/?author=7\"}]}<\/script>\n<!-- \/ Yoast SEO plugin. -->","yoast_head_json":{"title":"Ermenistan'da K\u00fcrt yazar Kerem\u00ea Seyad ya\u015fam\u0131n\u0131 yitirdi - Bati Ermenistan Ve Bati Ermenileri Sorunlari Ara\u015ftirmalar Merkezi","robots":{"index":"index","follow":"follow","max-snippet":"max-snippet:-1","max-image-preview":"max-image-preview:large","max-video-preview":"max-video-preview:-1"},"canonical":"https:\/\/akunq.net\/tr\/?p=62120","og_locale":"en_US","og_type":"article","og_title":"Ermenistan'da K\u00fcrt yazar Kerem\u00ea Seyad ya\u015fam\u0131n\u0131 yitirdi - Bati Ermenistan Ve Bati Ermenileri Sorunlari Ara\u015ftirmalar Merkezi","og_description":"Ermenistan\u2019da ya\u015fayan K\u00fcrt yazar ve ayd\u0131n Kerem\u00ea Seyad 28 Mart&#8217;ta vefat etti. Y\u0131llarca Ermenistan Radyosu K\u00fcrt\u00e7e b\u00f6l\u00fcm\u00fcnde yapt\u0131\u011f\u0131 k\u00fclt\u00fcr programlar\u0131 ile sesini duyuran Seyad, 82 ya\u015f\u0131ndayd\u0131. 1938 y\u0131l\u0131nda Ermenistan\u2019\u0131n Talin kasabas\u0131na ba\u011fl\u0131 Hako k\u00f6y\u00fcnde do\u011fan Seyad, \u00fcniversite e\u011fitimini Yerevan\u2019da tamamlad\u0131. 1960 y\u0131l\u0131nda &#8216;Radyoya Kurdiya Erivan\u2019da \u00e7al\u0131\u015fmaya ba\u015flayan Seyad, daha sonra Radyo Direkt\u00f6rl\u00fc\u011f\u00fc g\u00f6revini \u00fcstlendi. Ermenistan\u2019da [&hellip;]","og_url":"https:\/\/akunq.net\/tr\/?p=62120","og_site_name":"Bati Ermenistan Ve Bati Ermenileri Sorunlari Ara\u015ftirmalar Merkezi","article_published_time":"2021-03-30T06:23:14+00:00","og_image":[{"width":1200,"height":675,"url":"https:\/\/akunq.net\/tr\/wp-content\/uploads\/sites\/6\/2021\/03\/Kerem\u00ea-Seyad.jpg","type":"image\/jpeg"}],"author":"admin","twitter_card":"summary_large_image","twitter_misc":{"Written by":"admin","Est. reading time":"1 minute"},"schema":{"@context":"https:\/\/schema.org","@graph":[{"@type":"Article","@id":"https:\/\/akunq.net\/tr\/?p=62120#article","isPartOf":{"@id":"https:\/\/akunq.net\/tr\/?p=62120"},"author":{"name":"admin","@id":"https:\/\/akunq.net\/tr\/#\/schema\/person\/096f1d38a12cce57fb855b485ed24c9e"},"headline":"Ermenistan&#8217;da K\u00fcrt yazar Kerem\u00ea Seyad ya\u015fam\u0131n\u0131 yitirdi","datePublished":"2021-03-30T06:23:14+00:00","mainEntityOfPage":{"@id":"https:\/\/akunq.net\/tr\/?p=62120"},"wordCount":130,"commentCount":0,"image":{"@id":"https:\/\/akunq.net\/tr\/?p=62120#primaryimage"},"thumbnailUrl":"https:\/\/akunq.net\/tr\/wp-content\/uploads\/sites\/6\/2021\/03\/Kerem\u00ea-Seyad.jpg","articleSection":["Haberler"],"inLanguage":"en-US","potentialAction":[{"@type":"CommentAction","name":"Comment","target":["https:\/\/akunq.net\/tr\/?p=62120#respond"]}]},{"@type":"WebPage","@id":"https:\/\/akunq.net\/tr\/?p=62120","url":"https:\/\/akunq.net\/tr\/?p=62120","name":"Ermenistan'da K\u00fcrt yazar Kerem\u00ea Seyad ya\u015fam\u0131n\u0131 yitirdi - Bati Ermenistan Ve Bati Ermenileri Sorunlari Ara\u015ftirmalar Merkezi","isPartOf":{"@id":"https:\/\/akunq.net\/tr\/#website"},"primaryImageOfPage":{"@id":"https:\/\/akunq.net\/tr\/?p=62120#primaryimage"},"image":{"@id":"https:\/\/akunq.net\/tr\/?p=62120#primaryimage"},"thumbnailUrl":"https:\/\/akunq.net\/tr\/wp-content\/uploads\/sites\/6\/2021\/03\/Kerem\u00ea-Seyad.jpg","datePublished":"2021-03-30T06:23:14+00:00","author":{"@id":"https:\/\/akunq.net\/tr\/#\/schema\/person\/096f1d38a12cce57fb855b485ed24c9e"},"breadcrumb":{"@id":"https:\/\/akunq.net\/tr\/?p=62120#breadcrumb"},"inLanguage":"en-US","potentialAction":[{"@type":"ReadAction","target":["https:\/\/akunq.net\/tr\/?p=62120"]}]},{"@type":"ImageObject","inLanguage":"en-US","@id":"https:\/\/akunq.net\/tr\/?p=62120#primaryimage","url":"https:\/\/akunq.net\/tr\/wp-content\/uploads\/sites\/6\/2021\/03\/Kerem\u00ea-Seyad.jpg","contentUrl":"https:\/\/akunq.net\/tr\/wp-content\/uploads\/sites\/6\/2021\/03\/Kerem\u00ea-Seyad.jpg","width":1200,"height":675},{"@type":"BreadcrumbList","@id":"https:\/\/akunq.net\/tr\/?p=62120#breadcrumb","itemListElement":[{"@type":"ListItem","position":1,"name":"Home","item":"https:\/\/akunq.net\/tr"},{"@type":"ListItem","position":2,"name":"Ermenistan&#8217;da K\u00fcrt yazar Kerem\u00ea Seyad ya\u015fam\u0131n\u0131 yitirdi"}]},{"@type":"WebSite","@id":"https:\/\/akunq.net\/tr\/#website","url":"https:\/\/akunq.net\/tr\/","name":"Bati Ermenistan Ve Bati Ermenileri Sorunlari Ara\u015ftirmalar Merkezi","description":"","potentialAction":[{"@type":"SearchAction","target":{"@type":"EntryPoint","urlTemplate":"https:\/\/akunq.net\/tr\/?s={search_term_string}"},"query-input":{"@type":"PropertyValueSpecification","valueRequired":true,"valueName":"search_term_string"}}],"inLanguage":"en-US"},{"@type":"Person","@id":"https:\/\/akunq.net\/tr\/#\/schema\/person\/096f1d38a12cce57fb855b485ed24c9e","name":"admin","url":"https:\/\/akunq.net\/tr\/?author=7"}]}},"_links":{"self":[{"href":"https:\/\/akunq.net\/tr\/index.php?rest_route=\/wp\/v2\/posts\/62120","targetHints":{"allow":["GET"]}}],"collection":[{"href":"https:\/\/akunq.net\/tr\/index.php?rest_route=\/wp\/v2\/posts"}],"about":[{"href":"https:\/\/akunq.net\/tr\/index.php?rest_route=\/wp\/v2\/types\/post"}],"author":[{"embeddable":true,"href":"https:\/\/akunq.net\/tr\/index.php?rest_route=\/wp\/v2\/users\/7"}],"replies":[{"embeddable":true,"href":"https:\/\/akunq.net\/tr\/index.php?rest_route=%2Fwp%2Fv2%2Fcomments&post=62120"}],"version-history":[{"count":1,"href":"https:\/\/akunq.net\/tr\/index.php?rest_route=\/wp\/v2\/posts\/62120\/revisions"}],"predecessor-version":[{"id":62122,"href":"https:\/\/akunq.net\/tr\/index.php?rest_route=\/wp\/v2\/posts\/62120\/revisions\/62122"}],"wp:featuredmedia":[{"embeddable":true,"href":"https:\/\/akunq.net\/tr\/index.php?rest_route=\/wp\/v2\/media\/62121"}],"wp:attachment":[{"href":"https:\/\/akunq.net\/tr\/index.php?rest_route=%2Fwp%2Fv2%2Fmedia&parent=62120"}],"wp:term":[{"taxonomy":"category","embeddable":true,"href":"https:\/\/akunq.net\/tr\/index.php?rest_route=%2Fwp%2Fv2%2Fcategories&post=62120"},{"taxonomy":"post_tag","embeddable":true,"href":"https:\/\/akunq.net\/tr\/index.php?rest_route=%2Fwp%2Fv2%2Ftags&post=62120"}],"curies":[{"name":"wp","href":"https:\/\/api.w.org\/{rel}","templated":true}]}}