{"id":62114,"date":"2021-03-29T04:35:48","date_gmt":"2021-03-29T09:35:48","guid":{"rendered":"https:\/\/akunq.net\/tr\/?p=62114"},"modified":"2021-03-29T04:35:48","modified_gmt":"2021-03-29T09:35:48","slug":"dink-ailesi-avukatlari-karar-hatalar-iceriyor-itiraz-edecegiz","status":"publish","type":"post","link":"https:\/\/akunq.net\/tr\/?p=62114","title":{"rendered":"Dink Ailesi avukatlar\u0131: Karar hatalar i\u00e7eriyor, itiraz edece\u011fiz"},"content":{"rendered":"<p><img loading=\"lazy\" decoding=\"async\" class=\"aligncenter size-medium wp-image-62115\" src=\"https:\/\/akunq.net\/tr\/wp-content\/uploads\/2021\/03\/Dink-360x202.jpeg\" alt=\"\" width=\"360\" height=\"202\" srcset=\"https:\/\/akunq.net\/tr\/wp-content\/uploads\/sites\/6\/2021\/03\/Dink-360x202.jpeg 360w, https:\/\/akunq.net\/tr\/wp-content\/uploads\/sites\/6\/2021\/03\/Dink-560x315.jpeg 560w, https:\/\/akunq.net\/tr\/wp-content\/uploads\/sites\/6\/2021\/03\/Dink-260x146.jpeg 260w, https:\/\/akunq.net\/tr\/wp-content\/uploads\/sites\/6\/2021\/03\/Dink-160x90.jpeg 160w, https:\/\/akunq.net\/tr\/wp-content\/uploads\/sites\/6\/2021\/03\/Dink.jpeg 690w\" sizes=\"auto, (max-width: 360px) 100vw, 360px\" \/><\/p>\n<p><em><strong>Kamu g\u00f6revilerinin yarg\u0131land\u0131\u011f\u0131 Hrant Dink Cinayeti Davas\u0131&#8217;nda karar a\u00e7\u0131kland\u0131. Karardan sonra \u00c7a\u011flayan Adliyesi \u00f6n\u00fcnde bir a\u00e7\u0131klama Dink Ailesi avukatlar\u0131 karara itiraz edeceklerini belirtirken, Hrant&#8217;\u0131n Arkada\u015flar\u0131 \u0130nisiyatifi de, &#8220;Karanl\u0131k perde kalkmad\u0131. adalet m\u00fccadelemizi s\u00fcrd\u00fcrece\u011fiz&#8221; dedi.<\/strong><\/em><\/p>\n<p>Kamu g\u00f6revlilerinin yarg\u0131land\u0131\u011f\u0131 Hrant Dink Cinayeti Davas\u0131&#8217;nda karar\u00a0<a href=\"http:\/\/www.agos.com.tr\/tr\/yazi\/25504\/dink-cinayeti-davasi-karar-aciklandi\">a\u00e7\u0131kland\u0131<\/a>. Karar\u0131n ard\u0131ndan Dink Ailesi avukatlar\u0131ndan Hakan Bak\u0131rc\u0131o\u011flu \u00c7a\u011flayan Adliyesi \u00f6n\u00fcnde bir a\u00e7\u0131klama yapt\u0131. Bak\u0131rc\u0131o\u011flu \u015funlar\u0131 s\u00f6yledi:<\/p>\n<p>&#8220;\u0130stanbul Cumhuriyet Ba\u015fsavc\u0131l\u0131\u011f\u0131 taraf\u0131ndan bu cinayete i\u015ftirak eden, bu cinayette sorumlulu\u011fu olan devlet g\u00f6revlilerinin \u00f6nemli bir k\u0131sm\u0131 hakk\u0131nda iddianame d\u00fczenlenmemi\u015fti. Ve soru\u015fturmada esas olarak da cinayet karar\u0131n\u0131 kimlerin verdi\u011fi, hangi s\u00fcre\u00e7lerden ge\u00e7irilerek bu cinayetin ger\u00e7ekle\u015ftirildi\u011fi somut olarak a\u00e7\u0131\u011fa \u00e7\u0131kart\u0131lamam\u0131\u015ft\u0131.<\/p>\n<p>S\u0131n\u0131rlar\u0131 ve kapsamlar\u0131 belirlenmi\u015f olan bu davada bug\u00fcn verilen karar \u00f6nemli \u00f6l\u00e7\u00fcde ciddi hatalar i\u00e7eren bir karard\u0131r. 2012 y\u0131l\u0131nda da o d\u00f6nemde de 14&#8217;\u00fcnc\u00fc A\u011f\u0131r Ceza Mahkemesi taraf\u0131ndan verilen bir karar olmu\u015ftu. Ve bu karar Yarg\u0131tay taraf\u0131ndan 2013 y\u0131l\u0131nda bozulmu\u015ftu. Bug\u00fcn verilen kararda Hrant Dink cinayetini b\u00fct\u00fcn y\u00f6nleriyle a\u00e7\u0131\u011fa \u00e7\u0131karmayan ve sorumlular hakk\u0131nda h\u00fck\u00fcm kurmayan bir karard\u0131r.<\/p>\n<p>Elbette ki biz bu karar\u0131n m\u00fcdahil taraf\u0131 olarak bu karara itiraz edece\u011fiz. \u0130stinaf Mahkemesi&#8217;ne Yarg\u0131tay&#8217;a ta\u015f\u0131yaca\u011f\u0131z. Ve bu karar\u0131n bozulmas\u0131, yarg\u0131lanman\u0131n hakk\u0131yla yap\u0131lmas\u0131 i\u00e7in sonuna de\u011fin bu s\u00fcreci zorlayaca\u011f\u0131z. Bu karar hatal\u0131 bir karard\u0131r. Bu karar cinayette sorumlulu\u011fu olan ve delilleri a\u00e7\u0131\u011fa \u00e7\u0131km\u0131\u015f olan bir\u00e7ok ki\u015finin hatal\u0131 bir \u015fekilde beraatiyle sonu\u00e7lanm\u0131\u015f bir karard\u0131r.&#8221;<\/p>\n<p>Hrant&#8217;\u0131n Arkada\u015flar\u0131 ad\u0131na konu\u015fan B\u00fclent Ayd\u0131n ise, &#8220;Biz 14 y\u0131ld\u0131r izledi\u011fimiz bu dava ve karar\u0131 ile ilgili bu cinayetin \u00fcst\u00fcndeki karanl\u0131k perdeyi kald\u0131rmad\u0131\u011f\u0131n\u0131 bir kez daha s\u00f6ylemek istiyoruz. \u0130lk g\u00fcnden beri bu cinayette pay\u0131 ve parma\u011f\u0131 olan herkesin mahkeme kar\u015f\u0131s\u0131na \u00e7\u0131kar\u0131l\u0131p cezaland\u0131r\u0131lana kadar adalet m\u00fccadelesini s\u00fcrd\u00fcrece\u011fiz. Biz bitti demeden bu dava bitmez&#8221; dedi.<\/p>\n<p>S\u0131n\u0131r Tan\u0131mayan Gazeteciler( RSF) Temsilcisi Erol \u00d6ndero\u011flu ise, &#8220;Bug\u00fcnk\u00fc karar bize devlet i\u00e7inde bu cinayette rol alan baz\u0131 ki\u015filerin dahil edilmedi\u011fi ve siyasi hesaplar\u0131 kar\u015f\u0131lama i\u00e7in manip\u00fcle edildi&#8221; diye konu\u015ftu.<\/p>\n<p>Dink Ailesi avukatlar\u0131 karar \u00f6ncesi mahkemeye sunduklar\u0131 esas hakk\u0131ndaki beyanda \u015fu noktalara dikkat \u00e7ekmi\u015fti:\u00a0<a href=\"http:\/\/www.agos.com.tr\/tr\/yazi\/25308\/istanbul-ve-trabzon-emniyeti-cinayeti-onlemedi\">\u201c\u0130stanbul ve Trabzon Emniyeti cinayeti \u00f6nlemedi\u201d<\/a><\/p>\n<p><em><strong>http:\/\/www.agos.com.tr\/tr\/yazi\/25505\/dink-ailesi-avukatlari-karar-hatalar-iceriyor-itiraz-edecegiz<\/strong><\/em><\/p>\n","protected":false},"excerpt":{"rendered":"<p>Kamu g\u00f6revilerinin yarg\u0131land\u0131\u011f\u0131 Hrant Dink Cinayeti Davas\u0131&#8217;nda karar a\u00e7\u0131kland\u0131. Karardan sonra \u00c7a\u011flayan Adliyesi \u00f6n\u00fcnde bir a\u00e7\u0131klama Dink Ailesi avukatlar\u0131 karara itiraz edeceklerini belirtirken, Hrant&#8217;\u0131n Arkada\u015flar\u0131 \u0130nisiyatifi de, &#8220;Karanl\u0131k perde kalkmad\u0131. adalet m\u00fccadelemizi s\u00fcrd\u00fcrece\u011fiz&#8221; dedi. Kamu g\u00f6revlilerinin yarg\u0131land\u0131\u011f\u0131 Hrant Dink Cinayeti Davas\u0131&#8217;nda karar\u00a0a\u00e7\u0131kland\u0131. Karar\u0131n ard\u0131ndan Dink Ailesi avukatlar\u0131ndan Hakan Bak\u0131rc\u0131o\u011flu \u00c7a\u011flayan Adliyesi \u00f6n\u00fcnde bir a\u00e7\u0131klama yapt\u0131. [&hellip;]<\/p>\n","protected":false},"author":7,"featured_media":62115,"comment_status":"open","ping_status":"open","sticky":false,"template":"","format":"standard","meta":{"footnotes":""},"categories":[1],"tags":[],"class_list":["post-62114","post","type-post","status-publish","format-standard","has-post-thumbnail","hentry","category-haberler"],"yoast_head":"<!-- This site is optimized with the Yoast SEO plugin v27.4 - https:\/\/yoast.com\/product\/yoast-seo-wordpress\/ -->\n<title>Dink Ailesi avukatlar\u0131: Karar hatalar i\u00e7eriyor, itiraz edece\u011fiz - Bati Ermenistan Ve Bati Ermenileri Sorunlari Ara\u015ftirmalar Merkezi<\/title>\n<meta name=\"robots\" content=\"index, follow, max-snippet:-1, max-image-preview:large, max-video-preview:-1\" \/>\n<link rel=\"canonical\" href=\"https:\/\/akunq.net\/tr\/?p=62114\" \/>\n<meta property=\"og:locale\" content=\"en_US\" \/>\n<meta property=\"og:type\" content=\"article\" \/>\n<meta property=\"og:title\" content=\"Dink Ailesi avukatlar\u0131: Karar hatalar i\u00e7eriyor, itiraz edece\u011fiz - Bati Ermenistan Ve Bati Ermenileri Sorunlari Ara\u015ftirmalar Merkezi\" \/>\n<meta property=\"og:description\" content=\"Kamu g\u00f6revilerinin yarg\u0131land\u0131\u011f\u0131 Hrant Dink Cinayeti Davas\u0131&#8217;nda karar a\u00e7\u0131kland\u0131. Karardan sonra \u00c7a\u011flayan Adliyesi \u00f6n\u00fcnde bir a\u00e7\u0131klama Dink Ailesi avukatlar\u0131 karara itiraz edeceklerini belirtirken, Hrant&#8217;\u0131n Arkada\u015flar\u0131 \u0130nisiyatifi de, &#8220;Karanl\u0131k perde kalkmad\u0131. adalet m\u00fccadelemizi s\u00fcrd\u00fcrece\u011fiz&#8221; dedi. Kamu g\u00f6revlilerinin yarg\u0131land\u0131\u011f\u0131 Hrant Dink Cinayeti Davas\u0131&#8217;nda karar\u00a0a\u00e7\u0131kland\u0131. Karar\u0131n ard\u0131ndan Dink Ailesi avukatlar\u0131ndan Hakan Bak\u0131rc\u0131o\u011flu \u00c7a\u011flayan Adliyesi \u00f6n\u00fcnde bir a\u00e7\u0131klama yapt\u0131. [&hellip;]\" \/>\n<meta property=\"og:url\" content=\"https:\/\/akunq.net\/tr\/?p=62114\" \/>\n<meta property=\"og:site_name\" content=\"Bati Ermenistan Ve Bati Ermenileri Sorunlari Ara\u015ftirmalar Merkezi\" \/>\n<meta property=\"article:published_time\" content=\"2021-03-29T09:35:48+00:00\" \/>\n<meta property=\"og:image\" content=\"https:\/\/akunq.net\/tr\/wp-content\/uploads\/sites\/6\/2021\/03\/Dink.jpeg\" \/>\n\t<meta property=\"og:image:width\" content=\"690\" \/>\n\t<meta property=\"og:image:height\" content=\"388\" \/>\n\t<meta property=\"og:image:type\" content=\"image\/jpeg\" \/>\n<meta name=\"author\" content=\"admin\" \/>\n<meta name=\"twitter:card\" content=\"summary_large_image\" \/>\n<meta name=\"twitter:label1\" content=\"Written by\" \/>\n\t<meta name=\"twitter:data1\" content=\"admin\" \/>\n\t<meta name=\"twitter:label2\" content=\"Est. reading time\" \/>\n\t<meta name=\"twitter:data2\" content=\"2 minutes\" \/>\n<script type=\"application\/ld+json\" class=\"yoast-schema-graph\">{\"@context\":\"https:\\\/\\\/schema.org\",\"@graph\":[{\"@type\":\"Article\",\"@id\":\"https:\\\/\\\/akunq.net\\\/tr\\\/?p=62114#article\",\"isPartOf\":{\"@id\":\"https:\\\/\\\/akunq.net\\\/tr\\\/?p=62114\"},\"author\":{\"name\":\"admin\",\"@id\":\"https:\\\/\\\/akunq.net\\\/tr\\\/#\\\/schema\\\/person\\\/096f1d38a12cce57fb855b485ed24c9e\"},\"headline\":\"Dink Ailesi avukatlar\u0131: Karar hatalar i\u00e7eriyor, itiraz edece\u011fiz\",\"datePublished\":\"2021-03-29T09:35:48+00:00\",\"mainEntityOfPage\":{\"@id\":\"https:\\\/\\\/akunq.net\\\/tr\\\/?p=62114\"},\"wordCount\":467,\"commentCount\":0,\"image\":{\"@id\":\"https:\\\/\\\/akunq.net\\\/tr\\\/?p=62114#primaryimage\"},\"thumbnailUrl\":\"https:\\\/\\\/akunq.net\\\/tr\\\/wp-content\\\/uploads\\\/sites\\\/6\\\/2021\\\/03\\\/Dink.jpeg\",\"articleSection\":[\"Haberler\"],\"inLanguage\":\"en-US\",\"potentialAction\":[{\"@type\":\"CommentAction\",\"name\":\"Comment\",\"target\":[\"https:\\\/\\\/akunq.net\\\/tr\\\/?p=62114#respond\"]}]},{\"@type\":\"WebPage\",\"@id\":\"https:\\\/\\\/akunq.net\\\/tr\\\/?p=62114\",\"url\":\"https:\\\/\\\/akunq.net\\\/tr\\\/?p=62114\",\"name\":\"Dink Ailesi avukatlar\u0131: Karar hatalar i\u00e7eriyor, itiraz edece\u011fiz - Bati Ermenistan Ve Bati Ermenileri Sorunlari Ara\u015ftirmalar Merkezi\",\"isPartOf\":{\"@id\":\"https:\\\/\\\/akunq.net\\\/tr\\\/#website\"},\"primaryImageOfPage\":{\"@id\":\"https:\\\/\\\/akunq.net\\\/tr\\\/?p=62114#primaryimage\"},\"image\":{\"@id\":\"https:\\\/\\\/akunq.net\\\/tr\\\/?p=62114#primaryimage\"},\"thumbnailUrl\":\"https:\\\/\\\/akunq.net\\\/tr\\\/wp-content\\\/uploads\\\/sites\\\/6\\\/2021\\\/03\\\/Dink.jpeg\",\"datePublished\":\"2021-03-29T09:35:48+00:00\",\"author\":{\"@id\":\"https:\\\/\\\/akunq.net\\\/tr\\\/#\\\/schema\\\/person\\\/096f1d38a12cce57fb855b485ed24c9e\"},\"breadcrumb\":{\"@id\":\"https:\\\/\\\/akunq.net\\\/tr\\\/?p=62114#breadcrumb\"},\"inLanguage\":\"en-US\",\"potentialAction\":[{\"@type\":\"ReadAction\",\"target\":[\"https:\\\/\\\/akunq.net\\\/tr\\\/?p=62114\"]}]},{\"@type\":\"ImageObject\",\"inLanguage\":\"en-US\",\"@id\":\"https:\\\/\\\/akunq.net\\\/tr\\\/?p=62114#primaryimage\",\"url\":\"https:\\\/\\\/akunq.net\\\/tr\\\/wp-content\\\/uploads\\\/sites\\\/6\\\/2021\\\/03\\\/Dink.jpeg\",\"contentUrl\":\"https:\\\/\\\/akunq.net\\\/tr\\\/wp-content\\\/uploads\\\/sites\\\/6\\\/2021\\\/03\\\/Dink.jpeg\",\"width\":690,\"height\":388},{\"@type\":\"BreadcrumbList\",\"@id\":\"https:\\\/\\\/akunq.net\\\/tr\\\/?p=62114#breadcrumb\",\"itemListElement\":[{\"@type\":\"ListItem\",\"position\":1,\"name\":\"Home\",\"item\":\"https:\\\/\\\/akunq.net\\\/tr\"},{\"@type\":\"ListItem\",\"position\":2,\"name\":\"Dink Ailesi avukatlar\u0131: Karar hatalar i\u00e7eriyor, itiraz edece\u011fiz\"}]},{\"@type\":\"WebSite\",\"@id\":\"https:\\\/\\\/akunq.net\\\/tr\\\/#website\",\"url\":\"https:\\\/\\\/akunq.net\\\/tr\\\/\",\"name\":\"Bati Ermenistan Ve Bati Ermenileri Sorunlari Ara\u015ftirmalar Merkezi\",\"description\":\"\",\"potentialAction\":[{\"@type\":\"SearchAction\",\"target\":{\"@type\":\"EntryPoint\",\"urlTemplate\":\"https:\\\/\\\/akunq.net\\\/tr\\\/?s={search_term_string}\"},\"query-input\":{\"@type\":\"PropertyValueSpecification\",\"valueRequired\":true,\"valueName\":\"search_term_string\"}}],\"inLanguage\":\"en-US\"},{\"@type\":\"Person\",\"@id\":\"https:\\\/\\\/akunq.net\\\/tr\\\/#\\\/schema\\\/person\\\/096f1d38a12cce57fb855b485ed24c9e\",\"name\":\"admin\",\"url\":\"https:\\\/\\\/akunq.net\\\/tr\\\/?author=7\"}]}<\/script>\n<!-- \/ Yoast SEO plugin. -->","yoast_head_json":{"title":"Dink Ailesi avukatlar\u0131: Karar hatalar i\u00e7eriyor, itiraz edece\u011fiz - Bati Ermenistan Ve Bati Ermenileri Sorunlari Ara\u015ftirmalar Merkezi","robots":{"index":"index","follow":"follow","max-snippet":"max-snippet:-1","max-image-preview":"max-image-preview:large","max-video-preview":"max-video-preview:-1"},"canonical":"https:\/\/akunq.net\/tr\/?p=62114","og_locale":"en_US","og_type":"article","og_title":"Dink Ailesi avukatlar\u0131: Karar hatalar i\u00e7eriyor, itiraz edece\u011fiz - Bati Ermenistan Ve Bati Ermenileri Sorunlari Ara\u015ftirmalar Merkezi","og_description":"Kamu g\u00f6revilerinin yarg\u0131land\u0131\u011f\u0131 Hrant Dink Cinayeti Davas\u0131&#8217;nda karar a\u00e7\u0131kland\u0131. Karardan sonra \u00c7a\u011flayan Adliyesi \u00f6n\u00fcnde bir a\u00e7\u0131klama Dink Ailesi avukatlar\u0131 karara itiraz edeceklerini belirtirken, Hrant&#8217;\u0131n Arkada\u015flar\u0131 \u0130nisiyatifi de, &#8220;Karanl\u0131k perde kalkmad\u0131. adalet m\u00fccadelemizi s\u00fcrd\u00fcrece\u011fiz&#8221; dedi. Kamu g\u00f6revlilerinin yarg\u0131land\u0131\u011f\u0131 Hrant Dink Cinayeti Davas\u0131&#8217;nda karar\u00a0a\u00e7\u0131kland\u0131. Karar\u0131n ard\u0131ndan Dink Ailesi avukatlar\u0131ndan Hakan Bak\u0131rc\u0131o\u011flu \u00c7a\u011flayan Adliyesi \u00f6n\u00fcnde bir a\u00e7\u0131klama yapt\u0131. [&hellip;]","og_url":"https:\/\/akunq.net\/tr\/?p=62114","og_site_name":"Bati Ermenistan Ve Bati Ermenileri Sorunlari Ara\u015ftirmalar Merkezi","article_published_time":"2021-03-29T09:35:48+00:00","og_image":[{"width":690,"height":388,"url":"https:\/\/akunq.net\/tr\/wp-content\/uploads\/sites\/6\/2021\/03\/Dink.jpeg","type":"image\/jpeg"}],"author":"admin","twitter_card":"summary_large_image","twitter_misc":{"Written by":"admin","Est. reading time":"2 minutes"},"schema":{"@context":"https:\/\/schema.org","@graph":[{"@type":"Article","@id":"https:\/\/akunq.net\/tr\/?p=62114#article","isPartOf":{"@id":"https:\/\/akunq.net\/tr\/?p=62114"},"author":{"name":"admin","@id":"https:\/\/akunq.net\/tr\/#\/schema\/person\/096f1d38a12cce57fb855b485ed24c9e"},"headline":"Dink Ailesi avukatlar\u0131: Karar hatalar i\u00e7eriyor, itiraz edece\u011fiz","datePublished":"2021-03-29T09:35:48+00:00","mainEntityOfPage":{"@id":"https:\/\/akunq.net\/tr\/?p=62114"},"wordCount":467,"commentCount":0,"image":{"@id":"https:\/\/akunq.net\/tr\/?p=62114#primaryimage"},"thumbnailUrl":"https:\/\/akunq.net\/tr\/wp-content\/uploads\/sites\/6\/2021\/03\/Dink.jpeg","articleSection":["Haberler"],"inLanguage":"en-US","potentialAction":[{"@type":"CommentAction","name":"Comment","target":["https:\/\/akunq.net\/tr\/?p=62114#respond"]}]},{"@type":"WebPage","@id":"https:\/\/akunq.net\/tr\/?p=62114","url":"https:\/\/akunq.net\/tr\/?p=62114","name":"Dink Ailesi avukatlar\u0131: Karar hatalar i\u00e7eriyor, itiraz edece\u011fiz - Bati Ermenistan Ve Bati Ermenileri Sorunlari Ara\u015ftirmalar Merkezi","isPartOf":{"@id":"https:\/\/akunq.net\/tr\/#website"},"primaryImageOfPage":{"@id":"https:\/\/akunq.net\/tr\/?p=62114#primaryimage"},"image":{"@id":"https:\/\/akunq.net\/tr\/?p=62114#primaryimage"},"thumbnailUrl":"https:\/\/akunq.net\/tr\/wp-content\/uploads\/sites\/6\/2021\/03\/Dink.jpeg","datePublished":"2021-03-29T09:35:48+00:00","author":{"@id":"https:\/\/akunq.net\/tr\/#\/schema\/person\/096f1d38a12cce57fb855b485ed24c9e"},"breadcrumb":{"@id":"https:\/\/akunq.net\/tr\/?p=62114#breadcrumb"},"inLanguage":"en-US","potentialAction":[{"@type":"ReadAction","target":["https:\/\/akunq.net\/tr\/?p=62114"]}]},{"@type":"ImageObject","inLanguage":"en-US","@id":"https:\/\/akunq.net\/tr\/?p=62114#primaryimage","url":"https:\/\/akunq.net\/tr\/wp-content\/uploads\/sites\/6\/2021\/03\/Dink.jpeg","contentUrl":"https:\/\/akunq.net\/tr\/wp-content\/uploads\/sites\/6\/2021\/03\/Dink.jpeg","width":690,"height":388},{"@type":"BreadcrumbList","@id":"https:\/\/akunq.net\/tr\/?p=62114#breadcrumb","itemListElement":[{"@type":"ListItem","position":1,"name":"Home","item":"https:\/\/akunq.net\/tr"},{"@type":"ListItem","position":2,"name":"Dink Ailesi avukatlar\u0131: Karar hatalar i\u00e7eriyor, itiraz edece\u011fiz"}]},{"@type":"WebSite","@id":"https:\/\/akunq.net\/tr\/#website","url":"https:\/\/akunq.net\/tr\/","name":"Bati Ermenistan Ve Bati Ermenileri Sorunlari Ara\u015ftirmalar Merkezi","description":"","potentialAction":[{"@type":"SearchAction","target":{"@type":"EntryPoint","urlTemplate":"https:\/\/akunq.net\/tr\/?s={search_term_string}"},"query-input":{"@type":"PropertyValueSpecification","valueRequired":true,"valueName":"search_term_string"}}],"inLanguage":"en-US"},{"@type":"Person","@id":"https:\/\/akunq.net\/tr\/#\/schema\/person\/096f1d38a12cce57fb855b485ed24c9e","name":"admin","url":"https:\/\/akunq.net\/tr\/?author=7"}]}},"_links":{"self":[{"href":"https:\/\/akunq.net\/tr\/index.php?rest_route=\/wp\/v2\/posts\/62114","targetHints":{"allow":["GET"]}}],"collection":[{"href":"https:\/\/akunq.net\/tr\/index.php?rest_route=\/wp\/v2\/posts"}],"about":[{"href":"https:\/\/akunq.net\/tr\/index.php?rest_route=\/wp\/v2\/types\/post"}],"author":[{"embeddable":true,"href":"https:\/\/akunq.net\/tr\/index.php?rest_route=\/wp\/v2\/users\/7"}],"replies":[{"embeddable":true,"href":"https:\/\/akunq.net\/tr\/index.php?rest_route=%2Fwp%2Fv2%2Fcomments&post=62114"}],"version-history":[{"count":1,"href":"https:\/\/akunq.net\/tr\/index.php?rest_route=\/wp\/v2\/posts\/62114\/revisions"}],"predecessor-version":[{"id":62116,"href":"https:\/\/akunq.net\/tr\/index.php?rest_route=\/wp\/v2\/posts\/62114\/revisions\/62116"}],"wp:featuredmedia":[{"embeddable":true,"href":"https:\/\/akunq.net\/tr\/index.php?rest_route=\/wp\/v2\/media\/62115"}],"wp:attachment":[{"href":"https:\/\/akunq.net\/tr\/index.php?rest_route=%2Fwp%2Fv2%2Fmedia&parent=62114"}],"wp:term":[{"taxonomy":"category","embeddable":true,"href":"https:\/\/akunq.net\/tr\/index.php?rest_route=%2Fwp%2Fv2%2Fcategories&post=62114"},{"taxonomy":"post_tag","embeddable":true,"href":"https:\/\/akunq.net\/tr\/index.php?rest_route=%2Fwp%2Fv2%2Ftags&post=62114"}],"curies":[{"name":"wp","href":"https:\/\/api.w.org\/{rel}","templated":true}]}}