{"id":62108,"date":"2021-03-29T04:14:01","date_gmt":"2021-03-29T09:14:01","guid":{"rendered":"https:\/\/akunq.net\/tr\/?p=62108"},"modified":"2021-03-29T04:14:01","modified_gmt":"2021-03-29T09:14:01","slug":"paskalya-ayinleri-cemaate-kapali-olarak-icra-edilecek","status":"publish","type":"post","link":"https:\/\/akunq.net\/tr\/?p=62108","title":{"rendered":"Paskalya ayinleri cemaate kapal\u0131 olarak icra edilecek"},"content":{"rendered":"<p><img loading=\"lazy\" decoding=\"async\" class=\"aligncenter size-medium wp-image-62109\" src=\"https:\/\/akunq.net\/tr\/wp-content\/uploads\/2021\/03\/Patrikhane-360x168.jpg\" alt=\"\" width=\"360\" height=\"168\" srcset=\"https:\/\/akunq.net\/tr\/wp-content\/uploads\/sites\/6\/2021\/03\/Patrikhane-360x168.jpg 360w, https:\/\/akunq.net\/tr\/wp-content\/uploads\/sites\/6\/2021\/03\/Patrikhane-560x261.jpg 560w, https:\/\/akunq.net\/tr\/wp-content\/uploads\/sites\/6\/2021\/03\/Patrikhane-260x121.jpg 260w, https:\/\/akunq.net\/tr\/wp-content\/uploads\/sites\/6\/2021\/03\/Patrikhane-160x75.jpg 160w, https:\/\/akunq.net\/tr\/wp-content\/uploads\/sites\/6\/2021\/03\/Patrikhane.jpg 720w\" sizes=\"auto, (max-width: 360px) 100vw, 360px\" \/><\/p>\n<p><em><strong>T\u00fcrkiye Ermenileri Patrikli\u011fi yakla\u015fan Paskalya (Zadig) Yortusu \u00f6ncesinde, ayinlerde izlenecek kurallara y\u00f6nelik bir a\u00e7\u0131klama yay\u0131nlad\u0131. Buna g\u00f6re t\u00fcm ayinler cemaate kapal\u0131 olarak yap\u0131lacak. Ayin sonras\u0131 kiliselerde pandemi kurallar\u0131na uymak \u015fart\u0131yla mum yakmak ve dua etmek m\u00fcmk\u00fcn olacak.<\/strong><\/em><\/p>\n<p><em>Patrikhane&#8217;den yap\u0131lan a\u00e7\u0131klama \u015f\u00f6yle:\u00a0<\/em><\/p>\n<p>&#8220;Kadasetli Sahak II Patrik Hazretleri\u2019nin riyasetinde toplanan Ruhani Meclis\u2019imiz, yap\u0131lan isti\u015fare sonucunda pandemi \u015fartlar\u0131 dikkate al\u0131nm\u0131\u015f ve \u00f6n\u00fcm\u00fczdeki Kutsal Hafta ile ilgili a\u015fa\u011f\u0131da belirtilen d\u00fczenlemelerin uygulanmas\u0131n\u0131\u00a0 kararla\u015ft\u0131rm\u0131\u015ft\u0131r.<\/p>\n<p>1. Kutsal Hafta, y\u0131l\u0131n di\u011fer haftalar\u0131ndan farkl\u0131 olarak \u00f6zel bir kutsiyet ve \u00f6nem arz etmektedir. Bu hafta boyunca her g\u00fcn ad\u0131m ad\u0131m Hisus Krisdos\u2019u takip ediyor ve nihayetinde Kutsal Dirili\u015f m\u00fcjdesine eri\u015fiyoruz. Bu nedenle kiliselerimizin din g\u00f6revlileri kendi sorumluluklar\u0131 alt\u0131nda bulunan kiliselerde kendi personellerinin kat\u0131l\u0131m\u0131yla ayinleri icra edeceklerdir. Ayinler cemaate kapal\u0131 olarak icra edilecektir.<\/p>\n<p>2. Cemaate kapal\u0131 olarak icra edilen ayinlerden sonra cemaatimizden arzu edenler a\u015fa\u011f\u0131da belirtilen sa\u011fl\u0131k \u015fartlar\u0131na uymak kayd\u0131yla\u00a0 mum yakmak ve dua etmek i\u00e7in kiliselerimizi ziyaret edebilirler. Uyulmas\u0131 gereken sa\u011fl\u0131k \u015fartlar\u0131<br \/>\nA. Maske kullan\u0131m\u0131<br \/>\nB. Dezenfektan kullan\u0131m\u0131<br \/>\nC. Sosyal mesafenin korunmas\u0131<\/p>\n<p>3. Kutsal Hafta ve Surp Zadig m\u00fcnasebetiyle t\u00f6renler ve sunulacak Surp Badaraklar cemaate kapal\u0131 olarak icra edilecektir. Bunun yan\u0131 s\u0131ra, cemaatimizin Kutsal Hafta ve Surp Zadig m\u00fcnasebetiyle Surp Ha\u011fortutyun almak istemeleri hususunu da dikkate alarak, cemaatimiz \u00fcyelerine sevgiyle \u015fu hat\u0131rlatmada bulunmay\u0131 isteriz: Surp Ha\u011fortutyun almak isteyen cemaatimiz \u00fcyelerinin a\u015fa\u011f\u0131daki programda belirtilmi\u015f t\u00f6ren saatleri haricinde kiliselerimiz din g\u00f6revlilerine ba\u015fvurabilirler.<\/p>\n<p>4. Al\u0131nan karar uyar\u0131nca Kutsal Hafta ve Surp Zadig kutlamas\u0131yla a\u015fa\u011f\u0131da belirlenmi\u015f program uygulanacakt\u0131r.<\/p>\n<p>-27 Mart, Cumartesi, Lazarus\u2019un Dirili\u015f an\u0131s\u0131<br \/>\nSaat 10.00-11.00 aras\u0131\u00a0 sabah dualar\u0131.<br \/>\nT\u00f6ren sonunda kiliselerin perdeleri a\u00e7\u0131l\u0131r. Cemaate kapal\u0131 olarak icra edilir.<\/p>\n<p>-28 Mart. Pazar, Hisus Krisdos\u2019un Kud\u00fcs\u2019e Giri\u015fi<br \/>\nSaat 10.00, Surp Badarak ve akabinde T\u0131r\u0131npatsek (kap\u0131lar\u0131n a\u00e7\u0131l\u0131\u015f t\u00f6reni). Cemaate kapal\u0131 olarak icra edilir.<\/p>\n<p>-29 Mart, Kutsal Pazartesi,<br \/>\nSaat 10.00-11.00 aras\u0131\u00a0 sabah dualar\u0131. Cemaate kapal\u0131 olarak icra edilir.<\/p>\n<p>-30 Mart, Kutsal Sal\u0131, On Bakireler an\u0131s\u0131<br \/>\nSaat 10.00-11.00 aras\u0131\u00a0 sabah dualar\u0131. Cemaate kapal\u0131 olarak icra edilir.<br \/>\nSaat\u055d 16.00-17.00, ikindi dualar\u0131. Cemaate kapal\u0131 olarak icra edilir.<\/p>\n<p>-31 Mart, Kutsal \u00c7ar\u015famba<br \/>\nSaat 10.00-11.00 aras\u0131\u00a0 sabah dualar\u0131. Cemaate kapal\u0131 olarak icra edilir.<\/p>\n<p>-1 Nisan, Kutsal Per\u015fembe,<br \/>\nSaat\u055d 08.30, Surp Badarak. Cemaate kapal\u0131 olarak icra edilir.<br \/>\nAyak y\u0131kama t\u00f6reni Kadasetli Patrik Hazretleri\u2019nin riyasetinde ve ruhanilerimizin kat\u0131l\u0131m\u0131yla\u00a0 sadece Patriklik Katedrali\u2019nde cemaate kapal\u0131 olarak icra edilecektir.<br \/>\nSaat 19.30, Elem gecesi dualar\u0131. Cemaate kapal\u0131 olarak icra edilir.<\/p>\n<p>-2 Nisan, Kutsal Cuma,<br \/>\nSaat 10.00-11.00, Hisus Krisdos\u2019un Ha\u00e7a Gerili\u015f An\u0131s\u0131. Cemaate kapal\u0131 olarak icra edilir.<br \/>\n\u053a\u0561\u0574\u0568 15.00-16.00, Hisus Krisdos\u2019un G\u00f6m\u00fclmesi An\u0131s\u0131. Cemaate kapal\u0131 olarak icra edilir.<\/p>\n<p>-3 Nisan, Kutsal Cumartesi<br \/>\nSaat 10.00-11.00 aras\u0131\u00a0 sabah dualar\u0131. Cemaate kapal\u0131 olarak icra edilir.<br \/>\nSaat 15.00, kiliselerin kap\u0131lar\u0131 kapan\u0131r.<br \/>\nSaat 16.30, Surp Zadik Arefesi, Surp Badarak. Cemaate kapal\u0131 olarak icra edilir.<\/p>\n<p>-4 Nisan. Pazar, Surp Zadig<br \/>\nSaat 10.00, Surp Badarak. Cemaate kapal\u0131 olarak icra edilir.<\/p>\n<p>-5\u00a0 Nisan, Pazartesi, Merelots.<br \/>\nSaat\u00a0 9.00-10.30, Surp Badarak. Cemaate kapal\u0131 olarak icra edilir.<\/p>\n<p>5. Cemaat \u00fcyelerimizin sa\u011fl\u0131klar\u0131n\u0131 dikkate alarak yap\u0131lan bu d\u00fczenlemelerin anlay\u0131\u015fla kar\u015f\u0131lanaca\u011f\u0131ndan eminiz.\u00a0 Kalben inan\u0131yoruz, bu pandeminin olumsuz ak\u0131m\u0131 bir g\u00fcn sona erecek, Rabbin Sofras\u0131 \u00f6n\u00fcnde ruhaniler ve cemaatin duadaki\u00a0 birlikteli\u011fiyle \u00f6l\u00fcms\u00fcz Tanr\u0131 Kuzu\u2019sunun aram\u0131zda beliri\u015fini ya\u015fayacak ve O\u2019nun Kutsal Beden\u2019i ve Kan\u0131\u2019na payda\u015f olaca\u011f\u0131z.<br \/>\nKutsal Hafta boyunca dualar\u0131m\u0131z\u0131n Tanr\u0131 kat\u0131na ula\u015fmas\u0131n\u0131 diliyoruz. \u00d6zellikle aile \u00e7at\u0131lar\u0131 alt\u0131nda Kutsal Kitap okumalar\u0131yla ta\u00e7lanm\u0131\u015f dualar\u0131m\u0131z\u0131n hepimiz i\u00e7in ruhani bereketlenme vesilesi olaca\u011f\u0131na inan\u0131yoruz.&#8221;<\/p>\n<p><em><strong>http:\/\/www.agos.com.tr\/tr\/yazi\/25508\/paskalya-ayinleri-cemaate-kapali-olarak-icra-edilecek<\/strong><\/em><\/p>\n","protected":false},"excerpt":{"rendered":"<p>T\u00fcrkiye Ermenileri Patrikli\u011fi yakla\u015fan Paskalya (Zadig) Yortusu \u00f6ncesinde, ayinlerde izlenecek kurallara y\u00f6nelik bir a\u00e7\u0131klama yay\u0131nlad\u0131. Buna g\u00f6re t\u00fcm ayinler cemaate kapal\u0131 olarak yap\u0131lacak. Ayin sonras\u0131 kiliselerde pandemi kurallar\u0131na uymak \u015fart\u0131yla mum yakmak ve dua etmek m\u00fcmk\u00fcn olacak. Patrikhane&#8217;den yap\u0131lan a\u00e7\u0131klama \u015f\u00f6yle:\u00a0 &#8220;Kadasetli Sahak II Patrik Hazretleri\u2019nin riyasetinde toplanan Ruhani Meclis\u2019imiz, yap\u0131lan isti\u015fare sonucunda pandemi \u015fartlar\u0131 [&hellip;]<\/p>\n","protected":false},"author":7,"featured_media":62109,"comment_status":"open","ping_status":"open","sticky":false,"template":"","format":"standard","meta":{"footnotes":""},"categories":[1],"tags":[],"class_list":["post-62108","post","type-post","status-publish","format-standard","has-post-thumbnail","hentry","category-haberler"],"yoast_head":"<!-- This site is optimized with the Yoast SEO plugin v27.4 - https:\/\/yoast.com\/product\/yoast-seo-wordpress\/ -->\n<title>Paskalya ayinleri cemaate kapal\u0131 olarak icra edilecek - Bati Ermenistan Ve Bati Ermenileri Sorunlari Ara\u015ftirmalar Merkezi<\/title>\n<meta name=\"robots\" content=\"index, follow, max-snippet:-1, max-image-preview:large, max-video-preview:-1\" \/>\n<link rel=\"canonical\" href=\"https:\/\/akunq.net\/tr\/?p=62108\" \/>\n<meta property=\"og:locale\" content=\"en_US\" \/>\n<meta property=\"og:type\" content=\"article\" \/>\n<meta property=\"og:title\" content=\"Paskalya ayinleri cemaate kapal\u0131 olarak icra edilecek - Bati Ermenistan Ve Bati Ermenileri Sorunlari Ara\u015ftirmalar Merkezi\" \/>\n<meta property=\"og:description\" content=\"T\u00fcrkiye Ermenileri Patrikli\u011fi yakla\u015fan Paskalya (Zadig) Yortusu \u00f6ncesinde, ayinlerde izlenecek kurallara y\u00f6nelik bir a\u00e7\u0131klama yay\u0131nlad\u0131. Buna g\u00f6re t\u00fcm ayinler cemaate kapal\u0131 olarak yap\u0131lacak. Ayin sonras\u0131 kiliselerde pandemi kurallar\u0131na uymak \u015fart\u0131yla mum yakmak ve dua etmek m\u00fcmk\u00fcn olacak. Patrikhane&#8217;den yap\u0131lan a\u00e7\u0131klama \u015f\u00f6yle:\u00a0 &#8220;Kadasetli Sahak II Patrik Hazretleri\u2019nin riyasetinde toplanan Ruhani Meclis\u2019imiz, yap\u0131lan isti\u015fare sonucunda pandemi \u015fartlar\u0131 [&hellip;]\" \/>\n<meta property=\"og:url\" content=\"https:\/\/akunq.net\/tr\/?p=62108\" \/>\n<meta property=\"og:site_name\" content=\"Bati Ermenistan Ve Bati Ermenileri Sorunlari Ara\u015ftirmalar Merkezi\" \/>\n<meta property=\"article:published_time\" content=\"2021-03-29T09:14:01+00:00\" \/>\n<meta property=\"og:image\" content=\"https:\/\/akunq.net\/tr\/wp-content\/uploads\/sites\/6\/2021\/03\/Patrikhane.jpg\" \/>\n\t<meta property=\"og:image:width\" content=\"720\" \/>\n\t<meta property=\"og:image:height\" content=\"336\" \/>\n\t<meta property=\"og:image:type\" content=\"image\/jpeg\" \/>\n<meta name=\"author\" content=\"admin\" \/>\n<meta name=\"twitter:card\" content=\"summary_large_image\" \/>\n<meta name=\"twitter:label1\" content=\"Written by\" \/>\n\t<meta name=\"twitter:data1\" content=\"admin\" \/>\n\t<meta name=\"twitter:label2\" content=\"Est. reading time\" \/>\n\t<meta name=\"twitter:data2\" content=\"3 minutes\" \/>\n<script type=\"application\/ld+json\" class=\"yoast-schema-graph\">{\"@context\":\"https:\\\/\\\/schema.org\",\"@graph\":[{\"@type\":\"Article\",\"@id\":\"https:\\\/\\\/akunq.net\\\/tr\\\/?p=62108#article\",\"isPartOf\":{\"@id\":\"https:\\\/\\\/akunq.net\\\/tr\\\/?p=62108\"},\"author\":{\"name\":\"admin\",\"@id\":\"https:\\\/\\\/akunq.net\\\/tr\\\/#\\\/schema\\\/person\\\/096f1d38a12cce57fb855b485ed24c9e\"},\"headline\":\"Paskalya ayinleri cemaate kapal\u0131 olarak icra edilecek\",\"datePublished\":\"2021-03-29T09:14:01+00:00\",\"mainEntityOfPage\":{\"@id\":\"https:\\\/\\\/akunq.net\\\/tr\\\/?p=62108\"},\"wordCount\":675,\"commentCount\":0,\"image\":{\"@id\":\"https:\\\/\\\/akunq.net\\\/tr\\\/?p=62108#primaryimage\"},\"thumbnailUrl\":\"https:\\\/\\\/akunq.net\\\/tr\\\/wp-content\\\/uploads\\\/sites\\\/6\\\/2021\\\/03\\\/Patrikhane.jpg\",\"articleSection\":[\"Haberler\"],\"inLanguage\":\"en-US\",\"potentialAction\":[{\"@type\":\"CommentAction\",\"name\":\"Comment\",\"target\":[\"https:\\\/\\\/akunq.net\\\/tr\\\/?p=62108#respond\"]}]},{\"@type\":\"WebPage\",\"@id\":\"https:\\\/\\\/akunq.net\\\/tr\\\/?p=62108\",\"url\":\"https:\\\/\\\/akunq.net\\\/tr\\\/?p=62108\",\"name\":\"Paskalya ayinleri cemaate kapal\u0131 olarak icra edilecek - Bati Ermenistan Ve Bati Ermenileri Sorunlari Ara\u015ftirmalar Merkezi\",\"isPartOf\":{\"@id\":\"https:\\\/\\\/akunq.net\\\/tr\\\/#website\"},\"primaryImageOfPage\":{\"@id\":\"https:\\\/\\\/akunq.net\\\/tr\\\/?p=62108#primaryimage\"},\"image\":{\"@id\":\"https:\\\/\\\/akunq.net\\\/tr\\\/?p=62108#primaryimage\"},\"thumbnailUrl\":\"https:\\\/\\\/akunq.net\\\/tr\\\/wp-content\\\/uploads\\\/sites\\\/6\\\/2021\\\/03\\\/Patrikhane.jpg\",\"datePublished\":\"2021-03-29T09:14:01+00:00\",\"author\":{\"@id\":\"https:\\\/\\\/akunq.net\\\/tr\\\/#\\\/schema\\\/person\\\/096f1d38a12cce57fb855b485ed24c9e\"},\"breadcrumb\":{\"@id\":\"https:\\\/\\\/akunq.net\\\/tr\\\/?p=62108#breadcrumb\"},\"inLanguage\":\"en-US\",\"potentialAction\":[{\"@type\":\"ReadAction\",\"target\":[\"https:\\\/\\\/akunq.net\\\/tr\\\/?p=62108\"]}]},{\"@type\":\"ImageObject\",\"inLanguage\":\"en-US\",\"@id\":\"https:\\\/\\\/akunq.net\\\/tr\\\/?p=62108#primaryimage\",\"url\":\"https:\\\/\\\/akunq.net\\\/tr\\\/wp-content\\\/uploads\\\/sites\\\/6\\\/2021\\\/03\\\/Patrikhane.jpg\",\"contentUrl\":\"https:\\\/\\\/akunq.net\\\/tr\\\/wp-content\\\/uploads\\\/sites\\\/6\\\/2021\\\/03\\\/Patrikhane.jpg\",\"width\":720,\"height\":336},{\"@type\":\"BreadcrumbList\",\"@id\":\"https:\\\/\\\/akunq.net\\\/tr\\\/?p=62108#breadcrumb\",\"itemListElement\":[{\"@type\":\"ListItem\",\"position\":1,\"name\":\"Home\",\"item\":\"https:\\\/\\\/akunq.net\\\/tr\"},{\"@type\":\"ListItem\",\"position\":2,\"name\":\"Paskalya ayinleri cemaate kapal\u0131 olarak icra edilecek\"}]},{\"@type\":\"WebSite\",\"@id\":\"https:\\\/\\\/akunq.net\\\/tr\\\/#website\",\"url\":\"https:\\\/\\\/akunq.net\\\/tr\\\/\",\"name\":\"Bati Ermenistan Ve Bati Ermenileri Sorunlari Ara\u015ftirmalar Merkezi\",\"description\":\"\",\"potentialAction\":[{\"@type\":\"SearchAction\",\"target\":{\"@type\":\"EntryPoint\",\"urlTemplate\":\"https:\\\/\\\/akunq.net\\\/tr\\\/?s={search_term_string}\"},\"query-input\":{\"@type\":\"PropertyValueSpecification\",\"valueRequired\":true,\"valueName\":\"search_term_string\"}}],\"inLanguage\":\"en-US\"},{\"@type\":\"Person\",\"@id\":\"https:\\\/\\\/akunq.net\\\/tr\\\/#\\\/schema\\\/person\\\/096f1d38a12cce57fb855b485ed24c9e\",\"name\":\"admin\",\"url\":\"https:\\\/\\\/akunq.net\\\/tr\\\/?author=7\"}]}<\/script>\n<!-- \/ Yoast SEO plugin. -->","yoast_head_json":{"title":"Paskalya ayinleri cemaate kapal\u0131 olarak icra edilecek - Bati Ermenistan Ve Bati Ermenileri Sorunlari Ara\u015ftirmalar Merkezi","robots":{"index":"index","follow":"follow","max-snippet":"max-snippet:-1","max-image-preview":"max-image-preview:large","max-video-preview":"max-video-preview:-1"},"canonical":"https:\/\/akunq.net\/tr\/?p=62108","og_locale":"en_US","og_type":"article","og_title":"Paskalya ayinleri cemaate kapal\u0131 olarak icra edilecek - Bati Ermenistan Ve Bati Ermenileri Sorunlari Ara\u015ftirmalar Merkezi","og_description":"T\u00fcrkiye Ermenileri Patrikli\u011fi yakla\u015fan Paskalya (Zadig) Yortusu \u00f6ncesinde, ayinlerde izlenecek kurallara y\u00f6nelik bir a\u00e7\u0131klama yay\u0131nlad\u0131. Buna g\u00f6re t\u00fcm ayinler cemaate kapal\u0131 olarak yap\u0131lacak. Ayin sonras\u0131 kiliselerde pandemi kurallar\u0131na uymak \u015fart\u0131yla mum yakmak ve dua etmek m\u00fcmk\u00fcn olacak. Patrikhane&#8217;den yap\u0131lan a\u00e7\u0131klama \u015f\u00f6yle:\u00a0 &#8220;Kadasetli Sahak II Patrik Hazretleri\u2019nin riyasetinde toplanan Ruhani Meclis\u2019imiz, yap\u0131lan isti\u015fare sonucunda pandemi \u015fartlar\u0131 [&hellip;]","og_url":"https:\/\/akunq.net\/tr\/?p=62108","og_site_name":"Bati Ermenistan Ve Bati Ermenileri Sorunlari Ara\u015ftirmalar Merkezi","article_published_time":"2021-03-29T09:14:01+00:00","og_image":[{"width":720,"height":336,"url":"https:\/\/akunq.net\/tr\/wp-content\/uploads\/sites\/6\/2021\/03\/Patrikhane.jpg","type":"image\/jpeg"}],"author":"admin","twitter_card":"summary_large_image","twitter_misc":{"Written by":"admin","Est. reading time":"3 minutes"},"schema":{"@context":"https:\/\/schema.org","@graph":[{"@type":"Article","@id":"https:\/\/akunq.net\/tr\/?p=62108#article","isPartOf":{"@id":"https:\/\/akunq.net\/tr\/?p=62108"},"author":{"name":"admin","@id":"https:\/\/akunq.net\/tr\/#\/schema\/person\/096f1d38a12cce57fb855b485ed24c9e"},"headline":"Paskalya ayinleri cemaate kapal\u0131 olarak icra edilecek","datePublished":"2021-03-29T09:14:01+00:00","mainEntityOfPage":{"@id":"https:\/\/akunq.net\/tr\/?p=62108"},"wordCount":675,"commentCount":0,"image":{"@id":"https:\/\/akunq.net\/tr\/?p=62108#primaryimage"},"thumbnailUrl":"https:\/\/akunq.net\/tr\/wp-content\/uploads\/sites\/6\/2021\/03\/Patrikhane.jpg","articleSection":["Haberler"],"inLanguage":"en-US","potentialAction":[{"@type":"CommentAction","name":"Comment","target":["https:\/\/akunq.net\/tr\/?p=62108#respond"]}]},{"@type":"WebPage","@id":"https:\/\/akunq.net\/tr\/?p=62108","url":"https:\/\/akunq.net\/tr\/?p=62108","name":"Paskalya ayinleri cemaate kapal\u0131 olarak icra edilecek - Bati Ermenistan Ve Bati Ermenileri Sorunlari Ara\u015ftirmalar Merkezi","isPartOf":{"@id":"https:\/\/akunq.net\/tr\/#website"},"primaryImageOfPage":{"@id":"https:\/\/akunq.net\/tr\/?p=62108#primaryimage"},"image":{"@id":"https:\/\/akunq.net\/tr\/?p=62108#primaryimage"},"thumbnailUrl":"https:\/\/akunq.net\/tr\/wp-content\/uploads\/sites\/6\/2021\/03\/Patrikhane.jpg","datePublished":"2021-03-29T09:14:01+00:00","author":{"@id":"https:\/\/akunq.net\/tr\/#\/schema\/person\/096f1d38a12cce57fb855b485ed24c9e"},"breadcrumb":{"@id":"https:\/\/akunq.net\/tr\/?p=62108#breadcrumb"},"inLanguage":"en-US","potentialAction":[{"@type":"ReadAction","target":["https:\/\/akunq.net\/tr\/?p=62108"]}]},{"@type":"ImageObject","inLanguage":"en-US","@id":"https:\/\/akunq.net\/tr\/?p=62108#primaryimage","url":"https:\/\/akunq.net\/tr\/wp-content\/uploads\/sites\/6\/2021\/03\/Patrikhane.jpg","contentUrl":"https:\/\/akunq.net\/tr\/wp-content\/uploads\/sites\/6\/2021\/03\/Patrikhane.jpg","width":720,"height":336},{"@type":"BreadcrumbList","@id":"https:\/\/akunq.net\/tr\/?p=62108#breadcrumb","itemListElement":[{"@type":"ListItem","position":1,"name":"Home","item":"https:\/\/akunq.net\/tr"},{"@type":"ListItem","position":2,"name":"Paskalya ayinleri cemaate kapal\u0131 olarak icra edilecek"}]},{"@type":"WebSite","@id":"https:\/\/akunq.net\/tr\/#website","url":"https:\/\/akunq.net\/tr\/","name":"Bati Ermenistan Ve Bati Ermenileri Sorunlari Ara\u015ftirmalar Merkezi","description":"","potentialAction":[{"@type":"SearchAction","target":{"@type":"EntryPoint","urlTemplate":"https:\/\/akunq.net\/tr\/?s={search_term_string}"},"query-input":{"@type":"PropertyValueSpecification","valueRequired":true,"valueName":"search_term_string"}}],"inLanguage":"en-US"},{"@type":"Person","@id":"https:\/\/akunq.net\/tr\/#\/schema\/person\/096f1d38a12cce57fb855b485ed24c9e","name":"admin","url":"https:\/\/akunq.net\/tr\/?author=7"}]}},"_links":{"self":[{"href":"https:\/\/akunq.net\/tr\/index.php?rest_route=\/wp\/v2\/posts\/62108","targetHints":{"allow":["GET"]}}],"collection":[{"href":"https:\/\/akunq.net\/tr\/index.php?rest_route=\/wp\/v2\/posts"}],"about":[{"href":"https:\/\/akunq.net\/tr\/index.php?rest_route=\/wp\/v2\/types\/post"}],"author":[{"embeddable":true,"href":"https:\/\/akunq.net\/tr\/index.php?rest_route=\/wp\/v2\/users\/7"}],"replies":[{"embeddable":true,"href":"https:\/\/akunq.net\/tr\/index.php?rest_route=%2Fwp%2Fv2%2Fcomments&post=62108"}],"version-history":[{"count":1,"href":"https:\/\/akunq.net\/tr\/index.php?rest_route=\/wp\/v2\/posts\/62108\/revisions"}],"predecessor-version":[{"id":62110,"href":"https:\/\/akunq.net\/tr\/index.php?rest_route=\/wp\/v2\/posts\/62108\/revisions\/62110"}],"wp:featuredmedia":[{"embeddable":true,"href":"https:\/\/akunq.net\/tr\/index.php?rest_route=\/wp\/v2\/media\/62109"}],"wp:attachment":[{"href":"https:\/\/akunq.net\/tr\/index.php?rest_route=%2Fwp%2Fv2%2Fmedia&parent=62108"}],"wp:term":[{"taxonomy":"category","embeddable":true,"href":"https:\/\/akunq.net\/tr\/index.php?rest_route=%2Fwp%2Fv2%2Fcategories&post=62108"},{"taxonomy":"post_tag","embeddable":true,"href":"https:\/\/akunq.net\/tr\/index.php?rest_route=%2Fwp%2Fv2%2Ftags&post=62108"}],"curies":[{"name":"wp","href":"https:\/\/api.w.org\/{rel}","templated":true}]}}