{"id":62105,"date":"2021-03-29T03:38:24","date_gmt":"2021-03-29T08:38:24","guid":{"rendered":"https:\/\/akunq.net\/tr\/?p=62105"},"modified":"2021-03-29T03:38:24","modified_gmt":"2021-03-29T08:38:24","slug":"irak-savunma-bakanindan-ermeni-soykirimi-anitina-ziyaret","status":"publish","type":"post","link":"https:\/\/akunq.net\/tr\/?p=62105","title":{"rendered":"Irak Savunma Bakan\u0131n&#8217;dan Ermeni Soyk\u0131r\u0131m\u0131 an\u0131t\u0131na ziyaret"},"content":{"rendered":"<p><img loading=\"lazy\" decoding=\"async\" class=\"aligncenter size-medium wp-image-62106\" src=\"https:\/\/akunq.net\/tr\/wp-content\/uploads\/2021\/03\/Irak-Savunma-Bakan\u0131-360x202.jpg\" alt=\"\" width=\"360\" height=\"202\" srcset=\"https:\/\/akunq.net\/tr\/wp-content\/uploads\/sites\/6\/2021\/03\/Irak-Savunma-Bakan\u0131-360x202.jpg 360w, https:\/\/akunq.net\/tr\/wp-content\/uploads\/sites\/6\/2021\/03\/Irak-Savunma-Bakan\u0131-768x431.jpg 768w, https:\/\/akunq.net\/tr\/wp-content\/uploads\/sites\/6\/2021\/03\/Irak-Savunma-Bakan\u0131-560x314.jpg 560w, https:\/\/akunq.net\/tr\/wp-content\/uploads\/sites\/6\/2021\/03\/Irak-Savunma-Bakan\u0131-260x146.jpg 260w, https:\/\/akunq.net\/tr\/wp-content\/uploads\/sites\/6\/2021\/03\/Irak-Savunma-Bakan\u0131-160x90.jpg 160w, https:\/\/akunq.net\/tr\/wp-content\/uploads\/sites\/6\/2021\/03\/Irak-Savunma-Bakan\u0131.jpg 840w\" sizes=\"auto, (max-width: 360px) 100vw, 360px\" \/><\/p>\n<p><em><strong>Resmi bir ziyaret kapsam\u0131nda Ermenistan&#8217;da bulunan Irak Savunma Bakan\u0131 Cuma \u0130nad Saadun, Ermeni mevkida\u015f\u0131 Vagharshak Harutyunyan ve Ermenistan D\u0131\u015fi\u015fleri Bakan\u0131 Ara Ayvazyan ile g\u00f6r\u00fc\u015fme ger\u00e7ekle\u015ftirdi.<\/strong><\/em><\/p>\n<p>Irak Savunma Bakan\u0131 Ermeni yetkililerle yapt\u0131\u011f\u0131 g\u00f6r\u00fc\u015fmelerin ard\u0131ndan Yerevan&#8217;da Ermeni Soyk\u0131r\u0131m\u0131 an\u0131t\u0131n\u0131 ziyaret etti.<\/p>\n<p>Bakanlar, iki bakanl\u0131k aras\u0131nda savunma i\u015fbirli\u011fi konusunda bir niyet anla\u015fmas\u0131 imzalad\u0131.<\/p>\n<p>G\u00f6r\u00fc\u015fmelerin ard\u0131ndan Irak Savunma Bakan\u0131 Saadun, beraberindeki heyetle birlikte Ermeni Soyk\u0131r\u0131m\u0131\u00a0an\u0131t\u0131n\u0131 ziyaret etti.<\/p>\n<p><em><strong>https:\/\/www.ermenihaber.am\/tr\/news\/2021\/03\/26\/Irak-Yerevan-Ermeni-Soyk%C4%B1r%C4%B1m%C4%B1\/204994\u00a0<\/strong><\/em><\/p>\n","protected":false},"excerpt":{"rendered":"<p>Resmi bir ziyaret kapsam\u0131nda Ermenistan&#8217;da bulunan Irak Savunma Bakan\u0131 Cuma \u0130nad Saadun, Ermeni mevkida\u015f\u0131 Vagharshak Harutyunyan ve Ermenistan D\u0131\u015fi\u015fleri Bakan\u0131 Ara Ayvazyan ile g\u00f6r\u00fc\u015fme ger\u00e7ekle\u015ftirdi. Irak Savunma Bakan\u0131 Ermeni yetkililerle yapt\u0131\u011f\u0131 g\u00f6r\u00fc\u015fmelerin ard\u0131ndan Yerevan&#8217;da Ermeni Soyk\u0131r\u0131m\u0131 an\u0131t\u0131n\u0131 ziyaret etti. Bakanlar, iki bakanl\u0131k aras\u0131nda savunma i\u015fbirli\u011fi konusunda bir niyet anla\u015fmas\u0131 imzalad\u0131. G\u00f6r\u00fc\u015fmelerin ard\u0131ndan Irak Savunma Bakan\u0131 [&hellip;]<\/p>\n","protected":false},"author":7,"featured_media":62106,"comment_status":"open","ping_status":"open","sticky":false,"template":"","format":"standard","meta":{"footnotes":""},"categories":[44,1],"tags":[],"class_list":["post-62105","post","type-post","status-publish","format-standard","has-post-thumbnail","hentry","category-ermeni-soykirimi","category-haberler"],"yoast_head":"<!-- This site is optimized with the Yoast SEO plugin v27.4 - https:\/\/yoast.com\/product\/yoast-seo-wordpress\/ -->\n<title>Irak Savunma Bakan\u0131n&#039;dan Ermeni Soyk\u0131r\u0131m\u0131 an\u0131t\u0131na ziyaret - Bati Ermenistan Ve Bati Ermenileri Sorunlari Ara\u015ftirmalar Merkezi<\/title>\n<meta name=\"robots\" content=\"index, follow, max-snippet:-1, max-image-preview:large, max-video-preview:-1\" \/>\n<link rel=\"canonical\" href=\"https:\/\/akunq.net\/tr\/?p=62105\" \/>\n<meta property=\"og:locale\" content=\"en_US\" \/>\n<meta property=\"og:type\" content=\"article\" \/>\n<meta property=\"og:title\" content=\"Irak Savunma Bakan\u0131n&#039;dan Ermeni Soyk\u0131r\u0131m\u0131 an\u0131t\u0131na ziyaret - Bati Ermenistan Ve Bati Ermenileri Sorunlari Ara\u015ftirmalar Merkezi\" \/>\n<meta property=\"og:description\" content=\"Resmi bir ziyaret kapsam\u0131nda Ermenistan&#8217;da bulunan Irak Savunma Bakan\u0131 Cuma \u0130nad Saadun, Ermeni mevkida\u015f\u0131 Vagharshak Harutyunyan ve Ermenistan D\u0131\u015fi\u015fleri Bakan\u0131 Ara Ayvazyan ile g\u00f6r\u00fc\u015fme ger\u00e7ekle\u015ftirdi. Irak Savunma Bakan\u0131 Ermeni yetkililerle yapt\u0131\u011f\u0131 g\u00f6r\u00fc\u015fmelerin ard\u0131ndan Yerevan&#8217;da Ermeni Soyk\u0131r\u0131m\u0131 an\u0131t\u0131n\u0131 ziyaret etti. Bakanlar, iki bakanl\u0131k aras\u0131nda savunma i\u015fbirli\u011fi konusunda bir niyet anla\u015fmas\u0131 imzalad\u0131. G\u00f6r\u00fc\u015fmelerin ard\u0131ndan Irak Savunma Bakan\u0131 [&hellip;]\" \/>\n<meta property=\"og:url\" content=\"https:\/\/akunq.net\/tr\/?p=62105\" \/>\n<meta property=\"og:site_name\" content=\"Bati Ermenistan Ve Bati Ermenileri Sorunlari Ara\u015ftirmalar Merkezi\" \/>\n<meta property=\"article:published_time\" content=\"2021-03-29T08:38:24+00:00\" \/>\n<meta property=\"og:image\" content=\"https:\/\/akunq.net\/tr\/wp-content\/uploads\/sites\/6\/2021\/03\/Irak-Savunma-Bakan\u0131.jpg\" \/>\n\t<meta property=\"og:image:width\" content=\"840\" \/>\n\t<meta property=\"og:image:height\" content=\"471\" \/>\n\t<meta property=\"og:image:type\" content=\"image\/jpeg\" \/>\n<meta name=\"author\" content=\"admin\" \/>\n<meta name=\"twitter:card\" content=\"summary_large_image\" \/>\n<meta name=\"twitter:label1\" content=\"Written by\" \/>\n\t<meta name=\"twitter:data1\" content=\"admin\" \/>\n\t<meta name=\"twitter:label2\" content=\"Est. reading time\" \/>\n\t<meta name=\"twitter:data2\" content=\"1 minute\" \/>\n<script type=\"application\/ld+json\" class=\"yoast-schema-graph\">{\"@context\":\"https:\\\/\\\/schema.org\",\"@graph\":[{\"@type\":\"Article\",\"@id\":\"https:\\\/\\\/akunq.net\\\/tr\\\/?p=62105#article\",\"isPartOf\":{\"@id\":\"https:\\\/\\\/akunq.net\\\/tr\\\/?p=62105\"},\"author\":{\"name\":\"admin\",\"@id\":\"https:\\\/\\\/akunq.net\\\/tr\\\/#\\\/schema\\\/person\\\/096f1d38a12cce57fb855b485ed24c9e\"},\"headline\":\"Irak Savunma Bakan\u0131n&#8217;dan Ermeni Soyk\u0131r\u0131m\u0131 an\u0131t\u0131na ziyaret\",\"datePublished\":\"2021-03-29T08:38:24+00:00\",\"mainEntityOfPage\":{\"@id\":\"https:\\\/\\\/akunq.net\\\/tr\\\/?p=62105\"},\"wordCount\":117,\"commentCount\":0,\"image\":{\"@id\":\"https:\\\/\\\/akunq.net\\\/tr\\\/?p=62105#primaryimage\"},\"thumbnailUrl\":\"https:\\\/\\\/akunq.net\\\/tr\\\/wp-content\\\/uploads\\\/sites\\\/6\\\/2021\\\/03\\\/Irak-Savunma-Bakan\u0131.jpg\",\"articleSection\":[\"Ermeni Soyk\u0131r\u0131m\u0131\",\"Haberler\"],\"inLanguage\":\"en-US\",\"potentialAction\":[{\"@type\":\"CommentAction\",\"name\":\"Comment\",\"target\":[\"https:\\\/\\\/akunq.net\\\/tr\\\/?p=62105#respond\"]}]},{\"@type\":\"WebPage\",\"@id\":\"https:\\\/\\\/akunq.net\\\/tr\\\/?p=62105\",\"url\":\"https:\\\/\\\/akunq.net\\\/tr\\\/?p=62105\",\"name\":\"Irak Savunma Bakan\u0131n'dan Ermeni Soyk\u0131r\u0131m\u0131 an\u0131t\u0131na ziyaret - Bati Ermenistan Ve Bati Ermenileri Sorunlari Ara\u015ftirmalar Merkezi\",\"isPartOf\":{\"@id\":\"https:\\\/\\\/akunq.net\\\/tr\\\/#website\"},\"primaryImageOfPage\":{\"@id\":\"https:\\\/\\\/akunq.net\\\/tr\\\/?p=62105#primaryimage\"},\"image\":{\"@id\":\"https:\\\/\\\/akunq.net\\\/tr\\\/?p=62105#primaryimage\"},\"thumbnailUrl\":\"https:\\\/\\\/akunq.net\\\/tr\\\/wp-content\\\/uploads\\\/sites\\\/6\\\/2021\\\/03\\\/Irak-Savunma-Bakan\u0131.jpg\",\"datePublished\":\"2021-03-29T08:38:24+00:00\",\"author\":{\"@id\":\"https:\\\/\\\/akunq.net\\\/tr\\\/#\\\/schema\\\/person\\\/096f1d38a12cce57fb855b485ed24c9e\"},\"breadcrumb\":{\"@id\":\"https:\\\/\\\/akunq.net\\\/tr\\\/?p=62105#breadcrumb\"},\"inLanguage\":\"en-US\",\"potentialAction\":[{\"@type\":\"ReadAction\",\"target\":[\"https:\\\/\\\/akunq.net\\\/tr\\\/?p=62105\"]}]},{\"@type\":\"ImageObject\",\"inLanguage\":\"en-US\",\"@id\":\"https:\\\/\\\/akunq.net\\\/tr\\\/?p=62105#primaryimage\",\"url\":\"https:\\\/\\\/akunq.net\\\/tr\\\/wp-content\\\/uploads\\\/sites\\\/6\\\/2021\\\/03\\\/Irak-Savunma-Bakan\u0131.jpg\",\"contentUrl\":\"https:\\\/\\\/akunq.net\\\/tr\\\/wp-content\\\/uploads\\\/sites\\\/6\\\/2021\\\/03\\\/Irak-Savunma-Bakan\u0131.jpg\",\"width\":840,\"height\":471},{\"@type\":\"BreadcrumbList\",\"@id\":\"https:\\\/\\\/akunq.net\\\/tr\\\/?p=62105#breadcrumb\",\"itemListElement\":[{\"@type\":\"ListItem\",\"position\":1,\"name\":\"Home\",\"item\":\"https:\\\/\\\/akunq.net\\\/tr\"},{\"@type\":\"ListItem\",\"position\":2,\"name\":\"Irak Savunma Bakan\u0131n&#8217;dan Ermeni Soyk\u0131r\u0131m\u0131 an\u0131t\u0131na ziyaret\"}]},{\"@type\":\"WebSite\",\"@id\":\"https:\\\/\\\/akunq.net\\\/tr\\\/#website\",\"url\":\"https:\\\/\\\/akunq.net\\\/tr\\\/\",\"name\":\"Bati Ermenistan Ve Bati Ermenileri Sorunlari Ara\u015ftirmalar Merkezi\",\"description\":\"\",\"potentialAction\":[{\"@type\":\"SearchAction\",\"target\":{\"@type\":\"EntryPoint\",\"urlTemplate\":\"https:\\\/\\\/akunq.net\\\/tr\\\/?s={search_term_string}\"},\"query-input\":{\"@type\":\"PropertyValueSpecification\",\"valueRequired\":true,\"valueName\":\"search_term_string\"}}],\"inLanguage\":\"en-US\"},{\"@type\":\"Person\",\"@id\":\"https:\\\/\\\/akunq.net\\\/tr\\\/#\\\/schema\\\/person\\\/096f1d38a12cce57fb855b485ed24c9e\",\"name\":\"admin\",\"url\":\"https:\\\/\\\/akunq.net\\\/tr\\\/?author=7\"}]}<\/script>\n<!-- \/ Yoast SEO plugin. -->","yoast_head_json":{"title":"Irak Savunma Bakan\u0131n'dan Ermeni Soyk\u0131r\u0131m\u0131 an\u0131t\u0131na ziyaret - Bati Ermenistan Ve Bati Ermenileri Sorunlari Ara\u015ftirmalar Merkezi","robots":{"index":"index","follow":"follow","max-snippet":"max-snippet:-1","max-image-preview":"max-image-preview:large","max-video-preview":"max-video-preview:-1"},"canonical":"https:\/\/akunq.net\/tr\/?p=62105","og_locale":"en_US","og_type":"article","og_title":"Irak Savunma Bakan\u0131n'dan Ermeni Soyk\u0131r\u0131m\u0131 an\u0131t\u0131na ziyaret - Bati Ermenistan Ve Bati Ermenileri Sorunlari Ara\u015ftirmalar Merkezi","og_description":"Resmi bir ziyaret kapsam\u0131nda Ermenistan&#8217;da bulunan Irak Savunma Bakan\u0131 Cuma \u0130nad Saadun, Ermeni mevkida\u015f\u0131 Vagharshak Harutyunyan ve Ermenistan D\u0131\u015fi\u015fleri Bakan\u0131 Ara Ayvazyan ile g\u00f6r\u00fc\u015fme ger\u00e7ekle\u015ftirdi. Irak Savunma Bakan\u0131 Ermeni yetkililerle yapt\u0131\u011f\u0131 g\u00f6r\u00fc\u015fmelerin ard\u0131ndan Yerevan&#8217;da Ermeni Soyk\u0131r\u0131m\u0131 an\u0131t\u0131n\u0131 ziyaret etti. Bakanlar, iki bakanl\u0131k aras\u0131nda savunma i\u015fbirli\u011fi konusunda bir niyet anla\u015fmas\u0131 imzalad\u0131. G\u00f6r\u00fc\u015fmelerin ard\u0131ndan Irak Savunma Bakan\u0131 [&hellip;]","og_url":"https:\/\/akunq.net\/tr\/?p=62105","og_site_name":"Bati Ermenistan Ve Bati Ermenileri Sorunlari Ara\u015ftirmalar Merkezi","article_published_time":"2021-03-29T08:38:24+00:00","og_image":[{"width":840,"height":471,"url":"https:\/\/akunq.net\/tr\/wp-content\/uploads\/sites\/6\/2021\/03\/Irak-Savunma-Bakan\u0131.jpg","type":"image\/jpeg"}],"author":"admin","twitter_card":"summary_large_image","twitter_misc":{"Written by":"admin","Est. reading time":"1 minute"},"schema":{"@context":"https:\/\/schema.org","@graph":[{"@type":"Article","@id":"https:\/\/akunq.net\/tr\/?p=62105#article","isPartOf":{"@id":"https:\/\/akunq.net\/tr\/?p=62105"},"author":{"name":"admin","@id":"https:\/\/akunq.net\/tr\/#\/schema\/person\/096f1d38a12cce57fb855b485ed24c9e"},"headline":"Irak Savunma Bakan\u0131n&#8217;dan Ermeni Soyk\u0131r\u0131m\u0131 an\u0131t\u0131na ziyaret","datePublished":"2021-03-29T08:38:24+00:00","mainEntityOfPage":{"@id":"https:\/\/akunq.net\/tr\/?p=62105"},"wordCount":117,"commentCount":0,"image":{"@id":"https:\/\/akunq.net\/tr\/?p=62105#primaryimage"},"thumbnailUrl":"https:\/\/akunq.net\/tr\/wp-content\/uploads\/sites\/6\/2021\/03\/Irak-Savunma-Bakan\u0131.jpg","articleSection":["Ermeni Soyk\u0131r\u0131m\u0131","Haberler"],"inLanguage":"en-US","potentialAction":[{"@type":"CommentAction","name":"Comment","target":["https:\/\/akunq.net\/tr\/?p=62105#respond"]}]},{"@type":"WebPage","@id":"https:\/\/akunq.net\/tr\/?p=62105","url":"https:\/\/akunq.net\/tr\/?p=62105","name":"Irak Savunma Bakan\u0131n'dan Ermeni Soyk\u0131r\u0131m\u0131 an\u0131t\u0131na ziyaret - Bati Ermenistan Ve Bati Ermenileri Sorunlari Ara\u015ftirmalar Merkezi","isPartOf":{"@id":"https:\/\/akunq.net\/tr\/#website"},"primaryImageOfPage":{"@id":"https:\/\/akunq.net\/tr\/?p=62105#primaryimage"},"image":{"@id":"https:\/\/akunq.net\/tr\/?p=62105#primaryimage"},"thumbnailUrl":"https:\/\/akunq.net\/tr\/wp-content\/uploads\/sites\/6\/2021\/03\/Irak-Savunma-Bakan\u0131.jpg","datePublished":"2021-03-29T08:38:24+00:00","author":{"@id":"https:\/\/akunq.net\/tr\/#\/schema\/person\/096f1d38a12cce57fb855b485ed24c9e"},"breadcrumb":{"@id":"https:\/\/akunq.net\/tr\/?p=62105#breadcrumb"},"inLanguage":"en-US","potentialAction":[{"@type":"ReadAction","target":["https:\/\/akunq.net\/tr\/?p=62105"]}]},{"@type":"ImageObject","inLanguage":"en-US","@id":"https:\/\/akunq.net\/tr\/?p=62105#primaryimage","url":"https:\/\/akunq.net\/tr\/wp-content\/uploads\/sites\/6\/2021\/03\/Irak-Savunma-Bakan\u0131.jpg","contentUrl":"https:\/\/akunq.net\/tr\/wp-content\/uploads\/sites\/6\/2021\/03\/Irak-Savunma-Bakan\u0131.jpg","width":840,"height":471},{"@type":"BreadcrumbList","@id":"https:\/\/akunq.net\/tr\/?p=62105#breadcrumb","itemListElement":[{"@type":"ListItem","position":1,"name":"Home","item":"https:\/\/akunq.net\/tr"},{"@type":"ListItem","position":2,"name":"Irak Savunma Bakan\u0131n&#8217;dan Ermeni Soyk\u0131r\u0131m\u0131 an\u0131t\u0131na ziyaret"}]},{"@type":"WebSite","@id":"https:\/\/akunq.net\/tr\/#website","url":"https:\/\/akunq.net\/tr\/","name":"Bati Ermenistan Ve Bati Ermenileri Sorunlari Ara\u015ftirmalar Merkezi","description":"","potentialAction":[{"@type":"SearchAction","target":{"@type":"EntryPoint","urlTemplate":"https:\/\/akunq.net\/tr\/?s={search_term_string}"},"query-input":{"@type":"PropertyValueSpecification","valueRequired":true,"valueName":"search_term_string"}}],"inLanguage":"en-US"},{"@type":"Person","@id":"https:\/\/akunq.net\/tr\/#\/schema\/person\/096f1d38a12cce57fb855b485ed24c9e","name":"admin","url":"https:\/\/akunq.net\/tr\/?author=7"}]}},"_links":{"self":[{"href":"https:\/\/akunq.net\/tr\/index.php?rest_route=\/wp\/v2\/posts\/62105","targetHints":{"allow":["GET"]}}],"collection":[{"href":"https:\/\/akunq.net\/tr\/index.php?rest_route=\/wp\/v2\/posts"}],"about":[{"href":"https:\/\/akunq.net\/tr\/index.php?rest_route=\/wp\/v2\/types\/post"}],"author":[{"embeddable":true,"href":"https:\/\/akunq.net\/tr\/index.php?rest_route=\/wp\/v2\/users\/7"}],"replies":[{"embeddable":true,"href":"https:\/\/akunq.net\/tr\/index.php?rest_route=%2Fwp%2Fv2%2Fcomments&post=62105"}],"version-history":[{"count":1,"href":"https:\/\/akunq.net\/tr\/index.php?rest_route=\/wp\/v2\/posts\/62105\/revisions"}],"predecessor-version":[{"id":62107,"href":"https:\/\/akunq.net\/tr\/index.php?rest_route=\/wp\/v2\/posts\/62105\/revisions\/62107"}],"wp:featuredmedia":[{"embeddable":true,"href":"https:\/\/akunq.net\/tr\/index.php?rest_route=\/wp\/v2\/media\/62106"}],"wp:attachment":[{"href":"https:\/\/akunq.net\/tr\/index.php?rest_route=%2Fwp%2Fv2%2Fmedia&parent=62105"}],"wp:term":[{"taxonomy":"category","embeddable":true,"href":"https:\/\/akunq.net\/tr\/index.php?rest_route=%2Fwp%2Fv2%2Fcategories&post=62105"},{"taxonomy":"post_tag","embeddable":true,"href":"https:\/\/akunq.net\/tr\/index.php?rest_route=%2Fwp%2Fv2%2Ftags&post=62105"}],"curies":[{"name":"wp","href":"https:\/\/api.w.org\/{rel}","templated":true}]}}