{"id":62099,"date":"2021-03-26T07:43:27","date_gmt":"2021-03-26T12:43:27","guid":{"rendered":"https:\/\/akunq.net\/tr\/?p=62099"},"modified":"2021-03-26T07:43:27","modified_gmt":"2021-03-26T12:43:27","slug":"dink-ailesinden-aciklama-yargilamanin-bizi-de-kamuoyunu-da-ikna-etmesi-mumkun-degil","status":"publish","type":"post","link":"https:\/\/akunq.net\/tr\/?p=62099","title":{"rendered":"Dink Ailesi&#8217;nden a\u00e7\u0131klama: Yarg\u0131laman\u0131n bizi de kamuoyunu da ikna etmesi m\u00fcmk\u00fcn de\u011fil"},"content":{"rendered":"<p><img loading=\"lazy\" decoding=\"async\" class=\"aligncenter size-medium wp-image-62100\" src=\"https:\/\/akunq.net\/tr\/wp-content\/uploads\/2021\/03\/Rakel-Dink-360x213.jpeg\" alt=\"\" width=\"360\" height=\"213\" srcset=\"https:\/\/akunq.net\/tr\/wp-content\/uploads\/sites\/6\/2021\/03\/Rakel-Dink-360x213.jpeg 360w, https:\/\/akunq.net\/tr\/wp-content\/uploads\/sites\/6\/2021\/03\/Rakel-Dink-560x332.jpeg 560w, https:\/\/akunq.net\/tr\/wp-content\/uploads\/sites\/6\/2021\/03\/Rakel-Dink-260x154.jpeg 260w, https:\/\/akunq.net\/tr\/wp-content\/uploads\/sites\/6\/2021\/03\/Rakel-Dink-160x95.jpeg 160w, https:\/\/akunq.net\/tr\/wp-content\/uploads\/sites\/6\/2021\/03\/Rakel-Dink.jpeg 760w\" sizes=\"auto, (max-width: 360px) 100vw, 360px\" \/><\/p>\n<p><em><strong>Kamu g\u00f6revlilerinin yarg\u0131land\u0131\u011f\u0131 Hrant Dink Cinayeti Davas\u0131&#8217;nda karar a\u00e7\u0131kland\u0131. Karar\u0131n ard\u0131ndan Dink Ailesi bir a\u00e7\u0131klama yapt\u0131. A\u00e7\u0131klamada &#8220;Biz ailesi olarak, arkada\u015flar\u0131 ve avukatlar\u0131yla, Hrant Dink\u2019in tabutuna omuz vermi\u015f dostlar\u0131m\u0131z\u0131n da g\u00fcc\u00fcyle; anlama, anlatma \u00e7abam\u0131z\u0131 ve hukuk m\u00fccadelemizi asla b\u0131rakmayaca\u011f\u0131z. Ta ki t\u00fcm mekanizma a\u00e7\u0131\u011fa \u00e7\u0131kar\u0131l\u0131p bir daha kullan\u0131lmayacak hale getirilene kadar&#8221; dendi.<\/strong><\/em><\/p>\n<p>Kamu g\u00f6revlilerinin yarg\u0131land\u0131\u011f\u0131 Hrant Dink Cinayeti Davas\u0131&#8217;nda karar bug\u00fcn\u00a0\u00a0<a href=\"http:\/\/www.agos.com.tr\/tr\/yazi\/25504\/dink-cinayeti-davasi-karar-aciklandi\">a\u00e7\u0131kland\u0131<\/a>. Karar\u0131n ard\u0131ndan Dink Ailesi\u00a0 yaz\u0131l\u0131 bir a\u00e7\u0131klama yay\u0131nlad\u0131. A\u00e7\u0131klama \u015f\u00f6yle:<\/p>\n<p>&#8220;Hrant Dink 19 Ocak 2007\u2019de, \u0130stanbul\u2019un g\u00f6be\u011finde, gazetesi Agos\u2019un \u00f6n\u00fcnde arkas\u0131ndan s\u0131k\u0131lan iki kur\u015funla kalle\u015f\u00e7e \u00f6ld\u00fcr\u00fcld\u00fc.<\/p>\n<p>Cinayet; Genelkurmay\u2019\u0131n, siyasilerin, yarg\u0131n\u0131n, medyan\u0131n ve baz\u0131 devlet g\u00fcd\u00fcml\u00fc s\u00f6zde sivil toplum kurulu\u015flar\u0131n\u0131n d\u00e2hil oldu\u011fu \u00fc\u00e7 y\u0131l s\u00fcren bir hedef g\u00f6sterme ve tehdit s\u00fcrecinin sonunda ger\u00e7ekle\u015fti.<\/p>\n<p>\u00d6ld\u00fcr\u00fclmeden bir hafta \u00f6nce, \u00f6ld\u00fcr\u00fclen ki\u015fi yazd\u0131\u011f\u0131 \u201c<a href=\"https:\/\/hrantdink.org\/tr\/hrant-dink\/hrant-dink-yazilari\/727-neden-hedef-secildim\">Neden hedef se\u00e7ildim?<\/a>\u201d yaz\u0131s\u0131yla hepimize bir not b\u0131rakt\u0131 ve yapt\u0131\u011f\u0131 son konu\u015fmalar\u0131nda \u201cBu devletin derinli\u011finin bana haddimi bildirme operasyonudur.\u201d\u00a0 s\u00f6zleriyle a\u00e7\u0131klad\u0131. Hrant Dink\u2019in bu son yaz\u0131s\u0131nda bahsetti\u011fi hi\u00e7bir olay, ki\u015fi veya ili\u015fki 14 y\u0131ld\u0131r soru\u015fturmaya d\u00e2hil edilmedi. \u00dcstelik de yaz\u0131s\u0131nda tan\u0131kl\u0131\u011f\u0131 ve sezgileriyle bahsetti\u011fi bir\u00e7ok \u015fey, sonras\u0131nda belgelerle de ispat edilmi\u015fken\u2026<\/p>\n<p>Operasyon \u00f6ld\u00fcrmeyle son bulmad\u0131; ihmal, \u00f6rtbas, delil karartma ve yanl\u0131\u015f y\u00f6nlendirmelerle devam etti.<\/p>\n<p>B\u00fct\u00fcn bu mekanizmay\u0131 ele almayan bir yarg\u0131laman\u0131n bizi de kamuoyunu da ikna etmesi m\u00fcmk\u00fcn de\u011fil.<\/p>\n<p>Bug\u00fcn verilen karar bu hakikatten olduk\u00e7a uzak. Kendi i\u00e7inde dahi orant\u0131s\u0131z baz\u0131 beraat ve ceza h\u00fck\u00fcmlerini anlamak da anlatmak da olduk\u00e7a g\u00fc\u00e7. Hele baz\u0131 kararlar var ki; sanki k\u00f6t\u00fcl\u00fc\u011f\u00fcn kendisi de\u011fil adeta s\u0131zmas\u0131 cezaland\u0131r\u0131lm\u0131\u015f izlenimi veriyor.<\/p>\n<p>Yarg\u0131laman\u0131n geldi\u011fi noktada, 15 Temmuz 2016\u2019da al\u00e7ak\u00e7a bir harek\u00e2tla y\u00fczlerce insan\u0131m\u0131z\u0131n \u00f6l\u00fcm\u00fcne, binlercesinin de yaralanmas\u0131na sebep olan, FET\u00d6 olarak tan\u0131mlanan odaklar\u0131n 2007\u2019de Hrant\u2019\u0131m\u0131z\u0131 da \u00f6ld\u00fcrm\u00fc\u015f oldu\u011fu s\u00f6yleniyor.<\/p>\n<p>E\u011fer bu do\u011fruysa, ba\u015f\u0131ndan beri olmas\u0131 i\u00e7in gayret g\u00f6sterdi\u011fimiz, talep etti\u011fimiz etkili soru\u015fturma zaman\u0131nda yap\u0131lsayd\u0131, neredeyse 10 y\u0131l sonra bu kadar can\u0131m\u0131z\u0131 yitirmeyecektik. Bu durumda, Hrant Dink cinayetinin zaman\u0131nda soru\u015fturulmu\u015f olmamas\u0131n\u0131n hesab\u0131n\u0131n y\u00fczlerce insan\u0131n ailesine, yak\u0131nlar\u0131na verilmesi gerekmez mi?<\/p>\n<p>Yarg\u0131n\u0131n itibar\u0131n\u0131n yerlerde gezindi\u011fi bug\u00fcnk\u00fc ortamda hangi mahkemeden adil bir karar \u00e7\u0131kabilir ki? Bu ortam elbette su\u00e7lular i\u00e7in rahatlat\u0131c\u0131d\u0131r&#8230; Maalesef, bug\u00fcn de Hrant Dink\u2019in hedef g\u00f6sterildi\u011fi ve cinayetin i\u015flendi\u011fi y\u0131llarda h\u00e2kim olan iklim ve ideolojinin benzeri h\u00e2kim. B\u00f6yle bir ortamda hangi hakikat ve adaletten bahsedilebilir? Bug\u00fcn herhangi biri \u00e7\u0131k\u0131p \u201cHrant Dink\u2019in \u00f6ld\u00fcr\u00fclmesinde Ermeni olmas\u0131n\u0131n etkisi yok\u201d diyebilir mi? Bu mekanizman\u0131n k\u0131lcal damarlar\u0131na kadar i\u015flemi\u015f \u0131rk\u00e7\u0131l\u0131k nas\u0131l ink\u00e2r edilebilir?<\/p>\n<p>Bu dava bu haliyle kapat\u0131l\u0131p, y\u0131llar\u0131n derin devlet mekanizmas\u0131na FET\u00d6 deyip ge\u00e7ilir ve etkili bir soru\u015fturma y\u00fcr\u00fct\u00fclmezse, bundan sonraki y\u0131llarda kaybedilecek ba\u015fka canlar\u0131n sorumlulu\u011fu kimin olacakt\u0131r? Katil nas\u0131l bir \u00e7ocuktuysa, FET\u00d6 de Ergenekon da \u00e7ocuk. Mekanizma ise \u00e7ok daha ya\u015fl\u0131. Bu mekanizman\u0131n ba\u015fka canlar almaya devam etmesine m\u00fcsaade edilmemeli.<\/p>\n<p>Bir an \u00f6nce \u015feffafl\u0131k, demokrasi ve hukuk ikliminin tesis edilmesi hepimiz i\u00e7in hava gibi, ekmek gibi, su gibi bir ihtiya\u00e7. Nihayetinde umulan \u015fey bir y\u00fczle\u015fme: Toplumun bu su\u00e7la y\u00fczle\u015fmesi, su\u00e7lunun su\u00e7uyla y\u00fczle\u015fmesi ve kurumlar\u0131n gerekli dersi \u00e7\u0131karmas\u0131.<\/p>\n<p>Biz ailesi olarak, arkada\u015flar\u0131 ve avukatlar\u0131yla, Hrant Dink\u2019in tabutuna omuz vermi\u015f dostlar\u0131m\u0131z\u0131n da g\u00fcc\u00fcyle; anlama, anlatma \u00e7abam\u0131z\u0131 ve hukuk m\u00fccadelemizi asla b\u0131rakmayaca\u011f\u0131z. Ta ki t\u00fcm mekanizma a\u00e7\u0131\u011fa \u00e7\u0131kar\u0131l\u0131p bir daha kullan\u0131lmayacak hale getirilene kadar.&#8221;<\/p>\n<p><em><strong>http:\/\/www.agos.com.tr\/tr\/yazi\/25503\/dink-ailesi-nden-aciklama-yargilamanin-bizi-de-kamuoyunu-da-ikna-etmesi-mumkun-degil\u00a0<\/strong><\/em><\/p>\n<div class=\"cf\"><\/div>\n","protected":false},"excerpt":{"rendered":"<p>Kamu g\u00f6revlilerinin yarg\u0131land\u0131\u011f\u0131 Hrant Dink Cinayeti Davas\u0131&#8217;nda karar a\u00e7\u0131kland\u0131. Karar\u0131n ard\u0131ndan Dink Ailesi bir a\u00e7\u0131klama yapt\u0131. A\u00e7\u0131klamada &#8220;Biz ailesi olarak, arkada\u015flar\u0131 ve avukatlar\u0131yla, Hrant Dink\u2019in tabutuna omuz vermi\u015f dostlar\u0131m\u0131z\u0131n da g\u00fcc\u00fcyle; anlama, anlatma \u00e7abam\u0131z\u0131 ve hukuk m\u00fccadelemizi asla b\u0131rakmayaca\u011f\u0131z. Ta ki t\u00fcm mekanizma a\u00e7\u0131\u011fa \u00e7\u0131kar\u0131l\u0131p bir daha kullan\u0131lmayacak hale getirilene kadar&#8221; dendi. Kamu g\u00f6revlilerinin yarg\u0131land\u0131\u011f\u0131 [&hellip;]<\/p>\n","protected":false},"author":7,"featured_media":62100,"comment_status":"open","ping_status":"open","sticky":false,"template":"","format":"standard","meta":{"footnotes":""},"categories":[1],"tags":[],"class_list":["post-62099","post","type-post","status-publish","format-standard","has-post-thumbnail","hentry","category-haberler"],"yoast_head":"<!-- This site is optimized with the Yoast SEO plugin v27.4 - https:\/\/yoast.com\/product\/yoast-seo-wordpress\/ -->\n<title>Dink Ailesi&#039;nden a\u00e7\u0131klama: Yarg\u0131laman\u0131n bizi de kamuoyunu da ikna etmesi m\u00fcmk\u00fcn de\u011fil - Bati Ermenistan Ve Bati Ermenileri Sorunlari Ara\u015ftirmalar Merkezi<\/title>\n<meta name=\"robots\" content=\"index, follow, max-snippet:-1, max-image-preview:large, max-video-preview:-1\" \/>\n<link rel=\"canonical\" href=\"https:\/\/akunq.net\/tr\/?p=62099\" \/>\n<meta property=\"og:locale\" content=\"en_US\" \/>\n<meta property=\"og:type\" content=\"article\" \/>\n<meta property=\"og:title\" content=\"Dink Ailesi&#039;nden a\u00e7\u0131klama: Yarg\u0131laman\u0131n bizi de kamuoyunu da ikna etmesi m\u00fcmk\u00fcn de\u011fil - Bati Ermenistan Ve Bati Ermenileri Sorunlari Ara\u015ftirmalar Merkezi\" \/>\n<meta property=\"og:description\" content=\"Kamu g\u00f6revlilerinin yarg\u0131land\u0131\u011f\u0131 Hrant Dink Cinayeti Davas\u0131&#8217;nda karar a\u00e7\u0131kland\u0131. Karar\u0131n ard\u0131ndan Dink Ailesi bir a\u00e7\u0131klama yapt\u0131. A\u00e7\u0131klamada &#8220;Biz ailesi olarak, arkada\u015flar\u0131 ve avukatlar\u0131yla, Hrant Dink\u2019in tabutuna omuz vermi\u015f dostlar\u0131m\u0131z\u0131n da g\u00fcc\u00fcyle; anlama, anlatma \u00e7abam\u0131z\u0131 ve hukuk m\u00fccadelemizi asla b\u0131rakmayaca\u011f\u0131z. Ta ki t\u00fcm mekanizma a\u00e7\u0131\u011fa \u00e7\u0131kar\u0131l\u0131p bir daha kullan\u0131lmayacak hale getirilene kadar&#8221; dendi. Kamu g\u00f6revlilerinin yarg\u0131land\u0131\u011f\u0131 [&hellip;]\" \/>\n<meta property=\"og:url\" content=\"https:\/\/akunq.net\/tr\/?p=62099\" \/>\n<meta property=\"og:site_name\" content=\"Bati Ermenistan Ve Bati Ermenileri Sorunlari Ara\u015ftirmalar Merkezi\" \/>\n<meta property=\"article:published_time\" content=\"2021-03-26T12:43:27+00:00\" \/>\n<meta property=\"og:image\" content=\"https:\/\/akunq.net\/tr\/wp-content\/uploads\/sites\/6\/2021\/03\/Rakel-Dink.jpeg\" \/>\n\t<meta property=\"og:image:width\" content=\"760\" \/>\n\t<meta property=\"og:image:height\" content=\"450\" \/>\n\t<meta property=\"og:image:type\" content=\"image\/jpeg\" \/>\n<meta name=\"author\" content=\"admin\" \/>\n<meta name=\"twitter:card\" content=\"summary_large_image\" \/>\n<meta name=\"twitter:label1\" content=\"Written by\" \/>\n\t<meta name=\"twitter:data1\" content=\"admin\" \/>\n\t<meta name=\"twitter:label2\" content=\"Est. reading time\" \/>\n\t<meta name=\"twitter:data2\" content=\"4 minutes\" \/>\n<script type=\"application\/ld+json\" class=\"yoast-schema-graph\">{\"@context\":\"https:\\\/\\\/schema.org\",\"@graph\":[{\"@type\":\"Article\",\"@id\":\"https:\\\/\\\/akunq.net\\\/tr\\\/?p=62099#article\",\"isPartOf\":{\"@id\":\"https:\\\/\\\/akunq.net\\\/tr\\\/?p=62099\"},\"author\":{\"name\":\"admin\",\"@id\":\"https:\\\/\\\/akunq.net\\\/tr\\\/#\\\/schema\\\/person\\\/096f1d38a12cce57fb855b485ed24c9e\"},\"headline\":\"Dink Ailesi&#8217;nden a\u00e7\u0131klama: Yarg\u0131laman\u0131n bizi de kamuoyunu da ikna etmesi m\u00fcmk\u00fcn de\u011fil\",\"datePublished\":\"2021-03-26T12:43:27+00:00\",\"mainEntityOfPage\":{\"@id\":\"https:\\\/\\\/akunq.net\\\/tr\\\/?p=62099\"},\"wordCount\":761,\"commentCount\":0,\"image\":{\"@id\":\"https:\\\/\\\/akunq.net\\\/tr\\\/?p=62099#primaryimage\"},\"thumbnailUrl\":\"https:\\\/\\\/akunq.net\\\/tr\\\/wp-content\\\/uploads\\\/sites\\\/6\\\/2021\\\/03\\\/Rakel-Dink.jpeg\",\"articleSection\":[\"Haberler\"],\"inLanguage\":\"en-US\",\"potentialAction\":[{\"@type\":\"CommentAction\",\"name\":\"Comment\",\"target\":[\"https:\\\/\\\/akunq.net\\\/tr\\\/?p=62099#respond\"]}]},{\"@type\":\"WebPage\",\"@id\":\"https:\\\/\\\/akunq.net\\\/tr\\\/?p=62099\",\"url\":\"https:\\\/\\\/akunq.net\\\/tr\\\/?p=62099\",\"name\":\"Dink Ailesi'nden a\u00e7\u0131klama: Yarg\u0131laman\u0131n bizi de kamuoyunu da ikna etmesi m\u00fcmk\u00fcn de\u011fil - Bati Ermenistan Ve Bati Ermenileri Sorunlari Ara\u015ftirmalar Merkezi\",\"isPartOf\":{\"@id\":\"https:\\\/\\\/akunq.net\\\/tr\\\/#website\"},\"primaryImageOfPage\":{\"@id\":\"https:\\\/\\\/akunq.net\\\/tr\\\/?p=62099#primaryimage\"},\"image\":{\"@id\":\"https:\\\/\\\/akunq.net\\\/tr\\\/?p=62099#primaryimage\"},\"thumbnailUrl\":\"https:\\\/\\\/akunq.net\\\/tr\\\/wp-content\\\/uploads\\\/sites\\\/6\\\/2021\\\/03\\\/Rakel-Dink.jpeg\",\"datePublished\":\"2021-03-26T12:43:27+00:00\",\"author\":{\"@id\":\"https:\\\/\\\/akunq.net\\\/tr\\\/#\\\/schema\\\/person\\\/096f1d38a12cce57fb855b485ed24c9e\"},\"breadcrumb\":{\"@id\":\"https:\\\/\\\/akunq.net\\\/tr\\\/?p=62099#breadcrumb\"},\"inLanguage\":\"en-US\",\"potentialAction\":[{\"@type\":\"ReadAction\",\"target\":[\"https:\\\/\\\/akunq.net\\\/tr\\\/?p=62099\"]}]},{\"@type\":\"ImageObject\",\"inLanguage\":\"en-US\",\"@id\":\"https:\\\/\\\/akunq.net\\\/tr\\\/?p=62099#primaryimage\",\"url\":\"https:\\\/\\\/akunq.net\\\/tr\\\/wp-content\\\/uploads\\\/sites\\\/6\\\/2021\\\/03\\\/Rakel-Dink.jpeg\",\"contentUrl\":\"https:\\\/\\\/akunq.net\\\/tr\\\/wp-content\\\/uploads\\\/sites\\\/6\\\/2021\\\/03\\\/Rakel-Dink.jpeg\",\"width\":760,\"height\":450},{\"@type\":\"BreadcrumbList\",\"@id\":\"https:\\\/\\\/akunq.net\\\/tr\\\/?p=62099#breadcrumb\",\"itemListElement\":[{\"@type\":\"ListItem\",\"position\":1,\"name\":\"Home\",\"item\":\"https:\\\/\\\/akunq.net\\\/tr\"},{\"@type\":\"ListItem\",\"position\":2,\"name\":\"Dink Ailesi&#8217;nden a\u00e7\u0131klama: Yarg\u0131laman\u0131n bizi de kamuoyunu da ikna etmesi m\u00fcmk\u00fcn de\u011fil\"}]},{\"@type\":\"WebSite\",\"@id\":\"https:\\\/\\\/akunq.net\\\/tr\\\/#website\",\"url\":\"https:\\\/\\\/akunq.net\\\/tr\\\/\",\"name\":\"Bati Ermenistan Ve Bati Ermenileri Sorunlari Ara\u015ftirmalar Merkezi\",\"description\":\"\",\"potentialAction\":[{\"@type\":\"SearchAction\",\"target\":{\"@type\":\"EntryPoint\",\"urlTemplate\":\"https:\\\/\\\/akunq.net\\\/tr\\\/?s={search_term_string}\"},\"query-input\":{\"@type\":\"PropertyValueSpecification\",\"valueRequired\":true,\"valueName\":\"search_term_string\"}}],\"inLanguage\":\"en-US\"},{\"@type\":\"Person\",\"@id\":\"https:\\\/\\\/akunq.net\\\/tr\\\/#\\\/schema\\\/person\\\/096f1d38a12cce57fb855b485ed24c9e\",\"name\":\"admin\",\"url\":\"https:\\\/\\\/akunq.net\\\/tr\\\/?author=7\"}]}<\/script>\n<!-- \/ Yoast SEO plugin. -->","yoast_head_json":{"title":"Dink Ailesi'nden a\u00e7\u0131klama: Yarg\u0131laman\u0131n bizi de kamuoyunu da ikna etmesi m\u00fcmk\u00fcn de\u011fil - Bati Ermenistan Ve Bati Ermenileri Sorunlari Ara\u015ftirmalar Merkezi","robots":{"index":"index","follow":"follow","max-snippet":"max-snippet:-1","max-image-preview":"max-image-preview:large","max-video-preview":"max-video-preview:-1"},"canonical":"https:\/\/akunq.net\/tr\/?p=62099","og_locale":"en_US","og_type":"article","og_title":"Dink Ailesi'nden a\u00e7\u0131klama: Yarg\u0131laman\u0131n bizi de kamuoyunu da ikna etmesi m\u00fcmk\u00fcn de\u011fil - Bati Ermenistan Ve Bati Ermenileri Sorunlari Ara\u015ftirmalar Merkezi","og_description":"Kamu g\u00f6revlilerinin yarg\u0131land\u0131\u011f\u0131 Hrant Dink Cinayeti Davas\u0131&#8217;nda karar a\u00e7\u0131kland\u0131. Karar\u0131n ard\u0131ndan Dink Ailesi bir a\u00e7\u0131klama yapt\u0131. A\u00e7\u0131klamada &#8220;Biz ailesi olarak, arkada\u015flar\u0131 ve avukatlar\u0131yla, Hrant Dink\u2019in tabutuna omuz vermi\u015f dostlar\u0131m\u0131z\u0131n da g\u00fcc\u00fcyle; anlama, anlatma \u00e7abam\u0131z\u0131 ve hukuk m\u00fccadelemizi asla b\u0131rakmayaca\u011f\u0131z. Ta ki t\u00fcm mekanizma a\u00e7\u0131\u011fa \u00e7\u0131kar\u0131l\u0131p bir daha kullan\u0131lmayacak hale getirilene kadar&#8221; dendi. Kamu g\u00f6revlilerinin yarg\u0131land\u0131\u011f\u0131 [&hellip;]","og_url":"https:\/\/akunq.net\/tr\/?p=62099","og_site_name":"Bati Ermenistan Ve Bati Ermenileri Sorunlari Ara\u015ftirmalar Merkezi","article_published_time":"2021-03-26T12:43:27+00:00","og_image":[{"width":760,"height":450,"url":"https:\/\/akunq.net\/tr\/wp-content\/uploads\/sites\/6\/2021\/03\/Rakel-Dink.jpeg","type":"image\/jpeg"}],"author":"admin","twitter_card":"summary_large_image","twitter_misc":{"Written by":"admin","Est. reading time":"4 minutes"},"schema":{"@context":"https:\/\/schema.org","@graph":[{"@type":"Article","@id":"https:\/\/akunq.net\/tr\/?p=62099#article","isPartOf":{"@id":"https:\/\/akunq.net\/tr\/?p=62099"},"author":{"name":"admin","@id":"https:\/\/akunq.net\/tr\/#\/schema\/person\/096f1d38a12cce57fb855b485ed24c9e"},"headline":"Dink Ailesi&#8217;nden a\u00e7\u0131klama: Yarg\u0131laman\u0131n bizi de kamuoyunu da ikna etmesi m\u00fcmk\u00fcn de\u011fil","datePublished":"2021-03-26T12:43:27+00:00","mainEntityOfPage":{"@id":"https:\/\/akunq.net\/tr\/?p=62099"},"wordCount":761,"commentCount":0,"image":{"@id":"https:\/\/akunq.net\/tr\/?p=62099#primaryimage"},"thumbnailUrl":"https:\/\/akunq.net\/tr\/wp-content\/uploads\/sites\/6\/2021\/03\/Rakel-Dink.jpeg","articleSection":["Haberler"],"inLanguage":"en-US","potentialAction":[{"@type":"CommentAction","name":"Comment","target":["https:\/\/akunq.net\/tr\/?p=62099#respond"]}]},{"@type":"WebPage","@id":"https:\/\/akunq.net\/tr\/?p=62099","url":"https:\/\/akunq.net\/tr\/?p=62099","name":"Dink Ailesi'nden a\u00e7\u0131klama: Yarg\u0131laman\u0131n bizi de kamuoyunu da ikna etmesi m\u00fcmk\u00fcn de\u011fil - Bati Ermenistan Ve Bati Ermenileri Sorunlari Ara\u015ftirmalar Merkezi","isPartOf":{"@id":"https:\/\/akunq.net\/tr\/#website"},"primaryImageOfPage":{"@id":"https:\/\/akunq.net\/tr\/?p=62099#primaryimage"},"image":{"@id":"https:\/\/akunq.net\/tr\/?p=62099#primaryimage"},"thumbnailUrl":"https:\/\/akunq.net\/tr\/wp-content\/uploads\/sites\/6\/2021\/03\/Rakel-Dink.jpeg","datePublished":"2021-03-26T12:43:27+00:00","author":{"@id":"https:\/\/akunq.net\/tr\/#\/schema\/person\/096f1d38a12cce57fb855b485ed24c9e"},"breadcrumb":{"@id":"https:\/\/akunq.net\/tr\/?p=62099#breadcrumb"},"inLanguage":"en-US","potentialAction":[{"@type":"ReadAction","target":["https:\/\/akunq.net\/tr\/?p=62099"]}]},{"@type":"ImageObject","inLanguage":"en-US","@id":"https:\/\/akunq.net\/tr\/?p=62099#primaryimage","url":"https:\/\/akunq.net\/tr\/wp-content\/uploads\/sites\/6\/2021\/03\/Rakel-Dink.jpeg","contentUrl":"https:\/\/akunq.net\/tr\/wp-content\/uploads\/sites\/6\/2021\/03\/Rakel-Dink.jpeg","width":760,"height":450},{"@type":"BreadcrumbList","@id":"https:\/\/akunq.net\/tr\/?p=62099#breadcrumb","itemListElement":[{"@type":"ListItem","position":1,"name":"Home","item":"https:\/\/akunq.net\/tr"},{"@type":"ListItem","position":2,"name":"Dink Ailesi&#8217;nden a\u00e7\u0131klama: Yarg\u0131laman\u0131n bizi de kamuoyunu da ikna etmesi m\u00fcmk\u00fcn de\u011fil"}]},{"@type":"WebSite","@id":"https:\/\/akunq.net\/tr\/#website","url":"https:\/\/akunq.net\/tr\/","name":"Bati Ermenistan Ve Bati Ermenileri Sorunlari Ara\u015ftirmalar Merkezi","description":"","potentialAction":[{"@type":"SearchAction","target":{"@type":"EntryPoint","urlTemplate":"https:\/\/akunq.net\/tr\/?s={search_term_string}"},"query-input":{"@type":"PropertyValueSpecification","valueRequired":true,"valueName":"search_term_string"}}],"inLanguage":"en-US"},{"@type":"Person","@id":"https:\/\/akunq.net\/tr\/#\/schema\/person\/096f1d38a12cce57fb855b485ed24c9e","name":"admin","url":"https:\/\/akunq.net\/tr\/?author=7"}]}},"_links":{"self":[{"href":"https:\/\/akunq.net\/tr\/index.php?rest_route=\/wp\/v2\/posts\/62099","targetHints":{"allow":["GET"]}}],"collection":[{"href":"https:\/\/akunq.net\/tr\/index.php?rest_route=\/wp\/v2\/posts"}],"about":[{"href":"https:\/\/akunq.net\/tr\/index.php?rest_route=\/wp\/v2\/types\/post"}],"author":[{"embeddable":true,"href":"https:\/\/akunq.net\/tr\/index.php?rest_route=\/wp\/v2\/users\/7"}],"replies":[{"embeddable":true,"href":"https:\/\/akunq.net\/tr\/index.php?rest_route=%2Fwp%2Fv2%2Fcomments&post=62099"}],"version-history":[{"count":1,"href":"https:\/\/akunq.net\/tr\/index.php?rest_route=\/wp\/v2\/posts\/62099\/revisions"}],"predecessor-version":[{"id":62101,"href":"https:\/\/akunq.net\/tr\/index.php?rest_route=\/wp\/v2\/posts\/62099\/revisions\/62101"}],"wp:featuredmedia":[{"embeddable":true,"href":"https:\/\/akunq.net\/tr\/index.php?rest_route=\/wp\/v2\/media\/62100"}],"wp:attachment":[{"href":"https:\/\/akunq.net\/tr\/index.php?rest_route=%2Fwp%2Fv2%2Fmedia&parent=62099"}],"wp:term":[{"taxonomy":"category","embeddable":true,"href":"https:\/\/akunq.net\/tr\/index.php?rest_route=%2Fwp%2Fv2%2Fcategories&post=62099"},{"taxonomy":"post_tag","embeddable":true,"href":"https:\/\/akunq.net\/tr\/index.php?rest_route=%2Fwp%2Fv2%2Ftags&post=62099"}],"curies":[{"name":"wp","href":"https:\/\/api.w.org\/{rel}","templated":true}]}}