{"id":62093,"date":"2021-03-26T04:54:51","date_gmt":"2021-03-26T09:54:51","guid":{"rendered":"https:\/\/akunq.net\/tr\/?p=62093"},"modified":"2021-03-26T04:59:09","modified_gmt":"2021-03-26T09:59:09","slug":"yildiz-sarayinda-bir-cinayet-davasi-sorusturmasinin-gizemi","status":"publish","type":"post","link":"https:\/\/akunq.net\/tr\/?p=62093","title":{"rendered":"Y\u0131ld\u0131z Saray\u0131&#8217;nda bir cinayet davas\u0131 soru\u015fturmas\u0131n\u0131n gizemi"},"content":{"rendered":"<section class=\"entry-article-topper\">\n<div class=\"grid-x grid-margin-x\">\n<div class=\"cell\">\n<div class=\"entry-header clearfix has-avatar\">\n<div class=\"entry-subtitle\">\n<p><em><strong>T\u00fcm hayat\u0131n\u0131 devlet hizmetine adam\u0131\u015f Mithat Pa\u015fa neden \u00f6ld\u00fcr\u00fcld\u00fc? Sultan Abd\u00fclhamid idam cezas\u0131na ra\u011fmen neden affetti ve Mithat Pa\u015fa&#8217;n\u0131n iddia edildi\u011fi gibi Sultan Abd\u00fclaziz&#8217;in \u00f6l\u00fcm\u00fcnde parma\u011f\u0131 var m\u0131yd\u0131?<\/strong><\/em><\/p>\n<\/div>\n<div class=\"author-avatar\"><a href=\"https:\/\/www.indyturk.com\/taxonomy\/term\/65636\"><img decoding=\"async\" src=\"https:\/\/www.indyturk.com\/sites\/default\/files\/styles\/150x150\/public\/Mehmet%20Mazlum.png?itok=C7PwNd-I\" alt=\"\" \/><\/a><\/div>\n<div class=\"entry-meta-wrapper\">\n<div class=\"grid-x align-justify align-middle\">\n<div class=\"cell shrink\">\n<div class=\"entry-meta\">\n<div class=\"entry-meta-field entry-meta-author\"><strong><a href=\"https:\/\/www.indyturk.com\/taxonomy\/term\/65636\">Mehmed Mazlum \u00c7elik\u00a0<\/a><span class=\"author-twitter\"><a href=\"https:\/\/twitter.com\/mehmedmazlumcel\">@mehmedmazlumcel<\/a><\/span>\u00a0<\/strong><\/div>\n<div class=\"entry-meta-field entry-meta-publish-date\"><\/div>\n<\/div>\n<\/div>\n<div class=\"cell large-shrink\">\n<div class=\"follow-block\"><\/div>\n<\/div>\n<\/div>\n<\/div>\n<\/div>\n<div class=\"entry-media\">\n<div class=\"entry-media-inner-img\"><img decoding=\"async\" class=\"lazy fill-content abs-element\" src=\"https:\/\/www.indyturk.com\/sites\/default\/files\/styles\/1368x911\/public\/article\/main_image\/2021\/03\/10\/609341-392713519.png?itok=3hUjUXBm\" \/><\/div>\n<\/div>\n<\/div>\n<\/div>\n<\/section>\n<div class=\"grid-container\">\n<article class=\"entry-article\">\n<div class=\"grid-x align-justify\">\n<div class=\"content-wrap-holder cell\">\n<div class=\"region region-content\">\n<div id=\"block-system-main\" class=\"block block-system\">\n<div class=\"content\">\n<div class=\"content-wrap\">\n<div class=\"printable-area page-taxonomy-term-48796\" dir=\"ltr\">\n<div class=\"entry-content\" data-io-article-url=\"https:\/\/www.indyturk.com\/node\/328016\/k%C3%BClt%C3%BCr\/y%C4%B1ld%C4%B1z-saray%C4%B1nda-bir-cinayet-davas%C4%B1-soru%C5%9Fturmas%C4%B1n%C4%B1n-gizemi\">\n<div class=\"field field-name-body field-type-text-with-summary field-label-hidden\">\n<div class=\"field-items\">\n<div class=\"field-item even\">\n<p><a href=\"https:\/\/www.indyturk.com\/tags\/demokrat-parti-0\">Demokrat Parti<\/a>&#8216;nin Tek Parti rejimini y\u0131kt\u0131\u011f\u0131 1950 senesi sonras\u0131nda bir\u00e7ok yanl\u0131\u015f uygulamadan s\u00fcratle geri d\u00f6n\u00fcld\u00fc.<\/p>\n<p><a href=\"https:\/\/www.indyturk.com\/tags\/t%C3%BCrk%C3%A7e-ezan\">T\u00fcrk\u00e7e ezan<\/a>\u00a0gibi hilkat garibesi baz\u0131 uygulamalardan vazge\u00e7ildi\u011fi gibi bir\u00e7ok isme iade-i itibarda bulunuldu.<\/p>\n<p>Bu uygulamalardan \u015f\u00fcphesiz en ilgin\u00e7 olan\u0131, aslen \u0130ttihat ve Terakki&#8217;nin eski bir mensubu olan Demokrat Parti Cumhurba\u015fkan\u0131\u00a0<a href=\"https:\/\/www.indyturk.com\/tags\/celal-bayar\">Celal Bayar<\/a>&#8216;\u0131n bilhassa alakadar oldu\u011fu bir mezar ta\u015f\u0131ma i\u015flemiydi.<\/p>\n<p>Mezar\u0131 ta\u015f\u0131nan ki\u015fi, bug\u00fcn\u00a0<a href=\"https:\/\/www.indyturk.com\/tags\/sultan-abdulhamid\">Abd\u00fclhamid<\/a>\u00a0tarafgirli\u011fi ile \u00f6ne \u00e7\u0131kan baz\u0131 mutaass\u0131p kesimlerin hain olarak lanse etti\u011fi ve ismini yerden yere \u00e7ald\u0131klar\u0131\u00a0<a href=\"https:\/\/www.indyturk.com\/tags\/mithat-pa%C5%9Fa\">Mithat Pa\u015fa<\/a>&#8216;ya aitti.<\/p>\n<div class=\"dnd-widget-wrapper context-custom_image type-image\">\n<div class=\"dnd-atom-rendered\">\n<div class=\"entry-media-inner-img\"><img loading=\"lazy\" decoding=\"async\" title=\"Mithat Pa\u015fa.jpg\" src=\"https:\/\/www.indyturk.com\/sites\/default\/files\/styles\/800xauto\/public\/thumbnails\/image\/2021\/03\/12\/609326-940194019.jpg?itok=dlrjP051\" alt=\"Mithat Pa\u015fa.jpg\" width=\"659\" height=\"900\" \/><\/div>\n<\/div>\n<div class=\"dnd-caption-wrapper\">\n<div class=\"meta\"><em>Mithat Pa\u015fa \/ Foto\u011fraf: Wikipedia\u200b\u200b\u200b\u200b\u200b\u200b<\/em><\/div>\n<\/div>\n<\/div>\n<p>Cumhurba\u015fkan\u0131 Bayar, Cidde B\u00fcy\u00fckel\u00e7imiz Cevdet \u00dclker&#8217;e kesin bir talimatla verdi\u011fi emirde Merhum Mithat Pa\u015fa&#8217;n\u0131n naa\u015f\u0131n\u0131n vatan\u0131na getirilmesi i\u00e7in gerekenlerin s\u00fcratle yap\u0131lmas\u0131n\u0131 istedi.<\/p>\n<p>Suudi Arabistanl\u0131 yetkililerin de yard\u0131m\u0131yla 6 Haziran 1951 tarihinde Mithat Pa\u015fa&#8217;n\u0131n g\u00f6m\u00fcl\u00fc oldu\u011fu mezar a\u00e7\u0131ld\u0131 ve askeri t\u00f6renle yurda getirilmek \u00fczere yola \u00e7\u0131kar\u0131ld\u0131.<\/p>\n<p>Nihayet 26 Haziran 1951 tarihinde Mithat Pa\u015fa&#8217;n\u0131n naa\u015f\u0131 \u00f6l\u00fcm\u00fcnden yakla\u015f\u0131k 70 k\u00fcsur sene sonra vatan\u0131na d\u00f6nm\u00fc\u015ft\u00fc.<\/p>\n<p>Demokrat Partili Cumhurba\u015fkan\u0131 Celal Bayar, Mithat Pa\u015fa&#8217;n\u0131n mezar\u0131 ba\u015f\u0131nda \u015fu s\u00f6zleri sarf edecekti;<\/p>\n<blockquote><p><em>Zul\u00fcm ve istibdat insanlar\u0131 ma\u011fdur edebilir, fakat milletine hizmet edenlerin k\u0131ymetini hi\u00e7bir zaman azaltm\u0131yor. Ferd\u00ee saltanat\u0131n idaresi, hanedan menfaatlerinin korunmas\u0131 pahas\u0131na irtik\u00e2p olunan cinayete kar\u015f\u0131 hak yerini bulmu\u015f oluyor.<\/em><\/p><\/blockquote>\n<p>Ak\u0131llarda ise \u015fu sorular kalacakt\u0131;<\/p>\n<p class=\"rteindent1\"><em>T\u00fcm hayat\u0131n\u0131 devlet hizmetine adam\u0131\u015f Mithat Pa\u015fa neden \u00f6ld\u00fcr\u00fcld\u00fc?<\/em><\/p>\n<p class=\"rteindent1\"><em>Sultan Abd\u00fclhamid idam cezas\u0131na ra\u011fmen neden affetti ve Mithat Pa\u015fa&#8217;n\u0131n iddia edildi\u011fi gibi Sultan Abd\u00fclaziz&#8217;in \u00f6l\u00fcm\u00fcnde parma\u011f\u0131 var m\u0131yd\u0131?<\/em><\/p>\n<p><strong>Y\u0131ld\u0131z Saray\u0131&#8217;nda kurulan bir mahkeme de\u011fil, dara\u011fac\u0131yd\u0131<\/strong><\/p>\n<p>Sultan Abd\u00fclhamid,\u00a0<a href=\"https:\/\/www.indyturk.com\/tags\/ali-suavi\">Ali Suavi<\/a>\u00a0Vakas\u0131n\u0131n meydana getirdi\u011fi deprem sonras\u0131 \u015eehzade Murad fasl\u0131n\u0131 ve kendisine muhalif olarak g\u00f6rd\u00fc\u011f\u00fc isimleri tamamen tasfiye etmek \u00fczere\u00a0<a href=\"https:\/\/www.indyturk.com\/tags\/sultan-abd%C3%BClaziz\">Sultan Abd\u00fclaziz<\/a>&#8216;in \u00f6l\u00fcm\u00fc \u00fczerindeki \u015fayialar\u0131 ara\u015ft\u0131rmak \u00fczere Y\u0131ld\u0131z Saray\u0131&#8217;nda bir mahkeme kurdurttu.<\/p>\n<p>Mahkeme azalar\u0131 olarak se\u00e7ilen ve su\u00e7lamalar\u0131n isnat edildi\u011fi ki\u015filer son derece politik kimselerdi. Konuyla ilgili elimizde bulunan en g\u00fc\u00e7l\u00fc kayna\u011f\u0131n m\u00fcellifi \u0130smail Hakk\u0131 Uzun\u00e7ar\u015f\u0131l\u0131 davay\u0131 Mithat Pa\u015fa&#8217;n\u0131n tasfiyesi olarak yorumlayacakt\u0131;<\/p>\n<blockquote><p><em>Abd\u00fclhamid&#8217;in en ziyade \u00e7ekindi\u011fi Midhat Pa\u015fa idi. Mustafa Re\u015fit, Ali ve Fuad Pa\u015falar&#8217;dan sonra halk\u00e7a en ziyade tan\u0131nm\u0131\u015f bir vezirdi. \u015eahsi bir emel ve ihtiras\u0131 yoktu, fakat bu kadar meziyetleriyle beraber ayn\u0131 zamanda safdildi, etraf\u0131ndaki mahdut bir z\u00fcmre ile pervas\u0131zca hareketleri, aleyhtarlar\u0131 taraf\u0131ndan m\u00fcbala\u011fal\u0131 surette saraya anlat\u0131l\u0131yordu.<\/em><\/p>\n<p>Midhat Pa\u015fa s\u0131rf, me\u015fruti idare kurmak i\u00e7in Abd\u00fclaziz&#8217;in hal&#8217;ine taraftar olmu\u015ftu. Sultan Hamid gibi kinci, vehimli bir h\u00fck\u00fcmdara kafa tutarak ba\u015flad\u0131\u011f\u0131 b\u00fct\u00fcn i\u015fleri y\u00fcz\u00fcst\u00fc b\u0131rakmas\u0131, h\u00fck\u00fcmet reislerine laz\u0131m olan teenni ve ihtiyata riayet etmeyerek pervas\u0131z hareketi, hem kendi felaketini hem de memleketin zarar\u0131n\u0131 mucip olmu\u015ftur.<\/p>\n<p>G\u00f6rd\u00fc\u011f\u00fcm vesikalarla okudu\u011fum eserlerden \u015funu anlad\u0131m ki, Midhat Pa\u015fa b\u00fcy\u00fck vatanperver ve m\u00fckemmel te\u015fkilat\u00e7\u0131, d\u00fcr\u00fcst afif, fedak\u00e2r bir devlet adam\u0131 olmu\u015f, fakat bir h\u00fck\u00fcmet reisi olamam\u0131\u015ft\u0131r. Abd\u00fclaziz&#8217; in hal&#8217;inde amil olan Midhat Pa\u015fa&#8217;n\u0131n onun \u00f6l\u00fcm\u00fcnde rol\u00fc yoktu, bunu Abd\u00fclhamid&#8217;de biliyordu. Abd\u00fclhamid \u00e7ok korkup \u00e7ekindi\u011fi Midhat Pa\u015fa&#8217;y\u0131 padi\u015fah katili olarak halk nazar\u0131nda \u00e7\u00fcr\u00fct\u00fcp mahvetmek istiyordu.<\/p>\n<p class=\"rteright\"><em>(Taif Mahk\u00fbmlar\u0131 &#8211; Uzun\u00e7ar\u015f\u0131l\u0131)<\/em><\/p>\n<\/blockquote>\n<div class=\"dnd-widget-wrapper context-custom_image type-image\">\n<div class=\"dnd-atom-rendered\">\n<div class=\"entry-media-inner-img\"><img loading=\"lazy\" decoding=\"async\" title=\"Abd\u00fclhamid.jpg\" src=\"https:\/\/www.indyturk.com\/sites\/default\/files\/styles\/800xauto\/public\/thumbnails\/image\/2021\/03\/12\/609316-757969062.jpg?itok=e454pWDP\" alt=\"Abd\u00fclhamid.jpg\" width=\"800\" height=\"1164\" \/><\/div>\n<\/div>\n<div class=\"dnd-caption-wrapper\">\n<div class=\"meta\"><em>Sultan II. Abd\u00fclhamid \/ Foto\u011fraf: Wikipedia\u200b\u200b\u200b\u200b\u200b\u200b<\/em><\/div>\n<\/div>\n<\/div>\n<p>Mahkeme sadece iki g\u00fcn s\u00fcrm\u00fc\u015f, sonu\u00e7ta Mithat Pa\u015fa ile beraber bir\u00e7ok isme idam karar\u0131 \u00e7\u0131km\u0131\u015ft\u0131.<\/p>\n<p>Mithat Pa\u015fa y\u00f6neltilen su\u00e7lamalar sonras\u0131 iddianame ile ilgili kendisine y\u00f6neltilen bir soruya \u015f\u00f6yle cevap verecekti;<\/p>\n<blockquote><p><em>\u0130ddia Makam\u0131: Pekiyi, siz itham mazbatas\u0131n\u0131 okumu\u015fsunuzdur, nas\u0131l buldunuz?<\/em><\/p>\n<p>Mithat Pa\u015fa -\u0130tham mazbatas\u0131n\u0131n yaln\u0131z iki yerini sahih ve do\u011fru buldum. Onun da birisi ba\u015f\u0131ndaki Besmelesi ve di\u011feri nihayetindeki tarihidir. Di\u011fer yerleri yalan ve yanl\u0131\u015f ve m\u00fcnazara kaidelerinden hari\u00e7 s\u00f6zlerden ibarettir.<\/p>\n<p class=\"rteright\"><em>(Mithat Pa\u015fa&#8217;n\u0131n Hat\u0131ralar\u0131 &#8211; Osman Selim Kocahano\u011flu)<\/em><\/p>\n<\/blockquote>\n<p>Mahkeme huzuruna \u00e7\u0131kart\u0131lan isimler yaln\u0131zca Mithat Pa\u015fa ile s\u0131n\u0131rl\u0131 de\u011fildi; Damat Mahmut Celalettin Pa\u015fa, Damat Nuri Pa\u015fa ve Mabeynci Fahri Bey gibi \u00f6nemli isimler mahkemede san\u0131k olarak bulunuyordu.<\/p>\n<p>Kalan ki\u015filer binba\u015f\u0131 ve saray \u00e7al\u0131\u015fan\u0131 gibi r\u00fctbe ve g\u00f6revlere sahipti. Yine hal&#8217; fetvas\u0131na onay veren Hayrullah Efendi de yakay\u0131 kurtaramayacaklar listesindeydi.<\/p>\n<p>Mahkemeyi te\u015fkil ve icras\u0131ndan sorumlu olan isimler de Mithat Pa\u015fa aleyhtarl\u0131\u011f\u0131 aleni olan ki\u015filerdi. Bunlar\u0131n ba\u015f\u0131nda Mecelle&#8217;nin mimar\u0131 olan\u00a0<a href=\"https:\/\/www.indyturk.com\/tags\/ahmet-cevdet-pa%C5%9Fa\">Ahmet Cevdet Pa\u015fa<\/a>\u00a0geliyordu.<\/p>\n<div class=\"dnd-widget-wrapper context-custom_image type-image\">\n<div class=\"dnd-atom-rendered\">\n<div class=\"entry-media-inner-img\"><img loading=\"lazy\" decoding=\"async\" title=\"ahmet cevdet pa\u015fa.jpg\" src=\"https:\/\/www.indyturk.com\/sites\/default\/files\/styles\/800xauto\/public\/thumbnails\/image\/2021\/03\/12\/609321-235395066.jpg?itok=kdOYen08\" alt=\"ahmet cevdet pa\u015fa.jpg\" width=\"800\" height=\"1249\" \/><\/div>\n<\/div>\n<div class=\"dnd-caption-wrapper\">\n<div class=\"meta\"><em>Ahmet Cevdet Pa\u015fa\u00a0\/ Foto\u011fraf: Twitter<\/em><\/div>\n<\/div>\n<\/div>\n<p>Yine y\u0131ld\u0131z\u0131 Mithat Pa\u015fa ile bir t\u00fcrl\u00fc bar\u0131\u015fmayan Mahmut Nedim Pa\u015fa&#8217;n\u0131n D\u00e2hiliye Naz\u0131r\u0131 olarak atanmas\u0131 mahkeme s\u00fcrecini h\u0131zland\u0131ran unsurlardan birisiydi.<\/p>\n<p>Ge\u00e7mi\u015fte Mithat Pa\u015fa taraf\u0131ndan ahlaki meselelerden dolay\u0131 atamas\u0131 durdurulan Sururi Efendi mahkemenin icras\u0131nda \u00f6nemli roller \u00fcstlenecekti.<\/p>\n<p>Mahkeme nihayetinde kurulmu\u015f ve t\u00fcrl\u00fc i\u015fkencelerle san\u0131klardan itirafnameler al\u0131nm\u0131\u015ft\u0131. Buna g\u00f6re cinayet Mabeyinci Fahri Bey&#8217;in liderli\u011finde bir saray \u00e7etesi taraf\u0131ndan ger\u00e7ekle\u015ftirilmi\u015fti.<\/p>\n<p>Uzun\u00e7ar\u00e7\u0131l\u0131&#8217;n\u0131n aktard\u0131\u011f\u0131na g\u00f6re san\u0131klar ayaklar\u0131 k\u0131zg\u0131n sobaya konulmak ve hay\u00e2 b\u00f6lgelerine t\u00fcrl\u00fc eziyetler uygulanmak suretiyle itiraflar al\u0131nm\u0131\u015ft\u0131.<\/p>\n<p>Mahkeme d\u00fc\u015f\u00fcn\u00fcld\u00fc\u011f\u00fc gibi adil olmam\u0131\u015f, baz\u0131 uygulamalar yarg\u0131lamaya g\u00f6lge d\u00fc\u015f\u00fcrm\u00fc\u015ft\u00fc. Bu yanl\u0131\u015f uygulamalar daha en ba\u015fta Mithat Pa\u015fa&#8217;n\u0131n tutuklanmas\u0131 s\u00fcrecinde ba\u015flam\u0131\u015ft\u0131.<\/p>\n<p><strong>Mithat Pa\u015fa&#8217;n\u0131n evinin bas\u0131lmas\u0131 ve Frans\u0131z Konsoloslu\u011fu&#8217;na s\u0131\u011f\u0131nmas\u0131 hadisesi\u00a0<\/strong><\/p>\n<p>Mithat Pa\u015fa Avrupa&#8217;da s\u00fcrg\u00fcnde bulundu\u011fu s\u0131rada Padi\u015fah \u0130kinci Abd\u00fclhamid, onun gibi de\u011ferli bir devlet adam\u0131na Osmanl\u0131&#8217;n\u0131n ihtiyac\u0131 oldu\u011funu bildirerek yurda d\u00f6nmesini istemi\u015fti. Mithat Pa\u015fa da bunun \u00fczerine \u00fclkesine d\u00f6nm\u00fc\u015f ve \u0130zmir&#8217;e Vali olarak atanm\u0131\u015ft\u0131.<\/p>\n<p>Oysa Mithat Pa\u015fa&#8217;n\u0131n y\u00fcksek profilli bir devlet adam\u0131 olmas\u0131 ve ge\u00e7mi\u015fte \u00e7ok kritik konularda imzas\u0131 bulunmas\u0131 sebebiyle yenilik taraftar\u0131 muhaliflerin her daim onun g\u00f6lgesine s\u0131\u011f\u0131nmas\u0131na neden oluyordu.<\/p>\n<p>Bu durum zaten endi\u015feli bir padi\u015fah olan Sultan Abd\u00fclhamid&#8217;in otoritesine g\u00f6lge d\u00fc\u015f\u00fcren ve vehmini art\u0131ran bir unsurdu.<\/p>\n<p>Mithat Pa\u015fa, \u0130zmir Valili\u011fi s\u0131ras\u0131nda \u015fehirde meydana gelen her geli\u015fmeden yakinen haberdard\u0131. H\u00fcsn\u00fc Bey ismiyle ahlaki yoksunluklar\u0131 bulunan bir subay\u0131n kendisinden habersiz \u015fehre geldi\u011fi istihbarat\u0131n\u0131 ald\u0131\u011f\u0131nda bu ki\u015finin \u0130stanbul taraf\u0131ndan kendisine kar\u015f\u0131 giri\u015filecek bir operasyon i\u00e7in \u015fehre geldi\u011fini k\u0131sa s\u00fcrede anlad\u0131.<\/p>\n<div class=\"dnd-widget-wrapper context-custom_image type-image\">\n<div class=\"dnd-atom-rendered\">\n<div class=\"entry-media-inner-img\"><img loading=\"lazy\" decoding=\"async\" title=\"sultan abd\u00fclaziz.jpg\" src=\"https:\/\/www.indyturk.com\/sites\/default\/files\/styles\/800xauto\/public\/thumbnails\/image\/2021\/03\/12\/609331-586232467.jpg?itok=NZAA2C9Z\" alt=\"sultan abd\u00fclaziz.jpg\" width=\"791\" height=\"1024\" \/><\/div>\n<\/div>\n<div class=\"dnd-caption-wrapper\">\n<div class=\"meta\"><em>Sultan Abd\u00fclaziz \/ G\u00f6rsel: Pinterest<\/em><\/div>\n<\/div>\n<\/div>\n<p>\u0130stanbul&#8217;da\u00a0<a href=\"https:\/\/www.indyturk.com\/tags\/sultan-abd%C3%BClaziz\">Sultan Abd\u00fclaziz<\/a>&#8216;in \u00f6l\u00fcm\u00fcn\u00fcn ara\u015ft\u0131r\u0131ld\u0131\u011f\u0131 da Mithat Pa\u015fa&#8217;n\u0131n kula\u011f\u0131na gelmi\u015f; ama meselenin kendisiyle yak\u0131ndan uzaktan alakadar etmeyece\u011fini d\u00fc\u015f\u00fcnerek gerekli tedbiri almam\u0131\u015ft\u0131. Yine de H\u00fcsn\u00fc Bey gibi bir kelle avc\u0131s\u0131n\u0131n \u015fehre gelmi\u015f olmas\u0131 i\u00e7ini huzursuz etmi\u015fti.<\/p>\n<p>Nihayet bir gece sabaha kar\u015f\u0131 Hilmi Pa\u015fa ve H\u00fcsn\u00fc Bey \u0130zmir&#8217;de emirleri alt\u0131na ald\u0131klar\u0131 yakla\u015f\u0131k \u00fc\u00e7 bin ki\u015filik askeri birlikle Mithat Pa\u015fa&#8217;n\u0131n evini muhasara alt\u0131na ald\u0131.<\/p>\n<p>Olay\u0131n k\u00fcnh\u00fcn\u00fc kavrayamayan Mithat Pa\u015fa can havliyle evden ka\u00e7mak zorunda kald\u0131. G\u00f6rg\u00fc tan\u0131klar\u0131n\u0131n ifadesine g\u00f6re askerler evi ku\u015fat\u0131rken herhangi bir uyar\u0131da bulunmam\u0131\u015f, iki defa sadarete gelmi\u015f b\u00f6ylesi bir devlet adam\u0131n\u0131n evine kur\u015funlar sa\u00e7arak girmi\u015fti.<\/p>\n<p>Operasyonun \u015fekli g\u00f6steriyordu ki as\u0131l gaye Mithat Pa\u015fa daha mahkeme huzuruna \u00e7\u0131kmadan i\u015finin bitirmekti. Kom\u015fular\u0131n\u0131n yard\u0131m\u0131yla evden \u00e7\u0131kmay\u0131 ba\u015faran Mithat Pa\u015fa, sonralar\u0131<em>\u00a0&#8220;hayat\u0131m\u0131n en b\u00fcy\u00fck hatas\u0131yd\u0131&#8221;\u00a0<\/em>dedi\u011fi bir yanl\u0131\u015f yaparak Frans\u0131z Konsoloslu\u011fu&#8217;na\u00a0s\u0131\u011f\u0131nacakt\u0131.<\/p>\n<p>Mithat Pa\u015fa&#8217;n\u0131n hasm\u0131 olsa da Ahmet Cevdet Pa\u015fa, operasyonun \u015fekline bir hayli k\u0131zm\u0131\u015f ve Mithat Pa\u015fa gibi bir devlet adam\u0131na bu muamelenin ahlaki olmad\u0131\u011f\u0131 g\u00f6r\u00fc\u015f\u00fcn\u00fc bildirmi\u015fti.<\/p>\n<p>Mithat Pa\u015fa&#8217;n\u0131n can havliyle de olsa bir ecnebi konsoloslu\u011funa s\u0131\u011f\u0131nmas\u0131n\u0131 ise Cevdet Pa\u015fa taraf\u0131ndan sert bir muht\u0131ra ile k\u0131nanm\u0131\u015ft\u0131;<\/p>\n<blockquote><p><em>\u0130zmir&#8217;de Fransa devleti ba\u015fkonsolosh\u00e2nesine firar eyledi\u011finiz hakk\u0131nda resm\u00ee tebli\u011f vuku&#8217; bulmam\u0131\u015f olsayd\u0131, kat&#8217;iyyen inanmazd\u0131m. Hele bana \u0130stanbul&#8217;a ancak bir ecnebi gemisiyle gidebilece\u011finiz ve \u0130stanbul&#8217;da da ancak b\u00fcy\u00fckel\u00e7ilerin taahh\u00fcd\u00fc alt\u0131nda bir mahkemede muhakeme edilmeyi kabul etti\u011finiz hakk\u0131nda yollad\u0131\u011f\u0131n\u0131z haber, inan\u0131lacak gibi de\u011fildir. Ba\u015fka tedbirlere hacet b\u0131rakmadan derhal \u00e7\u0131karak teslim olman\u0131z\u0131 rica ederim.<\/em><\/p><\/blockquote>\n<p>Elbette Mithat Pa\u015fa&#8217;n\u0131n yapt\u0131\u011f\u0131 tasvip edilebilecek bir hadise de\u011fildi; ama devletine 45 sene \u015ferefle hizmet etmi\u015f iki defa Sadrazaml\u0131k makam\u0131na gelmi\u015f bir \u015fahs-\u0131 m\u00fcnevvere b\u00f6ylesi habis bir kalk\u0131\u015fman\u0131n da izah edilebilir bir taraf\u0131 bulunmamaktayd\u0131.<\/p>\n<p>Mithat Pa\u015fa bi\u00e7are durumunu \u015fu s\u00f6zlerle izah ediyordu;<\/p>\n<blockquote><p><em>Abd\u00fclaziz&#8217;in kaili meselesi, resmi makamlardan hen\u00fcz \u015fimdi i\u015fitti\u011fim bir s\u00f6z olup, madem ki b\u00f6yle bir dava var imi\u015f ve bize dahi taalluk etmi\u015ftir; dava ve muhakeme i\u00e7in bir umumi kaide var iken, asker \u015fevkiyle bu derece bir cebri muamele ve \u015fiddet yarat\u0131lmas\u0131na ne mecburiyet vard\u0131?<\/em><\/p>\n<p>Bir konuya dair bir sual vukuu buldu da cevap m\u0131 verilmedi? Veyahut muhakemeye davet olundu da imtina m\u0131 edildi?<\/p>\n<p>Muhakeme [yarg\u0131lama] konusu benim de istedi\u011fim \u015fey oldu\u011fu ve fakat \u015fu vukuat \u00fczerine emniyetim kalmad\u0131\u011f\u0131 cihetle, hayat ve namusuma halel gelmemek ve yap\u0131lacak muhakeme aleni olmak \u015fart\u0131yla, temin olunur ise muhakemeye haz\u0131r\u0131m.<\/p><\/blockquote>\n<p><strong>Mithat Pa\u015fa&#8217;n\u0131n katledilmesi ve mahpusluk: \u0130nsan \u015fu \u00f6m\u00fcr \u00fczerine daha ka\u00e7 sene ya\u015fayabilir<\/strong><\/p>\n<p>Mahkemeden pe\u015fi s\u0131ra idam kararlar\u0131 \u00e7\u0131km\u0131\u015f, Abd\u00fclhamid bu idamlar\u0131 \u00f6m\u00fcr boyu hapis cezas\u0131na \u00e7arpt\u0131rm\u0131\u015ft\u0131. Mithat Pa\u015fa&#8217;ya da Taif zindanlar\u0131n\u0131n yolu g\u00f6r\u00fcnm\u00fc\u015ft\u00fc.<\/p>\n<p>Mithat Pa\u015fa haremine yazd\u0131\u011f\u0131 mektupta ahvalini \u015fu s\u00f6zlerle anlatacakt\u0131;<\/p>\n<blockquote><p><em>Gelelim \u015fimdiki halimize, yani \u015fahsi durumumuza. Bizim arkada\u015flar\u0131n c\u00fcmlesi kederli ve \u00fczg\u00fcn iseler de, ben onlar kadar \u00fcz\u00fcnt\u00fcl\u00fc de\u011filim. Ve \u015fu durumun, benim i\u00e7in tasavvur olundu\u011fu derecede g\u00fc\u00e7 ve a\u011f\u0131r gelmiyor.<\/em><\/p>\n<p>Sebebi ya\u015f\u0131n altm\u0131\u015f\u0131 ge\u00e7mi\u015f olmas\u0131. \u0130nsan \u015fu \u00f6m\u00fcr \u00fczerine daha ka\u00e7 sene ya\u015fayabilir. Bir de mal\u00fbmunuzdur ki, ge\u00e7en seneden beri, bir tenha yer olsa da, \u00e7ekilip ve her \u015feyden feragat edip geri kalan \u00f6mr\u00fcm\u00fc ahiret i\u00e7in sarfetmeyi kurmu\u015f idim ve bunu \u00e7ok kere s\u00f6yler idim.<\/p>\n<p>En ziy\u00e2de zihni me\u015fguliyetimi Kur&#8217;an-\u0131 til\u00e2vete hasredip, elhamd\u00fclillah Kur&#8217;an-\u0131 Kerim&#8217;i yeniden ezberleyip h\u0131fza m\u00fcyesser oldum.<\/p>\n<p>\u015eimdi. &#8216;Kadde-sem&#8217; i Allah\u00fc te \u00e2l\u00e2 c\u00fcz&#8217;\u00fcne geldim. Namaza bile arzu ile devam ediyorum. Esta\u00eezubillah\u0131 &#8216;M\u00e2 Es\u00e2be inin Musibetin \u0130ll\u00e2 biiznill\u00e2hi ve men Y\u0131\u0131&#8217;miri billahi&#8230;&#8217; ayeti kerimesi benim i\u00e7in en b\u00fcy\u00fck teselli kayna\u011f\u0131d\u0131r.<\/p>\n<p>Hele aleyhimdeki iftiralar ve ne\u015friyat ve hicviyeler, bat\u0131n\u0131 ve manevi nimet ve inayettir. Ben herhalde cenab\u0131 \u00e2dil-i mutl\u00e2k&#8217;a tevekk\u00fcl ve teslimiyet halimleyim. Siz de ona teslimiyetle.<\/p>\n<p>Cenab-\u0131 Hakk\u0131n zuhur\u00e2t\u0131na m\u0131unt\u00e2z\u0131r ve l\u00fct\u00fbf ve ihsan-\u0131 il\u00e2hiyeye m\u00fcte\u015fekkir olmal\u0131s\u0131n\u0131z.<\/p><\/blockquote>\n<p>Hapishanede de has\u0131mlar\u0131 onu rahat b\u0131rakmaz ve birka\u00e7 beceriksiz suikast te\u015febb\u00fcs\u00fcnden sonra g\u00f6r\u00fc\u015ft\u00fc\u011f\u00fc kimselere \u015fu s\u00f6zleri sarf eder;<\/p>\n<blockquote><p><em>Her ne yaparlarsa yaps\u0131nlar, elhamd\u00fclillah bizler mukaddes topraklarda bulunuyoruz. Velhamd\u00fclill\u00e2h\u00ee Teal\u00e2 her \u015feyden temizlendik. Olsa olsa bizleri \u015fehit ederler. Bu da bizim i\u00e7in d\u00fcnya ve ahrette b\u00fcy\u00fck bir nimettir.<\/em><\/p><\/blockquote>\n<p>Mithat Pa\u015fa yan\u0131lmam\u0131\u015ft\u0131, bu s\u00f6zlerden k\u0131sa bir s\u00fcre sonra, Hicri 1301 senesinde has\u0131mlar\u0131 onu bo\u011farak \u015fehit etmi\u015fti.<\/p>\n<p>Uzun\u00e7ar\u015f\u0131l\u0131&#8217;n\u0131n aktard\u0131\u011f\u0131na g\u00f6re; Mithat Pa\u015fa&#8217;n\u0131n katillere s\u00f6yledi\u011fi son s\u00f6zleri, bu cinayetle devletin askerlerinin isimlerinin tarihe kara bir leke olarak ge\u00e7ece\u011fiydi.<\/p>\n<p>Nitekim Mithat Pa\u015fa bunda da yan\u0131lmam\u0131\u015ft\u0131, cinayete ortak olanlar\u0131n adlar\u0131 tarihin karanl\u0131k sayfalar\u0131na yaz\u0131lacakt\u0131. Bu c\u00fcrm\u00fc i\u015fleyenlerin tam isimleri \u015f\u00f6yleydi;<\/p>\n<blockquote><p><em>Anapl\u0131 \u00c7erkes \u0130brahim A\u011fa, Kumlal\u0131 Nuri A\u011fa, \u00c7anakkaleli Ahmet \u00c7avu\u015f, Yozgatl\u0131 Kundurac\u0131 \u0130smail, K\u00fctahyal\u0131 Ahmet, G\u00fcm\u00fclcineli Mehmet, G\u00fcm\u00fclcineli Recep, Karahisarl\u0131 Osman ve Berber \u0130smail<\/em><\/p><\/blockquote>\n<p>Mustafa Re\u015fit Pa\u015fa okulunun belki de en g\u00fczide devlet adam\u0131 Mithat Pa\u015fa bu \u015fekilde \u015fehit edilmi\u015fti.<\/p>\n<p>Kendisine ahval ve ak\u0131betine dair sorulan sorulara m\u00fctemadiyen\u00a0<a href=\"https:\/\/www.indyturk.com\/tags\/hz-h%C3%BCseyin\">Hazreti H\u00fcseyin<\/a>\u00a0\u00f6rne\u011fini verir ve \u00fclkesine hizmet etmekten asla pi\u015fman olmad\u0131\u011f\u0131n\u0131 dile getirirdi.<\/p>\n<p>Ayr\u0131ca Abd\u00fclaziz meselesinde t\u00fcm telkin ve tekliflere ra\u011fmen bu su\u00e7u kabul etmemi\u015f ve sonucu temyize g\u00f6t\u00fcren tek mahk\u00fbm olmu\u015ftu.<\/p>\n<p><em>*Daha Ayr\u0131nt\u0131l\u0131 bir Okuma i\u00e7in Uzun\u00e7ar\u015f\u0131l\u0131&#8217;n\u0131n Taif Mahk\u00fbmlar\u0131 eseri ve Osman Selim Kocahano\u011flu&#8217;nun Mithat Pa\u015fa&#8217;n\u0131n Hat\u0131ralar\u0131 ad\u0131yla yay\u0131nlanan 2 ciltlik eseri incelenebilir.<\/em><\/p>\n<p><em><strong>https:\/\/www.indyturk.com\/node\/328016\/k%C3%BClt%C3%BCr\/y%C4%B1ld%C4%B1z-saray%C4%B1nda-bir-cinayet-davas%C4%B1-soru%C5%9Fturmas%C4%B1n%C4%B1n-gizemi\u00a0<\/strong><\/em><\/p>\n<\/div>\n<\/div>\n<\/div>\n<\/div>\n<\/div>\n<\/div>\n<\/div>\n<\/div>\n<\/div>\n<\/div>\n<\/div>\n<\/article>\n<\/div>\n","protected":false},"excerpt":{"rendered":"<p>T\u00fcm hayat\u0131n\u0131 devlet hizmetine adam\u0131\u015f Mithat Pa\u015fa neden \u00f6ld\u00fcr\u00fcld\u00fc? Sultan Abd\u00fclhamid idam cezas\u0131na ra\u011fmen neden affetti ve Mithat Pa\u015fa&#8217;n\u0131n iddia edildi\u011fi gibi Sultan Abd\u00fclaziz&#8217;in \u00f6l\u00fcm\u00fcnde parma\u011f\u0131 var m\u0131yd\u0131? Mehmed Mazlum \u00c7elik\u00a0@mehmedmazlumcel\u00a0 Demokrat Parti&#8216;nin Tek Parti rejimini y\u0131kt\u0131\u011f\u0131 1950 senesi sonras\u0131nda bir\u00e7ok yanl\u0131\u015f uygulamadan s\u00fcratle geri d\u00f6n\u00fcld\u00fc. T\u00fcrk\u00e7e ezan\u00a0gibi hilkat garibesi baz\u0131 uygulamalardan vazge\u00e7ildi\u011fi gibi bir\u00e7ok [&hellip;]<\/p>\n","protected":false},"author":7,"featured_media":62094,"comment_status":"open","ping_status":"open","sticky":false,"template":"","format":"standard","meta":{"footnotes":""},"categories":[1,70,20],"tags":[],"class_list":["post-62093","post","type-post","status-publish","format-standard","has-post-thumbnail","hentry","category-haberler","category-makaleler","category-tarih-sayfalari"],"yoast_head":"<!-- This site is optimized with the Yoast SEO plugin v27.4 - https:\/\/yoast.com\/product\/yoast-seo-wordpress\/ -->\n<title>Y\u0131ld\u0131z Saray\u0131&#039;nda bir cinayet davas\u0131 soru\u015fturmas\u0131n\u0131n gizemi - Bati Ermenistan Ve Bati Ermenileri Sorunlari Ara\u015ftirmalar Merkezi<\/title>\n<meta name=\"robots\" content=\"index, follow, max-snippet:-1, max-image-preview:large, max-video-preview:-1\" \/>\n<link rel=\"canonical\" href=\"https:\/\/akunq.net\/tr\/?p=62093\" \/>\n<meta property=\"og:locale\" content=\"en_US\" \/>\n<meta property=\"og:type\" content=\"article\" \/>\n<meta property=\"og:title\" content=\"Y\u0131ld\u0131z Saray\u0131&#039;nda bir cinayet davas\u0131 soru\u015fturmas\u0131n\u0131n gizemi - Bati Ermenistan Ve Bati Ermenileri Sorunlari Ara\u015ftirmalar Merkezi\" \/>\n<meta property=\"og:description\" content=\"T\u00fcm hayat\u0131n\u0131 devlet hizmetine adam\u0131\u015f Mithat Pa\u015fa neden \u00f6ld\u00fcr\u00fcld\u00fc? Sultan Abd\u00fclhamid idam cezas\u0131na ra\u011fmen neden affetti ve Mithat Pa\u015fa&#8217;n\u0131n iddia edildi\u011fi gibi Sultan Abd\u00fclaziz&#8217;in \u00f6l\u00fcm\u00fcnde parma\u011f\u0131 var m\u0131yd\u0131? Mehmed Mazlum \u00c7elik\u00a0@mehmedmazlumcel\u00a0 Demokrat Parti&#8216;nin Tek Parti rejimini y\u0131kt\u0131\u011f\u0131 1950 senesi sonras\u0131nda bir\u00e7ok yanl\u0131\u015f uygulamadan s\u00fcratle geri d\u00f6n\u00fcld\u00fc. T\u00fcrk\u00e7e ezan\u00a0gibi hilkat garibesi baz\u0131 uygulamalardan vazge\u00e7ildi\u011fi gibi bir\u00e7ok [&hellip;]\" \/>\n<meta property=\"og:url\" content=\"https:\/\/akunq.net\/tr\/?p=62093\" \/>\n<meta property=\"og:site_name\" content=\"Bati Ermenistan Ve Bati Ermenileri Sorunlari Ara\u015ftirmalar Merkezi\" \/>\n<meta property=\"article:published_time\" content=\"2021-03-26T09:54:51+00:00\" \/>\n<meta property=\"article:modified_time\" content=\"2021-03-26T09:59:09+00:00\" \/>\n<meta property=\"og:image\" content=\"https:\/\/akunq.net\/tr\/wp-content\/uploads\/sites\/6\/2021\/03\/Yildiz-Sarayi.png\" \/>\n\t<meta property=\"og:image:width\" content=\"1368\" \/>\n\t<meta property=\"og:image:height\" content=\"911\" \/>\n\t<meta property=\"og:image:type\" content=\"image\/png\" \/>\n<meta name=\"author\" content=\"admin\" \/>\n<meta name=\"twitter:card\" content=\"summary_large_image\" \/>\n<meta name=\"twitter:label1\" content=\"Written by\" \/>\n\t<meta name=\"twitter:data1\" content=\"admin\" \/>\n\t<meta name=\"twitter:label2\" content=\"Est. reading time\" \/>\n\t<meta name=\"twitter:data2\" content=\"12 minutes\" \/>\n<script type=\"application\/ld+json\" class=\"yoast-schema-graph\">{\"@context\":\"https:\\\/\\\/schema.org\",\"@graph\":[{\"@type\":\"Article\",\"@id\":\"https:\\\/\\\/akunq.net\\\/tr\\\/?p=62093#article\",\"isPartOf\":{\"@id\":\"https:\\\/\\\/akunq.net\\\/tr\\\/?p=62093\"},\"author\":{\"name\":\"admin\",\"@id\":\"https:\\\/\\\/akunq.net\\\/tr\\\/#\\\/schema\\\/person\\\/096f1d38a12cce57fb855b485ed24c9e\"},\"headline\":\"Y\u0131ld\u0131z Saray\u0131&#8217;nda bir cinayet davas\u0131 soru\u015fturmas\u0131n\u0131n gizemi\",\"datePublished\":\"2021-03-26T09:54:51+00:00\",\"dateModified\":\"2021-03-26T09:59:09+00:00\",\"mainEntityOfPage\":{\"@id\":\"https:\\\/\\\/akunq.net\\\/tr\\\/?p=62093\"},\"wordCount\":2328,\"commentCount\":0,\"image\":{\"@id\":\"https:\\\/\\\/akunq.net\\\/tr\\\/?p=62093#primaryimage\"},\"thumbnailUrl\":\"https:\\\/\\\/akunq.net\\\/tr\\\/wp-content\\\/uploads\\\/sites\\\/6\\\/2021\\\/03\\\/Yildiz-Sarayi.png\",\"articleSection\":[\"Haberler\",\"Makaleler\",\"Tarih Sayfalar\u0131\"],\"inLanguage\":\"en-US\",\"potentialAction\":[{\"@type\":\"CommentAction\",\"name\":\"Comment\",\"target\":[\"https:\\\/\\\/akunq.net\\\/tr\\\/?p=62093#respond\"]}]},{\"@type\":\"WebPage\",\"@id\":\"https:\\\/\\\/akunq.net\\\/tr\\\/?p=62093\",\"url\":\"https:\\\/\\\/akunq.net\\\/tr\\\/?p=62093\",\"name\":\"Y\u0131ld\u0131z Saray\u0131'nda bir cinayet davas\u0131 soru\u015fturmas\u0131n\u0131n gizemi - Bati Ermenistan Ve Bati Ermenileri Sorunlari Ara\u015ftirmalar Merkezi\",\"isPartOf\":{\"@id\":\"https:\\\/\\\/akunq.net\\\/tr\\\/#website\"},\"primaryImageOfPage\":{\"@id\":\"https:\\\/\\\/akunq.net\\\/tr\\\/?p=62093#primaryimage\"},\"image\":{\"@id\":\"https:\\\/\\\/akunq.net\\\/tr\\\/?p=62093#primaryimage\"},\"thumbnailUrl\":\"https:\\\/\\\/akunq.net\\\/tr\\\/wp-content\\\/uploads\\\/sites\\\/6\\\/2021\\\/03\\\/Yildiz-Sarayi.png\",\"datePublished\":\"2021-03-26T09:54:51+00:00\",\"dateModified\":\"2021-03-26T09:59:09+00:00\",\"author\":{\"@id\":\"https:\\\/\\\/akunq.net\\\/tr\\\/#\\\/schema\\\/person\\\/096f1d38a12cce57fb855b485ed24c9e\"},\"breadcrumb\":{\"@id\":\"https:\\\/\\\/akunq.net\\\/tr\\\/?p=62093#breadcrumb\"},\"inLanguage\":\"en-US\",\"potentialAction\":[{\"@type\":\"ReadAction\",\"target\":[\"https:\\\/\\\/akunq.net\\\/tr\\\/?p=62093\"]}]},{\"@type\":\"ImageObject\",\"inLanguage\":\"en-US\",\"@id\":\"https:\\\/\\\/akunq.net\\\/tr\\\/?p=62093#primaryimage\",\"url\":\"https:\\\/\\\/akunq.net\\\/tr\\\/wp-content\\\/uploads\\\/sites\\\/6\\\/2021\\\/03\\\/Yildiz-Sarayi.png\",\"contentUrl\":\"https:\\\/\\\/akunq.net\\\/tr\\\/wp-content\\\/uploads\\\/sites\\\/6\\\/2021\\\/03\\\/Yildiz-Sarayi.png\",\"width\":1368,\"height\":911},{\"@type\":\"BreadcrumbList\",\"@id\":\"https:\\\/\\\/akunq.net\\\/tr\\\/?p=62093#breadcrumb\",\"itemListElement\":[{\"@type\":\"ListItem\",\"position\":1,\"name\":\"Home\",\"item\":\"https:\\\/\\\/akunq.net\\\/tr\"},{\"@type\":\"ListItem\",\"position\":2,\"name\":\"Y\u0131ld\u0131z Saray\u0131&#8217;nda bir cinayet davas\u0131 soru\u015fturmas\u0131n\u0131n gizemi\"}]},{\"@type\":\"WebSite\",\"@id\":\"https:\\\/\\\/akunq.net\\\/tr\\\/#website\",\"url\":\"https:\\\/\\\/akunq.net\\\/tr\\\/\",\"name\":\"Bati Ermenistan Ve Bati Ermenileri Sorunlari Ara\u015ftirmalar Merkezi\",\"description\":\"\",\"potentialAction\":[{\"@type\":\"SearchAction\",\"target\":{\"@type\":\"EntryPoint\",\"urlTemplate\":\"https:\\\/\\\/akunq.net\\\/tr\\\/?s={search_term_string}\"},\"query-input\":{\"@type\":\"PropertyValueSpecification\",\"valueRequired\":true,\"valueName\":\"search_term_string\"}}],\"inLanguage\":\"en-US\"},{\"@type\":\"Person\",\"@id\":\"https:\\\/\\\/akunq.net\\\/tr\\\/#\\\/schema\\\/person\\\/096f1d38a12cce57fb855b485ed24c9e\",\"name\":\"admin\",\"url\":\"https:\\\/\\\/akunq.net\\\/tr\\\/?author=7\"}]}<\/script>\n<!-- \/ Yoast SEO plugin. -->","yoast_head_json":{"title":"Y\u0131ld\u0131z Saray\u0131'nda bir cinayet davas\u0131 soru\u015fturmas\u0131n\u0131n gizemi - Bati Ermenistan Ve Bati Ermenileri Sorunlari Ara\u015ftirmalar Merkezi","robots":{"index":"index","follow":"follow","max-snippet":"max-snippet:-1","max-image-preview":"max-image-preview:large","max-video-preview":"max-video-preview:-1"},"canonical":"https:\/\/akunq.net\/tr\/?p=62093","og_locale":"en_US","og_type":"article","og_title":"Y\u0131ld\u0131z Saray\u0131'nda bir cinayet davas\u0131 soru\u015fturmas\u0131n\u0131n gizemi - Bati Ermenistan Ve Bati Ermenileri Sorunlari Ara\u015ftirmalar Merkezi","og_description":"T\u00fcm hayat\u0131n\u0131 devlet hizmetine adam\u0131\u015f Mithat Pa\u015fa neden \u00f6ld\u00fcr\u00fcld\u00fc? Sultan Abd\u00fclhamid idam cezas\u0131na ra\u011fmen neden affetti ve Mithat Pa\u015fa&#8217;n\u0131n iddia edildi\u011fi gibi Sultan Abd\u00fclaziz&#8217;in \u00f6l\u00fcm\u00fcnde parma\u011f\u0131 var m\u0131yd\u0131? Mehmed Mazlum \u00c7elik\u00a0@mehmedmazlumcel\u00a0 Demokrat Parti&#8216;nin Tek Parti rejimini y\u0131kt\u0131\u011f\u0131 1950 senesi sonras\u0131nda bir\u00e7ok yanl\u0131\u015f uygulamadan s\u00fcratle geri d\u00f6n\u00fcld\u00fc. T\u00fcrk\u00e7e ezan\u00a0gibi hilkat garibesi baz\u0131 uygulamalardan vazge\u00e7ildi\u011fi gibi bir\u00e7ok [&hellip;]","og_url":"https:\/\/akunq.net\/tr\/?p=62093","og_site_name":"Bati Ermenistan Ve Bati Ermenileri Sorunlari Ara\u015ftirmalar Merkezi","article_published_time":"2021-03-26T09:54:51+00:00","article_modified_time":"2021-03-26T09:59:09+00:00","og_image":[{"width":1368,"height":911,"url":"https:\/\/akunq.net\/tr\/wp-content\/uploads\/sites\/6\/2021\/03\/Yildiz-Sarayi.png","type":"image\/png"}],"author":"admin","twitter_card":"summary_large_image","twitter_misc":{"Written by":"admin","Est. reading time":"12 minutes"},"schema":{"@context":"https:\/\/schema.org","@graph":[{"@type":"Article","@id":"https:\/\/akunq.net\/tr\/?p=62093#article","isPartOf":{"@id":"https:\/\/akunq.net\/tr\/?p=62093"},"author":{"name":"admin","@id":"https:\/\/akunq.net\/tr\/#\/schema\/person\/096f1d38a12cce57fb855b485ed24c9e"},"headline":"Y\u0131ld\u0131z Saray\u0131&#8217;nda bir cinayet davas\u0131 soru\u015fturmas\u0131n\u0131n gizemi","datePublished":"2021-03-26T09:54:51+00:00","dateModified":"2021-03-26T09:59:09+00:00","mainEntityOfPage":{"@id":"https:\/\/akunq.net\/tr\/?p=62093"},"wordCount":2328,"commentCount":0,"image":{"@id":"https:\/\/akunq.net\/tr\/?p=62093#primaryimage"},"thumbnailUrl":"https:\/\/akunq.net\/tr\/wp-content\/uploads\/sites\/6\/2021\/03\/Yildiz-Sarayi.png","articleSection":["Haberler","Makaleler","Tarih Sayfalar\u0131"],"inLanguage":"en-US","potentialAction":[{"@type":"CommentAction","name":"Comment","target":["https:\/\/akunq.net\/tr\/?p=62093#respond"]}]},{"@type":"WebPage","@id":"https:\/\/akunq.net\/tr\/?p=62093","url":"https:\/\/akunq.net\/tr\/?p=62093","name":"Y\u0131ld\u0131z Saray\u0131'nda bir cinayet davas\u0131 soru\u015fturmas\u0131n\u0131n gizemi - Bati Ermenistan Ve Bati Ermenileri Sorunlari Ara\u015ftirmalar Merkezi","isPartOf":{"@id":"https:\/\/akunq.net\/tr\/#website"},"primaryImageOfPage":{"@id":"https:\/\/akunq.net\/tr\/?p=62093#primaryimage"},"image":{"@id":"https:\/\/akunq.net\/tr\/?p=62093#primaryimage"},"thumbnailUrl":"https:\/\/akunq.net\/tr\/wp-content\/uploads\/sites\/6\/2021\/03\/Yildiz-Sarayi.png","datePublished":"2021-03-26T09:54:51+00:00","dateModified":"2021-03-26T09:59:09+00:00","author":{"@id":"https:\/\/akunq.net\/tr\/#\/schema\/person\/096f1d38a12cce57fb855b485ed24c9e"},"breadcrumb":{"@id":"https:\/\/akunq.net\/tr\/?p=62093#breadcrumb"},"inLanguage":"en-US","potentialAction":[{"@type":"ReadAction","target":["https:\/\/akunq.net\/tr\/?p=62093"]}]},{"@type":"ImageObject","inLanguage":"en-US","@id":"https:\/\/akunq.net\/tr\/?p=62093#primaryimage","url":"https:\/\/akunq.net\/tr\/wp-content\/uploads\/sites\/6\/2021\/03\/Yildiz-Sarayi.png","contentUrl":"https:\/\/akunq.net\/tr\/wp-content\/uploads\/sites\/6\/2021\/03\/Yildiz-Sarayi.png","width":1368,"height":911},{"@type":"BreadcrumbList","@id":"https:\/\/akunq.net\/tr\/?p=62093#breadcrumb","itemListElement":[{"@type":"ListItem","position":1,"name":"Home","item":"https:\/\/akunq.net\/tr"},{"@type":"ListItem","position":2,"name":"Y\u0131ld\u0131z Saray\u0131&#8217;nda bir cinayet davas\u0131 soru\u015fturmas\u0131n\u0131n gizemi"}]},{"@type":"WebSite","@id":"https:\/\/akunq.net\/tr\/#website","url":"https:\/\/akunq.net\/tr\/","name":"Bati Ermenistan Ve Bati Ermenileri Sorunlari Ara\u015ftirmalar Merkezi","description":"","potentialAction":[{"@type":"SearchAction","target":{"@type":"EntryPoint","urlTemplate":"https:\/\/akunq.net\/tr\/?s={search_term_string}"},"query-input":{"@type":"PropertyValueSpecification","valueRequired":true,"valueName":"search_term_string"}}],"inLanguage":"en-US"},{"@type":"Person","@id":"https:\/\/akunq.net\/tr\/#\/schema\/person\/096f1d38a12cce57fb855b485ed24c9e","name":"admin","url":"https:\/\/akunq.net\/tr\/?author=7"}]}},"_links":{"self":[{"href":"https:\/\/akunq.net\/tr\/index.php?rest_route=\/wp\/v2\/posts\/62093","targetHints":{"allow":["GET"]}}],"collection":[{"href":"https:\/\/akunq.net\/tr\/index.php?rest_route=\/wp\/v2\/posts"}],"about":[{"href":"https:\/\/akunq.net\/tr\/index.php?rest_route=\/wp\/v2\/types\/post"}],"author":[{"embeddable":true,"href":"https:\/\/akunq.net\/tr\/index.php?rest_route=\/wp\/v2\/users\/7"}],"replies":[{"embeddable":true,"href":"https:\/\/akunq.net\/tr\/index.php?rest_route=%2Fwp%2Fv2%2Fcomments&post=62093"}],"version-history":[{"count":2,"href":"https:\/\/akunq.net\/tr\/index.php?rest_route=\/wp\/v2\/posts\/62093\/revisions"}],"predecessor-version":[{"id":62097,"href":"https:\/\/akunq.net\/tr\/index.php?rest_route=\/wp\/v2\/posts\/62093\/revisions\/62097"}],"wp:featuredmedia":[{"embeddable":true,"href":"https:\/\/akunq.net\/tr\/index.php?rest_route=\/wp\/v2\/media\/62094"}],"wp:attachment":[{"href":"https:\/\/akunq.net\/tr\/index.php?rest_route=%2Fwp%2Fv2%2Fmedia&parent=62093"}],"wp:term":[{"taxonomy":"category","embeddable":true,"href":"https:\/\/akunq.net\/tr\/index.php?rest_route=%2Fwp%2Fv2%2Fcategories&post=62093"},{"taxonomy":"post_tag","embeddable":true,"href":"https:\/\/akunq.net\/tr\/index.php?rest_route=%2Fwp%2Fv2%2Ftags&post=62093"}],"curies":[{"name":"wp","href":"https:\/\/api.w.org\/{rel}","templated":true}]}}